{"id":13702,"date":"2021-12-02T13:07:00","date_gmt":"2021-12-02T13:07:00","guid":{"rendered":"https:\/\/algarve7.pt\/?p=13702"},"modified":"2021-12-02T13:07:03","modified_gmt":"2021-12-02T13:07:03","slug":"municipio-de-silves-lanca-projeto-vem-bater-a-minha-porta-dirigido-a-comunidade-senior","status":"publish","type":"post","link":"https:\/\/algarve7.pt\/index.php\/2021\/12\/municipio-de-silves-lanca-projeto-vem-bater-a-minha-porta-dirigido-a-comunidade-senior\/atualidade\/13\/07\/","title":{"rendered":"Munic\u00edpio de Silves lan\u00e7a projeto \u201cvem bater \u00e0 minha porta\u201d dirigido \u00e0 comunidade s\u00e9nior"},"content":{"rendered":"\n<p>A C\u00e2mara Municipal de Silves implementou atrav\u00e9s dos Polos de Educa\u00e7\u00e3o ao Longo da Vida, o projeto&nbsp;\u201cVem bater \u00e0 minha porta\u201d. Esta iniciativa tem&nbsp;como objetivo estimular a mem\u00f3ria e dar resposta ao isolamento da popula\u00e7\u00e3o mais idosa no concelho.<\/p>\n\n\n\n<p>Trata-se de um novo projeto de anima\u00e7\u00e3o comunit\u00e1ria, dinamizado atrav\u00e9s de visitas domicili\u00e1rias, onde ser\u00e1 trabalhado o desgaste neurol\u00f3gico dos mais idosos, atrav\u00e9s de jogos com imagens de tempos livres, de animais de estima\u00e7\u00e3o, de mem\u00f3rias e de curiosidades, pondo assim, em funcionamento as capacidades intelectuais e de linguagem dos participantes.<\/p>\n\n\n\n<p>Para irmos bater \u00e0 sua porta, fa\u00e7a a inscri\u00e7\u00e3o, ou pe\u00e7a a um familiar para o fazer, atrav\u00e9s do Setor&nbsp;de Educa\u00e7\u00e3o do Munic\u00edpio de Silves, localizado na rua Jo\u00e3o de Deus, n.\u00ba 16 (ao lado da Junta de Freguesia de Silves), ou atrav\u00e9s do telefone 282 440 815 (dentro do per\u00edodo de funcionamento das 9h00 \u00e0s 17h00).<\/p>\n","protected":false},"excerpt":{"rendered":"<p>A C\u00e2mara Municipal de Silves implementou atrav\u00e9s dos Polos de Educa\u00e7\u00e3o ao Longo da Vida, o projeto&nbsp;\u201cVem bater \u00e0 minha<\/p>\n","protected":false},"author":1,"featured_media":13703,"comment_status":"open","ping_status":"open","sticky":false,"template":"","format":"standard","meta":{"colormag_page_container_layout":"default_layout","colormag_page_sidebar_layout":"default_layout","_monsterinsights_skip_tracking":false,"_monsterinsights_sitenote_active":false,"_monsterinsights_sitenote_note":"","_monsterinsights_sitenote_category":0,"jetpack_post_was_ever_published":false,"_jetpack_newsletter_access":"","_jetpack_dont_email_post_to_subs":false,"_jetpack_newsletter_tier_id":0,"_jetpack_memberships_contains_paywalled_content":false,"_jetpack_memberships_contains_paid_content":false,"footnotes":"","jetpack_publicize_message":"","jetpack_publicize_feature_enabled":true,"jetpack_social_post_already_shared":true,"jetpack_social_options":{"image_generator_settings":{"template":"highway","default_image_id":0,"font":"","enabled":false},"version":2}},"categories":[11],"tags":[36,62,42],"class_list":["post-13702","post","type-post","status-publish","format-standard","has-post-thumbnail","hentry","category-atualidade","tag-algarve","tag-atualidade","tag-silves"],"yoast_head":"<!-- This site is optimized with the Yoast SEO plugin v27.5 - https:\/\/yoast.com\/product\/yoast-seo-wordpress\/ -->\n<title>Munic\u00edpio de Silves lan\u00e7a projeto \u201cvem bater \u00e0 minha porta\u201d dirigido \u00e0 comunidade s\u00e9nior - Algarve 7<\/title>\n<meta name=\"description\" content=\"Munic\u00edpio de Silves lan\u00e7a projeto \u201cvem bater \u00e0 minha porta\u201d dirigido \u00e0 comunidade s\u00e9nior Atualidade\" \/>\n<meta name=\"robots\" content=\"index, follow, max-snippet:-1, max-image-preview:large, max-video-preview:-1\" \/>\n<link rel=\"canonical\" href=\"https:\/\/algarve7.pt\/index.php\/2021\/12\/municipio-de-silves-lanca-projeto-vem-bater-a-minha-porta-dirigido-a-comunidade-senior\/atualidade\/13\/07\/\" \/>\n<meta property=\"og:locale\" content=\"pt_PT\" \/>\n<meta property=\"og:type\" content=\"article\" \/>\n<meta property=\"og:title\" content=\"Munic\u00edpio de Silves lan\u00e7a projeto \u201cvem bater \u00e0 minha porta\u201d dirigido \u00e0 comunidade s\u00e9nior - Algarve 7\" \/>\n<meta property=\"og:description\" content=\"Munic\u00edpio de Silves lan\u00e7a projeto \u201cvem bater \u00e0 minha porta\u201d dirigido \u00e0 comunidade s\u00e9nior Atualidade\" \/>\n<meta property=\"og:url\" content=\"https:\/\/algarve7.pt\/index.php\/2021\/12\/municipio-de-silves-lanca-projeto-vem-bater-a-minha-porta-dirigido-a-comunidade-senior\/atualidade\/13\/07\/\" \/>\n<meta property=\"og:site_name\" content=\"Algarve 7\" \/>\n<meta property=\"article:publisher\" content=\"https:\/\/www.facebook.com\/algarve7\" \/>\n<meta property=\"article:author\" content=\"https:\/\/www.facebook.com\/algarve7\" \/>\n<meta property=\"article:published_time\" content=\"2021-12-02T13:07:00+00:00\" \/>\n<meta property=\"article:modified_time\" content=\"2021-12-02T13:07:03+00:00\" \/>\n<meta property=\"og:image\" content=\"https:\/\/algarve7.pt\/wp-content\/uploads\/2021\/12\/Vem-bater-a-minha-porta_NOTICIA.jpg\" \/>\n\t<meta property=\"og:image:width\" content=\"1280\" \/>\n\t<meta property=\"og:image:height\" content=\"620\" \/>\n\t<meta property=\"og:image:type\" content=\"image\/jpeg\" \/>\n<meta name=\"author\" content=\"Algarve 7\" \/>\n<meta name=\"twitter:card\" content=\"summary_large_image\" \/>\n<meta name=\"twitter:creator\" content=\"@Algarvesete\" \/>\n<meta name=\"twitter:site\" content=\"@Algarvesete\" \/>\n<meta name=\"twitter:label1\" content=\"Escrito por\" \/>\n\t<meta name=\"twitter:data1\" content=\"Algarve 7\" \/>\n\t<meta name=\"twitter:label2\" content=\"Tempo estimado de leitura\" \/>\n\t<meta name=\"twitter:data2\" content=\"1 minuto\" \/>\n<script type=\"application\/ld+json\" class=\"yoast-schema-graph\">{\"@context\":\"https:\\\/\\\/schema.org\",\"@graph\":[{\"@type\":\"Article\",\"@id\":\"https:\\\/\\\/algarve7.pt\\\/index.php\\\/2021\\\/12\\\/municipio-de-silves-lanca-projeto-vem-bater-a-minha-porta-dirigido-a-comunidade-senior\\\/atualidade\\\/13\\\/07\\\/#article\",\"isPartOf\":{\"@id\":\"https:\\\/\\\/algarve7.pt\\\/index.php\\\/2021\\\/12\\\/municipio-de-silves-lanca-projeto-vem-bater-a-minha-porta-dirigido-a-comunidade-senior\\\/atualidade\\\/13\\\/07\\\/\"},\"author\":{\"name\":\"Algarve 7\",\"@id\":\"https:\\\/\\\/algarve7.pt\\\/#\\\/schema\\\/person\\\/23fa70681308e7b319a3204bcea45e0c\"},\"headline\":\"Munic\u00edpio de Silves lan\u00e7a projeto \u201cvem bater \u00e0 minha porta\u201d dirigido \u00e0 comunidade s\u00e9nior\",\"datePublished\":\"2021-12-02T13:07:00+00:00\",\"dateModified\":\"2021-12-02T13:07:03+00:00\",\"mainEntityOfPage\":{\"@id\":\"https:\\\/\\\/algarve7.pt\\\/index.php\\\/2021\\\/12\\\/municipio-de-silves-lanca-projeto-vem-bater-a-minha-porta-dirigido-a-comunidade-senior\\\/atualidade\\\/13\\\/07\\\/\"},\"wordCount\":184,\"commentCount\":0,\"publisher\":{\"@id\":\"https:\\\/\\\/algarve7.pt\\\/#organization\"},\"image\":{\"@id\":\"https:\\\/\\\/algarve7.pt\\\/index.php\\\/2021\\\/12\\\/municipio-de-silves-lanca-projeto-vem-bater-a-minha-porta-dirigido-a-comunidade-senior\\\/atualidade\\\/13\\\/07\\\/#primaryimage\"},\"thumbnailUrl\":\"https:\\\/\\\/algarve7.pt\\\/wp-content\\\/uploads\\\/2021\\\/12\\\/Vem-bater-a-minha-porta_NOTICIA.jpg\",\"keywords\":[\"Algarve\",\"Atualidade\",\"Silves\"],\"articleSection\":[\"Atualidade\"],\"inLanguage\":\"pt-PT\",\"potentialAction\":[{\"@type\":\"CommentAction\",\"name\":\"Comment\",\"target\":[\"https:\\\/\\\/algarve7.pt\\\/index.php\\\/2021\\\/12\\\/municipio-de-silves-lanca-projeto-vem-bater-a-minha-porta-dirigido-a-comunidade-senior\\\/atualidade\\\/13\\\/07\\\/#respond\"]}]},{\"@type\":\"WebPage\",\"@id\":\"https:\\\/\\\/algarve7.pt\\\/index.php\\\/2021\\\/12\\\/municipio-de-silves-lanca-projeto-vem-bater-a-minha-porta-dirigido-a-comunidade-senior\\\/atualidade\\\/13\\\/07\\\/\",\"url\":\"https:\\\/\\\/algarve7.pt\\\/index.php\\\/2021\\\/12\\\/municipio-de-silves-lanca-projeto-vem-bater-a-minha-porta-dirigido-a-comunidade-senior\\\/atualidade\\\/13\\\/07\\\/\",\"name\":\"Munic\u00edpio de Silves lan\u00e7a projeto \u201cvem bater \u00e0 minha porta\u201d dirigido \u00e0 comunidade s\u00e9nior - Algarve 7\",\"isPartOf\":{\"@id\":\"https:\\\/\\\/algarve7.pt\\\/#website\"},\"primaryImageOfPage\":{\"@id\":\"https:\\\/\\\/algarve7.pt\\\/index.php\\\/2021\\\/12\\\/municipio-de-silves-lanca-projeto-vem-bater-a-minha-porta-dirigido-a-comunidade-senior\\\/atualidade\\\/13\\\/07\\\/#primaryimage\"},\"image\":{\"@id\":\"https:\\\/\\\/algarve7.pt\\\/index.php\\\/2021\\\/12\\\/municipio-de-silves-lanca-projeto-vem-bater-a-minha-porta-dirigido-a-comunidade-senior\\\/atualidade\\\/13\\\/07\\\/#primaryimage\"},\"thumbnailUrl\":\"https:\\\/\\\/algarve7.pt\\\/wp-content\\\/uploads\\\/2021\\\/12\\\/Vem-bater-a-minha-porta_NOTICIA.jpg\",\"datePublished\":\"2021-12-02T13:07:00+00:00\",\"dateModified\":\"2021-12-02T13:07:03+00:00\",\"description\":\"Munic\u00edpio de Silves lan\u00e7a projeto \u201cvem bater \u00e0 minha porta\u201d dirigido \u00e0 comunidade s\u00e9nior Atualidade\",\"breadcrumb\":{\"@id\":\"https:\\\/\\\/algarve7.pt\\\/index.php\\\/2021\\\/12\\\/municipio-de-silves-lanca-projeto-vem-bater-a-minha-porta-dirigido-a-comunidade-senior\\\/atualidade\\\/13\\\/07\\\/#breadcrumb\"},\"inLanguage\":\"pt-PT\",\"potentialAction\":[{\"@type\":\"ReadAction\",\"target\":[\"https:\\\/\\\/algarve7.pt\\\/index.php\\\/2021\\\/12\\\/municipio-de-silves-lanca-projeto-vem-bater-a-minha-porta-dirigido-a-comunidade-senior\\\/atualidade\\\/13\\\/07\\\/\"]}]},{\"@type\":\"ImageObject\",\"inLanguage\":\"pt-PT\",\"@id\":\"https:\\\/\\\/algarve7.pt\\\/index.php\\\/2021\\\/12\\\/municipio-de-silves-lanca-projeto-vem-bater-a-minha-porta-dirigido-a-comunidade-senior\\\/atualidade\\\/13\\\/07\\\/#primaryimage\",\"url\":\"https:\\\/\\\/algarve7.pt\\\/wp-content\\\/uploads\\\/2021\\\/12\\\/Vem-bater-a-minha-porta_NOTICIA.jpg\",\"contentUrl\":\"https:\\\/\\\/algarve7.pt\\\/wp-content\\\/uploads\\\/2021\\\/12\\\/Vem-bater-a-minha-porta_NOTICIA.jpg\",\"width\":1280,\"height\":620},{\"@type\":\"BreadcrumbList\",\"@id\":\"https:\\\/\\\/algarve7.pt\\\/index.php\\\/2021\\\/12\\\/municipio-de-silves-lanca-projeto-vem-bater-a-minha-porta-dirigido-a-comunidade-senior\\\/atualidade\\\/13\\\/07\\\/#breadcrumb\",\"itemListElement\":[{\"@type\":\"ListItem\",\"position\":1,\"name\":\"In\u00edcio\",\"item\":\"https:\\\/\\\/algarve7.pt\\\/\"},{\"@type\":\"ListItem\",\"position\":2,\"name\":\"Munic\u00edpio de Silves lan\u00e7a projeto \u201cvem bater \u00e0 minha porta\u201d dirigido \u00e0 comunidade s\u00e9nior\"}]},{\"@type\":\"WebSite\",\"@id\":\"https:\\\/\\\/algarve7.pt\\\/#website\",\"url\":\"https:\\\/\\\/algarve7.pt\\\/\",\"name\":\"Algarve 7\",\"description\":\"Informa\u00e7\u00e3o sobre o Algarve\",\"publisher\":{\"@id\":\"https:\\\/\\\/algarve7.pt\\\/#organization\"},\"potentialAction\":[{\"@type\":\"SearchAction\",\"target\":{\"@type\":\"EntryPoint\",\"urlTemplate\":\"https:\\\/\\\/algarve7.pt\\\/?s={search_term_string}\"},\"query-input\":{\"@type\":\"PropertyValueSpecification\",\"valueRequired\":true,\"valueName\":\"search_term_string\"}}],\"inLanguage\":\"pt-PT\"},{\"@type\":\"Organization\",\"@id\":\"https:\\\/\\\/algarve7.pt\\\/#organization\",\"name\":\"Algarve 7\",\"url\":\"https:\\\/\\\/algarve7.pt\\\/\",\"logo\":{\"@type\":\"ImageObject\",\"inLanguage\":\"pt-PT\",\"@id\":\"https:\\\/\\\/algarve7.pt\\\/#\\\/schema\\\/logo\\\/image\\\/\",\"url\":\"https:\\\/\\\/algarve7.pt\\\/wp-content\\\/uploads\\\/2020\\\/10\\\/Logo-8.jpg\",\"contentUrl\":\"https:\\\/\\\/algarve7.pt\\\/wp-content\\\/uploads\\\/2020\\\/10\\\/Logo-8.jpg\",\"width\":1680,\"height\":1186,\"caption\":\"Algarve 7\"},\"image\":{\"@id\":\"https:\\\/\\\/algarve7.pt\\\/#\\\/schema\\\/logo\\\/image\\\/\"},\"sameAs\":[\"https:\\\/\\\/www.facebook.com\\\/algarve7\",\"https:\\\/\\\/x.com\\\/Algarvesete\",\"https:\\\/\\\/www.instagram.com\\\/jornalalgarve7\\\/\",\"https:\\\/\\\/www.linkedin.com\\\/company\\\/algarve7\",\"https:\\\/\\\/www.pinterest.pt\\\/geral0939\\\/_created\\\/\"]},{\"@type\":\"Person\",\"@id\":\"https:\\\/\\\/algarve7.pt\\\/#\\\/schema\\\/person\\\/23fa70681308e7b319a3204bcea45e0c\",\"name\":\"Algarve 7\",\"sameAs\":[\"https:\\\/\\\/algarve7.pt\",\"https:\\\/\\\/www.facebook.com\\\/algarve7\"],\"url\":\"https:\\\/\\\/algarve7.pt\\\/index.php\\\/author\\\/geralalgarve7-pt\\\/\"}]}<\/script>\n<!-- \/ Yoast SEO plugin. -->","yoast_head_json":{"title":"Munic\u00edpio de Silves lan\u00e7a projeto \u201cvem bater \u00e0 minha porta\u201d dirigido \u00e0 comunidade s\u00e9nior - Algarve 7","description":"Munic\u00edpio de Silves lan\u00e7a projeto \u201cvem bater \u00e0 minha porta\u201d dirigido \u00e0 comunidade s\u00e9nior Atualidade","robots":{"index":"index","follow":"follow","max-snippet":"max-snippet:-1","max-image-preview":"max-image-preview:large","max-video-preview":"max-video-preview:-1"},"canonical":"https:\/\/algarve7.pt\/index.php\/2021\/12\/municipio-de-silves-lanca-projeto-vem-bater-a-minha-porta-dirigido-a-comunidade-senior\/atualidade\/13\/07\/","og_locale":"pt_PT","og_type":"article","og_title":"Munic\u00edpio de Silves lan\u00e7a projeto \u201cvem bater \u00e0 minha porta\u201d dirigido \u00e0 comunidade s\u00e9nior - Algarve 7","og_description":"Munic\u00edpio de Silves lan\u00e7a projeto \u201cvem bater \u00e0 minha porta\u201d dirigido \u00e0 comunidade s\u00e9nior Atualidade","og_url":"https:\/\/algarve7.pt\/index.php\/2021\/12\/municipio-de-silves-lanca-projeto-vem-bater-a-minha-porta-dirigido-a-comunidade-senior\/atualidade\/13\/07\/","og_site_name":"Algarve 7","article_publisher":"https:\/\/www.facebook.com\/algarve7","article_author":"https:\/\/www.facebook.com\/algarve7","article_published_time":"2021-12-02T13:07:00+00:00","article_modified_time":"2021-12-02T13:07:03+00:00","og_image":[{"width":1280,"height":620,"url":"https:\/\/algarve7.pt\/wp-content\/uploads\/2021\/12\/Vem-bater-a-minha-porta_NOTICIA.jpg","type":"image\/jpeg"}],"author":"Algarve 7","twitter_card":"summary_large_image","twitter_creator":"@Algarvesete","twitter_site":"@Algarvesete","twitter_misc":{"Escrito por":"Algarve 7","Tempo estimado de leitura":"1 minuto"},"schema":{"@context":"https:\/\/schema.org","@graph":[{"@type":"Article","@id":"https:\/\/algarve7.pt\/index.php\/2021\/12\/municipio-de-silves-lanca-projeto-vem-bater-a-minha-porta-dirigido-a-comunidade-senior\/atualidade\/13\/07\/#article","isPartOf":{"@id":"https:\/\/algarve7.pt\/index.php\/2021\/12\/municipio-de-silves-lanca-projeto-vem-bater-a-minha-porta-dirigido-a-comunidade-senior\/atualidade\/13\/07\/"},"author":{"name":"Algarve 7","@id":"https:\/\/algarve7.pt\/#\/schema\/person\/23fa70681308e7b319a3204bcea45e0c"},"headline":"Munic\u00edpio de Silves lan\u00e7a projeto \u201cvem bater \u00e0 minha porta\u201d dirigido \u00e0 comunidade s\u00e9nior","datePublished":"2021-12-02T13:07:00+00:00","dateModified":"2021-12-02T13:07:03+00:00","mainEntityOfPage":{"@id":"https:\/\/algarve7.pt\/index.php\/2021\/12\/municipio-de-silves-lanca-projeto-vem-bater-a-minha-porta-dirigido-a-comunidade-senior\/atualidade\/13\/07\/"},"wordCount":184,"commentCount":0,"publisher":{"@id":"https:\/\/algarve7.pt\/#organization"},"image":{"@id":"https:\/\/algarve7.pt\/index.php\/2021\/12\/municipio-de-silves-lanca-projeto-vem-bater-a-minha-porta-dirigido-a-comunidade-senior\/atualidade\/13\/07\/#primaryimage"},"thumbnailUrl":"https:\/\/algarve7.pt\/wp-content\/uploads\/2021\/12\/Vem-bater-a-minha-porta_NOTICIA.jpg","keywords":["Algarve","Atualidade","Silves"],"articleSection":["Atualidade"],"inLanguage":"pt-PT","potentialAction":[{"@type":"CommentAction","name":"Comment","target":["https:\/\/algarve7.pt\/index.php\/2021\/12\/municipio-de-silves-lanca-projeto-vem-bater-a-minha-porta-dirigido-a-comunidade-senior\/atualidade\/13\/07\/#respond"]}]},{"@type":"WebPage","@id":"https:\/\/algarve7.pt\/index.php\/2021\/12\/municipio-de-silves-lanca-projeto-vem-bater-a-minha-porta-dirigido-a-comunidade-senior\/atualidade\/13\/07\/","url":"https:\/\/algarve7.pt\/index.php\/2021\/12\/municipio-de-silves-lanca-projeto-vem-bater-a-minha-porta-dirigido-a-comunidade-senior\/atualidade\/13\/07\/","name":"Munic\u00edpio de Silves lan\u00e7a projeto \u201cvem bater \u00e0 minha porta\u201d dirigido \u00e0 comunidade s\u00e9nior - Algarve 7","isPartOf":{"@id":"https:\/\/algarve7.pt\/#website"},"primaryImageOfPage":{"@id":"https:\/\/algarve7.pt\/index.php\/2021\/12\/municipio-de-silves-lanca-projeto-vem-bater-a-minha-porta-dirigido-a-comunidade-senior\/atualidade\/13\/07\/#primaryimage"},"image":{"@id":"https:\/\/algarve7.pt\/index.php\/2021\/12\/municipio-de-silves-lanca-projeto-vem-bater-a-minha-porta-dirigido-a-comunidade-senior\/atualidade\/13\/07\/#primaryimage"},"thumbnailUrl":"https:\/\/algarve7.pt\/wp-content\/uploads\/2021\/12\/Vem-bater-a-minha-porta_NOTICIA.jpg","datePublished":"2021-12-02T13:07:00+00:00","dateModified":"2021-12-02T13:07:03+00:00","description":"Munic\u00edpio de Silves lan\u00e7a projeto \u201cvem bater \u00e0 minha porta\u201d dirigido \u00e0 comunidade s\u00e9nior Atualidade","breadcrumb":{"@id":"https:\/\/algarve7.pt\/index.php\/2021\/12\/municipio-de-silves-lanca-projeto-vem-bater-a-minha-porta-dirigido-a-comunidade-senior\/atualidade\/13\/07\/#breadcrumb"},"inLanguage":"pt-PT","potentialAction":[{"@type":"ReadAction","target":["https:\/\/algarve7.pt\/index.php\/2021\/12\/municipio-de-silves-lanca-projeto-vem-bater-a-minha-porta-dirigido-a-comunidade-senior\/atualidade\/13\/07\/"]}]},{"@type":"ImageObject","inLanguage":"pt-PT","@id":"https:\/\/algarve7.pt\/index.php\/2021\/12\/municipio-de-silves-lanca-projeto-vem-bater-a-minha-porta-dirigido-a-comunidade-senior\/atualidade\/13\/07\/#primaryimage","url":"https:\/\/algarve7.pt\/wp-content\/uploads\/2021\/12\/Vem-bater-a-minha-porta_NOTICIA.jpg","contentUrl":"https:\/\/algarve7.pt\/wp-content\/uploads\/2021\/12\/Vem-bater-a-minha-porta_NOTICIA.jpg","width":1280,"height":620},{"@type":"BreadcrumbList","@id":"https:\/\/algarve7.pt\/index.php\/2021\/12\/municipio-de-silves-lanca-projeto-vem-bater-a-minha-porta-dirigido-a-comunidade-senior\/atualidade\/13\/07\/#breadcrumb","itemListElement":[{"@type":"ListItem","position":1,"name":"In\u00edcio","item":"https:\/\/algarve7.pt\/"},{"@type":"ListItem","position":2,"name":"Munic\u00edpio de Silves lan\u00e7a projeto \u201cvem bater \u00e0 minha porta\u201d dirigido \u00e0 comunidade s\u00e9nior"}]},{"@type":"WebSite","@id":"https:\/\/algarve7.pt\/#website","url":"https:\/\/algarve7.pt\/","name":"Algarve 7","description":"Informa\u00e7\u00e3o sobre o Algarve","publisher":{"@id":"https:\/\/algarve7.pt\/#organization"},"potentialAction":[{"@type":"SearchAction","target":{"@type":"EntryPoint","urlTemplate":"https:\/\/algarve7.pt\/?s={search_term_string}"},"query-input":{"@type":"PropertyValueSpecification","valueRequired":true,"valueName":"search_term_string"}}],"inLanguage":"pt-PT"},{"@type":"Organization","@id":"https:\/\/algarve7.pt\/#organization","name":"Algarve 7","url":"https:\/\/algarve7.pt\/","logo":{"@type":"ImageObject","inLanguage":"pt-PT","@id":"https:\/\/algarve7.pt\/#\/schema\/logo\/image\/","url":"https:\/\/algarve7.pt\/wp-content\/uploads\/2020\/10\/Logo-8.jpg","contentUrl":"https:\/\/algarve7.pt\/wp-content\/uploads\/2020\/10\/Logo-8.jpg","width":1680,"height":1186,"caption":"Algarve 7"},"image":{"@id":"https:\/\/algarve7.pt\/#\/schema\/logo\/image\/"},"sameAs":["https:\/\/www.facebook.com\/algarve7","https:\/\/x.com\/Algarvesete","https:\/\/www.instagram.com\/jornalalgarve7\/","https:\/\/www.linkedin.com\/company\/algarve7","https:\/\/www.pinterest.pt\/geral0939\/_created\/"]},{"@type":"Person","@id":"https:\/\/algarve7.pt\/#\/schema\/person\/23fa70681308e7b319a3204bcea45e0c","name":"Algarve 7","sameAs":["https:\/\/algarve7.pt","https:\/\/www.facebook.com\/algarve7"],"url":"https:\/\/algarve7.pt\/index.php\/author\/geralalgarve7-pt\/"}]}},"jetpack_publicize_connections":[],"jetpack_featured_media_url":"https:\/\/algarve7.pt\/wp-content\/uploads\/2021\/12\/Vem-bater-a-minha-porta_NOTICIA.jpg","jetpack_shortlink":"https:\/\/wp.me\/pcezmW-3z0","jetpack_sharing_enabled":true,"_links":{"self":[{"href":"https:\/\/algarve7.pt\/index.php\/wp-json\/wp\/v2\/posts\/13702","targetHints":{"allow":["GET"]}}],"collection":[{"href":"https:\/\/algarve7.pt\/index.php\/wp-json\/wp\/v2\/posts"}],"about":[{"href":"https:\/\/algarve7.pt\/index.php\/wp-json\/wp\/v2\/types\/post"}],"author":[{"embeddable":true,"href":"https:\/\/algarve7.pt\/index.php\/wp-json\/wp\/v2\/users\/1"}],"replies":[{"embeddable":true,"href":"https:\/\/algarve7.pt\/index.php\/wp-json\/wp\/v2\/comments?post=13702"}],"version-history":[{"count":0,"href":"https:\/\/algarve7.pt\/index.php\/wp-json\/wp\/v2\/posts\/13702\/revisions"}],"wp:featuredmedia":[{"embeddable":true,"href":"https:\/\/algarve7.pt\/index.php\/wp-json\/wp\/v2\/media\/13703"}],"wp:attachment":[{"href":"https:\/\/algarve7.pt\/index.php\/wp-json\/wp\/v2\/media?parent=13702"}],"wp:term":[{"taxonomy":"category","embeddable":true,"href":"https:\/\/algarve7.pt\/index.php\/wp-json\/wp\/v2\/categories?post=13702"},{"taxonomy":"post_tag","embeddable":true,"href":"https:\/\/algarve7.pt\/index.php\/wp-json\/wp\/v2\/tags?post=13702"}],"curies":[{"name":"wp","href":"https:\/\/api.w.org\/{rel}","templated":true}]}}