{"id":13638,"date":"2021-11-29T18:27:24","date_gmt":"2021-11-29T18:27:24","guid":{"rendered":"https:\/\/algarve7.pt\/?p=13638"},"modified":"2021-11-29T18:27:27","modified_gmt":"2021-11-29T18:27:27","slug":"portimao-entrega-premio-municipal-de-voluntariado-e-homenageia-entidades-e-cidadaos-que-se-distinguiram-nesta-area-social-no-ambito-da-covid-19","status":"publish","type":"post","link":"https:\/\/algarve7.pt\/index.php\/2021\/11\/portimao-entrega-premio-municipal-de-voluntariado-e-homenageia-entidades-e-cidadaos-que-se-distinguiram-nesta-area-social-no-ambito-da-covid-19\/atualidade\/18\/27\/","title":{"rendered":"Portim\u00e3o entrega Pr\u00e9mio Municipal de Voluntariado e homenageia entidades e cidad\u00e3os que se distinguiram nesta \u00e1rea social no \u00e2mbito da Covid-19"},"content":{"rendered":"\n<p>No Dia Internacional do Voluntariado, que se assinala a 5 de dezembro, a C\u00e2mara de Portim\u00e3o vai prestar homenagem p\u00fablica a um conjunto de associa\u00e7\u00f5es e pessoas que se t\u00eam distinguido pelo trabalho comunit\u00e1rio em per\u00edodo de pandemia, nomeadamente no fornecimento e entrega ao domic\u00edlio de refei\u00e7\u00f5es, cabazes e medicamentos e na realiza\u00e7\u00e3o de compras, entre outras a\u00e7\u00f5es, sendo revelados na ocasi\u00e3o os vencedores da terceira edi\u00e7\u00e3o do Pr\u00e9mio Municipal de Voluntariado.<\/p>\n\n\n\n<p>Marcada para as 15h00 de 5 de dezembro no audit\u00f3rio do Museu de Portim\u00e3o, esta homenagem contar\u00e1 com um momento dedicado \u00e0 partilha de testemunhos na primeira pessoa, como ser\u00e3o os casos de&nbsp;Jo\u00e3o Lagartinho (Corpo Nacional de Escutas \u2013 Agrupamento de Portim\u00e3o), Manuela Santos (C\u00e1ritas Paroquial de N\u00aa Sr\u00aa da Concei\u00e7\u00e3o \u2013 Matriz de Portim\u00e3o) e Sara Bruins (volunt\u00e1ria em nome individual),&nbsp;que falar\u00e3o sobre as suas experi\u00eancias.<\/p>\n\n\n\n<p>Ser\u00e3o homenageadas as entidades&nbsp;C\u00e1ritas Paroquial Nossa Senhora da Concei\u00e7\u00e3o \u2013 Matriz de Portim\u00e3o, ADRA \u2013 Associa\u00e7\u00e3o Adventista para o Desenvolvimento, Recursos e Assist\u00eancia, ACRA 1.\u00ba Dezembro, Associa\u00e7\u00e3o Flor Amiga, GRATO \u2013 Grupo de Apoio aos Toxicodependentes, MAPS \u2013 Movimento e Apoio \u00e0 Problem\u00e1tica da Sida, Associa\u00e7\u00e3o para o Planeamento da Fam\u00edlia &#8211; Projeto Rio, Corpo Nacional de Escutas \u2013 Agrupamento N.\u00ba 159 \u2013 Portim\u00e3o e Corpo Nacional de Escutas Agrupamento de Alvor, bem como os volunt\u00e1rios a t\u00edtulo pessoal de&nbsp;&nbsp;Sara Bruins, Miguel Andrade, Marisa Guerreiro, Jo\u00e3o Sobral, Jo\u00e3o Gouveia, Catarina Menezes, Tynara Nascente, Jos\u00e9 Brito, Aleida Monteiro, Sonia Baiona, Diogo Diniz, Cust\u00f3dia Entradas e Arnaldo Silveira, os quais ofereceram os seus pr\u00e9stimos no \u00e2mbito da Plataforma do Voluntariado de Portim\u00e3o, lan\u00e7ada recentemente pela autarquia.&nbsp;<\/p>\n\n\n\n<p>Com este gesto, o Munic\u00edpio de Portim\u00e3o pretende enaltecer publicamente a vertente do voluntariado, que em tempos de pandemia voltou a estar no centro das aten\u00e7\u00f5es enquanto ato de cidadania ativa, constituindo uma componente importante no percurso de vida dos envolvidos, ao contribuir para reduzir disparidades sociais e promover a necessidade e o dever de ajudar o pr\u00f3ximo.<\/p>\n\n\n\n<p>Ap\u00f3s o interregno verificado em 2020, quando a cerim\u00f3nia presencial foi cancelada devido \u00e0 pandemia, \u00e9 retomada este ano a apresenta\u00e7\u00e3o p\u00fablica das candidaturas ao Pr\u00e9mio Municipal de Voluntariado e entrega das duas distin\u00e7\u00f5es m\u00e1ximas e da men\u00e7\u00e3o honrosa atribu\u00eddas pelo j\u00fari, correspondentes \u00e0 edi\u00e7\u00e3o em que foi recebido o maior n\u00famero de projetos, sete a t\u00edtulo coletivo e dois a n\u00edvel individual, num total de nove.<\/p>\n\n\n\n<p>O galard\u00e3o foi criado em dezembro de 2018 pelo Munic\u00edpio de Portim\u00e3o para distinguir projetos nas \u00e1reas da solidariedade, sa\u00fade, ambiente, economia social, educa\u00e7\u00e3o e forma\u00e7\u00e3o, que promovam a melhoria da qualidade de vida de crian\u00e7as, jovens, idosos, cidad\u00e3os portadores de defici\u00eancia ou outras pessoas em situa\u00e7\u00e3o vulner\u00e1vel.<\/p>\n\n\n\n<p>O encerramento da cerim\u00f3nia de homenagem&nbsp;\u00e0s associa\u00e7\u00f5es e volunt\u00e1rios e posterior entrega do Pr\u00e9mio Municipal estar\u00e1 a cargo da presidente da C\u00e2mara de Portim\u00e3o, Isilda Gomes.<\/p>\n\n\n\n<p><strong>Workshop sobre desgaste emocional e esgotamento<\/strong><\/p>\n\n\n\n<p>Inserido na programa\u00e7\u00e3o da efem\u00e9ride, a Associa\u00e7\u00e3o Pista M\u00e1gica dinamizar\u00e1 no dia 6 de dezembro, a partir das 15h00, o workshop online \u201cGest\u00e3o emocional e burnout no voluntariado\u201d, cujo objetivo passa pela&nbsp;capacita\u00e7\u00e3o para a&nbsp;aquisi\u00e7\u00e3o de&nbsp;ferramentas que evitem situa\u00e7\u00f5es de desgaste emocional e esgotamento.<\/p>\n\n\n\n<p>A iniciativa tem como p\u00fablico-alvo os volunt\u00e1rios, devendo as inscri\u00e7\u00f5es gratuitas, embora obrigat\u00f3rias, ser feitas atrav\u00e9s da seguinte liga\u00e7\u00e3o na Internet:&nbsp;tinyurl.com\/workshoponlinevoluntariado<\/p>\n\n\n\n<p><strong>Jovens partilham experi\u00eancias internacionais<\/strong><\/p>\n\n\n\n<p>Ainda no contexto do Dia Internacional do Voluntariado,&nbsp;o Munic\u00edpio de Portim\u00e3o promover\u00e1, em parceria com a DYPALL Network, tr\u00eas sess\u00f5es presenciais onde jovens que integram o Corpo Europeu de Solidariedade, financiado pelo programa Erasmus+ da Uni\u00e3o Europeia, falar\u00e3o com os alunos das escolas profissionais do concelho sobre o impacto do voluntariado internacional nas suas vidas.<\/p>\n\n\n\n<p>O programa inclui as seguintes atividades: 3 de dezembro, \u00e0s 10h50 &#8211; testemunhos na Escola Profissional Gil Eanes; \u00e0s 16h00 &#8211; conv\u00edvio e confraterniza\u00e7\u00e3o entre os volunt\u00e1rios do Corpo Europeu de Solidariedade, oriundos de v\u00e1rias nacionalidades, na Loja Ponto JA de Portim\u00e3o; 6 de dezembro, \u00e0s 10h00 &#8211; testemunhos no Centro DUAL Portim\u00e3o; \u00e0s 14h00 &#8211; testemunhos na Escola de Hotelaria e Turismo de Portim\u00e3o.<strong><\/strong><\/p>\n\n\n\n<p><strong>Plataforma \u201cVoluntariado Portim\u00e3o\u201d<\/strong><\/p>\n\n\n\n<p>Criada pela autarquia em junho passado, a plataforma \u201cVoluntariado Portim\u00e3o\u201d disponibiliza desde ent\u00e3o um ponto de encontro entre aqueles que desejam colocar o seu tempo livre e compet\u00eancias em prol de projetos comunit\u00e1rios e as entidades locais em busca do apoio de volunt\u00e1rios.<\/p>\n\n\n\n<p>Ao longo deste per\u00edodo de funcionamento, a plataforma vem estabelecendo uma rede de vontades, ao estimular o papel determinante dos volunt\u00e1rios e das associa\u00e7\u00f5es locais na constru\u00e7\u00e3o de uma sociedade mais coesa e solid\u00e1ria, articulando a necessidade do trabalho volunt\u00e1rio com a disponibilidade existente.<\/p>\n\n\n\n<p>Trata-se de uma \u201cmontra\u201d \u00fanica de todas as institui\u00e7\u00f5es promotoras de voluntariado em Portim\u00e3o, quer sejam institui\u00e7\u00f5es, associa\u00e7\u00f5es, clubes ou entidades privadas, que desta forma possuem um espa\u00e7o privilegiado para divulgar o seu trabalho e uma ferramenta \u00fatil para angaria\u00e7\u00e3o de volunt\u00e1rios.<\/p>\n\n\n\n<p>Numa primeira fase, as entidades dever\u00e3o aceder \u00e0 plataforma (<a href=\"https:\/\/www.cm-portimao.pt\/voluntariado-portimao\" target=\"_blank\" rel=\"noreferrer noopener\">https:\/\/www.cm-portimao.pt\/voluntariado-portimao<\/a>) e preencher a ficha de inscri\u00e7\u00e3o dispon\u00edvel, indicando as \u00e1reas de interven\u00e7\u00e3o e o p\u00fablico-alvo, ao passo que os\u00a0cidad\u00e3os que queiram aderir podem inscrever-se no endere\u00e7o eletr\u00f3nico\u00a0<a href=\"https:\/\/www.cm-portimao.pt\/voluntariado-portimao\/quero-ser-voluntario\" target=\"_blank\" rel=\"noreferrer noopener\">https:\/\/www.cm-portimao.pt\/voluntariado-portimao\/quero-ser-voluntario<\/a>, passando a integrar a bolsa gerida pelos servi\u00e7os da autarquia, que ter\u00e1 em considera\u00e7\u00e3o o perfil da pessoa e as car\u00eancias existentes.\u00a0<\/p>\n\n\n\n<p>A plataforma tamb\u00e9m possibilita a divulga\u00e7\u00e3o dos projetos de voluntariado apresentados pelas entidades locais inscritas e o estabelecimento de contacto com as mesmas, al\u00e9m de apresentar&nbsp;um conjunto de funcionalidades, como o acesso a informa\u00e7\u00f5es \u00fateis na \u00e1rea do voluntariado em termos de legisla\u00e7\u00e3o, direitos e deveres, oferta formativa, not\u00edcias locais e liga\u00e7\u00f5es a n\u00edvel nacional e internacional.<\/p>\n","protected":false},"excerpt":{"rendered":"<p>No Dia Internacional do Voluntariado, que se assinala a 5 de dezembro, a C\u00e2mara de Portim\u00e3o vai prestar homenagem p\u00fablica<\/p>\n","protected":false},"author":1,"featured_media":13639,"comment_status":"open","ping_status":"open","sticky":false,"template":"","format":"standard","meta":{"colormag_page_container_layout":"default_layout","colormag_page_sidebar_layout":"default_layout","_monsterinsights_skip_tracking":false,"_monsterinsights_sitenote_active":false,"_monsterinsights_sitenote_note":"","_monsterinsights_sitenote_category":0,"jetpack_post_was_ever_published":false,"_jetpack_newsletter_access":"","_jetpack_dont_email_post_to_subs":false,"_jetpack_newsletter_tier_id":0,"_jetpack_memberships_contains_paywalled_content":false,"_jetpack_memberships_contains_paid_content":false,"footnotes":"","jetpack_publicize_message":"","jetpack_publicize_feature_enabled":true,"jetpack_social_post_already_shared":true,"jetpack_social_options":{"image_generator_settings":{"template":"highway","default_image_id":0,"font":"","enabled":false},"version":2}},"categories":[11],"tags":[36,72,80],"class_list":["post-13638","post","type-post","status-publish","format-standard","has-post-thumbnail","hentry","category-atualidade","tag-algarve","tag-portimao","tag-premio"],"yoast_head":"<!-- This site is optimized with the Yoast SEO plugin v27.5 - https:\/\/yoast.com\/product\/yoast-seo-wordpress\/ -->\n<title>Portim\u00e3o entrega Pr\u00e9mio Municipal de Voluntariado e homenageia entidades e cidad\u00e3os que se distinguiram nesta \u00e1rea social no \u00e2mbito da Covid-19 - Algarve 7<\/title>\n<meta name=\"description\" content=\"Portim\u00e3o entrega Pr\u00e9mio Municipal de Voluntariado e homenageia entidades e cidad\u00e3os que se distinguiram nesta \u00e1rea social no \u00e2mbito da Covid-19 Atualidade\" \/>\n<meta name=\"robots\" content=\"index, follow, max-snippet:-1, max-image-preview:large, max-video-preview:-1\" \/>\n<link rel=\"canonical\" href=\"https:\/\/algarve7.pt\/index.php\/2021\/11\/portimao-entrega-premio-municipal-de-voluntariado-e-homenageia-entidades-e-cidadaos-que-se-distinguiram-nesta-area-social-no-ambito-da-covid-19\/atualidade\/18\/27\/\" \/>\n<meta property=\"og:locale\" content=\"pt_PT\" \/>\n<meta property=\"og:type\" content=\"article\" \/>\n<meta property=\"og:title\" content=\"Portim\u00e3o entrega Pr\u00e9mio Municipal de Voluntariado e homenageia entidades e cidad\u00e3os que se distinguiram nesta \u00e1rea social no \u00e2mbito da Covid-19 - Algarve 7\" \/>\n<meta property=\"og:description\" content=\"Portim\u00e3o entrega Pr\u00e9mio Municipal de Voluntariado e homenageia entidades e cidad\u00e3os que se distinguiram nesta \u00e1rea social no \u00e2mbito da Covid-19 Atualidade\" \/>\n<meta property=\"og:url\" content=\"https:\/\/algarve7.pt\/index.php\/2021\/11\/portimao-entrega-premio-municipal-de-voluntariado-e-homenageia-entidades-e-cidadaos-que-se-distinguiram-nesta-area-social-no-ambito-da-covid-19\/atualidade\/18\/27\/\" \/>\n<meta property=\"og:site_name\" content=\"Algarve 7\" \/>\n<meta property=\"article:publisher\" content=\"https:\/\/www.facebook.com\/algarve7\" \/>\n<meta property=\"article:author\" content=\"https:\/\/www.facebook.com\/algarve7\" \/>\n<meta property=\"article:published_time\" content=\"2021-11-29T18:27:24+00:00\" \/>\n<meta property=\"article:modified_time\" content=\"2021-11-29T18:27:27+00:00\" \/>\n<meta property=\"og:image\" content=\"https:\/\/algarve7.pt\/wp-content\/uploads\/2021\/11\/voluntariado-Portimao.jpg\" \/>\n\t<meta property=\"og:image:width\" content=\"1280\" \/>\n\t<meta property=\"og:image:height\" content=\"853\" \/>\n\t<meta property=\"og:image:type\" content=\"image\/jpeg\" \/>\n<meta name=\"author\" content=\"Algarve 7\" \/>\n<meta name=\"twitter:card\" content=\"summary_large_image\" \/>\n<meta name=\"twitter:creator\" content=\"@Algarvesete\" \/>\n<meta name=\"twitter:site\" content=\"@Algarvesete\" \/>\n<meta name=\"twitter:label1\" content=\"Escrito por\" \/>\n\t<meta name=\"twitter:data1\" content=\"Algarve 7\" \/>\n\t<meta name=\"twitter:label2\" content=\"Tempo estimado de leitura\" \/>\n\t<meta name=\"twitter:data2\" content=\"4 minutos\" \/>\n<script type=\"application\/ld+json\" class=\"yoast-schema-graph\">{\"@context\":\"https:\\\/\\\/schema.org\",\"@graph\":[{\"@type\":\"Article\",\"@id\":\"https:\\\/\\\/algarve7.pt\\\/index.php\\\/2021\\\/11\\\/portimao-entrega-premio-municipal-de-voluntariado-e-homenageia-entidades-e-cidadaos-que-se-distinguiram-nesta-area-social-no-ambito-da-covid-19\\\/atualidade\\\/18\\\/27\\\/#article\",\"isPartOf\":{\"@id\":\"https:\\\/\\\/algarve7.pt\\\/index.php\\\/2021\\\/11\\\/portimao-entrega-premio-municipal-de-voluntariado-e-homenageia-entidades-e-cidadaos-que-se-distinguiram-nesta-area-social-no-ambito-da-covid-19\\\/atualidade\\\/18\\\/27\\\/\"},\"author\":{\"name\":\"Algarve 7\",\"@id\":\"https:\\\/\\\/algarve7.pt\\\/#\\\/schema\\\/person\\\/23fa70681308e7b319a3204bcea45e0c\"},\"headline\":\"Portim\u00e3o entrega Pr\u00e9mio Municipal de Voluntariado e homenageia entidades e cidad\u00e3os que se distinguiram nesta \u00e1rea social no \u00e2mbito da Covid-19\",\"datePublished\":\"2021-11-29T18:27:24+00:00\",\"dateModified\":\"2021-11-29T18:27:27+00:00\",\"mainEntityOfPage\":{\"@id\":\"https:\\\/\\\/algarve7.pt\\\/index.php\\\/2021\\\/11\\\/portimao-entrega-premio-municipal-de-voluntariado-e-homenageia-entidades-e-cidadaos-que-se-distinguiram-nesta-area-social-no-ambito-da-covid-19\\\/atualidade\\\/18\\\/27\\\/\"},\"wordCount\":1087,\"commentCount\":0,\"publisher\":{\"@id\":\"https:\\\/\\\/algarve7.pt\\\/#organization\"},\"image\":{\"@id\":\"https:\\\/\\\/algarve7.pt\\\/index.php\\\/2021\\\/11\\\/portimao-entrega-premio-municipal-de-voluntariado-e-homenageia-entidades-e-cidadaos-que-se-distinguiram-nesta-area-social-no-ambito-da-covid-19\\\/atualidade\\\/18\\\/27\\\/#primaryimage\"},\"thumbnailUrl\":\"https:\\\/\\\/algarve7.pt\\\/wp-content\\\/uploads\\\/2021\\\/11\\\/voluntariado-Portimao.jpg\",\"keywords\":[\"Algarve\",\"Portim\u00e3o\",\"Pr\u00e9mio\"],\"articleSection\":[\"Atualidade\"],\"inLanguage\":\"pt-PT\",\"potentialAction\":[{\"@type\":\"CommentAction\",\"name\":\"Comment\",\"target\":[\"https:\\\/\\\/algarve7.pt\\\/index.php\\\/2021\\\/11\\\/portimao-entrega-premio-municipal-de-voluntariado-e-homenageia-entidades-e-cidadaos-que-se-distinguiram-nesta-area-social-no-ambito-da-covid-19\\\/atualidade\\\/18\\\/27\\\/#respond\"]}]},{\"@type\":\"WebPage\",\"@id\":\"https:\\\/\\\/algarve7.pt\\\/index.php\\\/2021\\\/11\\\/portimao-entrega-premio-municipal-de-voluntariado-e-homenageia-entidades-e-cidadaos-que-se-distinguiram-nesta-area-social-no-ambito-da-covid-19\\\/atualidade\\\/18\\\/27\\\/\",\"url\":\"https:\\\/\\\/algarve7.pt\\\/index.php\\\/2021\\\/11\\\/portimao-entrega-premio-municipal-de-voluntariado-e-homenageia-entidades-e-cidadaos-que-se-distinguiram-nesta-area-social-no-ambito-da-covid-19\\\/atualidade\\\/18\\\/27\\\/\",\"name\":\"Portim\u00e3o entrega Pr\u00e9mio Municipal de Voluntariado e homenageia entidades e cidad\u00e3os que se distinguiram nesta \u00e1rea social no \u00e2mbito da Covid-19 - Algarve 7\",\"isPartOf\":{\"@id\":\"https:\\\/\\\/algarve7.pt\\\/#website\"},\"primaryImageOfPage\":{\"@id\":\"https:\\\/\\\/algarve7.pt\\\/index.php\\\/2021\\\/11\\\/portimao-entrega-premio-municipal-de-voluntariado-e-homenageia-entidades-e-cidadaos-que-se-distinguiram-nesta-area-social-no-ambito-da-covid-19\\\/atualidade\\\/18\\\/27\\\/#primaryimage\"},\"image\":{\"@id\":\"https:\\\/\\\/algarve7.pt\\\/index.php\\\/2021\\\/11\\\/portimao-entrega-premio-municipal-de-voluntariado-e-homenageia-entidades-e-cidadaos-que-se-distinguiram-nesta-area-social-no-ambito-da-covid-19\\\/atualidade\\\/18\\\/27\\\/#primaryimage\"},\"thumbnailUrl\":\"https:\\\/\\\/algarve7.pt\\\/wp-content\\\/uploads\\\/2021\\\/11\\\/voluntariado-Portimao.jpg\",\"datePublished\":\"2021-11-29T18:27:24+00:00\",\"dateModified\":\"2021-11-29T18:27:27+00:00\",\"description\":\"Portim\u00e3o entrega Pr\u00e9mio Municipal de Voluntariado e homenageia entidades e cidad\u00e3os que se distinguiram nesta \u00e1rea social no \u00e2mbito da Covid-19 Atualidade\",\"breadcrumb\":{\"@id\":\"https:\\\/\\\/algarve7.pt\\\/index.php\\\/2021\\\/11\\\/portimao-entrega-premio-municipal-de-voluntariado-e-homenageia-entidades-e-cidadaos-que-se-distinguiram-nesta-area-social-no-ambito-da-covid-19\\\/atualidade\\\/18\\\/27\\\/#breadcrumb\"},\"inLanguage\":\"pt-PT\",\"potentialAction\":[{\"@type\":\"ReadAction\",\"target\":[\"https:\\\/\\\/algarve7.pt\\\/index.php\\\/2021\\\/11\\\/portimao-entrega-premio-municipal-de-voluntariado-e-homenageia-entidades-e-cidadaos-que-se-distinguiram-nesta-area-social-no-ambito-da-covid-19\\\/atualidade\\\/18\\\/27\\\/\"]}]},{\"@type\":\"ImageObject\",\"inLanguage\":\"pt-PT\",\"@id\":\"https:\\\/\\\/algarve7.pt\\\/index.php\\\/2021\\\/11\\\/portimao-entrega-premio-municipal-de-voluntariado-e-homenageia-entidades-e-cidadaos-que-se-distinguiram-nesta-area-social-no-ambito-da-covid-19\\\/atualidade\\\/18\\\/27\\\/#primaryimage\",\"url\":\"https:\\\/\\\/algarve7.pt\\\/wp-content\\\/uploads\\\/2021\\\/11\\\/voluntariado-Portimao.jpg\",\"contentUrl\":\"https:\\\/\\\/algarve7.pt\\\/wp-content\\\/uploads\\\/2021\\\/11\\\/voluntariado-Portimao.jpg\",\"width\":1280,\"height\":853},{\"@type\":\"BreadcrumbList\",\"@id\":\"https:\\\/\\\/algarve7.pt\\\/index.php\\\/2021\\\/11\\\/portimao-entrega-premio-municipal-de-voluntariado-e-homenageia-entidades-e-cidadaos-que-se-distinguiram-nesta-area-social-no-ambito-da-covid-19\\\/atualidade\\\/18\\\/27\\\/#breadcrumb\",\"itemListElement\":[{\"@type\":\"ListItem\",\"position\":1,\"name\":\"In\u00edcio\",\"item\":\"https:\\\/\\\/algarve7.pt\\\/\"},{\"@type\":\"ListItem\",\"position\":2,\"name\":\"Portim\u00e3o entrega Pr\u00e9mio Municipal de Voluntariado e homenageia entidades e cidad\u00e3os que se distinguiram nesta \u00e1rea social no \u00e2mbito da Covid-19\"}]},{\"@type\":\"WebSite\",\"@id\":\"https:\\\/\\\/algarve7.pt\\\/#website\",\"url\":\"https:\\\/\\\/algarve7.pt\\\/\",\"name\":\"Algarve 7\",\"description\":\"Informa\u00e7\u00e3o sobre o Algarve\",\"publisher\":{\"@id\":\"https:\\\/\\\/algarve7.pt\\\/#organization\"},\"potentialAction\":[{\"@type\":\"SearchAction\",\"target\":{\"@type\":\"EntryPoint\",\"urlTemplate\":\"https:\\\/\\\/algarve7.pt\\\/?s={search_term_string}\"},\"query-input\":{\"@type\":\"PropertyValueSpecification\",\"valueRequired\":true,\"valueName\":\"search_term_string\"}}],\"inLanguage\":\"pt-PT\"},{\"@type\":\"Organization\",\"@id\":\"https:\\\/\\\/algarve7.pt\\\/#organization\",\"name\":\"Algarve 7\",\"url\":\"https:\\\/\\\/algarve7.pt\\\/\",\"logo\":{\"@type\":\"ImageObject\",\"inLanguage\":\"pt-PT\",\"@id\":\"https:\\\/\\\/algarve7.pt\\\/#\\\/schema\\\/logo\\\/image\\\/\",\"url\":\"https:\\\/\\\/algarve7.pt\\\/wp-content\\\/uploads\\\/2020\\\/10\\\/Logo-8.jpg\",\"contentUrl\":\"https:\\\/\\\/algarve7.pt\\\/wp-content\\\/uploads\\\/2020\\\/10\\\/Logo-8.jpg\",\"width\":1680,\"height\":1186,\"caption\":\"Algarve 7\"},\"image\":{\"@id\":\"https:\\\/\\\/algarve7.pt\\\/#\\\/schema\\\/logo\\\/image\\\/\"},\"sameAs\":[\"https:\\\/\\\/www.facebook.com\\\/algarve7\",\"https:\\\/\\\/x.com\\\/Algarvesete\",\"https:\\\/\\\/www.instagram.com\\\/jornalalgarve7\\\/\",\"https:\\\/\\\/www.linkedin.com\\\/company\\\/algarve7\",\"https:\\\/\\\/www.pinterest.pt\\\/geral0939\\\/_created\\\/\"]},{\"@type\":\"Person\",\"@id\":\"https:\\\/\\\/algarve7.pt\\\/#\\\/schema\\\/person\\\/23fa70681308e7b319a3204bcea45e0c\",\"name\":\"Algarve 7\",\"sameAs\":[\"https:\\\/\\\/algarve7.pt\",\"https:\\\/\\\/www.facebook.com\\\/algarve7\"],\"url\":\"https:\\\/\\\/algarve7.pt\\\/index.php\\\/author\\\/geralalgarve7-pt\\\/\"}]}<\/script>\n<!-- \/ Yoast SEO plugin. -->","yoast_head_json":{"title":"Portim\u00e3o entrega Pr\u00e9mio Municipal de Voluntariado e homenageia entidades e cidad\u00e3os que se distinguiram nesta \u00e1rea social no \u00e2mbito da Covid-19 - Algarve 7","description":"Portim\u00e3o entrega Pr\u00e9mio Municipal de Voluntariado e homenageia entidades e cidad\u00e3os que se distinguiram nesta \u00e1rea social no \u00e2mbito da Covid-19 Atualidade","robots":{"index":"index","follow":"follow","max-snippet":"max-snippet:-1","max-image-preview":"max-image-preview:large","max-video-preview":"max-video-preview:-1"},"canonical":"https:\/\/algarve7.pt\/index.php\/2021\/11\/portimao-entrega-premio-municipal-de-voluntariado-e-homenageia-entidades-e-cidadaos-que-se-distinguiram-nesta-area-social-no-ambito-da-covid-19\/atualidade\/18\/27\/","og_locale":"pt_PT","og_type":"article","og_title":"Portim\u00e3o entrega Pr\u00e9mio Municipal de Voluntariado e homenageia entidades e cidad\u00e3os que se distinguiram nesta \u00e1rea social no \u00e2mbito da Covid-19 - Algarve 7","og_description":"Portim\u00e3o entrega Pr\u00e9mio Municipal de Voluntariado e homenageia entidades e cidad\u00e3os que se distinguiram nesta \u00e1rea social no \u00e2mbito da Covid-19 Atualidade","og_url":"https:\/\/algarve7.pt\/index.php\/2021\/11\/portimao-entrega-premio-municipal-de-voluntariado-e-homenageia-entidades-e-cidadaos-que-se-distinguiram-nesta-area-social-no-ambito-da-covid-19\/atualidade\/18\/27\/","og_site_name":"Algarve 7","article_publisher":"https:\/\/www.facebook.com\/algarve7","article_author":"https:\/\/www.facebook.com\/algarve7","article_published_time":"2021-11-29T18:27:24+00:00","article_modified_time":"2021-11-29T18:27:27+00:00","og_image":[{"width":1280,"height":853,"url":"https:\/\/algarve7.pt\/wp-content\/uploads\/2021\/11\/voluntariado-Portimao.jpg","type":"image\/jpeg"}],"author":"Algarve 7","twitter_card":"summary_large_image","twitter_creator":"@Algarvesete","twitter_site":"@Algarvesete","twitter_misc":{"Escrito por":"Algarve 7","Tempo estimado de leitura":"4 minutos"},"schema":{"@context":"https:\/\/schema.org","@graph":[{"@type":"Article","@id":"https:\/\/algarve7.pt\/index.php\/2021\/11\/portimao-entrega-premio-municipal-de-voluntariado-e-homenageia-entidades-e-cidadaos-que-se-distinguiram-nesta-area-social-no-ambito-da-covid-19\/atualidade\/18\/27\/#article","isPartOf":{"@id":"https:\/\/algarve7.pt\/index.php\/2021\/11\/portimao-entrega-premio-municipal-de-voluntariado-e-homenageia-entidades-e-cidadaos-que-se-distinguiram-nesta-area-social-no-ambito-da-covid-19\/atualidade\/18\/27\/"},"author":{"name":"Algarve 7","@id":"https:\/\/algarve7.pt\/#\/schema\/person\/23fa70681308e7b319a3204bcea45e0c"},"headline":"Portim\u00e3o entrega Pr\u00e9mio Municipal de Voluntariado e homenageia entidades e cidad\u00e3os que se distinguiram nesta \u00e1rea social no \u00e2mbito da Covid-19","datePublished":"2021-11-29T18:27:24+00:00","dateModified":"2021-11-29T18:27:27+00:00","mainEntityOfPage":{"@id":"https:\/\/algarve7.pt\/index.php\/2021\/11\/portimao-entrega-premio-municipal-de-voluntariado-e-homenageia-entidades-e-cidadaos-que-se-distinguiram-nesta-area-social-no-ambito-da-covid-19\/atualidade\/18\/27\/"},"wordCount":1087,"commentCount":0,"publisher":{"@id":"https:\/\/algarve7.pt\/#organization"},"image":{"@id":"https:\/\/algarve7.pt\/index.php\/2021\/11\/portimao-entrega-premio-municipal-de-voluntariado-e-homenageia-entidades-e-cidadaos-que-se-distinguiram-nesta-area-social-no-ambito-da-covid-19\/atualidade\/18\/27\/#primaryimage"},"thumbnailUrl":"https:\/\/algarve7.pt\/wp-content\/uploads\/2021\/11\/voluntariado-Portimao.jpg","keywords":["Algarve","Portim\u00e3o","Pr\u00e9mio"],"articleSection":["Atualidade"],"inLanguage":"pt-PT","potentialAction":[{"@type":"CommentAction","name":"Comment","target":["https:\/\/algarve7.pt\/index.php\/2021\/11\/portimao-entrega-premio-municipal-de-voluntariado-e-homenageia-entidades-e-cidadaos-que-se-distinguiram-nesta-area-social-no-ambito-da-covid-19\/atualidade\/18\/27\/#respond"]}]},{"@type":"WebPage","@id":"https:\/\/algarve7.pt\/index.php\/2021\/11\/portimao-entrega-premio-municipal-de-voluntariado-e-homenageia-entidades-e-cidadaos-que-se-distinguiram-nesta-area-social-no-ambito-da-covid-19\/atualidade\/18\/27\/","url":"https:\/\/algarve7.pt\/index.php\/2021\/11\/portimao-entrega-premio-municipal-de-voluntariado-e-homenageia-entidades-e-cidadaos-que-se-distinguiram-nesta-area-social-no-ambito-da-covid-19\/atualidade\/18\/27\/","name":"Portim\u00e3o entrega Pr\u00e9mio Municipal de Voluntariado e homenageia entidades e cidad\u00e3os que se distinguiram nesta \u00e1rea social no \u00e2mbito da Covid-19 - Algarve 7","isPartOf":{"@id":"https:\/\/algarve7.pt\/#website"},"primaryImageOfPage":{"@id":"https:\/\/algarve7.pt\/index.php\/2021\/11\/portimao-entrega-premio-municipal-de-voluntariado-e-homenageia-entidades-e-cidadaos-que-se-distinguiram-nesta-area-social-no-ambito-da-covid-19\/atualidade\/18\/27\/#primaryimage"},"image":{"@id":"https:\/\/algarve7.pt\/index.php\/2021\/11\/portimao-entrega-premio-municipal-de-voluntariado-e-homenageia-entidades-e-cidadaos-que-se-distinguiram-nesta-area-social-no-ambito-da-covid-19\/atualidade\/18\/27\/#primaryimage"},"thumbnailUrl":"https:\/\/algarve7.pt\/wp-content\/uploads\/2021\/11\/voluntariado-Portimao.jpg","datePublished":"2021-11-29T18:27:24+00:00","dateModified":"2021-11-29T18:27:27+00:00","description":"Portim\u00e3o entrega Pr\u00e9mio Municipal de Voluntariado e homenageia entidades e cidad\u00e3os que se distinguiram nesta \u00e1rea social no \u00e2mbito da Covid-19 Atualidade","breadcrumb":{"@id":"https:\/\/algarve7.pt\/index.php\/2021\/11\/portimao-entrega-premio-municipal-de-voluntariado-e-homenageia-entidades-e-cidadaos-que-se-distinguiram-nesta-area-social-no-ambito-da-covid-19\/atualidade\/18\/27\/#breadcrumb"},"inLanguage":"pt-PT","potentialAction":[{"@type":"ReadAction","target":["https:\/\/algarve7.pt\/index.php\/2021\/11\/portimao-entrega-premio-municipal-de-voluntariado-e-homenageia-entidades-e-cidadaos-que-se-distinguiram-nesta-area-social-no-ambito-da-covid-19\/atualidade\/18\/27\/"]}]},{"@type":"ImageObject","inLanguage":"pt-PT","@id":"https:\/\/algarve7.pt\/index.php\/2021\/11\/portimao-entrega-premio-municipal-de-voluntariado-e-homenageia-entidades-e-cidadaos-que-se-distinguiram-nesta-area-social-no-ambito-da-covid-19\/atualidade\/18\/27\/#primaryimage","url":"https:\/\/algarve7.pt\/wp-content\/uploads\/2021\/11\/voluntariado-Portimao.jpg","contentUrl":"https:\/\/algarve7.pt\/wp-content\/uploads\/2021\/11\/voluntariado-Portimao.jpg","width":1280,"height":853},{"@type":"BreadcrumbList","@id":"https:\/\/algarve7.pt\/index.php\/2021\/11\/portimao-entrega-premio-municipal-de-voluntariado-e-homenageia-entidades-e-cidadaos-que-se-distinguiram-nesta-area-social-no-ambito-da-covid-19\/atualidade\/18\/27\/#breadcrumb","itemListElement":[{"@type":"ListItem","position":1,"name":"In\u00edcio","item":"https:\/\/algarve7.pt\/"},{"@type":"ListItem","position":2,"name":"Portim\u00e3o entrega Pr\u00e9mio Municipal de Voluntariado e homenageia entidades e cidad\u00e3os que se distinguiram nesta \u00e1rea social no \u00e2mbito da Covid-19"}]},{"@type":"WebSite","@id":"https:\/\/algarve7.pt\/#website","url":"https:\/\/algarve7.pt\/","name":"Algarve 7","description":"Informa\u00e7\u00e3o sobre o Algarve","publisher":{"@id":"https:\/\/algarve7.pt\/#organization"},"potentialAction":[{"@type":"SearchAction","target":{"@type":"EntryPoint","urlTemplate":"https:\/\/algarve7.pt\/?s={search_term_string}"},"query-input":{"@type":"PropertyValueSpecification","valueRequired":true,"valueName":"search_term_string"}}],"inLanguage":"pt-PT"},{"@type":"Organization","@id":"https:\/\/algarve7.pt\/#organization","name":"Algarve 7","url":"https:\/\/algarve7.pt\/","logo":{"@type":"ImageObject","inLanguage":"pt-PT","@id":"https:\/\/algarve7.pt\/#\/schema\/logo\/image\/","url":"https:\/\/algarve7.pt\/wp-content\/uploads\/2020\/10\/Logo-8.jpg","contentUrl":"https:\/\/algarve7.pt\/wp-content\/uploads\/2020\/10\/Logo-8.jpg","width":1680,"height":1186,"caption":"Algarve 7"},"image":{"@id":"https:\/\/algarve7.pt\/#\/schema\/logo\/image\/"},"sameAs":["https:\/\/www.facebook.com\/algarve7","https:\/\/x.com\/Algarvesete","https:\/\/www.instagram.com\/jornalalgarve7\/","https:\/\/www.linkedin.com\/company\/algarve7","https:\/\/www.pinterest.pt\/geral0939\/_created\/"]},{"@type":"Person","@id":"https:\/\/algarve7.pt\/#\/schema\/person\/23fa70681308e7b319a3204bcea45e0c","name":"Algarve 7","sameAs":["https:\/\/algarve7.pt","https:\/\/www.facebook.com\/algarve7"],"url":"https:\/\/algarve7.pt\/index.php\/author\/geralalgarve7-pt\/"}]}},"jetpack_publicize_connections":[],"jetpack_featured_media_url":"https:\/\/algarve7.pt\/wp-content\/uploads\/2021\/11\/voluntariado-Portimao.jpg","jetpack_shortlink":"https:\/\/wp.me\/pcezmW-3xY","jetpack_sharing_enabled":true,"_links":{"self":[{"href":"https:\/\/algarve7.pt\/index.php\/wp-json\/wp\/v2\/posts\/13638","targetHints":{"allow":["GET"]}}],"collection":[{"href":"https:\/\/algarve7.pt\/index.php\/wp-json\/wp\/v2\/posts"}],"about":[{"href":"https:\/\/algarve7.pt\/index.php\/wp-json\/wp\/v2\/types\/post"}],"author":[{"embeddable":true,"href":"https:\/\/algarve7.pt\/index.php\/wp-json\/wp\/v2\/users\/1"}],"replies":[{"embeddable":true,"href":"https:\/\/algarve7.pt\/index.php\/wp-json\/wp\/v2\/comments?post=13638"}],"version-history":[{"count":0,"href":"https:\/\/algarve7.pt\/index.php\/wp-json\/wp\/v2\/posts\/13638\/revisions"}],"wp:featuredmedia":[{"embeddable":true,"href":"https:\/\/algarve7.pt\/index.php\/wp-json\/wp\/v2\/media\/13639"}],"wp:attachment":[{"href":"https:\/\/algarve7.pt\/index.php\/wp-json\/wp\/v2\/media?parent=13638"}],"wp:term":[{"taxonomy":"category","embeddable":true,"href":"https:\/\/algarve7.pt\/index.php\/wp-json\/wp\/v2\/categories?post=13638"},{"taxonomy":"post_tag","embeddable":true,"href":"https:\/\/algarve7.pt\/index.php\/wp-json\/wp\/v2\/tags?post=13638"}],"curies":[{"name":"wp","href":"https:\/\/api.w.org\/{rel}","templated":true}]}}