{"id":13632,"date":"2021-11-29T14:27:30","date_gmt":"2021-11-29T14:27:30","guid":{"rendered":"https:\/\/algarve7.pt\/?p=13632"},"modified":"2021-11-29T14:27:33","modified_gmt":"2021-11-29T14:27:33","slug":"projeto-magallanes_icc-avanca-com-workshop-sobre-a-historia-do-algarve-e-a-primeira-globalizacao","status":"publish","type":"post","link":"https:\/\/algarve7.pt\/index.php\/2021\/11\/projeto-magallanes_icc-avanca-com-workshop-sobre-a-historia-do-algarve-e-a-primeira-globalizacao\/cultura\/14\/27\/","title":{"rendered":"Projeto Magallanes_ICC avan\u00e7a com workshop sobre  \u201cA hist\u00f3ria do Algarve e a primeira globaliza\u00e7\u00e3o\u201d"},"content":{"rendered":"\n<p>No \u00e2mbito do projeto MAGALLANES_ICC &#8211; Centro de Empreendimento de Ind\u00fastrias Culturais e Criativas, a Dire\u00e7\u00e3o Regional de Cultura do Algarve promoveu, no dia 17 de novembro, um workshop sobre \u201cA hist\u00f3ria do Algarve e a primeira globaliza\u00e7\u00e3o\u201d, organizado por Rui Manuel Loureiro, professor do ISMAT, investigador do CHAM-NOVA, e coordenador da investiga\u00e7\u00e3o hist\u00f3rica do projeto.<\/p>\n\n\n\n<p>O workshop reuniu investigadores de v\u00e1rias universidades e centros de investiga\u00e7\u00e3o portugueses, especialistas em diversas \u00e1reas historiogr\u00e1ficas que abrangem os s\u00e9culos XIV a XVII, e todos com relevantes publica\u00e7\u00f5es acad\u00e9micas no \u00e2mbito da hist\u00f3ria do Algarve.<\/p>\n\n\n\n<p>A interven\u00e7\u00e3o de abertura esteve a cargo de Jo\u00e3o Paulo Oliveira e Costa (FCSH-NOVA &amp; CHAM\/NOVA), que, destacando desde logo a especificidade hist\u00f3rica do \u201cReino do Algarve\u201d, justificadora de uma an\u00e1lise historiogr\u00e1fica espec\u00edfica, tra\u00e7ou um informado balan\u00e7o dos trabalhos de investiga\u00e7\u00e3o e tamb\u00e9m das ac\u00e7\u00f5es de divulga\u00e7\u00e3o que t\u00eam sido desenvolvidos nas \u00faltimas tr\u00eas d\u00e9cadas, no \u00e2mbito da tem\u00e1tica \u201cAlgarve \/ Descobrimentos\u201d. De seguida, durante duas sess\u00f5es de trabalho, oito investigadores que t\u00eam investigado a hist\u00f3ria do Algarve apresentaram um balan\u00e7o das suas pr\u00f3prias contribui\u00e7\u00f5es para a investiga\u00e7\u00e3o e a divulga\u00e7\u00e3o do tema escolhido, \u201cA hist\u00f3ria do Algarve e a primeira globaliza\u00e7\u00e3o\u201d, avan\u00e7ando tamb\u00e9m com propostas concretas de \u00e1reas e temas que ainda carecem de investiga\u00e7\u00e3o, e que deveriam ser desenvolvidos futuramente.<\/p>\n\n\n\n<p>A concluir o workshop, Maria Augusta Lima Cruz, da CHAM-NOVA &amp; ICS\/UMinho, fez um balan\u00e7o de todas as interven\u00e7\u00f5es, no qual n\u00e3o s\u00f3 sistematizou as \u00e1reas de investiga\u00e7\u00e3o que t\u00eam merecido mais desenvolvimento, mas tamb\u00e9m tra\u00e7ou as mais importante lacunas que importar\u00e1 colmatar em investiga\u00e7\u00f5es futuras.<br>Para o professor Rui Manuel Loureiro \u201cO workshop permitiu fazer um primeiro balan\u00e7o cr\u00edtico do \u00abestado da quest\u00e3o\u00bb, no que toca \u00e0s investiga\u00e7\u00f5es sobre a hist\u00f3ria do Algarve e as suas conex\u00f5es com o per\u00edodo da primeira globaliza\u00e7\u00e3o (basicamente, s\u00e9culos XV e XVI)\u201d. Neste primeiro encontro de trabalho \u201cV\u00e1rias interven\u00e7\u00f5es destacaram o exemplo e o modelo de Joaquim Romero Magalh\u00e3es, o grande investigador da hist\u00f3ria do Algarve na primeira modernidade. Simultaneamente, procurou-se tra\u00e7ar um conjunto de linhas de rumo para o futuro desenvolvimento da investiga\u00e7\u00e3o hist\u00f3rica e para a sua aplica\u00e7\u00e3o a actividades de divulga\u00e7\u00e3o\u201d refere o organizador. Rui Manuel Loureiro frisou, tamb\u00e9m, que \u201ca investiga\u00e7\u00e3o hist\u00f3rica s\u00f3 ganha valor e significado quando \u00e9 objecto de divulga\u00e7\u00e3o\u201d.<\/p>\n\n\n\n<p>De entre as linhas de rumo que dever\u00e3o ser exploradas no futuro, o professor do ISMAT destaca o \u201cdesenvolvimento da rede de investigadores que ficou esbo\u00e7ada neste primeiro workshop, o investimento na publica\u00e7\u00e3o de fontes documentais e narrativas, a realiza\u00e7\u00e3o de encontros regulares de investiga\u00e7\u00e3o, e a publica\u00e7\u00e3o \/ divulga\u00e7\u00e3o regular de trabalhos de investiga\u00e7\u00e3o de natureza acad\u00e9mica (disserta\u00e7\u00f5es e teses) que t\u00eam sido desenvolvidos em anos mais recentes\u201d.<\/p>\n\n\n\n<p>Nuno Vila-Santa, do CIUHCT, da Universidade Nova de Lisboa, um dos historiadores presentes refere que \u00abO Workshop O Algarve e a Primeira Globaliza\u00e7\u00e3o foi uma iniciativa importante e bem-sucedida. Ao congregar assumidos especialistas em hist\u00f3ria do Algarve com as perspectivas de n\u00e3o especialistas, foi poss\u00edvel gerar um debate relevante sobre rumos e novos temas a abordar. \u00c9, por isso, uma experi\u00eancia a repetir para ser poss\u00edvel alinhavar novos trabalhos em esp\u00edrito de equipa e perspectiva multidisciplinar, os quais surgem com mais facilidade fruto da troca de ideias entre investigadores.\u00bb<br>Sobre este workshop e a sua tem\u00e1tica, o historiador algarvio Fernando Pessanha, disse \u201cque se torna imperativo e estrategicamente pertinente o desenvolvimento de estudos relativos \u00e0 rela\u00e7\u00e3o do Algarve com o universo da Expans\u00e3o e dos Descobrimentos, j\u00e1 que foram estes os grandes respons\u00e1veis pelo desenvolvimento demogr\u00e1fico, econ\u00f3mico e urban\u00edstico a que a regi\u00e3o algarvia assistiu nos s\u00e9culos XV e XVI. De facto, a retoma de projectos de investiga\u00e7\u00e3o sobre o Algarve e os Descobrimentos serve n\u00e3o apenas a constru\u00e7\u00e3o do conhecimento cient\u00edfico sobre o papel da regi\u00e3o durante a primeira globaliza\u00e7\u00e3o, como tamb\u00e9m os interesses estrat\u00e9gicos subordinados ao desenvolvimento de estrat\u00e9gias que fomentem o turismo cultural, nomeadamente, no que se refere a temas pouco explorados&nbsp; da nossa historiografia, como o corso e a pirataria, os combates navais, a defesa da costa ou o papel dos judeus, mouriscos e elches nos Algarves de Aqu\u00e9m e de Al\u00e9m-mar.\u201d<\/p>\n\n\n\n<p>O projecto Magallanes_ICC &#8211; Centro de Empreendimento de Ind\u00fastrias Culturais e Criativas \u00e9&nbsp; co-financiado pelo Fundo Europeu de Desenvolvimento Regional FEDER atrav\u00e9s do Programa Interreg V- A Espanha-Portugal (POCTEP) 2014-2020.<\/p>\n","protected":false},"excerpt":{"rendered":"<p>No \u00e2mbito do projeto MAGALLANES_ICC &#8211; Centro de Empreendimento de Ind\u00fastrias Culturais e Criativas, a Dire\u00e7\u00e3o Regional de Cultura do<\/p>\n","protected":false},"author":1,"featured_media":13633,"comment_status":"open","ping_status":"open","sticky":false,"template":"","format":"standard","meta":{"colormag_page_container_layout":"default_layout","colormag_page_sidebar_layout":"default_layout","_monsterinsights_skip_tracking":false,"_monsterinsights_sitenote_active":false,"_monsterinsights_sitenote_note":"","_monsterinsights_sitenote_category":0,"jetpack_post_was_ever_published":false,"_jetpack_newsletter_access":"","_jetpack_dont_email_post_to_subs":false,"_jetpack_newsletter_tier_id":0,"_jetpack_memberships_contains_paywalled_content":false,"_jetpack_memberships_contains_paid_content":false,"footnotes":"","jetpack_publicize_message":"","jetpack_publicize_feature_enabled":true,"jetpack_social_post_already_shared":true,"jetpack_social_options":{"image_generator_settings":{"template":"highway","default_image_id":0,"font":"","enabled":false},"version":2}},"categories":[14],"tags":[36,35,296],"class_list":["post-13632","post","type-post","status-publish","format-standard","has-post-thumbnail","hentry","category-cultura","tag-algarve","tag-cultura","tag-interreg"],"yoast_head":"<!-- This site is optimized with the Yoast SEO plugin v27.5 - https:\/\/yoast.com\/product\/yoast-seo-wordpress\/ -->\n<title>Projeto Magallanes_ICC avan\u00e7a com workshop sobre \u201cA hist\u00f3ria do Algarve e a primeira globaliza\u00e7\u00e3o\u201d - Algarve 7<\/title>\n<meta name=\"description\" content=\"Projeto Magallanes_ICC avan\u00e7a com workshop sobre \u201cA hist\u00f3ria do Algarve e a primeira globaliza\u00e7\u00e3o\u201d Cultura\" \/>\n<meta name=\"robots\" content=\"index, follow, max-snippet:-1, max-image-preview:large, max-video-preview:-1\" \/>\n<link rel=\"canonical\" href=\"https:\/\/algarve7.pt\/index.php\/2021\/11\/projeto-magallanes_icc-avanca-com-workshop-sobre-a-historia-do-algarve-e-a-primeira-globalizacao\/cultura\/14\/27\/\" \/>\n<meta property=\"og:locale\" content=\"pt_PT\" \/>\n<meta property=\"og:type\" content=\"article\" \/>\n<meta property=\"og:title\" content=\"Projeto Magallanes_ICC avan\u00e7a com workshop sobre \u201cA hist\u00f3ria do Algarve e a primeira globaliza\u00e7\u00e3o\u201d - Algarve 7\" \/>\n<meta property=\"og:description\" content=\"Projeto Magallanes_ICC avan\u00e7a com workshop sobre \u201cA hist\u00f3ria do Algarve e a primeira globaliza\u00e7\u00e3o\u201d Cultura\" \/>\n<meta property=\"og:url\" content=\"https:\/\/algarve7.pt\/index.php\/2021\/11\/projeto-magallanes_icc-avanca-com-workshop-sobre-a-historia-do-algarve-e-a-primeira-globalizacao\/cultura\/14\/27\/\" \/>\n<meta property=\"og:site_name\" content=\"Algarve 7\" \/>\n<meta property=\"article:publisher\" content=\"https:\/\/www.facebook.com\/algarve7\" \/>\n<meta property=\"article:author\" content=\"https:\/\/www.facebook.com\/algarve7\" \/>\n<meta property=\"article:published_time\" content=\"2021-11-29T14:27:30+00:00\" \/>\n<meta property=\"article:modified_time\" content=\"2021-11-29T14:27:33+00:00\" \/>\n<meta property=\"og:image\" content=\"https:\/\/algarve7.pt\/wp-content\/uploads\/2021\/11\/espanaa-portugal_pt_fund_rgb-01.png\" \/>\n\t<meta property=\"og:image:width\" content=\"870\" \/>\n\t<meta property=\"og:image:height\" content=\"567\" \/>\n\t<meta property=\"og:image:type\" content=\"image\/png\" \/>\n<meta name=\"author\" content=\"Algarve 7\" \/>\n<meta name=\"twitter:card\" content=\"summary_large_image\" \/>\n<meta name=\"twitter:creator\" content=\"@Algarvesete\" \/>\n<meta name=\"twitter:site\" content=\"@Algarvesete\" \/>\n<meta name=\"twitter:label1\" content=\"Escrito por\" \/>\n\t<meta name=\"twitter:data1\" content=\"Algarve 7\" \/>\n\t<meta name=\"twitter:label2\" content=\"Tempo estimado de leitura\" \/>\n\t<meta name=\"twitter:data2\" content=\"4 minutos\" \/>\n<script type=\"application\/ld+json\" class=\"yoast-schema-graph\">{\"@context\":\"https:\\\/\\\/schema.org\",\"@graph\":[{\"@type\":\"Article\",\"@id\":\"https:\\\/\\\/algarve7.pt\\\/index.php\\\/2021\\\/11\\\/projeto-magallanes_icc-avanca-com-workshop-sobre-a-historia-do-algarve-e-a-primeira-globalizacao\\\/cultura\\\/14\\\/27\\\/#article\",\"isPartOf\":{\"@id\":\"https:\\\/\\\/algarve7.pt\\\/index.php\\\/2021\\\/11\\\/projeto-magallanes_icc-avanca-com-workshop-sobre-a-historia-do-algarve-e-a-primeira-globalizacao\\\/cultura\\\/14\\\/27\\\/\"},\"author\":{\"name\":\"Algarve 7\",\"@id\":\"https:\\\/\\\/algarve7.pt\\\/#\\\/schema\\\/person\\\/23fa70681308e7b319a3204bcea45e0c\"},\"headline\":\"Projeto Magallanes_ICC avan\u00e7a com workshop sobre \u201cA hist\u00f3ria do Algarve e a primeira globaliza\u00e7\u00e3o\u201d\",\"datePublished\":\"2021-11-29T14:27:30+00:00\",\"dateModified\":\"2021-11-29T14:27:33+00:00\",\"mainEntityOfPage\":{\"@id\":\"https:\\\/\\\/algarve7.pt\\\/index.php\\\/2021\\\/11\\\/projeto-magallanes_icc-avanca-com-workshop-sobre-a-historia-do-algarve-e-a-primeira-globalizacao\\\/cultura\\\/14\\\/27\\\/\"},\"wordCount\":841,\"commentCount\":0,\"publisher\":{\"@id\":\"https:\\\/\\\/algarve7.pt\\\/#organization\"},\"image\":{\"@id\":\"https:\\\/\\\/algarve7.pt\\\/index.php\\\/2021\\\/11\\\/projeto-magallanes_icc-avanca-com-workshop-sobre-a-historia-do-algarve-e-a-primeira-globalizacao\\\/cultura\\\/14\\\/27\\\/#primaryimage\"},\"thumbnailUrl\":\"https:\\\/\\\/algarve7.pt\\\/wp-content\\\/uploads\\\/2021\\\/11\\\/espanaa-portugal_pt_fund_rgb-01.png\",\"keywords\":[\"Algarve\",\"Cultura\",\"Interreg\"],\"articleSection\":[\"Cultura\"],\"inLanguage\":\"pt-PT\",\"potentialAction\":[{\"@type\":\"CommentAction\",\"name\":\"Comment\",\"target\":[\"https:\\\/\\\/algarve7.pt\\\/index.php\\\/2021\\\/11\\\/projeto-magallanes_icc-avanca-com-workshop-sobre-a-historia-do-algarve-e-a-primeira-globalizacao\\\/cultura\\\/14\\\/27\\\/#respond\"]}]},{\"@type\":\"WebPage\",\"@id\":\"https:\\\/\\\/algarve7.pt\\\/index.php\\\/2021\\\/11\\\/projeto-magallanes_icc-avanca-com-workshop-sobre-a-historia-do-algarve-e-a-primeira-globalizacao\\\/cultura\\\/14\\\/27\\\/\",\"url\":\"https:\\\/\\\/algarve7.pt\\\/index.php\\\/2021\\\/11\\\/projeto-magallanes_icc-avanca-com-workshop-sobre-a-historia-do-algarve-e-a-primeira-globalizacao\\\/cultura\\\/14\\\/27\\\/\",\"name\":\"Projeto Magallanes_ICC avan\u00e7a com workshop sobre \u201cA hist\u00f3ria do Algarve e a primeira globaliza\u00e7\u00e3o\u201d - Algarve 7\",\"isPartOf\":{\"@id\":\"https:\\\/\\\/algarve7.pt\\\/#website\"},\"primaryImageOfPage\":{\"@id\":\"https:\\\/\\\/algarve7.pt\\\/index.php\\\/2021\\\/11\\\/projeto-magallanes_icc-avanca-com-workshop-sobre-a-historia-do-algarve-e-a-primeira-globalizacao\\\/cultura\\\/14\\\/27\\\/#primaryimage\"},\"image\":{\"@id\":\"https:\\\/\\\/algarve7.pt\\\/index.php\\\/2021\\\/11\\\/projeto-magallanes_icc-avanca-com-workshop-sobre-a-historia-do-algarve-e-a-primeira-globalizacao\\\/cultura\\\/14\\\/27\\\/#primaryimage\"},\"thumbnailUrl\":\"https:\\\/\\\/algarve7.pt\\\/wp-content\\\/uploads\\\/2021\\\/11\\\/espanaa-portugal_pt_fund_rgb-01.png\",\"datePublished\":\"2021-11-29T14:27:30+00:00\",\"dateModified\":\"2021-11-29T14:27:33+00:00\",\"description\":\"Projeto Magallanes_ICC avan\u00e7a com workshop sobre \u201cA hist\u00f3ria do Algarve e a primeira globaliza\u00e7\u00e3o\u201d Cultura\",\"breadcrumb\":{\"@id\":\"https:\\\/\\\/algarve7.pt\\\/index.php\\\/2021\\\/11\\\/projeto-magallanes_icc-avanca-com-workshop-sobre-a-historia-do-algarve-e-a-primeira-globalizacao\\\/cultura\\\/14\\\/27\\\/#breadcrumb\"},\"inLanguage\":\"pt-PT\",\"potentialAction\":[{\"@type\":\"ReadAction\",\"target\":[\"https:\\\/\\\/algarve7.pt\\\/index.php\\\/2021\\\/11\\\/projeto-magallanes_icc-avanca-com-workshop-sobre-a-historia-do-algarve-e-a-primeira-globalizacao\\\/cultura\\\/14\\\/27\\\/\"]}]},{\"@type\":\"ImageObject\",\"inLanguage\":\"pt-PT\",\"@id\":\"https:\\\/\\\/algarve7.pt\\\/index.php\\\/2021\\\/11\\\/projeto-magallanes_icc-avanca-com-workshop-sobre-a-historia-do-algarve-e-a-primeira-globalizacao\\\/cultura\\\/14\\\/27\\\/#primaryimage\",\"url\":\"https:\\\/\\\/algarve7.pt\\\/wp-content\\\/uploads\\\/2021\\\/11\\\/espanaa-portugal_pt_fund_rgb-01.png\",\"contentUrl\":\"https:\\\/\\\/algarve7.pt\\\/wp-content\\\/uploads\\\/2021\\\/11\\\/espanaa-portugal_pt_fund_rgb-01.png\",\"width\":870,\"height\":567},{\"@type\":\"BreadcrumbList\",\"@id\":\"https:\\\/\\\/algarve7.pt\\\/index.php\\\/2021\\\/11\\\/projeto-magallanes_icc-avanca-com-workshop-sobre-a-historia-do-algarve-e-a-primeira-globalizacao\\\/cultura\\\/14\\\/27\\\/#breadcrumb\",\"itemListElement\":[{\"@type\":\"ListItem\",\"position\":1,\"name\":\"In\u00edcio\",\"item\":\"https:\\\/\\\/algarve7.pt\\\/\"},{\"@type\":\"ListItem\",\"position\":2,\"name\":\"Projeto Magallanes_ICC avan\u00e7a com workshop sobre \u201cA hist\u00f3ria do Algarve e a primeira globaliza\u00e7\u00e3o\u201d\"}]},{\"@type\":\"WebSite\",\"@id\":\"https:\\\/\\\/algarve7.pt\\\/#website\",\"url\":\"https:\\\/\\\/algarve7.pt\\\/\",\"name\":\"Algarve 7\",\"description\":\"Informa\u00e7\u00e3o sobre o Algarve\",\"publisher\":{\"@id\":\"https:\\\/\\\/algarve7.pt\\\/#organization\"},\"potentialAction\":[{\"@type\":\"SearchAction\",\"target\":{\"@type\":\"EntryPoint\",\"urlTemplate\":\"https:\\\/\\\/algarve7.pt\\\/?s={search_term_string}\"},\"query-input\":{\"@type\":\"PropertyValueSpecification\",\"valueRequired\":true,\"valueName\":\"search_term_string\"}}],\"inLanguage\":\"pt-PT\"},{\"@type\":\"Organization\",\"@id\":\"https:\\\/\\\/algarve7.pt\\\/#organization\",\"name\":\"Algarve 7\",\"url\":\"https:\\\/\\\/algarve7.pt\\\/\",\"logo\":{\"@type\":\"ImageObject\",\"inLanguage\":\"pt-PT\",\"@id\":\"https:\\\/\\\/algarve7.pt\\\/#\\\/schema\\\/logo\\\/image\\\/\",\"url\":\"https:\\\/\\\/algarve7.pt\\\/wp-content\\\/uploads\\\/2020\\\/10\\\/Logo-8.jpg\",\"contentUrl\":\"https:\\\/\\\/algarve7.pt\\\/wp-content\\\/uploads\\\/2020\\\/10\\\/Logo-8.jpg\",\"width\":1680,\"height\":1186,\"caption\":\"Algarve 7\"},\"image\":{\"@id\":\"https:\\\/\\\/algarve7.pt\\\/#\\\/schema\\\/logo\\\/image\\\/\"},\"sameAs\":[\"https:\\\/\\\/www.facebook.com\\\/algarve7\",\"https:\\\/\\\/x.com\\\/Algarvesete\",\"https:\\\/\\\/www.instagram.com\\\/jornalalgarve7\\\/\",\"https:\\\/\\\/www.linkedin.com\\\/company\\\/algarve7\",\"https:\\\/\\\/www.pinterest.pt\\\/geral0939\\\/_created\\\/\"]},{\"@type\":\"Person\",\"@id\":\"https:\\\/\\\/algarve7.pt\\\/#\\\/schema\\\/person\\\/23fa70681308e7b319a3204bcea45e0c\",\"name\":\"Algarve 7\",\"sameAs\":[\"https:\\\/\\\/algarve7.pt\",\"https:\\\/\\\/www.facebook.com\\\/algarve7\"],\"url\":\"https:\\\/\\\/algarve7.pt\\\/index.php\\\/author\\\/geralalgarve7-pt\\\/\"}]}<\/script>\n<!-- \/ Yoast SEO plugin. -->","yoast_head_json":{"title":"Projeto Magallanes_ICC avan\u00e7a com workshop sobre \u201cA hist\u00f3ria do Algarve e a primeira globaliza\u00e7\u00e3o\u201d - Algarve 7","description":"Projeto Magallanes_ICC avan\u00e7a com workshop sobre \u201cA hist\u00f3ria do Algarve e a primeira globaliza\u00e7\u00e3o\u201d Cultura","robots":{"index":"index","follow":"follow","max-snippet":"max-snippet:-1","max-image-preview":"max-image-preview:large","max-video-preview":"max-video-preview:-1"},"canonical":"https:\/\/algarve7.pt\/index.php\/2021\/11\/projeto-magallanes_icc-avanca-com-workshop-sobre-a-historia-do-algarve-e-a-primeira-globalizacao\/cultura\/14\/27\/","og_locale":"pt_PT","og_type":"article","og_title":"Projeto Magallanes_ICC avan\u00e7a com workshop sobre \u201cA hist\u00f3ria do Algarve e a primeira globaliza\u00e7\u00e3o\u201d - Algarve 7","og_description":"Projeto Magallanes_ICC avan\u00e7a com workshop sobre \u201cA hist\u00f3ria do Algarve e a primeira globaliza\u00e7\u00e3o\u201d Cultura","og_url":"https:\/\/algarve7.pt\/index.php\/2021\/11\/projeto-magallanes_icc-avanca-com-workshop-sobre-a-historia-do-algarve-e-a-primeira-globalizacao\/cultura\/14\/27\/","og_site_name":"Algarve 7","article_publisher":"https:\/\/www.facebook.com\/algarve7","article_author":"https:\/\/www.facebook.com\/algarve7","article_published_time":"2021-11-29T14:27:30+00:00","article_modified_time":"2021-11-29T14:27:33+00:00","og_image":[{"width":870,"height":567,"url":"https:\/\/algarve7.pt\/wp-content\/uploads\/2021\/11\/espanaa-portugal_pt_fund_rgb-01.png","type":"image\/png"}],"author":"Algarve 7","twitter_card":"summary_large_image","twitter_creator":"@Algarvesete","twitter_site":"@Algarvesete","twitter_misc":{"Escrito por":"Algarve 7","Tempo estimado de leitura":"4 minutos"},"schema":{"@context":"https:\/\/schema.org","@graph":[{"@type":"Article","@id":"https:\/\/algarve7.pt\/index.php\/2021\/11\/projeto-magallanes_icc-avanca-com-workshop-sobre-a-historia-do-algarve-e-a-primeira-globalizacao\/cultura\/14\/27\/#article","isPartOf":{"@id":"https:\/\/algarve7.pt\/index.php\/2021\/11\/projeto-magallanes_icc-avanca-com-workshop-sobre-a-historia-do-algarve-e-a-primeira-globalizacao\/cultura\/14\/27\/"},"author":{"name":"Algarve 7","@id":"https:\/\/algarve7.pt\/#\/schema\/person\/23fa70681308e7b319a3204bcea45e0c"},"headline":"Projeto Magallanes_ICC avan\u00e7a com workshop sobre \u201cA hist\u00f3ria do Algarve e a primeira globaliza\u00e7\u00e3o\u201d","datePublished":"2021-11-29T14:27:30+00:00","dateModified":"2021-11-29T14:27:33+00:00","mainEntityOfPage":{"@id":"https:\/\/algarve7.pt\/index.php\/2021\/11\/projeto-magallanes_icc-avanca-com-workshop-sobre-a-historia-do-algarve-e-a-primeira-globalizacao\/cultura\/14\/27\/"},"wordCount":841,"commentCount":0,"publisher":{"@id":"https:\/\/algarve7.pt\/#organization"},"image":{"@id":"https:\/\/algarve7.pt\/index.php\/2021\/11\/projeto-magallanes_icc-avanca-com-workshop-sobre-a-historia-do-algarve-e-a-primeira-globalizacao\/cultura\/14\/27\/#primaryimage"},"thumbnailUrl":"https:\/\/algarve7.pt\/wp-content\/uploads\/2021\/11\/espanaa-portugal_pt_fund_rgb-01.png","keywords":["Algarve","Cultura","Interreg"],"articleSection":["Cultura"],"inLanguage":"pt-PT","potentialAction":[{"@type":"CommentAction","name":"Comment","target":["https:\/\/algarve7.pt\/index.php\/2021\/11\/projeto-magallanes_icc-avanca-com-workshop-sobre-a-historia-do-algarve-e-a-primeira-globalizacao\/cultura\/14\/27\/#respond"]}]},{"@type":"WebPage","@id":"https:\/\/algarve7.pt\/index.php\/2021\/11\/projeto-magallanes_icc-avanca-com-workshop-sobre-a-historia-do-algarve-e-a-primeira-globalizacao\/cultura\/14\/27\/","url":"https:\/\/algarve7.pt\/index.php\/2021\/11\/projeto-magallanes_icc-avanca-com-workshop-sobre-a-historia-do-algarve-e-a-primeira-globalizacao\/cultura\/14\/27\/","name":"Projeto Magallanes_ICC avan\u00e7a com workshop sobre \u201cA hist\u00f3ria do Algarve e a primeira globaliza\u00e7\u00e3o\u201d - Algarve 7","isPartOf":{"@id":"https:\/\/algarve7.pt\/#website"},"primaryImageOfPage":{"@id":"https:\/\/algarve7.pt\/index.php\/2021\/11\/projeto-magallanes_icc-avanca-com-workshop-sobre-a-historia-do-algarve-e-a-primeira-globalizacao\/cultura\/14\/27\/#primaryimage"},"image":{"@id":"https:\/\/algarve7.pt\/index.php\/2021\/11\/projeto-magallanes_icc-avanca-com-workshop-sobre-a-historia-do-algarve-e-a-primeira-globalizacao\/cultura\/14\/27\/#primaryimage"},"thumbnailUrl":"https:\/\/algarve7.pt\/wp-content\/uploads\/2021\/11\/espanaa-portugal_pt_fund_rgb-01.png","datePublished":"2021-11-29T14:27:30+00:00","dateModified":"2021-11-29T14:27:33+00:00","description":"Projeto Magallanes_ICC avan\u00e7a com workshop sobre \u201cA hist\u00f3ria do Algarve e a primeira globaliza\u00e7\u00e3o\u201d Cultura","breadcrumb":{"@id":"https:\/\/algarve7.pt\/index.php\/2021\/11\/projeto-magallanes_icc-avanca-com-workshop-sobre-a-historia-do-algarve-e-a-primeira-globalizacao\/cultura\/14\/27\/#breadcrumb"},"inLanguage":"pt-PT","potentialAction":[{"@type":"ReadAction","target":["https:\/\/algarve7.pt\/index.php\/2021\/11\/projeto-magallanes_icc-avanca-com-workshop-sobre-a-historia-do-algarve-e-a-primeira-globalizacao\/cultura\/14\/27\/"]}]},{"@type":"ImageObject","inLanguage":"pt-PT","@id":"https:\/\/algarve7.pt\/index.php\/2021\/11\/projeto-magallanes_icc-avanca-com-workshop-sobre-a-historia-do-algarve-e-a-primeira-globalizacao\/cultura\/14\/27\/#primaryimage","url":"https:\/\/algarve7.pt\/wp-content\/uploads\/2021\/11\/espanaa-portugal_pt_fund_rgb-01.png","contentUrl":"https:\/\/algarve7.pt\/wp-content\/uploads\/2021\/11\/espanaa-portugal_pt_fund_rgb-01.png","width":870,"height":567},{"@type":"BreadcrumbList","@id":"https:\/\/algarve7.pt\/index.php\/2021\/11\/projeto-magallanes_icc-avanca-com-workshop-sobre-a-historia-do-algarve-e-a-primeira-globalizacao\/cultura\/14\/27\/#breadcrumb","itemListElement":[{"@type":"ListItem","position":1,"name":"In\u00edcio","item":"https:\/\/algarve7.pt\/"},{"@type":"ListItem","position":2,"name":"Projeto Magallanes_ICC avan\u00e7a com workshop sobre \u201cA hist\u00f3ria do Algarve e a primeira globaliza\u00e7\u00e3o\u201d"}]},{"@type":"WebSite","@id":"https:\/\/algarve7.pt\/#website","url":"https:\/\/algarve7.pt\/","name":"Algarve 7","description":"Informa\u00e7\u00e3o sobre o Algarve","publisher":{"@id":"https:\/\/algarve7.pt\/#organization"},"potentialAction":[{"@type":"SearchAction","target":{"@type":"EntryPoint","urlTemplate":"https:\/\/algarve7.pt\/?s={search_term_string}"},"query-input":{"@type":"PropertyValueSpecification","valueRequired":true,"valueName":"search_term_string"}}],"inLanguage":"pt-PT"},{"@type":"Organization","@id":"https:\/\/algarve7.pt\/#organization","name":"Algarve 7","url":"https:\/\/algarve7.pt\/","logo":{"@type":"ImageObject","inLanguage":"pt-PT","@id":"https:\/\/algarve7.pt\/#\/schema\/logo\/image\/","url":"https:\/\/algarve7.pt\/wp-content\/uploads\/2020\/10\/Logo-8.jpg","contentUrl":"https:\/\/algarve7.pt\/wp-content\/uploads\/2020\/10\/Logo-8.jpg","width":1680,"height":1186,"caption":"Algarve 7"},"image":{"@id":"https:\/\/algarve7.pt\/#\/schema\/logo\/image\/"},"sameAs":["https:\/\/www.facebook.com\/algarve7","https:\/\/x.com\/Algarvesete","https:\/\/www.instagram.com\/jornalalgarve7\/","https:\/\/www.linkedin.com\/company\/algarve7","https:\/\/www.pinterest.pt\/geral0939\/_created\/"]},{"@type":"Person","@id":"https:\/\/algarve7.pt\/#\/schema\/person\/23fa70681308e7b319a3204bcea45e0c","name":"Algarve 7","sameAs":["https:\/\/algarve7.pt","https:\/\/www.facebook.com\/algarve7"],"url":"https:\/\/algarve7.pt\/index.php\/author\/geralalgarve7-pt\/"}]}},"jetpack_publicize_connections":[],"jetpack_featured_media_url":"https:\/\/algarve7.pt\/wp-content\/uploads\/2021\/11\/espanaa-portugal_pt_fund_rgb-01.png","jetpack_shortlink":"https:\/\/wp.me\/pcezmW-3xS","jetpack_sharing_enabled":true,"_links":{"self":[{"href":"https:\/\/algarve7.pt\/index.php\/wp-json\/wp\/v2\/posts\/13632","targetHints":{"allow":["GET"]}}],"collection":[{"href":"https:\/\/algarve7.pt\/index.php\/wp-json\/wp\/v2\/posts"}],"about":[{"href":"https:\/\/algarve7.pt\/index.php\/wp-json\/wp\/v2\/types\/post"}],"author":[{"embeddable":true,"href":"https:\/\/algarve7.pt\/index.php\/wp-json\/wp\/v2\/users\/1"}],"replies":[{"embeddable":true,"href":"https:\/\/algarve7.pt\/index.php\/wp-json\/wp\/v2\/comments?post=13632"}],"version-history":[{"count":0,"href":"https:\/\/algarve7.pt\/index.php\/wp-json\/wp\/v2\/posts\/13632\/revisions"}],"wp:featuredmedia":[{"embeddable":true,"href":"https:\/\/algarve7.pt\/index.php\/wp-json\/wp\/v2\/media\/13633"}],"wp:attachment":[{"href":"https:\/\/algarve7.pt\/index.php\/wp-json\/wp\/v2\/media?parent=13632"}],"wp:term":[{"taxonomy":"category","embeddable":true,"href":"https:\/\/algarve7.pt\/index.php\/wp-json\/wp\/v2\/categories?post=13632"},{"taxonomy":"post_tag","embeddable":true,"href":"https:\/\/algarve7.pt\/index.php\/wp-json\/wp\/v2\/tags?post=13632"}],"curies":[{"name":"wp","href":"https:\/\/api.w.org\/{rel}","templated":true}]}}