{"id":13536,"date":"2021-11-25T16:46:28","date_gmt":"2021-11-25T16:46:28","guid":{"rendered":"https:\/\/algarve7.pt\/?p=13536"},"modified":"2021-11-25T16:46:32","modified_gmt":"2021-11-25T16:46:32","slug":"faro-recebe-evento-de-encerramento-do-programa-living-streets","status":"publish","type":"post","link":"https:\/\/algarve7.pt\/index.php\/2021\/11\/faro-recebe-evento-de-encerramento-do-programa-living-streets\/atualidade\/16\/46\/","title":{"rendered":"Faro recebe evento de encerramento do programa \u201cLIVING STREETS\u201d"},"content":{"rendered":"\n<p>A cidade de Faro foi a escolhida para receber, esta sexta-feira, dia 25 de novembro, o evento de encerramento do programa EUKI (Iniciativa Europeia do Clima) Living Streets. Este evento, que ter\u00e1 lugar na Escola de Hotelaria e Turismo do Algarve, vai juntar respons\u00e1veis locais das sete cidades-piloto financiadas por este projeto: Faro, \u00d3bidos e Torres Vedras; Porec e Krizevci (Cro\u00e1cia); Corinth e Elliniko-Argyroupoli (Gr\u00e9cia).&nbsp;<\/p>\n\n\n\n<p>No \u00e2mbito desta iniciativa, os participantes v\u00e3o partilhar as experi\u00eancias adquiridas no desenvolvimento dos seus projetos implementados pelas autoridades locais em conjunto com os moradores e ter\u00e3o oportunidade para come\u00e7ar a desenvolver novos projetos no \u00e2mbito deste modelo de transforma\u00e7\u00e3o do espa\u00e7o p\u00fablico com participa\u00e7\u00e3o da comunidade.<\/p>\n\n\n\n<p>Recorde-se que a primeira \u201cLiving Street\u201d de Faro foi implementada na Rua Caldas Xavier, na sequ\u00eancia de uma candidatura do Munic\u00edpio \u00e0 iniciativa com o mesmo nome, tendo garantido um financiamento de 20 mil euros por parte do programa EUKI do Minist\u00e9rio Federal do Ambiente, Conserva\u00e7\u00e3o da Natureza e Seguran\u00e7a Nuclear da Alemanha.&nbsp;<\/p>\n\n\n\n<p>Ap\u00f3s um processo de participa\u00e7\u00e3o comunit\u00e1ria que juntou cerca de 50 membros, entre moradores e entidades locais, a primeira fase da interven\u00e7\u00e3o, decidida entre todos, foi implementada e inaugurada no passado dia 20 de julho. A requalifica\u00e7\u00e3o visou a transforma\u00e7\u00e3o daquele espa\u00e7o p\u00fablico, antes quase exclusivamente dedicado ao estacionamento autom\u00f3vel, num espa\u00e7o mais verde e de conv\u00edvio, com novos equipamentos como mesas e bancos, um baloi\u00e7o, uma mesa de pingue pongue, equipamentos de exerc\u00edcio, uma mesa de xadrez ou floreiras com ervas arom\u00e1ticas.&nbsp;<\/p>\n\n\n\n<p>Al\u00e9m da interven\u00e7\u00e3o f\u00edsica, a primeira \u201cLiving Street\u201d de Faro conta tamb\u00e9m um plano de atividades que incluem momentos desportivos, culturais, ou direcionados para o meio ambiente, sa\u00fade e bem-estar, atividades dinamizadas fundamentalmente por agentes locais e moradores, contribuindo assim para ajudar a promover o sentimento de perten\u00e7a e as rela\u00e7\u00f5es de vizinhan\u00e7a.&nbsp;<\/p>\n\n\n\n<p>Tendo em conta esta primeira experi\u00eancia, o Munic\u00edpio de Faro olha com interesse para esta nova forma de repensar o planeamento urbano e a mobilidade, encorajando, ao mesmo tempo, os cidad\u00e3os a envolverem-se no processo de tornar as ruas mais vivas e habit\u00e1veis.<\/p>\n\n\n\n<p><\/p>\n","protected":false},"excerpt":{"rendered":"<p>A cidade de Faro foi a escolhida para receber, esta sexta-feira, dia 25 de novembro, o evento de encerramento do<\/p>\n","protected":false},"author":1,"featured_media":13537,"comment_status":"open","ping_status":"open","sticky":false,"template":"","format":"standard","meta":{"colormag_page_container_layout":"default_layout","colormag_page_sidebar_layout":"default_layout","_monsterinsights_skip_tracking":false,"_monsterinsights_sitenote_active":false,"_monsterinsights_sitenote_note":"","_monsterinsights_sitenote_category":0,"jetpack_post_was_ever_published":false,"_jetpack_newsletter_access":"","_jetpack_dont_email_post_to_subs":false,"_jetpack_newsletter_tier_id":0,"_jetpack_memberships_contains_paywalled_content":false,"_jetpack_memberships_contains_paid_content":false,"footnotes":"","jetpack_publicize_message":"","jetpack_publicize_feature_enabled":true,"jetpack_social_post_already_shared":true,"jetpack_social_options":{"image_generator_settings":{"template":"highway","default_image_id":0,"font":"","enabled":false},"version":2}},"categories":[11],"tags":[36,62,57],"class_list":["post-13536","post","type-post","status-publish","format-standard","has-post-thumbnail","hentry","category-atualidade","tag-algarve","tag-atualidade","tag-faro"],"yoast_head":"<!-- This site is optimized with the Yoast SEO plugin v27.4 - https:\/\/yoast.com\/product\/yoast-seo-wordpress\/ -->\n<title>Faro recebe evento de encerramento do programa \u201cLIVING STREETS\u201d - Algarve 7<\/title>\n<meta name=\"description\" content=\"Faro recebe evento de encerramento do programa \u201cLIVING STREETS\u201d Atualidade\" \/>\n<meta name=\"robots\" content=\"index, follow, max-snippet:-1, max-image-preview:large, max-video-preview:-1\" \/>\n<link rel=\"canonical\" href=\"https:\/\/algarve7.pt\/index.php\/2021\/11\/faro-recebe-evento-de-encerramento-do-programa-living-streets\/atualidade\/16\/46\/\" \/>\n<meta property=\"og:locale\" content=\"pt_PT\" \/>\n<meta property=\"og:type\" content=\"article\" \/>\n<meta property=\"og:title\" content=\"Faro recebe evento de encerramento do programa \u201cLIVING STREETS\u201d - Algarve 7\" \/>\n<meta property=\"og:description\" content=\"Faro recebe evento de encerramento do programa \u201cLIVING STREETS\u201d Atualidade\" \/>\n<meta property=\"og:url\" content=\"https:\/\/algarve7.pt\/index.php\/2021\/11\/faro-recebe-evento-de-encerramento-do-programa-living-streets\/atualidade\/16\/46\/\" \/>\n<meta property=\"og:site_name\" content=\"Algarve 7\" \/>\n<meta property=\"article:publisher\" content=\"https:\/\/www.facebook.com\/algarve7\" \/>\n<meta property=\"article:author\" content=\"https:\/\/www.facebook.com\/algarve7\" \/>\n<meta property=\"article:published_time\" content=\"2021-11-25T16:46:28+00:00\" \/>\n<meta property=\"article:modified_time\" content=\"2021-11-25T16:46:32+00:00\" \/>\n<meta property=\"og:image\" content=\"https:\/\/algarve7.pt\/wp-content\/uploads\/2021\/11\/Living-Street-1.jpg\" \/>\n\t<meta property=\"og:image:width\" content=\"1805\" \/>\n\t<meta property=\"og:image:height\" content=\"1205\" \/>\n\t<meta property=\"og:image:type\" content=\"image\/jpeg\" \/>\n<meta name=\"author\" content=\"Algarve 7\" \/>\n<meta name=\"twitter:card\" content=\"summary_large_image\" \/>\n<meta name=\"twitter:creator\" content=\"@Algarvesete\" \/>\n<meta name=\"twitter:site\" content=\"@Algarvesete\" \/>\n<meta name=\"twitter:label1\" content=\"Escrito por\" \/>\n\t<meta name=\"twitter:data1\" content=\"Algarve 7\" \/>\n\t<meta name=\"twitter:label2\" content=\"Tempo estimado de leitura\" \/>\n\t<meta name=\"twitter:data2\" content=\"2 minutos\" \/>\n<script type=\"application\/ld+json\" class=\"yoast-schema-graph\">{\"@context\":\"https:\\\/\\\/schema.org\",\"@graph\":[{\"@type\":\"Article\",\"@id\":\"https:\\\/\\\/algarve7.pt\\\/index.php\\\/2021\\\/11\\\/faro-recebe-evento-de-encerramento-do-programa-living-streets\\\/atualidade\\\/16\\\/46\\\/#article\",\"isPartOf\":{\"@id\":\"https:\\\/\\\/algarve7.pt\\\/index.php\\\/2021\\\/11\\\/faro-recebe-evento-de-encerramento-do-programa-living-streets\\\/atualidade\\\/16\\\/46\\\/\"},\"author\":{\"name\":\"Algarve 7\",\"@id\":\"https:\\\/\\\/algarve7.pt\\\/#\\\/schema\\\/person\\\/23fa70681308e7b319a3204bcea45e0c\"},\"headline\":\"Faro recebe evento de encerramento do programa \u201cLIVING STREETS\u201d\",\"datePublished\":\"2021-11-25T16:46:28+00:00\",\"dateModified\":\"2021-11-25T16:46:32+00:00\",\"mainEntityOfPage\":{\"@id\":\"https:\\\/\\\/algarve7.pt\\\/index.php\\\/2021\\\/11\\\/faro-recebe-evento-de-encerramento-do-programa-living-streets\\\/atualidade\\\/16\\\/46\\\/\"},\"wordCount\":394,\"commentCount\":0,\"publisher\":{\"@id\":\"https:\\\/\\\/algarve7.pt\\\/#organization\"},\"image\":{\"@id\":\"https:\\\/\\\/algarve7.pt\\\/index.php\\\/2021\\\/11\\\/faro-recebe-evento-de-encerramento-do-programa-living-streets\\\/atualidade\\\/16\\\/46\\\/#primaryimage\"},\"thumbnailUrl\":\"https:\\\/\\\/algarve7.pt\\\/wp-content\\\/uploads\\\/2021\\\/11\\\/Living-Street-1.jpg\",\"keywords\":[\"Algarve\",\"Atualidade\",\"Faro\"],\"articleSection\":[\"Atualidade\"],\"inLanguage\":\"pt-PT\",\"potentialAction\":[{\"@type\":\"CommentAction\",\"name\":\"Comment\",\"target\":[\"https:\\\/\\\/algarve7.pt\\\/index.php\\\/2021\\\/11\\\/faro-recebe-evento-de-encerramento-do-programa-living-streets\\\/atualidade\\\/16\\\/46\\\/#respond\"]}]},{\"@type\":\"WebPage\",\"@id\":\"https:\\\/\\\/algarve7.pt\\\/index.php\\\/2021\\\/11\\\/faro-recebe-evento-de-encerramento-do-programa-living-streets\\\/atualidade\\\/16\\\/46\\\/\",\"url\":\"https:\\\/\\\/algarve7.pt\\\/index.php\\\/2021\\\/11\\\/faro-recebe-evento-de-encerramento-do-programa-living-streets\\\/atualidade\\\/16\\\/46\\\/\",\"name\":\"Faro recebe evento de encerramento do programa \u201cLIVING STREETS\u201d - Algarve 7\",\"isPartOf\":{\"@id\":\"https:\\\/\\\/algarve7.pt\\\/#website\"},\"primaryImageOfPage\":{\"@id\":\"https:\\\/\\\/algarve7.pt\\\/index.php\\\/2021\\\/11\\\/faro-recebe-evento-de-encerramento-do-programa-living-streets\\\/atualidade\\\/16\\\/46\\\/#primaryimage\"},\"image\":{\"@id\":\"https:\\\/\\\/algarve7.pt\\\/index.php\\\/2021\\\/11\\\/faro-recebe-evento-de-encerramento-do-programa-living-streets\\\/atualidade\\\/16\\\/46\\\/#primaryimage\"},\"thumbnailUrl\":\"https:\\\/\\\/algarve7.pt\\\/wp-content\\\/uploads\\\/2021\\\/11\\\/Living-Street-1.jpg\",\"datePublished\":\"2021-11-25T16:46:28+00:00\",\"dateModified\":\"2021-11-25T16:46:32+00:00\",\"description\":\"Faro recebe evento de encerramento do programa \u201cLIVING STREETS\u201d Atualidade\",\"breadcrumb\":{\"@id\":\"https:\\\/\\\/algarve7.pt\\\/index.php\\\/2021\\\/11\\\/faro-recebe-evento-de-encerramento-do-programa-living-streets\\\/atualidade\\\/16\\\/46\\\/#breadcrumb\"},\"inLanguage\":\"pt-PT\",\"potentialAction\":[{\"@type\":\"ReadAction\",\"target\":[\"https:\\\/\\\/algarve7.pt\\\/index.php\\\/2021\\\/11\\\/faro-recebe-evento-de-encerramento-do-programa-living-streets\\\/atualidade\\\/16\\\/46\\\/\"]}]},{\"@type\":\"ImageObject\",\"inLanguage\":\"pt-PT\",\"@id\":\"https:\\\/\\\/algarve7.pt\\\/index.php\\\/2021\\\/11\\\/faro-recebe-evento-de-encerramento-do-programa-living-streets\\\/atualidade\\\/16\\\/46\\\/#primaryimage\",\"url\":\"https:\\\/\\\/algarve7.pt\\\/wp-content\\\/uploads\\\/2021\\\/11\\\/Living-Street-1.jpg\",\"contentUrl\":\"https:\\\/\\\/algarve7.pt\\\/wp-content\\\/uploads\\\/2021\\\/11\\\/Living-Street-1.jpg\",\"width\":1805,\"height\":1205},{\"@type\":\"BreadcrumbList\",\"@id\":\"https:\\\/\\\/algarve7.pt\\\/index.php\\\/2021\\\/11\\\/faro-recebe-evento-de-encerramento-do-programa-living-streets\\\/atualidade\\\/16\\\/46\\\/#breadcrumb\",\"itemListElement\":[{\"@type\":\"ListItem\",\"position\":1,\"name\":\"In\u00edcio\",\"item\":\"https:\\\/\\\/algarve7.pt\\\/\"},{\"@type\":\"ListItem\",\"position\":2,\"name\":\"Faro recebe evento de encerramento do programa \u201cLIVING STREETS\u201d\"}]},{\"@type\":\"WebSite\",\"@id\":\"https:\\\/\\\/algarve7.pt\\\/#website\",\"url\":\"https:\\\/\\\/algarve7.pt\\\/\",\"name\":\"Algarve 7\",\"description\":\"Informa\u00e7\u00e3o sobre o Algarve\",\"publisher\":{\"@id\":\"https:\\\/\\\/algarve7.pt\\\/#organization\"},\"potentialAction\":[{\"@type\":\"SearchAction\",\"target\":{\"@type\":\"EntryPoint\",\"urlTemplate\":\"https:\\\/\\\/algarve7.pt\\\/?s={search_term_string}\"},\"query-input\":{\"@type\":\"PropertyValueSpecification\",\"valueRequired\":true,\"valueName\":\"search_term_string\"}}],\"inLanguage\":\"pt-PT\"},{\"@type\":\"Organization\",\"@id\":\"https:\\\/\\\/algarve7.pt\\\/#organization\",\"name\":\"Algarve 7\",\"url\":\"https:\\\/\\\/algarve7.pt\\\/\",\"logo\":{\"@type\":\"ImageObject\",\"inLanguage\":\"pt-PT\",\"@id\":\"https:\\\/\\\/algarve7.pt\\\/#\\\/schema\\\/logo\\\/image\\\/\",\"url\":\"https:\\\/\\\/algarve7.pt\\\/wp-content\\\/uploads\\\/2020\\\/10\\\/Logo-8.jpg\",\"contentUrl\":\"https:\\\/\\\/algarve7.pt\\\/wp-content\\\/uploads\\\/2020\\\/10\\\/Logo-8.jpg\",\"width\":1680,\"height\":1186,\"caption\":\"Algarve 7\"},\"image\":{\"@id\":\"https:\\\/\\\/algarve7.pt\\\/#\\\/schema\\\/logo\\\/image\\\/\"},\"sameAs\":[\"https:\\\/\\\/www.facebook.com\\\/algarve7\",\"https:\\\/\\\/x.com\\\/Algarvesete\",\"https:\\\/\\\/www.instagram.com\\\/jornalalgarve7\\\/\",\"https:\\\/\\\/www.linkedin.com\\\/company\\\/algarve7\",\"https:\\\/\\\/www.pinterest.pt\\\/geral0939\\\/_created\\\/\"]},{\"@type\":\"Person\",\"@id\":\"https:\\\/\\\/algarve7.pt\\\/#\\\/schema\\\/person\\\/23fa70681308e7b319a3204bcea45e0c\",\"name\":\"Algarve 7\",\"sameAs\":[\"https:\\\/\\\/algarve7.pt\",\"https:\\\/\\\/www.facebook.com\\\/algarve7\"],\"url\":\"https:\\\/\\\/algarve7.pt\\\/index.php\\\/author\\\/geralalgarve7-pt\\\/\"}]}<\/script>\n<!-- \/ Yoast SEO plugin. -->","yoast_head_json":{"title":"Faro recebe evento de encerramento do programa \u201cLIVING STREETS\u201d - Algarve 7","description":"Faro recebe evento de encerramento do programa \u201cLIVING STREETS\u201d Atualidade","robots":{"index":"index","follow":"follow","max-snippet":"max-snippet:-1","max-image-preview":"max-image-preview:large","max-video-preview":"max-video-preview:-1"},"canonical":"https:\/\/algarve7.pt\/index.php\/2021\/11\/faro-recebe-evento-de-encerramento-do-programa-living-streets\/atualidade\/16\/46\/","og_locale":"pt_PT","og_type":"article","og_title":"Faro recebe evento de encerramento do programa \u201cLIVING STREETS\u201d - Algarve 7","og_description":"Faro recebe evento de encerramento do programa \u201cLIVING STREETS\u201d Atualidade","og_url":"https:\/\/algarve7.pt\/index.php\/2021\/11\/faro-recebe-evento-de-encerramento-do-programa-living-streets\/atualidade\/16\/46\/","og_site_name":"Algarve 7","article_publisher":"https:\/\/www.facebook.com\/algarve7","article_author":"https:\/\/www.facebook.com\/algarve7","article_published_time":"2021-11-25T16:46:28+00:00","article_modified_time":"2021-11-25T16:46:32+00:00","og_image":[{"width":1805,"height":1205,"url":"https:\/\/algarve7.pt\/wp-content\/uploads\/2021\/11\/Living-Street-1.jpg","type":"image\/jpeg"}],"author":"Algarve 7","twitter_card":"summary_large_image","twitter_creator":"@Algarvesete","twitter_site":"@Algarvesete","twitter_misc":{"Escrito por":"Algarve 7","Tempo estimado de leitura":"2 minutos"},"schema":{"@context":"https:\/\/schema.org","@graph":[{"@type":"Article","@id":"https:\/\/algarve7.pt\/index.php\/2021\/11\/faro-recebe-evento-de-encerramento-do-programa-living-streets\/atualidade\/16\/46\/#article","isPartOf":{"@id":"https:\/\/algarve7.pt\/index.php\/2021\/11\/faro-recebe-evento-de-encerramento-do-programa-living-streets\/atualidade\/16\/46\/"},"author":{"name":"Algarve 7","@id":"https:\/\/algarve7.pt\/#\/schema\/person\/23fa70681308e7b319a3204bcea45e0c"},"headline":"Faro recebe evento de encerramento do programa \u201cLIVING STREETS\u201d","datePublished":"2021-11-25T16:46:28+00:00","dateModified":"2021-11-25T16:46:32+00:00","mainEntityOfPage":{"@id":"https:\/\/algarve7.pt\/index.php\/2021\/11\/faro-recebe-evento-de-encerramento-do-programa-living-streets\/atualidade\/16\/46\/"},"wordCount":394,"commentCount":0,"publisher":{"@id":"https:\/\/algarve7.pt\/#organization"},"image":{"@id":"https:\/\/algarve7.pt\/index.php\/2021\/11\/faro-recebe-evento-de-encerramento-do-programa-living-streets\/atualidade\/16\/46\/#primaryimage"},"thumbnailUrl":"https:\/\/algarve7.pt\/wp-content\/uploads\/2021\/11\/Living-Street-1.jpg","keywords":["Algarve","Atualidade","Faro"],"articleSection":["Atualidade"],"inLanguage":"pt-PT","potentialAction":[{"@type":"CommentAction","name":"Comment","target":["https:\/\/algarve7.pt\/index.php\/2021\/11\/faro-recebe-evento-de-encerramento-do-programa-living-streets\/atualidade\/16\/46\/#respond"]}]},{"@type":"WebPage","@id":"https:\/\/algarve7.pt\/index.php\/2021\/11\/faro-recebe-evento-de-encerramento-do-programa-living-streets\/atualidade\/16\/46\/","url":"https:\/\/algarve7.pt\/index.php\/2021\/11\/faro-recebe-evento-de-encerramento-do-programa-living-streets\/atualidade\/16\/46\/","name":"Faro recebe evento de encerramento do programa \u201cLIVING STREETS\u201d - Algarve 7","isPartOf":{"@id":"https:\/\/algarve7.pt\/#website"},"primaryImageOfPage":{"@id":"https:\/\/algarve7.pt\/index.php\/2021\/11\/faro-recebe-evento-de-encerramento-do-programa-living-streets\/atualidade\/16\/46\/#primaryimage"},"image":{"@id":"https:\/\/algarve7.pt\/index.php\/2021\/11\/faro-recebe-evento-de-encerramento-do-programa-living-streets\/atualidade\/16\/46\/#primaryimage"},"thumbnailUrl":"https:\/\/algarve7.pt\/wp-content\/uploads\/2021\/11\/Living-Street-1.jpg","datePublished":"2021-11-25T16:46:28+00:00","dateModified":"2021-11-25T16:46:32+00:00","description":"Faro recebe evento de encerramento do programa \u201cLIVING STREETS\u201d Atualidade","breadcrumb":{"@id":"https:\/\/algarve7.pt\/index.php\/2021\/11\/faro-recebe-evento-de-encerramento-do-programa-living-streets\/atualidade\/16\/46\/#breadcrumb"},"inLanguage":"pt-PT","potentialAction":[{"@type":"ReadAction","target":["https:\/\/algarve7.pt\/index.php\/2021\/11\/faro-recebe-evento-de-encerramento-do-programa-living-streets\/atualidade\/16\/46\/"]}]},{"@type":"ImageObject","inLanguage":"pt-PT","@id":"https:\/\/algarve7.pt\/index.php\/2021\/11\/faro-recebe-evento-de-encerramento-do-programa-living-streets\/atualidade\/16\/46\/#primaryimage","url":"https:\/\/algarve7.pt\/wp-content\/uploads\/2021\/11\/Living-Street-1.jpg","contentUrl":"https:\/\/algarve7.pt\/wp-content\/uploads\/2021\/11\/Living-Street-1.jpg","width":1805,"height":1205},{"@type":"BreadcrumbList","@id":"https:\/\/algarve7.pt\/index.php\/2021\/11\/faro-recebe-evento-de-encerramento-do-programa-living-streets\/atualidade\/16\/46\/#breadcrumb","itemListElement":[{"@type":"ListItem","position":1,"name":"In\u00edcio","item":"https:\/\/algarve7.pt\/"},{"@type":"ListItem","position":2,"name":"Faro recebe evento de encerramento do programa \u201cLIVING STREETS\u201d"}]},{"@type":"WebSite","@id":"https:\/\/algarve7.pt\/#website","url":"https:\/\/algarve7.pt\/","name":"Algarve 7","description":"Informa\u00e7\u00e3o sobre o Algarve","publisher":{"@id":"https:\/\/algarve7.pt\/#organization"},"potentialAction":[{"@type":"SearchAction","target":{"@type":"EntryPoint","urlTemplate":"https:\/\/algarve7.pt\/?s={search_term_string}"},"query-input":{"@type":"PropertyValueSpecification","valueRequired":true,"valueName":"search_term_string"}}],"inLanguage":"pt-PT"},{"@type":"Organization","@id":"https:\/\/algarve7.pt\/#organization","name":"Algarve 7","url":"https:\/\/algarve7.pt\/","logo":{"@type":"ImageObject","inLanguage":"pt-PT","@id":"https:\/\/algarve7.pt\/#\/schema\/logo\/image\/","url":"https:\/\/algarve7.pt\/wp-content\/uploads\/2020\/10\/Logo-8.jpg","contentUrl":"https:\/\/algarve7.pt\/wp-content\/uploads\/2020\/10\/Logo-8.jpg","width":1680,"height":1186,"caption":"Algarve 7"},"image":{"@id":"https:\/\/algarve7.pt\/#\/schema\/logo\/image\/"},"sameAs":["https:\/\/www.facebook.com\/algarve7","https:\/\/x.com\/Algarvesete","https:\/\/www.instagram.com\/jornalalgarve7\/","https:\/\/www.linkedin.com\/company\/algarve7","https:\/\/www.pinterest.pt\/geral0939\/_created\/"]},{"@type":"Person","@id":"https:\/\/algarve7.pt\/#\/schema\/person\/23fa70681308e7b319a3204bcea45e0c","name":"Algarve 7","sameAs":["https:\/\/algarve7.pt","https:\/\/www.facebook.com\/algarve7"],"url":"https:\/\/algarve7.pt\/index.php\/author\/geralalgarve7-pt\/"}]}},"jetpack_publicize_connections":[],"jetpack_featured_media_url":"https:\/\/algarve7.pt\/wp-content\/uploads\/2021\/11\/Living-Street-1.jpg","jetpack_shortlink":"https:\/\/wp.me\/pcezmW-3wk","jetpack_sharing_enabled":true,"_links":{"self":[{"href":"https:\/\/algarve7.pt\/index.php\/wp-json\/wp\/v2\/posts\/13536","targetHints":{"allow":["GET"]}}],"collection":[{"href":"https:\/\/algarve7.pt\/index.php\/wp-json\/wp\/v2\/posts"}],"about":[{"href":"https:\/\/algarve7.pt\/index.php\/wp-json\/wp\/v2\/types\/post"}],"author":[{"embeddable":true,"href":"https:\/\/algarve7.pt\/index.php\/wp-json\/wp\/v2\/users\/1"}],"replies":[{"embeddable":true,"href":"https:\/\/algarve7.pt\/index.php\/wp-json\/wp\/v2\/comments?post=13536"}],"version-history":[{"count":0,"href":"https:\/\/algarve7.pt\/index.php\/wp-json\/wp\/v2\/posts\/13536\/revisions"}],"wp:featuredmedia":[{"embeddable":true,"href":"https:\/\/algarve7.pt\/index.php\/wp-json\/wp\/v2\/media\/13537"}],"wp:attachment":[{"href":"https:\/\/algarve7.pt\/index.php\/wp-json\/wp\/v2\/media?parent=13536"}],"wp:term":[{"taxonomy":"category","embeddable":true,"href":"https:\/\/algarve7.pt\/index.php\/wp-json\/wp\/v2\/categories?post=13536"},{"taxonomy":"post_tag","embeddable":true,"href":"https:\/\/algarve7.pt\/index.php\/wp-json\/wp\/v2\/tags?post=13536"}],"curies":[{"name":"wp","href":"https:\/\/api.w.org\/{rel}","templated":true}]}}