{"id":13452,"date":"2021-11-23T20:12:00","date_gmt":"2021-11-23T20:12:00","guid":{"rendered":"https:\/\/algarve7.pt\/?p=13452"},"modified":"2021-11-23T19:12:39","modified_gmt":"2021-11-23T19:12:39","slug":"seminario-discute-dependencia-da-insulina-em-contexto-de-viagem-necessidades-e-desafios","status":"publish","type":"post","link":"https:\/\/algarve7.pt\/index.php\/2021\/11\/seminario-discute-dependencia-da-insulina-em-contexto-de-viagem-necessidades-e-desafios\/saude\/20\/12\/","title":{"rendered":"Semin\u00e1rio discute &#8220;Depend\u00eancia da insulina em contexto de viagem. Necessidades e desafios&#8221;"},"content":{"rendered":"\n<p>No \u00e2mbito das comemora\u00e7\u00f5es dos 100 anos da descoberta da insulina, o Centro de Investiga\u00e7\u00e3o em Turismo, Sustentabilidade e Bem-Estar (CinTurs) da Universidade do Algarve organiza, no dia 24 de novembro, pelas 14h30, o semin\u00e1rio \u201cDepend\u00eancia da insulina em contexto de viagem. Necessidades e desafios\u201d.<strong>\u00a0<\/strong><\/p>\n\n\n\n<p>O semin\u00e1rio contar\u00e1 com a presen\u00e7a de dois \u201ccontadores de hist\u00f3rias\u201d, Catarina Mendanha, autora do livro \u201cMaria descobre a diabetes\u201d, e Jo\u00e3o Leal, jornalista do Jornal do Algarve, que falar\u00e3o sobre a sua experi\u00eancia de vida com a diabetes.<\/p>\n\n\n\n<p>Na tem\u00e1tica \u201cMedicina e Cong\u00e9neres\u201d participar\u00e3o os especialistas Carlos Godinho, coordenador da Unidade de Diabetologia (Centro Hospitalar Universit\u00e1rio do Algarve) e Maria Moniz, nutricionista.&nbsp;&nbsp;<\/p>\n\n\n\n<p>Na perspetiva do \u201cTurismo\u201d o semin\u00e1rio contar\u00e1 com a participa\u00e7\u00e3o de F\u00e1tima Catarina, vice-presidente da Regi\u00e3o de Turismo do Algarve e vice-presidente da Associa\u00e7\u00e3o de Turismo do Algarve, e Reinaldo Silh\u00e9u, diretor de Qualidade, Ambiente e Seguran\u00e7a, do Vila Gal\u00e9, S.A.<\/p>\n\n\n\n<p>O debate, que se realizar\u00e1 em formato online (via zoom), ser\u00e1 moderado por Marta Duarte, jornalista da Ag\u00eancia Lusa.<\/p>\n\n\n\n<p><strong>Link de acesso ao Zoom:&nbsp;<\/strong><\/p>\n\n\n\n<p><a href=\"https:\/\/videoconf-colibri.zoom.us\/j\/81676611163?pwd=Nk90YUp4QTFGM3VlMWtxS01ORzN2QT09\" target=\"_blank\" rel=\"noreferrer noopener\">https:\/\/videoconf-colibri.zoom.us\/j\/81676611163?pwd=Nk90YUp4QTFGM3VlMWtxS01ORzN2QT09<\/a><\/p>\n\n\n\n<p><strong>Consultar&nbsp;<a href=\"https:\/\/www.ualg.pt\/sites\/default\/files\/inline-files\/Cartaz_Webinar_24nov2021.pdf\" target=\"_blank\" rel=\"noreferrer noopener\">programa aqui<\/a><\/strong>.<\/p>\n","protected":false},"excerpt":{"rendered":"<p>No \u00e2mbito das comemora\u00e7\u00f5es dos 100 anos da descoberta da insulina, o Centro de Investiga\u00e7\u00e3o em Turismo, Sustentabilidade e Bem-Estar<\/p>\n","protected":false},"author":1,"featured_media":13453,"comment_status":"open","ping_status":"open","sticky":false,"template":"","format":"standard","meta":{"colormag_page_container_layout":"default_layout","colormag_page_sidebar_layout":"default_layout","_monsterinsights_skip_tracking":false,"_monsterinsights_sitenote_active":false,"_monsterinsights_sitenote_note":"","_monsterinsights_sitenote_category":0,"jetpack_post_was_ever_published":false,"_jetpack_newsletter_access":"","_jetpack_dont_email_post_to_subs":false,"_jetpack_newsletter_tier_id":0,"_jetpack_memberships_contains_paywalled_content":false,"_jetpack_memberships_contains_paid_content":false,"footnotes":"","jetpack_publicize_message":"","jetpack_publicize_feature_enabled":true,"jetpack_social_post_already_shared":true,"jetpack_social_options":{"image_generator_settings":{"template":"highway","default_image_id":0,"font":"","enabled":false},"version":2}},"categories":[59],"tags":[36,253,58,477,182],"class_list":["post-13452","post","type-post","status-publish","format-standard","has-post-thumbnail","hentry","category-saude","tag-algarve","tag-online","tag-saude","tag-seminario","tag-ualg"],"yoast_head":"<!-- This site is optimized with the Yoast SEO plugin v27.5 - https:\/\/yoast.com\/product\/yoast-seo-wordpress\/ -->\n<title>Semin\u00e1rio discute &quot;Depend\u00eancia da insulina em contexto de viagem. Necessidades e desafios&quot; - Algarve 7<\/title>\n<meta name=\"description\" content=\"Semin\u00e1rio discute &quot;Depend\u00eancia da insulina em contexto de viagem. Necessidades e desafios&quot; Sa\u00fade\" \/>\n<meta name=\"robots\" content=\"index, follow, max-snippet:-1, max-image-preview:large, max-video-preview:-1\" \/>\n<link rel=\"canonical\" href=\"https:\/\/algarve7.pt\/index.php\/2021\/11\/seminario-discute-dependencia-da-insulina-em-contexto-de-viagem-necessidades-e-desafios\/saude\/20\/12\/\" \/>\n<meta property=\"og:locale\" content=\"pt_PT\" \/>\n<meta property=\"og:type\" content=\"article\" \/>\n<meta property=\"og:title\" content=\"Semin\u00e1rio discute &quot;Depend\u00eancia da insulina em contexto de viagem. Necessidades e desafios&quot; - Algarve 7\" \/>\n<meta property=\"og:description\" content=\"Semin\u00e1rio discute &quot;Depend\u00eancia da insulina em contexto de viagem. Necessidades e desafios&quot; Sa\u00fade\" \/>\n<meta property=\"og:url\" content=\"https:\/\/algarve7.pt\/index.php\/2021\/11\/seminario-discute-dependencia-da-insulina-em-contexto-de-viagem-necessidades-e-desafios\/saude\/20\/12\/\" \/>\n<meta property=\"og:site_name\" content=\"Algarve 7\" \/>\n<meta property=\"article:publisher\" content=\"https:\/\/www.facebook.com\/algarve7\" \/>\n<meta property=\"article:author\" content=\"https:\/\/www.facebook.com\/algarve7\" \/>\n<meta property=\"article:published_time\" content=\"2021-11-23T20:12:00+00:00\" \/>\n<meta property=\"og:image\" content=\"https:\/\/algarve7.pt\/wp-content\/uploads\/2021\/11\/Captura-de-ecra-2021-11-23-as-19.09.29.png\" \/>\n\t<meta property=\"og:image:width\" content=\"1548\" \/>\n\t<meta property=\"og:image:height\" content=\"852\" \/>\n\t<meta property=\"og:image:type\" content=\"image\/png\" \/>\n<meta name=\"author\" content=\"Algarve 7\" \/>\n<meta name=\"twitter:card\" content=\"summary_large_image\" \/>\n<meta name=\"twitter:creator\" content=\"@Algarvesete\" \/>\n<meta name=\"twitter:site\" content=\"@Algarvesete\" \/>\n<meta name=\"twitter:label1\" content=\"Escrito por\" \/>\n\t<meta name=\"twitter:data1\" content=\"Algarve 7\" \/>\n\t<meta name=\"twitter:label2\" content=\"Tempo estimado de leitura\" \/>\n\t<meta name=\"twitter:data2\" content=\"1 minuto\" \/>\n<script type=\"application\/ld+json\" class=\"yoast-schema-graph\">{\"@context\":\"https:\\\/\\\/schema.org\",\"@graph\":[{\"@type\":\"Article\",\"@id\":\"https:\\\/\\\/algarve7.pt\\\/index.php\\\/2021\\\/11\\\/seminario-discute-dependencia-da-insulina-em-contexto-de-viagem-necessidades-e-desafios\\\/saude\\\/20\\\/12\\\/#article\",\"isPartOf\":{\"@id\":\"https:\\\/\\\/algarve7.pt\\\/index.php\\\/2021\\\/11\\\/seminario-discute-dependencia-da-insulina-em-contexto-de-viagem-necessidades-e-desafios\\\/saude\\\/20\\\/12\\\/\"},\"author\":{\"name\":\"Algarve 7\",\"@id\":\"https:\\\/\\\/algarve7.pt\\\/#\\\/schema\\\/person\\\/23fa70681308e7b319a3204bcea45e0c\"},\"headline\":\"Semin\u00e1rio discute &#8220;Depend\u00eancia da insulina em contexto de viagem. Necessidades e desafios&#8221;\",\"datePublished\":\"2021-11-23T20:12:00+00:00\",\"mainEntityOfPage\":{\"@id\":\"https:\\\/\\\/algarve7.pt\\\/index.php\\\/2021\\\/11\\\/seminario-discute-dependencia-da-insulina-em-contexto-de-viagem-necessidades-e-desafios\\\/saude\\\/20\\\/12\\\/\"},\"wordCount\":227,\"commentCount\":0,\"publisher\":{\"@id\":\"https:\\\/\\\/algarve7.pt\\\/#organization\"},\"image\":{\"@id\":\"https:\\\/\\\/algarve7.pt\\\/index.php\\\/2021\\\/11\\\/seminario-discute-dependencia-da-insulina-em-contexto-de-viagem-necessidades-e-desafios\\\/saude\\\/20\\\/12\\\/#primaryimage\"},\"thumbnailUrl\":\"https:\\\/\\\/algarve7.pt\\\/wp-content\\\/uploads\\\/2021\\\/11\\\/Captura-de-ecra-2021-11-23-as-19.09.29.png\",\"keywords\":[\"Algarve\",\"Online\",\"Sa\u00fade\",\"Semin\u00e1rio\",\"UALG\"],\"articleSection\":[\"Sa\u00fade\"],\"inLanguage\":\"pt-PT\",\"potentialAction\":[{\"@type\":\"CommentAction\",\"name\":\"Comment\",\"target\":[\"https:\\\/\\\/algarve7.pt\\\/index.php\\\/2021\\\/11\\\/seminario-discute-dependencia-da-insulina-em-contexto-de-viagem-necessidades-e-desafios\\\/saude\\\/20\\\/12\\\/#respond\"]}]},{\"@type\":\"WebPage\",\"@id\":\"https:\\\/\\\/algarve7.pt\\\/index.php\\\/2021\\\/11\\\/seminario-discute-dependencia-da-insulina-em-contexto-de-viagem-necessidades-e-desafios\\\/saude\\\/20\\\/12\\\/\",\"url\":\"https:\\\/\\\/algarve7.pt\\\/index.php\\\/2021\\\/11\\\/seminario-discute-dependencia-da-insulina-em-contexto-de-viagem-necessidades-e-desafios\\\/saude\\\/20\\\/12\\\/\",\"name\":\"Semin\u00e1rio discute \\\"Depend\u00eancia da insulina em contexto de viagem. Necessidades e desafios\\\" - Algarve 7\",\"isPartOf\":{\"@id\":\"https:\\\/\\\/algarve7.pt\\\/#website\"},\"primaryImageOfPage\":{\"@id\":\"https:\\\/\\\/algarve7.pt\\\/index.php\\\/2021\\\/11\\\/seminario-discute-dependencia-da-insulina-em-contexto-de-viagem-necessidades-e-desafios\\\/saude\\\/20\\\/12\\\/#primaryimage\"},\"image\":{\"@id\":\"https:\\\/\\\/algarve7.pt\\\/index.php\\\/2021\\\/11\\\/seminario-discute-dependencia-da-insulina-em-contexto-de-viagem-necessidades-e-desafios\\\/saude\\\/20\\\/12\\\/#primaryimage\"},\"thumbnailUrl\":\"https:\\\/\\\/algarve7.pt\\\/wp-content\\\/uploads\\\/2021\\\/11\\\/Captura-de-ecra-2021-11-23-as-19.09.29.png\",\"datePublished\":\"2021-11-23T20:12:00+00:00\",\"description\":\"Semin\u00e1rio discute \\\"Depend\u00eancia da insulina em contexto de viagem. Necessidades e desafios\\\" Sa\u00fade\",\"breadcrumb\":{\"@id\":\"https:\\\/\\\/algarve7.pt\\\/index.php\\\/2021\\\/11\\\/seminario-discute-dependencia-da-insulina-em-contexto-de-viagem-necessidades-e-desafios\\\/saude\\\/20\\\/12\\\/#breadcrumb\"},\"inLanguage\":\"pt-PT\",\"potentialAction\":[{\"@type\":\"ReadAction\",\"target\":[\"https:\\\/\\\/algarve7.pt\\\/index.php\\\/2021\\\/11\\\/seminario-discute-dependencia-da-insulina-em-contexto-de-viagem-necessidades-e-desafios\\\/saude\\\/20\\\/12\\\/\"]}]},{\"@type\":\"ImageObject\",\"inLanguage\":\"pt-PT\",\"@id\":\"https:\\\/\\\/algarve7.pt\\\/index.php\\\/2021\\\/11\\\/seminario-discute-dependencia-da-insulina-em-contexto-de-viagem-necessidades-e-desafios\\\/saude\\\/20\\\/12\\\/#primaryimage\",\"url\":\"https:\\\/\\\/algarve7.pt\\\/wp-content\\\/uploads\\\/2021\\\/11\\\/Captura-de-ecra-2021-11-23-as-19.09.29.png\",\"contentUrl\":\"https:\\\/\\\/algarve7.pt\\\/wp-content\\\/uploads\\\/2021\\\/11\\\/Captura-de-ecra-2021-11-23-as-19.09.29.png\",\"width\":1548,\"height\":852},{\"@type\":\"BreadcrumbList\",\"@id\":\"https:\\\/\\\/algarve7.pt\\\/index.php\\\/2021\\\/11\\\/seminario-discute-dependencia-da-insulina-em-contexto-de-viagem-necessidades-e-desafios\\\/saude\\\/20\\\/12\\\/#breadcrumb\",\"itemListElement\":[{\"@type\":\"ListItem\",\"position\":1,\"name\":\"In\u00edcio\",\"item\":\"https:\\\/\\\/algarve7.pt\\\/\"},{\"@type\":\"ListItem\",\"position\":2,\"name\":\"Semin\u00e1rio discute &#8220;Depend\u00eancia da insulina em contexto de viagem. Necessidades e desafios&#8221;\"}]},{\"@type\":\"WebSite\",\"@id\":\"https:\\\/\\\/algarve7.pt\\\/#website\",\"url\":\"https:\\\/\\\/algarve7.pt\\\/\",\"name\":\"Algarve 7\",\"description\":\"Informa\u00e7\u00e3o sobre o Algarve\",\"publisher\":{\"@id\":\"https:\\\/\\\/algarve7.pt\\\/#organization\"},\"potentialAction\":[{\"@type\":\"SearchAction\",\"target\":{\"@type\":\"EntryPoint\",\"urlTemplate\":\"https:\\\/\\\/algarve7.pt\\\/?s={search_term_string}\"},\"query-input\":{\"@type\":\"PropertyValueSpecification\",\"valueRequired\":true,\"valueName\":\"search_term_string\"}}],\"inLanguage\":\"pt-PT\"},{\"@type\":\"Organization\",\"@id\":\"https:\\\/\\\/algarve7.pt\\\/#organization\",\"name\":\"Algarve 7\",\"url\":\"https:\\\/\\\/algarve7.pt\\\/\",\"logo\":{\"@type\":\"ImageObject\",\"inLanguage\":\"pt-PT\",\"@id\":\"https:\\\/\\\/algarve7.pt\\\/#\\\/schema\\\/logo\\\/image\\\/\",\"url\":\"https:\\\/\\\/algarve7.pt\\\/wp-content\\\/uploads\\\/2020\\\/10\\\/Logo-8.jpg\",\"contentUrl\":\"https:\\\/\\\/algarve7.pt\\\/wp-content\\\/uploads\\\/2020\\\/10\\\/Logo-8.jpg\",\"width\":1680,\"height\":1186,\"caption\":\"Algarve 7\"},\"image\":{\"@id\":\"https:\\\/\\\/algarve7.pt\\\/#\\\/schema\\\/logo\\\/image\\\/\"},\"sameAs\":[\"https:\\\/\\\/www.facebook.com\\\/algarve7\",\"https:\\\/\\\/x.com\\\/Algarvesete\",\"https:\\\/\\\/www.instagram.com\\\/jornalalgarve7\\\/\",\"https:\\\/\\\/www.linkedin.com\\\/company\\\/algarve7\",\"https:\\\/\\\/www.pinterest.pt\\\/geral0939\\\/_created\\\/\"]},{\"@type\":\"Person\",\"@id\":\"https:\\\/\\\/algarve7.pt\\\/#\\\/schema\\\/person\\\/23fa70681308e7b319a3204bcea45e0c\",\"name\":\"Algarve 7\",\"sameAs\":[\"https:\\\/\\\/algarve7.pt\",\"https:\\\/\\\/www.facebook.com\\\/algarve7\"],\"url\":\"https:\\\/\\\/algarve7.pt\\\/index.php\\\/author\\\/geralalgarve7-pt\\\/\"}]}<\/script>\n<!-- \/ Yoast SEO plugin. -->","yoast_head_json":{"title":"Semin\u00e1rio discute \"Depend\u00eancia da insulina em contexto de viagem. Necessidades e desafios\" - Algarve 7","description":"Semin\u00e1rio discute \"Depend\u00eancia da insulina em contexto de viagem. Necessidades e desafios\" Sa\u00fade","robots":{"index":"index","follow":"follow","max-snippet":"max-snippet:-1","max-image-preview":"max-image-preview:large","max-video-preview":"max-video-preview:-1"},"canonical":"https:\/\/algarve7.pt\/index.php\/2021\/11\/seminario-discute-dependencia-da-insulina-em-contexto-de-viagem-necessidades-e-desafios\/saude\/20\/12\/","og_locale":"pt_PT","og_type":"article","og_title":"Semin\u00e1rio discute \"Depend\u00eancia da insulina em contexto de viagem. Necessidades e desafios\" - Algarve 7","og_description":"Semin\u00e1rio discute \"Depend\u00eancia da insulina em contexto de viagem. Necessidades e desafios\" Sa\u00fade","og_url":"https:\/\/algarve7.pt\/index.php\/2021\/11\/seminario-discute-dependencia-da-insulina-em-contexto-de-viagem-necessidades-e-desafios\/saude\/20\/12\/","og_site_name":"Algarve 7","article_publisher":"https:\/\/www.facebook.com\/algarve7","article_author":"https:\/\/www.facebook.com\/algarve7","article_published_time":"2021-11-23T20:12:00+00:00","og_image":[{"width":1548,"height":852,"url":"https:\/\/algarve7.pt\/wp-content\/uploads\/2021\/11\/Captura-de-ecra-2021-11-23-as-19.09.29.png","type":"image\/png"}],"author":"Algarve 7","twitter_card":"summary_large_image","twitter_creator":"@Algarvesete","twitter_site":"@Algarvesete","twitter_misc":{"Escrito por":"Algarve 7","Tempo estimado de leitura":"1 minuto"},"schema":{"@context":"https:\/\/schema.org","@graph":[{"@type":"Article","@id":"https:\/\/algarve7.pt\/index.php\/2021\/11\/seminario-discute-dependencia-da-insulina-em-contexto-de-viagem-necessidades-e-desafios\/saude\/20\/12\/#article","isPartOf":{"@id":"https:\/\/algarve7.pt\/index.php\/2021\/11\/seminario-discute-dependencia-da-insulina-em-contexto-de-viagem-necessidades-e-desafios\/saude\/20\/12\/"},"author":{"name":"Algarve 7","@id":"https:\/\/algarve7.pt\/#\/schema\/person\/23fa70681308e7b319a3204bcea45e0c"},"headline":"Semin\u00e1rio discute &#8220;Depend\u00eancia da insulina em contexto de viagem. Necessidades e desafios&#8221;","datePublished":"2021-11-23T20:12:00+00:00","mainEntityOfPage":{"@id":"https:\/\/algarve7.pt\/index.php\/2021\/11\/seminario-discute-dependencia-da-insulina-em-contexto-de-viagem-necessidades-e-desafios\/saude\/20\/12\/"},"wordCount":227,"commentCount":0,"publisher":{"@id":"https:\/\/algarve7.pt\/#organization"},"image":{"@id":"https:\/\/algarve7.pt\/index.php\/2021\/11\/seminario-discute-dependencia-da-insulina-em-contexto-de-viagem-necessidades-e-desafios\/saude\/20\/12\/#primaryimage"},"thumbnailUrl":"https:\/\/algarve7.pt\/wp-content\/uploads\/2021\/11\/Captura-de-ecra-2021-11-23-as-19.09.29.png","keywords":["Algarve","Online","Sa\u00fade","Semin\u00e1rio","UALG"],"articleSection":["Sa\u00fade"],"inLanguage":"pt-PT","potentialAction":[{"@type":"CommentAction","name":"Comment","target":["https:\/\/algarve7.pt\/index.php\/2021\/11\/seminario-discute-dependencia-da-insulina-em-contexto-de-viagem-necessidades-e-desafios\/saude\/20\/12\/#respond"]}]},{"@type":"WebPage","@id":"https:\/\/algarve7.pt\/index.php\/2021\/11\/seminario-discute-dependencia-da-insulina-em-contexto-de-viagem-necessidades-e-desafios\/saude\/20\/12\/","url":"https:\/\/algarve7.pt\/index.php\/2021\/11\/seminario-discute-dependencia-da-insulina-em-contexto-de-viagem-necessidades-e-desafios\/saude\/20\/12\/","name":"Semin\u00e1rio discute \"Depend\u00eancia da insulina em contexto de viagem. Necessidades e desafios\" - Algarve 7","isPartOf":{"@id":"https:\/\/algarve7.pt\/#website"},"primaryImageOfPage":{"@id":"https:\/\/algarve7.pt\/index.php\/2021\/11\/seminario-discute-dependencia-da-insulina-em-contexto-de-viagem-necessidades-e-desafios\/saude\/20\/12\/#primaryimage"},"image":{"@id":"https:\/\/algarve7.pt\/index.php\/2021\/11\/seminario-discute-dependencia-da-insulina-em-contexto-de-viagem-necessidades-e-desafios\/saude\/20\/12\/#primaryimage"},"thumbnailUrl":"https:\/\/algarve7.pt\/wp-content\/uploads\/2021\/11\/Captura-de-ecra-2021-11-23-as-19.09.29.png","datePublished":"2021-11-23T20:12:00+00:00","description":"Semin\u00e1rio discute \"Depend\u00eancia da insulina em contexto de viagem. Necessidades e desafios\" Sa\u00fade","breadcrumb":{"@id":"https:\/\/algarve7.pt\/index.php\/2021\/11\/seminario-discute-dependencia-da-insulina-em-contexto-de-viagem-necessidades-e-desafios\/saude\/20\/12\/#breadcrumb"},"inLanguage":"pt-PT","potentialAction":[{"@type":"ReadAction","target":["https:\/\/algarve7.pt\/index.php\/2021\/11\/seminario-discute-dependencia-da-insulina-em-contexto-de-viagem-necessidades-e-desafios\/saude\/20\/12\/"]}]},{"@type":"ImageObject","inLanguage":"pt-PT","@id":"https:\/\/algarve7.pt\/index.php\/2021\/11\/seminario-discute-dependencia-da-insulina-em-contexto-de-viagem-necessidades-e-desafios\/saude\/20\/12\/#primaryimage","url":"https:\/\/algarve7.pt\/wp-content\/uploads\/2021\/11\/Captura-de-ecra-2021-11-23-as-19.09.29.png","contentUrl":"https:\/\/algarve7.pt\/wp-content\/uploads\/2021\/11\/Captura-de-ecra-2021-11-23-as-19.09.29.png","width":1548,"height":852},{"@type":"BreadcrumbList","@id":"https:\/\/algarve7.pt\/index.php\/2021\/11\/seminario-discute-dependencia-da-insulina-em-contexto-de-viagem-necessidades-e-desafios\/saude\/20\/12\/#breadcrumb","itemListElement":[{"@type":"ListItem","position":1,"name":"In\u00edcio","item":"https:\/\/algarve7.pt\/"},{"@type":"ListItem","position":2,"name":"Semin\u00e1rio discute &#8220;Depend\u00eancia da insulina em contexto de viagem. Necessidades e desafios&#8221;"}]},{"@type":"WebSite","@id":"https:\/\/algarve7.pt\/#website","url":"https:\/\/algarve7.pt\/","name":"Algarve 7","description":"Informa\u00e7\u00e3o sobre o Algarve","publisher":{"@id":"https:\/\/algarve7.pt\/#organization"},"potentialAction":[{"@type":"SearchAction","target":{"@type":"EntryPoint","urlTemplate":"https:\/\/algarve7.pt\/?s={search_term_string}"},"query-input":{"@type":"PropertyValueSpecification","valueRequired":true,"valueName":"search_term_string"}}],"inLanguage":"pt-PT"},{"@type":"Organization","@id":"https:\/\/algarve7.pt\/#organization","name":"Algarve 7","url":"https:\/\/algarve7.pt\/","logo":{"@type":"ImageObject","inLanguage":"pt-PT","@id":"https:\/\/algarve7.pt\/#\/schema\/logo\/image\/","url":"https:\/\/algarve7.pt\/wp-content\/uploads\/2020\/10\/Logo-8.jpg","contentUrl":"https:\/\/algarve7.pt\/wp-content\/uploads\/2020\/10\/Logo-8.jpg","width":1680,"height":1186,"caption":"Algarve 7"},"image":{"@id":"https:\/\/algarve7.pt\/#\/schema\/logo\/image\/"},"sameAs":["https:\/\/www.facebook.com\/algarve7","https:\/\/x.com\/Algarvesete","https:\/\/www.instagram.com\/jornalalgarve7\/","https:\/\/www.linkedin.com\/company\/algarve7","https:\/\/www.pinterest.pt\/geral0939\/_created\/"]},{"@type":"Person","@id":"https:\/\/algarve7.pt\/#\/schema\/person\/23fa70681308e7b319a3204bcea45e0c","name":"Algarve 7","sameAs":["https:\/\/algarve7.pt","https:\/\/www.facebook.com\/algarve7"],"url":"https:\/\/algarve7.pt\/index.php\/author\/geralalgarve7-pt\/"}]}},"jetpack_publicize_connections":[],"jetpack_featured_media_url":"https:\/\/algarve7.pt\/wp-content\/uploads\/2021\/11\/Captura-de-ecra-2021-11-23-as-19.09.29.png","jetpack_shortlink":"https:\/\/wp.me\/pcezmW-3uY","jetpack_sharing_enabled":true,"_links":{"self":[{"href":"https:\/\/algarve7.pt\/index.php\/wp-json\/wp\/v2\/posts\/13452","targetHints":{"allow":["GET"]}}],"collection":[{"href":"https:\/\/algarve7.pt\/index.php\/wp-json\/wp\/v2\/posts"}],"about":[{"href":"https:\/\/algarve7.pt\/index.php\/wp-json\/wp\/v2\/types\/post"}],"author":[{"embeddable":true,"href":"https:\/\/algarve7.pt\/index.php\/wp-json\/wp\/v2\/users\/1"}],"replies":[{"embeddable":true,"href":"https:\/\/algarve7.pt\/index.php\/wp-json\/wp\/v2\/comments?post=13452"}],"version-history":[{"count":0,"href":"https:\/\/algarve7.pt\/index.php\/wp-json\/wp\/v2\/posts\/13452\/revisions"}],"wp:featuredmedia":[{"embeddable":true,"href":"https:\/\/algarve7.pt\/index.php\/wp-json\/wp\/v2\/media\/13453"}],"wp:attachment":[{"href":"https:\/\/algarve7.pt\/index.php\/wp-json\/wp\/v2\/media?parent=13452"}],"wp:term":[{"taxonomy":"category","embeddable":true,"href":"https:\/\/algarve7.pt\/index.php\/wp-json\/wp\/v2\/categories?post=13452"},{"taxonomy":"post_tag","embeddable":true,"href":"https:\/\/algarve7.pt\/index.php\/wp-json\/wp\/v2\/tags?post=13452"}],"curies":[{"name":"wp","href":"https:\/\/api.w.org\/{rel}","templated":true}]}}