{"id":1343,"date":"2020-09-14T13:30:13","date_gmt":"2020-09-14T12:30:13","guid":{"rendered":"https:\/\/algarve7.pt\/?p=1343"},"modified":"2020-09-14T12:34:45","modified_gmt":"2020-09-14T11:34:45","slug":"monumentos-megaliticos-de-alcalar-recebem-oficinas-da-pre-historia","status":"publish","type":"post","link":"https:\/\/algarve7.pt\/index.php\/2020\/09\/monumentos-megaliticos-de-alcalar-recebem-oficinas-da-pre-historia\/cultura\/13\/30\/","title":{"rendered":"Monumentos megal\u00edticos de Alcalar recebem Oficinas da Pr\u00e9-Hist\u00f3ria"},"content":{"rendered":"\n<p>No pr\u00f3ximo dia 26 de setembro, os monumentos megal\u00edticos de Alcalar ser\u00e3o palco das Oficinas da Pr\u00e9-Hist\u00f3ria, que possibilitar\u00e3o a quem se inscrever ficar a saber como h\u00e1 milhares de anos se moldava o barro, talhava, gravava e pintava.<\/p>\n\n\n\n<p>Integradas nas Jornadas Europeias do Patrim\u00f3nio, as oficinas ser\u00e3o promovidas pelo GAMP &#8211; Grupo de Amigos do Museu de Portim\u00e3o, que tem vindo a desenvolver alguns projetos em estreita articula\u00e7\u00e3o com o Museu de Portim\u00e3o e a Dire\u00e7\u00e3o Regional de Cultura do Algarve, dos quais se destaca a atividade \u201cUm Dia na Pr\u00e9-Hist\u00f3ria\u201d, que costuma atrair centenas de pessoas a Alcalar.<\/p>\n\n\n\n<p>Esta a\u00e7\u00e3o constitui uma alternativa \u00e0quela iniciativa, realizada no \u00e2mbito do Programa DiVaM, e que este ano foi suspensa devido \u00e0 atual situa\u00e7\u00e3o pand\u00e9mica, prevendo-se que seja retomada em 2021.<\/p>\n\n\n\n<p>As quatro oficinas de talhe, de placas de xisto, de barro e de pintura rupestre, a realizar a 26 de setembro, das 10h00 \u00e0s 18h00, abordar\u00e3o os dom\u00ednios da arqueologia experimental, da arte e arqueologia e da anima\u00e7\u00e3o pedag\u00f3gica, tendo cada um a dura\u00e7\u00e3o m\u00e1xima de duas horas.<\/p>\n\n\n\n<p>Dados os vigentes condicionalismos de espa\u00e7o, distanciamento social, o uso individual de m\u00e1scara e o rigor sanit\u00e1rio, vai ser adotado um modelo mais reduzido e controlado de intervenientes, com o limite m\u00e1ximo previsto, sujeito a inscri\u00e7\u00e3o pr\u00e9via e obrigat\u00f3ria, de dez pessoas por cada uma das oficinas, que decorrer\u00e3o no per\u00edodo da manh\u00e3, com in\u00edcio \u00e0s 10h00, e de tarde, pelas 15h00, num total n\u00e3o superior a 40 participantes em cada sess\u00e3o.<\/p>\n\n\n\n<p>Para al\u00e9m do distanciamento entre os participantes nas oficinas, cada uma estar\u00e1 distribu\u00edda com consider\u00e1vel afastamento no espa\u00e7o exterior dos monumentos de Alcalar e, tendo em conta as normas de seguran\u00e7a em vigor, a visita p\u00fablica e generalizada estar\u00e1 nesse dia limitada apenas aos inscritos nesta atividade das Oficinas da Pr\u00e9-Hist\u00f3ria.<\/p>\n\n\n\n<p><strong>COMO FUNCIONAM AS OFICINAS<\/strong><\/p>\n\n\n\n<p>No que toca \u00e0s oficinas previstas, a atividade de talhe consiste na reprodu\u00e7\u00e3o de utens\u00edlios l\u00edticos, partindo dos princ\u00edpios b\u00e1sicos do talhe da pedra e utilizando as mesmas mat\u00e9rias-primas que eram usadas durante a pr\u00e9-hist\u00f3ria. O desafio ser\u00e1 a confe\u00e7\u00e3o de uma ponta de seta ou uma faca, partindo de uma lasca em s\u00edlex e utilizando percutores em haste de veado. Em seguida, vai ser utilizada uma das t\u00e9cnicas de reprodu\u00e7\u00e3o de colas, para que cada participante encabe o seu objeto.<\/p>\n\n\n\n<p>Outra oficina consiste em gravar uma placa de xisto recorrendo aos mesmos materiais que seriam utilizados durante a pr\u00e9-hist\u00f3ria. Partindo de um pequeno bloco em xisto, os participantes ter\u00e3o de come\u00e7ar por polir a placa, fazendo de seguida um pequeno orif\u00edcio numa das extremidades com recurso a um furador de pedra. Por fim, ter\u00e3o de gravar a placa de xisto utilizando utens\u00edlios em pedra ou em osso. As decora\u00e7\u00f5es ser\u00e3o inspiradas nas placas originas encontradas em Alcalar.<\/p>\n\n\n\n<p>Demonstrar como se produzia o barro a partir da argila e, posteriormente, exemplificar diferentes t\u00e9cnicas de moldar, com o objetivo de obter diversas tipologias de vasos cer\u00e2micos ou replicar pequenas estatuetas em barro, \u00e9 outro dos convites feitos aos participantes.<\/p>\n\n\n\n<p>Haver\u00e1 igualmente uma oficina de pintura rupestre, para a reprodu\u00e7\u00e3o de t\u00e9cnicas pr\u00e9-hist\u00f3ricas. Ser\u00e1 exemplificado como poderiam ser produzidas as tintas a partir de v\u00e1rios pigmentos naturais e explicadas as diversas t\u00e9cnicas de pintura, utilizando esses mesmos pigmentos. Cada participante dever\u00e1 produzir a sua pr\u00f3pria pintura a partir das t\u00e9cnicas exemplificadas, utilizando os pigmentos naturais preparados.<\/p>\n\n\n\n<p>Todos os participantes receber\u00e3o um \u2018kit\u2019 de trabalho para executar as tarefas propostas em cada ateli\u00ea, de forma a evitar a troca de materiais entre os intervenientes nesta iniciativa e respetivos coordenadores, devendo os interessados inscrever-se desde j\u00e1, at\u00e9 ao dia 24 de setembro, quer pelo n\u00famero de telefone 282 405 230, quer diretamente na rece\u00e7\u00e3o do Museu de Portim\u00e3o.<\/p>\n","protected":false},"excerpt":{"rendered":"<p>No pr\u00f3ximo dia 26 de setembro, os monumentos megal\u00edticos de Alcalar ser\u00e3o palco das Oficinas da Pr\u00e9-Hist\u00f3ria, que possibilitar\u00e3o a<\/p>\n","protected":false},"author":1,"featured_media":1344,"comment_status":"closed","ping_status":"open","sticky":false,"template":"","format":"standard","meta":{"colormag_page_container_layout":"default_layout","colormag_page_sidebar_layout":"default_layout","_monsterinsights_skip_tracking":false,"_monsterinsights_sitenote_active":false,"_monsterinsights_sitenote_note":"","_monsterinsights_sitenote_category":0,"jetpack_post_was_ever_published":false,"_jetpack_newsletter_access":"","_jetpack_dont_email_post_to_subs":false,"_jetpack_newsletter_tier_id":0,"_jetpack_memberships_contains_paywalled_content":false,"_jetpack_memberships_contains_paid_content":false,"footnotes":"","jetpack_publicize_message":"","jetpack_publicize_feature_enabled":true,"jetpack_social_post_already_shared":true,"jetpack_social_options":{"image_generator_settings":{"template":"highway","default_image_id":0,"font":"","enabled":false},"version":2}},"categories":[14],"tags":[35,72],"class_list":["post-1343","post","type-post","status-publish","format-standard","has-post-thumbnail","hentry","category-cultura","tag-cultura","tag-portimao"],"yoast_head":"<!-- This site is optimized with the Yoast SEO plugin v27.5 - https:\/\/yoast.com\/product\/yoast-seo-wordpress\/ -->\n<title>Monumentos megal\u00edticos de Alcalar recebem Oficinas da Pr\u00e9-Hist\u00f3ria - Algarve 7<\/title>\n<meta name=\"description\" content=\"Monumentos megal\u00edticos de Alcalar recebem Oficinas da Pr\u00e9-Hist\u00f3ria\" \/>\n<meta name=\"robots\" content=\"index, follow, max-snippet:-1, max-image-preview:large, max-video-preview:-1\" \/>\n<link rel=\"canonical\" href=\"https:\/\/algarve7.pt\/index.php\/2020\/09\/monumentos-megaliticos-de-alcalar-recebem-oficinas-da-pre-historia\/cultura\/13\/30\/\" \/>\n<meta property=\"og:locale\" content=\"pt_PT\" \/>\n<meta property=\"og:type\" content=\"article\" \/>\n<meta property=\"og:title\" content=\"Monumentos megal\u00edticos de Alcalar recebem Oficinas da Pr\u00e9-Hist\u00f3ria - Algarve 7\" \/>\n<meta property=\"og:description\" content=\"Monumentos megal\u00edticos de Alcalar recebem Oficinas da Pr\u00e9-Hist\u00f3ria\" \/>\n<meta property=\"og:url\" content=\"https:\/\/algarve7.pt\/index.php\/2020\/09\/monumentos-megaliticos-de-alcalar-recebem-oficinas-da-pre-historia\/cultura\/13\/30\/\" \/>\n<meta property=\"og:site_name\" content=\"Algarve 7\" \/>\n<meta property=\"article:publisher\" content=\"https:\/\/www.facebook.com\/algarve7\" \/>\n<meta property=\"article:author\" content=\"https:\/\/www.facebook.com\/algarve7\" \/>\n<meta property=\"article:published_time\" content=\"2020-09-14T12:30:13+00:00\" \/>\n<meta property=\"og:image\" content=\"https:\/\/algarve7.pt\/wp-content\/uploads\/2020\/09\/Oficina-do-barro.jpg\" \/>\n\t<meta property=\"og:image:width\" content=\"1890\" \/>\n\t<meta property=\"og:image:height\" content=\"1260\" \/>\n\t<meta property=\"og:image:type\" content=\"image\/jpeg\" \/>\n<meta name=\"author\" content=\"Algarve 7\" \/>\n<meta name=\"twitter:card\" content=\"summary_large_image\" \/>\n<meta name=\"twitter:creator\" content=\"@Algarvesete\" \/>\n<meta name=\"twitter:site\" content=\"@Algarvesete\" \/>\n<meta name=\"twitter:label1\" content=\"Escrito por\" \/>\n\t<meta name=\"twitter:data1\" content=\"Algarve 7\" \/>\n\t<meta name=\"twitter:label2\" content=\"Tempo estimado de leitura\" \/>\n\t<meta name=\"twitter:data2\" content=\"3 minutos\" \/>\n<script type=\"application\/ld+json\" class=\"yoast-schema-graph\">{\"@context\":\"https:\\\/\\\/schema.org\",\"@graph\":[{\"@type\":\"Article\",\"@id\":\"https:\\\/\\\/algarve7.pt\\\/index.php\\\/2020\\\/09\\\/monumentos-megaliticos-de-alcalar-recebem-oficinas-da-pre-historia\\\/cultura\\\/13\\\/30\\\/#article\",\"isPartOf\":{\"@id\":\"https:\\\/\\\/algarve7.pt\\\/index.php\\\/2020\\\/09\\\/monumentos-megaliticos-de-alcalar-recebem-oficinas-da-pre-historia\\\/cultura\\\/13\\\/30\\\/\"},\"author\":{\"name\":\"Algarve 7\",\"@id\":\"https:\\\/\\\/algarve7.pt\\\/#\\\/schema\\\/person\\\/23fa70681308e7b319a3204bcea45e0c\"},\"headline\":\"Monumentos megal\u00edticos de Alcalar recebem Oficinas da Pr\u00e9-Hist\u00f3ria\",\"datePublished\":\"2020-09-14T12:30:13+00:00\",\"mainEntityOfPage\":{\"@id\":\"https:\\\/\\\/algarve7.pt\\\/index.php\\\/2020\\\/09\\\/monumentos-megaliticos-de-alcalar-recebem-oficinas-da-pre-historia\\\/cultura\\\/13\\\/30\\\/\"},\"wordCount\":698,\"publisher\":{\"@id\":\"https:\\\/\\\/algarve7.pt\\\/#organization\"},\"image\":{\"@id\":\"https:\\\/\\\/algarve7.pt\\\/index.php\\\/2020\\\/09\\\/monumentos-megaliticos-de-alcalar-recebem-oficinas-da-pre-historia\\\/cultura\\\/13\\\/30\\\/#primaryimage\"},\"thumbnailUrl\":\"https:\\\/\\\/algarve7.pt\\\/wp-content\\\/uploads\\\/2020\\\/09\\\/Oficina-do-barro.jpg\",\"keywords\":[\"Cultura\",\"Portim\u00e3o\"],\"articleSection\":[\"Cultura\"],\"inLanguage\":\"pt-PT\"},{\"@type\":\"WebPage\",\"@id\":\"https:\\\/\\\/algarve7.pt\\\/index.php\\\/2020\\\/09\\\/monumentos-megaliticos-de-alcalar-recebem-oficinas-da-pre-historia\\\/cultura\\\/13\\\/30\\\/\",\"url\":\"https:\\\/\\\/algarve7.pt\\\/index.php\\\/2020\\\/09\\\/monumentos-megaliticos-de-alcalar-recebem-oficinas-da-pre-historia\\\/cultura\\\/13\\\/30\\\/\",\"name\":\"Monumentos megal\u00edticos de Alcalar recebem Oficinas da Pr\u00e9-Hist\u00f3ria - Algarve 7\",\"isPartOf\":{\"@id\":\"https:\\\/\\\/algarve7.pt\\\/#website\"},\"primaryImageOfPage\":{\"@id\":\"https:\\\/\\\/algarve7.pt\\\/index.php\\\/2020\\\/09\\\/monumentos-megaliticos-de-alcalar-recebem-oficinas-da-pre-historia\\\/cultura\\\/13\\\/30\\\/#primaryimage\"},\"image\":{\"@id\":\"https:\\\/\\\/algarve7.pt\\\/index.php\\\/2020\\\/09\\\/monumentos-megaliticos-de-alcalar-recebem-oficinas-da-pre-historia\\\/cultura\\\/13\\\/30\\\/#primaryimage\"},\"thumbnailUrl\":\"https:\\\/\\\/algarve7.pt\\\/wp-content\\\/uploads\\\/2020\\\/09\\\/Oficina-do-barro.jpg\",\"datePublished\":\"2020-09-14T12:30:13+00:00\",\"description\":\"Monumentos megal\u00edticos de Alcalar recebem Oficinas da Pr\u00e9-Hist\u00f3ria\",\"breadcrumb\":{\"@id\":\"https:\\\/\\\/algarve7.pt\\\/index.php\\\/2020\\\/09\\\/monumentos-megaliticos-de-alcalar-recebem-oficinas-da-pre-historia\\\/cultura\\\/13\\\/30\\\/#breadcrumb\"},\"inLanguage\":\"pt-PT\",\"potentialAction\":[{\"@type\":\"ReadAction\",\"target\":[\"https:\\\/\\\/algarve7.pt\\\/index.php\\\/2020\\\/09\\\/monumentos-megaliticos-de-alcalar-recebem-oficinas-da-pre-historia\\\/cultura\\\/13\\\/30\\\/\"]}]},{\"@type\":\"ImageObject\",\"inLanguage\":\"pt-PT\",\"@id\":\"https:\\\/\\\/algarve7.pt\\\/index.php\\\/2020\\\/09\\\/monumentos-megaliticos-de-alcalar-recebem-oficinas-da-pre-historia\\\/cultura\\\/13\\\/30\\\/#primaryimage\",\"url\":\"https:\\\/\\\/algarve7.pt\\\/wp-content\\\/uploads\\\/2020\\\/09\\\/Oficina-do-barro.jpg\",\"contentUrl\":\"https:\\\/\\\/algarve7.pt\\\/wp-content\\\/uploads\\\/2020\\\/09\\\/Oficina-do-barro.jpg\",\"width\":1890,\"height\":1260},{\"@type\":\"BreadcrumbList\",\"@id\":\"https:\\\/\\\/algarve7.pt\\\/index.php\\\/2020\\\/09\\\/monumentos-megaliticos-de-alcalar-recebem-oficinas-da-pre-historia\\\/cultura\\\/13\\\/30\\\/#breadcrumb\",\"itemListElement\":[{\"@type\":\"ListItem\",\"position\":1,\"name\":\"In\u00edcio\",\"item\":\"https:\\\/\\\/algarve7.pt\\\/\"},{\"@type\":\"ListItem\",\"position\":2,\"name\":\"Monumentos megal\u00edticos de Alcalar recebem Oficinas da Pr\u00e9-Hist\u00f3ria\"}]},{\"@type\":\"WebSite\",\"@id\":\"https:\\\/\\\/algarve7.pt\\\/#website\",\"url\":\"https:\\\/\\\/algarve7.pt\\\/\",\"name\":\"Algarve 7\",\"description\":\"Informa\u00e7\u00e3o sobre o Algarve\",\"publisher\":{\"@id\":\"https:\\\/\\\/algarve7.pt\\\/#organization\"},\"potentialAction\":[{\"@type\":\"SearchAction\",\"target\":{\"@type\":\"EntryPoint\",\"urlTemplate\":\"https:\\\/\\\/algarve7.pt\\\/?s={search_term_string}\"},\"query-input\":{\"@type\":\"PropertyValueSpecification\",\"valueRequired\":true,\"valueName\":\"search_term_string\"}}],\"inLanguage\":\"pt-PT\"},{\"@type\":\"Organization\",\"@id\":\"https:\\\/\\\/algarve7.pt\\\/#organization\",\"name\":\"Algarve 7\",\"url\":\"https:\\\/\\\/algarve7.pt\\\/\",\"logo\":{\"@type\":\"ImageObject\",\"inLanguage\":\"pt-PT\",\"@id\":\"https:\\\/\\\/algarve7.pt\\\/#\\\/schema\\\/logo\\\/image\\\/\",\"url\":\"https:\\\/\\\/algarve7.pt\\\/wp-content\\\/uploads\\\/2020\\\/10\\\/Logo-8.jpg\",\"contentUrl\":\"https:\\\/\\\/algarve7.pt\\\/wp-content\\\/uploads\\\/2020\\\/10\\\/Logo-8.jpg\",\"width\":1680,\"height\":1186,\"caption\":\"Algarve 7\"},\"image\":{\"@id\":\"https:\\\/\\\/algarve7.pt\\\/#\\\/schema\\\/logo\\\/image\\\/\"},\"sameAs\":[\"https:\\\/\\\/www.facebook.com\\\/algarve7\",\"https:\\\/\\\/x.com\\\/Algarvesete\",\"https:\\\/\\\/www.instagram.com\\\/jornalalgarve7\\\/\",\"https:\\\/\\\/www.linkedin.com\\\/company\\\/algarve7\",\"https:\\\/\\\/www.pinterest.pt\\\/geral0939\\\/_created\\\/\"]},{\"@type\":\"Person\",\"@id\":\"https:\\\/\\\/algarve7.pt\\\/#\\\/schema\\\/person\\\/23fa70681308e7b319a3204bcea45e0c\",\"name\":\"Algarve 7\",\"sameAs\":[\"https:\\\/\\\/algarve7.pt\",\"https:\\\/\\\/www.facebook.com\\\/algarve7\"],\"url\":\"https:\\\/\\\/algarve7.pt\\\/index.php\\\/author\\\/geralalgarve7-pt\\\/\"}]}<\/script>\n<!-- \/ Yoast SEO plugin. -->","yoast_head_json":{"title":"Monumentos megal\u00edticos de Alcalar recebem Oficinas da Pr\u00e9-Hist\u00f3ria - Algarve 7","description":"Monumentos megal\u00edticos de Alcalar recebem Oficinas da Pr\u00e9-Hist\u00f3ria","robots":{"index":"index","follow":"follow","max-snippet":"max-snippet:-1","max-image-preview":"max-image-preview:large","max-video-preview":"max-video-preview:-1"},"canonical":"https:\/\/algarve7.pt\/index.php\/2020\/09\/monumentos-megaliticos-de-alcalar-recebem-oficinas-da-pre-historia\/cultura\/13\/30\/","og_locale":"pt_PT","og_type":"article","og_title":"Monumentos megal\u00edticos de Alcalar recebem Oficinas da Pr\u00e9-Hist\u00f3ria - Algarve 7","og_description":"Monumentos megal\u00edticos de Alcalar recebem Oficinas da Pr\u00e9-Hist\u00f3ria","og_url":"https:\/\/algarve7.pt\/index.php\/2020\/09\/monumentos-megaliticos-de-alcalar-recebem-oficinas-da-pre-historia\/cultura\/13\/30\/","og_site_name":"Algarve 7","article_publisher":"https:\/\/www.facebook.com\/algarve7","article_author":"https:\/\/www.facebook.com\/algarve7","article_published_time":"2020-09-14T12:30:13+00:00","og_image":[{"width":1890,"height":1260,"url":"https:\/\/algarve7.pt\/wp-content\/uploads\/2020\/09\/Oficina-do-barro.jpg","type":"image\/jpeg"}],"author":"Algarve 7","twitter_card":"summary_large_image","twitter_creator":"@Algarvesete","twitter_site":"@Algarvesete","twitter_misc":{"Escrito por":"Algarve 7","Tempo estimado de leitura":"3 minutos"},"schema":{"@context":"https:\/\/schema.org","@graph":[{"@type":"Article","@id":"https:\/\/algarve7.pt\/index.php\/2020\/09\/monumentos-megaliticos-de-alcalar-recebem-oficinas-da-pre-historia\/cultura\/13\/30\/#article","isPartOf":{"@id":"https:\/\/algarve7.pt\/index.php\/2020\/09\/monumentos-megaliticos-de-alcalar-recebem-oficinas-da-pre-historia\/cultura\/13\/30\/"},"author":{"name":"Algarve 7","@id":"https:\/\/algarve7.pt\/#\/schema\/person\/23fa70681308e7b319a3204bcea45e0c"},"headline":"Monumentos megal\u00edticos de Alcalar recebem Oficinas da Pr\u00e9-Hist\u00f3ria","datePublished":"2020-09-14T12:30:13+00:00","mainEntityOfPage":{"@id":"https:\/\/algarve7.pt\/index.php\/2020\/09\/monumentos-megaliticos-de-alcalar-recebem-oficinas-da-pre-historia\/cultura\/13\/30\/"},"wordCount":698,"publisher":{"@id":"https:\/\/algarve7.pt\/#organization"},"image":{"@id":"https:\/\/algarve7.pt\/index.php\/2020\/09\/monumentos-megaliticos-de-alcalar-recebem-oficinas-da-pre-historia\/cultura\/13\/30\/#primaryimage"},"thumbnailUrl":"https:\/\/algarve7.pt\/wp-content\/uploads\/2020\/09\/Oficina-do-barro.jpg","keywords":["Cultura","Portim\u00e3o"],"articleSection":["Cultura"],"inLanguage":"pt-PT"},{"@type":"WebPage","@id":"https:\/\/algarve7.pt\/index.php\/2020\/09\/monumentos-megaliticos-de-alcalar-recebem-oficinas-da-pre-historia\/cultura\/13\/30\/","url":"https:\/\/algarve7.pt\/index.php\/2020\/09\/monumentos-megaliticos-de-alcalar-recebem-oficinas-da-pre-historia\/cultura\/13\/30\/","name":"Monumentos megal\u00edticos de Alcalar recebem Oficinas da Pr\u00e9-Hist\u00f3ria - Algarve 7","isPartOf":{"@id":"https:\/\/algarve7.pt\/#website"},"primaryImageOfPage":{"@id":"https:\/\/algarve7.pt\/index.php\/2020\/09\/monumentos-megaliticos-de-alcalar-recebem-oficinas-da-pre-historia\/cultura\/13\/30\/#primaryimage"},"image":{"@id":"https:\/\/algarve7.pt\/index.php\/2020\/09\/monumentos-megaliticos-de-alcalar-recebem-oficinas-da-pre-historia\/cultura\/13\/30\/#primaryimage"},"thumbnailUrl":"https:\/\/algarve7.pt\/wp-content\/uploads\/2020\/09\/Oficina-do-barro.jpg","datePublished":"2020-09-14T12:30:13+00:00","description":"Monumentos megal\u00edticos de Alcalar recebem Oficinas da Pr\u00e9-Hist\u00f3ria","breadcrumb":{"@id":"https:\/\/algarve7.pt\/index.php\/2020\/09\/monumentos-megaliticos-de-alcalar-recebem-oficinas-da-pre-historia\/cultura\/13\/30\/#breadcrumb"},"inLanguage":"pt-PT","potentialAction":[{"@type":"ReadAction","target":["https:\/\/algarve7.pt\/index.php\/2020\/09\/monumentos-megaliticos-de-alcalar-recebem-oficinas-da-pre-historia\/cultura\/13\/30\/"]}]},{"@type":"ImageObject","inLanguage":"pt-PT","@id":"https:\/\/algarve7.pt\/index.php\/2020\/09\/monumentos-megaliticos-de-alcalar-recebem-oficinas-da-pre-historia\/cultura\/13\/30\/#primaryimage","url":"https:\/\/algarve7.pt\/wp-content\/uploads\/2020\/09\/Oficina-do-barro.jpg","contentUrl":"https:\/\/algarve7.pt\/wp-content\/uploads\/2020\/09\/Oficina-do-barro.jpg","width":1890,"height":1260},{"@type":"BreadcrumbList","@id":"https:\/\/algarve7.pt\/index.php\/2020\/09\/monumentos-megaliticos-de-alcalar-recebem-oficinas-da-pre-historia\/cultura\/13\/30\/#breadcrumb","itemListElement":[{"@type":"ListItem","position":1,"name":"In\u00edcio","item":"https:\/\/algarve7.pt\/"},{"@type":"ListItem","position":2,"name":"Monumentos megal\u00edticos de Alcalar recebem Oficinas da Pr\u00e9-Hist\u00f3ria"}]},{"@type":"WebSite","@id":"https:\/\/algarve7.pt\/#website","url":"https:\/\/algarve7.pt\/","name":"Algarve 7","description":"Informa\u00e7\u00e3o sobre o Algarve","publisher":{"@id":"https:\/\/algarve7.pt\/#organization"},"potentialAction":[{"@type":"SearchAction","target":{"@type":"EntryPoint","urlTemplate":"https:\/\/algarve7.pt\/?s={search_term_string}"},"query-input":{"@type":"PropertyValueSpecification","valueRequired":true,"valueName":"search_term_string"}}],"inLanguage":"pt-PT"},{"@type":"Organization","@id":"https:\/\/algarve7.pt\/#organization","name":"Algarve 7","url":"https:\/\/algarve7.pt\/","logo":{"@type":"ImageObject","inLanguage":"pt-PT","@id":"https:\/\/algarve7.pt\/#\/schema\/logo\/image\/","url":"https:\/\/algarve7.pt\/wp-content\/uploads\/2020\/10\/Logo-8.jpg","contentUrl":"https:\/\/algarve7.pt\/wp-content\/uploads\/2020\/10\/Logo-8.jpg","width":1680,"height":1186,"caption":"Algarve 7"},"image":{"@id":"https:\/\/algarve7.pt\/#\/schema\/logo\/image\/"},"sameAs":["https:\/\/www.facebook.com\/algarve7","https:\/\/x.com\/Algarvesete","https:\/\/www.instagram.com\/jornalalgarve7\/","https:\/\/www.linkedin.com\/company\/algarve7","https:\/\/www.pinterest.pt\/geral0939\/_created\/"]},{"@type":"Person","@id":"https:\/\/algarve7.pt\/#\/schema\/person\/23fa70681308e7b319a3204bcea45e0c","name":"Algarve 7","sameAs":["https:\/\/algarve7.pt","https:\/\/www.facebook.com\/algarve7"],"url":"https:\/\/algarve7.pt\/index.php\/author\/geralalgarve7-pt\/"}]}},"jetpack_publicize_connections":[],"jetpack_featured_media_url":"https:\/\/algarve7.pt\/wp-content\/uploads\/2020\/09\/Oficina-do-barro.jpg","jetpack_shortlink":"https:\/\/wp.me\/pcezmW-lF","jetpack_sharing_enabled":true,"_links":{"self":[{"href":"https:\/\/algarve7.pt\/index.php\/wp-json\/wp\/v2\/posts\/1343","targetHints":{"allow":["GET"]}}],"collection":[{"href":"https:\/\/algarve7.pt\/index.php\/wp-json\/wp\/v2\/posts"}],"about":[{"href":"https:\/\/algarve7.pt\/index.php\/wp-json\/wp\/v2\/types\/post"}],"author":[{"embeddable":true,"href":"https:\/\/algarve7.pt\/index.php\/wp-json\/wp\/v2\/users\/1"}],"replies":[{"embeddable":true,"href":"https:\/\/algarve7.pt\/index.php\/wp-json\/wp\/v2\/comments?post=1343"}],"version-history":[{"count":0,"href":"https:\/\/algarve7.pt\/index.php\/wp-json\/wp\/v2\/posts\/1343\/revisions"}],"wp:featuredmedia":[{"embeddable":true,"href":"https:\/\/algarve7.pt\/index.php\/wp-json\/wp\/v2\/media\/1344"}],"wp:attachment":[{"href":"https:\/\/algarve7.pt\/index.php\/wp-json\/wp\/v2\/media?parent=1343"}],"wp:term":[{"taxonomy":"category","embeddable":true,"href":"https:\/\/algarve7.pt\/index.php\/wp-json\/wp\/v2\/categories?post=1343"},{"taxonomy":"post_tag","embeddable":true,"href":"https:\/\/algarve7.pt\/index.php\/wp-json\/wp\/v2\/tags?post=1343"}],"curies":[{"name":"wp","href":"https:\/\/api.w.org\/{rel}","templated":true}]}}