{"id":13297,"date":"2021-11-22T12:46:38","date_gmt":"2021-11-22T12:46:38","guid":{"rendered":"https:\/\/algarve7.pt\/?p=13297"},"modified":"2021-11-22T12:46:41","modified_gmt":"2021-11-22T12:46:41","slug":"sessao-em-quarteira-vai-tirar-duvidas-sobre-cuidados-paliativos","status":"publish","type":"post","link":"https:\/\/algarve7.pt\/index.php\/2021\/11\/sessao-em-quarteira-vai-tirar-duvidas-sobre-cuidados-paliativos\/saude\/12\/46\/","title":{"rendered":"Sess\u00e3o em Quarteira vai tirar d\u00favidas sobre cuidados paliativos"},"content":{"rendered":"\n<p>Na pr\u00f3xima sexta-feira, 26 de novembro, pela 21h00, a rubrica do polo de Quarteira da Biblioteca Municipal \u201cVamos tirar d\u00favidas\u2026\u201d traz o tema dos cuidados paliativos, uma \u00e1rea que est\u00e1, cada vez mais, no centro das aten\u00e7\u00f5es dos sistemas de sa\u00fade. A sess\u00e3o contar\u00e1 com a presen\u00e7a da m\u00e9dica Ana Karina Abreu e dos enfermeiros Andre\u00edna Tavares e V\u00edtor Martins.<\/p>\n\n\n\n<p>O objetivo desta tert\u00falia \u00e9, pois, dar a conhecer os cuidados paliativos, nos seus princ\u00edpios e na sua ess\u00eancia filos\u00f3fica, esclarecendo tamb\u00e9m d\u00favidas existentes, naquilo que se pretende ser um di\u00e1logo aberto a todos.<\/p>\n\n\n\n<p>Nos \u00faltimos anos, com o aumento da esperan\u00e7a m\u00e9dia de vida e com a evolu\u00e7\u00e3o da Medicina, temos assistido a um aumento significativo de doen\u00e7as graves em fase avan\u00e7ada e\/ou incur\u00e1veis e que se associam frequentemente a um conjunto de sintomas complexos que diminuem a qualidade de vida dos doentes e seus cuidadores\/familiares. &nbsp;<\/p>\n\n\n\n<p>Cuidados paliativos s\u00e3o todas as a\u00e7\u00f5es que visam melhorar a qualidade de vida de quem padece de problemas decorrentes de uma doen\u00e7a grave e\/ou incur\u00e1vel e com progn\u00f3stico limitado. Estas medidas destinam-se a prevenir e aliviar o sofrimento, com recurso \u00e0 identifica\u00e7\u00e3o precoce e tratamento rigoroso dos problemas f\u00edsicos, psicol\u00f3gicos, sociais e espirituais, numa abordagem hol\u00edstica.&nbsp;<\/p>\n\n\n\n<p>Apesar do grande benef\u00edcio da presta\u00e7\u00e3o de cuidados paliativos na qualidade de vida dos doentes, uma grande percentagem de indiv\u00edduos que deles necessitam n\u00e3o chegam a ser identificados e referenciados para equipas especializadas em nenhum ponto da evolu\u00e7\u00e3o da sua doen\u00e7a. &nbsp;<\/p>\n\n\n\n<p>Ana Karina Abreu \u00e9 m\u00e9dica especialista em Medicina Geral e Familiar, p\u00f3s-graduada em Cuidados Paliativos e coordenadora da ECSCP do ACES Central. Andre\u00edna Tavares \u00e9 enfermeira especialista em Sa\u00fade Mental e Psiqui\u00e1trica, mestre em Cuidados Paliativos. V\u00edtor Martins \u00e9&nbsp;enfermeiro especialista em&nbsp;M\u00e9dico-Cir\u00fargica,&nbsp;p\u00f3s-graduado em Cuidados Paliativos.&nbsp;<\/p>\n\n\n\n<p>A entrada na sess\u00e3o \u00e9 livre mas \u00e9 necess\u00e1ria marca\u00e7\u00e3o pr\u00e9via, atrav\u00e9s do telefone 289400846.<\/p>\n\n\n\n<div class=\"wp-block-image is-style-default\"><figure class=\"aligncenter size-large is-resized\"><img loading=\"lazy\" decoding=\"async\" src=\"https:\/\/algarve7.pt\/wp-content\/uploads\/2021\/11\/cartaz_TERTULIA_cuidados-paliativos-725x1024.jpg\" alt=\"\" class=\"wp-image-13299\" width=\"406\" height=\"573\" srcset=\"https:\/\/algarve7.pt\/wp-content\/uploads\/2021\/11\/cartaz_TERTULIA_cuidados-paliativos-725x1024.jpg 725w, https:\/\/algarve7.pt\/wp-content\/uploads\/2021\/11\/cartaz_TERTULIA_cuidados-paliativos-213x300.jpg 213w, https:\/\/algarve7.pt\/wp-content\/uploads\/2021\/11\/cartaz_TERTULIA_cuidados-paliativos-768x1084.jpg 768w, https:\/\/algarve7.pt\/wp-content\/uploads\/2021\/11\/cartaz_TERTULIA_cuidados-paliativos-1088x1536.jpg 1088w, https:\/\/algarve7.pt\/wp-content\/uploads\/2021\/11\/cartaz_TERTULIA_cuidados-paliativos.jpg 1360w\" sizes=\"auto, (max-width: 406px) 100vw, 406px\" \/><\/figure><\/div>\n","protected":false},"excerpt":{"rendered":"<p>Na pr\u00f3xima sexta-feira, 26 de novembro, pela 21h00, a rubrica do polo de Quarteira da Biblioteca Municipal \u201cVamos tirar d\u00favidas\u2026\u201d<\/p>\n","protected":false},"author":1,"featured_media":13298,"comment_status":"open","ping_status":"open","sticky":false,"template":"","format":"standard","meta":{"colormag_page_container_layout":"default_layout","colormag_page_sidebar_layout":"default_layout","_monsterinsights_skip_tracking":false,"_monsterinsights_sitenote_active":false,"_monsterinsights_sitenote_note":"","_monsterinsights_sitenote_category":0,"jetpack_post_was_ever_published":false,"_jetpack_newsletter_access":"","_jetpack_dont_email_post_to_subs":false,"_jetpack_newsletter_tier_id":0,"_jetpack_memberships_contains_paywalled_content":false,"_jetpack_memberships_contains_paid_content":false,"footnotes":"","jetpack_publicize_message":"","jetpack_publicize_feature_enabled":true,"jetpack_social_post_already_shared":true,"jetpack_social_options":{"image_generator_settings":{"template":"highway","default_image_id":0,"font":"","enabled":false},"version":2}},"categories":[59],"tags":[36,112,58],"class_list":["post-13297","post","type-post","status-publish","format-standard","has-post-thumbnail","hentry","category-saude","tag-algarve","tag-quarteira","tag-saude"],"yoast_head":"<!-- This site is optimized with the Yoast SEO plugin v27.5 - https:\/\/yoast.com\/product\/yoast-seo-wordpress\/ -->\n<title>Sess\u00e3o em Quarteira vai tirar d\u00favidas sobre cuidados paliativos - Algarve 7<\/title>\n<meta name=\"description\" content=\"Sess\u00e3o em Quarteira vai tirar d\u00favidas sobre cuidados paliativos Sa\u00fade\" \/>\n<meta name=\"robots\" content=\"index, follow, max-snippet:-1, max-image-preview:large, max-video-preview:-1\" \/>\n<link rel=\"canonical\" href=\"https:\/\/algarve7.pt\/index.php\/2021\/11\/sessao-em-quarteira-vai-tirar-duvidas-sobre-cuidados-paliativos\/saude\/12\/46\/\" \/>\n<meta property=\"og:locale\" content=\"pt_PT\" \/>\n<meta property=\"og:type\" content=\"article\" \/>\n<meta property=\"og:title\" content=\"Sess\u00e3o em Quarteira vai tirar d\u00favidas sobre cuidados paliativos - Algarve 7\" \/>\n<meta property=\"og:description\" content=\"Sess\u00e3o em Quarteira vai tirar d\u00favidas sobre cuidados paliativos Sa\u00fade\" \/>\n<meta property=\"og:url\" content=\"https:\/\/algarve7.pt\/index.php\/2021\/11\/sessao-em-quarteira-vai-tirar-duvidas-sobre-cuidados-paliativos\/saude\/12\/46\/\" \/>\n<meta property=\"og:site_name\" content=\"Algarve 7\" \/>\n<meta property=\"article:publisher\" content=\"https:\/\/www.facebook.com\/algarve7\" \/>\n<meta property=\"article:author\" content=\"https:\/\/www.facebook.com\/algarve7\" \/>\n<meta property=\"article:published_time\" content=\"2021-11-22T12:46:38+00:00\" \/>\n<meta property=\"article:modified_time\" content=\"2021-11-22T12:46:41+00:00\" \/>\n<meta property=\"og:image\" content=\"https:\/\/algarve7.pt\/wp-content\/uploads\/2021\/11\/Captura-de-ecra-2021-11-22-as-12.43.35-1024x566.png\" \/>\n\t<meta property=\"og:image:width\" content=\"1024\" \/>\n\t<meta property=\"og:image:height\" content=\"566\" \/>\n\t<meta property=\"og:image:type\" content=\"image\/png\" \/>\n<meta name=\"author\" content=\"Algarve 7\" \/>\n<meta name=\"twitter:card\" content=\"summary_large_image\" \/>\n<meta name=\"twitter:creator\" content=\"@Algarvesete\" \/>\n<meta name=\"twitter:site\" content=\"@Algarvesete\" \/>\n<meta name=\"twitter:label1\" content=\"Escrito por\" \/>\n\t<meta name=\"twitter:data1\" content=\"Algarve 7\" \/>\n\t<meta name=\"twitter:label2\" content=\"Tempo estimado de leitura\" \/>\n\t<meta name=\"twitter:data2\" content=\"2 minutos\" \/>\n<script type=\"application\/ld+json\" class=\"yoast-schema-graph\">{\"@context\":\"https:\\\/\\\/schema.org\",\"@graph\":[{\"@type\":\"Article\",\"@id\":\"https:\\\/\\\/algarve7.pt\\\/index.php\\\/2021\\\/11\\\/sessao-em-quarteira-vai-tirar-duvidas-sobre-cuidados-paliativos\\\/saude\\\/12\\\/46\\\/#article\",\"isPartOf\":{\"@id\":\"https:\\\/\\\/algarve7.pt\\\/index.php\\\/2021\\\/11\\\/sessao-em-quarteira-vai-tirar-duvidas-sobre-cuidados-paliativos\\\/saude\\\/12\\\/46\\\/\"},\"author\":{\"name\":\"Algarve 7\",\"@id\":\"https:\\\/\\\/algarve7.pt\\\/#\\\/schema\\\/person\\\/23fa70681308e7b319a3204bcea45e0c\"},\"headline\":\"Sess\u00e3o em Quarteira vai tirar d\u00favidas sobre cuidados paliativos\",\"datePublished\":\"2021-11-22T12:46:38+00:00\",\"dateModified\":\"2021-11-22T12:46:41+00:00\",\"mainEntityOfPage\":{\"@id\":\"https:\\\/\\\/algarve7.pt\\\/index.php\\\/2021\\\/11\\\/sessao-em-quarteira-vai-tirar-duvidas-sobre-cuidados-paliativos\\\/saude\\\/12\\\/46\\\/\"},\"wordCount\":369,\"commentCount\":0,\"publisher\":{\"@id\":\"https:\\\/\\\/algarve7.pt\\\/#organization\"},\"image\":{\"@id\":\"https:\\\/\\\/algarve7.pt\\\/index.php\\\/2021\\\/11\\\/sessao-em-quarteira-vai-tirar-duvidas-sobre-cuidados-paliativos\\\/saude\\\/12\\\/46\\\/#primaryimage\"},\"thumbnailUrl\":\"https:\\\/\\\/algarve7.pt\\\/wp-content\\\/uploads\\\/2021\\\/11\\\/Captura-de-ecra-2021-11-22-as-12.43.35.png\",\"keywords\":[\"Algarve\",\"Quarteira\",\"Sa\u00fade\"],\"articleSection\":[\"Sa\u00fade\"],\"inLanguage\":\"pt-PT\",\"potentialAction\":[{\"@type\":\"CommentAction\",\"name\":\"Comment\",\"target\":[\"https:\\\/\\\/algarve7.pt\\\/index.php\\\/2021\\\/11\\\/sessao-em-quarteira-vai-tirar-duvidas-sobre-cuidados-paliativos\\\/saude\\\/12\\\/46\\\/#respond\"]}]},{\"@type\":\"WebPage\",\"@id\":\"https:\\\/\\\/algarve7.pt\\\/index.php\\\/2021\\\/11\\\/sessao-em-quarteira-vai-tirar-duvidas-sobre-cuidados-paliativos\\\/saude\\\/12\\\/46\\\/\",\"url\":\"https:\\\/\\\/algarve7.pt\\\/index.php\\\/2021\\\/11\\\/sessao-em-quarteira-vai-tirar-duvidas-sobre-cuidados-paliativos\\\/saude\\\/12\\\/46\\\/\",\"name\":\"Sess\u00e3o em Quarteira vai tirar d\u00favidas sobre cuidados paliativos - Algarve 7\",\"isPartOf\":{\"@id\":\"https:\\\/\\\/algarve7.pt\\\/#website\"},\"primaryImageOfPage\":{\"@id\":\"https:\\\/\\\/algarve7.pt\\\/index.php\\\/2021\\\/11\\\/sessao-em-quarteira-vai-tirar-duvidas-sobre-cuidados-paliativos\\\/saude\\\/12\\\/46\\\/#primaryimage\"},\"image\":{\"@id\":\"https:\\\/\\\/algarve7.pt\\\/index.php\\\/2021\\\/11\\\/sessao-em-quarteira-vai-tirar-duvidas-sobre-cuidados-paliativos\\\/saude\\\/12\\\/46\\\/#primaryimage\"},\"thumbnailUrl\":\"https:\\\/\\\/algarve7.pt\\\/wp-content\\\/uploads\\\/2021\\\/11\\\/Captura-de-ecra-2021-11-22-as-12.43.35.png\",\"datePublished\":\"2021-11-22T12:46:38+00:00\",\"dateModified\":\"2021-11-22T12:46:41+00:00\",\"description\":\"Sess\u00e3o em Quarteira vai tirar d\u00favidas sobre cuidados paliativos Sa\u00fade\",\"breadcrumb\":{\"@id\":\"https:\\\/\\\/algarve7.pt\\\/index.php\\\/2021\\\/11\\\/sessao-em-quarteira-vai-tirar-duvidas-sobre-cuidados-paliativos\\\/saude\\\/12\\\/46\\\/#breadcrumb\"},\"inLanguage\":\"pt-PT\",\"potentialAction\":[{\"@type\":\"ReadAction\",\"target\":[\"https:\\\/\\\/algarve7.pt\\\/index.php\\\/2021\\\/11\\\/sessao-em-quarteira-vai-tirar-duvidas-sobre-cuidados-paliativos\\\/saude\\\/12\\\/46\\\/\"]}]},{\"@type\":\"ImageObject\",\"inLanguage\":\"pt-PT\",\"@id\":\"https:\\\/\\\/algarve7.pt\\\/index.php\\\/2021\\\/11\\\/sessao-em-quarteira-vai-tirar-duvidas-sobre-cuidados-paliativos\\\/saude\\\/12\\\/46\\\/#primaryimage\",\"url\":\"https:\\\/\\\/algarve7.pt\\\/wp-content\\\/uploads\\\/2021\\\/11\\\/Captura-de-ecra-2021-11-22-as-12.43.35.png\",\"contentUrl\":\"https:\\\/\\\/algarve7.pt\\\/wp-content\\\/uploads\\\/2021\\\/11\\\/Captura-de-ecra-2021-11-22-as-12.43.35.png\",\"width\":1920,\"height\":1062},{\"@type\":\"BreadcrumbList\",\"@id\":\"https:\\\/\\\/algarve7.pt\\\/index.php\\\/2021\\\/11\\\/sessao-em-quarteira-vai-tirar-duvidas-sobre-cuidados-paliativos\\\/saude\\\/12\\\/46\\\/#breadcrumb\",\"itemListElement\":[{\"@type\":\"ListItem\",\"position\":1,\"name\":\"In\u00edcio\",\"item\":\"https:\\\/\\\/algarve7.pt\\\/\"},{\"@type\":\"ListItem\",\"position\":2,\"name\":\"Sess\u00e3o em Quarteira vai tirar d\u00favidas sobre cuidados paliativos\"}]},{\"@type\":\"WebSite\",\"@id\":\"https:\\\/\\\/algarve7.pt\\\/#website\",\"url\":\"https:\\\/\\\/algarve7.pt\\\/\",\"name\":\"Algarve 7\",\"description\":\"Informa\u00e7\u00e3o sobre o Algarve\",\"publisher\":{\"@id\":\"https:\\\/\\\/algarve7.pt\\\/#organization\"},\"potentialAction\":[{\"@type\":\"SearchAction\",\"target\":{\"@type\":\"EntryPoint\",\"urlTemplate\":\"https:\\\/\\\/algarve7.pt\\\/?s={search_term_string}\"},\"query-input\":{\"@type\":\"PropertyValueSpecification\",\"valueRequired\":true,\"valueName\":\"search_term_string\"}}],\"inLanguage\":\"pt-PT\"},{\"@type\":\"Organization\",\"@id\":\"https:\\\/\\\/algarve7.pt\\\/#organization\",\"name\":\"Algarve 7\",\"url\":\"https:\\\/\\\/algarve7.pt\\\/\",\"logo\":{\"@type\":\"ImageObject\",\"inLanguage\":\"pt-PT\",\"@id\":\"https:\\\/\\\/algarve7.pt\\\/#\\\/schema\\\/logo\\\/image\\\/\",\"url\":\"https:\\\/\\\/algarve7.pt\\\/wp-content\\\/uploads\\\/2020\\\/10\\\/Logo-8.jpg\",\"contentUrl\":\"https:\\\/\\\/algarve7.pt\\\/wp-content\\\/uploads\\\/2020\\\/10\\\/Logo-8.jpg\",\"width\":1680,\"height\":1186,\"caption\":\"Algarve 7\"},\"image\":{\"@id\":\"https:\\\/\\\/algarve7.pt\\\/#\\\/schema\\\/logo\\\/image\\\/\"},\"sameAs\":[\"https:\\\/\\\/www.facebook.com\\\/algarve7\",\"https:\\\/\\\/x.com\\\/Algarvesete\",\"https:\\\/\\\/www.instagram.com\\\/jornalalgarve7\\\/\",\"https:\\\/\\\/www.linkedin.com\\\/company\\\/algarve7\",\"https:\\\/\\\/www.pinterest.pt\\\/geral0939\\\/_created\\\/\"]},{\"@type\":\"Person\",\"@id\":\"https:\\\/\\\/algarve7.pt\\\/#\\\/schema\\\/person\\\/23fa70681308e7b319a3204bcea45e0c\",\"name\":\"Algarve 7\",\"sameAs\":[\"https:\\\/\\\/algarve7.pt\",\"https:\\\/\\\/www.facebook.com\\\/algarve7\"],\"url\":\"https:\\\/\\\/algarve7.pt\\\/index.php\\\/author\\\/geralalgarve7-pt\\\/\"}]}<\/script>\n<!-- \/ Yoast SEO plugin. -->","yoast_head_json":{"title":"Sess\u00e3o em Quarteira vai tirar d\u00favidas sobre cuidados paliativos - Algarve 7","description":"Sess\u00e3o em Quarteira vai tirar d\u00favidas sobre cuidados paliativos Sa\u00fade","robots":{"index":"index","follow":"follow","max-snippet":"max-snippet:-1","max-image-preview":"max-image-preview:large","max-video-preview":"max-video-preview:-1"},"canonical":"https:\/\/algarve7.pt\/index.php\/2021\/11\/sessao-em-quarteira-vai-tirar-duvidas-sobre-cuidados-paliativos\/saude\/12\/46\/","og_locale":"pt_PT","og_type":"article","og_title":"Sess\u00e3o em Quarteira vai tirar d\u00favidas sobre cuidados paliativos - Algarve 7","og_description":"Sess\u00e3o em Quarteira vai tirar d\u00favidas sobre cuidados paliativos Sa\u00fade","og_url":"https:\/\/algarve7.pt\/index.php\/2021\/11\/sessao-em-quarteira-vai-tirar-duvidas-sobre-cuidados-paliativos\/saude\/12\/46\/","og_site_name":"Algarve 7","article_publisher":"https:\/\/www.facebook.com\/algarve7","article_author":"https:\/\/www.facebook.com\/algarve7","article_published_time":"2021-11-22T12:46:38+00:00","article_modified_time":"2021-11-22T12:46:41+00:00","og_image":[{"width":1024,"height":566,"url":"https:\/\/algarve7.pt\/wp-content\/uploads\/2021\/11\/Captura-de-ecra-2021-11-22-as-12.43.35-1024x566.png","type":"image\/png"}],"author":"Algarve 7","twitter_card":"summary_large_image","twitter_creator":"@Algarvesete","twitter_site":"@Algarvesete","twitter_misc":{"Escrito por":"Algarve 7","Tempo estimado de leitura":"2 minutos"},"schema":{"@context":"https:\/\/schema.org","@graph":[{"@type":"Article","@id":"https:\/\/algarve7.pt\/index.php\/2021\/11\/sessao-em-quarteira-vai-tirar-duvidas-sobre-cuidados-paliativos\/saude\/12\/46\/#article","isPartOf":{"@id":"https:\/\/algarve7.pt\/index.php\/2021\/11\/sessao-em-quarteira-vai-tirar-duvidas-sobre-cuidados-paliativos\/saude\/12\/46\/"},"author":{"name":"Algarve 7","@id":"https:\/\/algarve7.pt\/#\/schema\/person\/23fa70681308e7b319a3204bcea45e0c"},"headline":"Sess\u00e3o em Quarteira vai tirar d\u00favidas sobre cuidados paliativos","datePublished":"2021-11-22T12:46:38+00:00","dateModified":"2021-11-22T12:46:41+00:00","mainEntityOfPage":{"@id":"https:\/\/algarve7.pt\/index.php\/2021\/11\/sessao-em-quarteira-vai-tirar-duvidas-sobre-cuidados-paliativos\/saude\/12\/46\/"},"wordCount":369,"commentCount":0,"publisher":{"@id":"https:\/\/algarve7.pt\/#organization"},"image":{"@id":"https:\/\/algarve7.pt\/index.php\/2021\/11\/sessao-em-quarteira-vai-tirar-duvidas-sobre-cuidados-paliativos\/saude\/12\/46\/#primaryimage"},"thumbnailUrl":"https:\/\/algarve7.pt\/wp-content\/uploads\/2021\/11\/Captura-de-ecra-2021-11-22-as-12.43.35.png","keywords":["Algarve","Quarteira","Sa\u00fade"],"articleSection":["Sa\u00fade"],"inLanguage":"pt-PT","potentialAction":[{"@type":"CommentAction","name":"Comment","target":["https:\/\/algarve7.pt\/index.php\/2021\/11\/sessao-em-quarteira-vai-tirar-duvidas-sobre-cuidados-paliativos\/saude\/12\/46\/#respond"]}]},{"@type":"WebPage","@id":"https:\/\/algarve7.pt\/index.php\/2021\/11\/sessao-em-quarteira-vai-tirar-duvidas-sobre-cuidados-paliativos\/saude\/12\/46\/","url":"https:\/\/algarve7.pt\/index.php\/2021\/11\/sessao-em-quarteira-vai-tirar-duvidas-sobre-cuidados-paliativos\/saude\/12\/46\/","name":"Sess\u00e3o em Quarteira vai tirar d\u00favidas sobre cuidados paliativos - Algarve 7","isPartOf":{"@id":"https:\/\/algarve7.pt\/#website"},"primaryImageOfPage":{"@id":"https:\/\/algarve7.pt\/index.php\/2021\/11\/sessao-em-quarteira-vai-tirar-duvidas-sobre-cuidados-paliativos\/saude\/12\/46\/#primaryimage"},"image":{"@id":"https:\/\/algarve7.pt\/index.php\/2021\/11\/sessao-em-quarteira-vai-tirar-duvidas-sobre-cuidados-paliativos\/saude\/12\/46\/#primaryimage"},"thumbnailUrl":"https:\/\/algarve7.pt\/wp-content\/uploads\/2021\/11\/Captura-de-ecra-2021-11-22-as-12.43.35.png","datePublished":"2021-11-22T12:46:38+00:00","dateModified":"2021-11-22T12:46:41+00:00","description":"Sess\u00e3o em Quarteira vai tirar d\u00favidas sobre cuidados paliativos Sa\u00fade","breadcrumb":{"@id":"https:\/\/algarve7.pt\/index.php\/2021\/11\/sessao-em-quarteira-vai-tirar-duvidas-sobre-cuidados-paliativos\/saude\/12\/46\/#breadcrumb"},"inLanguage":"pt-PT","potentialAction":[{"@type":"ReadAction","target":["https:\/\/algarve7.pt\/index.php\/2021\/11\/sessao-em-quarteira-vai-tirar-duvidas-sobre-cuidados-paliativos\/saude\/12\/46\/"]}]},{"@type":"ImageObject","inLanguage":"pt-PT","@id":"https:\/\/algarve7.pt\/index.php\/2021\/11\/sessao-em-quarteira-vai-tirar-duvidas-sobre-cuidados-paliativos\/saude\/12\/46\/#primaryimage","url":"https:\/\/algarve7.pt\/wp-content\/uploads\/2021\/11\/Captura-de-ecra-2021-11-22-as-12.43.35.png","contentUrl":"https:\/\/algarve7.pt\/wp-content\/uploads\/2021\/11\/Captura-de-ecra-2021-11-22-as-12.43.35.png","width":1920,"height":1062},{"@type":"BreadcrumbList","@id":"https:\/\/algarve7.pt\/index.php\/2021\/11\/sessao-em-quarteira-vai-tirar-duvidas-sobre-cuidados-paliativos\/saude\/12\/46\/#breadcrumb","itemListElement":[{"@type":"ListItem","position":1,"name":"In\u00edcio","item":"https:\/\/algarve7.pt\/"},{"@type":"ListItem","position":2,"name":"Sess\u00e3o em Quarteira vai tirar d\u00favidas sobre cuidados paliativos"}]},{"@type":"WebSite","@id":"https:\/\/algarve7.pt\/#website","url":"https:\/\/algarve7.pt\/","name":"Algarve 7","description":"Informa\u00e7\u00e3o sobre o Algarve","publisher":{"@id":"https:\/\/algarve7.pt\/#organization"},"potentialAction":[{"@type":"SearchAction","target":{"@type":"EntryPoint","urlTemplate":"https:\/\/algarve7.pt\/?s={search_term_string}"},"query-input":{"@type":"PropertyValueSpecification","valueRequired":true,"valueName":"search_term_string"}}],"inLanguage":"pt-PT"},{"@type":"Organization","@id":"https:\/\/algarve7.pt\/#organization","name":"Algarve 7","url":"https:\/\/algarve7.pt\/","logo":{"@type":"ImageObject","inLanguage":"pt-PT","@id":"https:\/\/algarve7.pt\/#\/schema\/logo\/image\/","url":"https:\/\/algarve7.pt\/wp-content\/uploads\/2020\/10\/Logo-8.jpg","contentUrl":"https:\/\/algarve7.pt\/wp-content\/uploads\/2020\/10\/Logo-8.jpg","width":1680,"height":1186,"caption":"Algarve 7"},"image":{"@id":"https:\/\/algarve7.pt\/#\/schema\/logo\/image\/"},"sameAs":["https:\/\/www.facebook.com\/algarve7","https:\/\/x.com\/Algarvesete","https:\/\/www.instagram.com\/jornalalgarve7\/","https:\/\/www.linkedin.com\/company\/algarve7","https:\/\/www.pinterest.pt\/geral0939\/_created\/"]},{"@type":"Person","@id":"https:\/\/algarve7.pt\/#\/schema\/person\/23fa70681308e7b319a3204bcea45e0c","name":"Algarve 7","sameAs":["https:\/\/algarve7.pt","https:\/\/www.facebook.com\/algarve7"],"url":"https:\/\/algarve7.pt\/index.php\/author\/geralalgarve7-pt\/"}]}},"jetpack_publicize_connections":[],"jetpack_featured_media_url":"https:\/\/algarve7.pt\/wp-content\/uploads\/2021\/11\/Captura-de-ecra-2021-11-22-as-12.43.35.png","jetpack_shortlink":"https:\/\/wp.me\/pcezmW-3st","jetpack_sharing_enabled":true,"_links":{"self":[{"href":"https:\/\/algarve7.pt\/index.php\/wp-json\/wp\/v2\/posts\/13297","targetHints":{"allow":["GET"]}}],"collection":[{"href":"https:\/\/algarve7.pt\/index.php\/wp-json\/wp\/v2\/posts"}],"about":[{"href":"https:\/\/algarve7.pt\/index.php\/wp-json\/wp\/v2\/types\/post"}],"author":[{"embeddable":true,"href":"https:\/\/algarve7.pt\/index.php\/wp-json\/wp\/v2\/users\/1"}],"replies":[{"embeddable":true,"href":"https:\/\/algarve7.pt\/index.php\/wp-json\/wp\/v2\/comments?post=13297"}],"version-history":[{"count":0,"href":"https:\/\/algarve7.pt\/index.php\/wp-json\/wp\/v2\/posts\/13297\/revisions"}],"wp:featuredmedia":[{"embeddable":true,"href":"https:\/\/algarve7.pt\/index.php\/wp-json\/wp\/v2\/media\/13298"}],"wp:attachment":[{"href":"https:\/\/algarve7.pt\/index.php\/wp-json\/wp\/v2\/media?parent=13297"}],"wp:term":[{"taxonomy":"category","embeddable":true,"href":"https:\/\/algarve7.pt\/index.php\/wp-json\/wp\/v2\/categories?post=13297"},{"taxonomy":"post_tag","embeddable":true,"href":"https:\/\/algarve7.pt\/index.php\/wp-json\/wp\/v2\/tags?post=13297"}],"curies":[{"name":"wp","href":"https:\/\/api.w.org\/{rel}","templated":true}]}}