{"id":13294,"date":"2021-11-22T09:57:02","date_gmt":"2021-11-22T09:57:02","guid":{"rendered":"https:\/\/algarve7.pt\/?p=13294"},"modified":"2021-11-22T09:57:06","modified_gmt":"2021-11-22T09:57:06","slug":"ccdr-propoem-se-mobilizar-25-milhoes-de-euros-para-garantir-a-cobertura-digital-no-interior-da-regiao","status":"publish","type":"post","link":"https:\/\/algarve7.pt\/index.php\/2021\/11\/ccdr-propoem-se-mobilizar-25-milhoes-de-euros-para-garantir-a-cobertura-digital-no-interior-da-regiao\/atualidade\/09\/57\/","title":{"rendered":"CCDR prop\u00f5em-se mobilizar 25 Milh\u00f5es de Euros para garantir a cobertura digital no interior da regi\u00e3o"},"content":{"rendered":"\n<p>Comiss\u00e3o de Coordena\u00e7\u00e3o e Desenvolvimento Regional (CCDR) da Regi\u00e3o do Algarve: CCDR e Munic\u00edpios do Algarve prop\u00f5em-se mobilizar 25 Milh\u00f5es de Euros de fundos europeus do Portugal 2030 para garantir a cobertura digital no interior da regi\u00e3o e dinamizar uma rede de aldeias inteligentes.<\/p>\n\n\n\n<p>Intervindo no lan\u00e7amento da Comiss\u00e3o Instaladora do Observat\u00f3rio Nacional de Envelhecimento Ativo, esta sexta-feira, em Albufeira, o Presidente da CCDR Algarve, Jos\u00e9 Apolin\u00e1rio, anunciou o prop\u00f3sito de no \u00e2mbito do Portugal 2030, em consulta p\u00fablica, o Programa Operacional Regional mobilizar 15 milh\u00f5es de euros para o apoio \u00e0 melhoria da conectividade nas \u00e1reas rurais e de baixa densidade e 10 Milh\u00f5es de euros para a\u00e7\u00f5es de valoriza\u00e7\u00e3o econ\u00f3mica de recursos end\u00f3genos e estrat\u00e9gias de diversifica\u00e7\u00e3o da base econ\u00f3mica nos territ\u00f3rios de baixa densidade.<\/p>\n\n\n\n<p>Sublinhando que, no dom\u00ednio demogr\u00e1fico,&nbsp;&nbsp;proje\u00e7\u00f5es recentes apontam para que, em 2070, Portugal tenha apenas cerca de 8 milh\u00f5es de habitantes \u2014 uma redu\u00e7\u00e3o de 23 % da popula\u00e7\u00e3o residente face ao contexto atual \u2014, o que, a confirmar -se, configura um dos maiores decr\u00e9scimos populacionais registados na Europa, Jos\u00e9 Apolin\u00e1rio salientou que destas proje\u00e7\u00f5es resultaria que Portugal seria o pa\u00eds europeu com maior peso dos \u00abmuito idosos\u00bb no conjunto da popula\u00e7\u00e3o, com as pessoas acima dos 80 anos a representar 16,1 % da popula\u00e7\u00e3o.<\/p>\n\n\n\n<p>A conjuga\u00e7\u00e3o dos saldos naturais e migrat\u00f3rios resultou num&nbsp;<strong>acelerado envelhecimento da popula\u00e7\u00e3o portuguesa<\/strong>, com as mais recentes proje\u00e7\u00f5es demogr\u00e1ficas colocam Portugal como sexto pa\u00eds mais envelhecido do mundo. De acordo com os dados de 2019, existem em Portugal mais de 161,3 pessoas com mais de 65 anos por cada 100 jovens at\u00e9 aos 15 anos, e quase 34,2 pessoas com 65 e mais anos por cada 100 pessoas em idade ativa. Ao longo das \u00faltimas d\u00e9cadas, Portugal viu a esperan\u00e7a m\u00e9dia de vida da sua popula\u00e7\u00e3o aumentar consideravelmente, de tal forma que hoje \u00e9 superior \u00e0 m\u00e9dia europeia. No entanto, somos tamb\u00e9m um dos pa\u00edses com menor n\u00famero de anos vividos sem doen\u00e7a.<\/p>\n\n\n\n<p>No Algarve,&nbsp;depois de um forte crescimento populacional nas duas d\u00e9cadas de 1991 at\u00e9 2011, a&nbsp;<strong>d\u00e9cada passada veio revelar uma perda de intensidade do crescimento demogr\u00e1fico no Algarve<\/strong>, apesar de a litoral ainda ser um dos raros territ\u00f3rios nacionais a ver aumentar o n\u00famero de residentes. O crescimento \u00e9 bastante assim\u00e9trico no interior da regi\u00e3o, sendo os ganhos dos concelhos do litoral bastante inferiores aos da d\u00e9cada 2001-2011 e, menos expressivos do que as perdas dos concelhos do interior: -13,6% a perda de residentes em Alcoutim e de -9,6% em Monchique.<\/p>\n\n\n\n<p>Confirmando as&nbsp;<strong>tend\u00eancias de litoraliza\u00e7\u00e3o populacional<\/strong>&nbsp;instaladas, outros indicadores do INE revelam, desde 2013, a persist\u00eancia de saldos e taxas de crescimento natural negativos no Algarve, compensados por&nbsp;<strong>saldos e taxas de crescimento migrat\u00f3rio positivas<\/strong>&nbsp;que permitiram manter e aumentar o distanciamento do Continente no que se refere ao agravamento do \u00edndice de envelhecimento at\u00e9 2020.<\/p>\n\n\n\n<p>O&nbsp;<strong>\u00edndice de envelhecimento no Algarve<\/strong>, em torno dos 149,2 idosos por cada 100 jovens, em 2020, \u00e9 contudo elevado e preocupante, condicionando a din\u00e2mica de renova\u00e7\u00e3o populacional, logo, tamb\u00e9m as din\u00e2micas do mercado de trabalho da regi\u00e3o, onde o n\u00famero de inativos por 100 empregados \u00e9 superior aos valores do Continente (109,4 contra 106,8), resultado de uma&nbsp;&nbsp;tend\u00eancia de diminui\u00e7\u00e3o da popula\u00e7\u00e3o ativa mais acentuada regionalmente e de um aumento da popula\u00e7\u00e3o inativa, em contraciclo com o comportamento do territ\u00f3rio continental, entre 2013 e 2020.&nbsp;<\/p>\n\n\n\n<p>A afirma\u00e7\u00e3o deste perfil demogr\u00e1fico regional representa tamb\u00e9m um manancial de oportunidades emergentes na promo\u00e7\u00e3o de formas de envelhecimento ativo e na cria\u00e7\u00e3o de novos servi\u00e7os e qualifica\u00e7\u00f5es territoriais que conduziram ao reconhecimento do&nbsp;<strong>Algarve como espa\u00e7o de refer\u00eancia para o envelhecimento saud\u00e1vel<\/strong>, estimulando o segmento da economia grisalha, de longevidade e bem-estar e potenciando fatores de inova\u00e7\u00e3o e complementaridade entre os setores da sa\u00fade humana e do turismo.<\/p>\n\n\n\n<p>Neste quadro pretende-se&nbsp;<strong>qualificar o cluster da economia grisalha e de longevidade<\/strong>, na presta\u00e7\u00e3o de servi\u00e7os e cuidados pessoais, de sa\u00fade humana e bem-estar,&nbsp;<strong>que suporte a afirma\u00e7\u00e3o do Algarve enquanto refer\u00eancia territorial do envelhecimento ativo e saud\u00e1vel, para nacionais e estrangeiro.<\/strong><\/p>\n\n\n\n<p>Com efeito, nos \u00faltimos anos, tem-se assistido a uma mudan\u00e7a do paradigma do cuidado do idoso focada no princ\u00edpio de \u201cenvelhecimento ativo e saud\u00e1vel\u201d e que procura potenciar a qualidade de vida e sa\u00fade durante o processo de envelhecimento de forma a conservar a autonomia e capacidade funcional da pessoa idosa, adiando ou mesmo diminuindo a necessidade de institucionaliza\u00e7\u00e3o.<\/p>\n\n\n\n<p>Tamb\u00e9m nesta vis\u00e3o estrat\u00e9gica a CCDR Algarve passou recentemente a integrar o Centro Nacional de Compet\u00eancias para a Inova\u00e7\u00e3o Social, o qual integra um Observat\u00f3rio Regional da Inova\u00e7\u00e3o Social. Entre as atividades que o referido Observat\u00f3rio prev\u00ea realizar, releva-se a do mapeamento e identifica\u00e7\u00e3o boas pr\u00e1ticas na \u00e1rea do envelhecimento ativo e saud\u00e1vel.<\/p>\n","protected":false},"excerpt":{"rendered":"<p>Comiss\u00e3o de Coordena\u00e7\u00e3o e Desenvolvimento Regional (CCDR) da Regi\u00e3o do Algarve: CCDR e Munic\u00edpios do Algarve prop\u00f5em-se mobilizar 25 Milh\u00f5es<\/p>\n","protected":false},"author":1,"featured_media":13295,"comment_status":"open","ping_status":"open","sticky":false,"template":"","format":"standard","meta":{"colormag_page_container_layout":"default_layout","colormag_page_sidebar_layout":"default_layout","_monsterinsights_skip_tracking":false,"_monsterinsights_sitenote_active":false,"_monsterinsights_sitenote_note":"","_monsterinsights_sitenote_category":0,"jetpack_post_was_ever_published":false,"_jetpack_newsletter_access":"","_jetpack_dont_email_post_to_subs":false,"_jetpack_newsletter_tier_id":0,"_jetpack_memberships_contains_paywalled_content":false,"_jetpack_memberships_contains_paid_content":false,"footnotes":"","jetpack_publicize_message":"","jetpack_publicize_feature_enabled":true,"jetpack_social_post_already_shared":true,"jetpack_social_options":{"image_generator_settings":{"template":"highway","default_image_id":0,"font":"","enabled":false},"version":2}},"categories":[11],"tags":[36,143],"class_list":["post-13294","post","type-post","status-publish","format-standard","has-post-thumbnail","hentry","category-atualidade","tag-algarve","tag-ccdr-algarve"],"yoast_head":"<!-- This site is optimized with the Yoast SEO plugin v27.5 - https:\/\/yoast.com\/product\/yoast-seo-wordpress\/ -->\n<title>CCDR prop\u00f5em-se mobilizar 25 Milh\u00f5es de Euros para garantir a cobertura digital no interior da regi\u00e3o - Algarve 7<\/title>\n<meta name=\"description\" content=\"CCDR prop\u00f5em-se mobilizar 25 Milh\u00f5es de Euros para garantir a cobertura digital no interior da regi\u00e3o Atualidade\" \/>\n<meta name=\"robots\" content=\"index, follow, max-snippet:-1, max-image-preview:large, max-video-preview:-1\" \/>\n<link rel=\"canonical\" href=\"https:\/\/algarve7.pt\/index.php\/2021\/11\/ccdr-propoem-se-mobilizar-25-milhoes-de-euros-para-garantir-a-cobertura-digital-no-interior-da-regiao\/atualidade\/09\/57\/\" \/>\n<meta property=\"og:locale\" content=\"pt_PT\" \/>\n<meta property=\"og:type\" content=\"article\" \/>\n<meta property=\"og:title\" content=\"CCDR prop\u00f5em-se mobilizar 25 Milh\u00f5es de Euros para garantir a cobertura digital no interior da regi\u00e3o - Algarve 7\" \/>\n<meta property=\"og:description\" content=\"CCDR prop\u00f5em-se mobilizar 25 Milh\u00f5es de Euros para garantir a cobertura digital no interior da regi\u00e3o Atualidade\" \/>\n<meta property=\"og:url\" content=\"https:\/\/algarve7.pt\/index.php\/2021\/11\/ccdr-propoem-se-mobilizar-25-milhoes-de-euros-para-garantir-a-cobertura-digital-no-interior-da-regiao\/atualidade\/09\/57\/\" \/>\n<meta property=\"og:site_name\" content=\"Algarve 7\" \/>\n<meta property=\"article:publisher\" content=\"https:\/\/www.facebook.com\/algarve7\" \/>\n<meta property=\"article:author\" content=\"https:\/\/www.facebook.com\/algarve7\" \/>\n<meta property=\"article:published_time\" content=\"2021-11-22T09:57:02+00:00\" \/>\n<meta property=\"article:modified_time\" content=\"2021-11-22T09:57:06+00:00\" \/>\n<meta property=\"og:image\" content=\"https:\/\/algarve7.pt\/wp-content\/uploads\/2021\/11\/Assinatura-Observatorio-Envelhecimento-19-11-2021-Albufeira-54-e1637574989667.jpg\" \/>\n\t<meta property=\"og:image:width\" content=\"1012\" \/>\n\t<meta property=\"og:image:height\" content=\"1046\" \/>\n\t<meta property=\"og:image:type\" content=\"image\/jpeg\" \/>\n<meta name=\"author\" content=\"Algarve 7\" \/>\n<meta name=\"twitter:card\" content=\"summary_large_image\" \/>\n<meta name=\"twitter:creator\" content=\"@Algarvesete\" \/>\n<meta name=\"twitter:site\" content=\"@Algarvesete\" \/>\n<meta name=\"twitter:label1\" content=\"Escrito por\" \/>\n\t<meta name=\"twitter:data1\" content=\"Algarve 7\" \/>\n\t<meta name=\"twitter:label2\" content=\"Tempo estimado de leitura\" \/>\n\t<meta name=\"twitter:data2\" content=\"4 minutos\" \/>\n<script type=\"application\/ld+json\" class=\"yoast-schema-graph\">{\"@context\":\"https:\\\/\\\/schema.org\",\"@graph\":[{\"@type\":\"Article\",\"@id\":\"https:\\\/\\\/algarve7.pt\\\/index.php\\\/2021\\\/11\\\/ccdr-propoem-se-mobilizar-25-milhoes-de-euros-para-garantir-a-cobertura-digital-no-interior-da-regiao\\\/atualidade\\\/09\\\/57\\\/#article\",\"isPartOf\":{\"@id\":\"https:\\\/\\\/algarve7.pt\\\/index.php\\\/2021\\\/11\\\/ccdr-propoem-se-mobilizar-25-milhoes-de-euros-para-garantir-a-cobertura-digital-no-interior-da-regiao\\\/atualidade\\\/09\\\/57\\\/\"},\"author\":{\"name\":\"Algarve 7\",\"@id\":\"https:\\\/\\\/algarve7.pt\\\/#\\\/schema\\\/person\\\/23fa70681308e7b319a3204bcea45e0c\"},\"headline\":\"CCDR prop\u00f5em-se mobilizar 25 Milh\u00f5es de Euros para garantir a cobertura digital no interior da regi\u00e3o\",\"datePublished\":\"2021-11-22T09:57:02+00:00\",\"dateModified\":\"2021-11-22T09:57:06+00:00\",\"mainEntityOfPage\":{\"@id\":\"https:\\\/\\\/algarve7.pt\\\/index.php\\\/2021\\\/11\\\/ccdr-propoem-se-mobilizar-25-milhoes-de-euros-para-garantir-a-cobertura-digital-no-interior-da-regiao\\\/atualidade\\\/09\\\/57\\\/\"},\"wordCount\":884,\"commentCount\":0,\"publisher\":{\"@id\":\"https:\\\/\\\/algarve7.pt\\\/#organization\"},\"image\":{\"@id\":\"https:\\\/\\\/algarve7.pt\\\/index.php\\\/2021\\\/11\\\/ccdr-propoem-se-mobilizar-25-milhoes-de-euros-para-garantir-a-cobertura-digital-no-interior-da-regiao\\\/atualidade\\\/09\\\/57\\\/#primaryimage\"},\"thumbnailUrl\":\"https:\\\/\\\/algarve7.pt\\\/wp-content\\\/uploads\\\/2021\\\/11\\\/Assinatura-Observatorio-Envelhecimento-19-11-2021-Albufeira-54-e1637574989667.jpg\",\"keywords\":[\"Algarve\",\"CCDR Algarve\"],\"articleSection\":[\"Atualidade\"],\"inLanguage\":\"pt-PT\",\"potentialAction\":[{\"@type\":\"CommentAction\",\"name\":\"Comment\",\"target\":[\"https:\\\/\\\/algarve7.pt\\\/index.php\\\/2021\\\/11\\\/ccdr-propoem-se-mobilizar-25-milhoes-de-euros-para-garantir-a-cobertura-digital-no-interior-da-regiao\\\/atualidade\\\/09\\\/57\\\/#respond\"]}]},{\"@type\":\"WebPage\",\"@id\":\"https:\\\/\\\/algarve7.pt\\\/index.php\\\/2021\\\/11\\\/ccdr-propoem-se-mobilizar-25-milhoes-de-euros-para-garantir-a-cobertura-digital-no-interior-da-regiao\\\/atualidade\\\/09\\\/57\\\/\",\"url\":\"https:\\\/\\\/algarve7.pt\\\/index.php\\\/2021\\\/11\\\/ccdr-propoem-se-mobilizar-25-milhoes-de-euros-para-garantir-a-cobertura-digital-no-interior-da-regiao\\\/atualidade\\\/09\\\/57\\\/\",\"name\":\"CCDR prop\u00f5em-se mobilizar 25 Milh\u00f5es de Euros para garantir a cobertura digital no interior da regi\u00e3o - Algarve 7\",\"isPartOf\":{\"@id\":\"https:\\\/\\\/algarve7.pt\\\/#website\"},\"primaryImageOfPage\":{\"@id\":\"https:\\\/\\\/algarve7.pt\\\/index.php\\\/2021\\\/11\\\/ccdr-propoem-se-mobilizar-25-milhoes-de-euros-para-garantir-a-cobertura-digital-no-interior-da-regiao\\\/atualidade\\\/09\\\/57\\\/#primaryimage\"},\"image\":{\"@id\":\"https:\\\/\\\/algarve7.pt\\\/index.php\\\/2021\\\/11\\\/ccdr-propoem-se-mobilizar-25-milhoes-de-euros-para-garantir-a-cobertura-digital-no-interior-da-regiao\\\/atualidade\\\/09\\\/57\\\/#primaryimage\"},\"thumbnailUrl\":\"https:\\\/\\\/algarve7.pt\\\/wp-content\\\/uploads\\\/2021\\\/11\\\/Assinatura-Observatorio-Envelhecimento-19-11-2021-Albufeira-54-e1637574989667.jpg\",\"datePublished\":\"2021-11-22T09:57:02+00:00\",\"dateModified\":\"2021-11-22T09:57:06+00:00\",\"description\":\"CCDR prop\u00f5em-se mobilizar 25 Milh\u00f5es de Euros para garantir a cobertura digital no interior da regi\u00e3o Atualidade\",\"breadcrumb\":{\"@id\":\"https:\\\/\\\/algarve7.pt\\\/index.php\\\/2021\\\/11\\\/ccdr-propoem-se-mobilizar-25-milhoes-de-euros-para-garantir-a-cobertura-digital-no-interior-da-regiao\\\/atualidade\\\/09\\\/57\\\/#breadcrumb\"},\"inLanguage\":\"pt-PT\",\"potentialAction\":[{\"@type\":\"ReadAction\",\"target\":[\"https:\\\/\\\/algarve7.pt\\\/index.php\\\/2021\\\/11\\\/ccdr-propoem-se-mobilizar-25-milhoes-de-euros-para-garantir-a-cobertura-digital-no-interior-da-regiao\\\/atualidade\\\/09\\\/57\\\/\"]}]},{\"@type\":\"ImageObject\",\"inLanguage\":\"pt-PT\",\"@id\":\"https:\\\/\\\/algarve7.pt\\\/index.php\\\/2021\\\/11\\\/ccdr-propoem-se-mobilizar-25-milhoes-de-euros-para-garantir-a-cobertura-digital-no-interior-da-regiao\\\/atualidade\\\/09\\\/57\\\/#primaryimage\",\"url\":\"https:\\\/\\\/algarve7.pt\\\/wp-content\\\/uploads\\\/2021\\\/11\\\/Assinatura-Observatorio-Envelhecimento-19-11-2021-Albufeira-54-e1637574989667.jpg\",\"contentUrl\":\"https:\\\/\\\/algarve7.pt\\\/wp-content\\\/uploads\\\/2021\\\/11\\\/Assinatura-Observatorio-Envelhecimento-19-11-2021-Albufeira-54-e1637574989667.jpg\",\"width\":1012,\"height\":1046},{\"@type\":\"BreadcrumbList\",\"@id\":\"https:\\\/\\\/algarve7.pt\\\/index.php\\\/2021\\\/11\\\/ccdr-propoem-se-mobilizar-25-milhoes-de-euros-para-garantir-a-cobertura-digital-no-interior-da-regiao\\\/atualidade\\\/09\\\/57\\\/#breadcrumb\",\"itemListElement\":[{\"@type\":\"ListItem\",\"position\":1,\"name\":\"In\u00edcio\",\"item\":\"https:\\\/\\\/algarve7.pt\\\/\"},{\"@type\":\"ListItem\",\"position\":2,\"name\":\"CCDR prop\u00f5em-se mobilizar 25 Milh\u00f5es de Euros para garantir a cobertura digital no interior da regi\u00e3o\"}]},{\"@type\":\"WebSite\",\"@id\":\"https:\\\/\\\/algarve7.pt\\\/#website\",\"url\":\"https:\\\/\\\/algarve7.pt\\\/\",\"name\":\"Algarve 7\",\"description\":\"Informa\u00e7\u00e3o sobre o Algarve\",\"publisher\":{\"@id\":\"https:\\\/\\\/algarve7.pt\\\/#organization\"},\"potentialAction\":[{\"@type\":\"SearchAction\",\"target\":{\"@type\":\"EntryPoint\",\"urlTemplate\":\"https:\\\/\\\/algarve7.pt\\\/?s={search_term_string}\"},\"query-input\":{\"@type\":\"PropertyValueSpecification\",\"valueRequired\":true,\"valueName\":\"search_term_string\"}}],\"inLanguage\":\"pt-PT\"},{\"@type\":\"Organization\",\"@id\":\"https:\\\/\\\/algarve7.pt\\\/#organization\",\"name\":\"Algarve 7\",\"url\":\"https:\\\/\\\/algarve7.pt\\\/\",\"logo\":{\"@type\":\"ImageObject\",\"inLanguage\":\"pt-PT\",\"@id\":\"https:\\\/\\\/algarve7.pt\\\/#\\\/schema\\\/logo\\\/image\\\/\",\"url\":\"https:\\\/\\\/algarve7.pt\\\/wp-content\\\/uploads\\\/2020\\\/10\\\/Logo-8.jpg\",\"contentUrl\":\"https:\\\/\\\/algarve7.pt\\\/wp-content\\\/uploads\\\/2020\\\/10\\\/Logo-8.jpg\",\"width\":1680,\"height\":1186,\"caption\":\"Algarve 7\"},\"image\":{\"@id\":\"https:\\\/\\\/algarve7.pt\\\/#\\\/schema\\\/logo\\\/image\\\/\"},\"sameAs\":[\"https:\\\/\\\/www.facebook.com\\\/algarve7\",\"https:\\\/\\\/x.com\\\/Algarvesete\",\"https:\\\/\\\/www.instagram.com\\\/jornalalgarve7\\\/\",\"https:\\\/\\\/www.linkedin.com\\\/company\\\/algarve7\",\"https:\\\/\\\/www.pinterest.pt\\\/geral0939\\\/_created\\\/\"]},{\"@type\":\"Person\",\"@id\":\"https:\\\/\\\/algarve7.pt\\\/#\\\/schema\\\/person\\\/23fa70681308e7b319a3204bcea45e0c\",\"name\":\"Algarve 7\",\"sameAs\":[\"https:\\\/\\\/algarve7.pt\",\"https:\\\/\\\/www.facebook.com\\\/algarve7\"],\"url\":\"https:\\\/\\\/algarve7.pt\\\/index.php\\\/author\\\/geralalgarve7-pt\\\/\"}]}<\/script>\n<!-- \/ Yoast SEO plugin. -->","yoast_head_json":{"title":"CCDR prop\u00f5em-se mobilizar 25 Milh\u00f5es de Euros para garantir a cobertura digital no interior da regi\u00e3o - Algarve 7","description":"CCDR prop\u00f5em-se mobilizar 25 Milh\u00f5es de Euros para garantir a cobertura digital no interior da regi\u00e3o Atualidade","robots":{"index":"index","follow":"follow","max-snippet":"max-snippet:-1","max-image-preview":"max-image-preview:large","max-video-preview":"max-video-preview:-1"},"canonical":"https:\/\/algarve7.pt\/index.php\/2021\/11\/ccdr-propoem-se-mobilizar-25-milhoes-de-euros-para-garantir-a-cobertura-digital-no-interior-da-regiao\/atualidade\/09\/57\/","og_locale":"pt_PT","og_type":"article","og_title":"CCDR prop\u00f5em-se mobilizar 25 Milh\u00f5es de Euros para garantir a cobertura digital no interior da regi\u00e3o - Algarve 7","og_description":"CCDR prop\u00f5em-se mobilizar 25 Milh\u00f5es de Euros para garantir a cobertura digital no interior da regi\u00e3o Atualidade","og_url":"https:\/\/algarve7.pt\/index.php\/2021\/11\/ccdr-propoem-se-mobilizar-25-milhoes-de-euros-para-garantir-a-cobertura-digital-no-interior-da-regiao\/atualidade\/09\/57\/","og_site_name":"Algarve 7","article_publisher":"https:\/\/www.facebook.com\/algarve7","article_author":"https:\/\/www.facebook.com\/algarve7","article_published_time":"2021-11-22T09:57:02+00:00","article_modified_time":"2021-11-22T09:57:06+00:00","og_image":[{"width":1012,"height":1046,"url":"https:\/\/algarve7.pt\/wp-content\/uploads\/2021\/11\/Assinatura-Observatorio-Envelhecimento-19-11-2021-Albufeira-54-e1637574989667.jpg","type":"image\/jpeg"}],"author":"Algarve 7","twitter_card":"summary_large_image","twitter_creator":"@Algarvesete","twitter_site":"@Algarvesete","twitter_misc":{"Escrito por":"Algarve 7","Tempo estimado de leitura":"4 minutos"},"schema":{"@context":"https:\/\/schema.org","@graph":[{"@type":"Article","@id":"https:\/\/algarve7.pt\/index.php\/2021\/11\/ccdr-propoem-se-mobilizar-25-milhoes-de-euros-para-garantir-a-cobertura-digital-no-interior-da-regiao\/atualidade\/09\/57\/#article","isPartOf":{"@id":"https:\/\/algarve7.pt\/index.php\/2021\/11\/ccdr-propoem-se-mobilizar-25-milhoes-de-euros-para-garantir-a-cobertura-digital-no-interior-da-regiao\/atualidade\/09\/57\/"},"author":{"name":"Algarve 7","@id":"https:\/\/algarve7.pt\/#\/schema\/person\/23fa70681308e7b319a3204bcea45e0c"},"headline":"CCDR prop\u00f5em-se mobilizar 25 Milh\u00f5es de Euros para garantir a cobertura digital no interior da regi\u00e3o","datePublished":"2021-11-22T09:57:02+00:00","dateModified":"2021-11-22T09:57:06+00:00","mainEntityOfPage":{"@id":"https:\/\/algarve7.pt\/index.php\/2021\/11\/ccdr-propoem-se-mobilizar-25-milhoes-de-euros-para-garantir-a-cobertura-digital-no-interior-da-regiao\/atualidade\/09\/57\/"},"wordCount":884,"commentCount":0,"publisher":{"@id":"https:\/\/algarve7.pt\/#organization"},"image":{"@id":"https:\/\/algarve7.pt\/index.php\/2021\/11\/ccdr-propoem-se-mobilizar-25-milhoes-de-euros-para-garantir-a-cobertura-digital-no-interior-da-regiao\/atualidade\/09\/57\/#primaryimage"},"thumbnailUrl":"https:\/\/algarve7.pt\/wp-content\/uploads\/2021\/11\/Assinatura-Observatorio-Envelhecimento-19-11-2021-Albufeira-54-e1637574989667.jpg","keywords":["Algarve","CCDR Algarve"],"articleSection":["Atualidade"],"inLanguage":"pt-PT","potentialAction":[{"@type":"CommentAction","name":"Comment","target":["https:\/\/algarve7.pt\/index.php\/2021\/11\/ccdr-propoem-se-mobilizar-25-milhoes-de-euros-para-garantir-a-cobertura-digital-no-interior-da-regiao\/atualidade\/09\/57\/#respond"]}]},{"@type":"WebPage","@id":"https:\/\/algarve7.pt\/index.php\/2021\/11\/ccdr-propoem-se-mobilizar-25-milhoes-de-euros-para-garantir-a-cobertura-digital-no-interior-da-regiao\/atualidade\/09\/57\/","url":"https:\/\/algarve7.pt\/index.php\/2021\/11\/ccdr-propoem-se-mobilizar-25-milhoes-de-euros-para-garantir-a-cobertura-digital-no-interior-da-regiao\/atualidade\/09\/57\/","name":"CCDR prop\u00f5em-se mobilizar 25 Milh\u00f5es de Euros para garantir a cobertura digital no interior da regi\u00e3o - Algarve 7","isPartOf":{"@id":"https:\/\/algarve7.pt\/#website"},"primaryImageOfPage":{"@id":"https:\/\/algarve7.pt\/index.php\/2021\/11\/ccdr-propoem-se-mobilizar-25-milhoes-de-euros-para-garantir-a-cobertura-digital-no-interior-da-regiao\/atualidade\/09\/57\/#primaryimage"},"image":{"@id":"https:\/\/algarve7.pt\/index.php\/2021\/11\/ccdr-propoem-se-mobilizar-25-milhoes-de-euros-para-garantir-a-cobertura-digital-no-interior-da-regiao\/atualidade\/09\/57\/#primaryimage"},"thumbnailUrl":"https:\/\/algarve7.pt\/wp-content\/uploads\/2021\/11\/Assinatura-Observatorio-Envelhecimento-19-11-2021-Albufeira-54-e1637574989667.jpg","datePublished":"2021-11-22T09:57:02+00:00","dateModified":"2021-11-22T09:57:06+00:00","description":"CCDR prop\u00f5em-se mobilizar 25 Milh\u00f5es de Euros para garantir a cobertura digital no interior da regi\u00e3o Atualidade","breadcrumb":{"@id":"https:\/\/algarve7.pt\/index.php\/2021\/11\/ccdr-propoem-se-mobilizar-25-milhoes-de-euros-para-garantir-a-cobertura-digital-no-interior-da-regiao\/atualidade\/09\/57\/#breadcrumb"},"inLanguage":"pt-PT","potentialAction":[{"@type":"ReadAction","target":["https:\/\/algarve7.pt\/index.php\/2021\/11\/ccdr-propoem-se-mobilizar-25-milhoes-de-euros-para-garantir-a-cobertura-digital-no-interior-da-regiao\/atualidade\/09\/57\/"]}]},{"@type":"ImageObject","inLanguage":"pt-PT","@id":"https:\/\/algarve7.pt\/index.php\/2021\/11\/ccdr-propoem-se-mobilizar-25-milhoes-de-euros-para-garantir-a-cobertura-digital-no-interior-da-regiao\/atualidade\/09\/57\/#primaryimage","url":"https:\/\/algarve7.pt\/wp-content\/uploads\/2021\/11\/Assinatura-Observatorio-Envelhecimento-19-11-2021-Albufeira-54-e1637574989667.jpg","contentUrl":"https:\/\/algarve7.pt\/wp-content\/uploads\/2021\/11\/Assinatura-Observatorio-Envelhecimento-19-11-2021-Albufeira-54-e1637574989667.jpg","width":1012,"height":1046},{"@type":"BreadcrumbList","@id":"https:\/\/algarve7.pt\/index.php\/2021\/11\/ccdr-propoem-se-mobilizar-25-milhoes-de-euros-para-garantir-a-cobertura-digital-no-interior-da-regiao\/atualidade\/09\/57\/#breadcrumb","itemListElement":[{"@type":"ListItem","position":1,"name":"In\u00edcio","item":"https:\/\/algarve7.pt\/"},{"@type":"ListItem","position":2,"name":"CCDR prop\u00f5em-se mobilizar 25 Milh\u00f5es de Euros para garantir a cobertura digital no interior da regi\u00e3o"}]},{"@type":"WebSite","@id":"https:\/\/algarve7.pt\/#website","url":"https:\/\/algarve7.pt\/","name":"Algarve 7","description":"Informa\u00e7\u00e3o sobre o Algarve","publisher":{"@id":"https:\/\/algarve7.pt\/#organization"},"potentialAction":[{"@type":"SearchAction","target":{"@type":"EntryPoint","urlTemplate":"https:\/\/algarve7.pt\/?s={search_term_string}"},"query-input":{"@type":"PropertyValueSpecification","valueRequired":true,"valueName":"search_term_string"}}],"inLanguage":"pt-PT"},{"@type":"Organization","@id":"https:\/\/algarve7.pt\/#organization","name":"Algarve 7","url":"https:\/\/algarve7.pt\/","logo":{"@type":"ImageObject","inLanguage":"pt-PT","@id":"https:\/\/algarve7.pt\/#\/schema\/logo\/image\/","url":"https:\/\/algarve7.pt\/wp-content\/uploads\/2020\/10\/Logo-8.jpg","contentUrl":"https:\/\/algarve7.pt\/wp-content\/uploads\/2020\/10\/Logo-8.jpg","width":1680,"height":1186,"caption":"Algarve 7"},"image":{"@id":"https:\/\/algarve7.pt\/#\/schema\/logo\/image\/"},"sameAs":["https:\/\/www.facebook.com\/algarve7","https:\/\/x.com\/Algarvesete","https:\/\/www.instagram.com\/jornalalgarve7\/","https:\/\/www.linkedin.com\/company\/algarve7","https:\/\/www.pinterest.pt\/geral0939\/_created\/"]},{"@type":"Person","@id":"https:\/\/algarve7.pt\/#\/schema\/person\/23fa70681308e7b319a3204bcea45e0c","name":"Algarve 7","sameAs":["https:\/\/algarve7.pt","https:\/\/www.facebook.com\/algarve7"],"url":"https:\/\/algarve7.pt\/index.php\/author\/geralalgarve7-pt\/"}]}},"jetpack_publicize_connections":[],"jetpack_featured_media_url":"https:\/\/algarve7.pt\/wp-content\/uploads\/2021\/11\/Assinatura-Observatorio-Envelhecimento-19-11-2021-Albufeira-54-e1637574989667.jpg","jetpack_shortlink":"https:\/\/wp.me\/pcezmW-3sq","jetpack_sharing_enabled":true,"_links":{"self":[{"href":"https:\/\/algarve7.pt\/index.php\/wp-json\/wp\/v2\/posts\/13294","targetHints":{"allow":["GET"]}}],"collection":[{"href":"https:\/\/algarve7.pt\/index.php\/wp-json\/wp\/v2\/posts"}],"about":[{"href":"https:\/\/algarve7.pt\/index.php\/wp-json\/wp\/v2\/types\/post"}],"author":[{"embeddable":true,"href":"https:\/\/algarve7.pt\/index.php\/wp-json\/wp\/v2\/users\/1"}],"replies":[{"embeddable":true,"href":"https:\/\/algarve7.pt\/index.php\/wp-json\/wp\/v2\/comments?post=13294"}],"version-history":[{"count":0,"href":"https:\/\/algarve7.pt\/index.php\/wp-json\/wp\/v2\/posts\/13294\/revisions"}],"wp:featuredmedia":[{"embeddable":true,"href":"https:\/\/algarve7.pt\/index.php\/wp-json\/wp\/v2\/media\/13295"}],"wp:attachment":[{"href":"https:\/\/algarve7.pt\/index.php\/wp-json\/wp\/v2\/media?parent=13294"}],"wp:term":[{"taxonomy":"category","embeddable":true,"href":"https:\/\/algarve7.pt\/index.php\/wp-json\/wp\/v2\/categories?post=13294"},{"taxonomy":"post_tag","embeddable":true,"href":"https:\/\/algarve7.pt\/index.php\/wp-json\/wp\/v2\/tags?post=13294"}],"curies":[{"name":"wp","href":"https:\/\/api.w.org\/{rel}","templated":true}]}}