{"id":13176,"date":"2021-11-18T09:12:00","date_gmt":"2021-11-18T09:12:00","guid":{"rendered":"https:\/\/algarve7.pt\/?p=13176"},"modified":"2021-11-17T21:15:40","modified_gmt":"2021-11-17T21:15:40","slug":"equipas-sub14-de-dez-paises-participam-na-portimao-international-cup","status":"publish","type":"post","link":"https:\/\/algarve7.pt\/index.php\/2021\/11\/equipas-sub14-de-dez-paises-participam-na-portimao-international-cup\/desporto\/09\/12\/","title":{"rendered":"Equipas sub14 de dez pa\u00edses participam na Portim\u00e3o International Cup"},"content":{"rendered":"\n<p>O\u00a0<strong>Centro de Forma\u00e7\u00e3o Major David Neto<\/strong>\u00a0e o\u00a0Complexo Desportivo da Mexilhoeira Grande ser\u00e3o palco da primeira edi\u00e7\u00e3o da Portim\u00e3o International Cup, que se disputar\u00e1 entre 19 e 21 de novembro e vai ter a participa\u00e7\u00e3o de 18 equipas, em representa\u00e7\u00e3o de dez pa\u00edses.<\/p>\n\n\n\n<p>Durante tr\u00eas dias,<strong>\u00a0<\/strong>Portim\u00e3o atrair\u00e1 todas as aten\u00e7\u00f5es no que toca ao futebol de forma\u00e7\u00e3o, sendo esperados observadores de alguns clubes, que ir\u00e3o acompanhar a presta\u00e7\u00e3o das centenas de jovens promessas internacionais que evoluir\u00e3o nos dois relvados sint\u00e9ticos do concelho, vindas de Fran\u00e7a, It\u00e1lia, Pol\u00f3nia, Su\u00e9cia, Estados Unidos da Am\u00e9rica, Finl\u00e2ndia, Ar\u00e1bia Saudita, Pa\u00edses Baixos, Dinamarca, sem esquecer o pa\u00eds anfitri\u00e3o.<\/p>\n\n\n\n<p>Marcar\u00e3o presen\u00e7a equipas do gabarito do Sporting Clube de Portugal, Paris Saint-Germain, Juventus de Turim, PSV Eindhoven ou Sporting de Braga,<strong>\u00a0<\/strong>entre outras, merecendo igualmente destaque as presen\u00e7as algarvias do Portimonense SC, SC Olhanense e Mexilhoeira Grande FC.<\/p>\n\n\n\n<p>Com as 18 equipas divididas em tr\u00eas grupos,&nbsp;os jogos come\u00e7am todos os dias \u00e0s 9h00, prolongando-se at\u00e9 \u00e0s 20h40, salvo no domingo, 21 de novembro, quando a final se realizar a partir das 18h10 no Centro de Forma\u00e7\u00e3o Major David Neto, numa organiza\u00e7\u00e3o entre o Portimonense Sporting Clube e a empresa Live Adventures, com o apoio do Munic\u00edpio de Portim\u00e3o.<\/p>\n\n\n\n<p>Toda a informa\u00e7\u00e3o relativa \u00e0 prova vai estar dispon\u00edvel no seguinte endere\u00e7o eletr\u00f3nico:&nbsp;<\/p>\n\n\n\n<p><a href=\"https:\/\/www.tournifyapp.com\/live\/u14portimaocup\" target=\"_blank\" rel=\"noreferrer noopener\">https:\/\/www.to<\/a>desporto<a href=\"https:\/\/www.tournifyapp.com\/live\/u14portimaocup\" target=\"_blank\" rel=\"noreferrer noopener\">urnifyapp.com\/live\/u14portimaocup<\/a><\/p>\n","protected":false},"excerpt":{"rendered":"<p>O\u00a0Centro de Forma\u00e7\u00e3o Major David Neto\u00a0e o\u00a0Complexo Desportivo da Mexilhoeira Grande ser\u00e3o palco da primeira edi\u00e7\u00e3o da Portim\u00e3o International Cup,<\/p>\n","protected":false},"author":1,"featured_media":13177,"comment_status":"open","ping_status":"open","sticky":false,"template":"","format":"standard","meta":{"colormag_page_container_layout":"default_layout","colormag_page_sidebar_layout":"default_layout","_monsterinsights_skip_tracking":false,"_monsterinsights_sitenote_active":false,"_monsterinsights_sitenote_note":"","_monsterinsights_sitenote_category":0,"jetpack_post_was_ever_published":false,"_jetpack_newsletter_access":"","_jetpack_dont_email_post_to_subs":false,"_jetpack_newsletter_tier_id":0,"_jetpack_memberships_contains_paywalled_content":false,"_jetpack_memberships_contains_paid_content":false,"footnotes":"","jetpack_publicize_message":"","jetpack_publicize_feature_enabled":true,"jetpack_social_post_already_shared":true,"jetpack_social_options":{"image_generator_settings":{"template":"highway","default_image_id":0,"font":"","enabled":false},"version":2}},"categories":[15],"tags":[36,40,72],"class_list":["post-13176","post","type-post","status-publish","format-standard","has-post-thumbnail","hentry","category-desporto","tag-algarve","tag-desporto","tag-portimao"],"yoast_head":"<!-- This site is optimized with the Yoast SEO plugin v27.5 - https:\/\/yoast.com\/product\/yoast-seo-wordpress\/ -->\n<title>Equipas sub14 de dez pa\u00edses participam na Portim\u00e3o International Cup - Algarve 7<\/title>\n<meta name=\"description\" content=\"Equipas sub14 de dez pa\u00edses participam na Portim\u00e3o International Cup Desporto\" \/>\n<meta name=\"robots\" content=\"index, follow, max-snippet:-1, max-image-preview:large, max-video-preview:-1\" \/>\n<link rel=\"canonical\" href=\"https:\/\/algarve7.pt\/index.php\/2021\/11\/equipas-sub14-de-dez-paises-participam-na-portimao-international-cup\/desporto\/09\/12\/\" \/>\n<meta property=\"og:locale\" content=\"pt_PT\" \/>\n<meta property=\"og:type\" content=\"article\" \/>\n<meta property=\"og:title\" content=\"Equipas sub14 de dez pa\u00edses participam na Portim\u00e3o International Cup - Algarve 7\" \/>\n<meta property=\"og:description\" content=\"Equipas sub14 de dez pa\u00edses participam na Portim\u00e3o International Cup Desporto\" \/>\n<meta property=\"og:url\" content=\"https:\/\/algarve7.pt\/index.php\/2021\/11\/equipas-sub14-de-dez-paises-participam-na-portimao-international-cup\/desporto\/09\/12\/\" \/>\n<meta property=\"og:site_name\" content=\"Algarve 7\" \/>\n<meta property=\"article:publisher\" content=\"https:\/\/www.facebook.com\/algarve7\" \/>\n<meta property=\"article:author\" content=\"https:\/\/www.facebook.com\/algarve7\" \/>\n<meta property=\"article:published_time\" content=\"2021-11-18T09:12:00+00:00\" \/>\n<meta property=\"og:image\" content=\"https:\/\/algarve7.pt\/wp-content\/uploads\/2021\/11\/Jogo-Sub-14-no-Centro-de-Treinos-Major-David-Neto.jpg\" \/>\n\t<meta property=\"og:image:width\" content=\"1920\" \/>\n\t<meta property=\"og:image:height\" content=\"1276\" \/>\n\t<meta property=\"og:image:type\" content=\"image\/jpeg\" \/>\n<meta name=\"author\" content=\"Algarve 7\" \/>\n<meta name=\"twitter:card\" content=\"summary_large_image\" \/>\n<meta name=\"twitter:creator\" content=\"@Algarvesete\" \/>\n<meta name=\"twitter:site\" content=\"@Algarvesete\" \/>\n<meta name=\"twitter:label1\" content=\"Escrito por\" \/>\n\t<meta name=\"twitter:data1\" content=\"Algarve 7\" \/>\n\t<meta name=\"twitter:label2\" content=\"Tempo estimado de leitura\" \/>\n\t<meta name=\"twitter:data2\" content=\"1 minuto\" \/>\n<script type=\"application\/ld+json\" class=\"yoast-schema-graph\">{\"@context\":\"https:\\\/\\\/schema.org\",\"@graph\":[{\"@type\":\"Article\",\"@id\":\"https:\\\/\\\/algarve7.pt\\\/index.php\\\/2021\\\/11\\\/equipas-sub14-de-dez-paises-participam-na-portimao-international-cup\\\/desporto\\\/09\\\/12\\\/#article\",\"isPartOf\":{\"@id\":\"https:\\\/\\\/algarve7.pt\\\/index.php\\\/2021\\\/11\\\/equipas-sub14-de-dez-paises-participam-na-portimao-international-cup\\\/desporto\\\/09\\\/12\\\/\"},\"author\":{\"name\":\"Algarve 7\",\"@id\":\"https:\\\/\\\/algarve7.pt\\\/#\\\/schema\\\/person\\\/23fa70681308e7b319a3204bcea45e0c\"},\"headline\":\"Equipas sub14 de dez pa\u00edses participam na Portim\u00e3o International Cup\",\"datePublished\":\"2021-11-18T09:12:00+00:00\",\"mainEntityOfPage\":{\"@id\":\"https:\\\/\\\/algarve7.pt\\\/index.php\\\/2021\\\/11\\\/equipas-sub14-de-dez-paises-participam-na-portimao-international-cup\\\/desporto\\\/09\\\/12\\\/\"},\"wordCount\":271,\"commentCount\":0,\"publisher\":{\"@id\":\"https:\\\/\\\/algarve7.pt\\\/#organization\"},\"image\":{\"@id\":\"https:\\\/\\\/algarve7.pt\\\/index.php\\\/2021\\\/11\\\/equipas-sub14-de-dez-paises-participam-na-portimao-international-cup\\\/desporto\\\/09\\\/12\\\/#primaryimage\"},\"thumbnailUrl\":\"https:\\\/\\\/algarve7.pt\\\/wp-content\\\/uploads\\\/2021\\\/11\\\/Jogo-Sub-14-no-Centro-de-Treinos-Major-David-Neto.jpg\",\"keywords\":[\"Algarve\",\"Desporto\",\"Portim\u00e3o\"],\"articleSection\":[\"Desporto\"],\"inLanguage\":\"pt-PT\",\"potentialAction\":[{\"@type\":\"CommentAction\",\"name\":\"Comment\",\"target\":[\"https:\\\/\\\/algarve7.pt\\\/index.php\\\/2021\\\/11\\\/equipas-sub14-de-dez-paises-participam-na-portimao-international-cup\\\/desporto\\\/09\\\/12\\\/#respond\"]}]},{\"@type\":\"WebPage\",\"@id\":\"https:\\\/\\\/algarve7.pt\\\/index.php\\\/2021\\\/11\\\/equipas-sub14-de-dez-paises-participam-na-portimao-international-cup\\\/desporto\\\/09\\\/12\\\/\",\"url\":\"https:\\\/\\\/algarve7.pt\\\/index.php\\\/2021\\\/11\\\/equipas-sub14-de-dez-paises-participam-na-portimao-international-cup\\\/desporto\\\/09\\\/12\\\/\",\"name\":\"Equipas sub14 de dez pa\u00edses participam na Portim\u00e3o International Cup - Algarve 7\",\"isPartOf\":{\"@id\":\"https:\\\/\\\/algarve7.pt\\\/#website\"},\"primaryImageOfPage\":{\"@id\":\"https:\\\/\\\/algarve7.pt\\\/index.php\\\/2021\\\/11\\\/equipas-sub14-de-dez-paises-participam-na-portimao-international-cup\\\/desporto\\\/09\\\/12\\\/#primaryimage\"},\"image\":{\"@id\":\"https:\\\/\\\/algarve7.pt\\\/index.php\\\/2021\\\/11\\\/equipas-sub14-de-dez-paises-participam-na-portimao-international-cup\\\/desporto\\\/09\\\/12\\\/#primaryimage\"},\"thumbnailUrl\":\"https:\\\/\\\/algarve7.pt\\\/wp-content\\\/uploads\\\/2021\\\/11\\\/Jogo-Sub-14-no-Centro-de-Treinos-Major-David-Neto.jpg\",\"datePublished\":\"2021-11-18T09:12:00+00:00\",\"description\":\"Equipas sub14 de dez pa\u00edses participam na Portim\u00e3o International Cup Desporto\",\"breadcrumb\":{\"@id\":\"https:\\\/\\\/algarve7.pt\\\/index.php\\\/2021\\\/11\\\/equipas-sub14-de-dez-paises-participam-na-portimao-international-cup\\\/desporto\\\/09\\\/12\\\/#breadcrumb\"},\"inLanguage\":\"pt-PT\",\"potentialAction\":[{\"@type\":\"ReadAction\",\"target\":[\"https:\\\/\\\/algarve7.pt\\\/index.php\\\/2021\\\/11\\\/equipas-sub14-de-dez-paises-participam-na-portimao-international-cup\\\/desporto\\\/09\\\/12\\\/\"]}]},{\"@type\":\"ImageObject\",\"inLanguage\":\"pt-PT\",\"@id\":\"https:\\\/\\\/algarve7.pt\\\/index.php\\\/2021\\\/11\\\/equipas-sub14-de-dez-paises-participam-na-portimao-international-cup\\\/desporto\\\/09\\\/12\\\/#primaryimage\",\"url\":\"https:\\\/\\\/algarve7.pt\\\/wp-content\\\/uploads\\\/2021\\\/11\\\/Jogo-Sub-14-no-Centro-de-Treinos-Major-David-Neto.jpg\",\"contentUrl\":\"https:\\\/\\\/algarve7.pt\\\/wp-content\\\/uploads\\\/2021\\\/11\\\/Jogo-Sub-14-no-Centro-de-Treinos-Major-David-Neto.jpg\",\"width\":1920,\"height\":1276},{\"@type\":\"BreadcrumbList\",\"@id\":\"https:\\\/\\\/algarve7.pt\\\/index.php\\\/2021\\\/11\\\/equipas-sub14-de-dez-paises-participam-na-portimao-international-cup\\\/desporto\\\/09\\\/12\\\/#breadcrumb\",\"itemListElement\":[{\"@type\":\"ListItem\",\"position\":1,\"name\":\"In\u00edcio\",\"item\":\"https:\\\/\\\/algarve7.pt\\\/\"},{\"@type\":\"ListItem\",\"position\":2,\"name\":\"Equipas sub14 de dez pa\u00edses participam na Portim\u00e3o International Cup\"}]},{\"@type\":\"WebSite\",\"@id\":\"https:\\\/\\\/algarve7.pt\\\/#website\",\"url\":\"https:\\\/\\\/algarve7.pt\\\/\",\"name\":\"Algarve 7\",\"description\":\"Informa\u00e7\u00e3o sobre o Algarve\",\"publisher\":{\"@id\":\"https:\\\/\\\/algarve7.pt\\\/#organization\"},\"potentialAction\":[{\"@type\":\"SearchAction\",\"target\":{\"@type\":\"EntryPoint\",\"urlTemplate\":\"https:\\\/\\\/algarve7.pt\\\/?s={search_term_string}\"},\"query-input\":{\"@type\":\"PropertyValueSpecification\",\"valueRequired\":true,\"valueName\":\"search_term_string\"}}],\"inLanguage\":\"pt-PT\"},{\"@type\":\"Organization\",\"@id\":\"https:\\\/\\\/algarve7.pt\\\/#organization\",\"name\":\"Algarve 7\",\"url\":\"https:\\\/\\\/algarve7.pt\\\/\",\"logo\":{\"@type\":\"ImageObject\",\"inLanguage\":\"pt-PT\",\"@id\":\"https:\\\/\\\/algarve7.pt\\\/#\\\/schema\\\/logo\\\/image\\\/\",\"url\":\"https:\\\/\\\/algarve7.pt\\\/wp-content\\\/uploads\\\/2020\\\/10\\\/Logo-8.jpg\",\"contentUrl\":\"https:\\\/\\\/algarve7.pt\\\/wp-content\\\/uploads\\\/2020\\\/10\\\/Logo-8.jpg\",\"width\":1680,\"height\":1186,\"caption\":\"Algarve 7\"},\"image\":{\"@id\":\"https:\\\/\\\/algarve7.pt\\\/#\\\/schema\\\/logo\\\/image\\\/\"},\"sameAs\":[\"https:\\\/\\\/www.facebook.com\\\/algarve7\",\"https:\\\/\\\/x.com\\\/Algarvesete\",\"https:\\\/\\\/www.instagram.com\\\/jornalalgarve7\\\/\",\"https:\\\/\\\/www.linkedin.com\\\/company\\\/algarve7\",\"https:\\\/\\\/www.pinterest.pt\\\/geral0939\\\/_created\\\/\"]},{\"@type\":\"Person\",\"@id\":\"https:\\\/\\\/algarve7.pt\\\/#\\\/schema\\\/person\\\/23fa70681308e7b319a3204bcea45e0c\",\"name\":\"Algarve 7\",\"sameAs\":[\"https:\\\/\\\/algarve7.pt\",\"https:\\\/\\\/www.facebook.com\\\/algarve7\"],\"url\":\"https:\\\/\\\/algarve7.pt\\\/index.php\\\/author\\\/geralalgarve7-pt\\\/\"}]}<\/script>\n<!-- \/ Yoast SEO plugin. -->","yoast_head_json":{"title":"Equipas sub14 de dez pa\u00edses participam na Portim\u00e3o International Cup - Algarve 7","description":"Equipas sub14 de dez pa\u00edses participam na Portim\u00e3o International Cup Desporto","robots":{"index":"index","follow":"follow","max-snippet":"max-snippet:-1","max-image-preview":"max-image-preview:large","max-video-preview":"max-video-preview:-1"},"canonical":"https:\/\/algarve7.pt\/index.php\/2021\/11\/equipas-sub14-de-dez-paises-participam-na-portimao-international-cup\/desporto\/09\/12\/","og_locale":"pt_PT","og_type":"article","og_title":"Equipas sub14 de dez pa\u00edses participam na Portim\u00e3o International Cup - Algarve 7","og_description":"Equipas sub14 de dez pa\u00edses participam na Portim\u00e3o International Cup Desporto","og_url":"https:\/\/algarve7.pt\/index.php\/2021\/11\/equipas-sub14-de-dez-paises-participam-na-portimao-international-cup\/desporto\/09\/12\/","og_site_name":"Algarve 7","article_publisher":"https:\/\/www.facebook.com\/algarve7","article_author":"https:\/\/www.facebook.com\/algarve7","article_published_time":"2021-11-18T09:12:00+00:00","og_image":[{"width":1920,"height":1276,"url":"https:\/\/algarve7.pt\/wp-content\/uploads\/2021\/11\/Jogo-Sub-14-no-Centro-de-Treinos-Major-David-Neto.jpg","type":"image\/jpeg"}],"author":"Algarve 7","twitter_card":"summary_large_image","twitter_creator":"@Algarvesete","twitter_site":"@Algarvesete","twitter_misc":{"Escrito por":"Algarve 7","Tempo estimado de leitura":"1 minuto"},"schema":{"@context":"https:\/\/schema.org","@graph":[{"@type":"Article","@id":"https:\/\/algarve7.pt\/index.php\/2021\/11\/equipas-sub14-de-dez-paises-participam-na-portimao-international-cup\/desporto\/09\/12\/#article","isPartOf":{"@id":"https:\/\/algarve7.pt\/index.php\/2021\/11\/equipas-sub14-de-dez-paises-participam-na-portimao-international-cup\/desporto\/09\/12\/"},"author":{"name":"Algarve 7","@id":"https:\/\/algarve7.pt\/#\/schema\/person\/23fa70681308e7b319a3204bcea45e0c"},"headline":"Equipas sub14 de dez pa\u00edses participam na Portim\u00e3o International Cup","datePublished":"2021-11-18T09:12:00+00:00","mainEntityOfPage":{"@id":"https:\/\/algarve7.pt\/index.php\/2021\/11\/equipas-sub14-de-dez-paises-participam-na-portimao-international-cup\/desporto\/09\/12\/"},"wordCount":271,"commentCount":0,"publisher":{"@id":"https:\/\/algarve7.pt\/#organization"},"image":{"@id":"https:\/\/algarve7.pt\/index.php\/2021\/11\/equipas-sub14-de-dez-paises-participam-na-portimao-international-cup\/desporto\/09\/12\/#primaryimage"},"thumbnailUrl":"https:\/\/algarve7.pt\/wp-content\/uploads\/2021\/11\/Jogo-Sub-14-no-Centro-de-Treinos-Major-David-Neto.jpg","keywords":["Algarve","Desporto","Portim\u00e3o"],"articleSection":["Desporto"],"inLanguage":"pt-PT","potentialAction":[{"@type":"CommentAction","name":"Comment","target":["https:\/\/algarve7.pt\/index.php\/2021\/11\/equipas-sub14-de-dez-paises-participam-na-portimao-international-cup\/desporto\/09\/12\/#respond"]}]},{"@type":"WebPage","@id":"https:\/\/algarve7.pt\/index.php\/2021\/11\/equipas-sub14-de-dez-paises-participam-na-portimao-international-cup\/desporto\/09\/12\/","url":"https:\/\/algarve7.pt\/index.php\/2021\/11\/equipas-sub14-de-dez-paises-participam-na-portimao-international-cup\/desporto\/09\/12\/","name":"Equipas sub14 de dez pa\u00edses participam na Portim\u00e3o International Cup - Algarve 7","isPartOf":{"@id":"https:\/\/algarve7.pt\/#website"},"primaryImageOfPage":{"@id":"https:\/\/algarve7.pt\/index.php\/2021\/11\/equipas-sub14-de-dez-paises-participam-na-portimao-international-cup\/desporto\/09\/12\/#primaryimage"},"image":{"@id":"https:\/\/algarve7.pt\/index.php\/2021\/11\/equipas-sub14-de-dez-paises-participam-na-portimao-international-cup\/desporto\/09\/12\/#primaryimage"},"thumbnailUrl":"https:\/\/algarve7.pt\/wp-content\/uploads\/2021\/11\/Jogo-Sub-14-no-Centro-de-Treinos-Major-David-Neto.jpg","datePublished":"2021-11-18T09:12:00+00:00","description":"Equipas sub14 de dez pa\u00edses participam na Portim\u00e3o International Cup Desporto","breadcrumb":{"@id":"https:\/\/algarve7.pt\/index.php\/2021\/11\/equipas-sub14-de-dez-paises-participam-na-portimao-international-cup\/desporto\/09\/12\/#breadcrumb"},"inLanguage":"pt-PT","potentialAction":[{"@type":"ReadAction","target":["https:\/\/algarve7.pt\/index.php\/2021\/11\/equipas-sub14-de-dez-paises-participam-na-portimao-international-cup\/desporto\/09\/12\/"]}]},{"@type":"ImageObject","inLanguage":"pt-PT","@id":"https:\/\/algarve7.pt\/index.php\/2021\/11\/equipas-sub14-de-dez-paises-participam-na-portimao-international-cup\/desporto\/09\/12\/#primaryimage","url":"https:\/\/algarve7.pt\/wp-content\/uploads\/2021\/11\/Jogo-Sub-14-no-Centro-de-Treinos-Major-David-Neto.jpg","contentUrl":"https:\/\/algarve7.pt\/wp-content\/uploads\/2021\/11\/Jogo-Sub-14-no-Centro-de-Treinos-Major-David-Neto.jpg","width":1920,"height":1276},{"@type":"BreadcrumbList","@id":"https:\/\/algarve7.pt\/index.php\/2021\/11\/equipas-sub14-de-dez-paises-participam-na-portimao-international-cup\/desporto\/09\/12\/#breadcrumb","itemListElement":[{"@type":"ListItem","position":1,"name":"In\u00edcio","item":"https:\/\/algarve7.pt\/"},{"@type":"ListItem","position":2,"name":"Equipas sub14 de dez pa\u00edses participam na Portim\u00e3o International Cup"}]},{"@type":"WebSite","@id":"https:\/\/algarve7.pt\/#website","url":"https:\/\/algarve7.pt\/","name":"Algarve 7","description":"Informa\u00e7\u00e3o sobre o Algarve","publisher":{"@id":"https:\/\/algarve7.pt\/#organization"},"potentialAction":[{"@type":"SearchAction","target":{"@type":"EntryPoint","urlTemplate":"https:\/\/algarve7.pt\/?s={search_term_string}"},"query-input":{"@type":"PropertyValueSpecification","valueRequired":true,"valueName":"search_term_string"}}],"inLanguage":"pt-PT"},{"@type":"Organization","@id":"https:\/\/algarve7.pt\/#organization","name":"Algarve 7","url":"https:\/\/algarve7.pt\/","logo":{"@type":"ImageObject","inLanguage":"pt-PT","@id":"https:\/\/algarve7.pt\/#\/schema\/logo\/image\/","url":"https:\/\/algarve7.pt\/wp-content\/uploads\/2020\/10\/Logo-8.jpg","contentUrl":"https:\/\/algarve7.pt\/wp-content\/uploads\/2020\/10\/Logo-8.jpg","width":1680,"height":1186,"caption":"Algarve 7"},"image":{"@id":"https:\/\/algarve7.pt\/#\/schema\/logo\/image\/"},"sameAs":["https:\/\/www.facebook.com\/algarve7","https:\/\/x.com\/Algarvesete","https:\/\/www.instagram.com\/jornalalgarve7\/","https:\/\/www.linkedin.com\/company\/algarve7","https:\/\/www.pinterest.pt\/geral0939\/_created\/"]},{"@type":"Person","@id":"https:\/\/algarve7.pt\/#\/schema\/person\/23fa70681308e7b319a3204bcea45e0c","name":"Algarve 7","sameAs":["https:\/\/algarve7.pt","https:\/\/www.facebook.com\/algarve7"],"url":"https:\/\/algarve7.pt\/index.php\/author\/geralalgarve7-pt\/"}]}},"jetpack_publicize_connections":[],"jetpack_featured_media_url":"https:\/\/algarve7.pt\/wp-content\/uploads\/2021\/11\/Jogo-Sub-14-no-Centro-de-Treinos-Major-David-Neto.jpg","jetpack_shortlink":"https:\/\/wp.me\/pcezmW-3qw","jetpack_sharing_enabled":true,"_links":{"self":[{"href":"https:\/\/algarve7.pt\/index.php\/wp-json\/wp\/v2\/posts\/13176","targetHints":{"allow":["GET"]}}],"collection":[{"href":"https:\/\/algarve7.pt\/index.php\/wp-json\/wp\/v2\/posts"}],"about":[{"href":"https:\/\/algarve7.pt\/index.php\/wp-json\/wp\/v2\/types\/post"}],"author":[{"embeddable":true,"href":"https:\/\/algarve7.pt\/index.php\/wp-json\/wp\/v2\/users\/1"}],"replies":[{"embeddable":true,"href":"https:\/\/algarve7.pt\/index.php\/wp-json\/wp\/v2\/comments?post=13176"}],"version-history":[{"count":0,"href":"https:\/\/algarve7.pt\/index.php\/wp-json\/wp\/v2\/posts\/13176\/revisions"}],"wp:featuredmedia":[{"embeddable":true,"href":"https:\/\/algarve7.pt\/index.php\/wp-json\/wp\/v2\/media\/13177"}],"wp:attachment":[{"href":"https:\/\/algarve7.pt\/index.php\/wp-json\/wp\/v2\/media?parent=13176"}],"wp:term":[{"taxonomy":"category","embeddable":true,"href":"https:\/\/algarve7.pt\/index.php\/wp-json\/wp\/v2\/categories?post=13176"},{"taxonomy":"post_tag","embeddable":true,"href":"https:\/\/algarve7.pt\/index.php\/wp-json\/wp\/v2\/tags?post=13176"}],"curies":[{"name":"wp","href":"https:\/\/api.w.org\/{rel}","templated":true}]}}