{"id":13137,"date":"2021-11-17T11:56:00","date_gmt":"2021-11-17T11:56:00","guid":{"rendered":"https:\/\/algarve7.pt\/?p=13137"},"modified":"2021-11-16T17:58:46","modified_gmt":"2021-11-16T17:58:46","slug":"espetaculo-comemorativo-lagoa-cidade-educadora-patrimonio-identidade","status":"publish","type":"post","link":"https:\/\/algarve7.pt\/index.php\/2021\/11\/espetaculo-comemorativo-lagoa-cidade-educadora-patrimonio-identidade\/cultura\/11\/56\/","title":{"rendered":"Espet\u00e1culo Comemorativo Lagoa Cidade Educadora: \u201cPatrim\u00f3nio &#038; Identidade\u201d"},"content":{"rendered":"\n<p>No&nbsp;\u00e2mbito das comemora\u00e7\u00f5es do Dia Internacional das Cidades Educadores 2021 que se realiza a 30 de novembro, o Munic\u00edpio de Lagoa ir\u00e1 realizar o Espet\u00e1culo Comemorativo Lagoa Cidade Educadora: \u201c<strong>Patrim\u00f3nio &amp; Identidade<\/strong>\u201d, no Audit\u00f3rio Carlos do Carmo no dia 27 de novembro, pelas 21h30.<\/p>\n\n\n\n<p>O espet\u00e1culo \u201c<strong>Patrim\u00f3nio &amp; Identidade<\/strong>\u201d \u00e9 de entrada gratuita mediante levantamento de bilhete no Audit\u00f3rio Carlos do Carmo.<\/p>\n\n\n\n<p>Este espet\u00e1culo ir\u00e1 levar ao palco do Audit\u00f3rio Carlos do Carmo algumas das propostas art\u00edsticas que marcaram presen\u00e7a na edi\u00e7\u00e3o de 2021 dos Percursos Performativos no Patrim\u00f3nio, apresentando propostas na \u00e1rea da dan\u00e7a, m\u00fasica, teatro, poesia, entre outros.<\/p>\n\n\n\n<div class=\"wp-block-image is-style-default\"><figure class=\"aligncenter size-large is-resized\"><img loading=\"lazy\" decoding=\"async\" src=\"https:\/\/algarve7.pt\/wp-content\/uploads\/2021\/11\/image002-724x1024.jpg\" alt=\"\" class=\"wp-image-13139\" width=\"395\" height=\"559\" srcset=\"https:\/\/algarve7.pt\/wp-content\/uploads\/2021\/11\/image002-724x1024.jpg 724w, https:\/\/algarve7.pt\/wp-content\/uploads\/2021\/11\/image002-212x300.jpg 212w, https:\/\/algarve7.pt\/wp-content\/uploads\/2021\/11\/image002-768x1086.jpg 768w, https:\/\/algarve7.pt\/wp-content\/uploads\/2021\/11\/image002.jpg 794w\" sizes=\"auto, (max-width: 395px) 100vw, 395px\" \/><\/figure><\/div>\n","protected":false},"excerpt":{"rendered":"<p>No&nbsp;\u00e2mbito das comemora\u00e7\u00f5es do Dia Internacional das Cidades Educadores 2021 que se realiza a 30 de novembro, o Munic\u00edpio de<\/p>\n","protected":false},"author":1,"featured_media":13138,"comment_status":"open","ping_status":"open","sticky":false,"template":"","format":"standard","meta":{"colormag_page_container_layout":"default_layout","colormag_page_sidebar_layout":"default_layout","_monsterinsights_skip_tracking":false,"_monsterinsights_sitenote_active":false,"_monsterinsights_sitenote_note":"","_monsterinsights_sitenote_category":0,"jetpack_post_was_ever_published":false,"_jetpack_newsletter_access":"","_jetpack_dont_email_post_to_subs":false,"_jetpack_newsletter_tier_id":0,"_jetpack_memberships_contains_paywalled_content":false,"_jetpack_memberships_contains_paid_content":false,"footnotes":"","jetpack_publicize_message":"","jetpack_publicize_feature_enabled":true,"jetpack_social_post_already_shared":true,"jetpack_social_options":{"image_generator_settings":{"template":"highway","default_image_id":0,"font":"","enabled":false},"version":2}},"categories":[14],"tags":[35,48,117],"class_list":["post-13137","post","type-post","status-publish","format-standard","has-post-thumbnail","hentry","category-cultura","tag-cultura","tag-lagoa","tag-patrimonio"],"yoast_head":"<!-- This site is optimized with the Yoast SEO plugin v27.5 - https:\/\/yoast.com\/product\/yoast-seo-wordpress\/ -->\n<title>Espet\u00e1culo Comemorativo Lagoa Cidade Educadora: \u201cPatrim\u00f3nio &amp; Identidade\u201d - Algarve 7<\/title>\n<meta name=\"description\" content=\"Espet\u00e1culo Comemorativo Lagoa Cidade Educadora: \u201cPatrim\u00f3nio &amp; Identidade\u201d Cultura\" \/>\n<meta name=\"robots\" content=\"index, follow, max-snippet:-1, max-image-preview:large, max-video-preview:-1\" \/>\n<link rel=\"canonical\" href=\"https:\/\/algarve7.pt\/index.php\/2021\/11\/espetaculo-comemorativo-lagoa-cidade-educadora-patrimonio-identidade\/cultura\/11\/56\/\" \/>\n<meta property=\"og:locale\" content=\"pt_PT\" \/>\n<meta property=\"og:type\" content=\"article\" \/>\n<meta property=\"og:title\" content=\"Espet\u00e1culo Comemorativo Lagoa Cidade Educadora: \u201cPatrim\u00f3nio &amp; Identidade\u201d - Algarve 7\" \/>\n<meta property=\"og:description\" content=\"Espet\u00e1culo Comemorativo Lagoa Cidade Educadora: \u201cPatrim\u00f3nio &amp; Identidade\u201d Cultura\" \/>\n<meta property=\"og:url\" content=\"https:\/\/algarve7.pt\/index.php\/2021\/11\/espetaculo-comemorativo-lagoa-cidade-educadora-patrimonio-identidade\/cultura\/11\/56\/\" \/>\n<meta property=\"og:site_name\" content=\"Algarve 7\" \/>\n<meta property=\"article:publisher\" content=\"https:\/\/www.facebook.com\/algarve7\" \/>\n<meta property=\"article:author\" content=\"https:\/\/www.facebook.com\/algarve7\" \/>\n<meta property=\"article:published_time\" content=\"2021-11-17T11:56:00+00:00\" \/>\n<meta property=\"og:image\" content=\"https:\/\/algarve7.pt\/wp-content\/uploads\/2021\/11\/Captura-de-ecra-2021-11-16-as-17.55.43-1024x674.png\" \/>\n\t<meta property=\"og:image:width\" content=\"1024\" \/>\n\t<meta property=\"og:image:height\" content=\"674\" \/>\n\t<meta property=\"og:image:type\" content=\"image\/png\" \/>\n<meta name=\"author\" content=\"Algarve 7\" \/>\n<meta name=\"twitter:card\" content=\"summary_large_image\" \/>\n<meta name=\"twitter:creator\" content=\"@Algarvesete\" \/>\n<meta name=\"twitter:site\" content=\"@Algarvesete\" \/>\n<meta name=\"twitter:label1\" content=\"Escrito por\" \/>\n\t<meta name=\"twitter:data1\" content=\"Algarve 7\" \/>\n\t<meta name=\"twitter:label2\" content=\"Tempo estimado de leitura\" \/>\n\t<meta name=\"twitter:data2\" content=\"1 minuto\" \/>\n<script type=\"application\/ld+json\" class=\"yoast-schema-graph\">{\"@context\":\"https:\\\/\\\/schema.org\",\"@graph\":[{\"@type\":\"Article\",\"@id\":\"https:\\\/\\\/algarve7.pt\\\/index.php\\\/2021\\\/11\\\/espetaculo-comemorativo-lagoa-cidade-educadora-patrimonio-identidade\\\/cultura\\\/11\\\/56\\\/#article\",\"isPartOf\":{\"@id\":\"https:\\\/\\\/algarve7.pt\\\/index.php\\\/2021\\\/11\\\/espetaculo-comemorativo-lagoa-cidade-educadora-patrimonio-identidade\\\/cultura\\\/11\\\/56\\\/\"},\"author\":{\"name\":\"Algarve 7\",\"@id\":\"https:\\\/\\\/algarve7.pt\\\/#\\\/schema\\\/person\\\/23fa70681308e7b319a3204bcea45e0c\"},\"headline\":\"Espet\u00e1culo Comemorativo Lagoa Cidade Educadora: \u201cPatrim\u00f3nio &#038; Identidade\u201d\",\"datePublished\":\"2021-11-17T11:56:00+00:00\",\"mainEntityOfPage\":{\"@id\":\"https:\\\/\\\/algarve7.pt\\\/index.php\\\/2021\\\/11\\\/espetaculo-comemorativo-lagoa-cidade-educadora-patrimonio-identidade\\\/cultura\\\/11\\\/56\\\/\"},\"wordCount\":122,\"commentCount\":0,\"publisher\":{\"@id\":\"https:\\\/\\\/algarve7.pt\\\/#organization\"},\"image\":{\"@id\":\"https:\\\/\\\/algarve7.pt\\\/index.php\\\/2021\\\/11\\\/espetaculo-comemorativo-lagoa-cidade-educadora-patrimonio-identidade\\\/cultura\\\/11\\\/56\\\/#primaryimage\"},\"thumbnailUrl\":\"https:\\\/\\\/algarve7.pt\\\/wp-content\\\/uploads\\\/2021\\\/11\\\/Captura-de-ecra-2021-11-16-as-17.55.43.png\",\"keywords\":[\"Cultura\",\"Lagoa\",\"Patrim\u00f3nio\"],\"articleSection\":[\"Cultura\"],\"inLanguage\":\"pt-PT\",\"potentialAction\":[{\"@type\":\"CommentAction\",\"name\":\"Comment\",\"target\":[\"https:\\\/\\\/algarve7.pt\\\/index.php\\\/2021\\\/11\\\/espetaculo-comemorativo-lagoa-cidade-educadora-patrimonio-identidade\\\/cultura\\\/11\\\/56\\\/#respond\"]}]},{\"@type\":\"WebPage\",\"@id\":\"https:\\\/\\\/algarve7.pt\\\/index.php\\\/2021\\\/11\\\/espetaculo-comemorativo-lagoa-cidade-educadora-patrimonio-identidade\\\/cultura\\\/11\\\/56\\\/\",\"url\":\"https:\\\/\\\/algarve7.pt\\\/index.php\\\/2021\\\/11\\\/espetaculo-comemorativo-lagoa-cidade-educadora-patrimonio-identidade\\\/cultura\\\/11\\\/56\\\/\",\"name\":\"Espet\u00e1culo Comemorativo Lagoa Cidade Educadora: \u201cPatrim\u00f3nio & Identidade\u201d - Algarve 7\",\"isPartOf\":{\"@id\":\"https:\\\/\\\/algarve7.pt\\\/#website\"},\"primaryImageOfPage\":{\"@id\":\"https:\\\/\\\/algarve7.pt\\\/index.php\\\/2021\\\/11\\\/espetaculo-comemorativo-lagoa-cidade-educadora-patrimonio-identidade\\\/cultura\\\/11\\\/56\\\/#primaryimage\"},\"image\":{\"@id\":\"https:\\\/\\\/algarve7.pt\\\/index.php\\\/2021\\\/11\\\/espetaculo-comemorativo-lagoa-cidade-educadora-patrimonio-identidade\\\/cultura\\\/11\\\/56\\\/#primaryimage\"},\"thumbnailUrl\":\"https:\\\/\\\/algarve7.pt\\\/wp-content\\\/uploads\\\/2021\\\/11\\\/Captura-de-ecra-2021-11-16-as-17.55.43.png\",\"datePublished\":\"2021-11-17T11:56:00+00:00\",\"description\":\"Espet\u00e1culo Comemorativo Lagoa Cidade Educadora: \u201cPatrim\u00f3nio & Identidade\u201d Cultura\",\"breadcrumb\":{\"@id\":\"https:\\\/\\\/algarve7.pt\\\/index.php\\\/2021\\\/11\\\/espetaculo-comemorativo-lagoa-cidade-educadora-patrimonio-identidade\\\/cultura\\\/11\\\/56\\\/#breadcrumb\"},\"inLanguage\":\"pt-PT\",\"potentialAction\":[{\"@type\":\"ReadAction\",\"target\":[\"https:\\\/\\\/algarve7.pt\\\/index.php\\\/2021\\\/11\\\/espetaculo-comemorativo-lagoa-cidade-educadora-patrimonio-identidade\\\/cultura\\\/11\\\/56\\\/\"]}]},{\"@type\":\"ImageObject\",\"inLanguage\":\"pt-PT\",\"@id\":\"https:\\\/\\\/algarve7.pt\\\/index.php\\\/2021\\\/11\\\/espetaculo-comemorativo-lagoa-cidade-educadora-patrimonio-identidade\\\/cultura\\\/11\\\/56\\\/#primaryimage\",\"url\":\"https:\\\/\\\/algarve7.pt\\\/wp-content\\\/uploads\\\/2021\\\/11\\\/Captura-de-ecra-2021-11-16-as-17.55.43.png\",\"contentUrl\":\"https:\\\/\\\/algarve7.pt\\\/wp-content\\\/uploads\\\/2021\\\/11\\\/Captura-de-ecra-2021-11-16-as-17.55.43.png\",\"width\":1568,\"height\":1032},{\"@type\":\"BreadcrumbList\",\"@id\":\"https:\\\/\\\/algarve7.pt\\\/index.php\\\/2021\\\/11\\\/espetaculo-comemorativo-lagoa-cidade-educadora-patrimonio-identidade\\\/cultura\\\/11\\\/56\\\/#breadcrumb\",\"itemListElement\":[{\"@type\":\"ListItem\",\"position\":1,\"name\":\"In\u00edcio\",\"item\":\"https:\\\/\\\/algarve7.pt\\\/\"},{\"@type\":\"ListItem\",\"position\":2,\"name\":\"Espet\u00e1culo Comemorativo Lagoa Cidade Educadora: \u201cPatrim\u00f3nio &#038; Identidade\u201d\"}]},{\"@type\":\"WebSite\",\"@id\":\"https:\\\/\\\/algarve7.pt\\\/#website\",\"url\":\"https:\\\/\\\/algarve7.pt\\\/\",\"name\":\"Algarve 7\",\"description\":\"Informa\u00e7\u00e3o sobre o Algarve\",\"publisher\":{\"@id\":\"https:\\\/\\\/algarve7.pt\\\/#organization\"},\"potentialAction\":[{\"@type\":\"SearchAction\",\"target\":{\"@type\":\"EntryPoint\",\"urlTemplate\":\"https:\\\/\\\/algarve7.pt\\\/?s={search_term_string}\"},\"query-input\":{\"@type\":\"PropertyValueSpecification\",\"valueRequired\":true,\"valueName\":\"search_term_string\"}}],\"inLanguage\":\"pt-PT\"},{\"@type\":\"Organization\",\"@id\":\"https:\\\/\\\/algarve7.pt\\\/#organization\",\"name\":\"Algarve 7\",\"url\":\"https:\\\/\\\/algarve7.pt\\\/\",\"logo\":{\"@type\":\"ImageObject\",\"inLanguage\":\"pt-PT\",\"@id\":\"https:\\\/\\\/algarve7.pt\\\/#\\\/schema\\\/logo\\\/image\\\/\",\"url\":\"https:\\\/\\\/algarve7.pt\\\/wp-content\\\/uploads\\\/2020\\\/10\\\/Logo-8.jpg\",\"contentUrl\":\"https:\\\/\\\/algarve7.pt\\\/wp-content\\\/uploads\\\/2020\\\/10\\\/Logo-8.jpg\",\"width\":1680,\"height\":1186,\"caption\":\"Algarve 7\"},\"image\":{\"@id\":\"https:\\\/\\\/algarve7.pt\\\/#\\\/schema\\\/logo\\\/image\\\/\"},\"sameAs\":[\"https:\\\/\\\/www.facebook.com\\\/algarve7\",\"https:\\\/\\\/x.com\\\/Algarvesete\",\"https:\\\/\\\/www.instagram.com\\\/jornalalgarve7\\\/\",\"https:\\\/\\\/www.linkedin.com\\\/company\\\/algarve7\",\"https:\\\/\\\/www.pinterest.pt\\\/geral0939\\\/_created\\\/\"]},{\"@type\":\"Person\",\"@id\":\"https:\\\/\\\/algarve7.pt\\\/#\\\/schema\\\/person\\\/23fa70681308e7b319a3204bcea45e0c\",\"name\":\"Algarve 7\",\"sameAs\":[\"https:\\\/\\\/algarve7.pt\",\"https:\\\/\\\/www.facebook.com\\\/algarve7\"],\"url\":\"https:\\\/\\\/algarve7.pt\\\/index.php\\\/author\\\/geralalgarve7-pt\\\/\"}]}<\/script>\n<!-- \/ Yoast SEO plugin. -->","yoast_head_json":{"title":"Espet\u00e1culo Comemorativo Lagoa Cidade Educadora: \u201cPatrim\u00f3nio & Identidade\u201d - Algarve 7","description":"Espet\u00e1culo Comemorativo Lagoa Cidade Educadora: \u201cPatrim\u00f3nio & Identidade\u201d Cultura","robots":{"index":"index","follow":"follow","max-snippet":"max-snippet:-1","max-image-preview":"max-image-preview:large","max-video-preview":"max-video-preview:-1"},"canonical":"https:\/\/algarve7.pt\/index.php\/2021\/11\/espetaculo-comemorativo-lagoa-cidade-educadora-patrimonio-identidade\/cultura\/11\/56\/","og_locale":"pt_PT","og_type":"article","og_title":"Espet\u00e1culo Comemorativo Lagoa Cidade Educadora: \u201cPatrim\u00f3nio & Identidade\u201d - Algarve 7","og_description":"Espet\u00e1culo Comemorativo Lagoa Cidade Educadora: \u201cPatrim\u00f3nio & Identidade\u201d Cultura","og_url":"https:\/\/algarve7.pt\/index.php\/2021\/11\/espetaculo-comemorativo-lagoa-cidade-educadora-patrimonio-identidade\/cultura\/11\/56\/","og_site_name":"Algarve 7","article_publisher":"https:\/\/www.facebook.com\/algarve7","article_author":"https:\/\/www.facebook.com\/algarve7","article_published_time":"2021-11-17T11:56:00+00:00","og_image":[{"width":1024,"height":674,"url":"https:\/\/algarve7.pt\/wp-content\/uploads\/2021\/11\/Captura-de-ecra-2021-11-16-as-17.55.43-1024x674.png","type":"image\/png"}],"author":"Algarve 7","twitter_card":"summary_large_image","twitter_creator":"@Algarvesete","twitter_site":"@Algarvesete","twitter_misc":{"Escrito por":"Algarve 7","Tempo estimado de leitura":"1 minuto"},"schema":{"@context":"https:\/\/schema.org","@graph":[{"@type":"Article","@id":"https:\/\/algarve7.pt\/index.php\/2021\/11\/espetaculo-comemorativo-lagoa-cidade-educadora-patrimonio-identidade\/cultura\/11\/56\/#article","isPartOf":{"@id":"https:\/\/algarve7.pt\/index.php\/2021\/11\/espetaculo-comemorativo-lagoa-cidade-educadora-patrimonio-identidade\/cultura\/11\/56\/"},"author":{"name":"Algarve 7","@id":"https:\/\/algarve7.pt\/#\/schema\/person\/23fa70681308e7b319a3204bcea45e0c"},"headline":"Espet\u00e1culo Comemorativo Lagoa Cidade Educadora: \u201cPatrim\u00f3nio &#038; Identidade\u201d","datePublished":"2021-11-17T11:56:00+00:00","mainEntityOfPage":{"@id":"https:\/\/algarve7.pt\/index.php\/2021\/11\/espetaculo-comemorativo-lagoa-cidade-educadora-patrimonio-identidade\/cultura\/11\/56\/"},"wordCount":122,"commentCount":0,"publisher":{"@id":"https:\/\/algarve7.pt\/#organization"},"image":{"@id":"https:\/\/algarve7.pt\/index.php\/2021\/11\/espetaculo-comemorativo-lagoa-cidade-educadora-patrimonio-identidade\/cultura\/11\/56\/#primaryimage"},"thumbnailUrl":"https:\/\/algarve7.pt\/wp-content\/uploads\/2021\/11\/Captura-de-ecra-2021-11-16-as-17.55.43.png","keywords":["Cultura","Lagoa","Patrim\u00f3nio"],"articleSection":["Cultura"],"inLanguage":"pt-PT","potentialAction":[{"@type":"CommentAction","name":"Comment","target":["https:\/\/algarve7.pt\/index.php\/2021\/11\/espetaculo-comemorativo-lagoa-cidade-educadora-patrimonio-identidade\/cultura\/11\/56\/#respond"]}]},{"@type":"WebPage","@id":"https:\/\/algarve7.pt\/index.php\/2021\/11\/espetaculo-comemorativo-lagoa-cidade-educadora-patrimonio-identidade\/cultura\/11\/56\/","url":"https:\/\/algarve7.pt\/index.php\/2021\/11\/espetaculo-comemorativo-lagoa-cidade-educadora-patrimonio-identidade\/cultura\/11\/56\/","name":"Espet\u00e1culo Comemorativo Lagoa Cidade Educadora: \u201cPatrim\u00f3nio & Identidade\u201d - Algarve 7","isPartOf":{"@id":"https:\/\/algarve7.pt\/#website"},"primaryImageOfPage":{"@id":"https:\/\/algarve7.pt\/index.php\/2021\/11\/espetaculo-comemorativo-lagoa-cidade-educadora-patrimonio-identidade\/cultura\/11\/56\/#primaryimage"},"image":{"@id":"https:\/\/algarve7.pt\/index.php\/2021\/11\/espetaculo-comemorativo-lagoa-cidade-educadora-patrimonio-identidade\/cultura\/11\/56\/#primaryimage"},"thumbnailUrl":"https:\/\/algarve7.pt\/wp-content\/uploads\/2021\/11\/Captura-de-ecra-2021-11-16-as-17.55.43.png","datePublished":"2021-11-17T11:56:00+00:00","description":"Espet\u00e1culo Comemorativo Lagoa Cidade Educadora: \u201cPatrim\u00f3nio & Identidade\u201d Cultura","breadcrumb":{"@id":"https:\/\/algarve7.pt\/index.php\/2021\/11\/espetaculo-comemorativo-lagoa-cidade-educadora-patrimonio-identidade\/cultura\/11\/56\/#breadcrumb"},"inLanguage":"pt-PT","potentialAction":[{"@type":"ReadAction","target":["https:\/\/algarve7.pt\/index.php\/2021\/11\/espetaculo-comemorativo-lagoa-cidade-educadora-patrimonio-identidade\/cultura\/11\/56\/"]}]},{"@type":"ImageObject","inLanguage":"pt-PT","@id":"https:\/\/algarve7.pt\/index.php\/2021\/11\/espetaculo-comemorativo-lagoa-cidade-educadora-patrimonio-identidade\/cultura\/11\/56\/#primaryimage","url":"https:\/\/algarve7.pt\/wp-content\/uploads\/2021\/11\/Captura-de-ecra-2021-11-16-as-17.55.43.png","contentUrl":"https:\/\/algarve7.pt\/wp-content\/uploads\/2021\/11\/Captura-de-ecra-2021-11-16-as-17.55.43.png","width":1568,"height":1032},{"@type":"BreadcrumbList","@id":"https:\/\/algarve7.pt\/index.php\/2021\/11\/espetaculo-comemorativo-lagoa-cidade-educadora-patrimonio-identidade\/cultura\/11\/56\/#breadcrumb","itemListElement":[{"@type":"ListItem","position":1,"name":"In\u00edcio","item":"https:\/\/algarve7.pt\/"},{"@type":"ListItem","position":2,"name":"Espet\u00e1culo Comemorativo Lagoa Cidade Educadora: \u201cPatrim\u00f3nio &#038; Identidade\u201d"}]},{"@type":"WebSite","@id":"https:\/\/algarve7.pt\/#website","url":"https:\/\/algarve7.pt\/","name":"Algarve 7","description":"Informa\u00e7\u00e3o sobre o Algarve","publisher":{"@id":"https:\/\/algarve7.pt\/#organization"},"potentialAction":[{"@type":"SearchAction","target":{"@type":"EntryPoint","urlTemplate":"https:\/\/algarve7.pt\/?s={search_term_string}"},"query-input":{"@type":"PropertyValueSpecification","valueRequired":true,"valueName":"search_term_string"}}],"inLanguage":"pt-PT"},{"@type":"Organization","@id":"https:\/\/algarve7.pt\/#organization","name":"Algarve 7","url":"https:\/\/algarve7.pt\/","logo":{"@type":"ImageObject","inLanguage":"pt-PT","@id":"https:\/\/algarve7.pt\/#\/schema\/logo\/image\/","url":"https:\/\/algarve7.pt\/wp-content\/uploads\/2020\/10\/Logo-8.jpg","contentUrl":"https:\/\/algarve7.pt\/wp-content\/uploads\/2020\/10\/Logo-8.jpg","width":1680,"height":1186,"caption":"Algarve 7"},"image":{"@id":"https:\/\/algarve7.pt\/#\/schema\/logo\/image\/"},"sameAs":["https:\/\/www.facebook.com\/algarve7","https:\/\/x.com\/Algarvesete","https:\/\/www.instagram.com\/jornalalgarve7\/","https:\/\/www.linkedin.com\/company\/algarve7","https:\/\/www.pinterest.pt\/geral0939\/_created\/"]},{"@type":"Person","@id":"https:\/\/algarve7.pt\/#\/schema\/person\/23fa70681308e7b319a3204bcea45e0c","name":"Algarve 7","sameAs":["https:\/\/algarve7.pt","https:\/\/www.facebook.com\/algarve7"],"url":"https:\/\/algarve7.pt\/index.php\/author\/geralalgarve7-pt\/"}]}},"jetpack_publicize_connections":[],"jetpack_featured_media_url":"https:\/\/algarve7.pt\/wp-content\/uploads\/2021\/11\/Captura-de-ecra-2021-11-16-as-17.55.43.png","jetpack_shortlink":"https:\/\/wp.me\/pcezmW-3pT","jetpack_sharing_enabled":true,"_links":{"self":[{"href":"https:\/\/algarve7.pt\/index.php\/wp-json\/wp\/v2\/posts\/13137","targetHints":{"allow":["GET"]}}],"collection":[{"href":"https:\/\/algarve7.pt\/index.php\/wp-json\/wp\/v2\/posts"}],"about":[{"href":"https:\/\/algarve7.pt\/index.php\/wp-json\/wp\/v2\/types\/post"}],"author":[{"embeddable":true,"href":"https:\/\/algarve7.pt\/index.php\/wp-json\/wp\/v2\/users\/1"}],"replies":[{"embeddable":true,"href":"https:\/\/algarve7.pt\/index.php\/wp-json\/wp\/v2\/comments?post=13137"}],"version-history":[{"count":0,"href":"https:\/\/algarve7.pt\/index.php\/wp-json\/wp\/v2\/posts\/13137\/revisions"}],"wp:featuredmedia":[{"embeddable":true,"href":"https:\/\/algarve7.pt\/index.php\/wp-json\/wp\/v2\/media\/13138"}],"wp:attachment":[{"href":"https:\/\/algarve7.pt\/index.php\/wp-json\/wp\/v2\/media?parent=13137"}],"wp:term":[{"taxonomy":"category","embeddable":true,"href":"https:\/\/algarve7.pt\/index.php\/wp-json\/wp\/v2\/categories?post=13137"},{"taxonomy":"post_tag","embeddable":true,"href":"https:\/\/algarve7.pt\/index.php\/wp-json\/wp\/v2\/tags?post=13137"}],"curies":[{"name":"wp","href":"https:\/\/api.w.org\/{rel}","templated":true}]}}