{"id":1308,"date":"2020-09-11T18:53:15","date_gmt":"2020-09-11T17:53:15","guid":{"rendered":"https:\/\/algarve7.pt\/?p=1308"},"modified":"2020-09-11T18:53:16","modified_gmt":"2020-09-11T17:53:16","slug":"mobilidade-eletrica-lidl-inaugura-percurso-lisboa-algarve-na-loja-de-boliqueime","status":"publish","type":"post","link":"https:\/\/algarve7.pt\/index.php\/2020\/09\/mobilidade-eletrica-lidl-inaugura-percurso-lisboa-algarve-na-loja-de-boliqueime\/ambiente\/18\/53\/","title":{"rendered":"Mobilidade El\u00e9trica: Lidl inaugura percurso Lisboa-Algarve na Loja de Boliqueime"},"content":{"rendered":"\n<p>Com o apoio institucional do Minist\u00e9rio do Ambiente e da A\u00e7\u00e3o Clim\u00e1tica, a cerim\u00f3nia que assinala a inaugura\u00e7\u00e3o da segunda fase do compromisso de mobilidade el\u00e9trica do Lidl, decorreu hoje, na loja de Boliqueime, e contou com a presen\u00e7a do Ministro do Ambiente e da A\u00e7\u00e3o Clim\u00e1tica, Jo\u00e3o Pedro Matos Fernandes.<\/p>\n\n\n\n<p>Em linha com as principais orienta\u00e7\u00f5es Europeias, e enquadrado nas pol\u00edticas de sustentabilidade que a empresa tem vindo a desenvolver, o Lidl est\u00e1 comprometido em expandir as infraestruturas de carregamento el\u00e9trico a todo o territ\u00f3rio nacional, promovendo a mobilidade sustent\u00e1vel al\u00e9m dos grandes centros urbanos. Depois de em junho deste ano, Lisboa, enquanto Capital Verde Europeia 2020, ter sido a cidade escolhida para o arranque desta rede, segue-se agora, numa segunda fase, a instala\u00e7\u00e3o de mais 8 postos de carregamento nas lojas do Alentejo e Algarve, fazendo a liga\u00e7\u00e3o ao Sul e a Espanha, num total de 17 postos at\u00e9 ao momento. O Norte e Centro do pa\u00eds ser\u00e3o igualmente contemplados, ainda este ano.<\/p>\n\n\n\n<p>Alc\u00e1cer do Sal, Gr\u00e2ndola, Albufeira, Vila Real de Santo Ant\u00f3nio, Olh\u00e3o, Loul\u00e9, Lagoa e Lagos s\u00e3o assim as cidades cujas lojas Lidl recebem novos postos de carregamento el\u00e9trico e que integram o percurso Lisboa-Algarve, assim como toda a regi\u00e3o do Algarve e a sua liga\u00e7\u00e3o a Espanha, contribuindo para dinamizar uma mobilidade sustent\u00e1vel, em zonas atrativas para tal. Neste \u00e2mbito o Lidl \u00e9 pioneiro, pois a inaugura\u00e7\u00e3o deste percurso permitir\u00e1 realizar a viagem exclusivamente atrav\u00e9s de energia el\u00e9trica, uma vez que os postos de carregamento est\u00e3o estrategicamente localizados, de forma a assegurar a autonomia dos ve\u00edculos entre os pontos de carregamento.<\/p>\n\n\n\n<p>Esta abordagem visa igualmente proporcionar uma maior comodidade ao utilizador, uma vez que os postos s\u00e3o multi-standard e de carregamento r\u00e1pido, possibilitando o recarregamento de 80% da bateria em apenas 30 minutos, sin\u00f3nimo de um abastecimento quase completo durante uma ida regular \u00e0s compras, sem necessidade de desloca\u00e7\u00f5es adicionais. <\/p>\n\n\n\n<p>Para&nbsp;Milton Rego, Administrador do Lidl Portugal, \u201c<em>Este \u00e9 um projeto que refor\u00e7a o nosso compromisso para com uma mobilidade mais consciente e sustent\u00e1vel, e responde a uma necessidade evidente dos utilizadores de veiculos el\u00e9tricos, disponibilizando novos postos em locais estrategicamente localizados. Simultaneamente, contribuimos para uma maior conveni\u00eancia dos nossos clientes que, de forma r\u00e1pida e c\u00f3moda<\/em><em>, podem carregar os seus ve\u00edculos enquanto fazem as suas compras\u201d.<\/em><\/p>\n\n\n\n<p>Para Jo\u00e3o Pedro Matos Fernandes, Ministro do Ambiente e da A\u00e7\u00e3o Clim\u00e1tica,&nbsp;\u201c<em>Falamos muito no consumo sustent\u00e1vel e no consumo respons\u00e1vel. Os consumidores s\u00e3o cada vez mais exigentes e as cadeias que disponibilizam os bens t\u00eam cada vez mais poder. O Lidl \u00e9 exemplar no processo que est\u00e1 a fazer. O compromisso do Lidl vai muito al\u00e9m da mobilidade el\u00e9trica e tem um compromisso assumido no consumo de pl\u00e1stico. Quando nos juntamos com bons exemplos, a tend\u00eancia \u00e9 sempre melhor<\/em>\u201d.<\/p>\n\n\n\n<p>Com o apoio institucional do Minist\u00e9rio do Ambiente e da A\u00e7\u00e3o Clim\u00e1tica, este compromisso \u00e9 financiado exclusivamente atrav\u00e9s de capitais pr\u00f3prios, no valor de 1 milh\u00e3o de euros, visando uma rede de mais de 40 postos de carregamento para viaturas el\u00e9tricas, at\u00e9 fevereiro de 2021, possibilitando viajar de Norte a Sul do pa\u00eds com energia verde. Este compromisso \u00e9 mais um passo na estrat\u00e9gia de sustentabilidade do Lidl que, desde o in\u00edcio deste ano, abastece todos os seus edif\u00edcios e lojas exclusivamente a partir de fontes 100% renov\u00e1veis, que resultou na obten\u00e7\u00e3o do certificado de&nbsp;garantia de origem \u201cEnergia Verde \u2013 Classe A\u201d, referente a 2019, atestado pela AENOR, entidade&nbsp;internacional com compet\u00eancia para certifica\u00e7\u00e3o de qualidade.<\/p>\n","protected":false},"excerpt":{"rendered":"<p>Com o apoio institucional do Minist\u00e9rio do Ambiente e da A\u00e7\u00e3o Clim\u00e1tica, a cerim\u00f3nia que assinala a inaugura\u00e7\u00e3o da segunda<\/p>\n","protected":false},"author":1,"featured_media":1309,"comment_status":"open","ping_status":"open","sticky":false,"template":"","format":"standard","meta":{"colormag_page_container_layout":"default_layout","colormag_page_sidebar_layout":"default_layout","_monsterinsights_skip_tracking":false,"_monsterinsights_sitenote_active":false,"_monsterinsights_sitenote_note":"","_monsterinsights_sitenote_category":0,"jetpack_post_was_ever_published":false,"_jetpack_newsletter_access":"","_jetpack_dont_email_post_to_subs":false,"_jetpack_newsletter_tier_id":0,"_jetpack_memberships_contains_paywalled_content":false,"_jetpack_memberships_contains_paid_content":false,"footnotes":"","jetpack_publicize_message":"","jetpack_publicize_feature_enabled":true,"jetpack_social_post_already_shared":true,"jetpack_social_options":{"image_generator_settings":{"template":"highway","default_image_id":0,"font":"","enabled":false},"version":2}},"categories":[5],"tags":[32,133,31],"class_list":["post-1308","post","type-post","status-publish","format-standard","has-post-thumbnail","hentry","category-ambiente","tag-ambiente","tag-boliqueime","tag-loule"],"yoast_head":"<!-- This site is optimized with the Yoast SEO plugin v27.4 - https:\/\/yoast.com\/product\/yoast-seo-wordpress\/ -->\n<title>Mobilidade El\u00e9trica: Lidl inaugura percurso Lisboa-Algarve na Loja de Boliqueime - Algarve 7<\/title>\n<meta name=\"description\" content=\"Mobilidade El\u00e9trica: Lidl inaugura percurso Lisboa-Algarve na Loja de Boliqueime\" \/>\n<meta name=\"robots\" content=\"index, follow, max-snippet:-1, max-image-preview:large, max-video-preview:-1\" \/>\n<link rel=\"canonical\" href=\"https:\/\/algarve7.pt\/index.php\/2020\/09\/mobilidade-eletrica-lidl-inaugura-percurso-lisboa-algarve-na-loja-de-boliqueime\/ambiente\/18\/53\/\" \/>\n<meta property=\"og:locale\" content=\"pt_PT\" \/>\n<meta property=\"og:type\" content=\"article\" \/>\n<meta property=\"og:title\" content=\"Mobilidade El\u00e9trica: Lidl inaugura percurso Lisboa-Algarve na Loja de Boliqueime - Algarve 7\" \/>\n<meta property=\"og:description\" content=\"Mobilidade El\u00e9trica: Lidl inaugura percurso Lisboa-Algarve na Loja de Boliqueime\" \/>\n<meta property=\"og:url\" content=\"https:\/\/algarve7.pt\/index.php\/2020\/09\/mobilidade-eletrica-lidl-inaugura-percurso-lisboa-algarve-na-loja-de-boliqueime\/ambiente\/18\/53\/\" \/>\n<meta property=\"og:site_name\" content=\"Algarve 7\" \/>\n<meta property=\"article:publisher\" content=\"https:\/\/www.facebook.com\/algarve7\" \/>\n<meta property=\"article:author\" content=\"https:\/\/www.facebook.com\/algarve7\" \/>\n<meta property=\"article:published_time\" content=\"2020-09-11T17:53:15+00:00\" \/>\n<meta property=\"article:modified_time\" content=\"2020-09-11T17:53:16+00:00\" \/>\n<meta property=\"og:image\" content=\"https:\/\/algarve7.pt\/wp-content\/uploads\/2020\/09\/Inauguracao-Boliqueime-1.jpg\" \/>\n\t<meta property=\"og:image:width\" content=\"1024\" \/>\n\t<meta property=\"og:image:height\" content=\"683\" \/>\n\t<meta property=\"og:image:type\" content=\"image\/jpeg\" \/>\n<meta name=\"author\" content=\"Algarve 7\" \/>\n<meta name=\"twitter:card\" content=\"summary_large_image\" \/>\n<meta name=\"twitter:creator\" content=\"@Algarvesete\" \/>\n<meta name=\"twitter:site\" content=\"@Algarvesete\" \/>\n<meta name=\"twitter:label1\" content=\"Escrito por\" \/>\n\t<meta name=\"twitter:data1\" content=\"Algarve 7\" \/>\n\t<meta name=\"twitter:label2\" content=\"Tempo estimado de leitura\" \/>\n\t<meta name=\"twitter:data2\" content=\"3 minutos\" \/>\n<script type=\"application\/ld+json\" class=\"yoast-schema-graph\">{\"@context\":\"https:\\\/\\\/schema.org\",\"@graph\":[{\"@type\":\"Article\",\"@id\":\"https:\\\/\\\/algarve7.pt\\\/index.php\\\/2020\\\/09\\\/mobilidade-eletrica-lidl-inaugura-percurso-lisboa-algarve-na-loja-de-boliqueime\\\/ambiente\\\/18\\\/53\\\/#article\",\"isPartOf\":{\"@id\":\"https:\\\/\\\/algarve7.pt\\\/index.php\\\/2020\\\/09\\\/mobilidade-eletrica-lidl-inaugura-percurso-lisboa-algarve-na-loja-de-boliqueime\\\/ambiente\\\/18\\\/53\\\/\"},\"author\":{\"name\":\"Algarve 7\",\"@id\":\"https:\\\/\\\/algarve7.pt\\\/#\\\/schema\\\/person\\\/23fa70681308e7b319a3204bcea45e0c\"},\"headline\":\"Mobilidade El\u00e9trica: Lidl inaugura percurso Lisboa-Algarve na Loja de Boliqueime\",\"datePublished\":\"2020-09-11T17:53:15+00:00\",\"dateModified\":\"2020-09-11T17:53:16+00:00\",\"mainEntityOfPage\":{\"@id\":\"https:\\\/\\\/algarve7.pt\\\/index.php\\\/2020\\\/09\\\/mobilidade-eletrica-lidl-inaugura-percurso-lisboa-algarve-na-loja-de-boliqueime\\\/ambiente\\\/18\\\/53\\\/\"},\"wordCount\":648,\"commentCount\":0,\"publisher\":{\"@id\":\"https:\\\/\\\/algarve7.pt\\\/#organization\"},\"image\":{\"@id\":\"https:\\\/\\\/algarve7.pt\\\/index.php\\\/2020\\\/09\\\/mobilidade-eletrica-lidl-inaugura-percurso-lisboa-algarve-na-loja-de-boliqueime\\\/ambiente\\\/18\\\/53\\\/#primaryimage\"},\"thumbnailUrl\":\"https:\\\/\\\/algarve7.pt\\\/wp-content\\\/uploads\\\/2020\\\/09\\\/Inauguracao-Boliqueime-1.jpg\",\"keywords\":[\"Ambiente\",\"Boliqueime\",\"Loul\u00e9\"],\"articleSection\":[\"Ambiente\"],\"inLanguage\":\"pt-PT\",\"potentialAction\":[{\"@type\":\"CommentAction\",\"name\":\"Comment\",\"target\":[\"https:\\\/\\\/algarve7.pt\\\/index.php\\\/2020\\\/09\\\/mobilidade-eletrica-lidl-inaugura-percurso-lisboa-algarve-na-loja-de-boliqueime\\\/ambiente\\\/18\\\/53\\\/#respond\"]}]},{\"@type\":\"WebPage\",\"@id\":\"https:\\\/\\\/algarve7.pt\\\/index.php\\\/2020\\\/09\\\/mobilidade-eletrica-lidl-inaugura-percurso-lisboa-algarve-na-loja-de-boliqueime\\\/ambiente\\\/18\\\/53\\\/\",\"url\":\"https:\\\/\\\/algarve7.pt\\\/index.php\\\/2020\\\/09\\\/mobilidade-eletrica-lidl-inaugura-percurso-lisboa-algarve-na-loja-de-boliqueime\\\/ambiente\\\/18\\\/53\\\/\",\"name\":\"Mobilidade El\u00e9trica: Lidl inaugura percurso Lisboa-Algarve na Loja de Boliqueime - Algarve 7\",\"isPartOf\":{\"@id\":\"https:\\\/\\\/algarve7.pt\\\/#website\"},\"primaryImageOfPage\":{\"@id\":\"https:\\\/\\\/algarve7.pt\\\/index.php\\\/2020\\\/09\\\/mobilidade-eletrica-lidl-inaugura-percurso-lisboa-algarve-na-loja-de-boliqueime\\\/ambiente\\\/18\\\/53\\\/#primaryimage\"},\"image\":{\"@id\":\"https:\\\/\\\/algarve7.pt\\\/index.php\\\/2020\\\/09\\\/mobilidade-eletrica-lidl-inaugura-percurso-lisboa-algarve-na-loja-de-boliqueime\\\/ambiente\\\/18\\\/53\\\/#primaryimage\"},\"thumbnailUrl\":\"https:\\\/\\\/algarve7.pt\\\/wp-content\\\/uploads\\\/2020\\\/09\\\/Inauguracao-Boliqueime-1.jpg\",\"datePublished\":\"2020-09-11T17:53:15+00:00\",\"dateModified\":\"2020-09-11T17:53:16+00:00\",\"description\":\"Mobilidade El\u00e9trica: Lidl inaugura percurso Lisboa-Algarve na Loja de Boliqueime\",\"breadcrumb\":{\"@id\":\"https:\\\/\\\/algarve7.pt\\\/index.php\\\/2020\\\/09\\\/mobilidade-eletrica-lidl-inaugura-percurso-lisboa-algarve-na-loja-de-boliqueime\\\/ambiente\\\/18\\\/53\\\/#breadcrumb\"},\"inLanguage\":\"pt-PT\",\"potentialAction\":[{\"@type\":\"ReadAction\",\"target\":[\"https:\\\/\\\/algarve7.pt\\\/index.php\\\/2020\\\/09\\\/mobilidade-eletrica-lidl-inaugura-percurso-lisboa-algarve-na-loja-de-boliqueime\\\/ambiente\\\/18\\\/53\\\/\"]}]},{\"@type\":\"ImageObject\",\"inLanguage\":\"pt-PT\",\"@id\":\"https:\\\/\\\/algarve7.pt\\\/index.php\\\/2020\\\/09\\\/mobilidade-eletrica-lidl-inaugura-percurso-lisboa-algarve-na-loja-de-boliqueime\\\/ambiente\\\/18\\\/53\\\/#primaryimage\",\"url\":\"https:\\\/\\\/algarve7.pt\\\/wp-content\\\/uploads\\\/2020\\\/09\\\/Inauguracao-Boliqueime-1.jpg\",\"contentUrl\":\"https:\\\/\\\/algarve7.pt\\\/wp-content\\\/uploads\\\/2020\\\/09\\\/Inauguracao-Boliqueime-1.jpg\",\"width\":1024,\"height\":683},{\"@type\":\"BreadcrumbList\",\"@id\":\"https:\\\/\\\/algarve7.pt\\\/index.php\\\/2020\\\/09\\\/mobilidade-eletrica-lidl-inaugura-percurso-lisboa-algarve-na-loja-de-boliqueime\\\/ambiente\\\/18\\\/53\\\/#breadcrumb\",\"itemListElement\":[{\"@type\":\"ListItem\",\"position\":1,\"name\":\"In\u00edcio\",\"item\":\"https:\\\/\\\/algarve7.pt\\\/\"},{\"@type\":\"ListItem\",\"position\":2,\"name\":\"Mobilidade El\u00e9trica: Lidl inaugura percurso Lisboa-Algarve na Loja de Boliqueime\"}]},{\"@type\":\"WebSite\",\"@id\":\"https:\\\/\\\/algarve7.pt\\\/#website\",\"url\":\"https:\\\/\\\/algarve7.pt\\\/\",\"name\":\"Algarve 7\",\"description\":\"Informa\u00e7\u00e3o sobre o Algarve\",\"publisher\":{\"@id\":\"https:\\\/\\\/algarve7.pt\\\/#organization\"},\"potentialAction\":[{\"@type\":\"SearchAction\",\"target\":{\"@type\":\"EntryPoint\",\"urlTemplate\":\"https:\\\/\\\/algarve7.pt\\\/?s={search_term_string}\"},\"query-input\":{\"@type\":\"PropertyValueSpecification\",\"valueRequired\":true,\"valueName\":\"search_term_string\"}}],\"inLanguage\":\"pt-PT\"},{\"@type\":\"Organization\",\"@id\":\"https:\\\/\\\/algarve7.pt\\\/#organization\",\"name\":\"Algarve 7\",\"url\":\"https:\\\/\\\/algarve7.pt\\\/\",\"logo\":{\"@type\":\"ImageObject\",\"inLanguage\":\"pt-PT\",\"@id\":\"https:\\\/\\\/algarve7.pt\\\/#\\\/schema\\\/logo\\\/image\\\/\",\"url\":\"https:\\\/\\\/algarve7.pt\\\/wp-content\\\/uploads\\\/2020\\\/10\\\/Logo-8.jpg\",\"contentUrl\":\"https:\\\/\\\/algarve7.pt\\\/wp-content\\\/uploads\\\/2020\\\/10\\\/Logo-8.jpg\",\"width\":1680,\"height\":1186,\"caption\":\"Algarve 7\"},\"image\":{\"@id\":\"https:\\\/\\\/algarve7.pt\\\/#\\\/schema\\\/logo\\\/image\\\/\"},\"sameAs\":[\"https:\\\/\\\/www.facebook.com\\\/algarve7\",\"https:\\\/\\\/x.com\\\/Algarvesete\",\"https:\\\/\\\/www.instagram.com\\\/jornalalgarve7\\\/\",\"https:\\\/\\\/www.linkedin.com\\\/company\\\/algarve7\",\"https:\\\/\\\/www.pinterest.pt\\\/geral0939\\\/_created\\\/\"]},{\"@type\":\"Person\",\"@id\":\"https:\\\/\\\/algarve7.pt\\\/#\\\/schema\\\/person\\\/23fa70681308e7b319a3204bcea45e0c\",\"name\":\"Algarve 7\",\"sameAs\":[\"https:\\\/\\\/algarve7.pt\",\"https:\\\/\\\/www.facebook.com\\\/algarve7\"],\"url\":\"https:\\\/\\\/algarve7.pt\\\/index.php\\\/author\\\/geralalgarve7-pt\\\/\"}]}<\/script>\n<!-- \/ Yoast SEO plugin. -->","yoast_head_json":{"title":"Mobilidade El\u00e9trica: Lidl inaugura percurso Lisboa-Algarve na Loja de Boliqueime - Algarve 7","description":"Mobilidade El\u00e9trica: Lidl inaugura percurso Lisboa-Algarve na Loja de Boliqueime","robots":{"index":"index","follow":"follow","max-snippet":"max-snippet:-1","max-image-preview":"max-image-preview:large","max-video-preview":"max-video-preview:-1"},"canonical":"https:\/\/algarve7.pt\/index.php\/2020\/09\/mobilidade-eletrica-lidl-inaugura-percurso-lisboa-algarve-na-loja-de-boliqueime\/ambiente\/18\/53\/","og_locale":"pt_PT","og_type":"article","og_title":"Mobilidade El\u00e9trica: Lidl inaugura percurso Lisboa-Algarve na Loja de Boliqueime - Algarve 7","og_description":"Mobilidade El\u00e9trica: Lidl inaugura percurso Lisboa-Algarve na Loja de Boliqueime","og_url":"https:\/\/algarve7.pt\/index.php\/2020\/09\/mobilidade-eletrica-lidl-inaugura-percurso-lisboa-algarve-na-loja-de-boliqueime\/ambiente\/18\/53\/","og_site_name":"Algarve 7","article_publisher":"https:\/\/www.facebook.com\/algarve7","article_author":"https:\/\/www.facebook.com\/algarve7","article_published_time":"2020-09-11T17:53:15+00:00","article_modified_time":"2020-09-11T17:53:16+00:00","og_image":[{"width":1024,"height":683,"url":"https:\/\/algarve7.pt\/wp-content\/uploads\/2020\/09\/Inauguracao-Boliqueime-1.jpg","type":"image\/jpeg"}],"author":"Algarve 7","twitter_card":"summary_large_image","twitter_creator":"@Algarvesete","twitter_site":"@Algarvesete","twitter_misc":{"Escrito por":"Algarve 7","Tempo estimado de leitura":"3 minutos"},"schema":{"@context":"https:\/\/schema.org","@graph":[{"@type":"Article","@id":"https:\/\/algarve7.pt\/index.php\/2020\/09\/mobilidade-eletrica-lidl-inaugura-percurso-lisboa-algarve-na-loja-de-boliqueime\/ambiente\/18\/53\/#article","isPartOf":{"@id":"https:\/\/algarve7.pt\/index.php\/2020\/09\/mobilidade-eletrica-lidl-inaugura-percurso-lisboa-algarve-na-loja-de-boliqueime\/ambiente\/18\/53\/"},"author":{"name":"Algarve 7","@id":"https:\/\/algarve7.pt\/#\/schema\/person\/23fa70681308e7b319a3204bcea45e0c"},"headline":"Mobilidade El\u00e9trica: Lidl inaugura percurso Lisboa-Algarve na Loja de Boliqueime","datePublished":"2020-09-11T17:53:15+00:00","dateModified":"2020-09-11T17:53:16+00:00","mainEntityOfPage":{"@id":"https:\/\/algarve7.pt\/index.php\/2020\/09\/mobilidade-eletrica-lidl-inaugura-percurso-lisboa-algarve-na-loja-de-boliqueime\/ambiente\/18\/53\/"},"wordCount":648,"commentCount":0,"publisher":{"@id":"https:\/\/algarve7.pt\/#organization"},"image":{"@id":"https:\/\/algarve7.pt\/index.php\/2020\/09\/mobilidade-eletrica-lidl-inaugura-percurso-lisboa-algarve-na-loja-de-boliqueime\/ambiente\/18\/53\/#primaryimage"},"thumbnailUrl":"https:\/\/algarve7.pt\/wp-content\/uploads\/2020\/09\/Inauguracao-Boliqueime-1.jpg","keywords":["Ambiente","Boliqueime","Loul\u00e9"],"articleSection":["Ambiente"],"inLanguage":"pt-PT","potentialAction":[{"@type":"CommentAction","name":"Comment","target":["https:\/\/algarve7.pt\/index.php\/2020\/09\/mobilidade-eletrica-lidl-inaugura-percurso-lisboa-algarve-na-loja-de-boliqueime\/ambiente\/18\/53\/#respond"]}]},{"@type":"WebPage","@id":"https:\/\/algarve7.pt\/index.php\/2020\/09\/mobilidade-eletrica-lidl-inaugura-percurso-lisboa-algarve-na-loja-de-boliqueime\/ambiente\/18\/53\/","url":"https:\/\/algarve7.pt\/index.php\/2020\/09\/mobilidade-eletrica-lidl-inaugura-percurso-lisboa-algarve-na-loja-de-boliqueime\/ambiente\/18\/53\/","name":"Mobilidade El\u00e9trica: Lidl inaugura percurso Lisboa-Algarve na Loja de Boliqueime - Algarve 7","isPartOf":{"@id":"https:\/\/algarve7.pt\/#website"},"primaryImageOfPage":{"@id":"https:\/\/algarve7.pt\/index.php\/2020\/09\/mobilidade-eletrica-lidl-inaugura-percurso-lisboa-algarve-na-loja-de-boliqueime\/ambiente\/18\/53\/#primaryimage"},"image":{"@id":"https:\/\/algarve7.pt\/index.php\/2020\/09\/mobilidade-eletrica-lidl-inaugura-percurso-lisboa-algarve-na-loja-de-boliqueime\/ambiente\/18\/53\/#primaryimage"},"thumbnailUrl":"https:\/\/algarve7.pt\/wp-content\/uploads\/2020\/09\/Inauguracao-Boliqueime-1.jpg","datePublished":"2020-09-11T17:53:15+00:00","dateModified":"2020-09-11T17:53:16+00:00","description":"Mobilidade El\u00e9trica: Lidl inaugura percurso Lisboa-Algarve na Loja de Boliqueime","breadcrumb":{"@id":"https:\/\/algarve7.pt\/index.php\/2020\/09\/mobilidade-eletrica-lidl-inaugura-percurso-lisboa-algarve-na-loja-de-boliqueime\/ambiente\/18\/53\/#breadcrumb"},"inLanguage":"pt-PT","potentialAction":[{"@type":"ReadAction","target":["https:\/\/algarve7.pt\/index.php\/2020\/09\/mobilidade-eletrica-lidl-inaugura-percurso-lisboa-algarve-na-loja-de-boliqueime\/ambiente\/18\/53\/"]}]},{"@type":"ImageObject","inLanguage":"pt-PT","@id":"https:\/\/algarve7.pt\/index.php\/2020\/09\/mobilidade-eletrica-lidl-inaugura-percurso-lisboa-algarve-na-loja-de-boliqueime\/ambiente\/18\/53\/#primaryimage","url":"https:\/\/algarve7.pt\/wp-content\/uploads\/2020\/09\/Inauguracao-Boliqueime-1.jpg","contentUrl":"https:\/\/algarve7.pt\/wp-content\/uploads\/2020\/09\/Inauguracao-Boliqueime-1.jpg","width":1024,"height":683},{"@type":"BreadcrumbList","@id":"https:\/\/algarve7.pt\/index.php\/2020\/09\/mobilidade-eletrica-lidl-inaugura-percurso-lisboa-algarve-na-loja-de-boliqueime\/ambiente\/18\/53\/#breadcrumb","itemListElement":[{"@type":"ListItem","position":1,"name":"In\u00edcio","item":"https:\/\/algarve7.pt\/"},{"@type":"ListItem","position":2,"name":"Mobilidade El\u00e9trica: Lidl inaugura percurso Lisboa-Algarve na Loja de Boliqueime"}]},{"@type":"WebSite","@id":"https:\/\/algarve7.pt\/#website","url":"https:\/\/algarve7.pt\/","name":"Algarve 7","description":"Informa\u00e7\u00e3o sobre o Algarve","publisher":{"@id":"https:\/\/algarve7.pt\/#organization"},"potentialAction":[{"@type":"SearchAction","target":{"@type":"EntryPoint","urlTemplate":"https:\/\/algarve7.pt\/?s={search_term_string}"},"query-input":{"@type":"PropertyValueSpecification","valueRequired":true,"valueName":"search_term_string"}}],"inLanguage":"pt-PT"},{"@type":"Organization","@id":"https:\/\/algarve7.pt\/#organization","name":"Algarve 7","url":"https:\/\/algarve7.pt\/","logo":{"@type":"ImageObject","inLanguage":"pt-PT","@id":"https:\/\/algarve7.pt\/#\/schema\/logo\/image\/","url":"https:\/\/algarve7.pt\/wp-content\/uploads\/2020\/10\/Logo-8.jpg","contentUrl":"https:\/\/algarve7.pt\/wp-content\/uploads\/2020\/10\/Logo-8.jpg","width":1680,"height":1186,"caption":"Algarve 7"},"image":{"@id":"https:\/\/algarve7.pt\/#\/schema\/logo\/image\/"},"sameAs":["https:\/\/www.facebook.com\/algarve7","https:\/\/x.com\/Algarvesete","https:\/\/www.instagram.com\/jornalalgarve7\/","https:\/\/www.linkedin.com\/company\/algarve7","https:\/\/www.pinterest.pt\/geral0939\/_created\/"]},{"@type":"Person","@id":"https:\/\/algarve7.pt\/#\/schema\/person\/23fa70681308e7b319a3204bcea45e0c","name":"Algarve 7","sameAs":["https:\/\/algarve7.pt","https:\/\/www.facebook.com\/algarve7"],"url":"https:\/\/algarve7.pt\/index.php\/author\/geralalgarve7-pt\/"}]}},"jetpack_publicize_connections":[],"jetpack_featured_media_url":"https:\/\/algarve7.pt\/wp-content\/uploads\/2020\/09\/Inauguracao-Boliqueime-1.jpg","jetpack_shortlink":"https:\/\/wp.me\/pcezmW-l6","jetpack_sharing_enabled":true,"_links":{"self":[{"href":"https:\/\/algarve7.pt\/index.php\/wp-json\/wp\/v2\/posts\/1308","targetHints":{"allow":["GET"]}}],"collection":[{"href":"https:\/\/algarve7.pt\/index.php\/wp-json\/wp\/v2\/posts"}],"about":[{"href":"https:\/\/algarve7.pt\/index.php\/wp-json\/wp\/v2\/types\/post"}],"author":[{"embeddable":true,"href":"https:\/\/algarve7.pt\/index.php\/wp-json\/wp\/v2\/users\/1"}],"replies":[{"embeddable":true,"href":"https:\/\/algarve7.pt\/index.php\/wp-json\/wp\/v2\/comments?post=1308"}],"version-history":[{"count":0,"href":"https:\/\/algarve7.pt\/index.php\/wp-json\/wp\/v2\/posts\/1308\/revisions"}],"wp:featuredmedia":[{"embeddable":true,"href":"https:\/\/algarve7.pt\/index.php\/wp-json\/wp\/v2\/media\/1309"}],"wp:attachment":[{"href":"https:\/\/algarve7.pt\/index.php\/wp-json\/wp\/v2\/media?parent=1308"}],"wp:term":[{"taxonomy":"category","embeddable":true,"href":"https:\/\/algarve7.pt\/index.php\/wp-json\/wp\/v2\/categories?post=1308"},{"taxonomy":"post_tag","embeddable":true,"href":"https:\/\/algarve7.pt\/index.php\/wp-json\/wp\/v2\/tags?post=1308"}],"curies":[{"name":"wp","href":"https:\/\/api.w.org\/{rel}","templated":true}]}}