{"id":13016,"date":"2021-11-14T12:54:00","date_gmt":"2021-11-14T12:54:00","guid":{"rendered":"https:\/\/algarve7.pt\/?p=13016"},"modified":"2021-11-13T14:56:08","modified_gmt":"2021-11-13T14:56:08","slug":"circuito-de-manutencao-da-circular-norte-renovado-em-sao-bras-de-alportel","status":"publish","type":"post","link":"https:\/\/algarve7.pt\/index.php\/2021\/11\/circuito-de-manutencao-da-circular-norte-renovado-em-sao-bras-de-alportel\/desporto\/12\/54\/","title":{"rendered":"Circuito de Manuten\u00e7\u00e3o da Circular Norte renovado em S\u00e3o Br\u00e1s de Alportel"},"content":{"rendered":"\n<p>O Munic\u00edpio de S\u00e3o Br\u00e1s de Alportel procedeu recentemente a um conjunto de trabalhos de renova\u00e7\u00e3o do Circuito de Manuten\u00e7\u00e3o da Circular Norte de S\u00e3o Br\u00e1s de Alportel, integrado na Rede de Circuitos Acess\u00edveis do munic\u00edpio. As interven\u00e7\u00f5es incidiram sobretudo na zona poente, local muito frequentado pelos s\u00e3o-brasenses para a pr\u00e1tica desportiva.<\/p>\n\n\n\n<p>Os trabalhos, realizados por administra\u00e7\u00e3o direta dos servi\u00e7os operacionais e t\u00e9cnicos do Munic\u00edpio, inclu\u00edram a repara\u00e7\u00e3o e a pintura dos circuitos.<\/p>\n\n\n\n<p>Integrados no Parque de Desporto Municipal estes circuitos, de uso gratuito, promovem h\u00e1bitos de vida saud\u00e1vel e a atividade f\u00edsica regular para todas as idades, associados aos restantes equipamentos desportivos existentes e constituem elementos complementares para a atividade de todos os agentes profissionais e volunt\u00e1rios que promovem o desporto em S\u00e3o Br\u00e1s de Alportel.<\/p>\n\n\n\n<p>A manuten\u00e7\u00e3o e a valoriza\u00e7\u00e3o destas infraestruturas s\u00e3o uma prioridade e um desafio constante e muito exigente, pois carecem de um planeamento faseado por parte do Munic\u00edpio que conta com colabora\u00e7\u00e3o e boa utiliza\u00e7\u00e3o dos seus utilizadores.&nbsp;<\/p>\n\n\n\n<p>O trabalho cont\u00ednuo nestas infraestruturas procura responder \u00e0s necessidades da popula\u00e7\u00e3o ao mesmo que procura atrair novos praticantes para o exerc\u00edcio f\u00edsico.<\/p>\n","protected":false},"excerpt":{"rendered":"<p>O Munic\u00edpio de S\u00e3o Br\u00e1s de Alportel procedeu recentemente a um conjunto de trabalhos de renova\u00e7\u00e3o do Circuito de Manuten\u00e7\u00e3o<\/p>\n","protected":false},"author":1,"featured_media":13017,"comment_status":"open","ping_status":"open","sticky":false,"template":"","format":"standard","meta":{"colormag_page_container_layout":"default_layout","colormag_page_sidebar_layout":"default_layout","_monsterinsights_skip_tracking":false,"_monsterinsights_sitenote_active":false,"_monsterinsights_sitenote_note":"","_monsterinsights_sitenote_category":0,"jetpack_post_was_ever_published":false,"_jetpack_newsletter_access":"","_jetpack_dont_email_post_to_subs":false,"_jetpack_newsletter_tier_id":0,"_jetpack_memberships_contains_paywalled_content":false,"_jetpack_memberships_contains_paid_content":false,"footnotes":"","jetpack_publicize_message":"","jetpack_publicize_feature_enabled":true,"jetpack_social_post_already_shared":true,"jetpack_social_options":{"image_generator_settings":{"template":"highway","default_image_id":0,"font":"","enabled":false},"version":2}},"categories":[15],"tags":[36,40,63],"class_list":["post-13016","post","type-post","status-publish","format-standard","has-post-thumbnail","hentry","category-desporto","tag-algarve","tag-desporto","tag-sao-bras-de-alportel"],"yoast_head":"<!-- This site is optimized with the Yoast SEO plugin v27.5 - https:\/\/yoast.com\/product\/yoast-seo-wordpress\/ -->\n<title>Circuito de Manuten\u00e7\u00e3o da Circular Norte renovado em S\u00e3o Br\u00e1s de Alportel - Algarve 7<\/title>\n<meta name=\"description\" content=\"Circuito de Manuten\u00e7\u00e3o da Circular Norte renovado em S\u00e3o Br\u00e1s de Alportel Desporto\" \/>\n<meta name=\"robots\" content=\"index, follow, max-snippet:-1, max-image-preview:large, max-video-preview:-1\" \/>\n<link rel=\"canonical\" href=\"https:\/\/algarve7.pt\/index.php\/2021\/11\/circuito-de-manutencao-da-circular-norte-renovado-em-sao-bras-de-alportel\/desporto\/12\/54\/\" \/>\n<meta property=\"og:locale\" content=\"pt_PT\" \/>\n<meta property=\"og:type\" content=\"article\" \/>\n<meta property=\"og:title\" content=\"Circuito de Manuten\u00e7\u00e3o da Circular Norte renovado em S\u00e3o Br\u00e1s de Alportel - Algarve 7\" \/>\n<meta property=\"og:description\" content=\"Circuito de Manuten\u00e7\u00e3o da Circular Norte renovado em S\u00e3o Br\u00e1s de Alportel Desporto\" \/>\n<meta property=\"og:url\" content=\"https:\/\/algarve7.pt\/index.php\/2021\/11\/circuito-de-manutencao-da-circular-norte-renovado-em-sao-bras-de-alportel\/desporto\/12\/54\/\" \/>\n<meta property=\"og:site_name\" content=\"Algarve 7\" \/>\n<meta property=\"article:publisher\" content=\"https:\/\/www.facebook.com\/algarve7\" \/>\n<meta property=\"article:author\" content=\"https:\/\/www.facebook.com\/algarve7\" \/>\n<meta property=\"article:published_time\" content=\"2021-11-14T12:54:00+00:00\" \/>\n<meta property=\"og:image\" content=\"https:\/\/algarve7.pt\/wp-content\/uploads\/2021\/11\/circuitos-de-manutencao-1.jpg\" \/>\n\t<meta property=\"og:image:width\" content=\"640\" \/>\n\t<meta property=\"og:image:height\" content=\"480\" \/>\n\t<meta property=\"og:image:type\" content=\"image\/jpeg\" \/>\n<meta name=\"author\" content=\"Algarve 7\" \/>\n<meta name=\"twitter:card\" content=\"summary_large_image\" \/>\n<meta name=\"twitter:creator\" content=\"@Algarvesete\" \/>\n<meta name=\"twitter:site\" content=\"@Algarvesete\" \/>\n<meta name=\"twitter:label1\" content=\"Escrito por\" \/>\n\t<meta name=\"twitter:data1\" content=\"Algarve 7\" \/>\n\t<meta name=\"twitter:label2\" content=\"Tempo estimado de leitura\" \/>\n\t<meta name=\"twitter:data2\" content=\"1 minuto\" \/>\n<script type=\"application\/ld+json\" class=\"yoast-schema-graph\">{\"@context\":\"https:\\\/\\\/schema.org\",\"@graph\":[{\"@type\":\"Article\",\"@id\":\"https:\\\/\\\/algarve7.pt\\\/index.php\\\/2021\\\/11\\\/circuito-de-manutencao-da-circular-norte-renovado-em-sao-bras-de-alportel\\\/desporto\\\/12\\\/54\\\/#article\",\"isPartOf\":{\"@id\":\"https:\\\/\\\/algarve7.pt\\\/index.php\\\/2021\\\/11\\\/circuito-de-manutencao-da-circular-norte-renovado-em-sao-bras-de-alportel\\\/desporto\\\/12\\\/54\\\/\"},\"author\":{\"name\":\"Algarve 7\",\"@id\":\"https:\\\/\\\/algarve7.pt\\\/#\\\/schema\\\/person\\\/23fa70681308e7b319a3204bcea45e0c\"},\"headline\":\"Circuito de Manuten\u00e7\u00e3o da Circular Norte renovado em S\u00e3o Br\u00e1s de Alportel\",\"datePublished\":\"2021-11-14T12:54:00+00:00\",\"mainEntityOfPage\":{\"@id\":\"https:\\\/\\\/algarve7.pt\\\/index.php\\\/2021\\\/11\\\/circuito-de-manutencao-da-circular-norte-renovado-em-sao-bras-de-alportel\\\/desporto\\\/12\\\/54\\\/\"},\"wordCount\":236,\"commentCount\":0,\"publisher\":{\"@id\":\"https:\\\/\\\/algarve7.pt\\\/#organization\"},\"image\":{\"@id\":\"https:\\\/\\\/algarve7.pt\\\/index.php\\\/2021\\\/11\\\/circuito-de-manutencao-da-circular-norte-renovado-em-sao-bras-de-alportel\\\/desporto\\\/12\\\/54\\\/#primaryimage\"},\"thumbnailUrl\":\"https:\\\/\\\/algarve7.pt\\\/wp-content\\\/uploads\\\/2021\\\/11\\\/circuitos-de-manutencao-1.jpg\",\"keywords\":[\"Algarve\",\"Desporto\",\"S\u00e3o Br\u00e1s de Alportel\"],\"articleSection\":[\"Desporto\"],\"inLanguage\":\"pt-PT\",\"potentialAction\":[{\"@type\":\"CommentAction\",\"name\":\"Comment\",\"target\":[\"https:\\\/\\\/algarve7.pt\\\/index.php\\\/2021\\\/11\\\/circuito-de-manutencao-da-circular-norte-renovado-em-sao-bras-de-alportel\\\/desporto\\\/12\\\/54\\\/#respond\"]}]},{\"@type\":\"WebPage\",\"@id\":\"https:\\\/\\\/algarve7.pt\\\/index.php\\\/2021\\\/11\\\/circuito-de-manutencao-da-circular-norte-renovado-em-sao-bras-de-alportel\\\/desporto\\\/12\\\/54\\\/\",\"url\":\"https:\\\/\\\/algarve7.pt\\\/index.php\\\/2021\\\/11\\\/circuito-de-manutencao-da-circular-norte-renovado-em-sao-bras-de-alportel\\\/desporto\\\/12\\\/54\\\/\",\"name\":\"Circuito de Manuten\u00e7\u00e3o da Circular Norte renovado em S\u00e3o Br\u00e1s de Alportel - Algarve 7\",\"isPartOf\":{\"@id\":\"https:\\\/\\\/algarve7.pt\\\/#website\"},\"primaryImageOfPage\":{\"@id\":\"https:\\\/\\\/algarve7.pt\\\/index.php\\\/2021\\\/11\\\/circuito-de-manutencao-da-circular-norte-renovado-em-sao-bras-de-alportel\\\/desporto\\\/12\\\/54\\\/#primaryimage\"},\"image\":{\"@id\":\"https:\\\/\\\/algarve7.pt\\\/index.php\\\/2021\\\/11\\\/circuito-de-manutencao-da-circular-norte-renovado-em-sao-bras-de-alportel\\\/desporto\\\/12\\\/54\\\/#primaryimage\"},\"thumbnailUrl\":\"https:\\\/\\\/algarve7.pt\\\/wp-content\\\/uploads\\\/2021\\\/11\\\/circuitos-de-manutencao-1.jpg\",\"datePublished\":\"2021-11-14T12:54:00+00:00\",\"description\":\"Circuito de Manuten\u00e7\u00e3o da Circular Norte renovado em S\u00e3o Br\u00e1s de Alportel Desporto\",\"breadcrumb\":{\"@id\":\"https:\\\/\\\/algarve7.pt\\\/index.php\\\/2021\\\/11\\\/circuito-de-manutencao-da-circular-norte-renovado-em-sao-bras-de-alportel\\\/desporto\\\/12\\\/54\\\/#breadcrumb\"},\"inLanguage\":\"pt-PT\",\"potentialAction\":[{\"@type\":\"ReadAction\",\"target\":[\"https:\\\/\\\/algarve7.pt\\\/index.php\\\/2021\\\/11\\\/circuito-de-manutencao-da-circular-norte-renovado-em-sao-bras-de-alportel\\\/desporto\\\/12\\\/54\\\/\"]}]},{\"@type\":\"ImageObject\",\"inLanguage\":\"pt-PT\",\"@id\":\"https:\\\/\\\/algarve7.pt\\\/index.php\\\/2021\\\/11\\\/circuito-de-manutencao-da-circular-norte-renovado-em-sao-bras-de-alportel\\\/desporto\\\/12\\\/54\\\/#primaryimage\",\"url\":\"https:\\\/\\\/algarve7.pt\\\/wp-content\\\/uploads\\\/2021\\\/11\\\/circuitos-de-manutencao-1.jpg\",\"contentUrl\":\"https:\\\/\\\/algarve7.pt\\\/wp-content\\\/uploads\\\/2021\\\/11\\\/circuitos-de-manutencao-1.jpg\",\"width\":640,\"height\":480},{\"@type\":\"BreadcrumbList\",\"@id\":\"https:\\\/\\\/algarve7.pt\\\/index.php\\\/2021\\\/11\\\/circuito-de-manutencao-da-circular-norte-renovado-em-sao-bras-de-alportel\\\/desporto\\\/12\\\/54\\\/#breadcrumb\",\"itemListElement\":[{\"@type\":\"ListItem\",\"position\":1,\"name\":\"In\u00edcio\",\"item\":\"https:\\\/\\\/algarve7.pt\\\/\"},{\"@type\":\"ListItem\",\"position\":2,\"name\":\"Circuito de Manuten\u00e7\u00e3o da Circular Norte renovado em S\u00e3o Br\u00e1s de Alportel\"}]},{\"@type\":\"WebSite\",\"@id\":\"https:\\\/\\\/algarve7.pt\\\/#website\",\"url\":\"https:\\\/\\\/algarve7.pt\\\/\",\"name\":\"Algarve 7\",\"description\":\"Informa\u00e7\u00e3o sobre o Algarve\",\"publisher\":{\"@id\":\"https:\\\/\\\/algarve7.pt\\\/#organization\"},\"potentialAction\":[{\"@type\":\"SearchAction\",\"target\":{\"@type\":\"EntryPoint\",\"urlTemplate\":\"https:\\\/\\\/algarve7.pt\\\/?s={search_term_string}\"},\"query-input\":{\"@type\":\"PropertyValueSpecification\",\"valueRequired\":true,\"valueName\":\"search_term_string\"}}],\"inLanguage\":\"pt-PT\"},{\"@type\":\"Organization\",\"@id\":\"https:\\\/\\\/algarve7.pt\\\/#organization\",\"name\":\"Algarve 7\",\"url\":\"https:\\\/\\\/algarve7.pt\\\/\",\"logo\":{\"@type\":\"ImageObject\",\"inLanguage\":\"pt-PT\",\"@id\":\"https:\\\/\\\/algarve7.pt\\\/#\\\/schema\\\/logo\\\/image\\\/\",\"url\":\"https:\\\/\\\/algarve7.pt\\\/wp-content\\\/uploads\\\/2020\\\/10\\\/Logo-8.jpg\",\"contentUrl\":\"https:\\\/\\\/algarve7.pt\\\/wp-content\\\/uploads\\\/2020\\\/10\\\/Logo-8.jpg\",\"width\":1680,\"height\":1186,\"caption\":\"Algarve 7\"},\"image\":{\"@id\":\"https:\\\/\\\/algarve7.pt\\\/#\\\/schema\\\/logo\\\/image\\\/\"},\"sameAs\":[\"https:\\\/\\\/www.facebook.com\\\/algarve7\",\"https:\\\/\\\/x.com\\\/Algarvesete\",\"https:\\\/\\\/www.instagram.com\\\/jornalalgarve7\\\/\",\"https:\\\/\\\/www.linkedin.com\\\/company\\\/algarve7\",\"https:\\\/\\\/www.pinterest.pt\\\/geral0939\\\/_created\\\/\"]},{\"@type\":\"Person\",\"@id\":\"https:\\\/\\\/algarve7.pt\\\/#\\\/schema\\\/person\\\/23fa70681308e7b319a3204bcea45e0c\",\"name\":\"Algarve 7\",\"sameAs\":[\"https:\\\/\\\/algarve7.pt\",\"https:\\\/\\\/www.facebook.com\\\/algarve7\"],\"url\":\"https:\\\/\\\/algarve7.pt\\\/index.php\\\/author\\\/geralalgarve7-pt\\\/\"}]}<\/script>\n<!-- \/ Yoast SEO plugin. -->","yoast_head_json":{"title":"Circuito de Manuten\u00e7\u00e3o da Circular Norte renovado em S\u00e3o Br\u00e1s de Alportel - Algarve 7","description":"Circuito de Manuten\u00e7\u00e3o da Circular Norte renovado em S\u00e3o Br\u00e1s de Alportel Desporto","robots":{"index":"index","follow":"follow","max-snippet":"max-snippet:-1","max-image-preview":"max-image-preview:large","max-video-preview":"max-video-preview:-1"},"canonical":"https:\/\/algarve7.pt\/index.php\/2021\/11\/circuito-de-manutencao-da-circular-norte-renovado-em-sao-bras-de-alportel\/desporto\/12\/54\/","og_locale":"pt_PT","og_type":"article","og_title":"Circuito de Manuten\u00e7\u00e3o da Circular Norte renovado em S\u00e3o Br\u00e1s de Alportel - Algarve 7","og_description":"Circuito de Manuten\u00e7\u00e3o da Circular Norte renovado em S\u00e3o Br\u00e1s de Alportel Desporto","og_url":"https:\/\/algarve7.pt\/index.php\/2021\/11\/circuito-de-manutencao-da-circular-norte-renovado-em-sao-bras-de-alportel\/desporto\/12\/54\/","og_site_name":"Algarve 7","article_publisher":"https:\/\/www.facebook.com\/algarve7","article_author":"https:\/\/www.facebook.com\/algarve7","article_published_time":"2021-11-14T12:54:00+00:00","og_image":[{"width":640,"height":480,"url":"https:\/\/algarve7.pt\/wp-content\/uploads\/2021\/11\/circuitos-de-manutencao-1.jpg","type":"image\/jpeg"}],"author":"Algarve 7","twitter_card":"summary_large_image","twitter_creator":"@Algarvesete","twitter_site":"@Algarvesete","twitter_misc":{"Escrito por":"Algarve 7","Tempo estimado de leitura":"1 minuto"},"schema":{"@context":"https:\/\/schema.org","@graph":[{"@type":"Article","@id":"https:\/\/algarve7.pt\/index.php\/2021\/11\/circuito-de-manutencao-da-circular-norte-renovado-em-sao-bras-de-alportel\/desporto\/12\/54\/#article","isPartOf":{"@id":"https:\/\/algarve7.pt\/index.php\/2021\/11\/circuito-de-manutencao-da-circular-norte-renovado-em-sao-bras-de-alportel\/desporto\/12\/54\/"},"author":{"name":"Algarve 7","@id":"https:\/\/algarve7.pt\/#\/schema\/person\/23fa70681308e7b319a3204bcea45e0c"},"headline":"Circuito de Manuten\u00e7\u00e3o da Circular Norte renovado em S\u00e3o Br\u00e1s de Alportel","datePublished":"2021-11-14T12:54:00+00:00","mainEntityOfPage":{"@id":"https:\/\/algarve7.pt\/index.php\/2021\/11\/circuito-de-manutencao-da-circular-norte-renovado-em-sao-bras-de-alportel\/desporto\/12\/54\/"},"wordCount":236,"commentCount":0,"publisher":{"@id":"https:\/\/algarve7.pt\/#organization"},"image":{"@id":"https:\/\/algarve7.pt\/index.php\/2021\/11\/circuito-de-manutencao-da-circular-norte-renovado-em-sao-bras-de-alportel\/desporto\/12\/54\/#primaryimage"},"thumbnailUrl":"https:\/\/algarve7.pt\/wp-content\/uploads\/2021\/11\/circuitos-de-manutencao-1.jpg","keywords":["Algarve","Desporto","S\u00e3o Br\u00e1s de Alportel"],"articleSection":["Desporto"],"inLanguage":"pt-PT","potentialAction":[{"@type":"CommentAction","name":"Comment","target":["https:\/\/algarve7.pt\/index.php\/2021\/11\/circuito-de-manutencao-da-circular-norte-renovado-em-sao-bras-de-alportel\/desporto\/12\/54\/#respond"]}]},{"@type":"WebPage","@id":"https:\/\/algarve7.pt\/index.php\/2021\/11\/circuito-de-manutencao-da-circular-norte-renovado-em-sao-bras-de-alportel\/desporto\/12\/54\/","url":"https:\/\/algarve7.pt\/index.php\/2021\/11\/circuito-de-manutencao-da-circular-norte-renovado-em-sao-bras-de-alportel\/desporto\/12\/54\/","name":"Circuito de Manuten\u00e7\u00e3o da Circular Norte renovado em S\u00e3o Br\u00e1s de Alportel - Algarve 7","isPartOf":{"@id":"https:\/\/algarve7.pt\/#website"},"primaryImageOfPage":{"@id":"https:\/\/algarve7.pt\/index.php\/2021\/11\/circuito-de-manutencao-da-circular-norte-renovado-em-sao-bras-de-alportel\/desporto\/12\/54\/#primaryimage"},"image":{"@id":"https:\/\/algarve7.pt\/index.php\/2021\/11\/circuito-de-manutencao-da-circular-norte-renovado-em-sao-bras-de-alportel\/desporto\/12\/54\/#primaryimage"},"thumbnailUrl":"https:\/\/algarve7.pt\/wp-content\/uploads\/2021\/11\/circuitos-de-manutencao-1.jpg","datePublished":"2021-11-14T12:54:00+00:00","description":"Circuito de Manuten\u00e7\u00e3o da Circular Norte renovado em S\u00e3o Br\u00e1s de Alportel Desporto","breadcrumb":{"@id":"https:\/\/algarve7.pt\/index.php\/2021\/11\/circuito-de-manutencao-da-circular-norte-renovado-em-sao-bras-de-alportel\/desporto\/12\/54\/#breadcrumb"},"inLanguage":"pt-PT","potentialAction":[{"@type":"ReadAction","target":["https:\/\/algarve7.pt\/index.php\/2021\/11\/circuito-de-manutencao-da-circular-norte-renovado-em-sao-bras-de-alportel\/desporto\/12\/54\/"]}]},{"@type":"ImageObject","inLanguage":"pt-PT","@id":"https:\/\/algarve7.pt\/index.php\/2021\/11\/circuito-de-manutencao-da-circular-norte-renovado-em-sao-bras-de-alportel\/desporto\/12\/54\/#primaryimage","url":"https:\/\/algarve7.pt\/wp-content\/uploads\/2021\/11\/circuitos-de-manutencao-1.jpg","contentUrl":"https:\/\/algarve7.pt\/wp-content\/uploads\/2021\/11\/circuitos-de-manutencao-1.jpg","width":640,"height":480},{"@type":"BreadcrumbList","@id":"https:\/\/algarve7.pt\/index.php\/2021\/11\/circuito-de-manutencao-da-circular-norte-renovado-em-sao-bras-de-alportel\/desporto\/12\/54\/#breadcrumb","itemListElement":[{"@type":"ListItem","position":1,"name":"In\u00edcio","item":"https:\/\/algarve7.pt\/"},{"@type":"ListItem","position":2,"name":"Circuito de Manuten\u00e7\u00e3o da Circular Norte renovado em S\u00e3o Br\u00e1s de Alportel"}]},{"@type":"WebSite","@id":"https:\/\/algarve7.pt\/#website","url":"https:\/\/algarve7.pt\/","name":"Algarve 7","description":"Informa\u00e7\u00e3o sobre o Algarve","publisher":{"@id":"https:\/\/algarve7.pt\/#organization"},"potentialAction":[{"@type":"SearchAction","target":{"@type":"EntryPoint","urlTemplate":"https:\/\/algarve7.pt\/?s={search_term_string}"},"query-input":{"@type":"PropertyValueSpecification","valueRequired":true,"valueName":"search_term_string"}}],"inLanguage":"pt-PT"},{"@type":"Organization","@id":"https:\/\/algarve7.pt\/#organization","name":"Algarve 7","url":"https:\/\/algarve7.pt\/","logo":{"@type":"ImageObject","inLanguage":"pt-PT","@id":"https:\/\/algarve7.pt\/#\/schema\/logo\/image\/","url":"https:\/\/algarve7.pt\/wp-content\/uploads\/2020\/10\/Logo-8.jpg","contentUrl":"https:\/\/algarve7.pt\/wp-content\/uploads\/2020\/10\/Logo-8.jpg","width":1680,"height":1186,"caption":"Algarve 7"},"image":{"@id":"https:\/\/algarve7.pt\/#\/schema\/logo\/image\/"},"sameAs":["https:\/\/www.facebook.com\/algarve7","https:\/\/x.com\/Algarvesete","https:\/\/www.instagram.com\/jornalalgarve7\/","https:\/\/www.linkedin.com\/company\/algarve7","https:\/\/www.pinterest.pt\/geral0939\/_created\/"]},{"@type":"Person","@id":"https:\/\/algarve7.pt\/#\/schema\/person\/23fa70681308e7b319a3204bcea45e0c","name":"Algarve 7","sameAs":["https:\/\/algarve7.pt","https:\/\/www.facebook.com\/algarve7"],"url":"https:\/\/algarve7.pt\/index.php\/author\/geralalgarve7-pt\/"}]}},"jetpack_publicize_connections":[],"jetpack_featured_media_url":"https:\/\/algarve7.pt\/wp-content\/uploads\/2021\/11\/circuitos-de-manutencao-1.jpg","jetpack_shortlink":"https:\/\/wp.me\/pcezmW-3nW","jetpack_sharing_enabled":true,"_links":{"self":[{"href":"https:\/\/algarve7.pt\/index.php\/wp-json\/wp\/v2\/posts\/13016","targetHints":{"allow":["GET"]}}],"collection":[{"href":"https:\/\/algarve7.pt\/index.php\/wp-json\/wp\/v2\/posts"}],"about":[{"href":"https:\/\/algarve7.pt\/index.php\/wp-json\/wp\/v2\/types\/post"}],"author":[{"embeddable":true,"href":"https:\/\/algarve7.pt\/index.php\/wp-json\/wp\/v2\/users\/1"}],"replies":[{"embeddable":true,"href":"https:\/\/algarve7.pt\/index.php\/wp-json\/wp\/v2\/comments?post=13016"}],"version-history":[{"count":0,"href":"https:\/\/algarve7.pt\/index.php\/wp-json\/wp\/v2\/posts\/13016\/revisions"}],"wp:featuredmedia":[{"embeddable":true,"href":"https:\/\/algarve7.pt\/index.php\/wp-json\/wp\/v2\/media\/13017"}],"wp:attachment":[{"href":"https:\/\/algarve7.pt\/index.php\/wp-json\/wp\/v2\/media?parent=13016"}],"wp:term":[{"taxonomy":"category","embeddable":true,"href":"https:\/\/algarve7.pt\/index.php\/wp-json\/wp\/v2\/categories?post=13016"},{"taxonomy":"post_tag","embeddable":true,"href":"https:\/\/algarve7.pt\/index.php\/wp-json\/wp\/v2\/tags?post=13016"}],"curies":[{"name":"wp","href":"https:\/\/api.w.org\/{rel}","templated":true}]}}