{"id":12987,"date":"2021-11-11T21:50:00","date_gmt":"2021-11-11T21:50:00","guid":{"rendered":"https:\/\/algarve7.pt\/?p=12987"},"modified":"2021-11-11T19:40:26","modified_gmt":"2021-11-11T19:40:26","slug":"arquitetura-e-tematica-em-destaque-de-duas-obras-apresentadas-em-loule","status":"publish","type":"post","link":"https:\/\/algarve7.pt\/index.php\/2021\/11\/arquitetura-e-tematica-em-destaque-de-duas-obras-apresentadas-em-loule\/cultura\/21\/50\/","title":{"rendered":"Arquitetura \u00e9 tem\u00e1tica em destaque de duas obras apresentadas em Loul\u00e9"},"content":{"rendered":"\n<p>No pr\u00f3ximo s\u00e1bado, 13 de novembro, pelas 16h00, o Sal\u00e3o Nobre dos Pa\u00e7os do Concelho de Loul\u00e9 ir\u00e1 receber uma sess\u00e3o de apresenta\u00e7\u00e3o de duas obras distintas \u2013 um livro biogr\u00e1fico e outro dedicado a um elemento caracter\u00edstico do patrim\u00f3nio edificado algarvio &#8211; mas com um denominador comum: a Arquitetura. Obras que ser\u00e3o apresentadas por Fernando Santos Pessoa e por Guilherme d\u2019Oliveira Martins.<\/p>\n\n\n\n<p>Figura incontorn\u00e1vel da Arquitetura portuguesa, Gon\u00e7alo Ribeiro Telles deixou-nos faz precisamente hoje, 11 de novembro, um ano mas a sua marca perdurar\u00e1 e \u00e9 tamb\u00e9m essa ideia que outro arquiteto, Fernando Santos Pessoa, quis transmitir em \u201cGon\u00e7alo Ribeiro Telles \u2013 O Homem e a Obra\u201d.&nbsp;<\/p>\n\n\n\n<p>Com Gon\u00e7alo Ribeiro Telles a Arquitetura Paisagista chegou ao conhecimento do p\u00fablico em geral como a atividade indispens\u00e1vel \u00e0 concretiza\u00e7\u00e3o do ordenamento do territ\u00f3rio e da paisagem, e como suporte fundamental de uma pol\u00edtica de ambiente e de qualidade de vida. Esta edi\u00e7\u00e3o leva-nos a descobrir como ele desenvolveu a sua a\u00e7\u00e3o pedag\u00f3gica, profissional e pol\u00edtica ao longo de v\u00e1rias d\u00e9cadas de vida, trabalho e milit\u00e2ncia de causas.&nbsp;<\/p>\n\n\n\n<p>O livro inclui 74 imagens, entre fotografias, projetos e pinturas por ele realizadas, que nos d\u00e3o uma imagem da dimens\u00e3o da criatividade e qualidade de uma obra imensa que nos deixou. Gon\u00e7alo Ribeiro Telles constitui um exemplo profissional, \u00e9tico, e metodol\u00f3gico com grande interesse para as v\u00e1rias gera\u00e7\u00f5es que reconhecem e admiram esta figura de refer\u00eancia da nossa da cultura contempor\u00e2nea.&nbsp;<\/p>\n\n\n\n<p>Este livro, patrocinado pela Associa\u00e7\u00e3o Portuguesa dos Arquitetos Paisagistas, resulta de um trabalho rigoroso e apaixonado que o arquiteto paisagista Fernando Santos Pessoa, primeiro como aluno, depois como colega, e mais tarde amigo e companheiro de Gon\u00e7alo Ribeiro Telles, soube registar num texto recheado de mem\u00f3rias de um grande admirador. Uma esp\u00e9cie de&nbsp;<em>road-map&nbsp;<\/em>pelo homem e a obra do arquiteto paisagista e engenheiro agr\u00f3nomo mais conhecido em Portugal.<\/p>\n\n\n\n<p>O segundo livro&nbsp;apresentado neste dia teve o apoio dos Munic\u00edpios de Loul\u00e9,&nbsp;Albufeira, Castro Marim, Olh\u00e3o, Portim\u00e3o, Tavira e Vila do Bispo e da Dire\u00e7\u00e3o Regional de Cultura do Algarve. Da autoria do fot\u00f3grafo algarvio Filipe da Palma, autor das imagens, com textos de Miguel Reim\u00e3o Costa, Jos\u00e9 Eduardo Horta Correia, Alexandre Tojal e Pedro Prista, e ainda pref\u00e1cio de Guilherme d\u2019Oliveira Martins, \u201cPlatibandas do Algarve\u201d apresenta aquela que \u00e9&nbsp;uma refer\u00eancia marcante dos edif\u00edcios&nbsp;da regi\u00e3o&nbsp;e um elemento de grande valor patrimonial, com uma import\u00e2ncia not\u00e1vel na imagem dos aglomerados urbanos e dos n\u00facleos rurais.&nbsp;<\/p>\n\n\n\n<p>Embora mais evidentes na regi\u00e3o do Sotavento, a sua presen\u00e7a \u00e9 uma constante em todo o territ\u00f3rio do Algarve e sobressai de uma forma graciosa e colorida na valoriza\u00e7\u00e3o da paisagem de toda a regi\u00e3o.&nbsp;<\/p>\n\n\n\n<p>As platibandas constituem uma express\u00e3o muito especial da afirma\u00e7\u00e3o da cultura construtiva regional, tanto na arquitetura popular, como na erudita. S\u00e3o tamb\u00e9m um testemunho do gosto de criar formas e da per\u00edcia de construir do povo algarvio.&nbsp;<\/p>\n\n\n\n<p>Esta edi\u00e7\u00e3o, ilustrada com mais de 160 imagens, \u00e9 o resultado de um significativo e original levantamento fotogr\u00e1fico, que se tornou a base de um estudo importante para a identidade da regi\u00e3o e para os apreciadores do patrim\u00f3nio do Algarve.&nbsp;<\/p>\n\n\n\n<p>Esta sess\u00e3o dupla em Loul\u00e9 \u00e9 uma oportunidade para o p\u00fablico aprofundar o conhecimento sobre uma arte t\u00e3o presente no nosso quotidiano e os seus protagonistas. A entrada \u00e9 livre.&nbsp;<\/p>\n","protected":false},"excerpt":{"rendered":"<p>No pr\u00f3ximo s\u00e1bado, 13 de novembro, pelas 16h00, o Sal\u00e3o Nobre dos Pa\u00e7os do Concelho de Loul\u00e9 ir\u00e1 receber uma<\/p>\n","protected":false},"author":1,"featured_media":12988,"comment_status":"open","ping_status":"open","sticky":false,"template":"","format":"standard","meta":{"colormag_page_container_layout":"default_layout","colormag_page_sidebar_layout":"default_layout","_monsterinsights_skip_tracking":false,"_monsterinsights_sitenote_active":false,"_monsterinsights_sitenote_note":"","_monsterinsights_sitenote_category":0,"jetpack_post_was_ever_published":false,"_jetpack_newsletter_access":"","_jetpack_dont_email_post_to_subs":false,"_jetpack_newsletter_tier_id":0,"_jetpack_memberships_contains_paywalled_content":false,"_jetpack_memberships_contains_paid_content":false,"footnotes":"","jetpack_publicize_message":"","jetpack_publicize_feature_enabled":true,"jetpack_social_post_already_shared":true,"jetpack_social_options":{"image_generator_settings":{"template":"highway","default_image_id":0,"font":"","enabled":false},"version":2}},"categories":[14],"tags":[36,35,31],"class_list":["post-12987","post","type-post","status-publish","format-standard","has-post-thumbnail","hentry","category-cultura","tag-algarve","tag-cultura","tag-loule"],"yoast_head":"<!-- This site is optimized with the Yoast SEO plugin v27.5 - https:\/\/yoast.com\/product\/yoast-seo-wordpress\/ -->\n<title>Arquitetura \u00e9 tem\u00e1tica em destaque de duas obras apresentadas em Loul\u00e9 - Algarve 7<\/title>\n<meta name=\"description\" content=\"Arquitetura \u00e9 tem\u00e1tica em destaque de duas obras apresentadas em Loul\u00e9 Cultura\" \/>\n<meta name=\"robots\" content=\"index, follow, max-snippet:-1, max-image-preview:large, max-video-preview:-1\" \/>\n<link rel=\"canonical\" href=\"https:\/\/algarve7.pt\/index.php\/2021\/11\/arquitetura-e-tematica-em-destaque-de-duas-obras-apresentadas-em-loule\/cultura\/21\/50\/\" \/>\n<meta property=\"og:locale\" content=\"pt_PT\" \/>\n<meta property=\"og:type\" content=\"article\" \/>\n<meta property=\"og:title\" content=\"Arquitetura \u00e9 tem\u00e1tica em destaque de duas obras apresentadas em Loul\u00e9 - Algarve 7\" \/>\n<meta property=\"og:description\" content=\"Arquitetura \u00e9 tem\u00e1tica em destaque de duas obras apresentadas em Loul\u00e9 Cultura\" \/>\n<meta property=\"og:url\" content=\"https:\/\/algarve7.pt\/index.php\/2021\/11\/arquitetura-e-tematica-em-destaque-de-duas-obras-apresentadas-em-loule\/cultura\/21\/50\/\" \/>\n<meta property=\"og:site_name\" content=\"Algarve 7\" \/>\n<meta property=\"article:publisher\" content=\"https:\/\/www.facebook.com\/algarve7\" \/>\n<meta property=\"article:author\" content=\"https:\/\/www.facebook.com\/algarve7\" \/>\n<meta property=\"article:published_time\" content=\"2021-11-11T21:50:00+00:00\" \/>\n<meta property=\"og:image\" content=\"https:\/\/algarve7.pt\/wp-content\/uploads\/2021\/11\/Captura-de-ecra-2021-11-11-as-19.38.02.png\" \/>\n\t<meta property=\"og:image:width\" content=\"1920\" \/>\n\t<meta property=\"og:image:height\" content=\"1162\" \/>\n\t<meta property=\"og:image:type\" content=\"image\/png\" \/>\n<meta name=\"author\" content=\"Algarve 7\" \/>\n<meta name=\"twitter:card\" content=\"summary_large_image\" \/>\n<meta name=\"twitter:creator\" content=\"@Algarvesete\" \/>\n<meta name=\"twitter:site\" content=\"@Algarvesete\" \/>\n<meta name=\"twitter:label1\" content=\"Escrito por\" \/>\n\t<meta name=\"twitter:data1\" content=\"Algarve 7\" \/>\n\t<meta name=\"twitter:label2\" content=\"Tempo estimado de leitura\" \/>\n\t<meta name=\"twitter:data2\" content=\"3 minutos\" \/>\n<script type=\"application\/ld+json\" class=\"yoast-schema-graph\">{\"@context\":\"https:\\\/\\\/schema.org\",\"@graph\":[{\"@type\":\"Article\",\"@id\":\"https:\\\/\\\/algarve7.pt\\\/index.php\\\/2021\\\/11\\\/arquitetura-e-tematica-em-destaque-de-duas-obras-apresentadas-em-loule\\\/cultura\\\/21\\\/50\\\/#article\",\"isPartOf\":{\"@id\":\"https:\\\/\\\/algarve7.pt\\\/index.php\\\/2021\\\/11\\\/arquitetura-e-tematica-em-destaque-de-duas-obras-apresentadas-em-loule\\\/cultura\\\/21\\\/50\\\/\"},\"author\":{\"name\":\"Algarve 7\",\"@id\":\"https:\\\/\\\/algarve7.pt\\\/#\\\/schema\\\/person\\\/23fa70681308e7b319a3204bcea45e0c\"},\"headline\":\"Arquitetura \u00e9 tem\u00e1tica em destaque de duas obras apresentadas em Loul\u00e9\",\"datePublished\":\"2021-11-11T21:50:00+00:00\",\"mainEntityOfPage\":{\"@id\":\"https:\\\/\\\/algarve7.pt\\\/index.php\\\/2021\\\/11\\\/arquitetura-e-tematica-em-destaque-de-duas-obras-apresentadas-em-loule\\\/cultura\\\/21\\\/50\\\/\"},\"wordCount\":631,\"commentCount\":0,\"publisher\":{\"@id\":\"https:\\\/\\\/algarve7.pt\\\/#organization\"},\"image\":{\"@id\":\"https:\\\/\\\/algarve7.pt\\\/index.php\\\/2021\\\/11\\\/arquitetura-e-tematica-em-destaque-de-duas-obras-apresentadas-em-loule\\\/cultura\\\/21\\\/50\\\/#primaryimage\"},\"thumbnailUrl\":\"https:\\\/\\\/algarve7.pt\\\/wp-content\\\/uploads\\\/2021\\\/11\\\/Captura-de-ecra-2021-11-11-as-19.38.02.png\",\"keywords\":[\"Algarve\",\"Cultura\",\"Loul\u00e9\"],\"articleSection\":[\"Cultura\"],\"inLanguage\":\"pt-PT\",\"potentialAction\":[{\"@type\":\"CommentAction\",\"name\":\"Comment\",\"target\":[\"https:\\\/\\\/algarve7.pt\\\/index.php\\\/2021\\\/11\\\/arquitetura-e-tematica-em-destaque-de-duas-obras-apresentadas-em-loule\\\/cultura\\\/21\\\/50\\\/#respond\"]}]},{\"@type\":\"WebPage\",\"@id\":\"https:\\\/\\\/algarve7.pt\\\/index.php\\\/2021\\\/11\\\/arquitetura-e-tematica-em-destaque-de-duas-obras-apresentadas-em-loule\\\/cultura\\\/21\\\/50\\\/\",\"url\":\"https:\\\/\\\/algarve7.pt\\\/index.php\\\/2021\\\/11\\\/arquitetura-e-tematica-em-destaque-de-duas-obras-apresentadas-em-loule\\\/cultura\\\/21\\\/50\\\/\",\"name\":\"Arquitetura \u00e9 tem\u00e1tica em destaque de duas obras apresentadas em Loul\u00e9 - Algarve 7\",\"isPartOf\":{\"@id\":\"https:\\\/\\\/algarve7.pt\\\/#website\"},\"primaryImageOfPage\":{\"@id\":\"https:\\\/\\\/algarve7.pt\\\/index.php\\\/2021\\\/11\\\/arquitetura-e-tematica-em-destaque-de-duas-obras-apresentadas-em-loule\\\/cultura\\\/21\\\/50\\\/#primaryimage\"},\"image\":{\"@id\":\"https:\\\/\\\/algarve7.pt\\\/index.php\\\/2021\\\/11\\\/arquitetura-e-tematica-em-destaque-de-duas-obras-apresentadas-em-loule\\\/cultura\\\/21\\\/50\\\/#primaryimage\"},\"thumbnailUrl\":\"https:\\\/\\\/algarve7.pt\\\/wp-content\\\/uploads\\\/2021\\\/11\\\/Captura-de-ecra-2021-11-11-as-19.38.02.png\",\"datePublished\":\"2021-11-11T21:50:00+00:00\",\"description\":\"Arquitetura \u00e9 tem\u00e1tica em destaque de duas obras apresentadas em Loul\u00e9 Cultura\",\"breadcrumb\":{\"@id\":\"https:\\\/\\\/algarve7.pt\\\/index.php\\\/2021\\\/11\\\/arquitetura-e-tematica-em-destaque-de-duas-obras-apresentadas-em-loule\\\/cultura\\\/21\\\/50\\\/#breadcrumb\"},\"inLanguage\":\"pt-PT\",\"potentialAction\":[{\"@type\":\"ReadAction\",\"target\":[\"https:\\\/\\\/algarve7.pt\\\/index.php\\\/2021\\\/11\\\/arquitetura-e-tematica-em-destaque-de-duas-obras-apresentadas-em-loule\\\/cultura\\\/21\\\/50\\\/\"]}]},{\"@type\":\"ImageObject\",\"inLanguage\":\"pt-PT\",\"@id\":\"https:\\\/\\\/algarve7.pt\\\/index.php\\\/2021\\\/11\\\/arquitetura-e-tematica-em-destaque-de-duas-obras-apresentadas-em-loule\\\/cultura\\\/21\\\/50\\\/#primaryimage\",\"url\":\"https:\\\/\\\/algarve7.pt\\\/wp-content\\\/uploads\\\/2021\\\/11\\\/Captura-de-ecra-2021-11-11-as-19.38.02.png\",\"contentUrl\":\"https:\\\/\\\/algarve7.pt\\\/wp-content\\\/uploads\\\/2021\\\/11\\\/Captura-de-ecra-2021-11-11-as-19.38.02.png\",\"width\":1920,\"height\":1162},{\"@type\":\"BreadcrumbList\",\"@id\":\"https:\\\/\\\/algarve7.pt\\\/index.php\\\/2021\\\/11\\\/arquitetura-e-tematica-em-destaque-de-duas-obras-apresentadas-em-loule\\\/cultura\\\/21\\\/50\\\/#breadcrumb\",\"itemListElement\":[{\"@type\":\"ListItem\",\"position\":1,\"name\":\"In\u00edcio\",\"item\":\"https:\\\/\\\/algarve7.pt\\\/\"},{\"@type\":\"ListItem\",\"position\":2,\"name\":\"Arquitetura \u00e9 tem\u00e1tica em destaque de duas obras apresentadas em Loul\u00e9\"}]},{\"@type\":\"WebSite\",\"@id\":\"https:\\\/\\\/algarve7.pt\\\/#website\",\"url\":\"https:\\\/\\\/algarve7.pt\\\/\",\"name\":\"Algarve 7\",\"description\":\"Informa\u00e7\u00e3o sobre o Algarve\",\"publisher\":{\"@id\":\"https:\\\/\\\/algarve7.pt\\\/#organization\"},\"potentialAction\":[{\"@type\":\"SearchAction\",\"target\":{\"@type\":\"EntryPoint\",\"urlTemplate\":\"https:\\\/\\\/algarve7.pt\\\/?s={search_term_string}\"},\"query-input\":{\"@type\":\"PropertyValueSpecification\",\"valueRequired\":true,\"valueName\":\"search_term_string\"}}],\"inLanguage\":\"pt-PT\"},{\"@type\":\"Organization\",\"@id\":\"https:\\\/\\\/algarve7.pt\\\/#organization\",\"name\":\"Algarve 7\",\"url\":\"https:\\\/\\\/algarve7.pt\\\/\",\"logo\":{\"@type\":\"ImageObject\",\"inLanguage\":\"pt-PT\",\"@id\":\"https:\\\/\\\/algarve7.pt\\\/#\\\/schema\\\/logo\\\/image\\\/\",\"url\":\"https:\\\/\\\/algarve7.pt\\\/wp-content\\\/uploads\\\/2020\\\/10\\\/Logo-8.jpg\",\"contentUrl\":\"https:\\\/\\\/algarve7.pt\\\/wp-content\\\/uploads\\\/2020\\\/10\\\/Logo-8.jpg\",\"width\":1680,\"height\":1186,\"caption\":\"Algarve 7\"},\"image\":{\"@id\":\"https:\\\/\\\/algarve7.pt\\\/#\\\/schema\\\/logo\\\/image\\\/\"},\"sameAs\":[\"https:\\\/\\\/www.facebook.com\\\/algarve7\",\"https:\\\/\\\/x.com\\\/Algarvesete\",\"https:\\\/\\\/www.instagram.com\\\/jornalalgarve7\\\/\",\"https:\\\/\\\/www.linkedin.com\\\/company\\\/algarve7\",\"https:\\\/\\\/www.pinterest.pt\\\/geral0939\\\/_created\\\/\"]},{\"@type\":\"Person\",\"@id\":\"https:\\\/\\\/algarve7.pt\\\/#\\\/schema\\\/person\\\/23fa70681308e7b319a3204bcea45e0c\",\"name\":\"Algarve 7\",\"sameAs\":[\"https:\\\/\\\/algarve7.pt\",\"https:\\\/\\\/www.facebook.com\\\/algarve7\"],\"url\":\"https:\\\/\\\/algarve7.pt\\\/index.php\\\/author\\\/geralalgarve7-pt\\\/\"}]}<\/script>\n<!-- \/ Yoast SEO plugin. -->","yoast_head_json":{"title":"Arquitetura \u00e9 tem\u00e1tica em destaque de duas obras apresentadas em Loul\u00e9 - Algarve 7","description":"Arquitetura \u00e9 tem\u00e1tica em destaque de duas obras apresentadas em Loul\u00e9 Cultura","robots":{"index":"index","follow":"follow","max-snippet":"max-snippet:-1","max-image-preview":"max-image-preview:large","max-video-preview":"max-video-preview:-1"},"canonical":"https:\/\/algarve7.pt\/index.php\/2021\/11\/arquitetura-e-tematica-em-destaque-de-duas-obras-apresentadas-em-loule\/cultura\/21\/50\/","og_locale":"pt_PT","og_type":"article","og_title":"Arquitetura \u00e9 tem\u00e1tica em destaque de duas obras apresentadas em Loul\u00e9 - Algarve 7","og_description":"Arquitetura \u00e9 tem\u00e1tica em destaque de duas obras apresentadas em Loul\u00e9 Cultura","og_url":"https:\/\/algarve7.pt\/index.php\/2021\/11\/arquitetura-e-tematica-em-destaque-de-duas-obras-apresentadas-em-loule\/cultura\/21\/50\/","og_site_name":"Algarve 7","article_publisher":"https:\/\/www.facebook.com\/algarve7","article_author":"https:\/\/www.facebook.com\/algarve7","article_published_time":"2021-11-11T21:50:00+00:00","og_image":[{"width":1920,"height":1162,"url":"https:\/\/algarve7.pt\/wp-content\/uploads\/2021\/11\/Captura-de-ecra-2021-11-11-as-19.38.02.png","type":"image\/png"}],"author":"Algarve 7","twitter_card":"summary_large_image","twitter_creator":"@Algarvesete","twitter_site":"@Algarvesete","twitter_misc":{"Escrito por":"Algarve 7","Tempo estimado de leitura":"3 minutos"},"schema":{"@context":"https:\/\/schema.org","@graph":[{"@type":"Article","@id":"https:\/\/algarve7.pt\/index.php\/2021\/11\/arquitetura-e-tematica-em-destaque-de-duas-obras-apresentadas-em-loule\/cultura\/21\/50\/#article","isPartOf":{"@id":"https:\/\/algarve7.pt\/index.php\/2021\/11\/arquitetura-e-tematica-em-destaque-de-duas-obras-apresentadas-em-loule\/cultura\/21\/50\/"},"author":{"name":"Algarve 7","@id":"https:\/\/algarve7.pt\/#\/schema\/person\/23fa70681308e7b319a3204bcea45e0c"},"headline":"Arquitetura \u00e9 tem\u00e1tica em destaque de duas obras apresentadas em Loul\u00e9","datePublished":"2021-11-11T21:50:00+00:00","mainEntityOfPage":{"@id":"https:\/\/algarve7.pt\/index.php\/2021\/11\/arquitetura-e-tematica-em-destaque-de-duas-obras-apresentadas-em-loule\/cultura\/21\/50\/"},"wordCount":631,"commentCount":0,"publisher":{"@id":"https:\/\/algarve7.pt\/#organization"},"image":{"@id":"https:\/\/algarve7.pt\/index.php\/2021\/11\/arquitetura-e-tematica-em-destaque-de-duas-obras-apresentadas-em-loule\/cultura\/21\/50\/#primaryimage"},"thumbnailUrl":"https:\/\/algarve7.pt\/wp-content\/uploads\/2021\/11\/Captura-de-ecra-2021-11-11-as-19.38.02.png","keywords":["Algarve","Cultura","Loul\u00e9"],"articleSection":["Cultura"],"inLanguage":"pt-PT","potentialAction":[{"@type":"CommentAction","name":"Comment","target":["https:\/\/algarve7.pt\/index.php\/2021\/11\/arquitetura-e-tematica-em-destaque-de-duas-obras-apresentadas-em-loule\/cultura\/21\/50\/#respond"]}]},{"@type":"WebPage","@id":"https:\/\/algarve7.pt\/index.php\/2021\/11\/arquitetura-e-tematica-em-destaque-de-duas-obras-apresentadas-em-loule\/cultura\/21\/50\/","url":"https:\/\/algarve7.pt\/index.php\/2021\/11\/arquitetura-e-tematica-em-destaque-de-duas-obras-apresentadas-em-loule\/cultura\/21\/50\/","name":"Arquitetura \u00e9 tem\u00e1tica em destaque de duas obras apresentadas em Loul\u00e9 - Algarve 7","isPartOf":{"@id":"https:\/\/algarve7.pt\/#website"},"primaryImageOfPage":{"@id":"https:\/\/algarve7.pt\/index.php\/2021\/11\/arquitetura-e-tematica-em-destaque-de-duas-obras-apresentadas-em-loule\/cultura\/21\/50\/#primaryimage"},"image":{"@id":"https:\/\/algarve7.pt\/index.php\/2021\/11\/arquitetura-e-tematica-em-destaque-de-duas-obras-apresentadas-em-loule\/cultura\/21\/50\/#primaryimage"},"thumbnailUrl":"https:\/\/algarve7.pt\/wp-content\/uploads\/2021\/11\/Captura-de-ecra-2021-11-11-as-19.38.02.png","datePublished":"2021-11-11T21:50:00+00:00","description":"Arquitetura \u00e9 tem\u00e1tica em destaque de duas obras apresentadas em Loul\u00e9 Cultura","breadcrumb":{"@id":"https:\/\/algarve7.pt\/index.php\/2021\/11\/arquitetura-e-tematica-em-destaque-de-duas-obras-apresentadas-em-loule\/cultura\/21\/50\/#breadcrumb"},"inLanguage":"pt-PT","potentialAction":[{"@type":"ReadAction","target":["https:\/\/algarve7.pt\/index.php\/2021\/11\/arquitetura-e-tematica-em-destaque-de-duas-obras-apresentadas-em-loule\/cultura\/21\/50\/"]}]},{"@type":"ImageObject","inLanguage":"pt-PT","@id":"https:\/\/algarve7.pt\/index.php\/2021\/11\/arquitetura-e-tematica-em-destaque-de-duas-obras-apresentadas-em-loule\/cultura\/21\/50\/#primaryimage","url":"https:\/\/algarve7.pt\/wp-content\/uploads\/2021\/11\/Captura-de-ecra-2021-11-11-as-19.38.02.png","contentUrl":"https:\/\/algarve7.pt\/wp-content\/uploads\/2021\/11\/Captura-de-ecra-2021-11-11-as-19.38.02.png","width":1920,"height":1162},{"@type":"BreadcrumbList","@id":"https:\/\/algarve7.pt\/index.php\/2021\/11\/arquitetura-e-tematica-em-destaque-de-duas-obras-apresentadas-em-loule\/cultura\/21\/50\/#breadcrumb","itemListElement":[{"@type":"ListItem","position":1,"name":"In\u00edcio","item":"https:\/\/algarve7.pt\/"},{"@type":"ListItem","position":2,"name":"Arquitetura \u00e9 tem\u00e1tica em destaque de duas obras apresentadas em Loul\u00e9"}]},{"@type":"WebSite","@id":"https:\/\/algarve7.pt\/#website","url":"https:\/\/algarve7.pt\/","name":"Algarve 7","description":"Informa\u00e7\u00e3o sobre o Algarve","publisher":{"@id":"https:\/\/algarve7.pt\/#organization"},"potentialAction":[{"@type":"SearchAction","target":{"@type":"EntryPoint","urlTemplate":"https:\/\/algarve7.pt\/?s={search_term_string}"},"query-input":{"@type":"PropertyValueSpecification","valueRequired":true,"valueName":"search_term_string"}}],"inLanguage":"pt-PT"},{"@type":"Organization","@id":"https:\/\/algarve7.pt\/#organization","name":"Algarve 7","url":"https:\/\/algarve7.pt\/","logo":{"@type":"ImageObject","inLanguage":"pt-PT","@id":"https:\/\/algarve7.pt\/#\/schema\/logo\/image\/","url":"https:\/\/algarve7.pt\/wp-content\/uploads\/2020\/10\/Logo-8.jpg","contentUrl":"https:\/\/algarve7.pt\/wp-content\/uploads\/2020\/10\/Logo-8.jpg","width":1680,"height":1186,"caption":"Algarve 7"},"image":{"@id":"https:\/\/algarve7.pt\/#\/schema\/logo\/image\/"},"sameAs":["https:\/\/www.facebook.com\/algarve7","https:\/\/x.com\/Algarvesete","https:\/\/www.instagram.com\/jornalalgarve7\/","https:\/\/www.linkedin.com\/company\/algarve7","https:\/\/www.pinterest.pt\/geral0939\/_created\/"]},{"@type":"Person","@id":"https:\/\/algarve7.pt\/#\/schema\/person\/23fa70681308e7b319a3204bcea45e0c","name":"Algarve 7","sameAs":["https:\/\/algarve7.pt","https:\/\/www.facebook.com\/algarve7"],"url":"https:\/\/algarve7.pt\/index.php\/author\/geralalgarve7-pt\/"}]}},"jetpack_publicize_connections":[],"jetpack_featured_media_url":"https:\/\/algarve7.pt\/wp-content\/uploads\/2021\/11\/Captura-de-ecra-2021-11-11-as-19.38.02.png","jetpack_shortlink":"https:\/\/wp.me\/pcezmW-3nt","jetpack_sharing_enabled":true,"_links":{"self":[{"href":"https:\/\/algarve7.pt\/index.php\/wp-json\/wp\/v2\/posts\/12987","targetHints":{"allow":["GET"]}}],"collection":[{"href":"https:\/\/algarve7.pt\/index.php\/wp-json\/wp\/v2\/posts"}],"about":[{"href":"https:\/\/algarve7.pt\/index.php\/wp-json\/wp\/v2\/types\/post"}],"author":[{"embeddable":true,"href":"https:\/\/algarve7.pt\/index.php\/wp-json\/wp\/v2\/users\/1"}],"replies":[{"embeddable":true,"href":"https:\/\/algarve7.pt\/index.php\/wp-json\/wp\/v2\/comments?post=12987"}],"version-history":[{"count":0,"href":"https:\/\/algarve7.pt\/index.php\/wp-json\/wp\/v2\/posts\/12987\/revisions"}],"wp:featuredmedia":[{"embeddable":true,"href":"https:\/\/algarve7.pt\/index.php\/wp-json\/wp\/v2\/media\/12988"}],"wp:attachment":[{"href":"https:\/\/algarve7.pt\/index.php\/wp-json\/wp\/v2\/media?parent=12987"}],"wp:term":[{"taxonomy":"category","embeddable":true,"href":"https:\/\/algarve7.pt\/index.php\/wp-json\/wp\/v2\/categories?post=12987"},{"taxonomy":"post_tag","embeddable":true,"href":"https:\/\/algarve7.pt\/index.php\/wp-json\/wp\/v2\/tags?post=12987"}],"curies":[{"name":"wp","href":"https:\/\/api.w.org\/{rel}","templated":true}]}}