{"id":12890,"date":"2021-11-09T12:36:00","date_gmt":"2021-11-09T12:36:00","guid":{"rendered":"https:\/\/algarve7.pt\/?p=12890"},"modified":"2021-11-08T18:39:51","modified_gmt":"2021-11-08T18:39:51","slug":"exposicao-de-artes-plasticas-ensimesmismos-e-lavo-daqui-as-minhas-maos","status":"publish","type":"post","link":"https:\/\/algarve7.pt\/index.php\/2021\/11\/exposicao-de-artes-plasticas-ensimesmismos-e-lavo-daqui-as-minhas-maos\/cultura\/12\/36\/","title":{"rendered":"Exposi\u00e7\u00e3o de Artes Pl\u00e1sticas &#8220;ENSIMESMISMOS E Lavo Daqui as Minhas M\u00e3os&#8221;"},"content":{"rendered":"\n<p>A Exposi\u00e7\u00e3o&nbsp;de Artes Pl\u00e1sticas &#8220;<strong>ENSIMESMISMOS E Lavo Daqui as Minhas M\u00e3os<\/strong>&#8221; de Sandra Afonso, estar\u00e1 patente na Escola de Artes Mestre Fernando Rodrigues \u2013 Galeria Manuela Vale entre os dias 11 de novembro e 10 de dezembro.<\/p>\n\n\n\n<p>Sinopse: \u201cENSIMESMISMOS: neologismo de ensimesmada &#8211; concentrada em si mesma\u201d Com um olhar ir\u00f3nico, s\u00e3o apresentadas varia\u00e7\u00f5es entre o auto-retrato e a auto-representa\u00e7\u00e3o, entre olhares, gestos e express\u00f5es, procuro encontrar-me com o vazio. Olhares vazios, &#8220;xinos&#8221; no olho, cores que mascaram emo\u00e7\u00f5es ou as fazem transparecer. Entre uma percep\u00e7\u00e3o alterada e a realidade, surgem imagens mais ou menos distorcidas, mais ou menos pr\u00f3ximas da realidade.<\/p>\n\n\n\n<p>&#8220;Lavo daqui as minhas m\u00e3os&#8221; De Pilatos e \u00e0 sombra da \u00e9poca que vivemos e sobre o ego e sobre aus\u00eancias e novas presen\u00e7as, tomadas de consci\u00eancia, uns lavam, outros ficam por lavar, \u201ceu j\u00e1 lavei e tu?\u201d<\/p>\n\n\n\n<p>Sandra Afonso nasceu em 1978 em Aveiro. Com forma\u00e7\u00e3o acad\u00e9mica em Escultura na Faculdade de Belas Artes do Porto fez a sua primeira exposi\u00e7\u00e3o individual em 2009 nos Pa\u00e7os do Concelho da cidade de Aveiro. Com um trabalho focado na auto representa\u00e7\u00e3o como simples motivo ou em pequenos momentos de contempla\u00e7\u00e3o. Mem\u00f3rias e fragmentos com pequenas ironias pr\u00f3prias.<\/p>\n\n\n\n<p>A abertura da exposi\u00e7\u00e3o ser\u00e1 no dia 11 de novembro, pelas 18h00 e contar\u00e1 com a participa\u00e7\u00e3o especial dos alunos da Oficina de Guitarra &#8211; Orquestra Juvenil de Guitarras do Algarve conduzidos pelo formador Rossano Lima.<\/p>\n\n\n\n<p>A exposi\u00e7\u00e3o \u00e9 de entrada gratuita e poder\u00e1 ser visitada de segunda-feira a sexta-feira no hor\u00e1rio da escola: 09h30 \u00e0s 12h00 \/ 14h30 \u00e0s 17h00.<\/p>\n","protected":false},"excerpt":{"rendered":"<p>A Exposi\u00e7\u00e3o&nbsp;de Artes Pl\u00e1sticas &#8220;ENSIMESMISMOS E Lavo Daqui as Minhas M\u00e3os&#8221; de Sandra Afonso, estar\u00e1 patente na Escola de Artes<\/p>\n","protected":false},"author":1,"featured_media":12891,"comment_status":"open","ping_status":"open","sticky":false,"template":"","format":"standard","meta":{"colormag_page_container_layout":"default_layout","colormag_page_sidebar_layout":"default_layout","_monsterinsights_skip_tracking":false,"_monsterinsights_sitenote_active":false,"_monsterinsights_sitenote_note":"","_monsterinsights_sitenote_category":0,"jetpack_post_was_ever_published":false,"_jetpack_newsletter_access":"","_jetpack_dont_email_post_to_subs":false,"_jetpack_newsletter_tier_id":0,"_jetpack_memberships_contains_paywalled_content":false,"_jetpack_memberships_contains_paid_content":false,"footnotes":"","jetpack_publicize_message":"","jetpack_publicize_feature_enabled":true,"jetpack_social_post_already_shared":true,"jetpack_social_options":{"image_generator_settings":{"template":"highway","default_image_id":0,"font":"","enabled":false},"version":2}},"categories":[14],"tags":[36,66,48],"class_list":["post-12890","post","type-post","status-publish","format-standard","has-post-thumbnail","hentry","category-cultura","tag-algarve","tag-exposicao","tag-lagoa"],"yoast_head":"<!-- This site is optimized with the Yoast SEO plugin v27.5 - https:\/\/yoast.com\/product\/yoast-seo-wordpress\/ -->\n<title>Exposi\u00e7\u00e3o de Artes Pl\u00e1sticas &quot;ENSIMESMISMOS E Lavo Daqui as Minhas M\u00e3os&quot; - Algarve 7<\/title>\n<meta name=\"description\" content=\"Exposi\u00e7\u00e3o de Artes Pl\u00e1sticas &quot;ENSIMESMISMOS E Lavo Daqui as Minhas M\u00e3os&quot; Cultura\" \/>\n<meta name=\"robots\" content=\"index, follow, max-snippet:-1, max-image-preview:large, max-video-preview:-1\" \/>\n<link rel=\"canonical\" href=\"https:\/\/algarve7.pt\/index.php\/2021\/11\/exposicao-de-artes-plasticas-ensimesmismos-e-lavo-daqui-as-minhas-maos\/cultura\/12\/36\/\" \/>\n<meta property=\"og:locale\" content=\"pt_PT\" \/>\n<meta property=\"og:type\" content=\"article\" \/>\n<meta property=\"og:title\" content=\"Exposi\u00e7\u00e3o de Artes Pl\u00e1sticas &quot;ENSIMESMISMOS E Lavo Daqui as Minhas M\u00e3os&quot; - Algarve 7\" \/>\n<meta property=\"og:description\" content=\"Exposi\u00e7\u00e3o de Artes Pl\u00e1sticas &quot;ENSIMESMISMOS E Lavo Daqui as Minhas M\u00e3os&quot; Cultura\" \/>\n<meta property=\"og:url\" content=\"https:\/\/algarve7.pt\/index.php\/2021\/11\/exposicao-de-artes-plasticas-ensimesmismos-e-lavo-daqui-as-minhas-maos\/cultura\/12\/36\/\" \/>\n<meta property=\"og:site_name\" content=\"Algarve 7\" \/>\n<meta property=\"article:publisher\" content=\"https:\/\/www.facebook.com\/algarve7\" \/>\n<meta property=\"article:author\" content=\"https:\/\/www.facebook.com\/algarve7\" \/>\n<meta property=\"article:published_time\" content=\"2021-11-09T12:36:00+00:00\" \/>\n<meta property=\"og:image\" content=\"https:\/\/algarve7.pt\/wp-content\/uploads\/2021\/11\/Captura-de-ecra-2021-11-08-as-18.37.03.png\" \/>\n\t<meta property=\"og:image:width\" content=\"1566\" \/>\n\t<meta property=\"og:image:height\" content=\"1214\" \/>\n\t<meta property=\"og:image:type\" content=\"image\/png\" \/>\n<meta name=\"author\" content=\"Algarve 7\" \/>\n<meta name=\"twitter:card\" content=\"summary_large_image\" \/>\n<meta name=\"twitter:creator\" content=\"@Algarvesete\" \/>\n<meta name=\"twitter:site\" content=\"@Algarvesete\" \/>\n<meta name=\"twitter:label1\" content=\"Escrito por\" \/>\n\t<meta name=\"twitter:data1\" content=\"Algarve 7\" \/>\n\t<meta name=\"twitter:label2\" content=\"Tempo estimado de leitura\" \/>\n\t<meta name=\"twitter:data2\" content=\"2 minutos\" \/>\n<script type=\"application\/ld+json\" class=\"yoast-schema-graph\">{\"@context\":\"https:\\\/\\\/schema.org\",\"@graph\":[{\"@type\":\"Article\",\"@id\":\"https:\\\/\\\/algarve7.pt\\\/index.php\\\/2021\\\/11\\\/exposicao-de-artes-plasticas-ensimesmismos-e-lavo-daqui-as-minhas-maos\\\/cultura\\\/12\\\/36\\\/#article\",\"isPartOf\":{\"@id\":\"https:\\\/\\\/algarve7.pt\\\/index.php\\\/2021\\\/11\\\/exposicao-de-artes-plasticas-ensimesmismos-e-lavo-daqui-as-minhas-maos\\\/cultura\\\/12\\\/36\\\/\"},\"author\":{\"name\":\"Algarve 7\",\"@id\":\"https:\\\/\\\/algarve7.pt\\\/#\\\/schema\\\/person\\\/23fa70681308e7b319a3204bcea45e0c\"},\"headline\":\"Exposi\u00e7\u00e3o de Artes Pl\u00e1sticas &#8220;ENSIMESMISMOS E Lavo Daqui as Minhas M\u00e3os&#8221;\",\"datePublished\":\"2021-11-09T12:36:00+00:00\",\"mainEntityOfPage\":{\"@id\":\"https:\\\/\\\/algarve7.pt\\\/index.php\\\/2021\\\/11\\\/exposicao-de-artes-plasticas-ensimesmismos-e-lavo-daqui-as-minhas-maos\\\/cultura\\\/12\\\/36\\\/\"},\"wordCount\":293,\"commentCount\":0,\"publisher\":{\"@id\":\"https:\\\/\\\/algarve7.pt\\\/#organization\"},\"image\":{\"@id\":\"https:\\\/\\\/algarve7.pt\\\/index.php\\\/2021\\\/11\\\/exposicao-de-artes-plasticas-ensimesmismos-e-lavo-daqui-as-minhas-maos\\\/cultura\\\/12\\\/36\\\/#primaryimage\"},\"thumbnailUrl\":\"https:\\\/\\\/algarve7.pt\\\/wp-content\\\/uploads\\\/2021\\\/11\\\/Captura-de-ecra-2021-11-08-as-18.37.03.png\",\"keywords\":[\"Algarve\",\"Exposi\u00e7\u00e3o\",\"Lagoa\"],\"articleSection\":[\"Cultura\"],\"inLanguage\":\"pt-PT\",\"potentialAction\":[{\"@type\":\"CommentAction\",\"name\":\"Comment\",\"target\":[\"https:\\\/\\\/algarve7.pt\\\/index.php\\\/2021\\\/11\\\/exposicao-de-artes-plasticas-ensimesmismos-e-lavo-daqui-as-minhas-maos\\\/cultura\\\/12\\\/36\\\/#respond\"]}]},{\"@type\":\"WebPage\",\"@id\":\"https:\\\/\\\/algarve7.pt\\\/index.php\\\/2021\\\/11\\\/exposicao-de-artes-plasticas-ensimesmismos-e-lavo-daqui-as-minhas-maos\\\/cultura\\\/12\\\/36\\\/\",\"url\":\"https:\\\/\\\/algarve7.pt\\\/index.php\\\/2021\\\/11\\\/exposicao-de-artes-plasticas-ensimesmismos-e-lavo-daqui-as-minhas-maos\\\/cultura\\\/12\\\/36\\\/\",\"name\":\"Exposi\u00e7\u00e3o de Artes Pl\u00e1sticas \\\"ENSIMESMISMOS E Lavo Daqui as Minhas M\u00e3os\\\" - Algarve 7\",\"isPartOf\":{\"@id\":\"https:\\\/\\\/algarve7.pt\\\/#website\"},\"primaryImageOfPage\":{\"@id\":\"https:\\\/\\\/algarve7.pt\\\/index.php\\\/2021\\\/11\\\/exposicao-de-artes-plasticas-ensimesmismos-e-lavo-daqui-as-minhas-maos\\\/cultura\\\/12\\\/36\\\/#primaryimage\"},\"image\":{\"@id\":\"https:\\\/\\\/algarve7.pt\\\/index.php\\\/2021\\\/11\\\/exposicao-de-artes-plasticas-ensimesmismos-e-lavo-daqui-as-minhas-maos\\\/cultura\\\/12\\\/36\\\/#primaryimage\"},\"thumbnailUrl\":\"https:\\\/\\\/algarve7.pt\\\/wp-content\\\/uploads\\\/2021\\\/11\\\/Captura-de-ecra-2021-11-08-as-18.37.03.png\",\"datePublished\":\"2021-11-09T12:36:00+00:00\",\"description\":\"Exposi\u00e7\u00e3o de Artes Pl\u00e1sticas \\\"ENSIMESMISMOS E Lavo Daqui as Minhas M\u00e3os\\\" Cultura\",\"breadcrumb\":{\"@id\":\"https:\\\/\\\/algarve7.pt\\\/index.php\\\/2021\\\/11\\\/exposicao-de-artes-plasticas-ensimesmismos-e-lavo-daqui-as-minhas-maos\\\/cultura\\\/12\\\/36\\\/#breadcrumb\"},\"inLanguage\":\"pt-PT\",\"potentialAction\":[{\"@type\":\"ReadAction\",\"target\":[\"https:\\\/\\\/algarve7.pt\\\/index.php\\\/2021\\\/11\\\/exposicao-de-artes-plasticas-ensimesmismos-e-lavo-daqui-as-minhas-maos\\\/cultura\\\/12\\\/36\\\/\"]}]},{\"@type\":\"ImageObject\",\"inLanguage\":\"pt-PT\",\"@id\":\"https:\\\/\\\/algarve7.pt\\\/index.php\\\/2021\\\/11\\\/exposicao-de-artes-plasticas-ensimesmismos-e-lavo-daqui-as-minhas-maos\\\/cultura\\\/12\\\/36\\\/#primaryimage\",\"url\":\"https:\\\/\\\/algarve7.pt\\\/wp-content\\\/uploads\\\/2021\\\/11\\\/Captura-de-ecra-2021-11-08-as-18.37.03.png\",\"contentUrl\":\"https:\\\/\\\/algarve7.pt\\\/wp-content\\\/uploads\\\/2021\\\/11\\\/Captura-de-ecra-2021-11-08-as-18.37.03.png\",\"width\":1566,\"height\":1214},{\"@type\":\"BreadcrumbList\",\"@id\":\"https:\\\/\\\/algarve7.pt\\\/index.php\\\/2021\\\/11\\\/exposicao-de-artes-plasticas-ensimesmismos-e-lavo-daqui-as-minhas-maos\\\/cultura\\\/12\\\/36\\\/#breadcrumb\",\"itemListElement\":[{\"@type\":\"ListItem\",\"position\":1,\"name\":\"In\u00edcio\",\"item\":\"https:\\\/\\\/algarve7.pt\\\/\"},{\"@type\":\"ListItem\",\"position\":2,\"name\":\"Exposi\u00e7\u00e3o de Artes Pl\u00e1sticas &#8220;ENSIMESMISMOS E Lavo Daqui as Minhas M\u00e3os&#8221;\"}]},{\"@type\":\"WebSite\",\"@id\":\"https:\\\/\\\/algarve7.pt\\\/#website\",\"url\":\"https:\\\/\\\/algarve7.pt\\\/\",\"name\":\"Algarve 7\",\"description\":\"Informa\u00e7\u00e3o sobre o Algarve\",\"publisher\":{\"@id\":\"https:\\\/\\\/algarve7.pt\\\/#organization\"},\"potentialAction\":[{\"@type\":\"SearchAction\",\"target\":{\"@type\":\"EntryPoint\",\"urlTemplate\":\"https:\\\/\\\/algarve7.pt\\\/?s={search_term_string}\"},\"query-input\":{\"@type\":\"PropertyValueSpecification\",\"valueRequired\":true,\"valueName\":\"search_term_string\"}}],\"inLanguage\":\"pt-PT\"},{\"@type\":\"Organization\",\"@id\":\"https:\\\/\\\/algarve7.pt\\\/#organization\",\"name\":\"Algarve 7\",\"url\":\"https:\\\/\\\/algarve7.pt\\\/\",\"logo\":{\"@type\":\"ImageObject\",\"inLanguage\":\"pt-PT\",\"@id\":\"https:\\\/\\\/algarve7.pt\\\/#\\\/schema\\\/logo\\\/image\\\/\",\"url\":\"https:\\\/\\\/algarve7.pt\\\/wp-content\\\/uploads\\\/2020\\\/10\\\/Logo-8.jpg\",\"contentUrl\":\"https:\\\/\\\/algarve7.pt\\\/wp-content\\\/uploads\\\/2020\\\/10\\\/Logo-8.jpg\",\"width\":1680,\"height\":1186,\"caption\":\"Algarve 7\"},\"image\":{\"@id\":\"https:\\\/\\\/algarve7.pt\\\/#\\\/schema\\\/logo\\\/image\\\/\"},\"sameAs\":[\"https:\\\/\\\/www.facebook.com\\\/algarve7\",\"https:\\\/\\\/x.com\\\/Algarvesete\",\"https:\\\/\\\/www.instagram.com\\\/jornalalgarve7\\\/\",\"https:\\\/\\\/www.linkedin.com\\\/company\\\/algarve7\",\"https:\\\/\\\/www.pinterest.pt\\\/geral0939\\\/_created\\\/\"]},{\"@type\":\"Person\",\"@id\":\"https:\\\/\\\/algarve7.pt\\\/#\\\/schema\\\/person\\\/23fa70681308e7b319a3204bcea45e0c\",\"name\":\"Algarve 7\",\"sameAs\":[\"https:\\\/\\\/algarve7.pt\",\"https:\\\/\\\/www.facebook.com\\\/algarve7\"],\"url\":\"https:\\\/\\\/algarve7.pt\\\/index.php\\\/author\\\/geralalgarve7-pt\\\/\"}]}<\/script>\n<!-- \/ Yoast SEO plugin. -->","yoast_head_json":{"title":"Exposi\u00e7\u00e3o de Artes Pl\u00e1sticas \"ENSIMESMISMOS E Lavo Daqui as Minhas M\u00e3os\" - Algarve 7","description":"Exposi\u00e7\u00e3o de Artes Pl\u00e1sticas \"ENSIMESMISMOS E Lavo Daqui as Minhas M\u00e3os\" Cultura","robots":{"index":"index","follow":"follow","max-snippet":"max-snippet:-1","max-image-preview":"max-image-preview:large","max-video-preview":"max-video-preview:-1"},"canonical":"https:\/\/algarve7.pt\/index.php\/2021\/11\/exposicao-de-artes-plasticas-ensimesmismos-e-lavo-daqui-as-minhas-maos\/cultura\/12\/36\/","og_locale":"pt_PT","og_type":"article","og_title":"Exposi\u00e7\u00e3o de Artes Pl\u00e1sticas \"ENSIMESMISMOS E Lavo Daqui as Minhas M\u00e3os\" - Algarve 7","og_description":"Exposi\u00e7\u00e3o de Artes Pl\u00e1sticas \"ENSIMESMISMOS E Lavo Daqui as Minhas M\u00e3os\" Cultura","og_url":"https:\/\/algarve7.pt\/index.php\/2021\/11\/exposicao-de-artes-plasticas-ensimesmismos-e-lavo-daqui-as-minhas-maos\/cultura\/12\/36\/","og_site_name":"Algarve 7","article_publisher":"https:\/\/www.facebook.com\/algarve7","article_author":"https:\/\/www.facebook.com\/algarve7","article_published_time":"2021-11-09T12:36:00+00:00","og_image":[{"width":1566,"height":1214,"url":"https:\/\/algarve7.pt\/wp-content\/uploads\/2021\/11\/Captura-de-ecra-2021-11-08-as-18.37.03.png","type":"image\/png"}],"author":"Algarve 7","twitter_card":"summary_large_image","twitter_creator":"@Algarvesete","twitter_site":"@Algarvesete","twitter_misc":{"Escrito por":"Algarve 7","Tempo estimado de leitura":"2 minutos"},"schema":{"@context":"https:\/\/schema.org","@graph":[{"@type":"Article","@id":"https:\/\/algarve7.pt\/index.php\/2021\/11\/exposicao-de-artes-plasticas-ensimesmismos-e-lavo-daqui-as-minhas-maos\/cultura\/12\/36\/#article","isPartOf":{"@id":"https:\/\/algarve7.pt\/index.php\/2021\/11\/exposicao-de-artes-plasticas-ensimesmismos-e-lavo-daqui-as-minhas-maos\/cultura\/12\/36\/"},"author":{"name":"Algarve 7","@id":"https:\/\/algarve7.pt\/#\/schema\/person\/23fa70681308e7b319a3204bcea45e0c"},"headline":"Exposi\u00e7\u00e3o de Artes Pl\u00e1sticas &#8220;ENSIMESMISMOS E Lavo Daqui as Minhas M\u00e3os&#8221;","datePublished":"2021-11-09T12:36:00+00:00","mainEntityOfPage":{"@id":"https:\/\/algarve7.pt\/index.php\/2021\/11\/exposicao-de-artes-plasticas-ensimesmismos-e-lavo-daqui-as-minhas-maos\/cultura\/12\/36\/"},"wordCount":293,"commentCount":0,"publisher":{"@id":"https:\/\/algarve7.pt\/#organization"},"image":{"@id":"https:\/\/algarve7.pt\/index.php\/2021\/11\/exposicao-de-artes-plasticas-ensimesmismos-e-lavo-daqui-as-minhas-maos\/cultura\/12\/36\/#primaryimage"},"thumbnailUrl":"https:\/\/algarve7.pt\/wp-content\/uploads\/2021\/11\/Captura-de-ecra-2021-11-08-as-18.37.03.png","keywords":["Algarve","Exposi\u00e7\u00e3o","Lagoa"],"articleSection":["Cultura"],"inLanguage":"pt-PT","potentialAction":[{"@type":"CommentAction","name":"Comment","target":["https:\/\/algarve7.pt\/index.php\/2021\/11\/exposicao-de-artes-plasticas-ensimesmismos-e-lavo-daqui-as-minhas-maos\/cultura\/12\/36\/#respond"]}]},{"@type":"WebPage","@id":"https:\/\/algarve7.pt\/index.php\/2021\/11\/exposicao-de-artes-plasticas-ensimesmismos-e-lavo-daqui-as-minhas-maos\/cultura\/12\/36\/","url":"https:\/\/algarve7.pt\/index.php\/2021\/11\/exposicao-de-artes-plasticas-ensimesmismos-e-lavo-daqui-as-minhas-maos\/cultura\/12\/36\/","name":"Exposi\u00e7\u00e3o de Artes Pl\u00e1sticas \"ENSIMESMISMOS E Lavo Daqui as Minhas M\u00e3os\" - Algarve 7","isPartOf":{"@id":"https:\/\/algarve7.pt\/#website"},"primaryImageOfPage":{"@id":"https:\/\/algarve7.pt\/index.php\/2021\/11\/exposicao-de-artes-plasticas-ensimesmismos-e-lavo-daqui-as-minhas-maos\/cultura\/12\/36\/#primaryimage"},"image":{"@id":"https:\/\/algarve7.pt\/index.php\/2021\/11\/exposicao-de-artes-plasticas-ensimesmismos-e-lavo-daqui-as-minhas-maos\/cultura\/12\/36\/#primaryimage"},"thumbnailUrl":"https:\/\/algarve7.pt\/wp-content\/uploads\/2021\/11\/Captura-de-ecra-2021-11-08-as-18.37.03.png","datePublished":"2021-11-09T12:36:00+00:00","description":"Exposi\u00e7\u00e3o de Artes Pl\u00e1sticas \"ENSIMESMISMOS E Lavo Daqui as Minhas M\u00e3os\" Cultura","breadcrumb":{"@id":"https:\/\/algarve7.pt\/index.php\/2021\/11\/exposicao-de-artes-plasticas-ensimesmismos-e-lavo-daqui-as-minhas-maos\/cultura\/12\/36\/#breadcrumb"},"inLanguage":"pt-PT","potentialAction":[{"@type":"ReadAction","target":["https:\/\/algarve7.pt\/index.php\/2021\/11\/exposicao-de-artes-plasticas-ensimesmismos-e-lavo-daqui-as-minhas-maos\/cultura\/12\/36\/"]}]},{"@type":"ImageObject","inLanguage":"pt-PT","@id":"https:\/\/algarve7.pt\/index.php\/2021\/11\/exposicao-de-artes-plasticas-ensimesmismos-e-lavo-daqui-as-minhas-maos\/cultura\/12\/36\/#primaryimage","url":"https:\/\/algarve7.pt\/wp-content\/uploads\/2021\/11\/Captura-de-ecra-2021-11-08-as-18.37.03.png","contentUrl":"https:\/\/algarve7.pt\/wp-content\/uploads\/2021\/11\/Captura-de-ecra-2021-11-08-as-18.37.03.png","width":1566,"height":1214},{"@type":"BreadcrumbList","@id":"https:\/\/algarve7.pt\/index.php\/2021\/11\/exposicao-de-artes-plasticas-ensimesmismos-e-lavo-daqui-as-minhas-maos\/cultura\/12\/36\/#breadcrumb","itemListElement":[{"@type":"ListItem","position":1,"name":"In\u00edcio","item":"https:\/\/algarve7.pt\/"},{"@type":"ListItem","position":2,"name":"Exposi\u00e7\u00e3o de Artes Pl\u00e1sticas &#8220;ENSIMESMISMOS E Lavo Daqui as Minhas M\u00e3os&#8221;"}]},{"@type":"WebSite","@id":"https:\/\/algarve7.pt\/#website","url":"https:\/\/algarve7.pt\/","name":"Algarve 7","description":"Informa\u00e7\u00e3o sobre o Algarve","publisher":{"@id":"https:\/\/algarve7.pt\/#organization"},"potentialAction":[{"@type":"SearchAction","target":{"@type":"EntryPoint","urlTemplate":"https:\/\/algarve7.pt\/?s={search_term_string}"},"query-input":{"@type":"PropertyValueSpecification","valueRequired":true,"valueName":"search_term_string"}}],"inLanguage":"pt-PT"},{"@type":"Organization","@id":"https:\/\/algarve7.pt\/#organization","name":"Algarve 7","url":"https:\/\/algarve7.pt\/","logo":{"@type":"ImageObject","inLanguage":"pt-PT","@id":"https:\/\/algarve7.pt\/#\/schema\/logo\/image\/","url":"https:\/\/algarve7.pt\/wp-content\/uploads\/2020\/10\/Logo-8.jpg","contentUrl":"https:\/\/algarve7.pt\/wp-content\/uploads\/2020\/10\/Logo-8.jpg","width":1680,"height":1186,"caption":"Algarve 7"},"image":{"@id":"https:\/\/algarve7.pt\/#\/schema\/logo\/image\/"},"sameAs":["https:\/\/www.facebook.com\/algarve7","https:\/\/x.com\/Algarvesete","https:\/\/www.instagram.com\/jornalalgarve7\/","https:\/\/www.linkedin.com\/company\/algarve7","https:\/\/www.pinterest.pt\/geral0939\/_created\/"]},{"@type":"Person","@id":"https:\/\/algarve7.pt\/#\/schema\/person\/23fa70681308e7b319a3204bcea45e0c","name":"Algarve 7","sameAs":["https:\/\/algarve7.pt","https:\/\/www.facebook.com\/algarve7"],"url":"https:\/\/algarve7.pt\/index.php\/author\/geralalgarve7-pt\/"}]}},"jetpack_publicize_connections":[],"jetpack_featured_media_url":"https:\/\/algarve7.pt\/wp-content\/uploads\/2021\/11\/Captura-de-ecra-2021-11-08-as-18.37.03.png","jetpack_shortlink":"https:\/\/wp.me\/pcezmW-3lU","jetpack_sharing_enabled":true,"_links":{"self":[{"href":"https:\/\/algarve7.pt\/index.php\/wp-json\/wp\/v2\/posts\/12890","targetHints":{"allow":["GET"]}}],"collection":[{"href":"https:\/\/algarve7.pt\/index.php\/wp-json\/wp\/v2\/posts"}],"about":[{"href":"https:\/\/algarve7.pt\/index.php\/wp-json\/wp\/v2\/types\/post"}],"author":[{"embeddable":true,"href":"https:\/\/algarve7.pt\/index.php\/wp-json\/wp\/v2\/users\/1"}],"replies":[{"embeddable":true,"href":"https:\/\/algarve7.pt\/index.php\/wp-json\/wp\/v2\/comments?post=12890"}],"version-history":[{"count":0,"href":"https:\/\/algarve7.pt\/index.php\/wp-json\/wp\/v2\/posts\/12890\/revisions"}],"wp:featuredmedia":[{"embeddable":true,"href":"https:\/\/algarve7.pt\/index.php\/wp-json\/wp\/v2\/media\/12891"}],"wp:attachment":[{"href":"https:\/\/algarve7.pt\/index.php\/wp-json\/wp\/v2\/media?parent=12890"}],"wp:term":[{"taxonomy":"category","embeddable":true,"href":"https:\/\/algarve7.pt\/index.php\/wp-json\/wp\/v2\/categories?post=12890"},{"taxonomy":"post_tag","embeddable":true,"href":"https:\/\/algarve7.pt\/index.php\/wp-json\/wp\/v2\/tags?post=12890"}],"curies":[{"name":"wp","href":"https:\/\/api.w.org\/{rel}","templated":true}]}}