{"id":12882,"date":"2021-11-09T09:16:00","date_gmt":"2021-11-09T09:16:00","guid":{"rendered":"https:\/\/algarve7.pt\/?p=12882"},"modified":"2021-11-08T18:18:05","modified_gmt":"2021-11-08T18:18:05","slug":"portimao-assinalou-dia-europeu-da-alimentacao-e-da-cozinha-saudaveis-com-acoes-de-sensibilizacao","status":"publish","type":"post","link":"https:\/\/algarve7.pt\/index.php\/2021\/11\/portimao-assinalou-dia-europeu-da-alimentacao-e-da-cozinha-saudaveis-com-acoes-de-sensibilizacao\/saude\/09\/16\/","title":{"rendered":"Portim\u00e3o assinalou Dia Europeu da Alimenta\u00e7\u00e3o e da Cozinha Saud\u00e1veis com a\u00e7\u00f5es de sensibiliza\u00e7\u00e3o"},"content":{"rendered":"\n<p>Portim\u00e3o assinalou esta segunda-feira, 8 de novembro, o Dia Europeu da Alimenta\u00e7\u00e3o e da Cozinha Saud\u00e1veis com diversas atividades, realizadas ao longo da manh\u00e3 na Quinta Pedag\u00f3gica, que come\u00e7ou com uma aula de \u201cfitness\u201d seguida de um workshop sobre receitas saud\u00e1veis e respetiva degusta\u00e7\u00e3o no \u00e2mbito do Projeto de Inova\u00e7\u00e3o Social \u201cPrato Certo\u201d, do qual a C\u00e2mara Municipal \u00e9 parceira em conjunto com a Associa\u00e7\u00e3o In Loco.<\/p>\n\n\n\n<p>Participaram&nbsp;ativamente nesta manh\u00e3 saud\u00e1vel, utentes dos Centros de Conv\u00edvio S\u00e9nior e Centros Comunit\u00e1rios de Portim\u00e3o, assim como alunos seniores do Programa Exerc\u00edcio e Sa\u00fade e meninos e meninas do Lar da Crian\u00e7a de Portim\u00e3o, num total de 119 participantes, aos quais se juntaram&nbsp;o vice-presidente da C\u00e2mara de Portim\u00e3o, \u00c1lvaro Bila, e a vereadora com o pelouro do Desporto, A\u00e7\u00e3o Social e Sa\u00fade, Teresa Mendes.<\/p>\n\n\n\n<p>A efem\u00e9ride faz parte de uma campanha da Uni\u00e3o Europeia que visa combater a obesidade, incentivando os cidad\u00e3os comunit\u00e1rios a optarem por um regime alimentar equilibrado e a fazerem mais exerc\u00edcio f\u00edsico.&nbsp;<\/p>\n\n\n\n<p><strong>Comida \u00e0 mesa apetitosa e saud\u00e1vel<\/strong><\/p>\n\n\n\n<p>O projeto \u201cPrato Certo\u201d, cuja candidatura foi aprovada pelo CRESC Algarve \u2013 Portugal Inova\u00e7\u00e3o Social, tem a dura\u00e7\u00e3o de tr\u00eas anos, sendo o Munic\u00edpio de Portim\u00e3o um dos membros cofinanciadores, juntamente com mais 15 autarquias.<\/p>\n\n\n\n<p>Desde 2019, e at\u00e9 final do ano em curso, ser\u00e3o concretizadas no concelho um total de 36 sess\u00f5es direcionadas a p\u00fablicos priorit\u00e1rios (alunos das escolas, seniores, t\u00e9cnicos e fam\u00edlias vulner\u00e1veis) e \u00e0 comunidade em geral, no sentido de&nbsp;colocar a alimenta\u00e7\u00e3o saud\u00e1vel, econ\u00f3mica e apetitosa no centro da vida das pessoas, dotando-as de ideias e instrumentos que contribuam para escolhas certas \u00e0 mesa.&nbsp;<\/p>\n\n\n\n<p>Apesar das limita\u00e7\u00f5es motivadas pela Covid-19, foram desenvolvidas atividades sob os temas \u201cHorta dos Temperos\u201d, Planeamento Refei\u00e7\u00f5es\u201d, \u201cAn\u00e1lise de R\u00f3tulos\u201d e \u201cReceitas com cabazes\u201d junto dos utentes dos Centros de Conv\u00edvio S\u00e9nior de Portim\u00e3o, Centro Conv\u00edvio S\u00e9nior da Aldeia das Sobreiras, Lar da Crian\u00e7a de Portim\u00e3o, C\u00e1ritas, Santa Casa da Miseric\u00f3rdia de Alvor e Santa Casa da Miseric\u00f3rdia de Portim\u00e3o.<\/p>\n\n\n\n<p>Destaca-se a distribui\u00e7\u00e3o de \u201cReceitas com cabazes\u201d dirigidas a benefici\u00e1rios de cabazes alimentares, elaboradas com base nos produtos oferecidos, bem como a disponibiliza\u00e7\u00e3o de v\u00e1rias dicas relativas \u00e0 organiza\u00e7\u00e3o de ementas, aproveitamentos e congela\u00e7\u00e3o, al\u00e9m da realiza\u00e7\u00e3o de workshops de alimenta\u00e7\u00e3o destinados a benefici\u00e1rios e utentes da Caritas,&nbsp;GRATO \u2013 Grupo de Apoio aos Toxicodependentes e ADRA \u2013 Associa\u00e7\u00e3o Adventista Para o Desenvolvimento, Recursos e Assist\u00eancia.<\/p>\n\n\n\n<p>At\u00e9 ao final de novembro, est\u00e3o ainda previstos dois workshops, o primeiro direcionado a \u201cpais e filhos\u201d, com dicas de receitas saud\u00e1veis para anivers\u00e1rios, e o segundo direcionado \u00e0 comunidade em geral, sobre receitas para a \u00e9poca natal\u00edcia que se aproxima, sendo as respetivas datas divulgadas oportunamente.<\/p>\n\n\n\n<p>Ainda nesta \u00e1rea, merece refer\u00eancia especial o&nbsp;programa municipal \u201cPortim\u00e3o Saud\u00e1vel &#8211; Nutri\u00e7\u00e3o, Desporto e Sa\u00fade&#8221;, que tem por parceiras algumas entidades, como&nbsp;a Associa\u00e7\u00e3o Flor Dente de Le\u00e3o e a ADRA,&nbsp;visando a realiza\u00e7\u00e3o de workshops sobre alimenta\u00e7\u00e3o saud\u00e1vel.<\/p>\n\n\n\n<p>No \u00e2mbito da promo\u00e7\u00e3o de um estilo de vida saud\u00e1vel e da import\u00e2ncia do exerc\u00edcio f\u00edsico, a autarquia tem vindo a apostar desde 2002 no Programa \u201cExerc\u00edcio e Sa\u00fade\u201d recentemente distinguido com a&nbsp;<strong>Certifica\u00e7\u00e3o de Qualidade por parte da plataforma online Cidade Social<\/strong>, atribu\u00edda no \u00e2mbito dos Munic\u00edpios Amigos do Desporto 2021<strong>.<\/strong><strong><\/strong><\/p>\n\n\n\n<p><strong>O Programa \u201cExerc\u00edcio e Sa\u00fade\u201d conta atualmente com mais de 300 participantes com idade igual ou superior a 60 anos que, de forma regular, frequentam sess\u00f5es de exerc\u00edcio f\u00edsico, na vertente de gin\u00e1stica, hidrogin\u00e1stica, marcha e corrida, e ainda a\u00e7\u00f5es de interc\u00e2mbio com outros munic\u00edpios,&nbsp;<\/strong>o que proporciona a cria\u00e7\u00e3o e o desenvolvimento de adapta\u00e7\u00f5es favor\u00e1veis que contribuem para um envelhecimento saud\u00e1vel.<\/p>\n","protected":false},"excerpt":{"rendered":"<p>Portim\u00e3o assinalou esta segunda-feira, 8 de novembro, o Dia Europeu da Alimenta\u00e7\u00e3o e da Cozinha Saud\u00e1veis com diversas atividades, realizadas<\/p>\n","protected":false},"author":1,"featured_media":12883,"comment_status":"open","ping_status":"open","sticky":false,"template":"","format":"standard","meta":{"colormag_page_container_layout":"default_layout","colormag_page_sidebar_layout":"default_layout","_monsterinsights_skip_tracking":false,"_monsterinsights_sitenote_active":false,"_monsterinsights_sitenote_note":"","_monsterinsights_sitenote_category":0,"jetpack_post_was_ever_published":false,"_jetpack_newsletter_access":"","_jetpack_dont_email_post_to_subs":false,"_jetpack_newsletter_tier_id":0,"_jetpack_memberships_contains_paywalled_content":false,"_jetpack_memberships_contains_paid_content":false,"footnotes":"","jetpack_publicize_message":"","jetpack_publicize_feature_enabled":true,"jetpack_social_post_already_shared":true,"jetpack_social_options":{"image_generator_settings":{"template":"highway","default_image_id":0,"font":"","enabled":false},"version":2}},"categories":[59],"tags":[36,72,58],"class_list":["post-12882","post","type-post","status-publish","format-standard","has-post-thumbnail","hentry","category-saude","tag-algarve","tag-portimao","tag-saude"],"yoast_head":"<!-- This site is optimized with the Yoast SEO plugin v27.5 - https:\/\/yoast.com\/product\/yoast-seo-wordpress\/ -->\n<title>Portim\u00e3o assinalou Dia Europeu da Alimenta\u00e7\u00e3o e da Cozinha Saud\u00e1veis com a\u00e7\u00f5es de sensibiliza\u00e7\u00e3o - Algarve 7<\/title>\n<meta name=\"description\" content=\"Portim\u00e3o assinalou Dia Europeu da Alimenta\u00e7\u00e3o e da Cozinha Saud\u00e1veis com a\u00e7\u00f5es de sensibiliza\u00e7\u00e3o Sa\u00fade\" \/>\n<meta name=\"robots\" content=\"index, follow, max-snippet:-1, max-image-preview:large, max-video-preview:-1\" \/>\n<link rel=\"canonical\" href=\"https:\/\/algarve7.pt\/index.php\/2021\/11\/portimao-assinalou-dia-europeu-da-alimentacao-e-da-cozinha-saudaveis-com-acoes-de-sensibilizacao\/saude\/09\/16\/\" \/>\n<meta property=\"og:locale\" content=\"pt_PT\" \/>\n<meta property=\"og:type\" content=\"article\" \/>\n<meta property=\"og:title\" content=\"Portim\u00e3o assinalou Dia Europeu da Alimenta\u00e7\u00e3o e da Cozinha Saud\u00e1veis com a\u00e7\u00f5es de sensibiliza\u00e7\u00e3o - Algarve 7\" \/>\n<meta property=\"og:description\" content=\"Portim\u00e3o assinalou Dia Europeu da Alimenta\u00e7\u00e3o e da Cozinha Saud\u00e1veis com a\u00e7\u00f5es de sensibiliza\u00e7\u00e3o Sa\u00fade\" \/>\n<meta property=\"og:url\" content=\"https:\/\/algarve7.pt\/index.php\/2021\/11\/portimao-assinalou-dia-europeu-da-alimentacao-e-da-cozinha-saudaveis-com-acoes-de-sensibilizacao\/saude\/09\/16\/\" \/>\n<meta property=\"og:site_name\" content=\"Algarve 7\" \/>\n<meta property=\"article:publisher\" content=\"https:\/\/www.facebook.com\/algarve7\" \/>\n<meta property=\"article:author\" content=\"https:\/\/www.facebook.com\/algarve7\" \/>\n<meta property=\"article:published_time\" content=\"2021-11-09T09:16:00+00:00\" \/>\n<meta property=\"og:image\" content=\"https:\/\/algarve7.pt\/wp-content\/uploads\/2021\/11\/Dia-Europeu-da-Alimentacao-e-C-ozinha-Saudaveis_-Workshop-Receitas-Saudaveis-O-Prato-Certo@Qu-inta-Pedagogica-de-Portimao.jpg\" \/>\n\t<meta property=\"og:image:width\" content=\"1300\" \/>\n\t<meta property=\"og:image:height\" content=\"867\" \/>\n\t<meta property=\"og:image:type\" content=\"image\/jpeg\" \/>\n<meta name=\"author\" content=\"Algarve 7\" \/>\n<meta name=\"twitter:card\" content=\"summary_large_image\" \/>\n<meta name=\"twitter:creator\" content=\"@Algarvesete\" \/>\n<meta name=\"twitter:site\" content=\"@Algarvesete\" \/>\n<meta name=\"twitter:label1\" content=\"Escrito por\" \/>\n\t<meta name=\"twitter:data1\" content=\"Algarve 7\" \/>\n\t<meta name=\"twitter:label2\" content=\"Tempo estimado de leitura\" \/>\n\t<meta name=\"twitter:data2\" content=\"3 minutos\" \/>\n<script type=\"application\/ld+json\" class=\"yoast-schema-graph\">{\"@context\":\"https:\\\/\\\/schema.org\",\"@graph\":[{\"@type\":\"Article\",\"@id\":\"https:\\\/\\\/algarve7.pt\\\/index.php\\\/2021\\\/11\\\/portimao-assinalou-dia-europeu-da-alimentacao-e-da-cozinha-saudaveis-com-acoes-de-sensibilizacao\\\/saude\\\/09\\\/16\\\/#article\",\"isPartOf\":{\"@id\":\"https:\\\/\\\/algarve7.pt\\\/index.php\\\/2021\\\/11\\\/portimao-assinalou-dia-europeu-da-alimentacao-e-da-cozinha-saudaveis-com-acoes-de-sensibilizacao\\\/saude\\\/09\\\/16\\\/\"},\"author\":{\"name\":\"Algarve 7\",\"@id\":\"https:\\\/\\\/algarve7.pt\\\/#\\\/schema\\\/person\\\/23fa70681308e7b319a3204bcea45e0c\"},\"headline\":\"Portim\u00e3o assinalou Dia Europeu da Alimenta\u00e7\u00e3o e da Cozinha Saud\u00e1veis com a\u00e7\u00f5es de sensibiliza\u00e7\u00e3o\",\"datePublished\":\"2021-11-09T09:16:00+00:00\",\"mainEntityOfPage\":{\"@id\":\"https:\\\/\\\/algarve7.pt\\\/index.php\\\/2021\\\/11\\\/portimao-assinalou-dia-europeu-da-alimentacao-e-da-cozinha-saudaveis-com-acoes-de-sensibilizacao\\\/saude\\\/09\\\/16\\\/\"},\"wordCount\":718,\"commentCount\":0,\"publisher\":{\"@id\":\"https:\\\/\\\/algarve7.pt\\\/#organization\"},\"image\":{\"@id\":\"https:\\\/\\\/algarve7.pt\\\/index.php\\\/2021\\\/11\\\/portimao-assinalou-dia-europeu-da-alimentacao-e-da-cozinha-saudaveis-com-acoes-de-sensibilizacao\\\/saude\\\/09\\\/16\\\/#primaryimage\"},\"thumbnailUrl\":\"https:\\\/\\\/algarve7.pt\\\/wp-content\\\/uploads\\\/2021\\\/11\\\/Dia-Europeu-da-Alimentacao-e-C-ozinha-Saudaveis_-Workshop-Receitas-Saudaveis-O-Prato-Certo@Qu-inta-Pedagogica-de-Portimao.jpg\",\"keywords\":[\"Algarve\",\"Portim\u00e3o\",\"Sa\u00fade\"],\"articleSection\":[\"Sa\u00fade\"],\"inLanguage\":\"pt-PT\",\"potentialAction\":[{\"@type\":\"CommentAction\",\"name\":\"Comment\",\"target\":[\"https:\\\/\\\/algarve7.pt\\\/index.php\\\/2021\\\/11\\\/portimao-assinalou-dia-europeu-da-alimentacao-e-da-cozinha-saudaveis-com-acoes-de-sensibilizacao\\\/saude\\\/09\\\/16\\\/#respond\"]}]},{\"@type\":\"WebPage\",\"@id\":\"https:\\\/\\\/algarve7.pt\\\/index.php\\\/2021\\\/11\\\/portimao-assinalou-dia-europeu-da-alimentacao-e-da-cozinha-saudaveis-com-acoes-de-sensibilizacao\\\/saude\\\/09\\\/16\\\/\",\"url\":\"https:\\\/\\\/algarve7.pt\\\/index.php\\\/2021\\\/11\\\/portimao-assinalou-dia-europeu-da-alimentacao-e-da-cozinha-saudaveis-com-acoes-de-sensibilizacao\\\/saude\\\/09\\\/16\\\/\",\"name\":\"Portim\u00e3o assinalou Dia Europeu da Alimenta\u00e7\u00e3o e da Cozinha Saud\u00e1veis com a\u00e7\u00f5es de sensibiliza\u00e7\u00e3o - Algarve 7\",\"isPartOf\":{\"@id\":\"https:\\\/\\\/algarve7.pt\\\/#website\"},\"primaryImageOfPage\":{\"@id\":\"https:\\\/\\\/algarve7.pt\\\/index.php\\\/2021\\\/11\\\/portimao-assinalou-dia-europeu-da-alimentacao-e-da-cozinha-saudaveis-com-acoes-de-sensibilizacao\\\/saude\\\/09\\\/16\\\/#primaryimage\"},\"image\":{\"@id\":\"https:\\\/\\\/algarve7.pt\\\/index.php\\\/2021\\\/11\\\/portimao-assinalou-dia-europeu-da-alimentacao-e-da-cozinha-saudaveis-com-acoes-de-sensibilizacao\\\/saude\\\/09\\\/16\\\/#primaryimage\"},\"thumbnailUrl\":\"https:\\\/\\\/algarve7.pt\\\/wp-content\\\/uploads\\\/2021\\\/11\\\/Dia-Europeu-da-Alimentacao-e-C-ozinha-Saudaveis_-Workshop-Receitas-Saudaveis-O-Prato-Certo@Qu-inta-Pedagogica-de-Portimao.jpg\",\"datePublished\":\"2021-11-09T09:16:00+00:00\",\"description\":\"Portim\u00e3o assinalou Dia Europeu da Alimenta\u00e7\u00e3o e da Cozinha Saud\u00e1veis com a\u00e7\u00f5es de sensibiliza\u00e7\u00e3o Sa\u00fade\",\"breadcrumb\":{\"@id\":\"https:\\\/\\\/algarve7.pt\\\/index.php\\\/2021\\\/11\\\/portimao-assinalou-dia-europeu-da-alimentacao-e-da-cozinha-saudaveis-com-acoes-de-sensibilizacao\\\/saude\\\/09\\\/16\\\/#breadcrumb\"},\"inLanguage\":\"pt-PT\",\"potentialAction\":[{\"@type\":\"ReadAction\",\"target\":[\"https:\\\/\\\/algarve7.pt\\\/index.php\\\/2021\\\/11\\\/portimao-assinalou-dia-europeu-da-alimentacao-e-da-cozinha-saudaveis-com-acoes-de-sensibilizacao\\\/saude\\\/09\\\/16\\\/\"]}]},{\"@type\":\"ImageObject\",\"inLanguage\":\"pt-PT\",\"@id\":\"https:\\\/\\\/algarve7.pt\\\/index.php\\\/2021\\\/11\\\/portimao-assinalou-dia-europeu-da-alimentacao-e-da-cozinha-saudaveis-com-acoes-de-sensibilizacao\\\/saude\\\/09\\\/16\\\/#primaryimage\",\"url\":\"https:\\\/\\\/algarve7.pt\\\/wp-content\\\/uploads\\\/2021\\\/11\\\/Dia-Europeu-da-Alimentacao-e-C-ozinha-Saudaveis_-Workshop-Receitas-Saudaveis-O-Prato-Certo@Qu-inta-Pedagogica-de-Portimao.jpg\",\"contentUrl\":\"https:\\\/\\\/algarve7.pt\\\/wp-content\\\/uploads\\\/2021\\\/11\\\/Dia-Europeu-da-Alimentacao-e-C-ozinha-Saudaveis_-Workshop-Receitas-Saudaveis-O-Prato-Certo@Qu-inta-Pedagogica-de-Portimao.jpg\",\"width\":1300,\"height\":867},{\"@type\":\"BreadcrumbList\",\"@id\":\"https:\\\/\\\/algarve7.pt\\\/index.php\\\/2021\\\/11\\\/portimao-assinalou-dia-europeu-da-alimentacao-e-da-cozinha-saudaveis-com-acoes-de-sensibilizacao\\\/saude\\\/09\\\/16\\\/#breadcrumb\",\"itemListElement\":[{\"@type\":\"ListItem\",\"position\":1,\"name\":\"In\u00edcio\",\"item\":\"https:\\\/\\\/algarve7.pt\\\/\"},{\"@type\":\"ListItem\",\"position\":2,\"name\":\"Portim\u00e3o assinalou Dia Europeu da Alimenta\u00e7\u00e3o e da Cozinha Saud\u00e1veis com a\u00e7\u00f5es de sensibiliza\u00e7\u00e3o\"}]},{\"@type\":\"WebSite\",\"@id\":\"https:\\\/\\\/algarve7.pt\\\/#website\",\"url\":\"https:\\\/\\\/algarve7.pt\\\/\",\"name\":\"Algarve 7\",\"description\":\"Informa\u00e7\u00e3o sobre o Algarve\",\"publisher\":{\"@id\":\"https:\\\/\\\/algarve7.pt\\\/#organization\"},\"potentialAction\":[{\"@type\":\"SearchAction\",\"target\":{\"@type\":\"EntryPoint\",\"urlTemplate\":\"https:\\\/\\\/algarve7.pt\\\/?s={search_term_string}\"},\"query-input\":{\"@type\":\"PropertyValueSpecification\",\"valueRequired\":true,\"valueName\":\"search_term_string\"}}],\"inLanguage\":\"pt-PT\"},{\"@type\":\"Organization\",\"@id\":\"https:\\\/\\\/algarve7.pt\\\/#organization\",\"name\":\"Algarve 7\",\"url\":\"https:\\\/\\\/algarve7.pt\\\/\",\"logo\":{\"@type\":\"ImageObject\",\"inLanguage\":\"pt-PT\",\"@id\":\"https:\\\/\\\/algarve7.pt\\\/#\\\/schema\\\/logo\\\/image\\\/\",\"url\":\"https:\\\/\\\/algarve7.pt\\\/wp-content\\\/uploads\\\/2020\\\/10\\\/Logo-8.jpg\",\"contentUrl\":\"https:\\\/\\\/algarve7.pt\\\/wp-content\\\/uploads\\\/2020\\\/10\\\/Logo-8.jpg\",\"width\":1680,\"height\":1186,\"caption\":\"Algarve 7\"},\"image\":{\"@id\":\"https:\\\/\\\/algarve7.pt\\\/#\\\/schema\\\/logo\\\/image\\\/\"},\"sameAs\":[\"https:\\\/\\\/www.facebook.com\\\/algarve7\",\"https:\\\/\\\/x.com\\\/Algarvesete\",\"https:\\\/\\\/www.instagram.com\\\/jornalalgarve7\\\/\",\"https:\\\/\\\/www.linkedin.com\\\/company\\\/algarve7\",\"https:\\\/\\\/www.pinterest.pt\\\/geral0939\\\/_created\\\/\"]},{\"@type\":\"Person\",\"@id\":\"https:\\\/\\\/algarve7.pt\\\/#\\\/schema\\\/person\\\/23fa70681308e7b319a3204bcea45e0c\",\"name\":\"Algarve 7\",\"sameAs\":[\"https:\\\/\\\/algarve7.pt\",\"https:\\\/\\\/www.facebook.com\\\/algarve7\"],\"url\":\"https:\\\/\\\/algarve7.pt\\\/index.php\\\/author\\\/geralalgarve7-pt\\\/\"}]}<\/script>\n<!-- \/ Yoast SEO plugin. -->","yoast_head_json":{"title":"Portim\u00e3o assinalou Dia Europeu da Alimenta\u00e7\u00e3o e da Cozinha Saud\u00e1veis com a\u00e7\u00f5es de sensibiliza\u00e7\u00e3o - Algarve 7","description":"Portim\u00e3o assinalou Dia Europeu da Alimenta\u00e7\u00e3o e da Cozinha Saud\u00e1veis com a\u00e7\u00f5es de sensibiliza\u00e7\u00e3o Sa\u00fade","robots":{"index":"index","follow":"follow","max-snippet":"max-snippet:-1","max-image-preview":"max-image-preview:large","max-video-preview":"max-video-preview:-1"},"canonical":"https:\/\/algarve7.pt\/index.php\/2021\/11\/portimao-assinalou-dia-europeu-da-alimentacao-e-da-cozinha-saudaveis-com-acoes-de-sensibilizacao\/saude\/09\/16\/","og_locale":"pt_PT","og_type":"article","og_title":"Portim\u00e3o assinalou Dia Europeu da Alimenta\u00e7\u00e3o e da Cozinha Saud\u00e1veis com a\u00e7\u00f5es de sensibiliza\u00e7\u00e3o - Algarve 7","og_description":"Portim\u00e3o assinalou Dia Europeu da Alimenta\u00e7\u00e3o e da Cozinha Saud\u00e1veis com a\u00e7\u00f5es de sensibiliza\u00e7\u00e3o Sa\u00fade","og_url":"https:\/\/algarve7.pt\/index.php\/2021\/11\/portimao-assinalou-dia-europeu-da-alimentacao-e-da-cozinha-saudaveis-com-acoes-de-sensibilizacao\/saude\/09\/16\/","og_site_name":"Algarve 7","article_publisher":"https:\/\/www.facebook.com\/algarve7","article_author":"https:\/\/www.facebook.com\/algarve7","article_published_time":"2021-11-09T09:16:00+00:00","og_image":[{"width":1300,"height":867,"url":"https:\/\/algarve7.pt\/wp-content\/uploads\/2021\/11\/Dia-Europeu-da-Alimentacao-e-C-ozinha-Saudaveis_-Workshop-Receitas-Saudaveis-O-Prato-Certo@Qu-inta-Pedagogica-de-Portimao.jpg","type":"image\/jpeg"}],"author":"Algarve 7","twitter_card":"summary_large_image","twitter_creator":"@Algarvesete","twitter_site":"@Algarvesete","twitter_misc":{"Escrito por":"Algarve 7","Tempo estimado de leitura":"3 minutos"},"schema":{"@context":"https:\/\/schema.org","@graph":[{"@type":"Article","@id":"https:\/\/algarve7.pt\/index.php\/2021\/11\/portimao-assinalou-dia-europeu-da-alimentacao-e-da-cozinha-saudaveis-com-acoes-de-sensibilizacao\/saude\/09\/16\/#article","isPartOf":{"@id":"https:\/\/algarve7.pt\/index.php\/2021\/11\/portimao-assinalou-dia-europeu-da-alimentacao-e-da-cozinha-saudaveis-com-acoes-de-sensibilizacao\/saude\/09\/16\/"},"author":{"name":"Algarve 7","@id":"https:\/\/algarve7.pt\/#\/schema\/person\/23fa70681308e7b319a3204bcea45e0c"},"headline":"Portim\u00e3o assinalou Dia Europeu da Alimenta\u00e7\u00e3o e da Cozinha Saud\u00e1veis com a\u00e7\u00f5es de sensibiliza\u00e7\u00e3o","datePublished":"2021-11-09T09:16:00+00:00","mainEntityOfPage":{"@id":"https:\/\/algarve7.pt\/index.php\/2021\/11\/portimao-assinalou-dia-europeu-da-alimentacao-e-da-cozinha-saudaveis-com-acoes-de-sensibilizacao\/saude\/09\/16\/"},"wordCount":718,"commentCount":0,"publisher":{"@id":"https:\/\/algarve7.pt\/#organization"},"image":{"@id":"https:\/\/algarve7.pt\/index.php\/2021\/11\/portimao-assinalou-dia-europeu-da-alimentacao-e-da-cozinha-saudaveis-com-acoes-de-sensibilizacao\/saude\/09\/16\/#primaryimage"},"thumbnailUrl":"https:\/\/algarve7.pt\/wp-content\/uploads\/2021\/11\/Dia-Europeu-da-Alimentacao-e-C-ozinha-Saudaveis_-Workshop-Receitas-Saudaveis-O-Prato-Certo@Qu-inta-Pedagogica-de-Portimao.jpg","keywords":["Algarve","Portim\u00e3o","Sa\u00fade"],"articleSection":["Sa\u00fade"],"inLanguage":"pt-PT","potentialAction":[{"@type":"CommentAction","name":"Comment","target":["https:\/\/algarve7.pt\/index.php\/2021\/11\/portimao-assinalou-dia-europeu-da-alimentacao-e-da-cozinha-saudaveis-com-acoes-de-sensibilizacao\/saude\/09\/16\/#respond"]}]},{"@type":"WebPage","@id":"https:\/\/algarve7.pt\/index.php\/2021\/11\/portimao-assinalou-dia-europeu-da-alimentacao-e-da-cozinha-saudaveis-com-acoes-de-sensibilizacao\/saude\/09\/16\/","url":"https:\/\/algarve7.pt\/index.php\/2021\/11\/portimao-assinalou-dia-europeu-da-alimentacao-e-da-cozinha-saudaveis-com-acoes-de-sensibilizacao\/saude\/09\/16\/","name":"Portim\u00e3o assinalou Dia Europeu da Alimenta\u00e7\u00e3o e da Cozinha Saud\u00e1veis com a\u00e7\u00f5es de sensibiliza\u00e7\u00e3o - Algarve 7","isPartOf":{"@id":"https:\/\/algarve7.pt\/#website"},"primaryImageOfPage":{"@id":"https:\/\/algarve7.pt\/index.php\/2021\/11\/portimao-assinalou-dia-europeu-da-alimentacao-e-da-cozinha-saudaveis-com-acoes-de-sensibilizacao\/saude\/09\/16\/#primaryimage"},"image":{"@id":"https:\/\/algarve7.pt\/index.php\/2021\/11\/portimao-assinalou-dia-europeu-da-alimentacao-e-da-cozinha-saudaveis-com-acoes-de-sensibilizacao\/saude\/09\/16\/#primaryimage"},"thumbnailUrl":"https:\/\/algarve7.pt\/wp-content\/uploads\/2021\/11\/Dia-Europeu-da-Alimentacao-e-C-ozinha-Saudaveis_-Workshop-Receitas-Saudaveis-O-Prato-Certo@Qu-inta-Pedagogica-de-Portimao.jpg","datePublished":"2021-11-09T09:16:00+00:00","description":"Portim\u00e3o assinalou Dia Europeu da Alimenta\u00e7\u00e3o e da Cozinha Saud\u00e1veis com a\u00e7\u00f5es de sensibiliza\u00e7\u00e3o Sa\u00fade","breadcrumb":{"@id":"https:\/\/algarve7.pt\/index.php\/2021\/11\/portimao-assinalou-dia-europeu-da-alimentacao-e-da-cozinha-saudaveis-com-acoes-de-sensibilizacao\/saude\/09\/16\/#breadcrumb"},"inLanguage":"pt-PT","potentialAction":[{"@type":"ReadAction","target":["https:\/\/algarve7.pt\/index.php\/2021\/11\/portimao-assinalou-dia-europeu-da-alimentacao-e-da-cozinha-saudaveis-com-acoes-de-sensibilizacao\/saude\/09\/16\/"]}]},{"@type":"ImageObject","inLanguage":"pt-PT","@id":"https:\/\/algarve7.pt\/index.php\/2021\/11\/portimao-assinalou-dia-europeu-da-alimentacao-e-da-cozinha-saudaveis-com-acoes-de-sensibilizacao\/saude\/09\/16\/#primaryimage","url":"https:\/\/algarve7.pt\/wp-content\/uploads\/2021\/11\/Dia-Europeu-da-Alimentacao-e-C-ozinha-Saudaveis_-Workshop-Receitas-Saudaveis-O-Prato-Certo@Qu-inta-Pedagogica-de-Portimao.jpg","contentUrl":"https:\/\/algarve7.pt\/wp-content\/uploads\/2021\/11\/Dia-Europeu-da-Alimentacao-e-C-ozinha-Saudaveis_-Workshop-Receitas-Saudaveis-O-Prato-Certo@Qu-inta-Pedagogica-de-Portimao.jpg","width":1300,"height":867},{"@type":"BreadcrumbList","@id":"https:\/\/algarve7.pt\/index.php\/2021\/11\/portimao-assinalou-dia-europeu-da-alimentacao-e-da-cozinha-saudaveis-com-acoes-de-sensibilizacao\/saude\/09\/16\/#breadcrumb","itemListElement":[{"@type":"ListItem","position":1,"name":"In\u00edcio","item":"https:\/\/algarve7.pt\/"},{"@type":"ListItem","position":2,"name":"Portim\u00e3o assinalou Dia Europeu da Alimenta\u00e7\u00e3o e da Cozinha Saud\u00e1veis com a\u00e7\u00f5es de sensibiliza\u00e7\u00e3o"}]},{"@type":"WebSite","@id":"https:\/\/algarve7.pt\/#website","url":"https:\/\/algarve7.pt\/","name":"Algarve 7","description":"Informa\u00e7\u00e3o sobre o Algarve","publisher":{"@id":"https:\/\/algarve7.pt\/#organization"},"potentialAction":[{"@type":"SearchAction","target":{"@type":"EntryPoint","urlTemplate":"https:\/\/algarve7.pt\/?s={search_term_string}"},"query-input":{"@type":"PropertyValueSpecification","valueRequired":true,"valueName":"search_term_string"}}],"inLanguage":"pt-PT"},{"@type":"Organization","@id":"https:\/\/algarve7.pt\/#organization","name":"Algarve 7","url":"https:\/\/algarve7.pt\/","logo":{"@type":"ImageObject","inLanguage":"pt-PT","@id":"https:\/\/algarve7.pt\/#\/schema\/logo\/image\/","url":"https:\/\/algarve7.pt\/wp-content\/uploads\/2020\/10\/Logo-8.jpg","contentUrl":"https:\/\/algarve7.pt\/wp-content\/uploads\/2020\/10\/Logo-8.jpg","width":1680,"height":1186,"caption":"Algarve 7"},"image":{"@id":"https:\/\/algarve7.pt\/#\/schema\/logo\/image\/"},"sameAs":["https:\/\/www.facebook.com\/algarve7","https:\/\/x.com\/Algarvesete","https:\/\/www.instagram.com\/jornalalgarve7\/","https:\/\/www.linkedin.com\/company\/algarve7","https:\/\/www.pinterest.pt\/geral0939\/_created\/"]},{"@type":"Person","@id":"https:\/\/algarve7.pt\/#\/schema\/person\/23fa70681308e7b319a3204bcea45e0c","name":"Algarve 7","sameAs":["https:\/\/algarve7.pt","https:\/\/www.facebook.com\/algarve7"],"url":"https:\/\/algarve7.pt\/index.php\/author\/geralalgarve7-pt\/"}]}},"jetpack_publicize_connections":[],"jetpack_featured_media_url":"https:\/\/algarve7.pt\/wp-content\/uploads\/2021\/11\/Dia-Europeu-da-Alimentacao-e-C-ozinha-Saudaveis_-Workshop-Receitas-Saudaveis-O-Prato-Certo@Qu-inta-Pedagogica-de-Portimao.jpg","jetpack_shortlink":"https:\/\/wp.me\/pcezmW-3lM","jetpack_sharing_enabled":true,"_links":{"self":[{"href":"https:\/\/algarve7.pt\/index.php\/wp-json\/wp\/v2\/posts\/12882","targetHints":{"allow":["GET"]}}],"collection":[{"href":"https:\/\/algarve7.pt\/index.php\/wp-json\/wp\/v2\/posts"}],"about":[{"href":"https:\/\/algarve7.pt\/index.php\/wp-json\/wp\/v2\/types\/post"}],"author":[{"embeddable":true,"href":"https:\/\/algarve7.pt\/index.php\/wp-json\/wp\/v2\/users\/1"}],"replies":[{"embeddable":true,"href":"https:\/\/algarve7.pt\/index.php\/wp-json\/wp\/v2\/comments?post=12882"}],"version-history":[{"count":0,"href":"https:\/\/algarve7.pt\/index.php\/wp-json\/wp\/v2\/posts\/12882\/revisions"}],"wp:featuredmedia":[{"embeddable":true,"href":"https:\/\/algarve7.pt\/index.php\/wp-json\/wp\/v2\/media\/12883"}],"wp:attachment":[{"href":"https:\/\/algarve7.pt\/index.php\/wp-json\/wp\/v2\/media?parent=12882"}],"wp:term":[{"taxonomy":"category","embeddable":true,"href":"https:\/\/algarve7.pt\/index.php\/wp-json\/wp\/v2\/categories?post=12882"},{"taxonomy":"post_tag","embeddable":true,"href":"https:\/\/algarve7.pt\/index.php\/wp-json\/wp\/v2\/tags?post=12882"}],"curies":[{"name":"wp","href":"https:\/\/api.w.org\/{rel}","templated":true}]}}