{"id":12879,"date":"2021-11-09T08:00:00","date_gmt":"2021-11-09T08:00:00","guid":{"rendered":"https:\/\/algarve7.pt\/?p=12879"},"modified":"2021-11-08T18:16:05","modified_gmt":"2021-11-08T18:16:05","slug":"investigadores-estudam-larvas-selvagens-de-polvo-na-costa-galega-e-portugues","status":"publish","type":"post","link":"https:\/\/algarve7.pt\/index.php\/2021\/11\/investigadores-estudam-larvas-selvagens-de-polvo-na-costa-galega-e-portugues\/nacional\/08\/00\/","title":{"rendered":"Investigadores estudam larvas selvagens de polvo na costa galega e portugues"},"content":{"rendered":"\n<p>Dezoito cientistas, entre os quais a investigadora Ana Moreno do IPMA, estiveram a bordo do navio oceanogr\u00e1fico \u201cSarmiento de Gamboa\u201d a estudar as paralarvas do polvo para resolver as dificuldades que continuam a dificultar o desenvolvimento de um &#8220;cultivo industrial sustent\u00e1vel&#8221; da esp\u00e9cie. A campanha ECOSUMA, liderada pelo Instituto de Investigaciones Marinas-CSIC, revelar\u00e1 pela primeira vez o que acontece nos estados iniciais do desenvolvimento do polvo-comum, Octopus vulgaris, quando migra das zonas de desova costeiras para \u00e1guas mais distantes.<\/p>\n\n\n\n<p>A expedi\u00e7\u00e3o, na qual participaram tamb\u00e9m o IEO-CSIC, a Universidade de Vigo, o Instituto Portugu\u00eas do Mar e da Atmosfera (IPMA) e o grupo Profand, foi liderada por \u00c1ngel Gonz\u00e1lez, coordenador do grupo Ecobiomar que conduz h\u00e1 duas d\u00e9cadas estudos pioneiros sobre larvas de polvo em ambiente natural. Na campanha ECOSUMA, que decorreu entre 25 de outubro e 4 de novembro em \u00e1guas da Galiza e de Portugal, os cientistas capturaram com uma rede de pl\u00e2ncton multi-manga as paralarvas mais velhas do polvo que v\u00e3o para o alto mar para &#8220;completar o seu ciclo de vida planct\u00f3nico&#8221;. Os dados biol\u00f3gicos e hidrogr\u00e1ficos recolhidos nesta campanha v\u00e3o contribuir, quer para o conhecimento da influ\u00eancia oceanogr\u00e1fica nas migra\u00e7\u00f5es da fase planct\u00f3nica, uma parte ainda desconhecida do ciclo de vida, quer para caracterizar a alimenta\u00e7\u00e3o das paralarvas em meio selvagem com vista ao melhoramento do cultivo do polvo.<\/p>\n","protected":false},"excerpt":{"rendered":"<p>Dezoito cientistas, entre os quais a investigadora Ana Moreno do IPMA, estiveram a bordo do navio oceanogr\u00e1fico \u201cSarmiento de Gamboa\u201d<\/p>\n","protected":false},"author":1,"featured_media":12880,"comment_status":"open","ping_status":"open","sticky":false,"template":"","format":"standard","meta":{"colormag_page_container_layout":"default_layout","colormag_page_sidebar_layout":"default_layout","_monsterinsights_skip_tracking":false,"_monsterinsights_sitenote_active":false,"_monsterinsights_sitenote_note":"","_monsterinsights_sitenote_category":0,"jetpack_post_was_ever_published":false,"_jetpack_newsletter_access":"","_jetpack_dont_email_post_to_subs":false,"_jetpack_newsletter_tier_id":0,"_jetpack_memberships_contains_paywalled_content":false,"_jetpack_memberships_contains_paid_content":false,"footnotes":"","jetpack_publicize_message":"","jetpack_publicize_feature_enabled":true,"jetpack_social_post_already_shared":true,"jetpack_social_options":{"image_generator_settings":{"template":"highway","default_image_id":0,"font":"","enabled":false},"version":2}},"categories":[189],"tags":[62,147,98],"class_list":["post-12879","post","type-post","status-publish","format-standard","has-post-thumbnail","hentry","category-nacional","tag-atualidade","tag-ipma","tag-nacional"],"yoast_head":"<!-- This site is optimized with the Yoast SEO plugin v27.5 - https:\/\/yoast.com\/product\/yoast-seo-wordpress\/ -->\n<title>Investigadores estudam larvas selvagens de polvo na costa galega e portugues - Algarve 7<\/title>\n<meta name=\"description\" content=\"Investigadores estudam larvas selvagens de polvo na costa galega e portugues Nacional\" \/>\n<meta name=\"robots\" content=\"index, follow, max-snippet:-1, max-image-preview:large, max-video-preview:-1\" \/>\n<link rel=\"canonical\" href=\"https:\/\/algarve7.pt\/index.php\/2021\/11\/investigadores-estudam-larvas-selvagens-de-polvo-na-costa-galega-e-portugues\/nacional\/08\/00\/\" \/>\n<meta property=\"og:locale\" content=\"pt_PT\" \/>\n<meta property=\"og:type\" content=\"article\" \/>\n<meta property=\"og:title\" content=\"Investigadores estudam larvas selvagens de polvo na costa galega e portugues - Algarve 7\" \/>\n<meta property=\"og:description\" content=\"Investigadores estudam larvas selvagens de polvo na costa galega e portugues Nacional\" \/>\n<meta property=\"og:url\" content=\"https:\/\/algarve7.pt\/index.php\/2021\/11\/investigadores-estudam-larvas-selvagens-de-polvo-na-costa-galega-e-portugues\/nacional\/08\/00\/\" \/>\n<meta property=\"og:site_name\" content=\"Algarve 7\" \/>\n<meta property=\"article:publisher\" content=\"https:\/\/www.facebook.com\/algarve7\" \/>\n<meta property=\"article:author\" content=\"https:\/\/www.facebook.com\/algarve7\" \/>\n<meta property=\"article:published_time\" content=\"2021-11-09T08:00:00+00:00\" \/>\n<meta property=\"og:image\" content=\"https:\/\/algarve7.pt\/wp-content\/uploads\/2021\/11\/Imagem_conjunto_ecosuma.png\" \/>\n\t<meta property=\"og:image:width\" content=\"999\" \/>\n\t<meta property=\"og:image:height\" content=\"964\" \/>\n\t<meta property=\"og:image:type\" content=\"image\/png\" \/>\n<meta name=\"author\" content=\"Algarve 7\" \/>\n<meta name=\"twitter:card\" content=\"summary_large_image\" \/>\n<meta name=\"twitter:creator\" content=\"@Algarvesete\" \/>\n<meta name=\"twitter:site\" content=\"@Algarvesete\" \/>\n<meta name=\"twitter:label1\" content=\"Escrito por\" \/>\n\t<meta name=\"twitter:data1\" content=\"Algarve 7\" \/>\n\t<meta name=\"twitter:label2\" content=\"Tempo estimado de leitura\" \/>\n\t<meta name=\"twitter:data2\" content=\"1 minuto\" \/>\n<script type=\"application\/ld+json\" class=\"yoast-schema-graph\">{\"@context\":\"https:\\\/\\\/schema.org\",\"@graph\":[{\"@type\":\"Article\",\"@id\":\"https:\\\/\\\/algarve7.pt\\\/index.php\\\/2021\\\/11\\\/investigadores-estudam-larvas-selvagens-de-polvo-na-costa-galega-e-portugues\\\/nacional\\\/08\\\/00\\\/#article\",\"isPartOf\":{\"@id\":\"https:\\\/\\\/algarve7.pt\\\/index.php\\\/2021\\\/11\\\/investigadores-estudam-larvas-selvagens-de-polvo-na-costa-galega-e-portugues\\\/nacional\\\/08\\\/00\\\/\"},\"author\":{\"name\":\"Algarve 7\",\"@id\":\"https:\\\/\\\/algarve7.pt\\\/#\\\/schema\\\/person\\\/23fa70681308e7b319a3204bcea45e0c\"},\"headline\":\"Investigadores estudam larvas selvagens de polvo na costa galega e portugues\",\"datePublished\":\"2021-11-09T08:00:00+00:00\",\"mainEntityOfPage\":{\"@id\":\"https:\\\/\\\/algarve7.pt\\\/index.php\\\/2021\\\/11\\\/investigadores-estudam-larvas-selvagens-de-polvo-na-costa-galega-e-portugues\\\/nacional\\\/08\\\/00\\\/\"},\"wordCount\":252,\"commentCount\":0,\"publisher\":{\"@id\":\"https:\\\/\\\/algarve7.pt\\\/#organization\"},\"image\":{\"@id\":\"https:\\\/\\\/algarve7.pt\\\/index.php\\\/2021\\\/11\\\/investigadores-estudam-larvas-selvagens-de-polvo-na-costa-galega-e-portugues\\\/nacional\\\/08\\\/00\\\/#primaryimage\"},\"thumbnailUrl\":\"https:\\\/\\\/algarve7.pt\\\/wp-content\\\/uploads\\\/2021\\\/11\\\/Imagem_conjunto_ecosuma.png\",\"keywords\":[\"Atualidade\",\"IPMA\",\"Nacional\"],\"articleSection\":[\"Nacional\"],\"inLanguage\":\"pt-PT\",\"potentialAction\":[{\"@type\":\"CommentAction\",\"name\":\"Comment\",\"target\":[\"https:\\\/\\\/algarve7.pt\\\/index.php\\\/2021\\\/11\\\/investigadores-estudam-larvas-selvagens-de-polvo-na-costa-galega-e-portugues\\\/nacional\\\/08\\\/00\\\/#respond\"]}]},{\"@type\":\"WebPage\",\"@id\":\"https:\\\/\\\/algarve7.pt\\\/index.php\\\/2021\\\/11\\\/investigadores-estudam-larvas-selvagens-de-polvo-na-costa-galega-e-portugues\\\/nacional\\\/08\\\/00\\\/\",\"url\":\"https:\\\/\\\/algarve7.pt\\\/index.php\\\/2021\\\/11\\\/investigadores-estudam-larvas-selvagens-de-polvo-na-costa-galega-e-portugues\\\/nacional\\\/08\\\/00\\\/\",\"name\":\"Investigadores estudam larvas selvagens de polvo na costa galega e portugues - Algarve 7\",\"isPartOf\":{\"@id\":\"https:\\\/\\\/algarve7.pt\\\/#website\"},\"primaryImageOfPage\":{\"@id\":\"https:\\\/\\\/algarve7.pt\\\/index.php\\\/2021\\\/11\\\/investigadores-estudam-larvas-selvagens-de-polvo-na-costa-galega-e-portugues\\\/nacional\\\/08\\\/00\\\/#primaryimage\"},\"image\":{\"@id\":\"https:\\\/\\\/algarve7.pt\\\/index.php\\\/2021\\\/11\\\/investigadores-estudam-larvas-selvagens-de-polvo-na-costa-galega-e-portugues\\\/nacional\\\/08\\\/00\\\/#primaryimage\"},\"thumbnailUrl\":\"https:\\\/\\\/algarve7.pt\\\/wp-content\\\/uploads\\\/2021\\\/11\\\/Imagem_conjunto_ecosuma.png\",\"datePublished\":\"2021-11-09T08:00:00+00:00\",\"description\":\"Investigadores estudam larvas selvagens de polvo na costa galega e portugues Nacional\",\"breadcrumb\":{\"@id\":\"https:\\\/\\\/algarve7.pt\\\/index.php\\\/2021\\\/11\\\/investigadores-estudam-larvas-selvagens-de-polvo-na-costa-galega-e-portugues\\\/nacional\\\/08\\\/00\\\/#breadcrumb\"},\"inLanguage\":\"pt-PT\",\"potentialAction\":[{\"@type\":\"ReadAction\",\"target\":[\"https:\\\/\\\/algarve7.pt\\\/index.php\\\/2021\\\/11\\\/investigadores-estudam-larvas-selvagens-de-polvo-na-costa-galega-e-portugues\\\/nacional\\\/08\\\/00\\\/\"]}]},{\"@type\":\"ImageObject\",\"inLanguage\":\"pt-PT\",\"@id\":\"https:\\\/\\\/algarve7.pt\\\/index.php\\\/2021\\\/11\\\/investigadores-estudam-larvas-selvagens-de-polvo-na-costa-galega-e-portugues\\\/nacional\\\/08\\\/00\\\/#primaryimage\",\"url\":\"https:\\\/\\\/algarve7.pt\\\/wp-content\\\/uploads\\\/2021\\\/11\\\/Imagem_conjunto_ecosuma.png\",\"contentUrl\":\"https:\\\/\\\/algarve7.pt\\\/wp-content\\\/uploads\\\/2021\\\/11\\\/Imagem_conjunto_ecosuma.png\",\"width\":999,\"height\":964},{\"@type\":\"BreadcrumbList\",\"@id\":\"https:\\\/\\\/algarve7.pt\\\/index.php\\\/2021\\\/11\\\/investigadores-estudam-larvas-selvagens-de-polvo-na-costa-galega-e-portugues\\\/nacional\\\/08\\\/00\\\/#breadcrumb\",\"itemListElement\":[{\"@type\":\"ListItem\",\"position\":1,\"name\":\"In\u00edcio\",\"item\":\"https:\\\/\\\/algarve7.pt\\\/\"},{\"@type\":\"ListItem\",\"position\":2,\"name\":\"Investigadores estudam larvas selvagens de polvo na costa galega e portugues\"}]},{\"@type\":\"WebSite\",\"@id\":\"https:\\\/\\\/algarve7.pt\\\/#website\",\"url\":\"https:\\\/\\\/algarve7.pt\\\/\",\"name\":\"Algarve 7\",\"description\":\"Informa\u00e7\u00e3o sobre o Algarve\",\"publisher\":{\"@id\":\"https:\\\/\\\/algarve7.pt\\\/#organization\"},\"potentialAction\":[{\"@type\":\"SearchAction\",\"target\":{\"@type\":\"EntryPoint\",\"urlTemplate\":\"https:\\\/\\\/algarve7.pt\\\/?s={search_term_string}\"},\"query-input\":{\"@type\":\"PropertyValueSpecification\",\"valueRequired\":true,\"valueName\":\"search_term_string\"}}],\"inLanguage\":\"pt-PT\"},{\"@type\":\"Organization\",\"@id\":\"https:\\\/\\\/algarve7.pt\\\/#organization\",\"name\":\"Algarve 7\",\"url\":\"https:\\\/\\\/algarve7.pt\\\/\",\"logo\":{\"@type\":\"ImageObject\",\"inLanguage\":\"pt-PT\",\"@id\":\"https:\\\/\\\/algarve7.pt\\\/#\\\/schema\\\/logo\\\/image\\\/\",\"url\":\"https:\\\/\\\/algarve7.pt\\\/wp-content\\\/uploads\\\/2020\\\/10\\\/Logo-8.jpg\",\"contentUrl\":\"https:\\\/\\\/algarve7.pt\\\/wp-content\\\/uploads\\\/2020\\\/10\\\/Logo-8.jpg\",\"width\":1680,\"height\":1186,\"caption\":\"Algarve 7\"},\"image\":{\"@id\":\"https:\\\/\\\/algarve7.pt\\\/#\\\/schema\\\/logo\\\/image\\\/\"},\"sameAs\":[\"https:\\\/\\\/www.facebook.com\\\/algarve7\",\"https:\\\/\\\/x.com\\\/Algarvesete\",\"https:\\\/\\\/www.instagram.com\\\/jornalalgarve7\\\/\",\"https:\\\/\\\/www.linkedin.com\\\/company\\\/algarve7\",\"https:\\\/\\\/www.pinterest.pt\\\/geral0939\\\/_created\\\/\"]},{\"@type\":\"Person\",\"@id\":\"https:\\\/\\\/algarve7.pt\\\/#\\\/schema\\\/person\\\/23fa70681308e7b319a3204bcea45e0c\",\"name\":\"Algarve 7\",\"sameAs\":[\"https:\\\/\\\/algarve7.pt\",\"https:\\\/\\\/www.facebook.com\\\/algarve7\"],\"url\":\"https:\\\/\\\/algarve7.pt\\\/index.php\\\/author\\\/geralalgarve7-pt\\\/\"}]}<\/script>\n<!-- \/ Yoast SEO plugin. -->","yoast_head_json":{"title":"Investigadores estudam larvas selvagens de polvo na costa galega e portugues - Algarve 7","description":"Investigadores estudam larvas selvagens de polvo na costa galega e portugues Nacional","robots":{"index":"index","follow":"follow","max-snippet":"max-snippet:-1","max-image-preview":"max-image-preview:large","max-video-preview":"max-video-preview:-1"},"canonical":"https:\/\/algarve7.pt\/index.php\/2021\/11\/investigadores-estudam-larvas-selvagens-de-polvo-na-costa-galega-e-portugues\/nacional\/08\/00\/","og_locale":"pt_PT","og_type":"article","og_title":"Investigadores estudam larvas selvagens de polvo na costa galega e portugues - Algarve 7","og_description":"Investigadores estudam larvas selvagens de polvo na costa galega e portugues Nacional","og_url":"https:\/\/algarve7.pt\/index.php\/2021\/11\/investigadores-estudam-larvas-selvagens-de-polvo-na-costa-galega-e-portugues\/nacional\/08\/00\/","og_site_name":"Algarve 7","article_publisher":"https:\/\/www.facebook.com\/algarve7","article_author":"https:\/\/www.facebook.com\/algarve7","article_published_time":"2021-11-09T08:00:00+00:00","og_image":[{"width":999,"height":964,"url":"https:\/\/algarve7.pt\/wp-content\/uploads\/2021\/11\/Imagem_conjunto_ecosuma.png","type":"image\/png"}],"author":"Algarve 7","twitter_card":"summary_large_image","twitter_creator":"@Algarvesete","twitter_site":"@Algarvesete","twitter_misc":{"Escrito por":"Algarve 7","Tempo estimado de leitura":"1 minuto"},"schema":{"@context":"https:\/\/schema.org","@graph":[{"@type":"Article","@id":"https:\/\/algarve7.pt\/index.php\/2021\/11\/investigadores-estudam-larvas-selvagens-de-polvo-na-costa-galega-e-portugues\/nacional\/08\/00\/#article","isPartOf":{"@id":"https:\/\/algarve7.pt\/index.php\/2021\/11\/investigadores-estudam-larvas-selvagens-de-polvo-na-costa-galega-e-portugues\/nacional\/08\/00\/"},"author":{"name":"Algarve 7","@id":"https:\/\/algarve7.pt\/#\/schema\/person\/23fa70681308e7b319a3204bcea45e0c"},"headline":"Investigadores estudam larvas selvagens de polvo na costa galega e portugues","datePublished":"2021-11-09T08:00:00+00:00","mainEntityOfPage":{"@id":"https:\/\/algarve7.pt\/index.php\/2021\/11\/investigadores-estudam-larvas-selvagens-de-polvo-na-costa-galega-e-portugues\/nacional\/08\/00\/"},"wordCount":252,"commentCount":0,"publisher":{"@id":"https:\/\/algarve7.pt\/#organization"},"image":{"@id":"https:\/\/algarve7.pt\/index.php\/2021\/11\/investigadores-estudam-larvas-selvagens-de-polvo-na-costa-galega-e-portugues\/nacional\/08\/00\/#primaryimage"},"thumbnailUrl":"https:\/\/algarve7.pt\/wp-content\/uploads\/2021\/11\/Imagem_conjunto_ecosuma.png","keywords":["Atualidade","IPMA","Nacional"],"articleSection":["Nacional"],"inLanguage":"pt-PT","potentialAction":[{"@type":"CommentAction","name":"Comment","target":["https:\/\/algarve7.pt\/index.php\/2021\/11\/investigadores-estudam-larvas-selvagens-de-polvo-na-costa-galega-e-portugues\/nacional\/08\/00\/#respond"]}]},{"@type":"WebPage","@id":"https:\/\/algarve7.pt\/index.php\/2021\/11\/investigadores-estudam-larvas-selvagens-de-polvo-na-costa-galega-e-portugues\/nacional\/08\/00\/","url":"https:\/\/algarve7.pt\/index.php\/2021\/11\/investigadores-estudam-larvas-selvagens-de-polvo-na-costa-galega-e-portugues\/nacional\/08\/00\/","name":"Investigadores estudam larvas selvagens de polvo na costa galega e portugues - Algarve 7","isPartOf":{"@id":"https:\/\/algarve7.pt\/#website"},"primaryImageOfPage":{"@id":"https:\/\/algarve7.pt\/index.php\/2021\/11\/investigadores-estudam-larvas-selvagens-de-polvo-na-costa-galega-e-portugues\/nacional\/08\/00\/#primaryimage"},"image":{"@id":"https:\/\/algarve7.pt\/index.php\/2021\/11\/investigadores-estudam-larvas-selvagens-de-polvo-na-costa-galega-e-portugues\/nacional\/08\/00\/#primaryimage"},"thumbnailUrl":"https:\/\/algarve7.pt\/wp-content\/uploads\/2021\/11\/Imagem_conjunto_ecosuma.png","datePublished":"2021-11-09T08:00:00+00:00","description":"Investigadores estudam larvas selvagens de polvo na costa galega e portugues Nacional","breadcrumb":{"@id":"https:\/\/algarve7.pt\/index.php\/2021\/11\/investigadores-estudam-larvas-selvagens-de-polvo-na-costa-galega-e-portugues\/nacional\/08\/00\/#breadcrumb"},"inLanguage":"pt-PT","potentialAction":[{"@type":"ReadAction","target":["https:\/\/algarve7.pt\/index.php\/2021\/11\/investigadores-estudam-larvas-selvagens-de-polvo-na-costa-galega-e-portugues\/nacional\/08\/00\/"]}]},{"@type":"ImageObject","inLanguage":"pt-PT","@id":"https:\/\/algarve7.pt\/index.php\/2021\/11\/investigadores-estudam-larvas-selvagens-de-polvo-na-costa-galega-e-portugues\/nacional\/08\/00\/#primaryimage","url":"https:\/\/algarve7.pt\/wp-content\/uploads\/2021\/11\/Imagem_conjunto_ecosuma.png","contentUrl":"https:\/\/algarve7.pt\/wp-content\/uploads\/2021\/11\/Imagem_conjunto_ecosuma.png","width":999,"height":964},{"@type":"BreadcrumbList","@id":"https:\/\/algarve7.pt\/index.php\/2021\/11\/investigadores-estudam-larvas-selvagens-de-polvo-na-costa-galega-e-portugues\/nacional\/08\/00\/#breadcrumb","itemListElement":[{"@type":"ListItem","position":1,"name":"In\u00edcio","item":"https:\/\/algarve7.pt\/"},{"@type":"ListItem","position":2,"name":"Investigadores estudam larvas selvagens de polvo na costa galega e portugues"}]},{"@type":"WebSite","@id":"https:\/\/algarve7.pt\/#website","url":"https:\/\/algarve7.pt\/","name":"Algarve 7","description":"Informa\u00e7\u00e3o sobre o Algarve","publisher":{"@id":"https:\/\/algarve7.pt\/#organization"},"potentialAction":[{"@type":"SearchAction","target":{"@type":"EntryPoint","urlTemplate":"https:\/\/algarve7.pt\/?s={search_term_string}"},"query-input":{"@type":"PropertyValueSpecification","valueRequired":true,"valueName":"search_term_string"}}],"inLanguage":"pt-PT"},{"@type":"Organization","@id":"https:\/\/algarve7.pt\/#organization","name":"Algarve 7","url":"https:\/\/algarve7.pt\/","logo":{"@type":"ImageObject","inLanguage":"pt-PT","@id":"https:\/\/algarve7.pt\/#\/schema\/logo\/image\/","url":"https:\/\/algarve7.pt\/wp-content\/uploads\/2020\/10\/Logo-8.jpg","contentUrl":"https:\/\/algarve7.pt\/wp-content\/uploads\/2020\/10\/Logo-8.jpg","width":1680,"height":1186,"caption":"Algarve 7"},"image":{"@id":"https:\/\/algarve7.pt\/#\/schema\/logo\/image\/"},"sameAs":["https:\/\/www.facebook.com\/algarve7","https:\/\/x.com\/Algarvesete","https:\/\/www.instagram.com\/jornalalgarve7\/","https:\/\/www.linkedin.com\/company\/algarve7","https:\/\/www.pinterest.pt\/geral0939\/_created\/"]},{"@type":"Person","@id":"https:\/\/algarve7.pt\/#\/schema\/person\/23fa70681308e7b319a3204bcea45e0c","name":"Algarve 7","sameAs":["https:\/\/algarve7.pt","https:\/\/www.facebook.com\/algarve7"],"url":"https:\/\/algarve7.pt\/index.php\/author\/geralalgarve7-pt\/"}]}},"jetpack_publicize_connections":[],"jetpack_featured_media_url":"https:\/\/algarve7.pt\/wp-content\/uploads\/2021\/11\/Imagem_conjunto_ecosuma.png","jetpack_shortlink":"https:\/\/wp.me\/pcezmW-3lJ","jetpack_sharing_enabled":true,"_links":{"self":[{"href":"https:\/\/algarve7.pt\/index.php\/wp-json\/wp\/v2\/posts\/12879","targetHints":{"allow":["GET"]}}],"collection":[{"href":"https:\/\/algarve7.pt\/index.php\/wp-json\/wp\/v2\/posts"}],"about":[{"href":"https:\/\/algarve7.pt\/index.php\/wp-json\/wp\/v2\/types\/post"}],"author":[{"embeddable":true,"href":"https:\/\/algarve7.pt\/index.php\/wp-json\/wp\/v2\/users\/1"}],"replies":[{"embeddable":true,"href":"https:\/\/algarve7.pt\/index.php\/wp-json\/wp\/v2\/comments?post=12879"}],"version-history":[{"count":0,"href":"https:\/\/algarve7.pt\/index.php\/wp-json\/wp\/v2\/posts\/12879\/revisions"}],"wp:featuredmedia":[{"embeddable":true,"href":"https:\/\/algarve7.pt\/index.php\/wp-json\/wp\/v2\/media\/12880"}],"wp:attachment":[{"href":"https:\/\/algarve7.pt\/index.php\/wp-json\/wp\/v2\/media?parent=12879"}],"wp:term":[{"taxonomy":"category","embeddable":true,"href":"https:\/\/algarve7.pt\/index.php\/wp-json\/wp\/v2\/categories?post=12879"},{"taxonomy":"post_tag","embeddable":true,"href":"https:\/\/algarve7.pt\/index.php\/wp-json\/wp\/v2\/tags?post=12879"}],"curies":[{"name":"wp","href":"https:\/\/api.w.org\/{rel}","templated":true}]}}