{"id":12810,"date":"2021-11-06T13:18:00","date_gmt":"2021-11-06T13:18:00","guid":{"rendered":"https:\/\/algarve7.pt\/?p=12810"},"modified":"2021-11-06T12:19:12","modified_gmt":"2021-11-06T12:19:12","slug":"espetaculo-musical-e-multimedia-eis-o-algarve-em-lagoa","status":"publish","type":"post","link":"https:\/\/algarve7.pt\/index.php\/2021\/11\/espetaculo-musical-e-multimedia-eis-o-algarve-em-lagoa\/cultura\/13\/18\/","title":{"rendered":"Espet\u00e1culo Musical e Multim\u00e9dia \u201cEIS O ALGARVE\u201d em Lagoa"},"content":{"rendered":"\n<p>O Audit\u00f3rio&nbsp;Carlos do Carmo em Lagoa, recebe no pr\u00f3ximo dia 12 de novembro pelas 21h30, o espet\u00e1culo Musical e Multim\u00e9dia \u201c<strong>EIS O ALGARVE<\/strong>\u201d, um espet\u00e1culo com a dire\u00e7\u00e3o art\u00edstica do conceituado acordeonista algarvio Nelson Concei\u00e7\u00e3o.<\/p>\n\n\n\n<p><strong>Sinopse<\/strong>: O acorde\u00e3o de Nelson Concei\u00e7\u00e3o conduz-nos numa viagem pelas artes tradicionais do povo Algarvio, num espet\u00e1culo onde a dan\u00e7a, a m\u00fasica, a ilumina\u00e7\u00e3o, o v\u00eddeo e a cenografia nos far\u00e3o submergir na identidade cultural da regi\u00e3o, desde as suas ra\u00edzes at\u00e9 \u00e0 contemporaneidade.<\/p>\n\n\n\n<p>Uma oportunidade para redescobrirmos o Algarve, as suas gentes e heran\u00e7as culturais.<\/p>\n\n\n\n<p>Uma viagem audiovisual que nos transportar\u00e1 para um passado que nos orgulha e eleva, trazendo \u00e0 tona mem\u00f3rias ancestrais trajadas de modernidade e sublinhadas por paisagens visuais e cenogr\u00e1ficas exuberantes e inesperadas.<\/p>\n\n\n\n<p>Uma equipa de excel\u00eancia composta por 10 m\u00fasicos, 4 bailarinos, diversos criadores de v\u00e1rias disciplinas art\u00edsticas e mais de uma dezena de t\u00e9cnicos, produtores e assistentes de produ\u00e7\u00e3o ir\u00e3o construir um espet\u00e1culo que se espera \u00fanico e imprevis\u00edvel.<\/p>\n\n\n\n<p>Um espet\u00e1culo para toda a fam\u00edlia e qualquer idade, com&nbsp;<strong>entrada gratuita<\/strong>mediante reserva de bilhete.<\/p>\n\n\n\n<p>Poder\u00e1 reservar bilhetes nos seguintes locais e contactos:<\/p>\n\n\n\n<p>Centro Cultural Convento de S. Jos\u00e9 \u2013 Lagoa | 282&nbsp;380&nbsp;434<\/p>\n\n\n\n<p>Audit\u00f3rio Carlos do Carmo \u2013 Lagoa | 282&nbsp;380&nbsp;452<\/p>\n\n\n\n<p>Associa\u00e7\u00e3o Recreativa e Cultural de M\u00fasicos:\u00a0<a href=\"mailto:arcmusicos@gmail.com\" target=\"_blank\" rel=\"noreferrer noopener\">arcmusicos@gmail.com<\/a>\u00a0| 968\u00a0506\u00a0072 (10h00 \u00e0s 13h00 \/ 15h00 \u00e0s 18h00).<\/p>\n\n\n\n<p>O levantamento dos bilhetes dever\u00e1 ser efetuado no Audit\u00f3rio Carlos do Carmo.<\/p>\n","protected":false},"excerpt":{"rendered":"<p>O Audit\u00f3rio&nbsp;Carlos do Carmo em Lagoa, recebe no pr\u00f3ximo dia 12 de novembro pelas 21h30, o espet\u00e1culo Musical e Multim\u00e9dia<\/p>\n","protected":false},"author":1,"featured_media":12811,"comment_status":"open","ping_status":"open","sticky":false,"template":"","format":"standard","meta":{"colormag_page_container_layout":"default_layout","colormag_page_sidebar_layout":"default_layout","_monsterinsights_skip_tracking":false,"_monsterinsights_sitenote_active":false,"_monsterinsights_sitenote_note":"","_monsterinsights_sitenote_category":0,"jetpack_post_was_ever_published":false,"_jetpack_newsletter_access":"","_jetpack_dont_email_post_to_subs":false,"_jetpack_newsletter_tier_id":0,"_jetpack_memberships_contains_paywalled_content":false,"_jetpack_memberships_contains_paid_content":false,"footnotes":"","jetpack_publicize_message":"","jetpack_publicize_feature_enabled":true,"jetpack_social_post_already_shared":true,"jetpack_social_options":{"image_generator_settings":{"template":"highway","default_image_id":0,"font":"","enabled":false},"version":2}},"categories":[14],"tags":[36,52,35,48],"class_list":["post-12810","post","type-post","status-publish","format-standard","has-post-thumbnail","hentry","category-cultura","tag-algarve","tag-concerto","tag-cultura","tag-lagoa"],"yoast_head":"<!-- This site is optimized with the Yoast SEO plugin v27.5 - https:\/\/yoast.com\/product\/yoast-seo-wordpress\/ -->\n<title>Espet\u00e1culo Musical e Multim\u00e9dia \u201cEIS O ALGARVE\u201d em Lagoa - Algarve 7<\/title>\n<meta name=\"description\" content=\"Espet\u00e1culo Musical e Multim\u00e9dia \u201cEIS O ALGARVE\u201d em Lagoa Cultura\" \/>\n<meta name=\"robots\" content=\"index, follow, max-snippet:-1, max-image-preview:large, max-video-preview:-1\" \/>\n<link rel=\"canonical\" href=\"https:\/\/algarve7.pt\/index.php\/2021\/11\/espetaculo-musical-e-multimedia-eis-o-algarve-em-lagoa\/cultura\/13\/18\/\" \/>\n<meta property=\"og:locale\" content=\"pt_PT\" \/>\n<meta property=\"og:type\" content=\"article\" \/>\n<meta property=\"og:title\" content=\"Espet\u00e1culo Musical e Multim\u00e9dia \u201cEIS O ALGARVE\u201d em Lagoa - Algarve 7\" \/>\n<meta property=\"og:description\" content=\"Espet\u00e1culo Musical e Multim\u00e9dia \u201cEIS O ALGARVE\u201d em Lagoa Cultura\" \/>\n<meta property=\"og:url\" content=\"https:\/\/algarve7.pt\/index.php\/2021\/11\/espetaculo-musical-e-multimedia-eis-o-algarve-em-lagoa\/cultura\/13\/18\/\" \/>\n<meta property=\"og:site_name\" content=\"Algarve 7\" \/>\n<meta property=\"article:publisher\" content=\"https:\/\/www.facebook.com\/algarve7\" \/>\n<meta property=\"article:author\" content=\"https:\/\/www.facebook.com\/algarve7\" \/>\n<meta property=\"article:published_time\" content=\"2021-11-06T13:18:00+00:00\" \/>\n<meta property=\"og:image\" content=\"https:\/\/algarve7.pt\/wp-content\/uploads\/2021\/11\/Captura-de-ecra-2021-11-06-as-12.16.40.png\" \/>\n\t<meta property=\"og:image:width\" content=\"1560\" \/>\n\t<meta property=\"og:image:height\" content=\"1070\" \/>\n\t<meta property=\"og:image:type\" content=\"image\/png\" \/>\n<meta name=\"author\" content=\"Algarve 7\" \/>\n<meta name=\"twitter:card\" content=\"summary_large_image\" \/>\n<meta name=\"twitter:creator\" content=\"@Algarvesete\" \/>\n<meta name=\"twitter:site\" content=\"@Algarvesete\" \/>\n<meta name=\"twitter:label1\" content=\"Escrito por\" \/>\n\t<meta name=\"twitter:data1\" content=\"Algarve 7\" \/>\n\t<meta name=\"twitter:label2\" content=\"Tempo estimado de leitura\" \/>\n\t<meta name=\"twitter:data2\" content=\"2 minutos\" \/>\n<script type=\"application\/ld+json\" class=\"yoast-schema-graph\">{\"@context\":\"https:\\\/\\\/schema.org\",\"@graph\":[{\"@type\":\"Article\",\"@id\":\"https:\\\/\\\/algarve7.pt\\\/index.php\\\/2021\\\/11\\\/espetaculo-musical-e-multimedia-eis-o-algarve-em-lagoa\\\/cultura\\\/13\\\/18\\\/#article\",\"isPartOf\":{\"@id\":\"https:\\\/\\\/algarve7.pt\\\/index.php\\\/2021\\\/11\\\/espetaculo-musical-e-multimedia-eis-o-algarve-em-lagoa\\\/cultura\\\/13\\\/18\\\/\"},\"author\":{\"name\":\"Algarve 7\",\"@id\":\"https:\\\/\\\/algarve7.pt\\\/#\\\/schema\\\/person\\\/23fa70681308e7b319a3204bcea45e0c\"},\"headline\":\"Espet\u00e1culo Musical e Multim\u00e9dia \u201cEIS O ALGARVE\u201d em Lagoa\",\"datePublished\":\"2021-11-06T13:18:00+00:00\",\"mainEntityOfPage\":{\"@id\":\"https:\\\/\\\/algarve7.pt\\\/index.php\\\/2021\\\/11\\\/espetaculo-musical-e-multimedia-eis-o-algarve-em-lagoa\\\/cultura\\\/13\\\/18\\\/\"},\"wordCount\":272,\"commentCount\":0,\"publisher\":{\"@id\":\"https:\\\/\\\/algarve7.pt\\\/#organization\"},\"image\":{\"@id\":\"https:\\\/\\\/algarve7.pt\\\/index.php\\\/2021\\\/11\\\/espetaculo-musical-e-multimedia-eis-o-algarve-em-lagoa\\\/cultura\\\/13\\\/18\\\/#primaryimage\"},\"thumbnailUrl\":\"https:\\\/\\\/algarve7.pt\\\/wp-content\\\/uploads\\\/2021\\\/11\\\/Captura-de-ecra-2021-11-06-as-12.16.40.png\",\"keywords\":[\"Algarve\",\"Concerto\",\"Cultura\",\"Lagoa\"],\"articleSection\":[\"Cultura\"],\"inLanguage\":\"pt-PT\",\"potentialAction\":[{\"@type\":\"CommentAction\",\"name\":\"Comment\",\"target\":[\"https:\\\/\\\/algarve7.pt\\\/index.php\\\/2021\\\/11\\\/espetaculo-musical-e-multimedia-eis-o-algarve-em-lagoa\\\/cultura\\\/13\\\/18\\\/#respond\"]}]},{\"@type\":\"WebPage\",\"@id\":\"https:\\\/\\\/algarve7.pt\\\/index.php\\\/2021\\\/11\\\/espetaculo-musical-e-multimedia-eis-o-algarve-em-lagoa\\\/cultura\\\/13\\\/18\\\/\",\"url\":\"https:\\\/\\\/algarve7.pt\\\/index.php\\\/2021\\\/11\\\/espetaculo-musical-e-multimedia-eis-o-algarve-em-lagoa\\\/cultura\\\/13\\\/18\\\/\",\"name\":\"Espet\u00e1culo Musical e Multim\u00e9dia \u201cEIS O ALGARVE\u201d em Lagoa - Algarve 7\",\"isPartOf\":{\"@id\":\"https:\\\/\\\/algarve7.pt\\\/#website\"},\"primaryImageOfPage\":{\"@id\":\"https:\\\/\\\/algarve7.pt\\\/index.php\\\/2021\\\/11\\\/espetaculo-musical-e-multimedia-eis-o-algarve-em-lagoa\\\/cultura\\\/13\\\/18\\\/#primaryimage\"},\"image\":{\"@id\":\"https:\\\/\\\/algarve7.pt\\\/index.php\\\/2021\\\/11\\\/espetaculo-musical-e-multimedia-eis-o-algarve-em-lagoa\\\/cultura\\\/13\\\/18\\\/#primaryimage\"},\"thumbnailUrl\":\"https:\\\/\\\/algarve7.pt\\\/wp-content\\\/uploads\\\/2021\\\/11\\\/Captura-de-ecra-2021-11-06-as-12.16.40.png\",\"datePublished\":\"2021-11-06T13:18:00+00:00\",\"description\":\"Espet\u00e1culo Musical e Multim\u00e9dia \u201cEIS O ALGARVE\u201d em Lagoa Cultura\",\"breadcrumb\":{\"@id\":\"https:\\\/\\\/algarve7.pt\\\/index.php\\\/2021\\\/11\\\/espetaculo-musical-e-multimedia-eis-o-algarve-em-lagoa\\\/cultura\\\/13\\\/18\\\/#breadcrumb\"},\"inLanguage\":\"pt-PT\",\"potentialAction\":[{\"@type\":\"ReadAction\",\"target\":[\"https:\\\/\\\/algarve7.pt\\\/index.php\\\/2021\\\/11\\\/espetaculo-musical-e-multimedia-eis-o-algarve-em-lagoa\\\/cultura\\\/13\\\/18\\\/\"]}]},{\"@type\":\"ImageObject\",\"inLanguage\":\"pt-PT\",\"@id\":\"https:\\\/\\\/algarve7.pt\\\/index.php\\\/2021\\\/11\\\/espetaculo-musical-e-multimedia-eis-o-algarve-em-lagoa\\\/cultura\\\/13\\\/18\\\/#primaryimage\",\"url\":\"https:\\\/\\\/algarve7.pt\\\/wp-content\\\/uploads\\\/2021\\\/11\\\/Captura-de-ecra-2021-11-06-as-12.16.40.png\",\"contentUrl\":\"https:\\\/\\\/algarve7.pt\\\/wp-content\\\/uploads\\\/2021\\\/11\\\/Captura-de-ecra-2021-11-06-as-12.16.40.png\",\"width\":1560,\"height\":1070},{\"@type\":\"BreadcrumbList\",\"@id\":\"https:\\\/\\\/algarve7.pt\\\/index.php\\\/2021\\\/11\\\/espetaculo-musical-e-multimedia-eis-o-algarve-em-lagoa\\\/cultura\\\/13\\\/18\\\/#breadcrumb\",\"itemListElement\":[{\"@type\":\"ListItem\",\"position\":1,\"name\":\"In\u00edcio\",\"item\":\"https:\\\/\\\/algarve7.pt\\\/\"},{\"@type\":\"ListItem\",\"position\":2,\"name\":\"Espet\u00e1culo Musical e Multim\u00e9dia \u201cEIS O ALGARVE\u201d em Lagoa\"}]},{\"@type\":\"WebSite\",\"@id\":\"https:\\\/\\\/algarve7.pt\\\/#website\",\"url\":\"https:\\\/\\\/algarve7.pt\\\/\",\"name\":\"Algarve 7\",\"description\":\"Informa\u00e7\u00e3o sobre o Algarve\",\"publisher\":{\"@id\":\"https:\\\/\\\/algarve7.pt\\\/#organization\"},\"potentialAction\":[{\"@type\":\"SearchAction\",\"target\":{\"@type\":\"EntryPoint\",\"urlTemplate\":\"https:\\\/\\\/algarve7.pt\\\/?s={search_term_string}\"},\"query-input\":{\"@type\":\"PropertyValueSpecification\",\"valueRequired\":true,\"valueName\":\"search_term_string\"}}],\"inLanguage\":\"pt-PT\"},{\"@type\":\"Organization\",\"@id\":\"https:\\\/\\\/algarve7.pt\\\/#organization\",\"name\":\"Algarve 7\",\"url\":\"https:\\\/\\\/algarve7.pt\\\/\",\"logo\":{\"@type\":\"ImageObject\",\"inLanguage\":\"pt-PT\",\"@id\":\"https:\\\/\\\/algarve7.pt\\\/#\\\/schema\\\/logo\\\/image\\\/\",\"url\":\"https:\\\/\\\/algarve7.pt\\\/wp-content\\\/uploads\\\/2020\\\/10\\\/Logo-8.jpg\",\"contentUrl\":\"https:\\\/\\\/algarve7.pt\\\/wp-content\\\/uploads\\\/2020\\\/10\\\/Logo-8.jpg\",\"width\":1680,\"height\":1186,\"caption\":\"Algarve 7\"},\"image\":{\"@id\":\"https:\\\/\\\/algarve7.pt\\\/#\\\/schema\\\/logo\\\/image\\\/\"},\"sameAs\":[\"https:\\\/\\\/www.facebook.com\\\/algarve7\",\"https:\\\/\\\/x.com\\\/Algarvesete\",\"https:\\\/\\\/www.instagram.com\\\/jornalalgarve7\\\/\",\"https:\\\/\\\/www.linkedin.com\\\/company\\\/algarve7\",\"https:\\\/\\\/www.pinterest.pt\\\/geral0939\\\/_created\\\/\"]},{\"@type\":\"Person\",\"@id\":\"https:\\\/\\\/algarve7.pt\\\/#\\\/schema\\\/person\\\/23fa70681308e7b319a3204bcea45e0c\",\"name\":\"Algarve 7\",\"sameAs\":[\"https:\\\/\\\/algarve7.pt\",\"https:\\\/\\\/www.facebook.com\\\/algarve7\"],\"url\":\"https:\\\/\\\/algarve7.pt\\\/index.php\\\/author\\\/geralalgarve7-pt\\\/\"}]}<\/script>\n<!-- \/ Yoast SEO plugin. -->","yoast_head_json":{"title":"Espet\u00e1culo Musical e Multim\u00e9dia \u201cEIS O ALGARVE\u201d em Lagoa - Algarve 7","description":"Espet\u00e1culo Musical e Multim\u00e9dia \u201cEIS O ALGARVE\u201d em Lagoa Cultura","robots":{"index":"index","follow":"follow","max-snippet":"max-snippet:-1","max-image-preview":"max-image-preview:large","max-video-preview":"max-video-preview:-1"},"canonical":"https:\/\/algarve7.pt\/index.php\/2021\/11\/espetaculo-musical-e-multimedia-eis-o-algarve-em-lagoa\/cultura\/13\/18\/","og_locale":"pt_PT","og_type":"article","og_title":"Espet\u00e1culo Musical e Multim\u00e9dia \u201cEIS O ALGARVE\u201d em Lagoa - Algarve 7","og_description":"Espet\u00e1culo Musical e Multim\u00e9dia \u201cEIS O ALGARVE\u201d em Lagoa Cultura","og_url":"https:\/\/algarve7.pt\/index.php\/2021\/11\/espetaculo-musical-e-multimedia-eis-o-algarve-em-lagoa\/cultura\/13\/18\/","og_site_name":"Algarve 7","article_publisher":"https:\/\/www.facebook.com\/algarve7","article_author":"https:\/\/www.facebook.com\/algarve7","article_published_time":"2021-11-06T13:18:00+00:00","og_image":[{"width":1560,"height":1070,"url":"https:\/\/algarve7.pt\/wp-content\/uploads\/2021\/11\/Captura-de-ecra-2021-11-06-as-12.16.40.png","type":"image\/png"}],"author":"Algarve 7","twitter_card":"summary_large_image","twitter_creator":"@Algarvesete","twitter_site":"@Algarvesete","twitter_misc":{"Escrito por":"Algarve 7","Tempo estimado de leitura":"2 minutos"},"schema":{"@context":"https:\/\/schema.org","@graph":[{"@type":"Article","@id":"https:\/\/algarve7.pt\/index.php\/2021\/11\/espetaculo-musical-e-multimedia-eis-o-algarve-em-lagoa\/cultura\/13\/18\/#article","isPartOf":{"@id":"https:\/\/algarve7.pt\/index.php\/2021\/11\/espetaculo-musical-e-multimedia-eis-o-algarve-em-lagoa\/cultura\/13\/18\/"},"author":{"name":"Algarve 7","@id":"https:\/\/algarve7.pt\/#\/schema\/person\/23fa70681308e7b319a3204bcea45e0c"},"headline":"Espet\u00e1culo Musical e Multim\u00e9dia \u201cEIS O ALGARVE\u201d em Lagoa","datePublished":"2021-11-06T13:18:00+00:00","mainEntityOfPage":{"@id":"https:\/\/algarve7.pt\/index.php\/2021\/11\/espetaculo-musical-e-multimedia-eis-o-algarve-em-lagoa\/cultura\/13\/18\/"},"wordCount":272,"commentCount":0,"publisher":{"@id":"https:\/\/algarve7.pt\/#organization"},"image":{"@id":"https:\/\/algarve7.pt\/index.php\/2021\/11\/espetaculo-musical-e-multimedia-eis-o-algarve-em-lagoa\/cultura\/13\/18\/#primaryimage"},"thumbnailUrl":"https:\/\/algarve7.pt\/wp-content\/uploads\/2021\/11\/Captura-de-ecra-2021-11-06-as-12.16.40.png","keywords":["Algarve","Concerto","Cultura","Lagoa"],"articleSection":["Cultura"],"inLanguage":"pt-PT","potentialAction":[{"@type":"CommentAction","name":"Comment","target":["https:\/\/algarve7.pt\/index.php\/2021\/11\/espetaculo-musical-e-multimedia-eis-o-algarve-em-lagoa\/cultura\/13\/18\/#respond"]}]},{"@type":"WebPage","@id":"https:\/\/algarve7.pt\/index.php\/2021\/11\/espetaculo-musical-e-multimedia-eis-o-algarve-em-lagoa\/cultura\/13\/18\/","url":"https:\/\/algarve7.pt\/index.php\/2021\/11\/espetaculo-musical-e-multimedia-eis-o-algarve-em-lagoa\/cultura\/13\/18\/","name":"Espet\u00e1culo Musical e Multim\u00e9dia \u201cEIS O ALGARVE\u201d em Lagoa - Algarve 7","isPartOf":{"@id":"https:\/\/algarve7.pt\/#website"},"primaryImageOfPage":{"@id":"https:\/\/algarve7.pt\/index.php\/2021\/11\/espetaculo-musical-e-multimedia-eis-o-algarve-em-lagoa\/cultura\/13\/18\/#primaryimage"},"image":{"@id":"https:\/\/algarve7.pt\/index.php\/2021\/11\/espetaculo-musical-e-multimedia-eis-o-algarve-em-lagoa\/cultura\/13\/18\/#primaryimage"},"thumbnailUrl":"https:\/\/algarve7.pt\/wp-content\/uploads\/2021\/11\/Captura-de-ecra-2021-11-06-as-12.16.40.png","datePublished":"2021-11-06T13:18:00+00:00","description":"Espet\u00e1culo Musical e Multim\u00e9dia \u201cEIS O ALGARVE\u201d em Lagoa Cultura","breadcrumb":{"@id":"https:\/\/algarve7.pt\/index.php\/2021\/11\/espetaculo-musical-e-multimedia-eis-o-algarve-em-lagoa\/cultura\/13\/18\/#breadcrumb"},"inLanguage":"pt-PT","potentialAction":[{"@type":"ReadAction","target":["https:\/\/algarve7.pt\/index.php\/2021\/11\/espetaculo-musical-e-multimedia-eis-o-algarve-em-lagoa\/cultura\/13\/18\/"]}]},{"@type":"ImageObject","inLanguage":"pt-PT","@id":"https:\/\/algarve7.pt\/index.php\/2021\/11\/espetaculo-musical-e-multimedia-eis-o-algarve-em-lagoa\/cultura\/13\/18\/#primaryimage","url":"https:\/\/algarve7.pt\/wp-content\/uploads\/2021\/11\/Captura-de-ecra-2021-11-06-as-12.16.40.png","contentUrl":"https:\/\/algarve7.pt\/wp-content\/uploads\/2021\/11\/Captura-de-ecra-2021-11-06-as-12.16.40.png","width":1560,"height":1070},{"@type":"BreadcrumbList","@id":"https:\/\/algarve7.pt\/index.php\/2021\/11\/espetaculo-musical-e-multimedia-eis-o-algarve-em-lagoa\/cultura\/13\/18\/#breadcrumb","itemListElement":[{"@type":"ListItem","position":1,"name":"In\u00edcio","item":"https:\/\/algarve7.pt\/"},{"@type":"ListItem","position":2,"name":"Espet\u00e1culo Musical e Multim\u00e9dia \u201cEIS O ALGARVE\u201d em Lagoa"}]},{"@type":"WebSite","@id":"https:\/\/algarve7.pt\/#website","url":"https:\/\/algarve7.pt\/","name":"Algarve 7","description":"Informa\u00e7\u00e3o sobre o Algarve","publisher":{"@id":"https:\/\/algarve7.pt\/#organization"},"potentialAction":[{"@type":"SearchAction","target":{"@type":"EntryPoint","urlTemplate":"https:\/\/algarve7.pt\/?s={search_term_string}"},"query-input":{"@type":"PropertyValueSpecification","valueRequired":true,"valueName":"search_term_string"}}],"inLanguage":"pt-PT"},{"@type":"Organization","@id":"https:\/\/algarve7.pt\/#organization","name":"Algarve 7","url":"https:\/\/algarve7.pt\/","logo":{"@type":"ImageObject","inLanguage":"pt-PT","@id":"https:\/\/algarve7.pt\/#\/schema\/logo\/image\/","url":"https:\/\/algarve7.pt\/wp-content\/uploads\/2020\/10\/Logo-8.jpg","contentUrl":"https:\/\/algarve7.pt\/wp-content\/uploads\/2020\/10\/Logo-8.jpg","width":1680,"height":1186,"caption":"Algarve 7"},"image":{"@id":"https:\/\/algarve7.pt\/#\/schema\/logo\/image\/"},"sameAs":["https:\/\/www.facebook.com\/algarve7","https:\/\/x.com\/Algarvesete","https:\/\/www.instagram.com\/jornalalgarve7\/","https:\/\/www.linkedin.com\/company\/algarve7","https:\/\/www.pinterest.pt\/geral0939\/_created\/"]},{"@type":"Person","@id":"https:\/\/algarve7.pt\/#\/schema\/person\/23fa70681308e7b319a3204bcea45e0c","name":"Algarve 7","sameAs":["https:\/\/algarve7.pt","https:\/\/www.facebook.com\/algarve7"],"url":"https:\/\/algarve7.pt\/index.php\/author\/geralalgarve7-pt\/"}]}},"jetpack_publicize_connections":[],"jetpack_featured_media_url":"https:\/\/algarve7.pt\/wp-content\/uploads\/2021\/11\/Captura-de-ecra-2021-11-06-as-12.16.40.png","jetpack_shortlink":"https:\/\/wp.me\/pcezmW-3kC","jetpack_sharing_enabled":true,"_links":{"self":[{"href":"https:\/\/algarve7.pt\/index.php\/wp-json\/wp\/v2\/posts\/12810","targetHints":{"allow":["GET"]}}],"collection":[{"href":"https:\/\/algarve7.pt\/index.php\/wp-json\/wp\/v2\/posts"}],"about":[{"href":"https:\/\/algarve7.pt\/index.php\/wp-json\/wp\/v2\/types\/post"}],"author":[{"embeddable":true,"href":"https:\/\/algarve7.pt\/index.php\/wp-json\/wp\/v2\/users\/1"}],"replies":[{"embeddable":true,"href":"https:\/\/algarve7.pt\/index.php\/wp-json\/wp\/v2\/comments?post=12810"}],"version-history":[{"count":0,"href":"https:\/\/algarve7.pt\/index.php\/wp-json\/wp\/v2\/posts\/12810\/revisions"}],"wp:featuredmedia":[{"embeddable":true,"href":"https:\/\/algarve7.pt\/index.php\/wp-json\/wp\/v2\/media\/12811"}],"wp:attachment":[{"href":"https:\/\/algarve7.pt\/index.php\/wp-json\/wp\/v2\/media?parent=12810"}],"wp:term":[{"taxonomy":"category","embeddable":true,"href":"https:\/\/algarve7.pt\/index.php\/wp-json\/wp\/v2\/categories?post=12810"},{"taxonomy":"post_tag","embeddable":true,"href":"https:\/\/algarve7.pt\/index.php\/wp-json\/wp\/v2\/tags?post=12810"}],"curies":[{"name":"wp","href":"https:\/\/api.w.org\/{rel}","templated":true}]}}