{"id":12807,"date":"2021-11-06T12:11:29","date_gmt":"2021-11-06T12:11:29","guid":{"rendered":"https:\/\/algarve7.pt\/?p=12807"},"modified":"2021-11-06T12:11:32","modified_gmt":"2021-11-06T12:11:32","slug":"quarteira-recebe-o-campeonato-do-mundo-de-triatlo-junior-taca-da-europa-e-campeonato-do-mediterraneo","status":"publish","type":"post","link":"https:\/\/algarve7.pt\/index.php\/2021\/11\/quarteira-recebe-o-campeonato-do-mundo-de-triatlo-junior-taca-da-europa-e-campeonato-do-mediterraneo\/atualidade\/12\/11\/","title":{"rendered":"Quarteira recebe o Campeonato do Mundo de Triatlo J\u00fanior, Ta\u00e7a da Europa e Campeonato do Mediterr\u00e2neo."},"content":{"rendered":"\n<p>Nos dias 6 e 7 de novembro, o Triatlo Internacional de Quarteira Professor Carlos Gravata recebe o Campeonato do Mundo de Juniores, a Ta\u00e7a da Europa de Elite e o Campeonato do Mediterr\u00e2neo.<\/p>\n\n\n\n<p>H\u00e1 j\u00e1 muitos anos que o Triatlo Internacional de Quarteira inclui a Ta\u00e7a da Europa de Juniores, uma das raz\u00f5es pelas quais a World Triathlon (WT) escolheu este evento para realizar o Campeonato do Mundo de Juniores, depois do cancelamento da World Triathlon Championship Series (WTCS) em Bermuda, onde estava inicialmente programado acontecer o mundial.<\/p>\n\n\n\n<p>Os triatletas que ir\u00e3o disputar o Campeonato do Mundo passaram pelos crit\u00e9rios de classifica\u00e7\u00e3o no Campeonato da Europa de Juniores em Kitzb\u00fchel, tendo as restantes vagas dispon\u00edveis sido apuradas diretamente numa prova de sele\u00e7\u00e3o realizada no Triatlo da Quinta do Lago no dia 5 de outubro.<\/p>\n\n\n\n<p>In\u00eas Rico, Luana Quaresma e Matilde Santos, Alexandre Montez, Gustavo do Canto, Jo\u00e3o Nuno Batista e Pedro Afonso Raz\u00f5es s\u00e3o os atletas nacionais que ir\u00e3o disputar o Campeonato do Mundo de Juniores 2021.<\/p>\n\n\n\n<p>Alexandre Montez, bronze no Campeonato a Europa este ano e j\u00e1 com v\u00e1rios p\u00f3dios internacionais, entre eles Vice-Campe\u00e3o Ol\u00edmpico da Juventude ou ouro nas estafetas dos Jogos Ol\u00edmpicos da Juventude, tem nesta prova a \u00faltima oportunidade de competir no mundial de juniores antes da passagem de escal\u00e3o.<br>Depois da brilhante vit\u00f3ria em 2019 do triatleta nacional\u00a0Ricardo Batista\u00a0que lhe valeu o t\u00edtulo de Campe\u00e3o Mundial de Juniores, o seu irm\u00e3o mais novo Jo\u00e3o Nuno Batista estar\u00e1 em prova para disputar o campeonato, assim como Gustavo do Canto e Pedro Afonso Raz\u00f5es, que ser\u00e3o os outros atletas nacionais em prova, pr\u00f3xima gera\u00e7\u00e3o do Triatlo que o presidente da Federa\u00e7\u00e3o de Triatlo de Portugal, Vasco Rodrigues, acredita que ainda ter\u00e3o muitos sucessos na modalidade. O objetivo para os\/as atletas mais jovens \u00e9 que \u2018estes ganhem experi\u00eancia competitiva, desfrutem do momento e tenham maior perce\u00e7\u00e3o do que \u00e9 participar numa prova internacional deste n\u00edvel\u2019. \u00ab<strong>Os nossos triatletas juniores j\u00e1 alcan\u00e7aram feitos impens\u00e1veis, ao ponto das principais na\u00e7\u00f5es quererem saber os novos participantes portugueses nas provas internacionais.<\/strong>\u00bb<\/p>\n\n\n\n<p>A Ta\u00e7a da Europa de Quarteira e o Campeonato do Mediterr\u00e2neo incluem a participa\u00e7\u00e3o dos triatletas portugueses Abel Afonso, Hugo Figueiredo, Jo\u00e3o Chagas, Andr\u00e9 Dias, Guilherme Pires, Gon\u00e7alo Oliveira, Jo\u00e3o Mansos, Tiago Fonseca, Miguel Tiago Silva e Alexandre Nobre, estes dois \u00faltimos atletas j\u00e1 qualificados diretamente pelo acesso a Ta\u00e7as do Mundo. Em femininos, teremos Maria Tom\u00e9, Joana Miranda, In\u00eas Oliveira, Beatriz Pinto e Beatriz Santos. Acima de tudo, o mais importante \u00e9 que haja um n\u00famero significativo de atletas a ganhar experi\u00eancia competitiva. \u00ab<strong>As Ta\u00e7as da Europa s\u00e3o para n\u00f3s um pilar fundamental para o desenvolvimento da modalidade, porque os atletas precisam de competir internacionalmente \u2013 os mais novos, mas tamb\u00e9m aqueles um pouco mais velhos \u2013 mantendo-se motivados para a competi\u00e7\u00e3o tamb\u00e9m a n\u00edvel nacional, incentivando os mais jovens\u00bb.<\/strong>&nbsp;O presidente da Federa\u00e7\u00e3o de Triatlo refere ainda que \u00ab<strong>estas Ta\u00e7as da Europa s\u00e3o encaradas como a etapa seguinte&nbsp; \u00e0s provas nacionais, cujo objetivo principal n\u00e3o \u00e9 conquistar medalhas, mas compreender de modo mais abrangente o trabalho realizado \u2018fora de portas\u2019 e assim melhor enquadrar o trabalho e esfor\u00e7o a realizar nacionalmente.\u00bb<\/strong><\/p>\n\n\n\n<p>Vasco Rodrigues conclui com um aspeto muito importante relacionado com a oportunidade de organizar um Campeonato Mundial, in\u00e9dito at\u00e9 agora: \u00abF<strong>oi a World Triahlon que veio ter connosco para organizarmos a prova, assim como a Federa\u00e7\u00e3o do Mediterr\u00e2neo que escolheu Quarteira para realizar o seu campeonato\u00bb,&nbsp;<\/strong>explica o presidente, salientando que<strong>&nbsp;\u2018em ano de pandemia foi poss\u00edvel organizar quatro provas internacionais, um feito assinal\u00e1vel para os tempos que vivemos\u2019.&nbsp;<\/strong><\/p>\n\n\n\n<h3 class=\"wp-block-heading\"><strong>Hor\u00e1rios das competi\u00e7\u00f5es Triatlo Internacional de Quarteira<\/strong><\/h3>\n\n\n\n<p><strong>S\u00e1bado, 6 de novembro<\/strong><\/p>\n\n\n\n<p>13:00 \u2013 Partida masculina Campeonato do Mundo de Triatlo J\u00fanior<\/p>\n\n\n\n<p>15:00 \u2013 Partida masculina Ta\u00e7a da Europa de Quarteira (inclui Campeonato do Mediterr\u00e2neo)<\/p>\n\n\n\n<p>Consulte a start list do Campeonato do Mundo de Juniores prova feminina&nbsp;<a href=\"https:\/\/www.triathlon.org\/events\/start_list\/2021_world_triathlon_junior_championships_quarteira\/530441\">aqui<\/a><\/p>\n\n\n\n<p>Consulte a start list do Campeonato do Mundo de Juniores prova masculina&nbsp;<a href=\"https:\/\/triathlon.org\/events\/start_list\/2021_world_triathlon_junior_championships_quarteira\/530440\">aqui<\/a><\/p>\n\n\n\n<p><strong>Domingo, 7 de novembro<\/strong><\/p>\n\n\n\n<p>8:45 Partida feminina Campeonato do Mundo de Triatlo J\u00fanior<\/p>\n\n\n\n<p>11:00 Partida feminina Ta\u00e7a da Europa de Quarteira (inclui Campeonato do Mediterr\u00e2neo)<\/p>\n\n\n\n<p>Consulte a start list feminina da Ta\u00e7a da Europa de Quarteira\u00a0<a href=\"https:\/\/triathlon.org\/events\/start_list\/2021_europe_triathlon_cup_quarteira\/446230\" target=\"_blank\" rel=\"noreferrer noopener\">aqui<\/a><\/p>\n\n\n\n<p>Consulte a start list masculina da Ta\u00e7a da Europa de Quarteira\u00a0<a href=\"https:\/\/triathlon.org\/events\/start_list\/2021_world_triathlon_junior_championships_quarteira\/530440\" target=\"_blank\" rel=\"noreferrer noopener\">aqui<\/a><\/p>\n\n\n\n<p class=\"has-small-font-size\">Fonte: Federa\u00e7\u00e3o de Triatlo<\/p>\n\n\n\n<p class=\"has-small-font-size\">Foto: Jorge Gomes Click Time Photo\u00ae\u00a9<\/p>\n","protected":false},"excerpt":{"rendered":"<p>Nos dias 6 e 7 de novembro, o Triatlo Internacional de Quarteira Professor Carlos Gravata recebe o Campeonato do Mundo<\/p>\n","protected":false},"author":1,"featured_media":12808,"comment_status":"open","ping_status":"open","sticky":false,"template":"","format":"standard","meta":{"colormag_page_container_layout":"default_layout","colormag_page_sidebar_layout":"default_layout","_monsterinsights_skip_tracking":false,"_monsterinsights_sitenote_active":false,"_monsterinsights_sitenote_note":"","_monsterinsights_sitenote_category":0,"jetpack_post_was_ever_published":false,"_jetpack_newsletter_access":"","_jetpack_dont_email_post_to_subs":false,"_jetpack_newsletter_tier_id":0,"_jetpack_memberships_contains_paywalled_content":false,"_jetpack_memberships_contains_paid_content":false,"footnotes":"","jetpack_publicize_message":"","jetpack_publicize_feature_enabled":true,"jetpack_social_post_already_shared":true,"jetpack_social_options":{"image_generator_settings":{"template":"highway","default_image_id":0,"font":"","enabled":false},"version":2}},"categories":[11],"tags":[36,40,112,241],"class_list":["post-12807","post","type-post","status-publish","format-standard","has-post-thumbnail","hentry","category-atualidade","tag-algarve","tag-desporto","tag-quarteira","tag-triatlo"],"yoast_head":"<!-- This site is optimized with the Yoast SEO plugin v27.5 - https:\/\/yoast.com\/product\/yoast-seo-wordpress\/ -->\n<title>Quarteira recebe o Campeonato do Mundo de Triatlo J\u00fanior, Ta\u00e7a da Europa e Campeonato do Mediterr\u00e2neo. - Algarve 7<\/title>\n<meta name=\"description\" content=\"Quarteira recebe o Campeonato do Mundo de Triatlo J\u00fanior, Ta\u00e7a da Europa e Campeonato do Mediterr\u00e2neo. Atualidade\" \/>\n<meta name=\"robots\" content=\"index, follow, max-snippet:-1, max-image-preview:large, max-video-preview:-1\" \/>\n<link rel=\"canonical\" href=\"https:\/\/algarve7.pt\/index.php\/2021\/11\/quarteira-recebe-o-campeonato-do-mundo-de-triatlo-junior-taca-da-europa-e-campeonato-do-mediterraneo\/atualidade\/12\/11\/\" \/>\n<meta property=\"og:locale\" content=\"pt_PT\" \/>\n<meta property=\"og:type\" content=\"article\" \/>\n<meta property=\"og:title\" content=\"Quarteira recebe o Campeonato do Mundo de Triatlo J\u00fanior, Ta\u00e7a da Europa e Campeonato do Mediterr\u00e2neo. - Algarve 7\" \/>\n<meta property=\"og:description\" content=\"Quarteira recebe o Campeonato do Mundo de Triatlo J\u00fanior, Ta\u00e7a da Europa e Campeonato do Mediterr\u00e2neo. Atualidade\" \/>\n<meta property=\"og:url\" content=\"https:\/\/algarve7.pt\/index.php\/2021\/11\/quarteira-recebe-o-campeonato-do-mundo-de-triatlo-junior-taca-da-europa-e-campeonato-do-mediterraneo\/atualidade\/12\/11\/\" \/>\n<meta property=\"og:site_name\" content=\"Algarve 7\" \/>\n<meta property=\"article:publisher\" content=\"https:\/\/www.facebook.com\/algarve7\" \/>\n<meta property=\"article:author\" content=\"https:\/\/www.facebook.com\/algarve7\" \/>\n<meta property=\"article:published_time\" content=\"2021-11-06T12:11:29+00:00\" \/>\n<meta property=\"article:modified_time\" content=\"2021-11-06T12:11:32+00:00\" \/>\n<meta property=\"og:image\" content=\"https:\/\/algarve7.pt\/wp-content\/uploads\/2021\/11\/Apresentacao-Triatlo-de-Quarteira-05-11-2021-21.jpg\" \/>\n\t<meta property=\"og:image:width\" content=\"1920\" \/>\n\t<meta property=\"og:image:height\" content=\"1280\" \/>\n\t<meta property=\"og:image:type\" content=\"image\/jpeg\" \/>\n<meta name=\"author\" content=\"Algarve 7\" \/>\n<meta name=\"twitter:card\" content=\"summary_large_image\" \/>\n<meta name=\"twitter:creator\" content=\"@Algarvesete\" \/>\n<meta name=\"twitter:site\" content=\"@Algarvesete\" \/>\n<meta name=\"twitter:label1\" content=\"Escrito por\" \/>\n\t<meta name=\"twitter:data1\" content=\"Algarve 7\" \/>\n\t<meta name=\"twitter:label2\" content=\"Tempo estimado de leitura\" \/>\n\t<meta name=\"twitter:data2\" content=\"4 minutos\" \/>\n<script type=\"application\/ld+json\" class=\"yoast-schema-graph\">{\"@context\":\"https:\\\/\\\/schema.org\",\"@graph\":[{\"@type\":\"Article\",\"@id\":\"https:\\\/\\\/algarve7.pt\\\/index.php\\\/2021\\\/11\\\/quarteira-recebe-o-campeonato-do-mundo-de-triatlo-junior-taca-da-europa-e-campeonato-do-mediterraneo\\\/atualidade\\\/12\\\/11\\\/#article\",\"isPartOf\":{\"@id\":\"https:\\\/\\\/algarve7.pt\\\/index.php\\\/2021\\\/11\\\/quarteira-recebe-o-campeonato-do-mundo-de-triatlo-junior-taca-da-europa-e-campeonato-do-mediterraneo\\\/atualidade\\\/12\\\/11\\\/\"},\"author\":{\"name\":\"Algarve 7\",\"@id\":\"https:\\\/\\\/algarve7.pt\\\/#\\\/schema\\\/person\\\/23fa70681308e7b319a3204bcea45e0c\"},\"headline\":\"Quarteira recebe o Campeonato do Mundo de Triatlo J\u00fanior, Ta\u00e7a da Europa e Campeonato do Mediterr\u00e2neo.\",\"datePublished\":\"2021-11-06T12:11:29+00:00\",\"dateModified\":\"2021-11-06T12:11:32+00:00\",\"mainEntityOfPage\":{\"@id\":\"https:\\\/\\\/algarve7.pt\\\/index.php\\\/2021\\\/11\\\/quarteira-recebe-o-campeonato-do-mundo-de-triatlo-junior-taca-da-europa-e-campeonato-do-mediterraneo\\\/atualidade\\\/12\\\/11\\\/\"},\"wordCount\":797,\"commentCount\":0,\"publisher\":{\"@id\":\"https:\\\/\\\/algarve7.pt\\\/#organization\"},\"image\":{\"@id\":\"https:\\\/\\\/algarve7.pt\\\/index.php\\\/2021\\\/11\\\/quarteira-recebe-o-campeonato-do-mundo-de-triatlo-junior-taca-da-europa-e-campeonato-do-mediterraneo\\\/atualidade\\\/12\\\/11\\\/#primaryimage\"},\"thumbnailUrl\":\"https:\\\/\\\/algarve7.pt\\\/wp-content\\\/uploads\\\/2021\\\/11\\\/Apresentacao-Triatlo-de-Quarteira-05-11-2021-21.jpg\",\"keywords\":[\"Algarve\",\"Desporto\",\"Quarteira\",\"Triatlo\"],\"articleSection\":[\"Atualidade\"],\"inLanguage\":\"pt-PT\",\"potentialAction\":[{\"@type\":\"CommentAction\",\"name\":\"Comment\",\"target\":[\"https:\\\/\\\/algarve7.pt\\\/index.php\\\/2021\\\/11\\\/quarteira-recebe-o-campeonato-do-mundo-de-triatlo-junior-taca-da-europa-e-campeonato-do-mediterraneo\\\/atualidade\\\/12\\\/11\\\/#respond\"]}]},{\"@type\":\"WebPage\",\"@id\":\"https:\\\/\\\/algarve7.pt\\\/index.php\\\/2021\\\/11\\\/quarteira-recebe-o-campeonato-do-mundo-de-triatlo-junior-taca-da-europa-e-campeonato-do-mediterraneo\\\/atualidade\\\/12\\\/11\\\/\",\"url\":\"https:\\\/\\\/algarve7.pt\\\/index.php\\\/2021\\\/11\\\/quarteira-recebe-o-campeonato-do-mundo-de-triatlo-junior-taca-da-europa-e-campeonato-do-mediterraneo\\\/atualidade\\\/12\\\/11\\\/\",\"name\":\"Quarteira recebe o Campeonato do Mundo de Triatlo J\u00fanior, Ta\u00e7a da Europa e Campeonato do Mediterr\u00e2neo. - Algarve 7\",\"isPartOf\":{\"@id\":\"https:\\\/\\\/algarve7.pt\\\/#website\"},\"primaryImageOfPage\":{\"@id\":\"https:\\\/\\\/algarve7.pt\\\/index.php\\\/2021\\\/11\\\/quarteira-recebe-o-campeonato-do-mundo-de-triatlo-junior-taca-da-europa-e-campeonato-do-mediterraneo\\\/atualidade\\\/12\\\/11\\\/#primaryimage\"},\"image\":{\"@id\":\"https:\\\/\\\/algarve7.pt\\\/index.php\\\/2021\\\/11\\\/quarteira-recebe-o-campeonato-do-mundo-de-triatlo-junior-taca-da-europa-e-campeonato-do-mediterraneo\\\/atualidade\\\/12\\\/11\\\/#primaryimage\"},\"thumbnailUrl\":\"https:\\\/\\\/algarve7.pt\\\/wp-content\\\/uploads\\\/2021\\\/11\\\/Apresentacao-Triatlo-de-Quarteira-05-11-2021-21.jpg\",\"datePublished\":\"2021-11-06T12:11:29+00:00\",\"dateModified\":\"2021-11-06T12:11:32+00:00\",\"description\":\"Quarteira recebe o Campeonato do Mundo de Triatlo J\u00fanior, Ta\u00e7a da Europa e Campeonato do Mediterr\u00e2neo. Atualidade\",\"breadcrumb\":{\"@id\":\"https:\\\/\\\/algarve7.pt\\\/index.php\\\/2021\\\/11\\\/quarteira-recebe-o-campeonato-do-mundo-de-triatlo-junior-taca-da-europa-e-campeonato-do-mediterraneo\\\/atualidade\\\/12\\\/11\\\/#breadcrumb\"},\"inLanguage\":\"pt-PT\",\"potentialAction\":[{\"@type\":\"ReadAction\",\"target\":[\"https:\\\/\\\/algarve7.pt\\\/index.php\\\/2021\\\/11\\\/quarteira-recebe-o-campeonato-do-mundo-de-triatlo-junior-taca-da-europa-e-campeonato-do-mediterraneo\\\/atualidade\\\/12\\\/11\\\/\"]}]},{\"@type\":\"ImageObject\",\"inLanguage\":\"pt-PT\",\"@id\":\"https:\\\/\\\/algarve7.pt\\\/index.php\\\/2021\\\/11\\\/quarteira-recebe-o-campeonato-do-mundo-de-triatlo-junior-taca-da-europa-e-campeonato-do-mediterraneo\\\/atualidade\\\/12\\\/11\\\/#primaryimage\",\"url\":\"https:\\\/\\\/algarve7.pt\\\/wp-content\\\/uploads\\\/2021\\\/11\\\/Apresentacao-Triatlo-de-Quarteira-05-11-2021-21.jpg\",\"contentUrl\":\"https:\\\/\\\/algarve7.pt\\\/wp-content\\\/uploads\\\/2021\\\/11\\\/Apresentacao-Triatlo-de-Quarteira-05-11-2021-21.jpg\",\"width\":1920,\"height\":1280},{\"@type\":\"BreadcrumbList\",\"@id\":\"https:\\\/\\\/algarve7.pt\\\/index.php\\\/2021\\\/11\\\/quarteira-recebe-o-campeonato-do-mundo-de-triatlo-junior-taca-da-europa-e-campeonato-do-mediterraneo\\\/atualidade\\\/12\\\/11\\\/#breadcrumb\",\"itemListElement\":[{\"@type\":\"ListItem\",\"position\":1,\"name\":\"In\u00edcio\",\"item\":\"https:\\\/\\\/algarve7.pt\\\/\"},{\"@type\":\"ListItem\",\"position\":2,\"name\":\"Quarteira recebe o Campeonato do Mundo de Triatlo J\u00fanior, Ta\u00e7a da Europa e Campeonato do Mediterr\u00e2neo.\"}]},{\"@type\":\"WebSite\",\"@id\":\"https:\\\/\\\/algarve7.pt\\\/#website\",\"url\":\"https:\\\/\\\/algarve7.pt\\\/\",\"name\":\"Algarve 7\",\"description\":\"Informa\u00e7\u00e3o sobre o Algarve\",\"publisher\":{\"@id\":\"https:\\\/\\\/algarve7.pt\\\/#organization\"},\"potentialAction\":[{\"@type\":\"SearchAction\",\"target\":{\"@type\":\"EntryPoint\",\"urlTemplate\":\"https:\\\/\\\/algarve7.pt\\\/?s={search_term_string}\"},\"query-input\":{\"@type\":\"PropertyValueSpecification\",\"valueRequired\":true,\"valueName\":\"search_term_string\"}}],\"inLanguage\":\"pt-PT\"},{\"@type\":\"Organization\",\"@id\":\"https:\\\/\\\/algarve7.pt\\\/#organization\",\"name\":\"Algarve 7\",\"url\":\"https:\\\/\\\/algarve7.pt\\\/\",\"logo\":{\"@type\":\"ImageObject\",\"inLanguage\":\"pt-PT\",\"@id\":\"https:\\\/\\\/algarve7.pt\\\/#\\\/schema\\\/logo\\\/image\\\/\",\"url\":\"https:\\\/\\\/algarve7.pt\\\/wp-content\\\/uploads\\\/2020\\\/10\\\/Logo-8.jpg\",\"contentUrl\":\"https:\\\/\\\/algarve7.pt\\\/wp-content\\\/uploads\\\/2020\\\/10\\\/Logo-8.jpg\",\"width\":1680,\"height\":1186,\"caption\":\"Algarve 7\"},\"image\":{\"@id\":\"https:\\\/\\\/algarve7.pt\\\/#\\\/schema\\\/logo\\\/image\\\/\"},\"sameAs\":[\"https:\\\/\\\/www.facebook.com\\\/algarve7\",\"https:\\\/\\\/x.com\\\/Algarvesete\",\"https:\\\/\\\/www.instagram.com\\\/jornalalgarve7\\\/\",\"https:\\\/\\\/www.linkedin.com\\\/company\\\/algarve7\",\"https:\\\/\\\/www.pinterest.pt\\\/geral0939\\\/_created\\\/\"]},{\"@type\":\"Person\",\"@id\":\"https:\\\/\\\/algarve7.pt\\\/#\\\/schema\\\/person\\\/23fa70681308e7b319a3204bcea45e0c\",\"name\":\"Algarve 7\",\"sameAs\":[\"https:\\\/\\\/algarve7.pt\",\"https:\\\/\\\/www.facebook.com\\\/algarve7\"],\"url\":\"https:\\\/\\\/algarve7.pt\\\/index.php\\\/author\\\/geralalgarve7-pt\\\/\"}]}<\/script>\n<!-- \/ Yoast SEO plugin. -->","yoast_head_json":{"title":"Quarteira recebe o Campeonato do Mundo de Triatlo J\u00fanior, Ta\u00e7a da Europa e Campeonato do Mediterr\u00e2neo. - Algarve 7","description":"Quarteira recebe o Campeonato do Mundo de Triatlo J\u00fanior, Ta\u00e7a da Europa e Campeonato do Mediterr\u00e2neo. Atualidade","robots":{"index":"index","follow":"follow","max-snippet":"max-snippet:-1","max-image-preview":"max-image-preview:large","max-video-preview":"max-video-preview:-1"},"canonical":"https:\/\/algarve7.pt\/index.php\/2021\/11\/quarteira-recebe-o-campeonato-do-mundo-de-triatlo-junior-taca-da-europa-e-campeonato-do-mediterraneo\/atualidade\/12\/11\/","og_locale":"pt_PT","og_type":"article","og_title":"Quarteira recebe o Campeonato do Mundo de Triatlo J\u00fanior, Ta\u00e7a da Europa e Campeonato do Mediterr\u00e2neo. - Algarve 7","og_description":"Quarteira recebe o Campeonato do Mundo de Triatlo J\u00fanior, Ta\u00e7a da Europa e Campeonato do Mediterr\u00e2neo. Atualidade","og_url":"https:\/\/algarve7.pt\/index.php\/2021\/11\/quarteira-recebe-o-campeonato-do-mundo-de-triatlo-junior-taca-da-europa-e-campeonato-do-mediterraneo\/atualidade\/12\/11\/","og_site_name":"Algarve 7","article_publisher":"https:\/\/www.facebook.com\/algarve7","article_author":"https:\/\/www.facebook.com\/algarve7","article_published_time":"2021-11-06T12:11:29+00:00","article_modified_time":"2021-11-06T12:11:32+00:00","og_image":[{"width":1920,"height":1280,"url":"https:\/\/algarve7.pt\/wp-content\/uploads\/2021\/11\/Apresentacao-Triatlo-de-Quarteira-05-11-2021-21.jpg","type":"image\/jpeg"}],"author":"Algarve 7","twitter_card":"summary_large_image","twitter_creator":"@Algarvesete","twitter_site":"@Algarvesete","twitter_misc":{"Escrito por":"Algarve 7","Tempo estimado de leitura":"4 minutos"},"schema":{"@context":"https:\/\/schema.org","@graph":[{"@type":"Article","@id":"https:\/\/algarve7.pt\/index.php\/2021\/11\/quarteira-recebe-o-campeonato-do-mundo-de-triatlo-junior-taca-da-europa-e-campeonato-do-mediterraneo\/atualidade\/12\/11\/#article","isPartOf":{"@id":"https:\/\/algarve7.pt\/index.php\/2021\/11\/quarteira-recebe-o-campeonato-do-mundo-de-triatlo-junior-taca-da-europa-e-campeonato-do-mediterraneo\/atualidade\/12\/11\/"},"author":{"name":"Algarve 7","@id":"https:\/\/algarve7.pt\/#\/schema\/person\/23fa70681308e7b319a3204bcea45e0c"},"headline":"Quarteira recebe o Campeonato do Mundo de Triatlo J\u00fanior, Ta\u00e7a da Europa e Campeonato do Mediterr\u00e2neo.","datePublished":"2021-11-06T12:11:29+00:00","dateModified":"2021-11-06T12:11:32+00:00","mainEntityOfPage":{"@id":"https:\/\/algarve7.pt\/index.php\/2021\/11\/quarteira-recebe-o-campeonato-do-mundo-de-triatlo-junior-taca-da-europa-e-campeonato-do-mediterraneo\/atualidade\/12\/11\/"},"wordCount":797,"commentCount":0,"publisher":{"@id":"https:\/\/algarve7.pt\/#organization"},"image":{"@id":"https:\/\/algarve7.pt\/index.php\/2021\/11\/quarteira-recebe-o-campeonato-do-mundo-de-triatlo-junior-taca-da-europa-e-campeonato-do-mediterraneo\/atualidade\/12\/11\/#primaryimage"},"thumbnailUrl":"https:\/\/algarve7.pt\/wp-content\/uploads\/2021\/11\/Apresentacao-Triatlo-de-Quarteira-05-11-2021-21.jpg","keywords":["Algarve","Desporto","Quarteira","Triatlo"],"articleSection":["Atualidade"],"inLanguage":"pt-PT","potentialAction":[{"@type":"CommentAction","name":"Comment","target":["https:\/\/algarve7.pt\/index.php\/2021\/11\/quarteira-recebe-o-campeonato-do-mundo-de-triatlo-junior-taca-da-europa-e-campeonato-do-mediterraneo\/atualidade\/12\/11\/#respond"]}]},{"@type":"WebPage","@id":"https:\/\/algarve7.pt\/index.php\/2021\/11\/quarteira-recebe-o-campeonato-do-mundo-de-triatlo-junior-taca-da-europa-e-campeonato-do-mediterraneo\/atualidade\/12\/11\/","url":"https:\/\/algarve7.pt\/index.php\/2021\/11\/quarteira-recebe-o-campeonato-do-mundo-de-triatlo-junior-taca-da-europa-e-campeonato-do-mediterraneo\/atualidade\/12\/11\/","name":"Quarteira recebe o Campeonato do Mundo de Triatlo J\u00fanior, Ta\u00e7a da Europa e Campeonato do Mediterr\u00e2neo. - Algarve 7","isPartOf":{"@id":"https:\/\/algarve7.pt\/#website"},"primaryImageOfPage":{"@id":"https:\/\/algarve7.pt\/index.php\/2021\/11\/quarteira-recebe-o-campeonato-do-mundo-de-triatlo-junior-taca-da-europa-e-campeonato-do-mediterraneo\/atualidade\/12\/11\/#primaryimage"},"image":{"@id":"https:\/\/algarve7.pt\/index.php\/2021\/11\/quarteira-recebe-o-campeonato-do-mundo-de-triatlo-junior-taca-da-europa-e-campeonato-do-mediterraneo\/atualidade\/12\/11\/#primaryimage"},"thumbnailUrl":"https:\/\/algarve7.pt\/wp-content\/uploads\/2021\/11\/Apresentacao-Triatlo-de-Quarteira-05-11-2021-21.jpg","datePublished":"2021-11-06T12:11:29+00:00","dateModified":"2021-11-06T12:11:32+00:00","description":"Quarteira recebe o Campeonato do Mundo de Triatlo J\u00fanior, Ta\u00e7a da Europa e Campeonato do Mediterr\u00e2neo. Atualidade","breadcrumb":{"@id":"https:\/\/algarve7.pt\/index.php\/2021\/11\/quarteira-recebe-o-campeonato-do-mundo-de-triatlo-junior-taca-da-europa-e-campeonato-do-mediterraneo\/atualidade\/12\/11\/#breadcrumb"},"inLanguage":"pt-PT","potentialAction":[{"@type":"ReadAction","target":["https:\/\/algarve7.pt\/index.php\/2021\/11\/quarteira-recebe-o-campeonato-do-mundo-de-triatlo-junior-taca-da-europa-e-campeonato-do-mediterraneo\/atualidade\/12\/11\/"]}]},{"@type":"ImageObject","inLanguage":"pt-PT","@id":"https:\/\/algarve7.pt\/index.php\/2021\/11\/quarteira-recebe-o-campeonato-do-mundo-de-triatlo-junior-taca-da-europa-e-campeonato-do-mediterraneo\/atualidade\/12\/11\/#primaryimage","url":"https:\/\/algarve7.pt\/wp-content\/uploads\/2021\/11\/Apresentacao-Triatlo-de-Quarteira-05-11-2021-21.jpg","contentUrl":"https:\/\/algarve7.pt\/wp-content\/uploads\/2021\/11\/Apresentacao-Triatlo-de-Quarteira-05-11-2021-21.jpg","width":1920,"height":1280},{"@type":"BreadcrumbList","@id":"https:\/\/algarve7.pt\/index.php\/2021\/11\/quarteira-recebe-o-campeonato-do-mundo-de-triatlo-junior-taca-da-europa-e-campeonato-do-mediterraneo\/atualidade\/12\/11\/#breadcrumb","itemListElement":[{"@type":"ListItem","position":1,"name":"In\u00edcio","item":"https:\/\/algarve7.pt\/"},{"@type":"ListItem","position":2,"name":"Quarteira recebe o Campeonato do Mundo de Triatlo J\u00fanior, Ta\u00e7a da Europa e Campeonato do Mediterr\u00e2neo."}]},{"@type":"WebSite","@id":"https:\/\/algarve7.pt\/#website","url":"https:\/\/algarve7.pt\/","name":"Algarve 7","description":"Informa\u00e7\u00e3o sobre o Algarve","publisher":{"@id":"https:\/\/algarve7.pt\/#organization"},"potentialAction":[{"@type":"SearchAction","target":{"@type":"EntryPoint","urlTemplate":"https:\/\/algarve7.pt\/?s={search_term_string}"},"query-input":{"@type":"PropertyValueSpecification","valueRequired":true,"valueName":"search_term_string"}}],"inLanguage":"pt-PT"},{"@type":"Organization","@id":"https:\/\/algarve7.pt\/#organization","name":"Algarve 7","url":"https:\/\/algarve7.pt\/","logo":{"@type":"ImageObject","inLanguage":"pt-PT","@id":"https:\/\/algarve7.pt\/#\/schema\/logo\/image\/","url":"https:\/\/algarve7.pt\/wp-content\/uploads\/2020\/10\/Logo-8.jpg","contentUrl":"https:\/\/algarve7.pt\/wp-content\/uploads\/2020\/10\/Logo-8.jpg","width":1680,"height":1186,"caption":"Algarve 7"},"image":{"@id":"https:\/\/algarve7.pt\/#\/schema\/logo\/image\/"},"sameAs":["https:\/\/www.facebook.com\/algarve7","https:\/\/x.com\/Algarvesete","https:\/\/www.instagram.com\/jornalalgarve7\/","https:\/\/www.linkedin.com\/company\/algarve7","https:\/\/www.pinterest.pt\/geral0939\/_created\/"]},{"@type":"Person","@id":"https:\/\/algarve7.pt\/#\/schema\/person\/23fa70681308e7b319a3204bcea45e0c","name":"Algarve 7","sameAs":["https:\/\/algarve7.pt","https:\/\/www.facebook.com\/algarve7"],"url":"https:\/\/algarve7.pt\/index.php\/author\/geralalgarve7-pt\/"}]}},"jetpack_publicize_connections":[],"jetpack_featured_media_url":"https:\/\/algarve7.pt\/wp-content\/uploads\/2021\/11\/Apresentacao-Triatlo-de-Quarteira-05-11-2021-21.jpg","jetpack_shortlink":"https:\/\/wp.me\/pcezmW-3kz","jetpack_sharing_enabled":true,"_links":{"self":[{"href":"https:\/\/algarve7.pt\/index.php\/wp-json\/wp\/v2\/posts\/12807","targetHints":{"allow":["GET"]}}],"collection":[{"href":"https:\/\/algarve7.pt\/index.php\/wp-json\/wp\/v2\/posts"}],"about":[{"href":"https:\/\/algarve7.pt\/index.php\/wp-json\/wp\/v2\/types\/post"}],"author":[{"embeddable":true,"href":"https:\/\/algarve7.pt\/index.php\/wp-json\/wp\/v2\/users\/1"}],"replies":[{"embeddable":true,"href":"https:\/\/algarve7.pt\/index.php\/wp-json\/wp\/v2\/comments?post=12807"}],"version-history":[{"count":0,"href":"https:\/\/algarve7.pt\/index.php\/wp-json\/wp\/v2\/posts\/12807\/revisions"}],"wp:featuredmedia":[{"embeddable":true,"href":"https:\/\/algarve7.pt\/index.php\/wp-json\/wp\/v2\/media\/12808"}],"wp:attachment":[{"href":"https:\/\/algarve7.pt\/index.php\/wp-json\/wp\/v2\/media?parent=12807"}],"wp:term":[{"taxonomy":"category","embeddable":true,"href":"https:\/\/algarve7.pt\/index.php\/wp-json\/wp\/v2\/categories?post=12807"},{"taxonomy":"post_tag","embeddable":true,"href":"https:\/\/algarve7.pt\/index.php\/wp-json\/wp\/v2\/tags?post=12807"}],"curies":[{"name":"wp","href":"https:\/\/api.w.org\/{rel}","templated":true}]}}