{"id":12796,"date":"2021-11-05T18:04:17","date_gmt":"2021-11-05T18:04:17","guid":{"rendered":"https:\/\/algarve7.pt\/?p=12796"},"modified":"2021-11-05T18:04:20","modified_gmt":"2021-11-05T18:04:20","slug":"presidente-da-republica-encerra-o-congresso-nacional-da-hotelaria-e-turismo-da-ahp","status":"publish","type":"post","link":"https:\/\/algarve7.pt\/index.php\/2021\/11\/presidente-da-republica-encerra-o-congresso-nacional-da-hotelaria-e-turismo-da-ahp\/turismo\/18\/04\/","title":{"rendered":"Presidente da Rep\u00fablica encerra o  congresso nacional da hotelaria e turismo da AHP"},"content":{"rendered":"\n<p>Est\u00e1 confirmada a presen\u00e7a de Sua Excel\u00eancia o Presidente da Rep\u00fablica no encerramento do Congresso Nacional da Hotelaria e Turismo organizado pela Associa\u00e7\u00e3o da Hotelaria de Portugal (AHP) no Algarve (10 a 12 de novembro).<\/p>\n\n\n\n<p>A abrir os trabalhos, o Congresso conta com a interven\u00e7\u00e3o do&nbsp;<strong>Ministro de Estado, da Economia e da Transi\u00e7\u00e3o Digital, Pedro Siza Vieira<\/strong>, que ser\u00e1 o ponto de partida para os 2 dias de debate.&nbsp;<\/p>\n\n\n\n<p>O Congresso termina no dia 12 de novembro, com as interven\u00e7\u00f5es de Raul Martins, presidente da AHP, que far\u00e1 um balan\u00e7o dos 2 dias de trabalhos, da&nbsp;<strong>Secret\u00e1ria de Estado do Turismo, Rita Marques e&nbsp;<\/strong>do&nbsp;<strong>Presidente da Rep\u00fablica, Marcelo Rebelo de Sousa.<\/strong><\/p>\n\n\n\n<p><strong>PROGRAMA<\/strong><\/p>\n\n\n\n<p>Durante os 2 dias de trabalhos muitos ser\u00e3o os oradores nacionais e internacionais que ir\u00e3o participar&nbsp;&nbsp;pelo Congresso Nacional da Hotelaria e Turismo.&nbsp;<\/p>\n\n\n\n<p>Um dos temas quentes da atualidade do setor ser\u00e1 debatido logo na manh\u00e3 do 1\u00ba dia, no painel&nbsp;<strong>\u201cA import\u00e2ncia da acessibilidade a\u00e9rea na recupera\u00e7\u00e3o do turismo em Portugal\u201d.&nbsp;<\/strong>Moderado por&nbsp;<strong>Ros\u00e1lia Amorim, Diretora do Di\u00e1rio de Not\u00edcias<\/strong>, contaremos com as interven\u00e7\u00f5es de&nbsp;<strong>Christine Ourmi\u00e8res-Widener<\/strong>, CEO da&nbsp;<strong>TAP Portugal<\/strong>;&nbsp;<strong>Thierry Ligonni\u00e8re<\/strong>, CEO da&nbsp;<strong>ANA Aeroportos;&nbsp;<\/strong>e&nbsp;<strong>Jos\u00e9 Lopes<\/strong>, Diretor para Portugal da&nbsp;<strong>Easyjet<\/strong>.<\/p>\n\n\n\n<p>A tarde do 1\u00ba dia abre com uma sess\u00e3o plen\u00e1ria &#8211; centrada sobre&nbsp;&nbsp;<strong>\u201cO Financiamento das empresas hoteleiras\u201d.<\/strong>&nbsp;<strong>Que&nbsp;instrumentos&nbsp;e ve\u00edculos&nbsp;existem&nbsp;ou est\u00e3o a ser desenhados?&nbsp;Para que&nbsp;destinat\u00e1rios?&nbsp;Por quem e como ser\u00e3o mobilizados?<\/strong>&nbsp;<strong>Que articula\u00e7\u00e3o entre os sectores p\u00fablico e privado?&nbsp;<\/strong><strong>Jorge Marr\u00e3o, partner da Deloitte<\/strong>, ir\u00e1 conduzir este 3\u00ba painel que ter\u00e1 como convidados&nbsp;<strong>Beatriz Freitas<\/strong>, CEO do&nbsp;<strong>Banco Portugu\u00eas de Fomento<\/strong>;&nbsp;<strong>Javier Ar\u00fas<\/strong>,&nbsp;Managing Partner \u2013 Hotels<strong>&nbsp;<\/strong>do&nbsp;<strong>AZORA Group;<\/strong>&nbsp;e<strong>&nbsp;Jo\u00e3o Veiga Anjos,&nbsp;<\/strong>Head of Corporate Investment Bank do&nbsp;<strong>Santander.<\/strong><\/p>\n\n\n\n<p>As 3 sess\u00f5es paralelas s\u00e3o outra das&nbsp;&nbsp;novidades deste Congresso. Depois de ter anunciado a sess\u00e3o sobre o \u201cCapital Humano\u201d, a organiza\u00e7\u00e3o do Congresso divulga agora os oradores das outras 2 sess\u00f5es:&nbsp;&nbsp;<strong>\u201cDigitaliza\u00e7\u00e3o das empresas hoteleiras\u201d<\/strong>&nbsp;\u00e9 a sess\u00e3o moderada por&nbsp;<strong>Duarte d\u2019E\u00e7a Leal<\/strong>, Founder of&nbsp;<strong>The Independente Collective, REBEL &amp; Convex Capital<\/strong>, e que conta com as interven\u00e7\u00f5es de&nbsp;<strong>John Antunes<\/strong>, Executive Director dos&nbsp;<strong>SANA Hotels<\/strong>;&nbsp;<strong>Teresa Barros<\/strong>,&nbsp;Founder&nbsp;&amp; CEO da&nbsp;<strong>Xpose<\/strong>&nbsp;;&nbsp;<strong>Ricardo Valente<\/strong>, vereador economia, turismo e com\u00e9rcio na&nbsp;<strong>C\u00e2mara Municipal do Porto; e Miguel Barbosa<\/strong>,&nbsp;Investment&nbsp;Director&nbsp;de Turismo na&nbsp;<strong>Portugal&nbsp;Ventures<\/strong>.<\/p>\n\n\n\n<p><strong>A \u00faltima sess\u00e3o&nbsp;&nbsp;\u00e9 sobre \u201cSustentabilidade do neg\u00f3cio e responsabilidade das empresas\u201d:&nbsp;<\/strong><em>\u201cBuilt back better<\/em>\u201d enquanto<em>&nbsp;<\/em>&nbsp;oportunidade para as empresas capturarem os benef\u00edcios da ado\u00e7\u00e3o do [cada vez mais incontorn\u00e1vel]&nbsp;<em>framework ESG (Environmental, Social and Governance<\/em>).<\/p>\n\n\n\n<p>Como Keynote Speaker,<em>&nbsp;<\/em><strong>Margarida Couto,&nbsp;<\/strong>S\u00f3cia da<strong>&nbsp;Vieira&nbsp;de&nbsp;Almeida &amp; Associados&nbsp;<\/strong>e Presidente do<strong>GRACE \u2013 Associa\u00e7\u00e3o Empresas Respons\u00e1veis<\/strong>,&nbsp;<strong>Na mesa redonda contamos com Rebeca \u00c1vila,&nbsp;<\/strong>VP Comunica\u00e7\u00e3o &amp; Responsabilidade Social Corporativa para a Europa do Sul do<strong>&nbsp;Grupo Accor; Leonor Pic\u00e3o,&nbsp;<\/strong>diretora coordenadora da Valoriza\u00e7\u00e3o da Oferta do<strong>&nbsp;Turismo de Portugal<\/strong>; e<strong>&nbsp;Eduardo Moura,&nbsp;<\/strong>diretor-adjunto de Sustentabilidade da<strong>&nbsp;EDP.<br><\/strong>A modera\u00e7\u00e3o fica a cargo de<strong>&nbsp;Cristina Siza Vieira,&nbsp;<\/strong>vice-presidente executiva da<strong>&nbsp;AHP.<\/strong><\/p>\n\n\n\n<p><strong>INSCRI\u00c7\u00d5ES&nbsp;<\/strong><\/p>\n\n\n\n<p>\u00daltimos dias para os interessados se inscreverem. Data limite: at\u00e9 dia 5 de novembro. Como a\u00a0AHP tem vindo a anunciar, este ano, a organiza\u00e7\u00e3o\u00a0<strong><u>oferece uma inscri\u00e7\u00e3o por unidade hoteleira associada<\/u><\/strong>.<strong>Para saber todas as novidades e consultar o programa do Congresso, visite o site do evento:<\/strong><a href=\"https:\/\/congresso.hoteis-portugal.pt\/\" target=\"_blank\" rel=\"noreferrer noopener\">https:\/\/congresso.hoteis-portugal.pt<\/a><\/p>\n","protected":false},"excerpt":{"rendered":"<p>Est\u00e1 confirmada a presen\u00e7a de Sua Excel\u00eancia o Presidente da Rep\u00fablica no encerramento do Congresso Nacional da Hotelaria e Turismo<\/p>\n","protected":false},"author":1,"featured_media":11908,"comment_status":"open","ping_status":"open","sticky":false,"template":"","format":"standard","meta":{"colormag_page_container_layout":"default_layout","colormag_page_sidebar_layout":"default_layout","_monsterinsights_skip_tracking":false,"_monsterinsights_sitenote_active":false,"_monsterinsights_sitenote_note":"","_monsterinsights_sitenote_category":0,"jetpack_post_was_ever_published":false,"_jetpack_newsletter_access":"","_jetpack_dont_email_post_to_subs":false,"_jetpack_newsletter_tier_id":0,"_jetpack_memberships_contains_paywalled_content":false,"_jetpack_memberships_contains_paid_content":false,"footnotes":"","jetpack_publicize_message":"","jetpack_publicize_feature_enabled":true,"jetpack_social_post_already_shared":true,"jetpack_social_options":{"image_generator_settings":{"template":"highway","default_image_id":0,"font":"","enabled":false},"version":2}},"categories":[17],"tags":[186,36,45],"class_list":["post-12796","post","type-post","status-publish","format-standard","has-post-thumbnail","hentry","category-turismo","tag-ahp","tag-algarve","tag-turismo"],"yoast_head":"<!-- This site is optimized with the Yoast SEO plugin v27.5 - https:\/\/yoast.com\/product\/yoast-seo-wordpress\/ -->\n<title>Presidente da Rep\u00fablica encerra o congresso nacional da hotelaria e turismo da AHP - Algarve 7<\/title>\n<meta name=\"description\" content=\"Presidente da Rep\u00fablica encerra o congresso nacional da hotelaria e turismo da AHP Turismo\" \/>\n<meta name=\"robots\" content=\"index, follow, max-snippet:-1, max-image-preview:large, max-video-preview:-1\" \/>\n<link rel=\"canonical\" href=\"https:\/\/algarve7.pt\/index.php\/2021\/11\/presidente-da-republica-encerra-o-congresso-nacional-da-hotelaria-e-turismo-da-ahp\/turismo\/18\/04\/\" \/>\n<meta property=\"og:locale\" content=\"pt_PT\" \/>\n<meta property=\"og:type\" content=\"article\" \/>\n<meta property=\"og:title\" content=\"Presidente da Rep\u00fablica encerra o congresso nacional da hotelaria e turismo da AHP - Algarve 7\" \/>\n<meta property=\"og:description\" content=\"Presidente da Rep\u00fablica encerra o congresso nacional da hotelaria e turismo da AHP Turismo\" \/>\n<meta property=\"og:url\" content=\"https:\/\/algarve7.pt\/index.php\/2021\/11\/presidente-da-republica-encerra-o-congresso-nacional-da-hotelaria-e-turismo-da-ahp\/turismo\/18\/04\/\" \/>\n<meta property=\"og:site_name\" content=\"Algarve 7\" \/>\n<meta property=\"article:publisher\" content=\"https:\/\/www.facebook.com\/algarve7\" \/>\n<meta property=\"article:author\" content=\"https:\/\/www.facebook.com\/algarve7\" \/>\n<meta property=\"article:published_time\" content=\"2021-11-05T18:04:17+00:00\" \/>\n<meta property=\"article:modified_time\" content=\"2021-11-05T18:04:20+00:00\" \/>\n<meta property=\"og:image\" content=\"https:\/\/algarve7.pt\/wp-content\/uploads\/2021\/10\/AHP_Congresso-Nacional-da-Hotelaria-e-Turismo-2021.jpg\" \/>\n\t<meta property=\"og:image:width\" content=\"820\" \/>\n\t<meta property=\"og:image:height\" content=\"360\" \/>\n\t<meta property=\"og:image:type\" content=\"image\/jpeg\" \/>\n<meta name=\"author\" content=\"Algarve 7\" \/>\n<meta name=\"twitter:card\" content=\"summary_large_image\" \/>\n<meta name=\"twitter:creator\" content=\"@Algarvesete\" \/>\n<meta name=\"twitter:site\" content=\"@Algarvesete\" \/>\n<meta name=\"twitter:label1\" content=\"Escrito por\" \/>\n\t<meta name=\"twitter:data1\" content=\"Algarve 7\" \/>\n\t<meta name=\"twitter:label2\" content=\"Tempo estimado de leitura\" \/>\n\t<meta name=\"twitter:data2\" content=\"3 minutos\" \/>\n<script type=\"application\/ld+json\" class=\"yoast-schema-graph\">{\"@context\":\"https:\\\/\\\/schema.org\",\"@graph\":[{\"@type\":\"Article\",\"@id\":\"https:\\\/\\\/algarve7.pt\\\/index.php\\\/2021\\\/11\\\/presidente-da-republica-encerra-o-congresso-nacional-da-hotelaria-e-turismo-da-ahp\\\/turismo\\\/18\\\/04\\\/#article\",\"isPartOf\":{\"@id\":\"https:\\\/\\\/algarve7.pt\\\/index.php\\\/2021\\\/11\\\/presidente-da-republica-encerra-o-congresso-nacional-da-hotelaria-e-turismo-da-ahp\\\/turismo\\\/18\\\/04\\\/\"},\"author\":{\"name\":\"Algarve 7\",\"@id\":\"https:\\\/\\\/algarve7.pt\\\/#\\\/schema\\\/person\\\/23fa70681308e7b319a3204bcea45e0c\"},\"headline\":\"Presidente da Rep\u00fablica encerra o congresso nacional da hotelaria e turismo da AHP\",\"datePublished\":\"2021-11-05T18:04:17+00:00\",\"dateModified\":\"2021-11-05T18:04:20+00:00\",\"mainEntityOfPage\":{\"@id\":\"https:\\\/\\\/algarve7.pt\\\/index.php\\\/2021\\\/11\\\/presidente-da-republica-encerra-o-congresso-nacional-da-hotelaria-e-turismo-da-ahp\\\/turismo\\\/18\\\/04\\\/\"},\"wordCount\":688,\"commentCount\":0,\"publisher\":{\"@id\":\"https:\\\/\\\/algarve7.pt\\\/#organization\"},\"image\":{\"@id\":\"https:\\\/\\\/algarve7.pt\\\/index.php\\\/2021\\\/11\\\/presidente-da-republica-encerra-o-congresso-nacional-da-hotelaria-e-turismo-da-ahp\\\/turismo\\\/18\\\/04\\\/#primaryimage\"},\"thumbnailUrl\":\"https:\\\/\\\/algarve7.pt\\\/wp-content\\\/uploads\\\/2021\\\/10\\\/AHP_Congresso-Nacional-da-Hotelaria-e-Turismo-2021.jpg\",\"keywords\":[\"AHP\",\"Algarve\",\"Turismo\"],\"articleSection\":[\"Turismo\"],\"inLanguage\":\"pt-PT\",\"potentialAction\":[{\"@type\":\"CommentAction\",\"name\":\"Comment\",\"target\":[\"https:\\\/\\\/algarve7.pt\\\/index.php\\\/2021\\\/11\\\/presidente-da-republica-encerra-o-congresso-nacional-da-hotelaria-e-turismo-da-ahp\\\/turismo\\\/18\\\/04\\\/#respond\"]}]},{\"@type\":\"WebPage\",\"@id\":\"https:\\\/\\\/algarve7.pt\\\/index.php\\\/2021\\\/11\\\/presidente-da-republica-encerra-o-congresso-nacional-da-hotelaria-e-turismo-da-ahp\\\/turismo\\\/18\\\/04\\\/\",\"url\":\"https:\\\/\\\/algarve7.pt\\\/index.php\\\/2021\\\/11\\\/presidente-da-republica-encerra-o-congresso-nacional-da-hotelaria-e-turismo-da-ahp\\\/turismo\\\/18\\\/04\\\/\",\"name\":\"Presidente da Rep\u00fablica encerra o congresso nacional da hotelaria e turismo da AHP - Algarve 7\",\"isPartOf\":{\"@id\":\"https:\\\/\\\/algarve7.pt\\\/#website\"},\"primaryImageOfPage\":{\"@id\":\"https:\\\/\\\/algarve7.pt\\\/index.php\\\/2021\\\/11\\\/presidente-da-republica-encerra-o-congresso-nacional-da-hotelaria-e-turismo-da-ahp\\\/turismo\\\/18\\\/04\\\/#primaryimage\"},\"image\":{\"@id\":\"https:\\\/\\\/algarve7.pt\\\/index.php\\\/2021\\\/11\\\/presidente-da-republica-encerra-o-congresso-nacional-da-hotelaria-e-turismo-da-ahp\\\/turismo\\\/18\\\/04\\\/#primaryimage\"},\"thumbnailUrl\":\"https:\\\/\\\/algarve7.pt\\\/wp-content\\\/uploads\\\/2021\\\/10\\\/AHP_Congresso-Nacional-da-Hotelaria-e-Turismo-2021.jpg\",\"datePublished\":\"2021-11-05T18:04:17+00:00\",\"dateModified\":\"2021-11-05T18:04:20+00:00\",\"description\":\"Presidente da Rep\u00fablica encerra o congresso nacional da hotelaria e turismo da AHP Turismo\",\"breadcrumb\":{\"@id\":\"https:\\\/\\\/algarve7.pt\\\/index.php\\\/2021\\\/11\\\/presidente-da-republica-encerra-o-congresso-nacional-da-hotelaria-e-turismo-da-ahp\\\/turismo\\\/18\\\/04\\\/#breadcrumb\"},\"inLanguage\":\"pt-PT\",\"potentialAction\":[{\"@type\":\"ReadAction\",\"target\":[\"https:\\\/\\\/algarve7.pt\\\/index.php\\\/2021\\\/11\\\/presidente-da-republica-encerra-o-congresso-nacional-da-hotelaria-e-turismo-da-ahp\\\/turismo\\\/18\\\/04\\\/\"]}]},{\"@type\":\"ImageObject\",\"inLanguage\":\"pt-PT\",\"@id\":\"https:\\\/\\\/algarve7.pt\\\/index.php\\\/2021\\\/11\\\/presidente-da-republica-encerra-o-congresso-nacional-da-hotelaria-e-turismo-da-ahp\\\/turismo\\\/18\\\/04\\\/#primaryimage\",\"url\":\"https:\\\/\\\/algarve7.pt\\\/wp-content\\\/uploads\\\/2021\\\/10\\\/AHP_Congresso-Nacional-da-Hotelaria-e-Turismo-2021.jpg\",\"contentUrl\":\"https:\\\/\\\/algarve7.pt\\\/wp-content\\\/uploads\\\/2021\\\/10\\\/AHP_Congresso-Nacional-da-Hotelaria-e-Turismo-2021.jpg\",\"width\":820,\"height\":360},{\"@type\":\"BreadcrumbList\",\"@id\":\"https:\\\/\\\/algarve7.pt\\\/index.php\\\/2021\\\/11\\\/presidente-da-republica-encerra-o-congresso-nacional-da-hotelaria-e-turismo-da-ahp\\\/turismo\\\/18\\\/04\\\/#breadcrumb\",\"itemListElement\":[{\"@type\":\"ListItem\",\"position\":1,\"name\":\"In\u00edcio\",\"item\":\"https:\\\/\\\/algarve7.pt\\\/\"},{\"@type\":\"ListItem\",\"position\":2,\"name\":\"Presidente da Rep\u00fablica encerra o congresso nacional da hotelaria e turismo da AHP\"}]},{\"@type\":\"WebSite\",\"@id\":\"https:\\\/\\\/algarve7.pt\\\/#website\",\"url\":\"https:\\\/\\\/algarve7.pt\\\/\",\"name\":\"Algarve 7\",\"description\":\"Informa\u00e7\u00e3o sobre o Algarve\",\"publisher\":{\"@id\":\"https:\\\/\\\/algarve7.pt\\\/#organization\"},\"potentialAction\":[{\"@type\":\"SearchAction\",\"target\":{\"@type\":\"EntryPoint\",\"urlTemplate\":\"https:\\\/\\\/algarve7.pt\\\/?s={search_term_string}\"},\"query-input\":{\"@type\":\"PropertyValueSpecification\",\"valueRequired\":true,\"valueName\":\"search_term_string\"}}],\"inLanguage\":\"pt-PT\"},{\"@type\":\"Organization\",\"@id\":\"https:\\\/\\\/algarve7.pt\\\/#organization\",\"name\":\"Algarve 7\",\"url\":\"https:\\\/\\\/algarve7.pt\\\/\",\"logo\":{\"@type\":\"ImageObject\",\"inLanguage\":\"pt-PT\",\"@id\":\"https:\\\/\\\/algarve7.pt\\\/#\\\/schema\\\/logo\\\/image\\\/\",\"url\":\"https:\\\/\\\/algarve7.pt\\\/wp-content\\\/uploads\\\/2020\\\/10\\\/Logo-8.jpg\",\"contentUrl\":\"https:\\\/\\\/algarve7.pt\\\/wp-content\\\/uploads\\\/2020\\\/10\\\/Logo-8.jpg\",\"width\":1680,\"height\":1186,\"caption\":\"Algarve 7\"},\"image\":{\"@id\":\"https:\\\/\\\/algarve7.pt\\\/#\\\/schema\\\/logo\\\/image\\\/\"},\"sameAs\":[\"https:\\\/\\\/www.facebook.com\\\/algarve7\",\"https:\\\/\\\/x.com\\\/Algarvesete\",\"https:\\\/\\\/www.instagram.com\\\/jornalalgarve7\\\/\",\"https:\\\/\\\/www.linkedin.com\\\/company\\\/algarve7\",\"https:\\\/\\\/www.pinterest.pt\\\/geral0939\\\/_created\\\/\"]},{\"@type\":\"Person\",\"@id\":\"https:\\\/\\\/algarve7.pt\\\/#\\\/schema\\\/person\\\/23fa70681308e7b319a3204bcea45e0c\",\"name\":\"Algarve 7\",\"sameAs\":[\"https:\\\/\\\/algarve7.pt\",\"https:\\\/\\\/www.facebook.com\\\/algarve7\"],\"url\":\"https:\\\/\\\/algarve7.pt\\\/index.php\\\/author\\\/geralalgarve7-pt\\\/\"}]}<\/script>\n<!-- \/ Yoast SEO plugin. -->","yoast_head_json":{"title":"Presidente da Rep\u00fablica encerra o congresso nacional da hotelaria e turismo da AHP - Algarve 7","description":"Presidente da Rep\u00fablica encerra o congresso nacional da hotelaria e turismo da AHP Turismo","robots":{"index":"index","follow":"follow","max-snippet":"max-snippet:-1","max-image-preview":"max-image-preview:large","max-video-preview":"max-video-preview:-1"},"canonical":"https:\/\/algarve7.pt\/index.php\/2021\/11\/presidente-da-republica-encerra-o-congresso-nacional-da-hotelaria-e-turismo-da-ahp\/turismo\/18\/04\/","og_locale":"pt_PT","og_type":"article","og_title":"Presidente da Rep\u00fablica encerra o congresso nacional da hotelaria e turismo da AHP - Algarve 7","og_description":"Presidente da Rep\u00fablica encerra o congresso nacional da hotelaria e turismo da AHP Turismo","og_url":"https:\/\/algarve7.pt\/index.php\/2021\/11\/presidente-da-republica-encerra-o-congresso-nacional-da-hotelaria-e-turismo-da-ahp\/turismo\/18\/04\/","og_site_name":"Algarve 7","article_publisher":"https:\/\/www.facebook.com\/algarve7","article_author":"https:\/\/www.facebook.com\/algarve7","article_published_time":"2021-11-05T18:04:17+00:00","article_modified_time":"2021-11-05T18:04:20+00:00","og_image":[{"width":820,"height":360,"url":"https:\/\/algarve7.pt\/wp-content\/uploads\/2021\/10\/AHP_Congresso-Nacional-da-Hotelaria-e-Turismo-2021.jpg","type":"image\/jpeg"}],"author":"Algarve 7","twitter_card":"summary_large_image","twitter_creator":"@Algarvesete","twitter_site":"@Algarvesete","twitter_misc":{"Escrito por":"Algarve 7","Tempo estimado de leitura":"3 minutos"},"schema":{"@context":"https:\/\/schema.org","@graph":[{"@type":"Article","@id":"https:\/\/algarve7.pt\/index.php\/2021\/11\/presidente-da-republica-encerra-o-congresso-nacional-da-hotelaria-e-turismo-da-ahp\/turismo\/18\/04\/#article","isPartOf":{"@id":"https:\/\/algarve7.pt\/index.php\/2021\/11\/presidente-da-republica-encerra-o-congresso-nacional-da-hotelaria-e-turismo-da-ahp\/turismo\/18\/04\/"},"author":{"name":"Algarve 7","@id":"https:\/\/algarve7.pt\/#\/schema\/person\/23fa70681308e7b319a3204bcea45e0c"},"headline":"Presidente da Rep\u00fablica encerra o congresso nacional da hotelaria e turismo da AHP","datePublished":"2021-11-05T18:04:17+00:00","dateModified":"2021-11-05T18:04:20+00:00","mainEntityOfPage":{"@id":"https:\/\/algarve7.pt\/index.php\/2021\/11\/presidente-da-republica-encerra-o-congresso-nacional-da-hotelaria-e-turismo-da-ahp\/turismo\/18\/04\/"},"wordCount":688,"commentCount":0,"publisher":{"@id":"https:\/\/algarve7.pt\/#organization"},"image":{"@id":"https:\/\/algarve7.pt\/index.php\/2021\/11\/presidente-da-republica-encerra-o-congresso-nacional-da-hotelaria-e-turismo-da-ahp\/turismo\/18\/04\/#primaryimage"},"thumbnailUrl":"https:\/\/algarve7.pt\/wp-content\/uploads\/2021\/10\/AHP_Congresso-Nacional-da-Hotelaria-e-Turismo-2021.jpg","keywords":["AHP","Algarve","Turismo"],"articleSection":["Turismo"],"inLanguage":"pt-PT","potentialAction":[{"@type":"CommentAction","name":"Comment","target":["https:\/\/algarve7.pt\/index.php\/2021\/11\/presidente-da-republica-encerra-o-congresso-nacional-da-hotelaria-e-turismo-da-ahp\/turismo\/18\/04\/#respond"]}]},{"@type":"WebPage","@id":"https:\/\/algarve7.pt\/index.php\/2021\/11\/presidente-da-republica-encerra-o-congresso-nacional-da-hotelaria-e-turismo-da-ahp\/turismo\/18\/04\/","url":"https:\/\/algarve7.pt\/index.php\/2021\/11\/presidente-da-republica-encerra-o-congresso-nacional-da-hotelaria-e-turismo-da-ahp\/turismo\/18\/04\/","name":"Presidente da Rep\u00fablica encerra o congresso nacional da hotelaria e turismo da AHP - Algarve 7","isPartOf":{"@id":"https:\/\/algarve7.pt\/#website"},"primaryImageOfPage":{"@id":"https:\/\/algarve7.pt\/index.php\/2021\/11\/presidente-da-republica-encerra-o-congresso-nacional-da-hotelaria-e-turismo-da-ahp\/turismo\/18\/04\/#primaryimage"},"image":{"@id":"https:\/\/algarve7.pt\/index.php\/2021\/11\/presidente-da-republica-encerra-o-congresso-nacional-da-hotelaria-e-turismo-da-ahp\/turismo\/18\/04\/#primaryimage"},"thumbnailUrl":"https:\/\/algarve7.pt\/wp-content\/uploads\/2021\/10\/AHP_Congresso-Nacional-da-Hotelaria-e-Turismo-2021.jpg","datePublished":"2021-11-05T18:04:17+00:00","dateModified":"2021-11-05T18:04:20+00:00","description":"Presidente da Rep\u00fablica encerra o congresso nacional da hotelaria e turismo da AHP Turismo","breadcrumb":{"@id":"https:\/\/algarve7.pt\/index.php\/2021\/11\/presidente-da-republica-encerra-o-congresso-nacional-da-hotelaria-e-turismo-da-ahp\/turismo\/18\/04\/#breadcrumb"},"inLanguage":"pt-PT","potentialAction":[{"@type":"ReadAction","target":["https:\/\/algarve7.pt\/index.php\/2021\/11\/presidente-da-republica-encerra-o-congresso-nacional-da-hotelaria-e-turismo-da-ahp\/turismo\/18\/04\/"]}]},{"@type":"ImageObject","inLanguage":"pt-PT","@id":"https:\/\/algarve7.pt\/index.php\/2021\/11\/presidente-da-republica-encerra-o-congresso-nacional-da-hotelaria-e-turismo-da-ahp\/turismo\/18\/04\/#primaryimage","url":"https:\/\/algarve7.pt\/wp-content\/uploads\/2021\/10\/AHP_Congresso-Nacional-da-Hotelaria-e-Turismo-2021.jpg","contentUrl":"https:\/\/algarve7.pt\/wp-content\/uploads\/2021\/10\/AHP_Congresso-Nacional-da-Hotelaria-e-Turismo-2021.jpg","width":820,"height":360},{"@type":"BreadcrumbList","@id":"https:\/\/algarve7.pt\/index.php\/2021\/11\/presidente-da-republica-encerra-o-congresso-nacional-da-hotelaria-e-turismo-da-ahp\/turismo\/18\/04\/#breadcrumb","itemListElement":[{"@type":"ListItem","position":1,"name":"In\u00edcio","item":"https:\/\/algarve7.pt\/"},{"@type":"ListItem","position":2,"name":"Presidente da Rep\u00fablica encerra o congresso nacional da hotelaria e turismo da AHP"}]},{"@type":"WebSite","@id":"https:\/\/algarve7.pt\/#website","url":"https:\/\/algarve7.pt\/","name":"Algarve 7","description":"Informa\u00e7\u00e3o sobre o Algarve","publisher":{"@id":"https:\/\/algarve7.pt\/#organization"},"potentialAction":[{"@type":"SearchAction","target":{"@type":"EntryPoint","urlTemplate":"https:\/\/algarve7.pt\/?s={search_term_string}"},"query-input":{"@type":"PropertyValueSpecification","valueRequired":true,"valueName":"search_term_string"}}],"inLanguage":"pt-PT"},{"@type":"Organization","@id":"https:\/\/algarve7.pt\/#organization","name":"Algarve 7","url":"https:\/\/algarve7.pt\/","logo":{"@type":"ImageObject","inLanguage":"pt-PT","@id":"https:\/\/algarve7.pt\/#\/schema\/logo\/image\/","url":"https:\/\/algarve7.pt\/wp-content\/uploads\/2020\/10\/Logo-8.jpg","contentUrl":"https:\/\/algarve7.pt\/wp-content\/uploads\/2020\/10\/Logo-8.jpg","width":1680,"height":1186,"caption":"Algarve 7"},"image":{"@id":"https:\/\/algarve7.pt\/#\/schema\/logo\/image\/"},"sameAs":["https:\/\/www.facebook.com\/algarve7","https:\/\/x.com\/Algarvesete","https:\/\/www.instagram.com\/jornalalgarve7\/","https:\/\/www.linkedin.com\/company\/algarve7","https:\/\/www.pinterest.pt\/geral0939\/_created\/"]},{"@type":"Person","@id":"https:\/\/algarve7.pt\/#\/schema\/person\/23fa70681308e7b319a3204bcea45e0c","name":"Algarve 7","sameAs":["https:\/\/algarve7.pt","https:\/\/www.facebook.com\/algarve7"],"url":"https:\/\/algarve7.pt\/index.php\/author\/geralalgarve7-pt\/"}]}},"jetpack_publicize_connections":[],"jetpack_featured_media_url":"https:\/\/algarve7.pt\/wp-content\/uploads\/2021\/10\/AHP_Congresso-Nacional-da-Hotelaria-e-Turismo-2021.jpg","jetpack_shortlink":"https:\/\/wp.me\/pcezmW-3ko","jetpack_sharing_enabled":true,"_links":{"self":[{"href":"https:\/\/algarve7.pt\/index.php\/wp-json\/wp\/v2\/posts\/12796","targetHints":{"allow":["GET"]}}],"collection":[{"href":"https:\/\/algarve7.pt\/index.php\/wp-json\/wp\/v2\/posts"}],"about":[{"href":"https:\/\/algarve7.pt\/index.php\/wp-json\/wp\/v2\/types\/post"}],"author":[{"embeddable":true,"href":"https:\/\/algarve7.pt\/index.php\/wp-json\/wp\/v2\/users\/1"}],"replies":[{"embeddable":true,"href":"https:\/\/algarve7.pt\/index.php\/wp-json\/wp\/v2\/comments?post=12796"}],"version-history":[{"count":0,"href":"https:\/\/algarve7.pt\/index.php\/wp-json\/wp\/v2\/posts\/12796\/revisions"}],"wp:featuredmedia":[{"embeddable":true,"href":"https:\/\/algarve7.pt\/index.php\/wp-json\/wp\/v2\/media\/11908"}],"wp:attachment":[{"href":"https:\/\/algarve7.pt\/index.php\/wp-json\/wp\/v2\/media?parent=12796"}],"wp:term":[{"taxonomy":"category","embeddable":true,"href":"https:\/\/algarve7.pt\/index.php\/wp-json\/wp\/v2\/categories?post=12796"},{"taxonomy":"post_tag","embeddable":true,"href":"https:\/\/algarve7.pt\/index.php\/wp-json\/wp\/v2\/tags?post=12796"}],"curies":[{"name":"wp","href":"https:\/\/api.w.org\/{rel}","templated":true}]}}