{"id":12768,"date":"2021-11-05T09:19:00","date_gmt":"2021-11-05T09:19:00","guid":{"rendered":"https:\/\/algarve7.pt\/?p=12768"},"modified":"2021-11-04T17:21:26","modified_gmt":"2021-11-04T17:21:26","slug":"exposicao-sobre-a-saude-em-loule-no-seculo-xx-distinguida-pela-associacao-portuguesa-de-museologia","status":"publish","type":"post","link":"https:\/\/algarve7.pt\/index.php\/2021\/11\/exposicao-sobre-a-saude-em-loule-no-seculo-xx-distinguida-pela-associacao-portuguesa-de-museologia\/cultura\/09\/19\/","title":{"rendered":"Exposi\u00e7\u00e3o sobre a sa\u00fade em Loul\u00e9 no s\u00e9culo xx distinguida pela associa\u00e7\u00e3o portuguesa de museologia"},"content":{"rendered":"\n<p>O Museu Municipal de Loul\u00e9 recebeu a Men\u00e7\u00e3o Honrosa nos Pr\u00e9mios APOM 2021, atribu\u00eddo pela Associa\u00e7\u00e3o Portuguesa de Museologia na categoria de \u201cExposi\u00e7\u00e3o Tempor\u00e1ria\u201d, pela organiza\u00e7\u00e3o da exposi\u00e7\u00e3o \u201cA Sa\u00fade de uma Comunidade \u2013 Loul\u00e9 na 1\u00aa metade do s\u00e9culo XX\u201d, patente ao p\u00fablico na Casa Mem\u00f3ria do S\u00e9culo XX, Edif\u00edcio Eng.\u00ba Duarte Pacheco, desde novembro de 2020.<\/p>\n\n\n\n<p>Destinado a todos os profissionais e institui\u00e7\u00f5es portuguesas que trabalham na \u00e1rea da Museologia e Patrim\u00f3nio, nomeadamente museus, autarquias, institui\u00e7\u00f5es do ensino superior, centros de investiga\u00e7\u00e3o, funda\u00e7\u00f5es e associa\u00e7\u00f5es, entre outras entidades, esta iniciativa distinguiu projetos concretizados exclusivamente em 2020, em 32 categorias. Relativamente \u00e0 categoria em que Loul\u00e9 foi premiado, pretendeu-se, enaltecer a exposi\u00e7\u00e3o tempor\u00e1ria \u201ccomo instrumento de atra\u00e7\u00e3o dos p\u00fablicos ao museu, como meio de expor cole\u00e7\u00f5es em reserva e como estrat\u00e9gia de desenvolvimento de conte\u00fados que se inserem na miss\u00e3o da institui\u00e7\u00e3o museol\u00f3gica\u201d.<\/p>\n\n\n\n<p>\u201cA Sa\u00fade de uma Comunidade\u201d pretende homenagear m\u00e9dicos e outros profissionais que ao longo da primeira metade do s\u00e9culo XX ajudaram a popula\u00e7\u00e3o louletana a fazer frente a doen\u00e7as, costumes e preconceitos culturais que pouco favoreciam a promo\u00e7\u00e3o da sa\u00fade.<\/p>\n\n\n\n<p>O papel de relevo de m\u00e9dicos como Geraldino Brites e Jos\u00e9 Bernardo Lopes pela dedica\u00e7\u00e3o \u00e0 defesa da sa\u00fade p\u00fablica, para al\u00e9m do apoio da C\u00e2mara Municipal ao setor, n\u00e3o s\u00f3 em termos de sensibiliza\u00e7\u00e3o para a preven\u00e7\u00e3o de doen\u00e7as como no que toca ao financiamento, a import\u00e2ncia hist\u00f3rica do Hospital da Miseric\u00f3rdia na assist\u00eancia m\u00e9dica da cidade, a pneum\u00f3nica e as suas consequ\u00eancias demogr\u00e1ficas, para al\u00e9m da exist\u00eancia de uma medicina \u201calternativa\u201d assente nos saberes tradicionais, nas ervas e plantas e no recurso \u00e0 f\u00e9 atrav\u00e9s de ora\u00e7\u00f5es e ex-votos s\u00e3o alguns dos temas em destaque nesta exposi\u00e7\u00e3o. Neste espa\u00e7o expositivo \u00e9 poss\u00edvel ver verdadeiras rel\u00edquias utilizadas nos procedimentos m\u00e9dicos.<\/p>\n\n\n\n<p>De real\u00e7ar que, curiosamente, este trabalho do Munic\u00edpio de Loul\u00e9 come\u00e7ou ainda antes do in\u00edcio da pandemia e vem sublinhar a import\u00e2ncia da Sa\u00fade tanto no s\u00e9culo passado como na atualidade, dois tempos em que a sa\u00fade p\u00fablica enfrentou grandes desafios.<\/p>\n","protected":false},"excerpt":{"rendered":"<p>O Museu Municipal de Loul\u00e9 recebeu a Men\u00e7\u00e3o Honrosa nos Pr\u00e9mios APOM 2021, atribu\u00eddo pela Associa\u00e7\u00e3o Portuguesa de Museologia na<\/p>\n","protected":false},"author":1,"featured_media":12769,"comment_status":"open","ping_status":"open","sticky":false,"template":"","format":"standard","meta":{"colormag_page_container_layout":"default_layout","colormag_page_sidebar_layout":"default_layout","_monsterinsights_skip_tracking":false,"_monsterinsights_sitenote_active":false,"_monsterinsights_sitenote_note":"","_monsterinsights_sitenote_category":0,"jetpack_post_was_ever_published":false,"_jetpack_newsletter_access":"","_jetpack_dont_email_post_to_subs":false,"_jetpack_newsletter_tier_id":0,"_jetpack_memberships_contains_paywalled_content":false,"_jetpack_memberships_contains_paid_content":false,"footnotes":"","jetpack_publicize_message":"","jetpack_publicize_feature_enabled":true,"jetpack_social_post_already_shared":true,"jetpack_social_options":{"image_generator_settings":{"template":"highway","default_image_id":0,"font":"","enabled":false},"version":2}},"categories":[14],"tags":[36,35,66,31,508,80],"class_list":["post-12768","post","type-post","status-publish","format-standard","has-post-thumbnail","hentry","category-cultura","tag-algarve","tag-cultura","tag-exposicao","tag-loule","tag-museu-municipal-de-loule","tag-premio"],"yoast_head":"<!-- This site is optimized with the Yoast SEO plugin v27.5 - https:\/\/yoast.com\/product\/yoast-seo-wordpress\/ -->\n<title>Exposi\u00e7\u00e3o sobre a sa\u00fade em Loul\u00e9 no s\u00e9culo xx distinguida pela associa\u00e7\u00e3o portuguesa de museologia - Algarve 7<\/title>\n<meta name=\"description\" content=\"Exposi\u00e7\u00e3o sobre a sa\u00fade em Loul\u00e9 no s\u00e9culo xx distinguida pela associa\u00e7\u00e3o portuguesa de museologia Cultura\" \/>\n<meta name=\"robots\" content=\"index, follow, max-snippet:-1, max-image-preview:large, max-video-preview:-1\" \/>\n<link rel=\"canonical\" href=\"https:\/\/algarve7.pt\/index.php\/2021\/11\/exposicao-sobre-a-saude-em-loule-no-seculo-xx-distinguida-pela-associacao-portuguesa-de-museologia\/cultura\/09\/19\/\" \/>\n<meta property=\"og:locale\" content=\"pt_PT\" \/>\n<meta property=\"og:type\" content=\"article\" \/>\n<meta property=\"og:title\" content=\"Exposi\u00e7\u00e3o sobre a sa\u00fade em Loul\u00e9 no s\u00e9culo xx distinguida pela associa\u00e7\u00e3o portuguesa de museologia - Algarve 7\" \/>\n<meta property=\"og:description\" content=\"Exposi\u00e7\u00e3o sobre a sa\u00fade em Loul\u00e9 no s\u00e9culo xx distinguida pela associa\u00e7\u00e3o portuguesa de museologia Cultura\" \/>\n<meta property=\"og:url\" content=\"https:\/\/algarve7.pt\/index.php\/2021\/11\/exposicao-sobre-a-saude-em-loule-no-seculo-xx-distinguida-pela-associacao-portuguesa-de-museologia\/cultura\/09\/19\/\" \/>\n<meta property=\"og:site_name\" content=\"Algarve 7\" \/>\n<meta property=\"article:publisher\" content=\"https:\/\/www.facebook.com\/algarve7\" \/>\n<meta property=\"article:author\" content=\"https:\/\/www.facebook.com\/algarve7\" \/>\n<meta property=\"article:published_time\" content=\"2021-11-05T09:19:00+00:00\" \/>\n<meta property=\"og:image\" content=\"https:\/\/algarve7.pt\/wp-content\/uploads\/2021\/11\/Exposicao-A-Sude-de-uma-Comunidade-1.jpg\" \/>\n\t<meta property=\"og:image:width\" content=\"1920\" \/>\n\t<meta property=\"og:image:height\" content=\"1214\" \/>\n\t<meta property=\"og:image:type\" content=\"image\/jpeg\" \/>\n<meta name=\"author\" content=\"Algarve 7\" \/>\n<meta name=\"twitter:card\" content=\"summary_large_image\" \/>\n<meta name=\"twitter:creator\" content=\"@Algarvesete\" \/>\n<meta name=\"twitter:site\" content=\"@Algarvesete\" \/>\n<meta name=\"twitter:label1\" content=\"Escrito por\" \/>\n\t<meta name=\"twitter:data1\" content=\"Algarve 7\" \/>\n\t<meta name=\"twitter:label2\" content=\"Tempo estimado de leitura\" \/>\n\t<meta name=\"twitter:data2\" content=\"2 minutos\" \/>\n<script type=\"application\/ld+json\" class=\"yoast-schema-graph\">{\"@context\":\"https:\\\/\\\/schema.org\",\"@graph\":[{\"@type\":\"Article\",\"@id\":\"https:\\\/\\\/algarve7.pt\\\/index.php\\\/2021\\\/11\\\/exposicao-sobre-a-saude-em-loule-no-seculo-xx-distinguida-pela-associacao-portuguesa-de-museologia\\\/cultura\\\/09\\\/19\\\/#article\",\"isPartOf\":{\"@id\":\"https:\\\/\\\/algarve7.pt\\\/index.php\\\/2021\\\/11\\\/exposicao-sobre-a-saude-em-loule-no-seculo-xx-distinguida-pela-associacao-portuguesa-de-museologia\\\/cultura\\\/09\\\/19\\\/\"},\"author\":{\"name\":\"Algarve 7\",\"@id\":\"https:\\\/\\\/algarve7.pt\\\/#\\\/schema\\\/person\\\/23fa70681308e7b319a3204bcea45e0c\"},\"headline\":\"Exposi\u00e7\u00e3o sobre a sa\u00fade em Loul\u00e9 no s\u00e9culo xx distinguida pela associa\u00e7\u00e3o portuguesa de museologia\",\"datePublished\":\"2021-11-05T09:19:00+00:00\",\"mainEntityOfPage\":{\"@id\":\"https:\\\/\\\/algarve7.pt\\\/index.php\\\/2021\\\/11\\\/exposicao-sobre-a-saude-em-loule-no-seculo-xx-distinguida-pela-associacao-portuguesa-de-museologia\\\/cultura\\\/09\\\/19\\\/\"},\"wordCount\":419,\"commentCount\":0,\"publisher\":{\"@id\":\"https:\\\/\\\/algarve7.pt\\\/#organization\"},\"image\":{\"@id\":\"https:\\\/\\\/algarve7.pt\\\/index.php\\\/2021\\\/11\\\/exposicao-sobre-a-saude-em-loule-no-seculo-xx-distinguida-pela-associacao-portuguesa-de-museologia\\\/cultura\\\/09\\\/19\\\/#primaryimage\"},\"thumbnailUrl\":\"https:\\\/\\\/algarve7.pt\\\/wp-content\\\/uploads\\\/2021\\\/11\\\/Exposicao-A-Sude-de-uma-Comunidade-1.jpg\",\"keywords\":[\"Algarve\",\"Cultura\",\"Exposi\u00e7\u00e3o\",\"Loul\u00e9\",\"Museu Municipal de Loul\u00e9\",\"Pr\u00e9mio\"],\"articleSection\":[\"Cultura\"],\"inLanguage\":\"pt-PT\",\"potentialAction\":[{\"@type\":\"CommentAction\",\"name\":\"Comment\",\"target\":[\"https:\\\/\\\/algarve7.pt\\\/index.php\\\/2021\\\/11\\\/exposicao-sobre-a-saude-em-loule-no-seculo-xx-distinguida-pela-associacao-portuguesa-de-museologia\\\/cultura\\\/09\\\/19\\\/#respond\"]}]},{\"@type\":\"WebPage\",\"@id\":\"https:\\\/\\\/algarve7.pt\\\/index.php\\\/2021\\\/11\\\/exposicao-sobre-a-saude-em-loule-no-seculo-xx-distinguida-pela-associacao-portuguesa-de-museologia\\\/cultura\\\/09\\\/19\\\/\",\"url\":\"https:\\\/\\\/algarve7.pt\\\/index.php\\\/2021\\\/11\\\/exposicao-sobre-a-saude-em-loule-no-seculo-xx-distinguida-pela-associacao-portuguesa-de-museologia\\\/cultura\\\/09\\\/19\\\/\",\"name\":\"Exposi\u00e7\u00e3o sobre a sa\u00fade em Loul\u00e9 no s\u00e9culo xx distinguida pela associa\u00e7\u00e3o portuguesa de museologia - Algarve 7\",\"isPartOf\":{\"@id\":\"https:\\\/\\\/algarve7.pt\\\/#website\"},\"primaryImageOfPage\":{\"@id\":\"https:\\\/\\\/algarve7.pt\\\/index.php\\\/2021\\\/11\\\/exposicao-sobre-a-saude-em-loule-no-seculo-xx-distinguida-pela-associacao-portuguesa-de-museologia\\\/cultura\\\/09\\\/19\\\/#primaryimage\"},\"image\":{\"@id\":\"https:\\\/\\\/algarve7.pt\\\/index.php\\\/2021\\\/11\\\/exposicao-sobre-a-saude-em-loule-no-seculo-xx-distinguida-pela-associacao-portuguesa-de-museologia\\\/cultura\\\/09\\\/19\\\/#primaryimage\"},\"thumbnailUrl\":\"https:\\\/\\\/algarve7.pt\\\/wp-content\\\/uploads\\\/2021\\\/11\\\/Exposicao-A-Sude-de-uma-Comunidade-1.jpg\",\"datePublished\":\"2021-11-05T09:19:00+00:00\",\"description\":\"Exposi\u00e7\u00e3o sobre a sa\u00fade em Loul\u00e9 no s\u00e9culo xx distinguida pela associa\u00e7\u00e3o portuguesa de museologia Cultura\",\"breadcrumb\":{\"@id\":\"https:\\\/\\\/algarve7.pt\\\/index.php\\\/2021\\\/11\\\/exposicao-sobre-a-saude-em-loule-no-seculo-xx-distinguida-pela-associacao-portuguesa-de-museologia\\\/cultura\\\/09\\\/19\\\/#breadcrumb\"},\"inLanguage\":\"pt-PT\",\"potentialAction\":[{\"@type\":\"ReadAction\",\"target\":[\"https:\\\/\\\/algarve7.pt\\\/index.php\\\/2021\\\/11\\\/exposicao-sobre-a-saude-em-loule-no-seculo-xx-distinguida-pela-associacao-portuguesa-de-museologia\\\/cultura\\\/09\\\/19\\\/\"]}]},{\"@type\":\"ImageObject\",\"inLanguage\":\"pt-PT\",\"@id\":\"https:\\\/\\\/algarve7.pt\\\/index.php\\\/2021\\\/11\\\/exposicao-sobre-a-saude-em-loule-no-seculo-xx-distinguida-pela-associacao-portuguesa-de-museologia\\\/cultura\\\/09\\\/19\\\/#primaryimage\",\"url\":\"https:\\\/\\\/algarve7.pt\\\/wp-content\\\/uploads\\\/2021\\\/11\\\/Exposicao-A-Sude-de-uma-Comunidade-1.jpg\",\"contentUrl\":\"https:\\\/\\\/algarve7.pt\\\/wp-content\\\/uploads\\\/2021\\\/11\\\/Exposicao-A-Sude-de-uma-Comunidade-1.jpg\",\"width\":1920,\"height\":1214},{\"@type\":\"BreadcrumbList\",\"@id\":\"https:\\\/\\\/algarve7.pt\\\/index.php\\\/2021\\\/11\\\/exposicao-sobre-a-saude-em-loule-no-seculo-xx-distinguida-pela-associacao-portuguesa-de-museologia\\\/cultura\\\/09\\\/19\\\/#breadcrumb\",\"itemListElement\":[{\"@type\":\"ListItem\",\"position\":1,\"name\":\"In\u00edcio\",\"item\":\"https:\\\/\\\/algarve7.pt\\\/\"},{\"@type\":\"ListItem\",\"position\":2,\"name\":\"Exposi\u00e7\u00e3o sobre a sa\u00fade em Loul\u00e9 no s\u00e9culo xx distinguida pela associa\u00e7\u00e3o portuguesa de museologia\"}]},{\"@type\":\"WebSite\",\"@id\":\"https:\\\/\\\/algarve7.pt\\\/#website\",\"url\":\"https:\\\/\\\/algarve7.pt\\\/\",\"name\":\"Algarve 7\",\"description\":\"Informa\u00e7\u00e3o sobre o Algarve\",\"publisher\":{\"@id\":\"https:\\\/\\\/algarve7.pt\\\/#organization\"},\"potentialAction\":[{\"@type\":\"SearchAction\",\"target\":{\"@type\":\"EntryPoint\",\"urlTemplate\":\"https:\\\/\\\/algarve7.pt\\\/?s={search_term_string}\"},\"query-input\":{\"@type\":\"PropertyValueSpecification\",\"valueRequired\":true,\"valueName\":\"search_term_string\"}}],\"inLanguage\":\"pt-PT\"},{\"@type\":\"Organization\",\"@id\":\"https:\\\/\\\/algarve7.pt\\\/#organization\",\"name\":\"Algarve 7\",\"url\":\"https:\\\/\\\/algarve7.pt\\\/\",\"logo\":{\"@type\":\"ImageObject\",\"inLanguage\":\"pt-PT\",\"@id\":\"https:\\\/\\\/algarve7.pt\\\/#\\\/schema\\\/logo\\\/image\\\/\",\"url\":\"https:\\\/\\\/algarve7.pt\\\/wp-content\\\/uploads\\\/2020\\\/10\\\/Logo-8.jpg\",\"contentUrl\":\"https:\\\/\\\/algarve7.pt\\\/wp-content\\\/uploads\\\/2020\\\/10\\\/Logo-8.jpg\",\"width\":1680,\"height\":1186,\"caption\":\"Algarve 7\"},\"image\":{\"@id\":\"https:\\\/\\\/algarve7.pt\\\/#\\\/schema\\\/logo\\\/image\\\/\"},\"sameAs\":[\"https:\\\/\\\/www.facebook.com\\\/algarve7\",\"https:\\\/\\\/x.com\\\/Algarvesete\",\"https:\\\/\\\/www.instagram.com\\\/jornalalgarve7\\\/\",\"https:\\\/\\\/www.linkedin.com\\\/company\\\/algarve7\",\"https:\\\/\\\/www.pinterest.pt\\\/geral0939\\\/_created\\\/\"]},{\"@type\":\"Person\",\"@id\":\"https:\\\/\\\/algarve7.pt\\\/#\\\/schema\\\/person\\\/23fa70681308e7b319a3204bcea45e0c\",\"name\":\"Algarve 7\",\"sameAs\":[\"https:\\\/\\\/algarve7.pt\",\"https:\\\/\\\/www.facebook.com\\\/algarve7\"],\"url\":\"https:\\\/\\\/algarve7.pt\\\/index.php\\\/author\\\/geralalgarve7-pt\\\/\"}]}<\/script>\n<!-- \/ Yoast SEO plugin. -->","yoast_head_json":{"title":"Exposi\u00e7\u00e3o sobre a sa\u00fade em Loul\u00e9 no s\u00e9culo xx distinguida pela associa\u00e7\u00e3o portuguesa de museologia - Algarve 7","description":"Exposi\u00e7\u00e3o sobre a sa\u00fade em Loul\u00e9 no s\u00e9culo xx distinguida pela associa\u00e7\u00e3o portuguesa de museologia Cultura","robots":{"index":"index","follow":"follow","max-snippet":"max-snippet:-1","max-image-preview":"max-image-preview:large","max-video-preview":"max-video-preview:-1"},"canonical":"https:\/\/algarve7.pt\/index.php\/2021\/11\/exposicao-sobre-a-saude-em-loule-no-seculo-xx-distinguida-pela-associacao-portuguesa-de-museologia\/cultura\/09\/19\/","og_locale":"pt_PT","og_type":"article","og_title":"Exposi\u00e7\u00e3o sobre a sa\u00fade em Loul\u00e9 no s\u00e9culo xx distinguida pela associa\u00e7\u00e3o portuguesa de museologia - Algarve 7","og_description":"Exposi\u00e7\u00e3o sobre a sa\u00fade em Loul\u00e9 no s\u00e9culo xx distinguida pela associa\u00e7\u00e3o portuguesa de museologia Cultura","og_url":"https:\/\/algarve7.pt\/index.php\/2021\/11\/exposicao-sobre-a-saude-em-loule-no-seculo-xx-distinguida-pela-associacao-portuguesa-de-museologia\/cultura\/09\/19\/","og_site_name":"Algarve 7","article_publisher":"https:\/\/www.facebook.com\/algarve7","article_author":"https:\/\/www.facebook.com\/algarve7","article_published_time":"2021-11-05T09:19:00+00:00","og_image":[{"width":1920,"height":1214,"url":"https:\/\/algarve7.pt\/wp-content\/uploads\/2021\/11\/Exposicao-A-Sude-de-uma-Comunidade-1.jpg","type":"image\/jpeg"}],"author":"Algarve 7","twitter_card":"summary_large_image","twitter_creator":"@Algarvesete","twitter_site":"@Algarvesete","twitter_misc":{"Escrito por":"Algarve 7","Tempo estimado de leitura":"2 minutos"},"schema":{"@context":"https:\/\/schema.org","@graph":[{"@type":"Article","@id":"https:\/\/algarve7.pt\/index.php\/2021\/11\/exposicao-sobre-a-saude-em-loule-no-seculo-xx-distinguida-pela-associacao-portuguesa-de-museologia\/cultura\/09\/19\/#article","isPartOf":{"@id":"https:\/\/algarve7.pt\/index.php\/2021\/11\/exposicao-sobre-a-saude-em-loule-no-seculo-xx-distinguida-pela-associacao-portuguesa-de-museologia\/cultura\/09\/19\/"},"author":{"name":"Algarve 7","@id":"https:\/\/algarve7.pt\/#\/schema\/person\/23fa70681308e7b319a3204bcea45e0c"},"headline":"Exposi\u00e7\u00e3o sobre a sa\u00fade em Loul\u00e9 no s\u00e9culo xx distinguida pela associa\u00e7\u00e3o portuguesa de museologia","datePublished":"2021-11-05T09:19:00+00:00","mainEntityOfPage":{"@id":"https:\/\/algarve7.pt\/index.php\/2021\/11\/exposicao-sobre-a-saude-em-loule-no-seculo-xx-distinguida-pela-associacao-portuguesa-de-museologia\/cultura\/09\/19\/"},"wordCount":419,"commentCount":0,"publisher":{"@id":"https:\/\/algarve7.pt\/#organization"},"image":{"@id":"https:\/\/algarve7.pt\/index.php\/2021\/11\/exposicao-sobre-a-saude-em-loule-no-seculo-xx-distinguida-pela-associacao-portuguesa-de-museologia\/cultura\/09\/19\/#primaryimage"},"thumbnailUrl":"https:\/\/algarve7.pt\/wp-content\/uploads\/2021\/11\/Exposicao-A-Sude-de-uma-Comunidade-1.jpg","keywords":["Algarve","Cultura","Exposi\u00e7\u00e3o","Loul\u00e9","Museu Municipal de Loul\u00e9","Pr\u00e9mio"],"articleSection":["Cultura"],"inLanguage":"pt-PT","potentialAction":[{"@type":"CommentAction","name":"Comment","target":["https:\/\/algarve7.pt\/index.php\/2021\/11\/exposicao-sobre-a-saude-em-loule-no-seculo-xx-distinguida-pela-associacao-portuguesa-de-museologia\/cultura\/09\/19\/#respond"]}]},{"@type":"WebPage","@id":"https:\/\/algarve7.pt\/index.php\/2021\/11\/exposicao-sobre-a-saude-em-loule-no-seculo-xx-distinguida-pela-associacao-portuguesa-de-museologia\/cultura\/09\/19\/","url":"https:\/\/algarve7.pt\/index.php\/2021\/11\/exposicao-sobre-a-saude-em-loule-no-seculo-xx-distinguida-pela-associacao-portuguesa-de-museologia\/cultura\/09\/19\/","name":"Exposi\u00e7\u00e3o sobre a sa\u00fade em Loul\u00e9 no s\u00e9culo xx distinguida pela associa\u00e7\u00e3o portuguesa de museologia - Algarve 7","isPartOf":{"@id":"https:\/\/algarve7.pt\/#website"},"primaryImageOfPage":{"@id":"https:\/\/algarve7.pt\/index.php\/2021\/11\/exposicao-sobre-a-saude-em-loule-no-seculo-xx-distinguida-pela-associacao-portuguesa-de-museologia\/cultura\/09\/19\/#primaryimage"},"image":{"@id":"https:\/\/algarve7.pt\/index.php\/2021\/11\/exposicao-sobre-a-saude-em-loule-no-seculo-xx-distinguida-pela-associacao-portuguesa-de-museologia\/cultura\/09\/19\/#primaryimage"},"thumbnailUrl":"https:\/\/algarve7.pt\/wp-content\/uploads\/2021\/11\/Exposicao-A-Sude-de-uma-Comunidade-1.jpg","datePublished":"2021-11-05T09:19:00+00:00","description":"Exposi\u00e7\u00e3o sobre a sa\u00fade em Loul\u00e9 no s\u00e9culo xx distinguida pela associa\u00e7\u00e3o portuguesa de museologia Cultura","breadcrumb":{"@id":"https:\/\/algarve7.pt\/index.php\/2021\/11\/exposicao-sobre-a-saude-em-loule-no-seculo-xx-distinguida-pela-associacao-portuguesa-de-museologia\/cultura\/09\/19\/#breadcrumb"},"inLanguage":"pt-PT","potentialAction":[{"@type":"ReadAction","target":["https:\/\/algarve7.pt\/index.php\/2021\/11\/exposicao-sobre-a-saude-em-loule-no-seculo-xx-distinguida-pela-associacao-portuguesa-de-museologia\/cultura\/09\/19\/"]}]},{"@type":"ImageObject","inLanguage":"pt-PT","@id":"https:\/\/algarve7.pt\/index.php\/2021\/11\/exposicao-sobre-a-saude-em-loule-no-seculo-xx-distinguida-pela-associacao-portuguesa-de-museologia\/cultura\/09\/19\/#primaryimage","url":"https:\/\/algarve7.pt\/wp-content\/uploads\/2021\/11\/Exposicao-A-Sude-de-uma-Comunidade-1.jpg","contentUrl":"https:\/\/algarve7.pt\/wp-content\/uploads\/2021\/11\/Exposicao-A-Sude-de-uma-Comunidade-1.jpg","width":1920,"height":1214},{"@type":"BreadcrumbList","@id":"https:\/\/algarve7.pt\/index.php\/2021\/11\/exposicao-sobre-a-saude-em-loule-no-seculo-xx-distinguida-pela-associacao-portuguesa-de-museologia\/cultura\/09\/19\/#breadcrumb","itemListElement":[{"@type":"ListItem","position":1,"name":"In\u00edcio","item":"https:\/\/algarve7.pt\/"},{"@type":"ListItem","position":2,"name":"Exposi\u00e7\u00e3o sobre a sa\u00fade em Loul\u00e9 no s\u00e9culo xx distinguida pela associa\u00e7\u00e3o portuguesa de museologia"}]},{"@type":"WebSite","@id":"https:\/\/algarve7.pt\/#website","url":"https:\/\/algarve7.pt\/","name":"Algarve 7","description":"Informa\u00e7\u00e3o sobre o Algarve","publisher":{"@id":"https:\/\/algarve7.pt\/#organization"},"potentialAction":[{"@type":"SearchAction","target":{"@type":"EntryPoint","urlTemplate":"https:\/\/algarve7.pt\/?s={search_term_string}"},"query-input":{"@type":"PropertyValueSpecification","valueRequired":true,"valueName":"search_term_string"}}],"inLanguage":"pt-PT"},{"@type":"Organization","@id":"https:\/\/algarve7.pt\/#organization","name":"Algarve 7","url":"https:\/\/algarve7.pt\/","logo":{"@type":"ImageObject","inLanguage":"pt-PT","@id":"https:\/\/algarve7.pt\/#\/schema\/logo\/image\/","url":"https:\/\/algarve7.pt\/wp-content\/uploads\/2020\/10\/Logo-8.jpg","contentUrl":"https:\/\/algarve7.pt\/wp-content\/uploads\/2020\/10\/Logo-8.jpg","width":1680,"height":1186,"caption":"Algarve 7"},"image":{"@id":"https:\/\/algarve7.pt\/#\/schema\/logo\/image\/"},"sameAs":["https:\/\/www.facebook.com\/algarve7","https:\/\/x.com\/Algarvesete","https:\/\/www.instagram.com\/jornalalgarve7\/","https:\/\/www.linkedin.com\/company\/algarve7","https:\/\/www.pinterest.pt\/geral0939\/_created\/"]},{"@type":"Person","@id":"https:\/\/algarve7.pt\/#\/schema\/person\/23fa70681308e7b319a3204bcea45e0c","name":"Algarve 7","sameAs":["https:\/\/algarve7.pt","https:\/\/www.facebook.com\/algarve7"],"url":"https:\/\/algarve7.pt\/index.php\/author\/geralalgarve7-pt\/"}]}},"jetpack_publicize_connections":[],"jetpack_featured_media_url":"https:\/\/algarve7.pt\/wp-content\/uploads\/2021\/11\/Exposicao-A-Sude-de-uma-Comunidade-1.jpg","jetpack_shortlink":"https:\/\/wp.me\/pcezmW-3jW","jetpack_sharing_enabled":true,"_links":{"self":[{"href":"https:\/\/algarve7.pt\/index.php\/wp-json\/wp\/v2\/posts\/12768","targetHints":{"allow":["GET"]}}],"collection":[{"href":"https:\/\/algarve7.pt\/index.php\/wp-json\/wp\/v2\/posts"}],"about":[{"href":"https:\/\/algarve7.pt\/index.php\/wp-json\/wp\/v2\/types\/post"}],"author":[{"embeddable":true,"href":"https:\/\/algarve7.pt\/index.php\/wp-json\/wp\/v2\/users\/1"}],"replies":[{"embeddable":true,"href":"https:\/\/algarve7.pt\/index.php\/wp-json\/wp\/v2\/comments?post=12768"}],"version-history":[{"count":0,"href":"https:\/\/algarve7.pt\/index.php\/wp-json\/wp\/v2\/posts\/12768\/revisions"}],"wp:featuredmedia":[{"embeddable":true,"href":"https:\/\/algarve7.pt\/index.php\/wp-json\/wp\/v2\/media\/12769"}],"wp:attachment":[{"href":"https:\/\/algarve7.pt\/index.php\/wp-json\/wp\/v2\/media?parent=12768"}],"wp:term":[{"taxonomy":"category","embeddable":true,"href":"https:\/\/algarve7.pt\/index.php\/wp-json\/wp\/v2\/categories?post=12768"},{"taxonomy":"post_tag","embeddable":true,"href":"https:\/\/algarve7.pt\/index.php\/wp-json\/wp\/v2\/tags?post=12768"}],"curies":[{"name":"wp","href":"https:\/\/api.w.org\/{rel}","templated":true}]}}