{"id":1275,"date":"2020-09-10T12:46:41","date_gmt":"2020-09-10T11:46:41","guid":{"rendered":"https:\/\/algarve7.pt\/?p=1275"},"modified":"2020-09-10T12:46:42","modified_gmt":"2020-09-10T11:46:42","slug":"portimao-assinala-semana-europeia-da-mobilidade-com-um-dia-sem-carros-em-alvor","status":"publish","type":"post","link":"https:\/\/algarve7.pt\/index.php\/2020\/09\/portimao-assinala-semana-europeia-da-mobilidade-com-um-dia-sem-carros-em-alvor\/ambiente\/12\/46\/","title":{"rendered":"Portim\u00e3o assinala Semana Europeia da Mobilidade com um dia sem carros em Alvor."},"content":{"rendered":"\n<p>O Munic\u00edpio de Portim\u00e3o preparou para o per\u00edodo de 16 a 22 de setembro um conjunto de iniciativas para assinalar a Semana Europeia da Mobilidade, este ano sob o lema \u201cEmiss\u00f5es Zero, Mobilidade para todos\u201d, com o objetivo de sensibilizar a popula\u00e7\u00e3o a optar por solu\u00e7\u00f5es de desloca\u00e7\u00e3o que beneficiem a sa\u00fade e o meio ambiente.&nbsp;<\/p>\n\n\n\n<p>O principal destaque da programa\u00e7\u00e3o pertence ao conjunto de iniciativas que possibilitar\u00e3o no dia 20 de setembro partir \u00e0 descoberta a de Alvor sem carros, estando o tr\u00e2nsito autom\u00f3vel interditado no centro da vila entre as 10h00 e as 20h00, enquanto a grande novidade deste ano vai ser a apresenta\u00e7\u00e3o do Regulamento de Mobilidade Suave, no dia 22 de setembro, pelas 17h30 no Pequeno Audit\u00f3rio do TEMPO \u2013 Teatro Municipal de Portim\u00e3o.&nbsp;<\/p>\n\n\n\n<p>PASSEIOS CULTURAIS&nbsp;<\/p>\n\n\n\n<p>A marcar desde logo o in\u00edcio da Semana Europeia da Mobilidade, na noite de 16 de setembro \u00e9 lan\u00e7ado o convite \u201c\u00c0 Descoberta de Portim\u00e3o\u201d, levando os participantes a percorrer as riquezas culturais do centro da cidade, guiados por t\u00e9cnicas da Casa Manuel Teixeira Gomes. Este passeio, com partida agendada para as 21h00 junto ao coreto da Pra\u00e7a Manuel Teixeira Gomes, est\u00e1 sujeito a inscri\u00e7\u00e3o pr\u00e9via e limitada a 8 participantes, atrav\u00e9s do telefone 282 480 492 ou na Casa Manuel Teixeira Gomes.&nbsp;<\/p>\n\n\n\n<p>Na mesma linha, est\u00e3o agendadas visitas hist\u00f3rico-culturais \u00e0 descoberta de Alvor, a primeira no dia 16 em ingl\u00eas, e a segunda no dia 18 em portugu\u00eas, sempre a partir das 18h00. Em ambos os casos, ser\u00e3o percorridos ruas e s\u00edtios patrimoniais emblem\u00e1ticos desta t\u00edpica vila piscat\u00f3ria virada para o mar, onde a heran\u00e7a isl\u00e2mica ainda tem forte presen\u00e7a. As inscri\u00e7\u00f5es para os dois passeios s\u00e3o obrigat\u00f3rias e limitadas a 9 participantes, atrav\u00e9s do email alvor.freguesiadealvor@gmail.com&nbsp;<\/p>\n\n\n\n<p>Para o final do dia 17 de setembro, a proposta ser\u00e1 \u201cCaminhar pela Cidade\u201d sob a orienta\u00e7\u00e3o de um t\u00e9cnico da Divis\u00e3o de Desporto da C\u00e2mara Municipal de Portim\u00e3o. A caminhada est\u00e1 agendada para as 18h30, com uma dura\u00e7\u00e3o de 60 minutos, e tem como&nbsp;<\/p>\n\n\n\n<p>ponto de partida o Pavilh\u00e3o Gimnodesportivo Municipal de Portim\u00e3o, sendo necess\u00e1ria inscri\u00e7\u00e3o pr\u00e9via, limitada a 9 participantes, atrav\u00e9s do email secretaria.gimnodesportivo@cm-portimao.pt&nbsp;<\/p>\n\n\n\n<p>Os dias 18 e 19 foram reservados para passeios pagos (7,5\u20ac por adulto) em barco solar, numa a\u00e7\u00e3o intitulada \u201cPelas margens da Hist\u00f3ria do Arade\u201d, que ser\u00e1 guiada pela equipa da Algarve Sun Boat devido \u00e0 limita\u00e7\u00e3o de pessoas a bordo da embarca\u00e7\u00e3o.&nbsp;<\/p>\n\n\n\n<p>O local de embarque ser\u00e1 o cais do Clube Naval de Portim\u00e3o e os passeios come\u00e7am \u00e0s 10h00, 11h30, 15h00 e 16h30, tendo a embarca\u00e7\u00e3o uma capacidade para oito pessoas. As reservas, limitadas aos lugares dispon\u00edveis, devem ser feitas para o telem\u00f3vel 919 919 450 ou para o email info@algarvesunboat.com. De referir que os bilhetes para estes passeios permitir\u00e3o entrada gratuita no Museu de Portim\u00e3o, somente nos dias 19 e 20 de setembro.&nbsp;<\/p>\n\n\n\n<p>VIVER ALVOR SEM CARROS&nbsp;<\/p>\n\n\n\n<p>Da programa\u00e7\u00e3o destaca-se a 20 setembro um conjunto de iniciativas em Alvor, onde as ruas ser\u00e3o das pessoas, convidadas \u00e0 (re)descobrirem o centro da vila e as suas viv\u00eancias, livre de circula\u00e7\u00e3o autom\u00f3vel. Nesse sentido, o tr\u00e2nsito rodovi\u00e1rio estar\u00e1 interditado entre as 10h00 e as 20h00, exceto para ve\u00edculos de socorro e for\u00e7as de seguran\u00e7a, transportes p\u00fablicos e alternativos, transportes de produtos perec\u00edveis e ve\u00edculos de pessoas com mobilidade reduzida.&nbsp;<\/p>\n\n\n\n<p>Logo pela manh\u00e3, a partir das 9h30, ser\u00e1 poss\u00edvel fazer uma caminhada entre a vila e a ria. Os interessados devem convergir para o Jardim D. Jo\u00e3o II, sendo igualmente a inscri\u00e7\u00e3o obrigat\u00f3ria e limitada a 9 participantes, que podem manifestar a disponibilidade para o email secretaria.gimnodesportivo@cm-portimao.pt&nbsp;<\/p>\n\n\n\n<p>Com concentra\u00e7\u00e3o marcada para as 10h00 no Jardim D. Jo\u00e3o II, ser\u00e1 realizado um passeio hist\u00f3rico-cultural por espa\u00e7os patrimoniais emblem\u00e1ticos da Alvor isl\u00e2mica, cujas inscri\u00e7\u00f5es s\u00e3o obrigat\u00f3rias e limitadas a 9 pessoas, pelo email alvor.freguesiadealvor@gmail.com&nbsp;<\/p>\n\n\n\n<p>Ainda nessa manh\u00e3, os visitantes poder\u00e3o deslocar-se ao Mercadinho da Ria, onde podem ser adquiridos diversos produtos da terra entre as 8h00 e as 13h00, enquanto o tradicional aguadeiro passear\u00e1 ao longo do dia pelas ruas de Alvor com o seu burro, distribuindo \u00e1gua a quem solicitar.&nbsp;<\/p>\n\n\n\n<p>Ao mesmo tempo que a anima\u00e7\u00e3o musical percorrer\u00e1 algumas art\u00e9rias, dois artistas pl\u00e1sticos retratar\u00e3o Alvor nas ruas Marqu\u00eas de Pombal e Dr. Frederico Ramos Mendes, nos outros dias frequentadas por muitos carros. Como complemento, estar\u00e1 patente na zona do centro hist\u00f3rico de Alvor uma exposi\u00e7\u00e3o fotogr\u00e1fica onde se prop\u00f5e viajar ao passado da vila.&nbsp;<\/p>\n\n\n\n<p>Mas as propostas n\u00e3o se ficam por aqui, pois tamb\u00e9m haver\u00e1 passeios em fam\u00edlia no comboio tur\u00edstico, a 1\u20ac por pessoa, com partida e chegada na zona ribeirinha de Alvor e no Largo \u00c1lvaro de Ata\u00edde. Por seu turno, a Escola da Bicicleta percorrer\u00e1 as ruas de&nbsp;<\/p>\n\n\n\n<p>Alvor, ao passo que a partir das instala\u00e7\u00f5es do Clube Naval D. Jo\u00e3o II ser\u00e1 poss\u00edvel explorar a Ria de Alvor por pranchas de \u2018paddle\u2019, canoas ou \u2018gaivotas\u2019.&nbsp;<\/p>\n\n\n\n<p>Outra sugest\u00e3o ser\u00e1, a partir das 17h00, conhecer \u2018in loco\u2019 o que est\u00e1 previsto para a musealiza\u00e7\u00e3o da Esta\u00e7\u00e3o Salva-vidas de Alvor, cujo relevante papel para a comunidade piscat\u00f3ria local vai ser recordado de viva voz por um antigo tripulante, ao partilhar as suas mem\u00f3rias. Para assistir a este momento especial, \u00e9 necess\u00e1ria inscri\u00e7\u00e3o obrigat\u00f3ria, limitada a 9 pessoas, atrav\u00e9s do email ana.ramos@cm-portimao.pt&nbsp;<\/p>\n\n\n\n<p>Para as 18h00 est\u00e1 agendado um passeio \u00e0 Esta\u00e7\u00e3o da Biodiversidade de Alvor, aberto a 9 participantes, que partir\u00e3o \u00e0 descoberta deste novo percurso pedestre, com cerca de 3 km, pelas margens da Ria de Alvor. Ao longo do trajeto, nove pain\u00e9is informativos divulgam as in\u00fameras riquezas biol\u00f3gicas da zona. O ponto de encontro desta iniciativa ser\u00e1 o Jardim D. Jo\u00e3o II, devendo os interessados inscrever-se antecipadamente pelo e-mail filipe.jorge@cm-portimao.pt&nbsp;<\/p>\n\n\n\n<p>REGULAMENTO DE MOBILIDADE SUAVE&nbsp;<\/p>\n\n\n\n<p>As atividades relativas \u00e0 Semana Europeia da Mobilidade culminar\u00e3o no dia 22 de setembro, com a apresenta\u00e7\u00e3o do Regulamento de Mobilidade Suave, marcada para as 17h30 no Pequeno Audit\u00f3rio do TEMPO \u2013 Teatro Municipal de Portim\u00e3o.&nbsp;<\/p>\n\n\n\n<p>Esta ferramenta disciplinadora foi criada pela C\u00e2mara de Portim\u00e3o, face ao aumento de operadores privados que demonstram interesse em disponibilizar e explorar servi\u00e7os de partilha de modos suaves (veloc\u00edpedes e equipamentos equiparados). Na origem do regulamento est\u00e1 a consci\u00eancia de que a mobilidade sustent\u00e1vel nas cidades &#8211; n\u00e3o poluente e amiga do ambiente &#8211; \u00e9 uma preocupa\u00e7\u00e3o dos cidad\u00e3os e um contributo para a melhoria da sua qualidade de vida.&nbsp;<\/p>\n\n\n\n<p>VAI E VEM GRATUITO&nbsp;<\/p>\n\n\n\n<p>Por fim, e com vista a potenciar o uso do transporte p\u00fablico, o Vai e Vem &#8211; Circuito Urbano de Portim\u00e3o ser\u00e1 gratuito nos dias 18, 19 e 20 de setembro em todas as suas 18 linhas, que asseguram a liga\u00e7\u00e3o de v\u00e1rios pontos do concelho ao centro da cidade, ao hospital e aos principais servi\u00e7os, bem como a v\u00e1rios locais de interesse no munic\u00edpio. As linhas, hor\u00e1rios e informa\u00e7\u00e3o sobre esta medida podem ser consultados em www.vaivem.pt&nbsp;<\/p>\n\n\n\n<p><\/p>\n","protected":false},"excerpt":{"rendered":"<p>O Munic\u00edpio de Portim\u00e3o preparou para o per\u00edodo de 16 a 22 de setembro um conjunto de iniciativas para assinalar<\/p>\n","protected":false},"author":1,"featured_media":1276,"comment_status":"closed","ping_status":"open","sticky":false,"template":"","format":"standard","meta":{"colormag_page_container_layout":"default_layout","colormag_page_sidebar_layout":"default_layout","_monsterinsights_skip_tracking":false,"_monsterinsights_sitenote_active":false,"_monsterinsights_sitenote_note":"","_monsterinsights_sitenote_category":0,"jetpack_post_was_ever_published":false,"_jetpack_newsletter_access":"","_jetpack_dont_email_post_to_subs":false,"_jetpack_newsletter_tier_id":0,"_jetpack_memberships_contains_paywalled_content":false,"_jetpack_memberships_contains_paid_content":false,"footnotes":"","jetpack_publicize_message":"","jetpack_publicize_feature_enabled":true,"jetpack_social_post_already_shared":true,"jetpack_social_options":{"image_generator_settings":{"template":"highway","default_image_id":0,"font":"","enabled":false},"version":2}},"categories":[5],"tags":[36,130,32,72],"class_list":["post-1275","post","type-post","status-publish","format-standard","has-post-thumbnail","hentry","category-ambiente","tag-algarve","tag-alvor","tag-ambiente","tag-portimao"],"yoast_head":"<!-- This site is optimized with the Yoast SEO plugin v27.5 - https:\/\/yoast.com\/product\/yoast-seo-wordpress\/ -->\n<title>Portim\u00e3o assinala Semana Europeia da Mobilidade com um dia sem carros em Alvor. - Algarve 7<\/title>\n<meta name=\"description\" content=\"Portim\u00e3o assinala Semana Europeia da Mobilidade com um dia sem carros em Alvor.\" \/>\n<meta name=\"robots\" content=\"index, follow, max-snippet:-1, max-image-preview:large, max-video-preview:-1\" \/>\n<link rel=\"canonical\" href=\"https:\/\/algarve7.pt\/index.php\/2020\/09\/portimao-assinala-semana-europeia-da-mobilidade-com-um-dia-sem-carros-em-alvor\/ambiente\/12\/46\/\" \/>\n<meta property=\"og:locale\" content=\"pt_PT\" \/>\n<meta property=\"og:type\" content=\"article\" \/>\n<meta property=\"og:title\" content=\"Portim\u00e3o assinala Semana Europeia da Mobilidade com um dia sem carros em Alvor. - Algarve 7\" \/>\n<meta property=\"og:description\" content=\"Portim\u00e3o assinala Semana Europeia da Mobilidade com um dia sem carros em Alvor.\" \/>\n<meta property=\"og:url\" content=\"https:\/\/algarve7.pt\/index.php\/2020\/09\/portimao-assinala-semana-europeia-da-mobilidade-com-um-dia-sem-carros-em-alvor\/ambiente\/12\/46\/\" \/>\n<meta property=\"og:site_name\" content=\"Algarve 7\" \/>\n<meta property=\"article:publisher\" content=\"https:\/\/www.facebook.com\/algarve7\" \/>\n<meta property=\"article:author\" content=\"https:\/\/www.facebook.com\/algarve7\" \/>\n<meta property=\"article:published_time\" content=\"2020-09-10T11:46:41+00:00\" \/>\n<meta property=\"article:modified_time\" content=\"2020-09-10T11:46:42+00:00\" \/>\n<meta property=\"og:image\" content=\"https:\/\/algarve7.pt\/wp-content\/uploads\/2020\/09\/thumbnail-e1599738378454.jpeg\" \/>\n\t<meta property=\"og:image:width\" content=\"819\" \/>\n\t<meta property=\"og:image:height\" content=\"416\" \/>\n\t<meta property=\"og:image:type\" content=\"image\/jpeg\" \/>\n<meta name=\"author\" content=\"Algarve 7\" \/>\n<meta name=\"twitter:card\" content=\"summary_large_image\" \/>\n<meta name=\"twitter:creator\" content=\"@Algarvesete\" \/>\n<meta name=\"twitter:site\" content=\"@Algarvesete\" \/>\n<meta name=\"twitter:label1\" content=\"Escrito por\" \/>\n\t<meta name=\"twitter:data1\" content=\"Algarve 7\" \/>\n\t<meta name=\"twitter:label2\" content=\"Tempo estimado de leitura\" \/>\n\t<meta name=\"twitter:data2\" content=\"6 minutos\" \/>\n<script type=\"application\/ld+json\" class=\"yoast-schema-graph\">{\"@context\":\"https:\\\/\\\/schema.org\",\"@graph\":[{\"@type\":\"Article\",\"@id\":\"https:\\\/\\\/algarve7.pt\\\/index.php\\\/2020\\\/09\\\/portimao-assinala-semana-europeia-da-mobilidade-com-um-dia-sem-carros-em-alvor\\\/ambiente\\\/12\\\/46\\\/#article\",\"isPartOf\":{\"@id\":\"https:\\\/\\\/algarve7.pt\\\/index.php\\\/2020\\\/09\\\/portimao-assinala-semana-europeia-da-mobilidade-com-um-dia-sem-carros-em-alvor\\\/ambiente\\\/12\\\/46\\\/\"},\"author\":{\"name\":\"Algarve 7\",\"@id\":\"https:\\\/\\\/algarve7.pt\\\/#\\\/schema\\\/person\\\/23fa70681308e7b319a3204bcea45e0c\"},\"headline\":\"Portim\u00e3o assinala Semana Europeia da Mobilidade com um dia sem carros em Alvor.\",\"datePublished\":\"2020-09-10T11:46:41+00:00\",\"dateModified\":\"2020-09-10T11:46:42+00:00\",\"mainEntityOfPage\":{\"@id\":\"https:\\\/\\\/algarve7.pt\\\/index.php\\\/2020\\\/09\\\/portimao-assinala-semana-europeia-da-mobilidade-com-um-dia-sem-carros-em-alvor\\\/ambiente\\\/12\\\/46\\\/\"},\"wordCount\":1283,\"publisher\":{\"@id\":\"https:\\\/\\\/algarve7.pt\\\/#organization\"},\"image\":{\"@id\":\"https:\\\/\\\/algarve7.pt\\\/index.php\\\/2020\\\/09\\\/portimao-assinala-semana-europeia-da-mobilidade-com-um-dia-sem-carros-em-alvor\\\/ambiente\\\/12\\\/46\\\/#primaryimage\"},\"thumbnailUrl\":\"https:\\\/\\\/algarve7.pt\\\/wp-content\\\/uploads\\\/2020\\\/09\\\/thumbnail-e1599738378454.jpeg\",\"keywords\":[\"Algarve\",\"Alvor\",\"Ambiente\",\"Portim\u00e3o\"],\"articleSection\":[\"Ambiente\"],\"inLanguage\":\"pt-PT\"},{\"@type\":\"WebPage\",\"@id\":\"https:\\\/\\\/algarve7.pt\\\/index.php\\\/2020\\\/09\\\/portimao-assinala-semana-europeia-da-mobilidade-com-um-dia-sem-carros-em-alvor\\\/ambiente\\\/12\\\/46\\\/\",\"url\":\"https:\\\/\\\/algarve7.pt\\\/index.php\\\/2020\\\/09\\\/portimao-assinala-semana-europeia-da-mobilidade-com-um-dia-sem-carros-em-alvor\\\/ambiente\\\/12\\\/46\\\/\",\"name\":\"Portim\u00e3o assinala Semana Europeia da Mobilidade com um dia sem carros em Alvor. - Algarve 7\",\"isPartOf\":{\"@id\":\"https:\\\/\\\/algarve7.pt\\\/#website\"},\"primaryImageOfPage\":{\"@id\":\"https:\\\/\\\/algarve7.pt\\\/index.php\\\/2020\\\/09\\\/portimao-assinala-semana-europeia-da-mobilidade-com-um-dia-sem-carros-em-alvor\\\/ambiente\\\/12\\\/46\\\/#primaryimage\"},\"image\":{\"@id\":\"https:\\\/\\\/algarve7.pt\\\/index.php\\\/2020\\\/09\\\/portimao-assinala-semana-europeia-da-mobilidade-com-um-dia-sem-carros-em-alvor\\\/ambiente\\\/12\\\/46\\\/#primaryimage\"},\"thumbnailUrl\":\"https:\\\/\\\/algarve7.pt\\\/wp-content\\\/uploads\\\/2020\\\/09\\\/thumbnail-e1599738378454.jpeg\",\"datePublished\":\"2020-09-10T11:46:41+00:00\",\"dateModified\":\"2020-09-10T11:46:42+00:00\",\"description\":\"Portim\u00e3o assinala Semana Europeia da Mobilidade com um dia sem carros em Alvor.\",\"breadcrumb\":{\"@id\":\"https:\\\/\\\/algarve7.pt\\\/index.php\\\/2020\\\/09\\\/portimao-assinala-semana-europeia-da-mobilidade-com-um-dia-sem-carros-em-alvor\\\/ambiente\\\/12\\\/46\\\/#breadcrumb\"},\"inLanguage\":\"pt-PT\",\"potentialAction\":[{\"@type\":\"ReadAction\",\"target\":[\"https:\\\/\\\/algarve7.pt\\\/index.php\\\/2020\\\/09\\\/portimao-assinala-semana-europeia-da-mobilidade-com-um-dia-sem-carros-em-alvor\\\/ambiente\\\/12\\\/46\\\/\"]}]},{\"@type\":\"ImageObject\",\"inLanguage\":\"pt-PT\",\"@id\":\"https:\\\/\\\/algarve7.pt\\\/index.php\\\/2020\\\/09\\\/portimao-assinala-semana-europeia-da-mobilidade-com-um-dia-sem-carros-em-alvor\\\/ambiente\\\/12\\\/46\\\/#primaryimage\",\"url\":\"https:\\\/\\\/algarve7.pt\\\/wp-content\\\/uploads\\\/2020\\\/09\\\/thumbnail-e1599738378454.jpeg\",\"contentUrl\":\"https:\\\/\\\/algarve7.pt\\\/wp-content\\\/uploads\\\/2020\\\/09\\\/thumbnail-e1599738378454.jpeg\",\"width\":819,\"height\":416},{\"@type\":\"BreadcrumbList\",\"@id\":\"https:\\\/\\\/algarve7.pt\\\/index.php\\\/2020\\\/09\\\/portimao-assinala-semana-europeia-da-mobilidade-com-um-dia-sem-carros-em-alvor\\\/ambiente\\\/12\\\/46\\\/#breadcrumb\",\"itemListElement\":[{\"@type\":\"ListItem\",\"position\":1,\"name\":\"In\u00edcio\",\"item\":\"https:\\\/\\\/algarve7.pt\\\/\"},{\"@type\":\"ListItem\",\"position\":2,\"name\":\"Portim\u00e3o assinala Semana Europeia da Mobilidade com um dia sem carros em Alvor.\"}]},{\"@type\":\"WebSite\",\"@id\":\"https:\\\/\\\/algarve7.pt\\\/#website\",\"url\":\"https:\\\/\\\/algarve7.pt\\\/\",\"name\":\"Algarve 7\",\"description\":\"Informa\u00e7\u00e3o sobre o Algarve\",\"publisher\":{\"@id\":\"https:\\\/\\\/algarve7.pt\\\/#organization\"},\"potentialAction\":[{\"@type\":\"SearchAction\",\"target\":{\"@type\":\"EntryPoint\",\"urlTemplate\":\"https:\\\/\\\/algarve7.pt\\\/?s={search_term_string}\"},\"query-input\":{\"@type\":\"PropertyValueSpecification\",\"valueRequired\":true,\"valueName\":\"search_term_string\"}}],\"inLanguage\":\"pt-PT\"},{\"@type\":\"Organization\",\"@id\":\"https:\\\/\\\/algarve7.pt\\\/#organization\",\"name\":\"Algarve 7\",\"url\":\"https:\\\/\\\/algarve7.pt\\\/\",\"logo\":{\"@type\":\"ImageObject\",\"inLanguage\":\"pt-PT\",\"@id\":\"https:\\\/\\\/algarve7.pt\\\/#\\\/schema\\\/logo\\\/image\\\/\",\"url\":\"https:\\\/\\\/algarve7.pt\\\/wp-content\\\/uploads\\\/2020\\\/10\\\/Logo-8.jpg\",\"contentUrl\":\"https:\\\/\\\/algarve7.pt\\\/wp-content\\\/uploads\\\/2020\\\/10\\\/Logo-8.jpg\",\"width\":1680,\"height\":1186,\"caption\":\"Algarve 7\"},\"image\":{\"@id\":\"https:\\\/\\\/algarve7.pt\\\/#\\\/schema\\\/logo\\\/image\\\/\"},\"sameAs\":[\"https:\\\/\\\/www.facebook.com\\\/algarve7\",\"https:\\\/\\\/x.com\\\/Algarvesete\",\"https:\\\/\\\/www.instagram.com\\\/jornalalgarve7\\\/\",\"https:\\\/\\\/www.linkedin.com\\\/company\\\/algarve7\",\"https:\\\/\\\/www.pinterest.pt\\\/geral0939\\\/_created\\\/\"]},{\"@type\":\"Person\",\"@id\":\"https:\\\/\\\/algarve7.pt\\\/#\\\/schema\\\/person\\\/23fa70681308e7b319a3204bcea45e0c\",\"name\":\"Algarve 7\",\"sameAs\":[\"https:\\\/\\\/algarve7.pt\",\"https:\\\/\\\/www.facebook.com\\\/algarve7\"],\"url\":\"https:\\\/\\\/algarve7.pt\\\/index.php\\\/author\\\/geralalgarve7-pt\\\/\"}]}<\/script>\n<!-- \/ Yoast SEO plugin. -->","yoast_head_json":{"title":"Portim\u00e3o assinala Semana Europeia da Mobilidade com um dia sem carros em Alvor. - Algarve 7","description":"Portim\u00e3o assinala Semana Europeia da Mobilidade com um dia sem carros em Alvor.","robots":{"index":"index","follow":"follow","max-snippet":"max-snippet:-1","max-image-preview":"max-image-preview:large","max-video-preview":"max-video-preview:-1"},"canonical":"https:\/\/algarve7.pt\/index.php\/2020\/09\/portimao-assinala-semana-europeia-da-mobilidade-com-um-dia-sem-carros-em-alvor\/ambiente\/12\/46\/","og_locale":"pt_PT","og_type":"article","og_title":"Portim\u00e3o assinala Semana Europeia da Mobilidade com um dia sem carros em Alvor. - Algarve 7","og_description":"Portim\u00e3o assinala Semana Europeia da Mobilidade com um dia sem carros em Alvor.","og_url":"https:\/\/algarve7.pt\/index.php\/2020\/09\/portimao-assinala-semana-europeia-da-mobilidade-com-um-dia-sem-carros-em-alvor\/ambiente\/12\/46\/","og_site_name":"Algarve 7","article_publisher":"https:\/\/www.facebook.com\/algarve7","article_author":"https:\/\/www.facebook.com\/algarve7","article_published_time":"2020-09-10T11:46:41+00:00","article_modified_time":"2020-09-10T11:46:42+00:00","og_image":[{"width":819,"height":416,"url":"https:\/\/algarve7.pt\/wp-content\/uploads\/2020\/09\/thumbnail-e1599738378454.jpeg","type":"image\/jpeg"}],"author":"Algarve 7","twitter_card":"summary_large_image","twitter_creator":"@Algarvesete","twitter_site":"@Algarvesete","twitter_misc":{"Escrito por":"Algarve 7","Tempo estimado de leitura":"6 minutos"},"schema":{"@context":"https:\/\/schema.org","@graph":[{"@type":"Article","@id":"https:\/\/algarve7.pt\/index.php\/2020\/09\/portimao-assinala-semana-europeia-da-mobilidade-com-um-dia-sem-carros-em-alvor\/ambiente\/12\/46\/#article","isPartOf":{"@id":"https:\/\/algarve7.pt\/index.php\/2020\/09\/portimao-assinala-semana-europeia-da-mobilidade-com-um-dia-sem-carros-em-alvor\/ambiente\/12\/46\/"},"author":{"name":"Algarve 7","@id":"https:\/\/algarve7.pt\/#\/schema\/person\/23fa70681308e7b319a3204bcea45e0c"},"headline":"Portim\u00e3o assinala Semana Europeia da Mobilidade com um dia sem carros em Alvor.","datePublished":"2020-09-10T11:46:41+00:00","dateModified":"2020-09-10T11:46:42+00:00","mainEntityOfPage":{"@id":"https:\/\/algarve7.pt\/index.php\/2020\/09\/portimao-assinala-semana-europeia-da-mobilidade-com-um-dia-sem-carros-em-alvor\/ambiente\/12\/46\/"},"wordCount":1283,"publisher":{"@id":"https:\/\/algarve7.pt\/#organization"},"image":{"@id":"https:\/\/algarve7.pt\/index.php\/2020\/09\/portimao-assinala-semana-europeia-da-mobilidade-com-um-dia-sem-carros-em-alvor\/ambiente\/12\/46\/#primaryimage"},"thumbnailUrl":"https:\/\/algarve7.pt\/wp-content\/uploads\/2020\/09\/thumbnail-e1599738378454.jpeg","keywords":["Algarve","Alvor","Ambiente","Portim\u00e3o"],"articleSection":["Ambiente"],"inLanguage":"pt-PT"},{"@type":"WebPage","@id":"https:\/\/algarve7.pt\/index.php\/2020\/09\/portimao-assinala-semana-europeia-da-mobilidade-com-um-dia-sem-carros-em-alvor\/ambiente\/12\/46\/","url":"https:\/\/algarve7.pt\/index.php\/2020\/09\/portimao-assinala-semana-europeia-da-mobilidade-com-um-dia-sem-carros-em-alvor\/ambiente\/12\/46\/","name":"Portim\u00e3o assinala Semana Europeia da Mobilidade com um dia sem carros em Alvor. - Algarve 7","isPartOf":{"@id":"https:\/\/algarve7.pt\/#website"},"primaryImageOfPage":{"@id":"https:\/\/algarve7.pt\/index.php\/2020\/09\/portimao-assinala-semana-europeia-da-mobilidade-com-um-dia-sem-carros-em-alvor\/ambiente\/12\/46\/#primaryimage"},"image":{"@id":"https:\/\/algarve7.pt\/index.php\/2020\/09\/portimao-assinala-semana-europeia-da-mobilidade-com-um-dia-sem-carros-em-alvor\/ambiente\/12\/46\/#primaryimage"},"thumbnailUrl":"https:\/\/algarve7.pt\/wp-content\/uploads\/2020\/09\/thumbnail-e1599738378454.jpeg","datePublished":"2020-09-10T11:46:41+00:00","dateModified":"2020-09-10T11:46:42+00:00","description":"Portim\u00e3o assinala Semana Europeia da Mobilidade com um dia sem carros em Alvor.","breadcrumb":{"@id":"https:\/\/algarve7.pt\/index.php\/2020\/09\/portimao-assinala-semana-europeia-da-mobilidade-com-um-dia-sem-carros-em-alvor\/ambiente\/12\/46\/#breadcrumb"},"inLanguage":"pt-PT","potentialAction":[{"@type":"ReadAction","target":["https:\/\/algarve7.pt\/index.php\/2020\/09\/portimao-assinala-semana-europeia-da-mobilidade-com-um-dia-sem-carros-em-alvor\/ambiente\/12\/46\/"]}]},{"@type":"ImageObject","inLanguage":"pt-PT","@id":"https:\/\/algarve7.pt\/index.php\/2020\/09\/portimao-assinala-semana-europeia-da-mobilidade-com-um-dia-sem-carros-em-alvor\/ambiente\/12\/46\/#primaryimage","url":"https:\/\/algarve7.pt\/wp-content\/uploads\/2020\/09\/thumbnail-e1599738378454.jpeg","contentUrl":"https:\/\/algarve7.pt\/wp-content\/uploads\/2020\/09\/thumbnail-e1599738378454.jpeg","width":819,"height":416},{"@type":"BreadcrumbList","@id":"https:\/\/algarve7.pt\/index.php\/2020\/09\/portimao-assinala-semana-europeia-da-mobilidade-com-um-dia-sem-carros-em-alvor\/ambiente\/12\/46\/#breadcrumb","itemListElement":[{"@type":"ListItem","position":1,"name":"In\u00edcio","item":"https:\/\/algarve7.pt\/"},{"@type":"ListItem","position":2,"name":"Portim\u00e3o assinala Semana Europeia da Mobilidade com um dia sem carros em Alvor."}]},{"@type":"WebSite","@id":"https:\/\/algarve7.pt\/#website","url":"https:\/\/algarve7.pt\/","name":"Algarve 7","description":"Informa\u00e7\u00e3o sobre o Algarve","publisher":{"@id":"https:\/\/algarve7.pt\/#organization"},"potentialAction":[{"@type":"SearchAction","target":{"@type":"EntryPoint","urlTemplate":"https:\/\/algarve7.pt\/?s={search_term_string}"},"query-input":{"@type":"PropertyValueSpecification","valueRequired":true,"valueName":"search_term_string"}}],"inLanguage":"pt-PT"},{"@type":"Organization","@id":"https:\/\/algarve7.pt\/#organization","name":"Algarve 7","url":"https:\/\/algarve7.pt\/","logo":{"@type":"ImageObject","inLanguage":"pt-PT","@id":"https:\/\/algarve7.pt\/#\/schema\/logo\/image\/","url":"https:\/\/algarve7.pt\/wp-content\/uploads\/2020\/10\/Logo-8.jpg","contentUrl":"https:\/\/algarve7.pt\/wp-content\/uploads\/2020\/10\/Logo-8.jpg","width":1680,"height":1186,"caption":"Algarve 7"},"image":{"@id":"https:\/\/algarve7.pt\/#\/schema\/logo\/image\/"},"sameAs":["https:\/\/www.facebook.com\/algarve7","https:\/\/x.com\/Algarvesete","https:\/\/www.instagram.com\/jornalalgarve7\/","https:\/\/www.linkedin.com\/company\/algarve7","https:\/\/www.pinterest.pt\/geral0939\/_created\/"]},{"@type":"Person","@id":"https:\/\/algarve7.pt\/#\/schema\/person\/23fa70681308e7b319a3204bcea45e0c","name":"Algarve 7","sameAs":["https:\/\/algarve7.pt","https:\/\/www.facebook.com\/algarve7"],"url":"https:\/\/algarve7.pt\/index.php\/author\/geralalgarve7-pt\/"}]}},"jetpack_publicize_connections":[],"jetpack_featured_media_url":"https:\/\/algarve7.pt\/wp-content\/uploads\/2020\/09\/thumbnail-e1599738378454.jpeg","jetpack_shortlink":"https:\/\/wp.me\/pcezmW-kz","jetpack_sharing_enabled":true,"_links":{"self":[{"href":"https:\/\/algarve7.pt\/index.php\/wp-json\/wp\/v2\/posts\/1275","targetHints":{"allow":["GET"]}}],"collection":[{"href":"https:\/\/algarve7.pt\/index.php\/wp-json\/wp\/v2\/posts"}],"about":[{"href":"https:\/\/algarve7.pt\/index.php\/wp-json\/wp\/v2\/types\/post"}],"author":[{"embeddable":true,"href":"https:\/\/algarve7.pt\/index.php\/wp-json\/wp\/v2\/users\/1"}],"replies":[{"embeddable":true,"href":"https:\/\/algarve7.pt\/index.php\/wp-json\/wp\/v2\/comments?post=1275"}],"version-history":[{"count":0,"href":"https:\/\/algarve7.pt\/index.php\/wp-json\/wp\/v2\/posts\/1275\/revisions"}],"wp:featuredmedia":[{"embeddable":true,"href":"https:\/\/algarve7.pt\/index.php\/wp-json\/wp\/v2\/media\/1276"}],"wp:attachment":[{"href":"https:\/\/algarve7.pt\/index.php\/wp-json\/wp\/v2\/media?parent=1275"}],"wp:term":[{"taxonomy":"category","embeddable":true,"href":"https:\/\/algarve7.pt\/index.php\/wp-json\/wp\/v2\/categories?post=1275"},{"taxonomy":"post_tag","embeddable":true,"href":"https:\/\/algarve7.pt\/index.php\/wp-json\/wp\/v2\/tags?post=1275"}],"curies":[{"name":"wp","href":"https:\/\/api.w.org\/{rel}","templated":true}]}}