{"id":12676,"date":"2021-11-03T15:48:40","date_gmt":"2021-11-03T15:48:40","guid":{"rendered":"https:\/\/algarve7.pt\/?p=12676"},"modified":"2021-11-03T15:48:43","modified_gmt":"2021-11-03T15:48:43","slug":"loule-interfood-fest-organizado-pelo-municipio-de-loule-nera-e-odiana","status":"publish","type":"post","link":"https:\/\/algarve7.pt\/index.php\/2021\/11\/loule-interfood-fest-organizado-pelo-municipio-de-loule-nera-e-odiana\/atualidade\/15\/48\/","title":{"rendered":"\u201cLOUL\u00c9 INTERFOOD FEST\u201d organizado pelo munic\u00edpio de Loul\u00e9, NERA e Odiana"},"content":{"rendered":"\n<p>Em novembro, o Algarve recebe o LOUL\u00c9 INTERFOOD FEST, um evento dedicado aos produtos e gastronomia local. Desde mercado de produtores, showcookings, workshops, B2B e aulas de culin\u00e1ria. O evento \u00e9 gratuito e promete fomentar saberes e degustar muitos sabores locais.atualidade<\/p>\n\n\n\n<p>Novembro \u00e9 m\u00eas de LOUL\u00c9 INTERFOOD FEST, um evento dedicado aos produtos locais e \u00e0 gastronomia e destinado a todos os apaixonados pelos produtos locais alimentares aut\u00eanticos e saud\u00e1veis. Uma iniciativa transfronteiri\u00e7a que fomenta a inova\u00e7\u00e3o gastron\u00f3mica baseada na fus\u00e3o de sabores e saberes dos territ\u00f3rios do Algarve e das prov\u00edncias de Huelva e C\u00e1diz. Decorre j\u00e1 nos dias 12 e 13 de novembro, das 10h \u00e0s 17h30, no Pal\u00e1cio Gama Lobo, em Loul\u00e9.<\/p>\n\n\n\n<p>O LOUL\u00c9 INTERFOOD FEST, enquanto evento gastron\u00f3mico, pretende ser um encontro de consumidores, produtores agroalimentares,&nbsp;<em>chefs<\/em>&nbsp;de cozinha, agentes de turismo e profissionais de outras organiza\u00e7\u00f5es p\u00fablicas e privadas, empenhados na valoriza\u00e7\u00e3o e promo\u00e7\u00e3o de produtos locais e da gastronomia do Algarve e Espanha.<\/p>\n\n\n\n<p>A iniciativa tem um card\u00e1pio dividido em seis \u00e1reas distintas. O Mercado de Produtores, que contempla uma variedade de oferta de produtos locais aut\u00eanticos e de qualidade superior. O espa\u00e7o Showcookings com base na fus\u00e3o de sabores e saberes dos territ\u00f3rios do Algarve e da Andaluzia, contando com a assinatura de&nbsp;<em>chefs<\/em>de renome. O Laborat\u00f3rio de Gastronomia, espa\u00e7o privilegiado para aulas de culin\u00e1ria cujas receitas aliam o tradicional \u00e0 inova\u00e7\u00e3o. O espa\u00e7o Workshops dedicado a temas t\u00e3o variados como a Dieta Mediterr\u00e2nica, Slow Food, Circuitos Curtos de Comercializa\u00e7\u00e3o, Internacionaliza\u00e7\u00e3o de Produtos Alimentares e Turismo Culin\u00e1rio e Enol\u00f3gico. O espa\u00e7o B2B \u00e9 dedicado a encontros\/reuni\u00f5es entre produtores e potenciais compradores, nas mais variadas \u00e1reas. E o Espa\u00e7o Demonstra\u00e7\u00e3o e Degusta\u00e7\u00e3o Produtos Vitalizar, espa\u00e7o onde \u00e9 poss\u00edvel a degusta\u00e7\u00e3o de produtos&nbsp;do territ\u00f3rio com as demonstra\u00e7\u00f5es das escolas profissionais de cozinha, pastelaria, restaura\u00e7\u00e3o e bar da regi\u00e3o do Algarve.<\/p>\n\n\n\n<p>Ainda no \u00e2mbito da programa\u00e7\u00e3o deste evento ser\u00e1 inaugurada no Largo de S\u00e3o Francisco a exposi\u00e7\u00e3o&nbsp;\u201cAlfarroba, o nosso patrim\u00f3nio\u201d, valorizando a identidade e mem\u00f3ria da produ\u00e7\u00e3o e transforma\u00e7\u00e3o de um dos frutos mais emblem\u00e1ticos da regi\u00e3o.&nbsp;<\/p>\n\n\n\n<p>O evento \u00e9 gratuito e aberto ao p\u00fablico em geral, sendo que a participa\u00e7\u00e3o nos Workshops, B2B e Laborat\u00f3rios de Gastronomia est\u00e3o sujeitas a inscri\u00e7\u00e3o atrav\u00e9s do website:\u00a0<a href=\"http:\/\/www.louleinterfoodfest.com\/\" target=\"_blank\" rel=\"noreferrer noopener\">www.louleinterfoodfest.com<\/a>\u00a0e limitada aos lugares existentes.<\/p>\n\n\n\n<p>A organiza\u00e7\u00e3o desta iniciativa \u00e9 conjunta e est\u00e1 a cargo do Munic\u00edpio de Loul\u00e9, do NERA \u2013 Associa\u00e7\u00e3o Empresarial da Regi\u00e3o do Algarve, e da ODIANA &#8211;&nbsp;Associa\u00e7\u00e3o para o Desenvolvimento do Baixo Guadiana, no \u00e2mbito do Projeto INTERPYME.<\/p>\n\n\n\n<p>A destacar que o Projeto INTERPYME &#8211; Plataforma para Internacionaliza\u00e7\u00e3o das PME\u2019s do Algarve e das Prov\u00edncias de C\u00e1diz e Huelva &#8211; \u00e9 uma iniciativa de coopera\u00e7\u00e3o cofinanciada pelo Programa Interreg V- A Espanha-Portugal 2014-2020. A parceria do projeto conta com a Diputaci\u00f3n de C\u00e1diz, atrav\u00e9s do IEDT, com a Confederaci\u00f3n de Empresarios de C\u00e1diz, o CEEI Bah\u00eda de C\u00e1diz, a Universidade de C\u00e1diz, a C\u00e1mara de Comercio de Jerez de la Frontera, a Diputaci\u00f3n de Huelva, o Munic\u00edpio de Loul\u00e9, o NERA e a ODIANA.<\/p>\n\n\n\n<p>Para informa\u00e7\u00f5es sobre o evento, bem como inscri\u00e7\u00f5es nos Workshops, encontros\u00a0\u00a0B2B e nos\u00a0Laborat\u00f3rio de Gastronomia consulte\u00a0<a href=\"http:\/\/www.louleinterfoodfest.com\/\">www.louleinterfoodfest.com<\/a>\u00a0e\/ou contacte:\u00a0<a href=\"mailto:loule.interfoodfest@gmail.com\" target=\"_blank\" rel=\"noreferrer noopener\">loule.interfoodfest@gmail.com<\/a><\/p>\n","protected":false},"excerpt":{"rendered":"<p>Em novembro, o Algarve recebe o LOUL\u00c9 INTERFOOD FEST, um evento dedicado aos produtos e gastronomia local. Desde mercado de<\/p>\n","protected":false},"author":1,"featured_media":12678,"comment_status":"open","ping_status":"open","sticky":false,"template":"","format":"standard","meta":{"colormag_page_container_layout":"default_layout","colormag_page_sidebar_layout":"default_layout","_monsterinsights_skip_tracking":false,"_monsterinsights_sitenote_active":false,"_monsterinsights_sitenote_note":"","_monsterinsights_sitenote_category":0,"jetpack_post_was_ever_published":false,"_jetpack_newsletter_access":"","_jetpack_dont_email_post_to_subs":false,"_jetpack_newsletter_tier_id":0,"_jetpack_memberships_contains_paywalled_content":false,"_jetpack_memberships_contains_paid_content":false,"footnotes":"","jetpack_publicize_message":"","jetpack_publicize_feature_enabled":true,"jetpack_social_post_already_shared":true,"jetpack_social_options":{"image_generator_settings":{"template":"highway","default_image_id":0,"font":"","enabled":false},"version":2}},"categories":[11],"tags":[62,31,500],"class_list":["post-12676","post","type-post","status-publish","format-standard","has-post-thumbnail","hentry","category-atualidade","tag-atualidade","tag-loule","tag-loule-interfood-fest"],"yoast_head":"<!-- This site is optimized with the Yoast SEO plugin v27.5 - https:\/\/yoast.com\/product\/yoast-seo-wordpress\/ -->\n<title>\u201cLOUL\u00c9 INTERFOOD FEST\u201d organizado pelo munic\u00edpio de Loul\u00e9, NERA e Odiana - Algarve 7<\/title>\n<meta name=\"description\" content=\"\u201cLOUL\u00c9 INTERFOOD FEST\u201d organizado pelo munic\u00edpio de Loul\u00e9, NERA e Odiana Atualidade\" \/>\n<meta name=\"robots\" content=\"index, follow, max-snippet:-1, max-image-preview:large, max-video-preview:-1\" \/>\n<link rel=\"canonical\" href=\"https:\/\/algarve7.pt\/index.php\/2021\/11\/loule-interfood-fest-organizado-pelo-municipio-de-loule-nera-e-odiana\/atualidade\/15\/48\/\" \/>\n<meta property=\"og:locale\" content=\"pt_PT\" \/>\n<meta property=\"og:type\" content=\"article\" \/>\n<meta property=\"og:title\" content=\"\u201cLOUL\u00c9 INTERFOOD FEST\u201d organizado pelo munic\u00edpio de Loul\u00e9, NERA e Odiana - Algarve 7\" \/>\n<meta property=\"og:description\" content=\"\u201cLOUL\u00c9 INTERFOOD FEST\u201d organizado pelo munic\u00edpio de Loul\u00e9, NERA e Odiana Atualidade\" \/>\n<meta property=\"og:url\" content=\"https:\/\/algarve7.pt\/index.php\/2021\/11\/loule-interfood-fest-organizado-pelo-municipio-de-loule-nera-e-odiana\/atualidade\/15\/48\/\" \/>\n<meta property=\"og:site_name\" content=\"Algarve 7\" \/>\n<meta property=\"article:publisher\" content=\"https:\/\/www.facebook.com\/algarve7\" \/>\n<meta property=\"article:author\" content=\"https:\/\/www.facebook.com\/algarve7\" \/>\n<meta property=\"article:published_time\" content=\"2021-11-03T15:48:40+00:00\" \/>\n<meta property=\"article:modified_time\" content=\"2021-11-03T15:48:43+00:00\" \/>\n<meta property=\"og:image\" content=\"https:\/\/algarve7.pt\/wp-content\/uploads\/2021\/11\/Captura-de-ecra-2021-11-03-as-15.40.52-1-e1635954478647.png\" \/>\n\t<meta property=\"og:image:width\" content=\"1920\" \/>\n\t<meta property=\"og:image:height\" content=\"1540\" \/>\n\t<meta property=\"og:image:type\" content=\"image\/png\" \/>\n<meta name=\"author\" content=\"Algarve 7\" \/>\n<meta name=\"twitter:card\" content=\"summary_large_image\" \/>\n<meta name=\"twitter:creator\" content=\"@Algarvesete\" \/>\n<meta name=\"twitter:site\" content=\"@Algarvesete\" \/>\n<meta name=\"twitter:label1\" content=\"Escrito por\" \/>\n\t<meta name=\"twitter:data1\" content=\"Algarve 7\" \/>\n\t<meta name=\"twitter:label2\" content=\"Tempo estimado de leitura\" \/>\n\t<meta name=\"twitter:data2\" content=\"3 minutos\" \/>\n<script type=\"application\/ld+json\" class=\"yoast-schema-graph\">{\"@context\":\"https:\\\/\\\/schema.org\",\"@graph\":[{\"@type\":\"Article\",\"@id\":\"https:\\\/\\\/algarve7.pt\\\/index.php\\\/2021\\\/11\\\/loule-interfood-fest-organizado-pelo-municipio-de-loule-nera-e-odiana\\\/atualidade\\\/15\\\/48\\\/#article\",\"isPartOf\":{\"@id\":\"https:\\\/\\\/algarve7.pt\\\/index.php\\\/2021\\\/11\\\/loule-interfood-fest-organizado-pelo-municipio-de-loule-nera-e-odiana\\\/atualidade\\\/15\\\/48\\\/\"},\"author\":{\"name\":\"Algarve 7\",\"@id\":\"https:\\\/\\\/algarve7.pt\\\/#\\\/schema\\\/person\\\/23fa70681308e7b319a3204bcea45e0c\"},\"headline\":\"\u201cLOUL\u00c9 INTERFOOD FEST\u201d organizado pelo munic\u00edpio de Loul\u00e9, NERA e Odiana\",\"datePublished\":\"2021-11-03T15:48:40+00:00\",\"dateModified\":\"2021-11-03T15:48:43+00:00\",\"mainEntityOfPage\":{\"@id\":\"https:\\\/\\\/algarve7.pt\\\/index.php\\\/2021\\\/11\\\/loule-interfood-fest-organizado-pelo-municipio-de-loule-nera-e-odiana\\\/atualidade\\\/15\\\/48\\\/\"},\"wordCount\":629,\"commentCount\":0,\"publisher\":{\"@id\":\"https:\\\/\\\/algarve7.pt\\\/#organization\"},\"image\":{\"@id\":\"https:\\\/\\\/algarve7.pt\\\/index.php\\\/2021\\\/11\\\/loule-interfood-fest-organizado-pelo-municipio-de-loule-nera-e-odiana\\\/atualidade\\\/15\\\/48\\\/#primaryimage\"},\"thumbnailUrl\":\"https:\\\/\\\/algarve7.pt\\\/wp-content\\\/uploads\\\/2021\\\/11\\\/Captura-de-ecra-2021-11-03-as-15.40.52-1-e1635954478647.png\",\"keywords\":[\"Atualidade\",\"Loul\u00e9\",\"Loul\u00e9 Interfood Fest\"],\"articleSection\":[\"Atualidade\"],\"inLanguage\":\"pt-PT\",\"potentialAction\":[{\"@type\":\"CommentAction\",\"name\":\"Comment\",\"target\":[\"https:\\\/\\\/algarve7.pt\\\/index.php\\\/2021\\\/11\\\/loule-interfood-fest-organizado-pelo-municipio-de-loule-nera-e-odiana\\\/atualidade\\\/15\\\/48\\\/#respond\"]}]},{\"@type\":\"WebPage\",\"@id\":\"https:\\\/\\\/algarve7.pt\\\/index.php\\\/2021\\\/11\\\/loule-interfood-fest-organizado-pelo-municipio-de-loule-nera-e-odiana\\\/atualidade\\\/15\\\/48\\\/\",\"url\":\"https:\\\/\\\/algarve7.pt\\\/index.php\\\/2021\\\/11\\\/loule-interfood-fest-organizado-pelo-municipio-de-loule-nera-e-odiana\\\/atualidade\\\/15\\\/48\\\/\",\"name\":\"\u201cLOUL\u00c9 INTERFOOD FEST\u201d organizado pelo munic\u00edpio de Loul\u00e9, NERA e Odiana - Algarve 7\",\"isPartOf\":{\"@id\":\"https:\\\/\\\/algarve7.pt\\\/#website\"},\"primaryImageOfPage\":{\"@id\":\"https:\\\/\\\/algarve7.pt\\\/index.php\\\/2021\\\/11\\\/loule-interfood-fest-organizado-pelo-municipio-de-loule-nera-e-odiana\\\/atualidade\\\/15\\\/48\\\/#primaryimage\"},\"image\":{\"@id\":\"https:\\\/\\\/algarve7.pt\\\/index.php\\\/2021\\\/11\\\/loule-interfood-fest-organizado-pelo-municipio-de-loule-nera-e-odiana\\\/atualidade\\\/15\\\/48\\\/#primaryimage\"},\"thumbnailUrl\":\"https:\\\/\\\/algarve7.pt\\\/wp-content\\\/uploads\\\/2021\\\/11\\\/Captura-de-ecra-2021-11-03-as-15.40.52-1-e1635954478647.png\",\"datePublished\":\"2021-11-03T15:48:40+00:00\",\"dateModified\":\"2021-11-03T15:48:43+00:00\",\"description\":\"\u201cLOUL\u00c9 INTERFOOD FEST\u201d organizado pelo munic\u00edpio de Loul\u00e9, NERA e Odiana Atualidade\",\"breadcrumb\":{\"@id\":\"https:\\\/\\\/algarve7.pt\\\/index.php\\\/2021\\\/11\\\/loule-interfood-fest-organizado-pelo-municipio-de-loule-nera-e-odiana\\\/atualidade\\\/15\\\/48\\\/#breadcrumb\"},\"inLanguage\":\"pt-PT\",\"potentialAction\":[{\"@type\":\"ReadAction\",\"target\":[\"https:\\\/\\\/algarve7.pt\\\/index.php\\\/2021\\\/11\\\/loule-interfood-fest-organizado-pelo-municipio-de-loule-nera-e-odiana\\\/atualidade\\\/15\\\/48\\\/\"]}]},{\"@type\":\"ImageObject\",\"inLanguage\":\"pt-PT\",\"@id\":\"https:\\\/\\\/algarve7.pt\\\/index.php\\\/2021\\\/11\\\/loule-interfood-fest-organizado-pelo-municipio-de-loule-nera-e-odiana\\\/atualidade\\\/15\\\/48\\\/#primaryimage\",\"url\":\"https:\\\/\\\/algarve7.pt\\\/wp-content\\\/uploads\\\/2021\\\/11\\\/Captura-de-ecra-2021-11-03-as-15.40.52-1-e1635954478647.png\",\"contentUrl\":\"https:\\\/\\\/algarve7.pt\\\/wp-content\\\/uploads\\\/2021\\\/11\\\/Captura-de-ecra-2021-11-03-as-15.40.52-1-e1635954478647.png\",\"width\":1920,\"height\":1540},{\"@type\":\"BreadcrumbList\",\"@id\":\"https:\\\/\\\/algarve7.pt\\\/index.php\\\/2021\\\/11\\\/loule-interfood-fest-organizado-pelo-municipio-de-loule-nera-e-odiana\\\/atualidade\\\/15\\\/48\\\/#breadcrumb\",\"itemListElement\":[{\"@type\":\"ListItem\",\"position\":1,\"name\":\"In\u00edcio\",\"item\":\"https:\\\/\\\/algarve7.pt\\\/\"},{\"@type\":\"ListItem\",\"position\":2,\"name\":\"\u201cLOUL\u00c9 INTERFOOD FEST\u201d organizado pelo munic\u00edpio de Loul\u00e9, NERA e Odiana\"}]},{\"@type\":\"WebSite\",\"@id\":\"https:\\\/\\\/algarve7.pt\\\/#website\",\"url\":\"https:\\\/\\\/algarve7.pt\\\/\",\"name\":\"Algarve 7\",\"description\":\"Informa\u00e7\u00e3o sobre o Algarve\",\"publisher\":{\"@id\":\"https:\\\/\\\/algarve7.pt\\\/#organization\"},\"potentialAction\":[{\"@type\":\"SearchAction\",\"target\":{\"@type\":\"EntryPoint\",\"urlTemplate\":\"https:\\\/\\\/algarve7.pt\\\/?s={search_term_string}\"},\"query-input\":{\"@type\":\"PropertyValueSpecification\",\"valueRequired\":true,\"valueName\":\"search_term_string\"}}],\"inLanguage\":\"pt-PT\"},{\"@type\":\"Organization\",\"@id\":\"https:\\\/\\\/algarve7.pt\\\/#organization\",\"name\":\"Algarve 7\",\"url\":\"https:\\\/\\\/algarve7.pt\\\/\",\"logo\":{\"@type\":\"ImageObject\",\"inLanguage\":\"pt-PT\",\"@id\":\"https:\\\/\\\/algarve7.pt\\\/#\\\/schema\\\/logo\\\/image\\\/\",\"url\":\"https:\\\/\\\/algarve7.pt\\\/wp-content\\\/uploads\\\/2020\\\/10\\\/Logo-8.jpg\",\"contentUrl\":\"https:\\\/\\\/algarve7.pt\\\/wp-content\\\/uploads\\\/2020\\\/10\\\/Logo-8.jpg\",\"width\":1680,\"height\":1186,\"caption\":\"Algarve 7\"},\"image\":{\"@id\":\"https:\\\/\\\/algarve7.pt\\\/#\\\/schema\\\/logo\\\/image\\\/\"},\"sameAs\":[\"https:\\\/\\\/www.facebook.com\\\/algarve7\",\"https:\\\/\\\/x.com\\\/Algarvesete\",\"https:\\\/\\\/www.instagram.com\\\/jornalalgarve7\\\/\",\"https:\\\/\\\/www.linkedin.com\\\/company\\\/algarve7\",\"https:\\\/\\\/www.pinterest.pt\\\/geral0939\\\/_created\\\/\"]},{\"@type\":\"Person\",\"@id\":\"https:\\\/\\\/algarve7.pt\\\/#\\\/schema\\\/person\\\/23fa70681308e7b319a3204bcea45e0c\",\"name\":\"Algarve 7\",\"sameAs\":[\"https:\\\/\\\/algarve7.pt\",\"https:\\\/\\\/www.facebook.com\\\/algarve7\"],\"url\":\"https:\\\/\\\/algarve7.pt\\\/index.php\\\/author\\\/geralalgarve7-pt\\\/\"}]}<\/script>\n<!-- \/ Yoast SEO plugin. -->","yoast_head_json":{"title":"\u201cLOUL\u00c9 INTERFOOD FEST\u201d organizado pelo munic\u00edpio de Loul\u00e9, NERA e Odiana - Algarve 7","description":"\u201cLOUL\u00c9 INTERFOOD FEST\u201d organizado pelo munic\u00edpio de Loul\u00e9, NERA e Odiana Atualidade","robots":{"index":"index","follow":"follow","max-snippet":"max-snippet:-1","max-image-preview":"max-image-preview:large","max-video-preview":"max-video-preview:-1"},"canonical":"https:\/\/algarve7.pt\/index.php\/2021\/11\/loule-interfood-fest-organizado-pelo-municipio-de-loule-nera-e-odiana\/atualidade\/15\/48\/","og_locale":"pt_PT","og_type":"article","og_title":"\u201cLOUL\u00c9 INTERFOOD FEST\u201d organizado pelo munic\u00edpio de Loul\u00e9, NERA e Odiana - Algarve 7","og_description":"\u201cLOUL\u00c9 INTERFOOD FEST\u201d organizado pelo munic\u00edpio de Loul\u00e9, NERA e Odiana Atualidade","og_url":"https:\/\/algarve7.pt\/index.php\/2021\/11\/loule-interfood-fest-organizado-pelo-municipio-de-loule-nera-e-odiana\/atualidade\/15\/48\/","og_site_name":"Algarve 7","article_publisher":"https:\/\/www.facebook.com\/algarve7","article_author":"https:\/\/www.facebook.com\/algarve7","article_published_time":"2021-11-03T15:48:40+00:00","article_modified_time":"2021-11-03T15:48:43+00:00","og_image":[{"width":1920,"height":1540,"url":"https:\/\/algarve7.pt\/wp-content\/uploads\/2021\/11\/Captura-de-ecra-2021-11-03-as-15.40.52-1-e1635954478647.png","type":"image\/png"}],"author":"Algarve 7","twitter_card":"summary_large_image","twitter_creator":"@Algarvesete","twitter_site":"@Algarvesete","twitter_misc":{"Escrito por":"Algarve 7","Tempo estimado de leitura":"3 minutos"},"schema":{"@context":"https:\/\/schema.org","@graph":[{"@type":"Article","@id":"https:\/\/algarve7.pt\/index.php\/2021\/11\/loule-interfood-fest-organizado-pelo-municipio-de-loule-nera-e-odiana\/atualidade\/15\/48\/#article","isPartOf":{"@id":"https:\/\/algarve7.pt\/index.php\/2021\/11\/loule-interfood-fest-organizado-pelo-municipio-de-loule-nera-e-odiana\/atualidade\/15\/48\/"},"author":{"name":"Algarve 7","@id":"https:\/\/algarve7.pt\/#\/schema\/person\/23fa70681308e7b319a3204bcea45e0c"},"headline":"\u201cLOUL\u00c9 INTERFOOD FEST\u201d organizado pelo munic\u00edpio de Loul\u00e9, NERA e Odiana","datePublished":"2021-11-03T15:48:40+00:00","dateModified":"2021-11-03T15:48:43+00:00","mainEntityOfPage":{"@id":"https:\/\/algarve7.pt\/index.php\/2021\/11\/loule-interfood-fest-organizado-pelo-municipio-de-loule-nera-e-odiana\/atualidade\/15\/48\/"},"wordCount":629,"commentCount":0,"publisher":{"@id":"https:\/\/algarve7.pt\/#organization"},"image":{"@id":"https:\/\/algarve7.pt\/index.php\/2021\/11\/loule-interfood-fest-organizado-pelo-municipio-de-loule-nera-e-odiana\/atualidade\/15\/48\/#primaryimage"},"thumbnailUrl":"https:\/\/algarve7.pt\/wp-content\/uploads\/2021\/11\/Captura-de-ecra-2021-11-03-as-15.40.52-1-e1635954478647.png","keywords":["Atualidade","Loul\u00e9","Loul\u00e9 Interfood Fest"],"articleSection":["Atualidade"],"inLanguage":"pt-PT","potentialAction":[{"@type":"CommentAction","name":"Comment","target":["https:\/\/algarve7.pt\/index.php\/2021\/11\/loule-interfood-fest-organizado-pelo-municipio-de-loule-nera-e-odiana\/atualidade\/15\/48\/#respond"]}]},{"@type":"WebPage","@id":"https:\/\/algarve7.pt\/index.php\/2021\/11\/loule-interfood-fest-organizado-pelo-municipio-de-loule-nera-e-odiana\/atualidade\/15\/48\/","url":"https:\/\/algarve7.pt\/index.php\/2021\/11\/loule-interfood-fest-organizado-pelo-municipio-de-loule-nera-e-odiana\/atualidade\/15\/48\/","name":"\u201cLOUL\u00c9 INTERFOOD FEST\u201d organizado pelo munic\u00edpio de Loul\u00e9, NERA e Odiana - Algarve 7","isPartOf":{"@id":"https:\/\/algarve7.pt\/#website"},"primaryImageOfPage":{"@id":"https:\/\/algarve7.pt\/index.php\/2021\/11\/loule-interfood-fest-organizado-pelo-municipio-de-loule-nera-e-odiana\/atualidade\/15\/48\/#primaryimage"},"image":{"@id":"https:\/\/algarve7.pt\/index.php\/2021\/11\/loule-interfood-fest-organizado-pelo-municipio-de-loule-nera-e-odiana\/atualidade\/15\/48\/#primaryimage"},"thumbnailUrl":"https:\/\/algarve7.pt\/wp-content\/uploads\/2021\/11\/Captura-de-ecra-2021-11-03-as-15.40.52-1-e1635954478647.png","datePublished":"2021-11-03T15:48:40+00:00","dateModified":"2021-11-03T15:48:43+00:00","description":"\u201cLOUL\u00c9 INTERFOOD FEST\u201d organizado pelo munic\u00edpio de Loul\u00e9, NERA e Odiana Atualidade","breadcrumb":{"@id":"https:\/\/algarve7.pt\/index.php\/2021\/11\/loule-interfood-fest-organizado-pelo-municipio-de-loule-nera-e-odiana\/atualidade\/15\/48\/#breadcrumb"},"inLanguage":"pt-PT","potentialAction":[{"@type":"ReadAction","target":["https:\/\/algarve7.pt\/index.php\/2021\/11\/loule-interfood-fest-organizado-pelo-municipio-de-loule-nera-e-odiana\/atualidade\/15\/48\/"]}]},{"@type":"ImageObject","inLanguage":"pt-PT","@id":"https:\/\/algarve7.pt\/index.php\/2021\/11\/loule-interfood-fest-organizado-pelo-municipio-de-loule-nera-e-odiana\/atualidade\/15\/48\/#primaryimage","url":"https:\/\/algarve7.pt\/wp-content\/uploads\/2021\/11\/Captura-de-ecra-2021-11-03-as-15.40.52-1-e1635954478647.png","contentUrl":"https:\/\/algarve7.pt\/wp-content\/uploads\/2021\/11\/Captura-de-ecra-2021-11-03-as-15.40.52-1-e1635954478647.png","width":1920,"height":1540},{"@type":"BreadcrumbList","@id":"https:\/\/algarve7.pt\/index.php\/2021\/11\/loule-interfood-fest-organizado-pelo-municipio-de-loule-nera-e-odiana\/atualidade\/15\/48\/#breadcrumb","itemListElement":[{"@type":"ListItem","position":1,"name":"In\u00edcio","item":"https:\/\/algarve7.pt\/"},{"@type":"ListItem","position":2,"name":"\u201cLOUL\u00c9 INTERFOOD FEST\u201d organizado pelo munic\u00edpio de Loul\u00e9, NERA e Odiana"}]},{"@type":"WebSite","@id":"https:\/\/algarve7.pt\/#website","url":"https:\/\/algarve7.pt\/","name":"Algarve 7","description":"Informa\u00e7\u00e3o sobre o Algarve","publisher":{"@id":"https:\/\/algarve7.pt\/#organization"},"potentialAction":[{"@type":"SearchAction","target":{"@type":"EntryPoint","urlTemplate":"https:\/\/algarve7.pt\/?s={search_term_string}"},"query-input":{"@type":"PropertyValueSpecification","valueRequired":true,"valueName":"search_term_string"}}],"inLanguage":"pt-PT"},{"@type":"Organization","@id":"https:\/\/algarve7.pt\/#organization","name":"Algarve 7","url":"https:\/\/algarve7.pt\/","logo":{"@type":"ImageObject","inLanguage":"pt-PT","@id":"https:\/\/algarve7.pt\/#\/schema\/logo\/image\/","url":"https:\/\/algarve7.pt\/wp-content\/uploads\/2020\/10\/Logo-8.jpg","contentUrl":"https:\/\/algarve7.pt\/wp-content\/uploads\/2020\/10\/Logo-8.jpg","width":1680,"height":1186,"caption":"Algarve 7"},"image":{"@id":"https:\/\/algarve7.pt\/#\/schema\/logo\/image\/"},"sameAs":["https:\/\/www.facebook.com\/algarve7","https:\/\/x.com\/Algarvesete","https:\/\/www.instagram.com\/jornalalgarve7\/","https:\/\/www.linkedin.com\/company\/algarve7","https:\/\/www.pinterest.pt\/geral0939\/_created\/"]},{"@type":"Person","@id":"https:\/\/algarve7.pt\/#\/schema\/person\/23fa70681308e7b319a3204bcea45e0c","name":"Algarve 7","sameAs":["https:\/\/algarve7.pt","https:\/\/www.facebook.com\/algarve7"],"url":"https:\/\/algarve7.pt\/index.php\/author\/geralalgarve7-pt\/"}]}},"jetpack_publicize_connections":[],"jetpack_featured_media_url":"https:\/\/algarve7.pt\/wp-content\/uploads\/2021\/11\/Captura-de-ecra-2021-11-03-as-15.40.52-1-e1635954478647.png","jetpack_shortlink":"https:\/\/wp.me\/pcezmW-3is","jetpack_sharing_enabled":true,"_links":{"self":[{"href":"https:\/\/algarve7.pt\/index.php\/wp-json\/wp\/v2\/posts\/12676","targetHints":{"allow":["GET"]}}],"collection":[{"href":"https:\/\/algarve7.pt\/index.php\/wp-json\/wp\/v2\/posts"}],"about":[{"href":"https:\/\/algarve7.pt\/index.php\/wp-json\/wp\/v2\/types\/post"}],"author":[{"embeddable":true,"href":"https:\/\/algarve7.pt\/index.php\/wp-json\/wp\/v2\/users\/1"}],"replies":[{"embeddable":true,"href":"https:\/\/algarve7.pt\/index.php\/wp-json\/wp\/v2\/comments?post=12676"}],"version-history":[{"count":0,"href":"https:\/\/algarve7.pt\/index.php\/wp-json\/wp\/v2\/posts\/12676\/revisions"}],"wp:featuredmedia":[{"embeddable":true,"href":"https:\/\/algarve7.pt\/index.php\/wp-json\/wp\/v2\/media\/12678"}],"wp:attachment":[{"href":"https:\/\/algarve7.pt\/index.php\/wp-json\/wp\/v2\/media?parent=12676"}],"wp:term":[{"taxonomy":"category","embeddable":true,"href":"https:\/\/algarve7.pt\/index.php\/wp-json\/wp\/v2\/categories?post=12676"},{"taxonomy":"post_tag","embeddable":true,"href":"https:\/\/algarve7.pt\/index.php\/wp-json\/wp\/v2\/tags?post=12676"}],"curies":[{"name":"wp","href":"https:\/\/api.w.org\/{rel}","templated":true}]}}