{"id":12654,"date":"2021-11-03T10:30:00","date_gmt":"2021-11-03T10:30:00","guid":{"rendered":"https:\/\/algarve7.pt\/?p=12654"},"modified":"2021-11-03T08:28:47","modified_gmt":"2021-11-03T08:28:47","slug":"af-algarve-lanca-projeto-inedito-para-desenvolver-a-arbitragem","status":"publish","type":"post","link":"https:\/\/algarve7.pt\/index.php\/2021\/11\/af-algarve-lanca-projeto-inedito-para-desenvolver-a-arbitragem\/desporto\/10\/30\/","title":{"rendered":"AF Algarve lan\u00e7a projeto in\u00e9dito para desenvolver a arbitragem"},"content":{"rendered":"\n<p>A Associa\u00e7\u00e3o de Futebol do Algarve (AFA) e o Agrupamento de Escolas Pinheiro e Rosa (AEPR), de Faro, assinaram, ontem ter\u00e7a-feira, dia 2 de novembro, um protocolo de colabora\u00e7\u00e3o no \u00e2mbito do Programa +3, iniciativa pioneira da AFA cujo principal objetivo passa pela forma\u00e7\u00e3o e recrutamento de novos \u00e1rbitros de futebol e de futsal na regi\u00e3o.\u00a0<\/p>\n\n\n\n<p>Sob o mote &#8220;Mais Aprendizagem, Mais Futuro, Mais Arbitragem&#8221;, a iniciativa in\u00e9dita entre as vinte e duas associa\u00e7\u00f5es de futebol do pa\u00eds vai oferecer aos alunos dos Cursos T\u00e9cnicos de Desporto do Algarve mais duas habilita\u00e7\u00f5es profissionais e a possibilidade de integra\u00e7\u00e3o nos quadros distritais e consequente carreira de \u00e1rbitro.&nbsp;<\/p>\n\n\n\n<p>&#8220;Este programa \u00e9 por si s\u00f3 ganhador pelo facto de termos a oportunidade de formar jovens. N\u00e3o temos d\u00favidas de que vai ser um enorme sucesso para todos e uma mais-valia para os alunos&#8221;, disse S\u00e9rgio Piscarreta, Presidente do Conselho de Arbitragem da AFA.&nbsp;<\/p>\n\n\n\n<p>O projeto arrancou esta ter\u00e7a-feira com a primeira aula das turmas da Escola Secund\u00e1ria Pinheiro e Rosa e com a inten\u00e7\u00e3o de ser alargado aos restantes agrupamentos escolares do Algarve a partir da pr\u00f3xima \u00e9poca desportiva, bem como do resto do pa\u00eds, atrav\u00e9s das associa\u00e7\u00f5es cong\u00e9neres.&nbsp;<\/p>\n\n\n\n<p>&#8220;Esta parceria tem todas as condi\u00e7\u00f5es para disseminar-se pelo pa\u00eds. N\u00e3o h\u00e1 desporto nem jogos sem \u00e1rbitro, pelo que a arbitragem constitui uma grande janela de oportunidade para os alunos&#8221;, considerou Francisco Soares, Diretor do AEPR.&nbsp;<\/p>\n\n\n\n<p>Presente na sess\u00e3o esteve tamb\u00e9m Jos\u00e9 Fontelas Gomes, que come\u00e7ou por parabenizar a Associa\u00e7\u00e3o e o AEPR pela coopera\u00e7\u00e3o. &#8220;Esta parceria com as escolas \u00e9 important\u00edssima para o desenvolvimento da arbitragem e revemo-nos completamente nesta vis\u00e3o&#8221;, referiu o Presidente do Conselho de Arbitragem da Federa\u00e7\u00e3o Portuguesa de Futebol, que real\u00e7ou os valores que definem o setor da arbitragem e que &#8220;devem nortear-nos, tanto a n\u00edvel pessoal, como profissional: \u00e9tica, responsabilidade, profissionalismo honestidade&#8221;.&nbsp;<\/p>\n\n\n\n<p>Por sua vez, Reinaldo Teixeira destacou &#8220;a disponibilidade demonstrada desde a primeira hora pelo Agrupamento, criando uma sinergia determinante para aproximar a arbitragem das escolas&#8221; e o facto daqueles alunos serem &#8220;os primeiros contemplados em Portugal a ter um m\u00f3dulo de arbitragem no plano curricular&#8221;. &#8220;Temos a obriga\u00e7\u00e3o de credibilizar e de sermos embaixadores dos valores do setor da arbitragem e \u00e9 isso que tamb\u00e9m queremos promover&#8221;, afirmou o Presidente da Dire\u00e7\u00e3o da AFA.&nbsp;<\/p>\n\n\n\n<p>Os reconhecidos agentes de arbitragem algarvios Nuno Cordas e Ruben Guerreiro ser\u00e3o os formadores respons\u00e1veis pelos m\u00f3dulos de futebol e futsal, respetivamente, que ser\u00e3o, este ano letivo, dirigidos no audit\u00f3rio da AFA, que acolheu esta a\u00e7\u00e3o de lan\u00e7amento e na qual estiveram tamb\u00e9m presentes Lu\u00eds Pires, em representa\u00e7\u00e3o da Divis\u00e3o de Desporto da C\u00e2mara Municipal de Faro, Nelson Guerreiro e Nuno Afonso, do Conselho de Arbitragem da AFA, Jos\u00e9 Borges, Diretor T\u00e9cnico da AFA, e Lu\u00eds Brites, Professor da Componente Tecnol\u00f3gica do Curso de Desporto da Escola Secund\u00e1ria Pinheiro e Rosa.<\/p>\n","protected":false},"excerpt":{"rendered":"<p>A Associa\u00e7\u00e3o de Futebol do Algarve (AFA) e o Agrupamento de Escolas Pinheiro e Rosa (AEPR), de Faro, assinaram, ontem<\/p>\n","protected":false},"author":1,"featured_media":12655,"comment_status":"open","ping_status":"open","sticky":false,"template":"","format":"standard","meta":{"colormag_page_container_layout":"default_layout","colormag_page_sidebar_layout":"default_layout","_monsterinsights_skip_tracking":false,"_monsterinsights_sitenote_active":false,"_monsterinsights_sitenote_note":"","_monsterinsights_sitenote_category":0,"jetpack_post_was_ever_published":false,"_jetpack_newsletter_access":"","_jetpack_dont_email_post_to_subs":false,"_jetpack_newsletter_tier_id":0,"_jetpack_memberships_contains_paywalled_content":false,"_jetpack_memberships_contains_paid_content":false,"footnotes":"","jetpack_publicize_message":"","jetpack_publicize_feature_enabled":true,"jetpack_social_post_already_shared":true,"jetpack_social_options":{"image_generator_settings":{"template":"highway","default_image_id":0,"font":"","enabled":false},"version":2}},"categories":[15],"tags":[36,40],"class_list":["post-12654","post","type-post","status-publish","format-standard","has-post-thumbnail","hentry","category-desporto","tag-algarve","tag-desporto"],"yoast_head":"<!-- This site is optimized with the Yoast SEO plugin v27.5 - https:\/\/yoast.com\/product\/yoast-seo-wordpress\/ -->\n<title>AF Algarve lan\u00e7a projeto in\u00e9dito para desenvolver a arbitragem - Algarve 7<\/title>\n<meta name=\"description\" content=\"AF Algarve lan\u00e7a projeto in\u00e9dito para desenvolver a arbitragem Desporto\" \/>\n<meta name=\"robots\" content=\"index, follow, max-snippet:-1, max-image-preview:large, max-video-preview:-1\" \/>\n<link rel=\"canonical\" href=\"https:\/\/algarve7.pt\/index.php\/2021\/11\/af-algarve-lanca-projeto-inedito-para-desenvolver-a-arbitragem\/desporto\/10\/30\/\" \/>\n<meta property=\"og:locale\" content=\"pt_PT\" \/>\n<meta property=\"og:type\" content=\"article\" \/>\n<meta property=\"og:title\" content=\"AF Algarve lan\u00e7a projeto in\u00e9dito para desenvolver a arbitragem - Algarve 7\" \/>\n<meta property=\"og:description\" content=\"AF Algarve lan\u00e7a projeto in\u00e9dito para desenvolver a arbitragem Desporto\" \/>\n<meta property=\"og:url\" content=\"https:\/\/algarve7.pt\/index.php\/2021\/11\/af-algarve-lanca-projeto-inedito-para-desenvolver-a-arbitragem\/desporto\/10\/30\/\" \/>\n<meta property=\"og:site_name\" content=\"Algarve 7\" \/>\n<meta property=\"article:publisher\" content=\"https:\/\/www.facebook.com\/algarve7\" \/>\n<meta property=\"article:author\" content=\"https:\/\/www.facebook.com\/algarve7\" \/>\n<meta property=\"article:published_time\" content=\"2021-11-03T10:30:00+00:00\" \/>\n<meta property=\"og:image\" content=\"https:\/\/algarve7.pt\/wp-content\/uploads\/2021\/11\/IMG_2412.jpg\" \/>\n\t<meta property=\"og:image:width\" content=\"1920\" \/>\n\t<meta property=\"og:image:height\" content=\"1280\" \/>\n\t<meta property=\"og:image:type\" content=\"image\/jpeg\" \/>\n<meta name=\"author\" content=\"Algarve 7\" \/>\n<meta name=\"twitter:card\" content=\"summary_large_image\" \/>\n<meta name=\"twitter:creator\" content=\"@Algarvesete\" \/>\n<meta name=\"twitter:site\" content=\"@Algarvesete\" \/>\n<meta name=\"twitter:label1\" content=\"Escrito por\" \/>\n\t<meta name=\"twitter:data1\" content=\"Algarve 7\" \/>\n\t<meta name=\"twitter:label2\" content=\"Tempo estimado de leitura\" \/>\n\t<meta name=\"twitter:data2\" content=\"3 minutos\" \/>\n<script type=\"application\/ld+json\" class=\"yoast-schema-graph\">{\"@context\":\"https:\\\/\\\/schema.org\",\"@graph\":[{\"@type\":\"Article\",\"@id\":\"https:\\\/\\\/algarve7.pt\\\/index.php\\\/2021\\\/11\\\/af-algarve-lanca-projeto-inedito-para-desenvolver-a-arbitragem\\\/desporto\\\/10\\\/30\\\/#article\",\"isPartOf\":{\"@id\":\"https:\\\/\\\/algarve7.pt\\\/index.php\\\/2021\\\/11\\\/af-algarve-lanca-projeto-inedito-para-desenvolver-a-arbitragem\\\/desporto\\\/10\\\/30\\\/\"},\"author\":{\"name\":\"Algarve 7\",\"@id\":\"https:\\\/\\\/algarve7.pt\\\/#\\\/schema\\\/person\\\/23fa70681308e7b319a3204bcea45e0c\"},\"headline\":\"AF Algarve lan\u00e7a projeto in\u00e9dito para desenvolver a arbitragem\",\"datePublished\":\"2021-11-03T10:30:00+00:00\",\"mainEntityOfPage\":{\"@id\":\"https:\\\/\\\/algarve7.pt\\\/index.php\\\/2021\\\/11\\\/af-algarve-lanca-projeto-inedito-para-desenvolver-a-arbitragem\\\/desporto\\\/10\\\/30\\\/\"},\"wordCount\":536,\"commentCount\":0,\"publisher\":{\"@id\":\"https:\\\/\\\/algarve7.pt\\\/#organization\"},\"image\":{\"@id\":\"https:\\\/\\\/algarve7.pt\\\/index.php\\\/2021\\\/11\\\/af-algarve-lanca-projeto-inedito-para-desenvolver-a-arbitragem\\\/desporto\\\/10\\\/30\\\/#primaryimage\"},\"thumbnailUrl\":\"https:\\\/\\\/algarve7.pt\\\/wp-content\\\/uploads\\\/2021\\\/11\\\/IMG_2412.jpg\",\"keywords\":[\"Algarve\",\"Desporto\"],\"articleSection\":[\"Desporto\"],\"inLanguage\":\"pt-PT\",\"potentialAction\":[{\"@type\":\"CommentAction\",\"name\":\"Comment\",\"target\":[\"https:\\\/\\\/algarve7.pt\\\/index.php\\\/2021\\\/11\\\/af-algarve-lanca-projeto-inedito-para-desenvolver-a-arbitragem\\\/desporto\\\/10\\\/30\\\/#respond\"]}]},{\"@type\":\"WebPage\",\"@id\":\"https:\\\/\\\/algarve7.pt\\\/index.php\\\/2021\\\/11\\\/af-algarve-lanca-projeto-inedito-para-desenvolver-a-arbitragem\\\/desporto\\\/10\\\/30\\\/\",\"url\":\"https:\\\/\\\/algarve7.pt\\\/index.php\\\/2021\\\/11\\\/af-algarve-lanca-projeto-inedito-para-desenvolver-a-arbitragem\\\/desporto\\\/10\\\/30\\\/\",\"name\":\"AF Algarve lan\u00e7a projeto in\u00e9dito para desenvolver a arbitragem - Algarve 7\",\"isPartOf\":{\"@id\":\"https:\\\/\\\/algarve7.pt\\\/#website\"},\"primaryImageOfPage\":{\"@id\":\"https:\\\/\\\/algarve7.pt\\\/index.php\\\/2021\\\/11\\\/af-algarve-lanca-projeto-inedito-para-desenvolver-a-arbitragem\\\/desporto\\\/10\\\/30\\\/#primaryimage\"},\"image\":{\"@id\":\"https:\\\/\\\/algarve7.pt\\\/index.php\\\/2021\\\/11\\\/af-algarve-lanca-projeto-inedito-para-desenvolver-a-arbitragem\\\/desporto\\\/10\\\/30\\\/#primaryimage\"},\"thumbnailUrl\":\"https:\\\/\\\/algarve7.pt\\\/wp-content\\\/uploads\\\/2021\\\/11\\\/IMG_2412.jpg\",\"datePublished\":\"2021-11-03T10:30:00+00:00\",\"description\":\"AF Algarve lan\u00e7a projeto in\u00e9dito para desenvolver a arbitragem Desporto\",\"breadcrumb\":{\"@id\":\"https:\\\/\\\/algarve7.pt\\\/index.php\\\/2021\\\/11\\\/af-algarve-lanca-projeto-inedito-para-desenvolver-a-arbitragem\\\/desporto\\\/10\\\/30\\\/#breadcrumb\"},\"inLanguage\":\"pt-PT\",\"potentialAction\":[{\"@type\":\"ReadAction\",\"target\":[\"https:\\\/\\\/algarve7.pt\\\/index.php\\\/2021\\\/11\\\/af-algarve-lanca-projeto-inedito-para-desenvolver-a-arbitragem\\\/desporto\\\/10\\\/30\\\/\"]}]},{\"@type\":\"ImageObject\",\"inLanguage\":\"pt-PT\",\"@id\":\"https:\\\/\\\/algarve7.pt\\\/index.php\\\/2021\\\/11\\\/af-algarve-lanca-projeto-inedito-para-desenvolver-a-arbitragem\\\/desporto\\\/10\\\/30\\\/#primaryimage\",\"url\":\"https:\\\/\\\/algarve7.pt\\\/wp-content\\\/uploads\\\/2021\\\/11\\\/IMG_2412.jpg\",\"contentUrl\":\"https:\\\/\\\/algarve7.pt\\\/wp-content\\\/uploads\\\/2021\\\/11\\\/IMG_2412.jpg\",\"width\":1920,\"height\":1280},{\"@type\":\"BreadcrumbList\",\"@id\":\"https:\\\/\\\/algarve7.pt\\\/index.php\\\/2021\\\/11\\\/af-algarve-lanca-projeto-inedito-para-desenvolver-a-arbitragem\\\/desporto\\\/10\\\/30\\\/#breadcrumb\",\"itemListElement\":[{\"@type\":\"ListItem\",\"position\":1,\"name\":\"In\u00edcio\",\"item\":\"https:\\\/\\\/algarve7.pt\\\/\"},{\"@type\":\"ListItem\",\"position\":2,\"name\":\"AF Algarve lan\u00e7a projeto in\u00e9dito para desenvolver a arbitragem\"}]},{\"@type\":\"WebSite\",\"@id\":\"https:\\\/\\\/algarve7.pt\\\/#website\",\"url\":\"https:\\\/\\\/algarve7.pt\\\/\",\"name\":\"Algarve 7\",\"description\":\"Informa\u00e7\u00e3o sobre o Algarve\",\"publisher\":{\"@id\":\"https:\\\/\\\/algarve7.pt\\\/#organization\"},\"potentialAction\":[{\"@type\":\"SearchAction\",\"target\":{\"@type\":\"EntryPoint\",\"urlTemplate\":\"https:\\\/\\\/algarve7.pt\\\/?s={search_term_string}\"},\"query-input\":{\"@type\":\"PropertyValueSpecification\",\"valueRequired\":true,\"valueName\":\"search_term_string\"}}],\"inLanguage\":\"pt-PT\"},{\"@type\":\"Organization\",\"@id\":\"https:\\\/\\\/algarve7.pt\\\/#organization\",\"name\":\"Algarve 7\",\"url\":\"https:\\\/\\\/algarve7.pt\\\/\",\"logo\":{\"@type\":\"ImageObject\",\"inLanguage\":\"pt-PT\",\"@id\":\"https:\\\/\\\/algarve7.pt\\\/#\\\/schema\\\/logo\\\/image\\\/\",\"url\":\"https:\\\/\\\/algarve7.pt\\\/wp-content\\\/uploads\\\/2020\\\/10\\\/Logo-8.jpg\",\"contentUrl\":\"https:\\\/\\\/algarve7.pt\\\/wp-content\\\/uploads\\\/2020\\\/10\\\/Logo-8.jpg\",\"width\":1680,\"height\":1186,\"caption\":\"Algarve 7\"},\"image\":{\"@id\":\"https:\\\/\\\/algarve7.pt\\\/#\\\/schema\\\/logo\\\/image\\\/\"},\"sameAs\":[\"https:\\\/\\\/www.facebook.com\\\/algarve7\",\"https:\\\/\\\/x.com\\\/Algarvesete\",\"https:\\\/\\\/www.instagram.com\\\/jornalalgarve7\\\/\",\"https:\\\/\\\/www.linkedin.com\\\/company\\\/algarve7\",\"https:\\\/\\\/www.pinterest.pt\\\/geral0939\\\/_created\\\/\"]},{\"@type\":\"Person\",\"@id\":\"https:\\\/\\\/algarve7.pt\\\/#\\\/schema\\\/person\\\/23fa70681308e7b319a3204bcea45e0c\",\"name\":\"Algarve 7\",\"sameAs\":[\"https:\\\/\\\/algarve7.pt\",\"https:\\\/\\\/www.facebook.com\\\/algarve7\"],\"url\":\"https:\\\/\\\/algarve7.pt\\\/index.php\\\/author\\\/geralalgarve7-pt\\\/\"}]}<\/script>\n<!-- \/ Yoast SEO plugin. -->","yoast_head_json":{"title":"AF Algarve lan\u00e7a projeto in\u00e9dito para desenvolver a arbitragem - Algarve 7","description":"AF Algarve lan\u00e7a projeto in\u00e9dito para desenvolver a arbitragem Desporto","robots":{"index":"index","follow":"follow","max-snippet":"max-snippet:-1","max-image-preview":"max-image-preview:large","max-video-preview":"max-video-preview:-1"},"canonical":"https:\/\/algarve7.pt\/index.php\/2021\/11\/af-algarve-lanca-projeto-inedito-para-desenvolver-a-arbitragem\/desporto\/10\/30\/","og_locale":"pt_PT","og_type":"article","og_title":"AF Algarve lan\u00e7a projeto in\u00e9dito para desenvolver a arbitragem - Algarve 7","og_description":"AF Algarve lan\u00e7a projeto in\u00e9dito para desenvolver a arbitragem Desporto","og_url":"https:\/\/algarve7.pt\/index.php\/2021\/11\/af-algarve-lanca-projeto-inedito-para-desenvolver-a-arbitragem\/desporto\/10\/30\/","og_site_name":"Algarve 7","article_publisher":"https:\/\/www.facebook.com\/algarve7","article_author":"https:\/\/www.facebook.com\/algarve7","article_published_time":"2021-11-03T10:30:00+00:00","og_image":[{"width":1920,"height":1280,"url":"https:\/\/algarve7.pt\/wp-content\/uploads\/2021\/11\/IMG_2412.jpg","type":"image\/jpeg"}],"author":"Algarve 7","twitter_card":"summary_large_image","twitter_creator":"@Algarvesete","twitter_site":"@Algarvesete","twitter_misc":{"Escrito por":"Algarve 7","Tempo estimado de leitura":"3 minutos"},"schema":{"@context":"https:\/\/schema.org","@graph":[{"@type":"Article","@id":"https:\/\/algarve7.pt\/index.php\/2021\/11\/af-algarve-lanca-projeto-inedito-para-desenvolver-a-arbitragem\/desporto\/10\/30\/#article","isPartOf":{"@id":"https:\/\/algarve7.pt\/index.php\/2021\/11\/af-algarve-lanca-projeto-inedito-para-desenvolver-a-arbitragem\/desporto\/10\/30\/"},"author":{"name":"Algarve 7","@id":"https:\/\/algarve7.pt\/#\/schema\/person\/23fa70681308e7b319a3204bcea45e0c"},"headline":"AF Algarve lan\u00e7a projeto in\u00e9dito para desenvolver a arbitragem","datePublished":"2021-11-03T10:30:00+00:00","mainEntityOfPage":{"@id":"https:\/\/algarve7.pt\/index.php\/2021\/11\/af-algarve-lanca-projeto-inedito-para-desenvolver-a-arbitragem\/desporto\/10\/30\/"},"wordCount":536,"commentCount":0,"publisher":{"@id":"https:\/\/algarve7.pt\/#organization"},"image":{"@id":"https:\/\/algarve7.pt\/index.php\/2021\/11\/af-algarve-lanca-projeto-inedito-para-desenvolver-a-arbitragem\/desporto\/10\/30\/#primaryimage"},"thumbnailUrl":"https:\/\/algarve7.pt\/wp-content\/uploads\/2021\/11\/IMG_2412.jpg","keywords":["Algarve","Desporto"],"articleSection":["Desporto"],"inLanguage":"pt-PT","potentialAction":[{"@type":"CommentAction","name":"Comment","target":["https:\/\/algarve7.pt\/index.php\/2021\/11\/af-algarve-lanca-projeto-inedito-para-desenvolver-a-arbitragem\/desporto\/10\/30\/#respond"]}]},{"@type":"WebPage","@id":"https:\/\/algarve7.pt\/index.php\/2021\/11\/af-algarve-lanca-projeto-inedito-para-desenvolver-a-arbitragem\/desporto\/10\/30\/","url":"https:\/\/algarve7.pt\/index.php\/2021\/11\/af-algarve-lanca-projeto-inedito-para-desenvolver-a-arbitragem\/desporto\/10\/30\/","name":"AF Algarve lan\u00e7a projeto in\u00e9dito para desenvolver a arbitragem - Algarve 7","isPartOf":{"@id":"https:\/\/algarve7.pt\/#website"},"primaryImageOfPage":{"@id":"https:\/\/algarve7.pt\/index.php\/2021\/11\/af-algarve-lanca-projeto-inedito-para-desenvolver-a-arbitragem\/desporto\/10\/30\/#primaryimage"},"image":{"@id":"https:\/\/algarve7.pt\/index.php\/2021\/11\/af-algarve-lanca-projeto-inedito-para-desenvolver-a-arbitragem\/desporto\/10\/30\/#primaryimage"},"thumbnailUrl":"https:\/\/algarve7.pt\/wp-content\/uploads\/2021\/11\/IMG_2412.jpg","datePublished":"2021-11-03T10:30:00+00:00","description":"AF Algarve lan\u00e7a projeto in\u00e9dito para desenvolver a arbitragem Desporto","breadcrumb":{"@id":"https:\/\/algarve7.pt\/index.php\/2021\/11\/af-algarve-lanca-projeto-inedito-para-desenvolver-a-arbitragem\/desporto\/10\/30\/#breadcrumb"},"inLanguage":"pt-PT","potentialAction":[{"@type":"ReadAction","target":["https:\/\/algarve7.pt\/index.php\/2021\/11\/af-algarve-lanca-projeto-inedito-para-desenvolver-a-arbitragem\/desporto\/10\/30\/"]}]},{"@type":"ImageObject","inLanguage":"pt-PT","@id":"https:\/\/algarve7.pt\/index.php\/2021\/11\/af-algarve-lanca-projeto-inedito-para-desenvolver-a-arbitragem\/desporto\/10\/30\/#primaryimage","url":"https:\/\/algarve7.pt\/wp-content\/uploads\/2021\/11\/IMG_2412.jpg","contentUrl":"https:\/\/algarve7.pt\/wp-content\/uploads\/2021\/11\/IMG_2412.jpg","width":1920,"height":1280},{"@type":"BreadcrumbList","@id":"https:\/\/algarve7.pt\/index.php\/2021\/11\/af-algarve-lanca-projeto-inedito-para-desenvolver-a-arbitragem\/desporto\/10\/30\/#breadcrumb","itemListElement":[{"@type":"ListItem","position":1,"name":"In\u00edcio","item":"https:\/\/algarve7.pt\/"},{"@type":"ListItem","position":2,"name":"AF Algarve lan\u00e7a projeto in\u00e9dito para desenvolver a arbitragem"}]},{"@type":"WebSite","@id":"https:\/\/algarve7.pt\/#website","url":"https:\/\/algarve7.pt\/","name":"Algarve 7","description":"Informa\u00e7\u00e3o sobre o Algarve","publisher":{"@id":"https:\/\/algarve7.pt\/#organization"},"potentialAction":[{"@type":"SearchAction","target":{"@type":"EntryPoint","urlTemplate":"https:\/\/algarve7.pt\/?s={search_term_string}"},"query-input":{"@type":"PropertyValueSpecification","valueRequired":true,"valueName":"search_term_string"}}],"inLanguage":"pt-PT"},{"@type":"Organization","@id":"https:\/\/algarve7.pt\/#organization","name":"Algarve 7","url":"https:\/\/algarve7.pt\/","logo":{"@type":"ImageObject","inLanguage":"pt-PT","@id":"https:\/\/algarve7.pt\/#\/schema\/logo\/image\/","url":"https:\/\/algarve7.pt\/wp-content\/uploads\/2020\/10\/Logo-8.jpg","contentUrl":"https:\/\/algarve7.pt\/wp-content\/uploads\/2020\/10\/Logo-8.jpg","width":1680,"height":1186,"caption":"Algarve 7"},"image":{"@id":"https:\/\/algarve7.pt\/#\/schema\/logo\/image\/"},"sameAs":["https:\/\/www.facebook.com\/algarve7","https:\/\/x.com\/Algarvesete","https:\/\/www.instagram.com\/jornalalgarve7\/","https:\/\/www.linkedin.com\/company\/algarve7","https:\/\/www.pinterest.pt\/geral0939\/_created\/"]},{"@type":"Person","@id":"https:\/\/algarve7.pt\/#\/schema\/person\/23fa70681308e7b319a3204bcea45e0c","name":"Algarve 7","sameAs":["https:\/\/algarve7.pt","https:\/\/www.facebook.com\/algarve7"],"url":"https:\/\/algarve7.pt\/index.php\/author\/geralalgarve7-pt\/"}]}},"jetpack_publicize_connections":[],"jetpack_featured_media_url":"https:\/\/algarve7.pt\/wp-content\/uploads\/2021\/11\/IMG_2412.jpg","jetpack_shortlink":"https:\/\/wp.me\/pcezmW-3i6","jetpack_sharing_enabled":true,"_links":{"self":[{"href":"https:\/\/algarve7.pt\/index.php\/wp-json\/wp\/v2\/posts\/12654","targetHints":{"allow":["GET"]}}],"collection":[{"href":"https:\/\/algarve7.pt\/index.php\/wp-json\/wp\/v2\/posts"}],"about":[{"href":"https:\/\/algarve7.pt\/index.php\/wp-json\/wp\/v2\/types\/post"}],"author":[{"embeddable":true,"href":"https:\/\/algarve7.pt\/index.php\/wp-json\/wp\/v2\/users\/1"}],"replies":[{"embeddable":true,"href":"https:\/\/algarve7.pt\/index.php\/wp-json\/wp\/v2\/comments?post=12654"}],"version-history":[{"count":0,"href":"https:\/\/algarve7.pt\/index.php\/wp-json\/wp\/v2\/posts\/12654\/revisions"}],"wp:featuredmedia":[{"embeddable":true,"href":"https:\/\/algarve7.pt\/index.php\/wp-json\/wp\/v2\/media\/12655"}],"wp:attachment":[{"href":"https:\/\/algarve7.pt\/index.php\/wp-json\/wp\/v2\/media?parent=12654"}],"wp:term":[{"taxonomy":"category","embeddable":true,"href":"https:\/\/algarve7.pt\/index.php\/wp-json\/wp\/v2\/categories?post=12654"},{"taxonomy":"post_tag","embeddable":true,"href":"https:\/\/algarve7.pt\/index.php\/wp-json\/wp\/v2\/tags?post=12654"}],"curies":[{"name":"wp","href":"https:\/\/api.w.org\/{rel}","templated":true}]}}