{"id":1255,"date":"2020-09-10T07:34:41","date_gmt":"2020-09-10T06:34:41","guid":{"rendered":"https:\/\/algarve7.pt\/?p=1255"},"modified":"2020-09-10T07:39:32","modified_gmt":"2020-09-10T06:39:32","slug":"ricardo-melo-gouveia-3-o-no-pro-am-da-retoma","status":"publish","type":"post","link":"https:\/\/algarve7.pt\/index.php\/2020\/09\/ricardo-melo-gouveia-3-o-no-pro-am-da-retoma\/desporto\/07\/34\/","title":{"rendered":"Ricardo Melo Gouveia 3.o no PRO-AM da retoma"},"content":{"rendered":"\n<figure class=\"wp-block-table\"><table><tbody><tr><td><\/td><\/tr><tr><td>Steven Brown, o detentor do t\u00edtulo do principal torneio portugu\u00eas do European Tour, foi 2\u00ba mas quem ganhou no Dom Pedro Victoria Golf Course foi o ingl\u00eas Paul Waring num dia hist\u00f3rico <\/td><\/tr><\/tbody><\/table><\/figure>\n\n\n\n<p><em>Ricardo Melo Gouveia foi 3.o classificado no Pro-Am que abriu hoje (quarta-feira) a programa\u00e7\u00e3o oficial do Portugal Masters, o mais importante torneio de golfe portugu\u00eas, que o European Tour organiza pelo 14.o ano consecutivo no Dom Pedro Victoria Golf Course, em Vilamoura.<\/em><\/p>\n\n\n\n<p><em>O atleta ol\u00edmpico portugu\u00eas emparceirou com os amadores Steven Barratt e Michel Vandycke, integrados na equipa da Rolex, totalizando 61 pancadas.<\/em><\/p>\n\n\n\n<p><em>O ingl\u00eas Steven Brown, o campe\u00e3o do Portugal Masters, que amanh\u00e3 (quinta-feira) inicia a defesa do t\u00edtulo, liderou a equipa do Turismo de Portugal, juntamente com os amadores Ina Scherk e John Bergin, terminando no 2.o lugar com 60 pancadas.<\/em><\/p>\n\n\n\n<p><em>O Pro-Am foi ganho por outro ingl\u00eas, Paul Waring, o campe\u00e3o do Nordea Masters em 2018, que beneficiou do contributo dos amadores Artur Ferreira e Pedro Nunes Pedro, da forma\u00e7\u00e3o da JCDecaux, com 58 pontos.<\/em><\/p>\n\n\n\n<p><em>O Portugal Masters fixou um marco hist\u00f3rico porque realizou-se hoje o primeiro Pro-Am do European Tour desde a retoma do calend\u00e1rio de 2020 da Corrida para o Dubai, com um evento- piloto, em ambiente controlado.<\/em><\/p>\n\n\n\n<p><em>Uma reduzida lista de 52 amadores competiu em 26 equipas, cada qual com dois amadores, ao contr\u00e1rio dos tr\u00eas habituais, mais um professional. Foi o resultado do trabalho do European Tour em estreita colabora\u00e7\u00e3o com o Turismo de Portugal, numa parceria que visou de trazer de volta o popular conceito de Pro-Am \u00e0 quarta-feira, a t\u00edtulo experimental.<\/em><\/p>\n\n\n\n<p><em>O Programa de Sa\u00fade e Seguran\u00e7a do European Tour continua em evolu\u00e7\u00e3o, seguindo as orienta\u00e7\u00f5es dos governos locais e das medidas de sa\u00fade p\u00fablica. Para este Pro-Am criou-se um novo conceito de &#8220;bolha de torneio&#8221;, interna e externa. O resultado foi positivo e todos os jogadores, amadores e profissionais, sentiram-se em seguran\u00e7a.<\/em><\/p>\n\n\n\n<p><em>Entre as 26 equipas s\u00f3 houve dois profissionais portugueses: Ricardo Melo Gouveia e Ricardo Santos. Este \u00faltimo terminou a prova no 14.o lugar, com 66 pancadas, \u00e0 frente de outra equipa do Turismo de Portugal que contou ainda com os amadores Kristian Munck e Jesper Jensen.<\/em><img decoding=\"async\" src=\"blob:https:\/\/algarve7.pt\/5a8ac8a0-b32a-4d93-b9bd-12134d305e29\" alt=\"page1image22171088\" width=\"450.850000\" height=\"70.200000\"><img decoding=\"async\" src=\"blob:https:\/\/algarve7.pt\/c9f316b9-51d0-413b-b92c-3e9c64042edd\" alt=\"page2image22060144\" width=\"441.600000\" height=\"66.000000\"><\/p>\n\n\n\n<p><em>Terminado o Pro-Am, os profissionais concentram-se agora no torneio de um milh\u00e3o de euros em pr\u00e9mios monet\u00e1rios, o d\u00e9cimo desde a retoma do European Tour em contexto de pandemia da COVID-19.<\/em><\/p>\n\n\n\n<p>Ricardo Melo Gouveia, que partilha com Filipe Lima o recorde nacional da melhor classifica\u00e7\u00e3o de sempre na prova&nbsp;\u2013&nbsp;o 5.o lugar em 2017&nbsp;\u2013&nbsp;admite que vai sentir muita falta do entusiasta p\u00fablico portugu\u00eas que o acompanhava todos os anos, ou n\u00e3o fosse ele um antigo atleta do Clube de Golfe de Vilamoura, embora resida oficialmente no Reino Unido.<\/p>\n\n\n\n<p><em>\u00abO facto de ser jogado este ano sem p\u00fablico ser\u00e1 para n\u00f3s portugueses um fator desfavor\u00e1vel. Falo pelo meu caso, pois senti que o p\u00fablico ajudou-me em v\u00e1rios momentos, mas \u00e9 a situa\u00e7\u00e3o em que estamos e temos de encar\u00e1-la da melhor maneira\u00bb, disse Ricardo Melo Gouveia \u00e0 SportTV, a televis\u00e3o official do evento.<\/em><\/p>\n\n\n\n<p>O antigo top-100 mundial precisou este ano de um convite da Federa\u00e7\u00e3o Portuguesa de Golfe (FPG) para participar na prova, algo que n\u00e3o lhe acontecia desde 2015, dado ter descido ao Challenge Tour (a segunda divis\u00e3o europeia) no final da \u00e9poca passada.O dia de hoje \u00e9, para ele, o sinal de alguma evolu\u00e7\u00e3o na forma como o circuito profissional est\u00e1 a adaptar-se \u00e0 nova realidade.<\/p>\n\n\n\n<p><em>\u00abTerem inclu\u00eddo tamb\u00e9m o Pro-Am (neste torneio) foi um passo na dire\u00e7\u00e3o certa, porque as coisas est\u00e3o, devagarinho, a voltarem \u00e0 normalidade. Para mim foi importante ter jogado o Pro-Am porque foi mais um treino extra\u00bb, acrescentou o profissional da Quinta do Lago.<\/em><\/p>\n\n\n\n<p><em>\u00abJ\u00e1 me sinto muito melhor com o meu jogo, a n\u00edvel mental tamb\u00e9m e acho que estou numa fase boa para encarar estes pr\u00f3ximos dois torneios que vou ter\u00bb, concluiu Ricardo Melo Gouveia, que ir\u00e1 depois, para a semana, para o Open de Portugal at Royal \u00d3bidos.<\/em><\/p>\n\n\n\n<p><em>Ricardo Melo Gouveia \u00e9 um de nove portugueses presentes no 14.o Portugal Masters. Ricardo Santos, Pedro Figueiredo e Filipe Lima entraram diretamente na lista de participantes, enquanto o campe\u00e3o nacional Tom\u00e1s Bessa, Miguel Gaspar, Tom\u00e1s Silva, V\u00edtor Lopes e o amador Pedro Lencart tamb\u00e9m beneficiaram de convites da FPG. Nove portugueses \u00e9 a terceira participa\u00e7\u00e3o mais numerosa de golfistas nacionais, depois de 13 em 2017 e de dez em 2019, repetindo os nove de 2018.<\/em><\/p>\n\n\n\n<p>Em declara\u00e7\u00f5es \u00e0 ag\u00eancia Lusa, o portugu\u00eas melhor classificado no ranking mundial, Ricardo Santos, disse que o \u00abobjetivo \u00e9 ganhar ou, pelo menos, estar na luta\u00bb, mas deseja sobretudo \u00abn\u00e3o criar expectativas\u00bb demasiado elevadas.<\/p>\n\n\n\n<p><em>Tamb\u00e9m \u00e0 Lusa, Pedro Figueiredo maqnifestou-se entusiasmado: \u00abAs expectativas s\u00e3o sempre muito grandes. Jogar em casa \u00e9 sempre especial\u00bb.<\/em><\/p>\n\n\n\n<p>Em termos internacionais, o 14.o Portugal Masters \u00e9 abrilhantado por dois veteranos que j\u00e1 foram dos melhores jogadores do Mundo e que tamb\u00e9m atingiram a excel\u00eancia como selecionadores da Europa na Ryder Cup: o espanhol Jos\u00e9 Maria Olaz\u00e1bal, vencedor duas vezes do Masters (um Major) e campe\u00e3o da Ryder Cup como jogador (quatro vezes) e capit\u00e3o (uma vez); e o dinamarqu\u00eas Thomas Bjorn, vice-campe\u00e3o de tr\u00eas torneios do Grand Slam, que ganhou tr\u00eas vezes a Ryder Cup como jogador e uma como capit\u00e3o.<\/p>\n","protected":false},"excerpt":{"rendered":"<p>Steven Brown, o detentor do t\u00edtulo do principal torneio portugu\u00eas do European Tour, foi 2\u00ba mas quem ganhou no Dom<\/p>\n","protected":false},"author":1,"featured_media":1256,"comment_status":"closed","ping_status":"open","sticky":false,"template":"","format":"standard","meta":{"colormag_page_container_layout":"default_layout","colormag_page_sidebar_layout":"default_layout","_monsterinsights_skip_tracking":false,"_monsterinsights_sitenote_active":false,"_monsterinsights_sitenote_note":"","_monsterinsights_sitenote_category":0,"jetpack_post_was_ever_published":false,"_jetpack_newsletter_access":"","_jetpack_dont_email_post_to_subs":false,"_jetpack_newsletter_tier_id":0,"_jetpack_memberships_contains_paywalled_content":false,"_jetpack_memberships_contains_paid_content":false,"footnotes":"","jetpack_publicize_message":"","jetpack_publicize_feature_enabled":true,"jetpack_social_post_already_shared":true,"jetpack_social_options":{"image_generator_settings":{"template":"highway","default_image_id":0,"font":"","enabled":false},"version":2}},"categories":[15],"tags":[36,120],"class_list":["post-1255","post","type-post","status-publish","format-standard","has-post-thumbnail","hentry","category-desporto","tag-algarve","tag-golfe"],"yoast_head":"<!-- This site is optimized with the Yoast SEO plugin v27.5 - https:\/\/yoast.com\/product\/yoast-seo-wordpress\/ -->\n<title>Ricardo Melo Gouveia 3.o no PRO-AM da retoma - Algarve 7<\/title>\n<meta name=\"description\" content=\"Ricardo Melo Gouveia 3.o no PRO-AM da retoma\" \/>\n<meta name=\"robots\" content=\"index, follow, max-snippet:-1, max-image-preview:large, max-video-preview:-1\" \/>\n<link rel=\"canonical\" href=\"https:\/\/algarve7.pt\/index.php\/2020\/09\/ricardo-melo-gouveia-3-o-no-pro-am-da-retoma\/desporto\/07\/34\/\" \/>\n<meta property=\"og:locale\" content=\"pt_PT\" \/>\n<meta property=\"og:type\" content=\"article\" \/>\n<meta property=\"og:title\" content=\"Ricardo Melo Gouveia 3.o no PRO-AM da retoma - Algarve 7\" \/>\n<meta property=\"og:description\" content=\"Ricardo Melo Gouveia 3.o no PRO-AM da retoma\" \/>\n<meta property=\"og:url\" content=\"https:\/\/algarve7.pt\/index.php\/2020\/09\/ricardo-melo-gouveia-3-o-no-pro-am-da-retoma\/desporto\/07\/34\/\" \/>\n<meta property=\"og:site_name\" content=\"Algarve 7\" \/>\n<meta property=\"article:publisher\" content=\"https:\/\/www.facebook.com\/algarve7\" \/>\n<meta property=\"article:author\" content=\"https:\/\/www.facebook.com\/algarve7\" \/>\n<meta property=\"article:published_time\" content=\"2020-09-10T06:34:41+00:00\" \/>\n<meta property=\"article:modified_time\" content=\"2020-09-10T06:39:32+00:00\" \/>\n<meta property=\"og:image\" content=\"https:\/\/algarve7.pt\/wp-content\/uploads\/2020\/09\/Ricardo-Melo-Gouveia-com-o-novo-equipamento-no-Portugal-Masters-e1599719655684.jpg\" \/>\n\t<meta property=\"og:image:width\" content=\"960\" \/>\n\t<meta property=\"og:image:height\" content=\"492\" \/>\n\t<meta property=\"og:image:type\" content=\"image\/jpeg\" \/>\n<meta name=\"author\" content=\"Algarve 7\" \/>\n<meta name=\"twitter:card\" content=\"summary_large_image\" \/>\n<meta name=\"twitter:creator\" content=\"@Algarvesete\" \/>\n<meta name=\"twitter:site\" content=\"@Algarvesete\" \/>\n<meta name=\"twitter:label1\" content=\"Escrito por\" \/>\n\t<meta name=\"twitter:data1\" content=\"Algarve 7\" \/>\n\t<meta name=\"twitter:label2\" content=\"Tempo estimado de leitura\" \/>\n\t<meta name=\"twitter:data2\" content=\"5 minutos\" \/>\n<script type=\"application\/ld+json\" class=\"yoast-schema-graph\">{\"@context\":\"https:\\\/\\\/schema.org\",\"@graph\":[{\"@type\":\"Article\",\"@id\":\"https:\\\/\\\/algarve7.pt\\\/index.php\\\/2020\\\/09\\\/ricardo-melo-gouveia-3-o-no-pro-am-da-retoma\\\/desporto\\\/07\\\/34\\\/#article\",\"isPartOf\":{\"@id\":\"https:\\\/\\\/algarve7.pt\\\/index.php\\\/2020\\\/09\\\/ricardo-melo-gouveia-3-o-no-pro-am-da-retoma\\\/desporto\\\/07\\\/34\\\/\"},\"author\":{\"name\":\"Algarve 7\",\"@id\":\"https:\\\/\\\/algarve7.pt\\\/#\\\/schema\\\/person\\\/23fa70681308e7b319a3204bcea45e0c\"},\"headline\":\"Ricardo Melo Gouveia 3.o no PRO-AM da retoma\",\"datePublished\":\"2020-09-10T06:34:41+00:00\",\"dateModified\":\"2020-09-10T06:39:32+00:00\",\"mainEntityOfPage\":{\"@id\":\"https:\\\/\\\/algarve7.pt\\\/index.php\\\/2020\\\/09\\\/ricardo-melo-gouveia-3-o-no-pro-am-da-retoma\\\/desporto\\\/07\\\/34\\\/\"},\"wordCount\":928,\"publisher\":{\"@id\":\"https:\\\/\\\/algarve7.pt\\\/#organization\"},\"image\":{\"@id\":\"https:\\\/\\\/algarve7.pt\\\/index.php\\\/2020\\\/09\\\/ricardo-melo-gouveia-3-o-no-pro-am-da-retoma\\\/desporto\\\/07\\\/34\\\/#primaryimage\"},\"thumbnailUrl\":\"https:\\\/\\\/algarve7.pt\\\/wp-content\\\/uploads\\\/2020\\\/09\\\/Ricardo-Melo-Gouveia-com-o-novo-equipamento-no-Portugal-Masters-e1599719655684.jpg\",\"keywords\":[\"Algarve\",\"Golfe\"],\"articleSection\":[\"Desporto\"],\"inLanguage\":\"pt-PT\"},{\"@type\":\"WebPage\",\"@id\":\"https:\\\/\\\/algarve7.pt\\\/index.php\\\/2020\\\/09\\\/ricardo-melo-gouveia-3-o-no-pro-am-da-retoma\\\/desporto\\\/07\\\/34\\\/\",\"url\":\"https:\\\/\\\/algarve7.pt\\\/index.php\\\/2020\\\/09\\\/ricardo-melo-gouveia-3-o-no-pro-am-da-retoma\\\/desporto\\\/07\\\/34\\\/\",\"name\":\"Ricardo Melo Gouveia 3.o no PRO-AM da retoma - Algarve 7\",\"isPartOf\":{\"@id\":\"https:\\\/\\\/algarve7.pt\\\/#website\"},\"primaryImageOfPage\":{\"@id\":\"https:\\\/\\\/algarve7.pt\\\/index.php\\\/2020\\\/09\\\/ricardo-melo-gouveia-3-o-no-pro-am-da-retoma\\\/desporto\\\/07\\\/34\\\/#primaryimage\"},\"image\":{\"@id\":\"https:\\\/\\\/algarve7.pt\\\/index.php\\\/2020\\\/09\\\/ricardo-melo-gouveia-3-o-no-pro-am-da-retoma\\\/desporto\\\/07\\\/34\\\/#primaryimage\"},\"thumbnailUrl\":\"https:\\\/\\\/algarve7.pt\\\/wp-content\\\/uploads\\\/2020\\\/09\\\/Ricardo-Melo-Gouveia-com-o-novo-equipamento-no-Portugal-Masters-e1599719655684.jpg\",\"datePublished\":\"2020-09-10T06:34:41+00:00\",\"dateModified\":\"2020-09-10T06:39:32+00:00\",\"description\":\"Ricardo Melo Gouveia 3.o no PRO-AM da retoma\",\"breadcrumb\":{\"@id\":\"https:\\\/\\\/algarve7.pt\\\/index.php\\\/2020\\\/09\\\/ricardo-melo-gouveia-3-o-no-pro-am-da-retoma\\\/desporto\\\/07\\\/34\\\/#breadcrumb\"},\"inLanguage\":\"pt-PT\",\"potentialAction\":[{\"@type\":\"ReadAction\",\"target\":[\"https:\\\/\\\/algarve7.pt\\\/index.php\\\/2020\\\/09\\\/ricardo-melo-gouveia-3-o-no-pro-am-da-retoma\\\/desporto\\\/07\\\/34\\\/\"]}]},{\"@type\":\"ImageObject\",\"inLanguage\":\"pt-PT\",\"@id\":\"https:\\\/\\\/algarve7.pt\\\/index.php\\\/2020\\\/09\\\/ricardo-melo-gouveia-3-o-no-pro-am-da-retoma\\\/desporto\\\/07\\\/34\\\/#primaryimage\",\"url\":\"https:\\\/\\\/algarve7.pt\\\/wp-content\\\/uploads\\\/2020\\\/09\\\/Ricardo-Melo-Gouveia-com-o-novo-equipamento-no-Portugal-Masters-e1599719655684.jpg\",\"contentUrl\":\"https:\\\/\\\/algarve7.pt\\\/wp-content\\\/uploads\\\/2020\\\/09\\\/Ricardo-Melo-Gouveia-com-o-novo-equipamento-no-Portugal-Masters-e1599719655684.jpg\",\"width\":960,\"height\":492},{\"@type\":\"BreadcrumbList\",\"@id\":\"https:\\\/\\\/algarve7.pt\\\/index.php\\\/2020\\\/09\\\/ricardo-melo-gouveia-3-o-no-pro-am-da-retoma\\\/desporto\\\/07\\\/34\\\/#breadcrumb\",\"itemListElement\":[{\"@type\":\"ListItem\",\"position\":1,\"name\":\"In\u00edcio\",\"item\":\"https:\\\/\\\/algarve7.pt\\\/\"},{\"@type\":\"ListItem\",\"position\":2,\"name\":\"Ricardo Melo Gouveia 3.o no PRO-AM da retoma\"}]},{\"@type\":\"WebSite\",\"@id\":\"https:\\\/\\\/algarve7.pt\\\/#website\",\"url\":\"https:\\\/\\\/algarve7.pt\\\/\",\"name\":\"Algarve 7\",\"description\":\"Informa\u00e7\u00e3o sobre o Algarve\",\"publisher\":{\"@id\":\"https:\\\/\\\/algarve7.pt\\\/#organization\"},\"potentialAction\":[{\"@type\":\"SearchAction\",\"target\":{\"@type\":\"EntryPoint\",\"urlTemplate\":\"https:\\\/\\\/algarve7.pt\\\/?s={search_term_string}\"},\"query-input\":{\"@type\":\"PropertyValueSpecification\",\"valueRequired\":true,\"valueName\":\"search_term_string\"}}],\"inLanguage\":\"pt-PT\"},{\"@type\":\"Organization\",\"@id\":\"https:\\\/\\\/algarve7.pt\\\/#organization\",\"name\":\"Algarve 7\",\"url\":\"https:\\\/\\\/algarve7.pt\\\/\",\"logo\":{\"@type\":\"ImageObject\",\"inLanguage\":\"pt-PT\",\"@id\":\"https:\\\/\\\/algarve7.pt\\\/#\\\/schema\\\/logo\\\/image\\\/\",\"url\":\"https:\\\/\\\/algarve7.pt\\\/wp-content\\\/uploads\\\/2020\\\/10\\\/Logo-8.jpg\",\"contentUrl\":\"https:\\\/\\\/algarve7.pt\\\/wp-content\\\/uploads\\\/2020\\\/10\\\/Logo-8.jpg\",\"width\":1680,\"height\":1186,\"caption\":\"Algarve 7\"},\"image\":{\"@id\":\"https:\\\/\\\/algarve7.pt\\\/#\\\/schema\\\/logo\\\/image\\\/\"},\"sameAs\":[\"https:\\\/\\\/www.facebook.com\\\/algarve7\",\"https:\\\/\\\/x.com\\\/Algarvesete\",\"https:\\\/\\\/www.instagram.com\\\/jornalalgarve7\\\/\",\"https:\\\/\\\/www.linkedin.com\\\/company\\\/algarve7\",\"https:\\\/\\\/www.pinterest.pt\\\/geral0939\\\/_created\\\/\"]},{\"@type\":\"Person\",\"@id\":\"https:\\\/\\\/algarve7.pt\\\/#\\\/schema\\\/person\\\/23fa70681308e7b319a3204bcea45e0c\",\"name\":\"Algarve 7\",\"sameAs\":[\"https:\\\/\\\/algarve7.pt\",\"https:\\\/\\\/www.facebook.com\\\/algarve7\"],\"url\":\"https:\\\/\\\/algarve7.pt\\\/index.php\\\/author\\\/geralalgarve7-pt\\\/\"}]}<\/script>\n<!-- \/ Yoast SEO plugin. -->","yoast_head_json":{"title":"Ricardo Melo Gouveia 3.o no PRO-AM da retoma - Algarve 7","description":"Ricardo Melo Gouveia 3.o no PRO-AM da retoma","robots":{"index":"index","follow":"follow","max-snippet":"max-snippet:-1","max-image-preview":"max-image-preview:large","max-video-preview":"max-video-preview:-1"},"canonical":"https:\/\/algarve7.pt\/index.php\/2020\/09\/ricardo-melo-gouveia-3-o-no-pro-am-da-retoma\/desporto\/07\/34\/","og_locale":"pt_PT","og_type":"article","og_title":"Ricardo Melo Gouveia 3.o no PRO-AM da retoma - Algarve 7","og_description":"Ricardo Melo Gouveia 3.o no PRO-AM da retoma","og_url":"https:\/\/algarve7.pt\/index.php\/2020\/09\/ricardo-melo-gouveia-3-o-no-pro-am-da-retoma\/desporto\/07\/34\/","og_site_name":"Algarve 7","article_publisher":"https:\/\/www.facebook.com\/algarve7","article_author":"https:\/\/www.facebook.com\/algarve7","article_published_time":"2020-09-10T06:34:41+00:00","article_modified_time":"2020-09-10T06:39:32+00:00","og_image":[{"width":960,"height":492,"url":"https:\/\/algarve7.pt\/wp-content\/uploads\/2020\/09\/Ricardo-Melo-Gouveia-com-o-novo-equipamento-no-Portugal-Masters-e1599719655684.jpg","type":"image\/jpeg"}],"author":"Algarve 7","twitter_card":"summary_large_image","twitter_creator":"@Algarvesete","twitter_site":"@Algarvesete","twitter_misc":{"Escrito por":"Algarve 7","Tempo estimado de leitura":"5 minutos"},"schema":{"@context":"https:\/\/schema.org","@graph":[{"@type":"Article","@id":"https:\/\/algarve7.pt\/index.php\/2020\/09\/ricardo-melo-gouveia-3-o-no-pro-am-da-retoma\/desporto\/07\/34\/#article","isPartOf":{"@id":"https:\/\/algarve7.pt\/index.php\/2020\/09\/ricardo-melo-gouveia-3-o-no-pro-am-da-retoma\/desporto\/07\/34\/"},"author":{"name":"Algarve 7","@id":"https:\/\/algarve7.pt\/#\/schema\/person\/23fa70681308e7b319a3204bcea45e0c"},"headline":"Ricardo Melo Gouveia 3.o no PRO-AM da retoma","datePublished":"2020-09-10T06:34:41+00:00","dateModified":"2020-09-10T06:39:32+00:00","mainEntityOfPage":{"@id":"https:\/\/algarve7.pt\/index.php\/2020\/09\/ricardo-melo-gouveia-3-o-no-pro-am-da-retoma\/desporto\/07\/34\/"},"wordCount":928,"publisher":{"@id":"https:\/\/algarve7.pt\/#organization"},"image":{"@id":"https:\/\/algarve7.pt\/index.php\/2020\/09\/ricardo-melo-gouveia-3-o-no-pro-am-da-retoma\/desporto\/07\/34\/#primaryimage"},"thumbnailUrl":"https:\/\/algarve7.pt\/wp-content\/uploads\/2020\/09\/Ricardo-Melo-Gouveia-com-o-novo-equipamento-no-Portugal-Masters-e1599719655684.jpg","keywords":["Algarve","Golfe"],"articleSection":["Desporto"],"inLanguage":"pt-PT"},{"@type":"WebPage","@id":"https:\/\/algarve7.pt\/index.php\/2020\/09\/ricardo-melo-gouveia-3-o-no-pro-am-da-retoma\/desporto\/07\/34\/","url":"https:\/\/algarve7.pt\/index.php\/2020\/09\/ricardo-melo-gouveia-3-o-no-pro-am-da-retoma\/desporto\/07\/34\/","name":"Ricardo Melo Gouveia 3.o no PRO-AM da retoma - Algarve 7","isPartOf":{"@id":"https:\/\/algarve7.pt\/#website"},"primaryImageOfPage":{"@id":"https:\/\/algarve7.pt\/index.php\/2020\/09\/ricardo-melo-gouveia-3-o-no-pro-am-da-retoma\/desporto\/07\/34\/#primaryimage"},"image":{"@id":"https:\/\/algarve7.pt\/index.php\/2020\/09\/ricardo-melo-gouveia-3-o-no-pro-am-da-retoma\/desporto\/07\/34\/#primaryimage"},"thumbnailUrl":"https:\/\/algarve7.pt\/wp-content\/uploads\/2020\/09\/Ricardo-Melo-Gouveia-com-o-novo-equipamento-no-Portugal-Masters-e1599719655684.jpg","datePublished":"2020-09-10T06:34:41+00:00","dateModified":"2020-09-10T06:39:32+00:00","description":"Ricardo Melo Gouveia 3.o no PRO-AM da retoma","breadcrumb":{"@id":"https:\/\/algarve7.pt\/index.php\/2020\/09\/ricardo-melo-gouveia-3-o-no-pro-am-da-retoma\/desporto\/07\/34\/#breadcrumb"},"inLanguage":"pt-PT","potentialAction":[{"@type":"ReadAction","target":["https:\/\/algarve7.pt\/index.php\/2020\/09\/ricardo-melo-gouveia-3-o-no-pro-am-da-retoma\/desporto\/07\/34\/"]}]},{"@type":"ImageObject","inLanguage":"pt-PT","@id":"https:\/\/algarve7.pt\/index.php\/2020\/09\/ricardo-melo-gouveia-3-o-no-pro-am-da-retoma\/desporto\/07\/34\/#primaryimage","url":"https:\/\/algarve7.pt\/wp-content\/uploads\/2020\/09\/Ricardo-Melo-Gouveia-com-o-novo-equipamento-no-Portugal-Masters-e1599719655684.jpg","contentUrl":"https:\/\/algarve7.pt\/wp-content\/uploads\/2020\/09\/Ricardo-Melo-Gouveia-com-o-novo-equipamento-no-Portugal-Masters-e1599719655684.jpg","width":960,"height":492},{"@type":"BreadcrumbList","@id":"https:\/\/algarve7.pt\/index.php\/2020\/09\/ricardo-melo-gouveia-3-o-no-pro-am-da-retoma\/desporto\/07\/34\/#breadcrumb","itemListElement":[{"@type":"ListItem","position":1,"name":"In\u00edcio","item":"https:\/\/algarve7.pt\/"},{"@type":"ListItem","position":2,"name":"Ricardo Melo Gouveia 3.o no PRO-AM da retoma"}]},{"@type":"WebSite","@id":"https:\/\/algarve7.pt\/#website","url":"https:\/\/algarve7.pt\/","name":"Algarve 7","description":"Informa\u00e7\u00e3o sobre o Algarve","publisher":{"@id":"https:\/\/algarve7.pt\/#organization"},"potentialAction":[{"@type":"SearchAction","target":{"@type":"EntryPoint","urlTemplate":"https:\/\/algarve7.pt\/?s={search_term_string}"},"query-input":{"@type":"PropertyValueSpecification","valueRequired":true,"valueName":"search_term_string"}}],"inLanguage":"pt-PT"},{"@type":"Organization","@id":"https:\/\/algarve7.pt\/#organization","name":"Algarve 7","url":"https:\/\/algarve7.pt\/","logo":{"@type":"ImageObject","inLanguage":"pt-PT","@id":"https:\/\/algarve7.pt\/#\/schema\/logo\/image\/","url":"https:\/\/algarve7.pt\/wp-content\/uploads\/2020\/10\/Logo-8.jpg","contentUrl":"https:\/\/algarve7.pt\/wp-content\/uploads\/2020\/10\/Logo-8.jpg","width":1680,"height":1186,"caption":"Algarve 7"},"image":{"@id":"https:\/\/algarve7.pt\/#\/schema\/logo\/image\/"},"sameAs":["https:\/\/www.facebook.com\/algarve7","https:\/\/x.com\/Algarvesete","https:\/\/www.instagram.com\/jornalalgarve7\/","https:\/\/www.linkedin.com\/company\/algarve7","https:\/\/www.pinterest.pt\/geral0939\/_created\/"]},{"@type":"Person","@id":"https:\/\/algarve7.pt\/#\/schema\/person\/23fa70681308e7b319a3204bcea45e0c","name":"Algarve 7","sameAs":["https:\/\/algarve7.pt","https:\/\/www.facebook.com\/algarve7"],"url":"https:\/\/algarve7.pt\/index.php\/author\/geralalgarve7-pt\/"}]}},"jetpack_publicize_connections":[],"jetpack_featured_media_url":"https:\/\/algarve7.pt\/wp-content\/uploads\/2020\/09\/Ricardo-Melo-Gouveia-com-o-novo-equipamento-no-Portugal-Masters-e1599719655684.jpg","jetpack_shortlink":"https:\/\/wp.me\/pcezmW-kf","jetpack_sharing_enabled":true,"_links":{"self":[{"href":"https:\/\/algarve7.pt\/index.php\/wp-json\/wp\/v2\/posts\/1255","targetHints":{"allow":["GET"]}}],"collection":[{"href":"https:\/\/algarve7.pt\/index.php\/wp-json\/wp\/v2\/posts"}],"about":[{"href":"https:\/\/algarve7.pt\/index.php\/wp-json\/wp\/v2\/types\/post"}],"author":[{"embeddable":true,"href":"https:\/\/algarve7.pt\/index.php\/wp-json\/wp\/v2\/users\/1"}],"replies":[{"embeddable":true,"href":"https:\/\/algarve7.pt\/index.php\/wp-json\/wp\/v2\/comments?post=1255"}],"version-history":[{"count":0,"href":"https:\/\/algarve7.pt\/index.php\/wp-json\/wp\/v2\/posts\/1255\/revisions"}],"wp:featuredmedia":[{"embeddable":true,"href":"https:\/\/algarve7.pt\/index.php\/wp-json\/wp\/v2\/media\/1256"}],"wp:attachment":[{"href":"https:\/\/algarve7.pt\/index.php\/wp-json\/wp\/v2\/media?parent=1255"}],"wp:term":[{"taxonomy":"category","embeddable":true,"href":"https:\/\/algarve7.pt\/index.php\/wp-json\/wp\/v2\/categories?post=1255"},{"taxonomy":"post_tag","embeddable":true,"href":"https:\/\/algarve7.pt\/index.php\/wp-json\/wp\/v2\/tags?post=1255"}],"curies":[{"name":"wp","href":"https:\/\/api.w.org\/{rel}","templated":true}]}}