{"id":12538,"date":"2021-10-28T18:37:53","date_gmt":"2021-10-28T17:37:53","guid":{"rendered":"https:\/\/algarve7.pt\/?p=12538"},"modified":"2021-10-28T18:37:55","modified_gmt":"2021-10-28T17:37:55","slug":"joana-santos-sagra-se-campea-do-mundo-campeonato-do-mundo-de-judo-de-surdos","status":"publish","type":"post","link":"https:\/\/algarve7.pt\/index.php\/2021\/10\/joana-santos-sagra-se-campea-do-mundo-campeonato-do-mundo-de-judo-de-surdos\/desporto\/18\/37\/","title":{"rendered":"Joana Santos sagra-se campe\u00e3 do mundo campeonato do mundo de judo de surdos"},"content":{"rendered":"\n<p>A Judoca&nbsp;<strong>Joana Santos<\/strong>&nbsp;conquistou a&nbsp;<strong>Medalha de Ouro<\/strong>&nbsp;e sagrou-se&nbsp;<strong>Campe\u00e3 Mundial<\/strong>&nbsp;no primeiro dia do&nbsp;<strong>Campeonato do Mundo de Judo de Surdos \u2013 Versailles 2021<\/strong>. No Dia Mundial do Judo, a portuguesa alcan\u00e7a o lugar mais alto do p\u00f3dio numa das maiores competi\u00e7\u00f5es mundiais da vertente.<\/p>\n\n\n\n<p>Na sua estreia na categoria -57 kg (transitou dos -63 kg),&nbsp;<strong>Joana Santos<\/strong>&nbsp;discutiu o T\u00edtulo Mundial com 11 Atletas de 9 Pa\u00edses. A portuguesa come\u00e7ou na segunda ronda, onde eliminou a cazaque Yegemberdiyeva. Na luta pelo acesso \u00e0 final, derrotou K. Avdieieva, da Ucr\u00e2nia. No seu \u00faltimo e derradeiro combate, Joana Santos superou a coreana H. Lee, conquistando a&nbsp;<strong>Medalha de Ouro<\/strong>&nbsp;e sagrando-se&nbsp;<strong>Campe\u00e3 do Mundo<\/strong>.<\/p>\n\n\n\n<p>O Campeonato do Mundo de Judo de Surdos \u2013 Versailles 2021 realiza-se at\u00e9 este s\u00e1bado, 30 de outubro, reunindo 164 atletas de 26 pa\u00edses.&nbsp;<\/p>\n\n\n\n<p>A Judoca do Judo Clube Algarve vira agora as aten\u00e7\u00f5es para os Jogos Surdol\u00edmpicos agendados para maio de 2022 em Caxias do Sul, no Brasil.<\/p>\n\n\n\n<p><strong>Declara\u00e7\u00f5es<\/strong><\/p>\n\n\n\n<p>J\u00falio Marcelino (Judo Clube Algarve) \u2013 Treinador de Joana Santos<\/p>\n\n\n\n<p><strong>\u201cDesde h\u00e1 2 anos que trabalhamos com o objetivo de vir a esta prova e alcan\u00e7ar a medalha. Devido \u00e0 pandemia, a prova foi sendo adiada, mas n\u00e3o deix\u00e1mos de trabalhar. A Joana \u00e9 uma mi\u00fada que, seja em que prova for, surdos ou n\u00e3o, consegue quase sempre bons resultados. Por isso, tinha uma perspetiva de medalha para ela, apesar de n\u00e3o conhecer muito bem as advers\u00e1rias. A Joana j\u00e1 foi Campe\u00e3 Surdol\u00edmpica e venceu imensas medalhas na categoria -63 kg e esta foi a primeira vez que ela combateu nos -57 kg. Para mim, \u00e9 um sabor muito especial, conseguirmos este resultado no Dia Mundial do Judo. Foi uma das coisas que lhe disse, tinha de ser para n\u00f3s, n\u00e3o podia ir para a Coreia. Penso que foi uma das coisas que a motivou tamb\u00e9m. Neste Campeonato do Mundo n\u00e3o participaram brasileiros e por isso, n\u00e3o sei o que vamos encontrar nos Jogos Surdol\u00edmpicos no Brasil em maio. Penso que o n\u00edvel vai ser superior. Aos 31 anos, acho que \u00e9 uma boa oportunidade para a Joana e vamos treinar muito para manter este n\u00edvel e qualidade.\u201d<\/strong><\/p>\n","protected":false},"excerpt":{"rendered":"<p>A Judoca&nbsp;Joana Santos&nbsp;conquistou a&nbsp;Medalha de Ouro&nbsp;e sagrou-se&nbsp;Campe\u00e3 Mundial&nbsp;no primeiro dia do&nbsp;Campeonato do Mundo de Judo de Surdos \u2013 Versailles 2021.<\/p>\n","protected":false},"author":1,"featured_media":12539,"comment_status":"open","ping_status":"open","sticky":false,"template":"","format":"standard","meta":{"colormag_page_container_layout":"default_layout","colormag_page_sidebar_layout":"default_layout","_monsterinsights_skip_tracking":false,"_monsterinsights_sitenote_active":false,"_monsterinsights_sitenote_note":"","_monsterinsights_sitenote_category":0,"jetpack_post_was_ever_published":false,"_jetpack_newsletter_access":"","_jetpack_dont_email_post_to_subs":false,"_jetpack_newsletter_tier_id":0,"_jetpack_memberships_contains_paywalled_content":false,"_jetpack_memberships_contains_paid_content":false,"footnotes":"","jetpack_publicize_message":"","jetpack_publicize_feature_enabled":true,"jetpack_social_post_already_shared":true,"jetpack_social_options":{"image_generator_settings":{"template":"highway","default_image_id":0,"font":"","enabled":false},"version":2}},"categories":[15],"tags":[36,40,252],"class_list":["post-12538","post","type-post","status-publish","format-standard","has-post-thumbnail","hentry","category-desporto","tag-algarve","tag-desporto","tag-judo"],"yoast_head":"<!-- This site is optimized with the Yoast SEO plugin v27.5 - https:\/\/yoast.com\/product\/yoast-seo-wordpress\/ -->\n<title>Joana Santos sagra-se campe\u00e3 do mundo campeonato do mundo de judo de surdos - Algarve 7<\/title>\n<meta name=\"description\" content=\"Joana Santos sagra-se campe\u00e3 do mundo campeonato do mundo de judo de surdos Desporto\" \/>\n<meta name=\"robots\" content=\"index, follow, max-snippet:-1, max-image-preview:large, max-video-preview:-1\" \/>\n<link rel=\"canonical\" href=\"https:\/\/algarve7.pt\/index.php\/2021\/10\/joana-santos-sagra-se-campea-do-mundo-campeonato-do-mundo-de-judo-de-surdos\/desporto\/18\/37\/\" \/>\n<meta property=\"og:locale\" content=\"pt_PT\" \/>\n<meta property=\"og:type\" content=\"article\" \/>\n<meta property=\"og:title\" content=\"Joana Santos sagra-se campe\u00e3 do mundo campeonato do mundo de judo de surdos - Algarve 7\" \/>\n<meta property=\"og:description\" content=\"Joana Santos sagra-se campe\u00e3 do mundo campeonato do mundo de judo de surdos Desporto\" \/>\n<meta property=\"og:url\" content=\"https:\/\/algarve7.pt\/index.php\/2021\/10\/joana-santos-sagra-se-campea-do-mundo-campeonato-do-mundo-de-judo-de-surdos\/desporto\/18\/37\/\" \/>\n<meta property=\"og:site_name\" content=\"Algarve 7\" \/>\n<meta property=\"article:publisher\" content=\"https:\/\/www.facebook.com\/algarve7\" \/>\n<meta property=\"article:author\" content=\"https:\/\/www.facebook.com\/algarve7\" \/>\n<meta property=\"article:published_time\" content=\"2021-10-28T17:37:53+00:00\" \/>\n<meta property=\"article:modified_time\" content=\"2021-10-28T17:37:55+00:00\" \/>\n<meta property=\"og:image\" content=\"https:\/\/algarve7.pt\/wp-content\/uploads\/2021\/10\/image002-3-e1635442614741.jpg\" \/>\n\t<meta property=\"og:image:width\" content=\"700\" \/>\n\t<meta property=\"og:image:height\" content=\"640\" \/>\n\t<meta property=\"og:image:type\" content=\"image\/jpeg\" \/>\n<meta name=\"author\" content=\"Algarve 7\" \/>\n<meta name=\"twitter:card\" content=\"summary_large_image\" \/>\n<meta name=\"twitter:creator\" content=\"@Algarvesete\" \/>\n<meta name=\"twitter:site\" content=\"@Algarvesete\" \/>\n<meta name=\"twitter:label1\" content=\"Escrito por\" \/>\n\t<meta name=\"twitter:data1\" content=\"Algarve 7\" \/>\n\t<meta name=\"twitter:label2\" content=\"Tempo estimado de leitura\" \/>\n\t<meta name=\"twitter:data2\" content=\"2 minutos\" \/>\n<script type=\"application\/ld+json\" class=\"yoast-schema-graph\">{\"@context\":\"https:\\\/\\\/schema.org\",\"@graph\":[{\"@type\":\"Article\",\"@id\":\"https:\\\/\\\/algarve7.pt\\\/index.php\\\/2021\\\/10\\\/joana-santos-sagra-se-campea-do-mundo-campeonato-do-mundo-de-judo-de-surdos\\\/desporto\\\/18\\\/37\\\/#article\",\"isPartOf\":{\"@id\":\"https:\\\/\\\/algarve7.pt\\\/index.php\\\/2021\\\/10\\\/joana-santos-sagra-se-campea-do-mundo-campeonato-do-mundo-de-judo-de-surdos\\\/desporto\\\/18\\\/37\\\/\"},\"author\":{\"name\":\"Algarve 7\",\"@id\":\"https:\\\/\\\/algarve7.pt\\\/#\\\/schema\\\/person\\\/23fa70681308e7b319a3204bcea45e0c\"},\"headline\":\"Joana Santos sagra-se campe\u00e3 do mundo campeonato do mundo de judo de surdos\",\"datePublished\":\"2021-10-28T17:37:53+00:00\",\"dateModified\":\"2021-10-28T17:37:55+00:00\",\"mainEntityOfPage\":{\"@id\":\"https:\\\/\\\/algarve7.pt\\\/index.php\\\/2021\\\/10\\\/joana-santos-sagra-se-campea-do-mundo-campeonato-do-mundo-de-judo-de-surdos\\\/desporto\\\/18\\\/37\\\/\"},\"wordCount\":401,\"commentCount\":0,\"publisher\":{\"@id\":\"https:\\\/\\\/algarve7.pt\\\/#organization\"},\"image\":{\"@id\":\"https:\\\/\\\/algarve7.pt\\\/index.php\\\/2021\\\/10\\\/joana-santos-sagra-se-campea-do-mundo-campeonato-do-mundo-de-judo-de-surdos\\\/desporto\\\/18\\\/37\\\/#primaryimage\"},\"thumbnailUrl\":\"https:\\\/\\\/algarve7.pt\\\/wp-content\\\/uploads\\\/2021\\\/10\\\/image002-3-e1635442614741.jpg\",\"keywords\":[\"Algarve\",\"Desporto\",\"Judo\"],\"articleSection\":[\"Desporto\"],\"inLanguage\":\"pt-PT\",\"potentialAction\":[{\"@type\":\"CommentAction\",\"name\":\"Comment\",\"target\":[\"https:\\\/\\\/algarve7.pt\\\/index.php\\\/2021\\\/10\\\/joana-santos-sagra-se-campea-do-mundo-campeonato-do-mundo-de-judo-de-surdos\\\/desporto\\\/18\\\/37\\\/#respond\"]}]},{\"@type\":\"WebPage\",\"@id\":\"https:\\\/\\\/algarve7.pt\\\/index.php\\\/2021\\\/10\\\/joana-santos-sagra-se-campea-do-mundo-campeonato-do-mundo-de-judo-de-surdos\\\/desporto\\\/18\\\/37\\\/\",\"url\":\"https:\\\/\\\/algarve7.pt\\\/index.php\\\/2021\\\/10\\\/joana-santos-sagra-se-campea-do-mundo-campeonato-do-mundo-de-judo-de-surdos\\\/desporto\\\/18\\\/37\\\/\",\"name\":\"Joana Santos sagra-se campe\u00e3 do mundo campeonato do mundo de judo de surdos - Algarve 7\",\"isPartOf\":{\"@id\":\"https:\\\/\\\/algarve7.pt\\\/#website\"},\"primaryImageOfPage\":{\"@id\":\"https:\\\/\\\/algarve7.pt\\\/index.php\\\/2021\\\/10\\\/joana-santos-sagra-se-campea-do-mundo-campeonato-do-mundo-de-judo-de-surdos\\\/desporto\\\/18\\\/37\\\/#primaryimage\"},\"image\":{\"@id\":\"https:\\\/\\\/algarve7.pt\\\/index.php\\\/2021\\\/10\\\/joana-santos-sagra-se-campea-do-mundo-campeonato-do-mundo-de-judo-de-surdos\\\/desporto\\\/18\\\/37\\\/#primaryimage\"},\"thumbnailUrl\":\"https:\\\/\\\/algarve7.pt\\\/wp-content\\\/uploads\\\/2021\\\/10\\\/image002-3-e1635442614741.jpg\",\"datePublished\":\"2021-10-28T17:37:53+00:00\",\"dateModified\":\"2021-10-28T17:37:55+00:00\",\"description\":\"Joana Santos sagra-se campe\u00e3 do mundo campeonato do mundo de judo de surdos Desporto\",\"breadcrumb\":{\"@id\":\"https:\\\/\\\/algarve7.pt\\\/index.php\\\/2021\\\/10\\\/joana-santos-sagra-se-campea-do-mundo-campeonato-do-mundo-de-judo-de-surdos\\\/desporto\\\/18\\\/37\\\/#breadcrumb\"},\"inLanguage\":\"pt-PT\",\"potentialAction\":[{\"@type\":\"ReadAction\",\"target\":[\"https:\\\/\\\/algarve7.pt\\\/index.php\\\/2021\\\/10\\\/joana-santos-sagra-se-campea-do-mundo-campeonato-do-mundo-de-judo-de-surdos\\\/desporto\\\/18\\\/37\\\/\"]}]},{\"@type\":\"ImageObject\",\"inLanguage\":\"pt-PT\",\"@id\":\"https:\\\/\\\/algarve7.pt\\\/index.php\\\/2021\\\/10\\\/joana-santos-sagra-se-campea-do-mundo-campeonato-do-mundo-de-judo-de-surdos\\\/desporto\\\/18\\\/37\\\/#primaryimage\",\"url\":\"https:\\\/\\\/algarve7.pt\\\/wp-content\\\/uploads\\\/2021\\\/10\\\/image002-3-e1635442614741.jpg\",\"contentUrl\":\"https:\\\/\\\/algarve7.pt\\\/wp-content\\\/uploads\\\/2021\\\/10\\\/image002-3-e1635442614741.jpg\",\"width\":700,\"height\":640},{\"@type\":\"BreadcrumbList\",\"@id\":\"https:\\\/\\\/algarve7.pt\\\/index.php\\\/2021\\\/10\\\/joana-santos-sagra-se-campea-do-mundo-campeonato-do-mundo-de-judo-de-surdos\\\/desporto\\\/18\\\/37\\\/#breadcrumb\",\"itemListElement\":[{\"@type\":\"ListItem\",\"position\":1,\"name\":\"In\u00edcio\",\"item\":\"https:\\\/\\\/algarve7.pt\\\/\"},{\"@type\":\"ListItem\",\"position\":2,\"name\":\"Joana Santos sagra-se campe\u00e3 do mundo campeonato do mundo de judo de surdos\"}]},{\"@type\":\"WebSite\",\"@id\":\"https:\\\/\\\/algarve7.pt\\\/#website\",\"url\":\"https:\\\/\\\/algarve7.pt\\\/\",\"name\":\"Algarve 7\",\"description\":\"Informa\u00e7\u00e3o sobre o Algarve\",\"publisher\":{\"@id\":\"https:\\\/\\\/algarve7.pt\\\/#organization\"},\"potentialAction\":[{\"@type\":\"SearchAction\",\"target\":{\"@type\":\"EntryPoint\",\"urlTemplate\":\"https:\\\/\\\/algarve7.pt\\\/?s={search_term_string}\"},\"query-input\":{\"@type\":\"PropertyValueSpecification\",\"valueRequired\":true,\"valueName\":\"search_term_string\"}}],\"inLanguage\":\"pt-PT\"},{\"@type\":\"Organization\",\"@id\":\"https:\\\/\\\/algarve7.pt\\\/#organization\",\"name\":\"Algarve 7\",\"url\":\"https:\\\/\\\/algarve7.pt\\\/\",\"logo\":{\"@type\":\"ImageObject\",\"inLanguage\":\"pt-PT\",\"@id\":\"https:\\\/\\\/algarve7.pt\\\/#\\\/schema\\\/logo\\\/image\\\/\",\"url\":\"https:\\\/\\\/algarve7.pt\\\/wp-content\\\/uploads\\\/2020\\\/10\\\/Logo-8.jpg\",\"contentUrl\":\"https:\\\/\\\/algarve7.pt\\\/wp-content\\\/uploads\\\/2020\\\/10\\\/Logo-8.jpg\",\"width\":1680,\"height\":1186,\"caption\":\"Algarve 7\"},\"image\":{\"@id\":\"https:\\\/\\\/algarve7.pt\\\/#\\\/schema\\\/logo\\\/image\\\/\"},\"sameAs\":[\"https:\\\/\\\/www.facebook.com\\\/algarve7\",\"https:\\\/\\\/x.com\\\/Algarvesete\",\"https:\\\/\\\/www.instagram.com\\\/jornalalgarve7\\\/\",\"https:\\\/\\\/www.linkedin.com\\\/company\\\/algarve7\",\"https:\\\/\\\/www.pinterest.pt\\\/geral0939\\\/_created\\\/\"]},{\"@type\":\"Person\",\"@id\":\"https:\\\/\\\/algarve7.pt\\\/#\\\/schema\\\/person\\\/23fa70681308e7b319a3204bcea45e0c\",\"name\":\"Algarve 7\",\"sameAs\":[\"https:\\\/\\\/algarve7.pt\",\"https:\\\/\\\/www.facebook.com\\\/algarve7\"],\"url\":\"https:\\\/\\\/algarve7.pt\\\/index.php\\\/author\\\/geralalgarve7-pt\\\/\"}]}<\/script>\n<!-- \/ Yoast SEO plugin. -->","yoast_head_json":{"title":"Joana Santos sagra-se campe\u00e3 do mundo campeonato do mundo de judo de surdos - Algarve 7","description":"Joana Santos sagra-se campe\u00e3 do mundo campeonato do mundo de judo de surdos Desporto","robots":{"index":"index","follow":"follow","max-snippet":"max-snippet:-1","max-image-preview":"max-image-preview:large","max-video-preview":"max-video-preview:-1"},"canonical":"https:\/\/algarve7.pt\/index.php\/2021\/10\/joana-santos-sagra-se-campea-do-mundo-campeonato-do-mundo-de-judo-de-surdos\/desporto\/18\/37\/","og_locale":"pt_PT","og_type":"article","og_title":"Joana Santos sagra-se campe\u00e3 do mundo campeonato do mundo de judo de surdos - Algarve 7","og_description":"Joana Santos sagra-se campe\u00e3 do mundo campeonato do mundo de judo de surdos Desporto","og_url":"https:\/\/algarve7.pt\/index.php\/2021\/10\/joana-santos-sagra-se-campea-do-mundo-campeonato-do-mundo-de-judo-de-surdos\/desporto\/18\/37\/","og_site_name":"Algarve 7","article_publisher":"https:\/\/www.facebook.com\/algarve7","article_author":"https:\/\/www.facebook.com\/algarve7","article_published_time":"2021-10-28T17:37:53+00:00","article_modified_time":"2021-10-28T17:37:55+00:00","og_image":[{"width":700,"height":640,"url":"https:\/\/algarve7.pt\/wp-content\/uploads\/2021\/10\/image002-3-e1635442614741.jpg","type":"image\/jpeg"}],"author":"Algarve 7","twitter_card":"summary_large_image","twitter_creator":"@Algarvesete","twitter_site":"@Algarvesete","twitter_misc":{"Escrito por":"Algarve 7","Tempo estimado de leitura":"2 minutos"},"schema":{"@context":"https:\/\/schema.org","@graph":[{"@type":"Article","@id":"https:\/\/algarve7.pt\/index.php\/2021\/10\/joana-santos-sagra-se-campea-do-mundo-campeonato-do-mundo-de-judo-de-surdos\/desporto\/18\/37\/#article","isPartOf":{"@id":"https:\/\/algarve7.pt\/index.php\/2021\/10\/joana-santos-sagra-se-campea-do-mundo-campeonato-do-mundo-de-judo-de-surdos\/desporto\/18\/37\/"},"author":{"name":"Algarve 7","@id":"https:\/\/algarve7.pt\/#\/schema\/person\/23fa70681308e7b319a3204bcea45e0c"},"headline":"Joana Santos sagra-se campe\u00e3 do mundo campeonato do mundo de judo de surdos","datePublished":"2021-10-28T17:37:53+00:00","dateModified":"2021-10-28T17:37:55+00:00","mainEntityOfPage":{"@id":"https:\/\/algarve7.pt\/index.php\/2021\/10\/joana-santos-sagra-se-campea-do-mundo-campeonato-do-mundo-de-judo-de-surdos\/desporto\/18\/37\/"},"wordCount":401,"commentCount":0,"publisher":{"@id":"https:\/\/algarve7.pt\/#organization"},"image":{"@id":"https:\/\/algarve7.pt\/index.php\/2021\/10\/joana-santos-sagra-se-campea-do-mundo-campeonato-do-mundo-de-judo-de-surdos\/desporto\/18\/37\/#primaryimage"},"thumbnailUrl":"https:\/\/algarve7.pt\/wp-content\/uploads\/2021\/10\/image002-3-e1635442614741.jpg","keywords":["Algarve","Desporto","Judo"],"articleSection":["Desporto"],"inLanguage":"pt-PT","potentialAction":[{"@type":"CommentAction","name":"Comment","target":["https:\/\/algarve7.pt\/index.php\/2021\/10\/joana-santos-sagra-se-campea-do-mundo-campeonato-do-mundo-de-judo-de-surdos\/desporto\/18\/37\/#respond"]}]},{"@type":"WebPage","@id":"https:\/\/algarve7.pt\/index.php\/2021\/10\/joana-santos-sagra-se-campea-do-mundo-campeonato-do-mundo-de-judo-de-surdos\/desporto\/18\/37\/","url":"https:\/\/algarve7.pt\/index.php\/2021\/10\/joana-santos-sagra-se-campea-do-mundo-campeonato-do-mundo-de-judo-de-surdos\/desporto\/18\/37\/","name":"Joana Santos sagra-se campe\u00e3 do mundo campeonato do mundo de judo de surdos - Algarve 7","isPartOf":{"@id":"https:\/\/algarve7.pt\/#website"},"primaryImageOfPage":{"@id":"https:\/\/algarve7.pt\/index.php\/2021\/10\/joana-santos-sagra-se-campea-do-mundo-campeonato-do-mundo-de-judo-de-surdos\/desporto\/18\/37\/#primaryimage"},"image":{"@id":"https:\/\/algarve7.pt\/index.php\/2021\/10\/joana-santos-sagra-se-campea-do-mundo-campeonato-do-mundo-de-judo-de-surdos\/desporto\/18\/37\/#primaryimage"},"thumbnailUrl":"https:\/\/algarve7.pt\/wp-content\/uploads\/2021\/10\/image002-3-e1635442614741.jpg","datePublished":"2021-10-28T17:37:53+00:00","dateModified":"2021-10-28T17:37:55+00:00","description":"Joana Santos sagra-se campe\u00e3 do mundo campeonato do mundo de judo de surdos Desporto","breadcrumb":{"@id":"https:\/\/algarve7.pt\/index.php\/2021\/10\/joana-santos-sagra-se-campea-do-mundo-campeonato-do-mundo-de-judo-de-surdos\/desporto\/18\/37\/#breadcrumb"},"inLanguage":"pt-PT","potentialAction":[{"@type":"ReadAction","target":["https:\/\/algarve7.pt\/index.php\/2021\/10\/joana-santos-sagra-se-campea-do-mundo-campeonato-do-mundo-de-judo-de-surdos\/desporto\/18\/37\/"]}]},{"@type":"ImageObject","inLanguage":"pt-PT","@id":"https:\/\/algarve7.pt\/index.php\/2021\/10\/joana-santos-sagra-se-campea-do-mundo-campeonato-do-mundo-de-judo-de-surdos\/desporto\/18\/37\/#primaryimage","url":"https:\/\/algarve7.pt\/wp-content\/uploads\/2021\/10\/image002-3-e1635442614741.jpg","contentUrl":"https:\/\/algarve7.pt\/wp-content\/uploads\/2021\/10\/image002-3-e1635442614741.jpg","width":700,"height":640},{"@type":"BreadcrumbList","@id":"https:\/\/algarve7.pt\/index.php\/2021\/10\/joana-santos-sagra-se-campea-do-mundo-campeonato-do-mundo-de-judo-de-surdos\/desporto\/18\/37\/#breadcrumb","itemListElement":[{"@type":"ListItem","position":1,"name":"In\u00edcio","item":"https:\/\/algarve7.pt\/"},{"@type":"ListItem","position":2,"name":"Joana Santos sagra-se campe\u00e3 do mundo campeonato do mundo de judo de surdos"}]},{"@type":"WebSite","@id":"https:\/\/algarve7.pt\/#website","url":"https:\/\/algarve7.pt\/","name":"Algarve 7","description":"Informa\u00e7\u00e3o sobre o Algarve","publisher":{"@id":"https:\/\/algarve7.pt\/#organization"},"potentialAction":[{"@type":"SearchAction","target":{"@type":"EntryPoint","urlTemplate":"https:\/\/algarve7.pt\/?s={search_term_string}"},"query-input":{"@type":"PropertyValueSpecification","valueRequired":true,"valueName":"search_term_string"}}],"inLanguage":"pt-PT"},{"@type":"Organization","@id":"https:\/\/algarve7.pt\/#organization","name":"Algarve 7","url":"https:\/\/algarve7.pt\/","logo":{"@type":"ImageObject","inLanguage":"pt-PT","@id":"https:\/\/algarve7.pt\/#\/schema\/logo\/image\/","url":"https:\/\/algarve7.pt\/wp-content\/uploads\/2020\/10\/Logo-8.jpg","contentUrl":"https:\/\/algarve7.pt\/wp-content\/uploads\/2020\/10\/Logo-8.jpg","width":1680,"height":1186,"caption":"Algarve 7"},"image":{"@id":"https:\/\/algarve7.pt\/#\/schema\/logo\/image\/"},"sameAs":["https:\/\/www.facebook.com\/algarve7","https:\/\/x.com\/Algarvesete","https:\/\/www.instagram.com\/jornalalgarve7\/","https:\/\/www.linkedin.com\/company\/algarve7","https:\/\/www.pinterest.pt\/geral0939\/_created\/"]},{"@type":"Person","@id":"https:\/\/algarve7.pt\/#\/schema\/person\/23fa70681308e7b319a3204bcea45e0c","name":"Algarve 7","sameAs":["https:\/\/algarve7.pt","https:\/\/www.facebook.com\/algarve7"],"url":"https:\/\/algarve7.pt\/index.php\/author\/geralalgarve7-pt\/"}]}},"jetpack_publicize_connections":[],"jetpack_featured_media_url":"https:\/\/algarve7.pt\/wp-content\/uploads\/2021\/10\/image002-3-e1635442614741.jpg","jetpack_shortlink":"https:\/\/wp.me\/pcezmW-3ge","jetpack_sharing_enabled":true,"_links":{"self":[{"href":"https:\/\/algarve7.pt\/index.php\/wp-json\/wp\/v2\/posts\/12538","targetHints":{"allow":["GET"]}}],"collection":[{"href":"https:\/\/algarve7.pt\/index.php\/wp-json\/wp\/v2\/posts"}],"about":[{"href":"https:\/\/algarve7.pt\/index.php\/wp-json\/wp\/v2\/types\/post"}],"author":[{"embeddable":true,"href":"https:\/\/algarve7.pt\/index.php\/wp-json\/wp\/v2\/users\/1"}],"replies":[{"embeddable":true,"href":"https:\/\/algarve7.pt\/index.php\/wp-json\/wp\/v2\/comments?post=12538"}],"version-history":[{"count":0,"href":"https:\/\/algarve7.pt\/index.php\/wp-json\/wp\/v2\/posts\/12538\/revisions"}],"wp:featuredmedia":[{"embeddable":true,"href":"https:\/\/algarve7.pt\/index.php\/wp-json\/wp\/v2\/media\/12539"}],"wp:attachment":[{"href":"https:\/\/algarve7.pt\/index.php\/wp-json\/wp\/v2\/media?parent=12538"}],"wp:term":[{"taxonomy":"category","embeddable":true,"href":"https:\/\/algarve7.pt\/index.php\/wp-json\/wp\/v2\/categories?post=12538"},{"taxonomy":"post_tag","embeddable":true,"href":"https:\/\/algarve7.pt\/index.php\/wp-json\/wp\/v2\/tags?post=12538"}],"curies":[{"name":"wp","href":"https:\/\/api.w.org\/{rel}","templated":true}]}}