{"id":1252,"date":"2020-09-09T22:27:28","date_gmt":"2020-09-09T21:27:28","guid":{"rendered":"https:\/\/algarve7.pt\/?p=1252"},"modified":"2020-09-09T22:27:29","modified_gmt":"2020-09-09T21:27:29","slug":"ministro-da-defesa-nacional-inaugura-monumento-aos-combatentes-de-alte","status":"publish","type":"post","link":"https:\/\/algarve7.pt\/index.php\/2020\/09\/ministro-da-defesa-nacional-inaugura-monumento-aos-combatentes-de-alte\/atualidade\/22\/27\/","title":{"rendered":"Ministro da Defesa Nacional inaugura Monumento aos Combatentes de Alte"},"content":{"rendered":"\n<p>A aldeia de Alte recebeu ontem o&nbsp;Ministro da Defesa Nacional, Jo\u00e3o Gomes Cravinho e a Secret\u00e1ria de Estado de Recursos Humanos e Antigos Combatentes, Catarina Sarmento e Castro para a cerim\u00f3nia de inaugura\u00e7\u00e3o do Monumento aos Combatentes de Alte.<\/p>\n\n\n\n<p>A escultura, da autoria de Daniel Vieira e de Renata Pawelec, distingue-se pelos seus diversos elementos simb\u00f3licos que remetem para as viv\u00eancias dos combatentes. Assim, a mesa algarvia representa a fam\u00edlia que, como explicou o presidente da Junta, Ant\u00f3nio Martins, \u201cest\u00e1 diminu\u00edda na sua funcionalidade e estabilidade por lhe faltar uma perna, tal como a fam\u00edlia com a aus\u00eancia do combatente\u201d. Outro dos elementos da obra \u00e9 um rel\u00f3gio, partido e sem ponteiros, que remete para o tempo de comiss\u00e3o, um tempo que se arrasta e que agudiza a saudade e aumenta a dor da separa\u00e7\u00e3o. A aus\u00eancia do n\u00famero 11 no mostrador recorda os 11 jovens altenses que faleceram no Ultramar, para quem o tempo parou definitivamente. H\u00e1 ainda o capacete em cima da mesa que representa o regresso, a miss\u00e3o cumprida e o retorno \u00e0 fam\u00edlia. Por sua vez, o buraco de bala no capacete recorda as vidas ceifadas pela guerra.<\/p>\n\n\n\n<p>V\u00edtor Aleixo, presidente do Munic\u00edpio de Loul\u00e9, relembrou os homens desta terra que partiram para o campo de batalha e que t\u00eam agora a justa homenagem numa obra que \u201cfaz um forte apelo \u00e0 paz, \u00e0 serenidade e \u00e0 consci\u00eancia\u201d. \u201cNas guerras de \u00c1frica, faleceram 11 combatentes de Alte\u201d, e na I Guerra Mundial \u201c123 jovens desta freguesia foram mobilizados. Maioritariamente camponeses, partiram para Angola, Mo\u00e7ambique e Flandres. Lutaram heroicamente, morreram alguns, e outros voltaram com sequelas f\u00edsicas e psicol\u00f3gicas que os acompanharam at\u00e9 ao final dos seus dias\u201d, contextualizou o autarca.<\/p>\n\n\n\n<p>O Ministro da Defesa Nacional sublinhou a import\u00e2ncia das iniciativas de homenagem aos antigos combatentes, porque \u201cHonrar as suas mem\u00f3rias \u00e9 um gesto essencial para uma sociedade que se queira respeitar a si pr\u00f3pria. Reconhecer os antigos combatentes, os que faleceram em combate e os que hoje est\u00e3o entre n\u00f3s, \u00e9 uma d\u00edvida que o Portugal do presente tem em rela\u00e7\u00e3o ao Portugal do passado e o reconhecimento dessa divida \u00e9 uma pe\u00e7a-chave para construirmos um pa\u00eds que queremos para o futuro\u201d.<\/p>\n\n\n\n<p>Com ra\u00edzes em Alte, Jo\u00e3o Gomes Cravinho n\u00e3o quis deixar de falar da dimens\u00e3o pessoal do momento at\u00e9 porque alguns dos seus elementos familiares fazem parte dos homenageados, como \u00e9 o caso de Ant\u00f3nio Gomes Cravinho, um dos 123 altenses que partiu para combater na Flandres, em 1917, \u201cS\u00e3o centenas de milhares de fam\u00edlias portuguesas que transportam dentro de si esta experi\u00eancia que \u00e9 simultaneamente hist\u00f3rica e profundamente pessoal\u201d, sublinhou o Ministro.<\/p>\n\n\n\n<p>Para o presidente da Liga dos Combatentes, Chito Rodrigues, \u201cAlte junta-se hoje ao reconhecimento que o Portugal profundo vem fazendo nos \u00faltimos anos. Espalham-se pelo pa\u00eds e pelo estrangeiro l\u00e1pides, padr\u00f5es e cerca de 400 monumentos erguidos com a mesma finalidade e o mesmo sentimento, testemunhar o respeito, marcar publicamente o apre\u00e7o, gravar na pedra e no ferro para que n\u00e3o esque\u00e7a a perenidade da gratid\u00e3o e da mem\u00f3ria dos que lutaram e ca\u00edram por Portugal\u201d.<\/p>\n\n\n\n<p>Este respons\u00e1vel deixou ainda uma palavra de gratid\u00e3o \u00e0 Autarquia de Loul\u00e9, enquanto aliado da institui\u00e7\u00e3o, atrav\u00e9s do apoio dado ao N\u00facleo de Loul\u00e9. De referir que, ao abrigo do contrato-programa existente, a C\u00e2mara Municipal de Loul\u00e9 atribuiu este ano \u00e0 Liga uma verba de cerca de 18 mil euros, canalizada para diversas a\u00e7\u00f5es que visam auxiliar os antigos combatentes e as suas fam\u00edlias.<\/p>\n","protected":false},"excerpt":{"rendered":"<p>A aldeia de Alte recebeu ontem o&nbsp;Ministro da Defesa Nacional, Jo\u00e3o Gomes Cravinho e a Secret\u00e1ria de Estado de Recursos<\/p>\n","protected":false},"author":1,"featured_media":1253,"comment_status":"closed","ping_status":"open","sticky":false,"template":"","format":"standard","meta":{"colormag_page_container_layout":"default_layout","colormag_page_sidebar_layout":"default_layout","_monsterinsights_skip_tracking":false,"_monsterinsights_sitenote_active":false,"_monsterinsights_sitenote_note":"","_monsterinsights_sitenote_category":0,"jetpack_post_was_ever_published":false,"_jetpack_newsletter_access":"","_jetpack_dont_email_post_to_subs":false,"_jetpack_newsletter_tier_id":0,"_jetpack_memberships_contains_paywalled_content":false,"_jetpack_memberships_contains_paid_content":false,"footnotes":"","jetpack_publicize_message":"","jetpack_publicize_feature_enabled":true,"jetpack_social_post_already_shared":true,"jetpack_social_options":{"image_generator_settings":{"template":"highway","default_image_id":0,"font":"","enabled":false},"version":2}},"categories":[11],"tags":[36,124,85],"class_list":["post-1252","post","type-post","status-publish","format-standard","has-post-thumbnail","hentry","category-atualidade","tag-algarve","tag-alte","tag-inauguracao"],"yoast_head":"<!-- This site is optimized with the Yoast SEO plugin v27.5 - https:\/\/yoast.com\/product\/yoast-seo-wordpress\/ -->\n<title>Ministro da Defesa Nacional inaugura Monumento aos Combatentes de Alte - Algarve 7<\/title>\n<meta name=\"description\" content=\"Ministro da Defesa Nacional inaugura Monumento aos Combatentes de Alte\" \/>\n<meta name=\"robots\" content=\"index, follow, max-snippet:-1, max-image-preview:large, max-video-preview:-1\" \/>\n<link rel=\"canonical\" href=\"https:\/\/algarve7.pt\/index.php\/2020\/09\/ministro-da-defesa-nacional-inaugura-monumento-aos-combatentes-de-alte\/atualidade\/22\/27\/\" \/>\n<meta property=\"og:locale\" content=\"pt_PT\" \/>\n<meta property=\"og:type\" content=\"article\" \/>\n<meta property=\"og:title\" content=\"Ministro da Defesa Nacional inaugura Monumento aos Combatentes de Alte - Algarve 7\" \/>\n<meta property=\"og:description\" content=\"Ministro da Defesa Nacional inaugura Monumento aos Combatentes de Alte\" \/>\n<meta property=\"og:url\" content=\"https:\/\/algarve7.pt\/index.php\/2020\/09\/ministro-da-defesa-nacional-inaugura-monumento-aos-combatentes-de-alte\/atualidade\/22\/27\/\" \/>\n<meta property=\"og:site_name\" content=\"Algarve 7\" \/>\n<meta property=\"article:publisher\" content=\"https:\/\/www.facebook.com\/algarve7\" \/>\n<meta property=\"article:author\" content=\"https:\/\/www.facebook.com\/algarve7\" \/>\n<meta property=\"article:published_time\" content=\"2020-09-09T21:27:28+00:00\" \/>\n<meta property=\"article:modified_time\" content=\"2020-09-09T21:27:29+00:00\" \/>\n<meta property=\"og:image\" content=\"https:\/\/algarve7.pt\/wp-content\/uploads\/2020\/09\/sem-titulo-3.jpg\" \/>\n\t<meta property=\"og:image:width\" content=\"1024\" \/>\n\t<meta property=\"og:image:height\" content=\"683\" \/>\n\t<meta property=\"og:image:type\" content=\"image\/jpeg\" \/>\n<meta name=\"author\" content=\"Algarve 7\" \/>\n<meta name=\"twitter:card\" content=\"summary_large_image\" \/>\n<meta name=\"twitter:creator\" content=\"@Algarvesete\" \/>\n<meta name=\"twitter:site\" content=\"@Algarvesete\" \/>\n<meta name=\"twitter:label1\" content=\"Escrito por\" \/>\n\t<meta name=\"twitter:data1\" content=\"Algarve 7\" \/>\n\t<meta name=\"twitter:label2\" content=\"Tempo estimado de leitura\" \/>\n\t<meta name=\"twitter:data2\" content=\"3 minutos\" \/>\n<script type=\"application\/ld+json\" class=\"yoast-schema-graph\">{\"@context\":\"https:\\\/\\\/schema.org\",\"@graph\":[{\"@type\":\"Article\",\"@id\":\"https:\\\/\\\/algarve7.pt\\\/index.php\\\/2020\\\/09\\\/ministro-da-defesa-nacional-inaugura-monumento-aos-combatentes-de-alte\\\/atualidade\\\/22\\\/27\\\/#article\",\"isPartOf\":{\"@id\":\"https:\\\/\\\/algarve7.pt\\\/index.php\\\/2020\\\/09\\\/ministro-da-defesa-nacional-inaugura-monumento-aos-combatentes-de-alte\\\/atualidade\\\/22\\\/27\\\/\"},\"author\":{\"name\":\"Algarve 7\",\"@id\":\"https:\\\/\\\/algarve7.pt\\\/#\\\/schema\\\/person\\\/23fa70681308e7b319a3204bcea45e0c\"},\"headline\":\"Ministro da Defesa Nacional inaugura Monumento aos Combatentes de Alte\",\"datePublished\":\"2020-09-09T21:27:28+00:00\",\"dateModified\":\"2020-09-09T21:27:29+00:00\",\"mainEntityOfPage\":{\"@id\":\"https:\\\/\\\/algarve7.pt\\\/index.php\\\/2020\\\/09\\\/ministro-da-defesa-nacional-inaugura-monumento-aos-combatentes-de-alte\\\/atualidade\\\/22\\\/27\\\/\"},\"wordCount\":630,\"publisher\":{\"@id\":\"https:\\\/\\\/algarve7.pt\\\/#organization\"},\"image\":{\"@id\":\"https:\\\/\\\/algarve7.pt\\\/index.php\\\/2020\\\/09\\\/ministro-da-defesa-nacional-inaugura-monumento-aos-combatentes-de-alte\\\/atualidade\\\/22\\\/27\\\/#primaryimage\"},\"thumbnailUrl\":\"https:\\\/\\\/algarve7.pt\\\/wp-content\\\/uploads\\\/2020\\\/09\\\/sem-titulo-3.jpg\",\"keywords\":[\"Algarve\",\"Alte\",\"Inaugura\u00e7\u00e3o\"],\"articleSection\":[\"Atualidade\"],\"inLanguage\":\"pt-PT\"},{\"@type\":\"WebPage\",\"@id\":\"https:\\\/\\\/algarve7.pt\\\/index.php\\\/2020\\\/09\\\/ministro-da-defesa-nacional-inaugura-monumento-aos-combatentes-de-alte\\\/atualidade\\\/22\\\/27\\\/\",\"url\":\"https:\\\/\\\/algarve7.pt\\\/index.php\\\/2020\\\/09\\\/ministro-da-defesa-nacional-inaugura-monumento-aos-combatentes-de-alte\\\/atualidade\\\/22\\\/27\\\/\",\"name\":\"Ministro da Defesa Nacional inaugura Monumento aos Combatentes de Alte - Algarve 7\",\"isPartOf\":{\"@id\":\"https:\\\/\\\/algarve7.pt\\\/#website\"},\"primaryImageOfPage\":{\"@id\":\"https:\\\/\\\/algarve7.pt\\\/index.php\\\/2020\\\/09\\\/ministro-da-defesa-nacional-inaugura-monumento-aos-combatentes-de-alte\\\/atualidade\\\/22\\\/27\\\/#primaryimage\"},\"image\":{\"@id\":\"https:\\\/\\\/algarve7.pt\\\/index.php\\\/2020\\\/09\\\/ministro-da-defesa-nacional-inaugura-monumento-aos-combatentes-de-alte\\\/atualidade\\\/22\\\/27\\\/#primaryimage\"},\"thumbnailUrl\":\"https:\\\/\\\/algarve7.pt\\\/wp-content\\\/uploads\\\/2020\\\/09\\\/sem-titulo-3.jpg\",\"datePublished\":\"2020-09-09T21:27:28+00:00\",\"dateModified\":\"2020-09-09T21:27:29+00:00\",\"description\":\"Ministro da Defesa Nacional inaugura Monumento aos Combatentes de Alte\",\"breadcrumb\":{\"@id\":\"https:\\\/\\\/algarve7.pt\\\/index.php\\\/2020\\\/09\\\/ministro-da-defesa-nacional-inaugura-monumento-aos-combatentes-de-alte\\\/atualidade\\\/22\\\/27\\\/#breadcrumb\"},\"inLanguage\":\"pt-PT\",\"potentialAction\":[{\"@type\":\"ReadAction\",\"target\":[\"https:\\\/\\\/algarve7.pt\\\/index.php\\\/2020\\\/09\\\/ministro-da-defesa-nacional-inaugura-monumento-aos-combatentes-de-alte\\\/atualidade\\\/22\\\/27\\\/\"]}]},{\"@type\":\"ImageObject\",\"inLanguage\":\"pt-PT\",\"@id\":\"https:\\\/\\\/algarve7.pt\\\/index.php\\\/2020\\\/09\\\/ministro-da-defesa-nacional-inaugura-monumento-aos-combatentes-de-alte\\\/atualidade\\\/22\\\/27\\\/#primaryimage\",\"url\":\"https:\\\/\\\/algarve7.pt\\\/wp-content\\\/uploads\\\/2020\\\/09\\\/sem-titulo-3.jpg\",\"contentUrl\":\"https:\\\/\\\/algarve7.pt\\\/wp-content\\\/uploads\\\/2020\\\/09\\\/sem-titulo-3.jpg\",\"width\":1024,\"height\":683},{\"@type\":\"BreadcrumbList\",\"@id\":\"https:\\\/\\\/algarve7.pt\\\/index.php\\\/2020\\\/09\\\/ministro-da-defesa-nacional-inaugura-monumento-aos-combatentes-de-alte\\\/atualidade\\\/22\\\/27\\\/#breadcrumb\",\"itemListElement\":[{\"@type\":\"ListItem\",\"position\":1,\"name\":\"In\u00edcio\",\"item\":\"https:\\\/\\\/algarve7.pt\\\/\"},{\"@type\":\"ListItem\",\"position\":2,\"name\":\"Ministro da Defesa Nacional inaugura Monumento aos Combatentes de Alte\"}]},{\"@type\":\"WebSite\",\"@id\":\"https:\\\/\\\/algarve7.pt\\\/#website\",\"url\":\"https:\\\/\\\/algarve7.pt\\\/\",\"name\":\"Algarve 7\",\"description\":\"Informa\u00e7\u00e3o sobre o Algarve\",\"publisher\":{\"@id\":\"https:\\\/\\\/algarve7.pt\\\/#organization\"},\"potentialAction\":[{\"@type\":\"SearchAction\",\"target\":{\"@type\":\"EntryPoint\",\"urlTemplate\":\"https:\\\/\\\/algarve7.pt\\\/?s={search_term_string}\"},\"query-input\":{\"@type\":\"PropertyValueSpecification\",\"valueRequired\":true,\"valueName\":\"search_term_string\"}}],\"inLanguage\":\"pt-PT\"},{\"@type\":\"Organization\",\"@id\":\"https:\\\/\\\/algarve7.pt\\\/#organization\",\"name\":\"Algarve 7\",\"url\":\"https:\\\/\\\/algarve7.pt\\\/\",\"logo\":{\"@type\":\"ImageObject\",\"inLanguage\":\"pt-PT\",\"@id\":\"https:\\\/\\\/algarve7.pt\\\/#\\\/schema\\\/logo\\\/image\\\/\",\"url\":\"https:\\\/\\\/algarve7.pt\\\/wp-content\\\/uploads\\\/2020\\\/10\\\/Logo-8.jpg\",\"contentUrl\":\"https:\\\/\\\/algarve7.pt\\\/wp-content\\\/uploads\\\/2020\\\/10\\\/Logo-8.jpg\",\"width\":1680,\"height\":1186,\"caption\":\"Algarve 7\"},\"image\":{\"@id\":\"https:\\\/\\\/algarve7.pt\\\/#\\\/schema\\\/logo\\\/image\\\/\"},\"sameAs\":[\"https:\\\/\\\/www.facebook.com\\\/algarve7\",\"https:\\\/\\\/x.com\\\/Algarvesete\",\"https:\\\/\\\/www.instagram.com\\\/jornalalgarve7\\\/\",\"https:\\\/\\\/www.linkedin.com\\\/company\\\/algarve7\",\"https:\\\/\\\/www.pinterest.pt\\\/geral0939\\\/_created\\\/\"]},{\"@type\":\"Person\",\"@id\":\"https:\\\/\\\/algarve7.pt\\\/#\\\/schema\\\/person\\\/23fa70681308e7b319a3204bcea45e0c\",\"name\":\"Algarve 7\",\"sameAs\":[\"https:\\\/\\\/algarve7.pt\",\"https:\\\/\\\/www.facebook.com\\\/algarve7\"],\"url\":\"https:\\\/\\\/algarve7.pt\\\/index.php\\\/author\\\/geralalgarve7-pt\\\/\"}]}<\/script>\n<!-- \/ Yoast SEO plugin. -->","yoast_head_json":{"title":"Ministro da Defesa Nacional inaugura Monumento aos Combatentes de Alte - Algarve 7","description":"Ministro da Defesa Nacional inaugura Monumento aos Combatentes de Alte","robots":{"index":"index","follow":"follow","max-snippet":"max-snippet:-1","max-image-preview":"max-image-preview:large","max-video-preview":"max-video-preview:-1"},"canonical":"https:\/\/algarve7.pt\/index.php\/2020\/09\/ministro-da-defesa-nacional-inaugura-monumento-aos-combatentes-de-alte\/atualidade\/22\/27\/","og_locale":"pt_PT","og_type":"article","og_title":"Ministro da Defesa Nacional inaugura Monumento aos Combatentes de Alte - Algarve 7","og_description":"Ministro da Defesa Nacional inaugura Monumento aos Combatentes de Alte","og_url":"https:\/\/algarve7.pt\/index.php\/2020\/09\/ministro-da-defesa-nacional-inaugura-monumento-aos-combatentes-de-alte\/atualidade\/22\/27\/","og_site_name":"Algarve 7","article_publisher":"https:\/\/www.facebook.com\/algarve7","article_author":"https:\/\/www.facebook.com\/algarve7","article_published_time":"2020-09-09T21:27:28+00:00","article_modified_time":"2020-09-09T21:27:29+00:00","og_image":[{"width":1024,"height":683,"url":"https:\/\/algarve7.pt\/wp-content\/uploads\/2020\/09\/sem-titulo-3.jpg","type":"image\/jpeg"}],"author":"Algarve 7","twitter_card":"summary_large_image","twitter_creator":"@Algarvesete","twitter_site":"@Algarvesete","twitter_misc":{"Escrito por":"Algarve 7","Tempo estimado de leitura":"3 minutos"},"schema":{"@context":"https:\/\/schema.org","@graph":[{"@type":"Article","@id":"https:\/\/algarve7.pt\/index.php\/2020\/09\/ministro-da-defesa-nacional-inaugura-monumento-aos-combatentes-de-alte\/atualidade\/22\/27\/#article","isPartOf":{"@id":"https:\/\/algarve7.pt\/index.php\/2020\/09\/ministro-da-defesa-nacional-inaugura-monumento-aos-combatentes-de-alte\/atualidade\/22\/27\/"},"author":{"name":"Algarve 7","@id":"https:\/\/algarve7.pt\/#\/schema\/person\/23fa70681308e7b319a3204bcea45e0c"},"headline":"Ministro da Defesa Nacional inaugura Monumento aos Combatentes de Alte","datePublished":"2020-09-09T21:27:28+00:00","dateModified":"2020-09-09T21:27:29+00:00","mainEntityOfPage":{"@id":"https:\/\/algarve7.pt\/index.php\/2020\/09\/ministro-da-defesa-nacional-inaugura-monumento-aos-combatentes-de-alte\/atualidade\/22\/27\/"},"wordCount":630,"publisher":{"@id":"https:\/\/algarve7.pt\/#organization"},"image":{"@id":"https:\/\/algarve7.pt\/index.php\/2020\/09\/ministro-da-defesa-nacional-inaugura-monumento-aos-combatentes-de-alte\/atualidade\/22\/27\/#primaryimage"},"thumbnailUrl":"https:\/\/algarve7.pt\/wp-content\/uploads\/2020\/09\/sem-titulo-3.jpg","keywords":["Algarve","Alte","Inaugura\u00e7\u00e3o"],"articleSection":["Atualidade"],"inLanguage":"pt-PT"},{"@type":"WebPage","@id":"https:\/\/algarve7.pt\/index.php\/2020\/09\/ministro-da-defesa-nacional-inaugura-monumento-aos-combatentes-de-alte\/atualidade\/22\/27\/","url":"https:\/\/algarve7.pt\/index.php\/2020\/09\/ministro-da-defesa-nacional-inaugura-monumento-aos-combatentes-de-alte\/atualidade\/22\/27\/","name":"Ministro da Defesa Nacional inaugura Monumento aos Combatentes de Alte - Algarve 7","isPartOf":{"@id":"https:\/\/algarve7.pt\/#website"},"primaryImageOfPage":{"@id":"https:\/\/algarve7.pt\/index.php\/2020\/09\/ministro-da-defesa-nacional-inaugura-monumento-aos-combatentes-de-alte\/atualidade\/22\/27\/#primaryimage"},"image":{"@id":"https:\/\/algarve7.pt\/index.php\/2020\/09\/ministro-da-defesa-nacional-inaugura-monumento-aos-combatentes-de-alte\/atualidade\/22\/27\/#primaryimage"},"thumbnailUrl":"https:\/\/algarve7.pt\/wp-content\/uploads\/2020\/09\/sem-titulo-3.jpg","datePublished":"2020-09-09T21:27:28+00:00","dateModified":"2020-09-09T21:27:29+00:00","description":"Ministro da Defesa Nacional inaugura Monumento aos Combatentes de Alte","breadcrumb":{"@id":"https:\/\/algarve7.pt\/index.php\/2020\/09\/ministro-da-defesa-nacional-inaugura-monumento-aos-combatentes-de-alte\/atualidade\/22\/27\/#breadcrumb"},"inLanguage":"pt-PT","potentialAction":[{"@type":"ReadAction","target":["https:\/\/algarve7.pt\/index.php\/2020\/09\/ministro-da-defesa-nacional-inaugura-monumento-aos-combatentes-de-alte\/atualidade\/22\/27\/"]}]},{"@type":"ImageObject","inLanguage":"pt-PT","@id":"https:\/\/algarve7.pt\/index.php\/2020\/09\/ministro-da-defesa-nacional-inaugura-monumento-aos-combatentes-de-alte\/atualidade\/22\/27\/#primaryimage","url":"https:\/\/algarve7.pt\/wp-content\/uploads\/2020\/09\/sem-titulo-3.jpg","contentUrl":"https:\/\/algarve7.pt\/wp-content\/uploads\/2020\/09\/sem-titulo-3.jpg","width":1024,"height":683},{"@type":"BreadcrumbList","@id":"https:\/\/algarve7.pt\/index.php\/2020\/09\/ministro-da-defesa-nacional-inaugura-monumento-aos-combatentes-de-alte\/atualidade\/22\/27\/#breadcrumb","itemListElement":[{"@type":"ListItem","position":1,"name":"In\u00edcio","item":"https:\/\/algarve7.pt\/"},{"@type":"ListItem","position":2,"name":"Ministro da Defesa Nacional inaugura Monumento aos Combatentes de Alte"}]},{"@type":"WebSite","@id":"https:\/\/algarve7.pt\/#website","url":"https:\/\/algarve7.pt\/","name":"Algarve 7","description":"Informa\u00e7\u00e3o sobre o Algarve","publisher":{"@id":"https:\/\/algarve7.pt\/#organization"},"potentialAction":[{"@type":"SearchAction","target":{"@type":"EntryPoint","urlTemplate":"https:\/\/algarve7.pt\/?s={search_term_string}"},"query-input":{"@type":"PropertyValueSpecification","valueRequired":true,"valueName":"search_term_string"}}],"inLanguage":"pt-PT"},{"@type":"Organization","@id":"https:\/\/algarve7.pt\/#organization","name":"Algarve 7","url":"https:\/\/algarve7.pt\/","logo":{"@type":"ImageObject","inLanguage":"pt-PT","@id":"https:\/\/algarve7.pt\/#\/schema\/logo\/image\/","url":"https:\/\/algarve7.pt\/wp-content\/uploads\/2020\/10\/Logo-8.jpg","contentUrl":"https:\/\/algarve7.pt\/wp-content\/uploads\/2020\/10\/Logo-8.jpg","width":1680,"height":1186,"caption":"Algarve 7"},"image":{"@id":"https:\/\/algarve7.pt\/#\/schema\/logo\/image\/"},"sameAs":["https:\/\/www.facebook.com\/algarve7","https:\/\/x.com\/Algarvesete","https:\/\/www.instagram.com\/jornalalgarve7\/","https:\/\/www.linkedin.com\/company\/algarve7","https:\/\/www.pinterest.pt\/geral0939\/_created\/"]},{"@type":"Person","@id":"https:\/\/algarve7.pt\/#\/schema\/person\/23fa70681308e7b319a3204bcea45e0c","name":"Algarve 7","sameAs":["https:\/\/algarve7.pt","https:\/\/www.facebook.com\/algarve7"],"url":"https:\/\/algarve7.pt\/index.php\/author\/geralalgarve7-pt\/"}]}},"jetpack_publicize_connections":[],"jetpack_featured_media_url":"https:\/\/algarve7.pt\/wp-content\/uploads\/2020\/09\/sem-titulo-3.jpg","jetpack_shortlink":"https:\/\/wp.me\/pcezmW-kc","jetpack_sharing_enabled":true,"_links":{"self":[{"href":"https:\/\/algarve7.pt\/index.php\/wp-json\/wp\/v2\/posts\/1252","targetHints":{"allow":["GET"]}}],"collection":[{"href":"https:\/\/algarve7.pt\/index.php\/wp-json\/wp\/v2\/posts"}],"about":[{"href":"https:\/\/algarve7.pt\/index.php\/wp-json\/wp\/v2\/types\/post"}],"author":[{"embeddable":true,"href":"https:\/\/algarve7.pt\/index.php\/wp-json\/wp\/v2\/users\/1"}],"replies":[{"embeddable":true,"href":"https:\/\/algarve7.pt\/index.php\/wp-json\/wp\/v2\/comments?post=1252"}],"version-history":[{"count":0,"href":"https:\/\/algarve7.pt\/index.php\/wp-json\/wp\/v2\/posts\/1252\/revisions"}],"wp:featuredmedia":[{"embeddable":true,"href":"https:\/\/algarve7.pt\/index.php\/wp-json\/wp\/v2\/media\/1253"}],"wp:attachment":[{"href":"https:\/\/algarve7.pt\/index.php\/wp-json\/wp\/v2\/media?parent=1252"}],"wp:term":[{"taxonomy":"category","embeddable":true,"href":"https:\/\/algarve7.pt\/index.php\/wp-json\/wp\/v2\/categories?post=1252"},{"taxonomy":"post_tag","embeddable":true,"href":"https:\/\/algarve7.pt\/index.php\/wp-json\/wp\/v2\/tags?post=1252"}],"curies":[{"name":"wp","href":"https:\/\/api.w.org\/{rel}","templated":true}]}}