{"id":12514,"date":"2021-10-28T15:02:51","date_gmt":"2021-10-28T14:02:51","guid":{"rendered":"https:\/\/algarve7.pt\/?p=12514"},"modified":"2021-10-28T15:02:53","modified_gmt":"2021-10-28T14:02:53","slug":"matine-solidaria-no-cineteatro-louletano","status":"publish","type":"post","link":"https:\/\/algarve7.pt\/index.php\/2021\/10\/matine-solidaria-no-cineteatro-louletano\/cultura\/15\/02\/","title":{"rendered":"Matin\u00e9 Solid\u00e1ria no CineTeatro Louletano"},"content":{"rendered":"\n<p>A Matin\u00e9 Solid\u00e1ria \u00e9 organizada pela Associa\u00e7\u00e3o Oncol\u00f3gica do Algarve e realiza-se no dia 14 de novembro (domingo), entre as 17h00 e as 19h30, no Cineteatro Louletano.A iniciativa decorrer\u00e1 no \u00e2mbito do movimento internacional \u201cNovembro Azul\u201d &#8211; sensibiliza\u00e7\u00e3o e preven\u00e7\u00e3o do cancro da pr\u00f3stata e testicular.<\/p>\n\n\n\n<p>Os bilhetes t\u00eam um custo de 5,00\u20ac e estar\u00e3o \u00e0 venda brevemente. Dura\u00e7\u00e3o: 2 h 30 min.<\/p>\n\n\n\n<p><strong>Artistas:<\/strong><br>TT<br>Lu\u00eds Guilhermo<br>Pedro Branco<br>Contempor\u00e2neo Fushion\u00a0<br>D\u00e1rio Pacheco<\/p>\n","protected":false},"excerpt":{"rendered":"<p>A Matin\u00e9 Solid\u00e1ria \u00e9 organizada pela Associa\u00e7\u00e3o Oncol\u00f3gica do Algarve e realiza-se no dia 14 de novembro (domingo), entre as<\/p>\n","protected":false},"author":1,"featured_media":12515,"comment_status":"open","ping_status":"open","sticky":false,"template":"","format":"standard","meta":{"colormag_page_container_layout":"default_layout","colormag_page_sidebar_layout":"default_layout","_monsterinsights_skip_tracking":false,"_monsterinsights_sitenote_active":false,"_monsterinsights_sitenote_note":"","_monsterinsights_sitenote_category":0,"jetpack_post_was_ever_published":false,"_jetpack_newsletter_access":"","_jetpack_dont_email_post_to_subs":false,"_jetpack_newsletter_tier_id":0,"_jetpack_memberships_contains_paywalled_content":false,"_jetpack_memberships_contains_paid_content":false,"footnotes":"","jetpack_publicize_message":"","jetpack_publicize_feature_enabled":true,"jetpack_social_post_already_shared":true,"jetpack_social_options":{"image_generator_settings":{"template":"highway","default_image_id":0,"font":"","enabled":false},"version":2}},"categories":[14],"tags":[36,43,52,35],"class_list":["post-12514","post","type-post","status-publish","format-standard","has-post-thumbnail","hentry","category-cultura","tag-algarve","tag-cinema","tag-concerto","tag-cultura"],"yoast_head":"<!-- This site is optimized with the Yoast SEO plugin v27.5 - https:\/\/yoast.com\/product\/yoast-seo-wordpress\/ -->\n<title>Matin\u00e9 Solid\u00e1ria no CineTeatro Louletano - Algarve 7<\/title>\n<meta name=\"description\" content=\"Matin\u00e9 Solid\u00e1ria no CineTeatro Louletano Cultura\" \/>\n<meta name=\"robots\" content=\"index, follow, max-snippet:-1, max-image-preview:large, max-video-preview:-1\" \/>\n<link rel=\"canonical\" href=\"https:\/\/algarve7.pt\/index.php\/2021\/10\/matine-solidaria-no-cineteatro-louletano\/cultura\/15\/02\/\" \/>\n<meta property=\"og:locale\" content=\"pt_PT\" \/>\n<meta property=\"og:type\" content=\"article\" \/>\n<meta property=\"og:title\" content=\"Matin\u00e9 Solid\u00e1ria no CineTeatro Louletano - Algarve 7\" \/>\n<meta property=\"og:description\" content=\"Matin\u00e9 Solid\u00e1ria no CineTeatro Louletano Cultura\" \/>\n<meta property=\"og:url\" content=\"https:\/\/algarve7.pt\/index.php\/2021\/10\/matine-solidaria-no-cineteatro-louletano\/cultura\/15\/02\/\" \/>\n<meta property=\"og:site_name\" content=\"Algarve 7\" \/>\n<meta property=\"article:publisher\" content=\"https:\/\/www.facebook.com\/algarve7\" \/>\n<meta property=\"article:author\" content=\"https:\/\/www.facebook.com\/algarve7\" \/>\n<meta property=\"article:published_time\" content=\"2021-10-28T14:02:51+00:00\" \/>\n<meta property=\"article:modified_time\" content=\"2021-10-28T14:02:53+00:00\" \/>\n<meta property=\"og:image\" content=\"https:\/\/algarve7.pt\/wp-content\/uploads\/2021\/10\/247280253_4533351633449685_3922869043872151214_n.jpg\" \/>\n\t<meta property=\"og:image:width\" content=\"1200\" \/>\n\t<meta property=\"og:image:height\" content=\"628\" \/>\n\t<meta property=\"og:image:type\" content=\"image\/jpeg\" \/>\n<meta name=\"author\" content=\"Algarve 7\" \/>\n<meta name=\"twitter:card\" content=\"summary_large_image\" \/>\n<meta name=\"twitter:creator\" content=\"@Algarvesete\" \/>\n<meta name=\"twitter:site\" content=\"@Algarvesete\" \/>\n<meta name=\"twitter:label1\" content=\"Escrito por\" \/>\n\t<meta name=\"twitter:data1\" content=\"Algarve 7\" \/>\n\t<meta name=\"twitter:label2\" content=\"Tempo estimado de leitura\" \/>\n\t<meta name=\"twitter:data2\" content=\"1 minuto\" \/>\n<script type=\"application\/ld+json\" class=\"yoast-schema-graph\">{\"@context\":\"https:\\\/\\\/schema.org\",\"@graph\":[{\"@type\":\"Article\",\"@id\":\"https:\\\/\\\/algarve7.pt\\\/index.php\\\/2021\\\/10\\\/matine-solidaria-no-cineteatro-louletano\\\/cultura\\\/15\\\/02\\\/#article\",\"isPartOf\":{\"@id\":\"https:\\\/\\\/algarve7.pt\\\/index.php\\\/2021\\\/10\\\/matine-solidaria-no-cineteatro-louletano\\\/cultura\\\/15\\\/02\\\/\"},\"author\":{\"name\":\"Algarve 7\",\"@id\":\"https:\\\/\\\/algarve7.pt\\\/#\\\/schema\\\/person\\\/23fa70681308e7b319a3204bcea45e0c\"},\"headline\":\"Matin\u00e9 Solid\u00e1ria no CineTeatro Louletano\",\"datePublished\":\"2021-10-28T14:02:51+00:00\",\"dateModified\":\"2021-10-28T14:02:53+00:00\",\"mainEntityOfPage\":{\"@id\":\"https:\\\/\\\/algarve7.pt\\\/index.php\\\/2021\\\/10\\\/matine-solidaria-no-cineteatro-louletano\\\/cultura\\\/15\\\/02\\\/\"},\"wordCount\":83,\"commentCount\":0,\"publisher\":{\"@id\":\"https:\\\/\\\/algarve7.pt\\\/#organization\"},\"image\":{\"@id\":\"https:\\\/\\\/algarve7.pt\\\/index.php\\\/2021\\\/10\\\/matine-solidaria-no-cineteatro-louletano\\\/cultura\\\/15\\\/02\\\/#primaryimage\"},\"thumbnailUrl\":\"https:\\\/\\\/algarve7.pt\\\/wp-content\\\/uploads\\\/2021\\\/10\\\/247280253_4533351633449685_3922869043872151214_n.jpg\",\"keywords\":[\"Algarve\",\"Cinema\",\"Concerto\",\"Cultura\"],\"articleSection\":[\"Cultura\"],\"inLanguage\":\"pt-PT\",\"potentialAction\":[{\"@type\":\"CommentAction\",\"name\":\"Comment\",\"target\":[\"https:\\\/\\\/algarve7.pt\\\/index.php\\\/2021\\\/10\\\/matine-solidaria-no-cineteatro-louletano\\\/cultura\\\/15\\\/02\\\/#respond\"]}]},{\"@type\":\"WebPage\",\"@id\":\"https:\\\/\\\/algarve7.pt\\\/index.php\\\/2021\\\/10\\\/matine-solidaria-no-cineteatro-louletano\\\/cultura\\\/15\\\/02\\\/\",\"url\":\"https:\\\/\\\/algarve7.pt\\\/index.php\\\/2021\\\/10\\\/matine-solidaria-no-cineteatro-louletano\\\/cultura\\\/15\\\/02\\\/\",\"name\":\"Matin\u00e9 Solid\u00e1ria no CineTeatro Louletano - Algarve 7\",\"isPartOf\":{\"@id\":\"https:\\\/\\\/algarve7.pt\\\/#website\"},\"primaryImageOfPage\":{\"@id\":\"https:\\\/\\\/algarve7.pt\\\/index.php\\\/2021\\\/10\\\/matine-solidaria-no-cineteatro-louletano\\\/cultura\\\/15\\\/02\\\/#primaryimage\"},\"image\":{\"@id\":\"https:\\\/\\\/algarve7.pt\\\/index.php\\\/2021\\\/10\\\/matine-solidaria-no-cineteatro-louletano\\\/cultura\\\/15\\\/02\\\/#primaryimage\"},\"thumbnailUrl\":\"https:\\\/\\\/algarve7.pt\\\/wp-content\\\/uploads\\\/2021\\\/10\\\/247280253_4533351633449685_3922869043872151214_n.jpg\",\"datePublished\":\"2021-10-28T14:02:51+00:00\",\"dateModified\":\"2021-10-28T14:02:53+00:00\",\"description\":\"Matin\u00e9 Solid\u00e1ria no CineTeatro Louletano Cultura\",\"breadcrumb\":{\"@id\":\"https:\\\/\\\/algarve7.pt\\\/index.php\\\/2021\\\/10\\\/matine-solidaria-no-cineteatro-louletano\\\/cultura\\\/15\\\/02\\\/#breadcrumb\"},\"inLanguage\":\"pt-PT\",\"potentialAction\":[{\"@type\":\"ReadAction\",\"target\":[\"https:\\\/\\\/algarve7.pt\\\/index.php\\\/2021\\\/10\\\/matine-solidaria-no-cineteatro-louletano\\\/cultura\\\/15\\\/02\\\/\"]}]},{\"@type\":\"ImageObject\",\"inLanguage\":\"pt-PT\",\"@id\":\"https:\\\/\\\/algarve7.pt\\\/index.php\\\/2021\\\/10\\\/matine-solidaria-no-cineteatro-louletano\\\/cultura\\\/15\\\/02\\\/#primaryimage\",\"url\":\"https:\\\/\\\/algarve7.pt\\\/wp-content\\\/uploads\\\/2021\\\/10\\\/247280253_4533351633449685_3922869043872151214_n.jpg\",\"contentUrl\":\"https:\\\/\\\/algarve7.pt\\\/wp-content\\\/uploads\\\/2021\\\/10\\\/247280253_4533351633449685_3922869043872151214_n.jpg\",\"width\":1200,\"height\":628},{\"@type\":\"BreadcrumbList\",\"@id\":\"https:\\\/\\\/algarve7.pt\\\/index.php\\\/2021\\\/10\\\/matine-solidaria-no-cineteatro-louletano\\\/cultura\\\/15\\\/02\\\/#breadcrumb\",\"itemListElement\":[{\"@type\":\"ListItem\",\"position\":1,\"name\":\"In\u00edcio\",\"item\":\"https:\\\/\\\/algarve7.pt\\\/\"},{\"@type\":\"ListItem\",\"position\":2,\"name\":\"Matin\u00e9 Solid\u00e1ria no CineTeatro Louletano\"}]},{\"@type\":\"WebSite\",\"@id\":\"https:\\\/\\\/algarve7.pt\\\/#website\",\"url\":\"https:\\\/\\\/algarve7.pt\\\/\",\"name\":\"Algarve 7\",\"description\":\"Informa\u00e7\u00e3o sobre o Algarve\",\"publisher\":{\"@id\":\"https:\\\/\\\/algarve7.pt\\\/#organization\"},\"potentialAction\":[{\"@type\":\"SearchAction\",\"target\":{\"@type\":\"EntryPoint\",\"urlTemplate\":\"https:\\\/\\\/algarve7.pt\\\/?s={search_term_string}\"},\"query-input\":{\"@type\":\"PropertyValueSpecification\",\"valueRequired\":true,\"valueName\":\"search_term_string\"}}],\"inLanguage\":\"pt-PT\"},{\"@type\":\"Organization\",\"@id\":\"https:\\\/\\\/algarve7.pt\\\/#organization\",\"name\":\"Algarve 7\",\"url\":\"https:\\\/\\\/algarve7.pt\\\/\",\"logo\":{\"@type\":\"ImageObject\",\"inLanguage\":\"pt-PT\",\"@id\":\"https:\\\/\\\/algarve7.pt\\\/#\\\/schema\\\/logo\\\/image\\\/\",\"url\":\"https:\\\/\\\/algarve7.pt\\\/wp-content\\\/uploads\\\/2020\\\/10\\\/Logo-8.jpg\",\"contentUrl\":\"https:\\\/\\\/algarve7.pt\\\/wp-content\\\/uploads\\\/2020\\\/10\\\/Logo-8.jpg\",\"width\":1680,\"height\":1186,\"caption\":\"Algarve 7\"},\"image\":{\"@id\":\"https:\\\/\\\/algarve7.pt\\\/#\\\/schema\\\/logo\\\/image\\\/\"},\"sameAs\":[\"https:\\\/\\\/www.facebook.com\\\/algarve7\",\"https:\\\/\\\/x.com\\\/Algarvesete\",\"https:\\\/\\\/www.instagram.com\\\/jornalalgarve7\\\/\",\"https:\\\/\\\/www.linkedin.com\\\/company\\\/algarve7\",\"https:\\\/\\\/www.pinterest.pt\\\/geral0939\\\/_created\\\/\"]},{\"@type\":\"Person\",\"@id\":\"https:\\\/\\\/algarve7.pt\\\/#\\\/schema\\\/person\\\/23fa70681308e7b319a3204bcea45e0c\",\"name\":\"Algarve 7\",\"sameAs\":[\"https:\\\/\\\/algarve7.pt\",\"https:\\\/\\\/www.facebook.com\\\/algarve7\"],\"url\":\"https:\\\/\\\/algarve7.pt\\\/index.php\\\/author\\\/geralalgarve7-pt\\\/\"}]}<\/script>\n<!-- \/ Yoast SEO plugin. -->","yoast_head_json":{"title":"Matin\u00e9 Solid\u00e1ria no CineTeatro Louletano - Algarve 7","description":"Matin\u00e9 Solid\u00e1ria no CineTeatro Louletano Cultura","robots":{"index":"index","follow":"follow","max-snippet":"max-snippet:-1","max-image-preview":"max-image-preview:large","max-video-preview":"max-video-preview:-1"},"canonical":"https:\/\/algarve7.pt\/index.php\/2021\/10\/matine-solidaria-no-cineteatro-louletano\/cultura\/15\/02\/","og_locale":"pt_PT","og_type":"article","og_title":"Matin\u00e9 Solid\u00e1ria no CineTeatro Louletano - Algarve 7","og_description":"Matin\u00e9 Solid\u00e1ria no CineTeatro Louletano Cultura","og_url":"https:\/\/algarve7.pt\/index.php\/2021\/10\/matine-solidaria-no-cineteatro-louletano\/cultura\/15\/02\/","og_site_name":"Algarve 7","article_publisher":"https:\/\/www.facebook.com\/algarve7","article_author":"https:\/\/www.facebook.com\/algarve7","article_published_time":"2021-10-28T14:02:51+00:00","article_modified_time":"2021-10-28T14:02:53+00:00","og_image":[{"width":1200,"height":628,"url":"https:\/\/algarve7.pt\/wp-content\/uploads\/2021\/10\/247280253_4533351633449685_3922869043872151214_n.jpg","type":"image\/jpeg"}],"author":"Algarve 7","twitter_card":"summary_large_image","twitter_creator":"@Algarvesete","twitter_site":"@Algarvesete","twitter_misc":{"Escrito por":"Algarve 7","Tempo estimado de leitura":"1 minuto"},"schema":{"@context":"https:\/\/schema.org","@graph":[{"@type":"Article","@id":"https:\/\/algarve7.pt\/index.php\/2021\/10\/matine-solidaria-no-cineteatro-louletano\/cultura\/15\/02\/#article","isPartOf":{"@id":"https:\/\/algarve7.pt\/index.php\/2021\/10\/matine-solidaria-no-cineteatro-louletano\/cultura\/15\/02\/"},"author":{"name":"Algarve 7","@id":"https:\/\/algarve7.pt\/#\/schema\/person\/23fa70681308e7b319a3204bcea45e0c"},"headline":"Matin\u00e9 Solid\u00e1ria no CineTeatro Louletano","datePublished":"2021-10-28T14:02:51+00:00","dateModified":"2021-10-28T14:02:53+00:00","mainEntityOfPage":{"@id":"https:\/\/algarve7.pt\/index.php\/2021\/10\/matine-solidaria-no-cineteatro-louletano\/cultura\/15\/02\/"},"wordCount":83,"commentCount":0,"publisher":{"@id":"https:\/\/algarve7.pt\/#organization"},"image":{"@id":"https:\/\/algarve7.pt\/index.php\/2021\/10\/matine-solidaria-no-cineteatro-louletano\/cultura\/15\/02\/#primaryimage"},"thumbnailUrl":"https:\/\/algarve7.pt\/wp-content\/uploads\/2021\/10\/247280253_4533351633449685_3922869043872151214_n.jpg","keywords":["Algarve","Cinema","Concerto","Cultura"],"articleSection":["Cultura"],"inLanguage":"pt-PT","potentialAction":[{"@type":"CommentAction","name":"Comment","target":["https:\/\/algarve7.pt\/index.php\/2021\/10\/matine-solidaria-no-cineteatro-louletano\/cultura\/15\/02\/#respond"]}]},{"@type":"WebPage","@id":"https:\/\/algarve7.pt\/index.php\/2021\/10\/matine-solidaria-no-cineteatro-louletano\/cultura\/15\/02\/","url":"https:\/\/algarve7.pt\/index.php\/2021\/10\/matine-solidaria-no-cineteatro-louletano\/cultura\/15\/02\/","name":"Matin\u00e9 Solid\u00e1ria no CineTeatro Louletano - Algarve 7","isPartOf":{"@id":"https:\/\/algarve7.pt\/#website"},"primaryImageOfPage":{"@id":"https:\/\/algarve7.pt\/index.php\/2021\/10\/matine-solidaria-no-cineteatro-louletano\/cultura\/15\/02\/#primaryimage"},"image":{"@id":"https:\/\/algarve7.pt\/index.php\/2021\/10\/matine-solidaria-no-cineteatro-louletano\/cultura\/15\/02\/#primaryimage"},"thumbnailUrl":"https:\/\/algarve7.pt\/wp-content\/uploads\/2021\/10\/247280253_4533351633449685_3922869043872151214_n.jpg","datePublished":"2021-10-28T14:02:51+00:00","dateModified":"2021-10-28T14:02:53+00:00","description":"Matin\u00e9 Solid\u00e1ria no CineTeatro Louletano Cultura","breadcrumb":{"@id":"https:\/\/algarve7.pt\/index.php\/2021\/10\/matine-solidaria-no-cineteatro-louletano\/cultura\/15\/02\/#breadcrumb"},"inLanguage":"pt-PT","potentialAction":[{"@type":"ReadAction","target":["https:\/\/algarve7.pt\/index.php\/2021\/10\/matine-solidaria-no-cineteatro-louletano\/cultura\/15\/02\/"]}]},{"@type":"ImageObject","inLanguage":"pt-PT","@id":"https:\/\/algarve7.pt\/index.php\/2021\/10\/matine-solidaria-no-cineteatro-louletano\/cultura\/15\/02\/#primaryimage","url":"https:\/\/algarve7.pt\/wp-content\/uploads\/2021\/10\/247280253_4533351633449685_3922869043872151214_n.jpg","contentUrl":"https:\/\/algarve7.pt\/wp-content\/uploads\/2021\/10\/247280253_4533351633449685_3922869043872151214_n.jpg","width":1200,"height":628},{"@type":"BreadcrumbList","@id":"https:\/\/algarve7.pt\/index.php\/2021\/10\/matine-solidaria-no-cineteatro-louletano\/cultura\/15\/02\/#breadcrumb","itemListElement":[{"@type":"ListItem","position":1,"name":"In\u00edcio","item":"https:\/\/algarve7.pt\/"},{"@type":"ListItem","position":2,"name":"Matin\u00e9 Solid\u00e1ria no CineTeatro Louletano"}]},{"@type":"WebSite","@id":"https:\/\/algarve7.pt\/#website","url":"https:\/\/algarve7.pt\/","name":"Algarve 7","description":"Informa\u00e7\u00e3o sobre o Algarve","publisher":{"@id":"https:\/\/algarve7.pt\/#organization"},"potentialAction":[{"@type":"SearchAction","target":{"@type":"EntryPoint","urlTemplate":"https:\/\/algarve7.pt\/?s={search_term_string}"},"query-input":{"@type":"PropertyValueSpecification","valueRequired":true,"valueName":"search_term_string"}}],"inLanguage":"pt-PT"},{"@type":"Organization","@id":"https:\/\/algarve7.pt\/#organization","name":"Algarve 7","url":"https:\/\/algarve7.pt\/","logo":{"@type":"ImageObject","inLanguage":"pt-PT","@id":"https:\/\/algarve7.pt\/#\/schema\/logo\/image\/","url":"https:\/\/algarve7.pt\/wp-content\/uploads\/2020\/10\/Logo-8.jpg","contentUrl":"https:\/\/algarve7.pt\/wp-content\/uploads\/2020\/10\/Logo-8.jpg","width":1680,"height":1186,"caption":"Algarve 7"},"image":{"@id":"https:\/\/algarve7.pt\/#\/schema\/logo\/image\/"},"sameAs":["https:\/\/www.facebook.com\/algarve7","https:\/\/x.com\/Algarvesete","https:\/\/www.instagram.com\/jornalalgarve7\/","https:\/\/www.linkedin.com\/company\/algarve7","https:\/\/www.pinterest.pt\/geral0939\/_created\/"]},{"@type":"Person","@id":"https:\/\/algarve7.pt\/#\/schema\/person\/23fa70681308e7b319a3204bcea45e0c","name":"Algarve 7","sameAs":["https:\/\/algarve7.pt","https:\/\/www.facebook.com\/algarve7"],"url":"https:\/\/algarve7.pt\/index.php\/author\/geralalgarve7-pt\/"}]}},"jetpack_publicize_connections":[],"jetpack_featured_media_url":"https:\/\/algarve7.pt\/wp-content\/uploads\/2021\/10\/247280253_4533351633449685_3922869043872151214_n.jpg","jetpack_shortlink":"https:\/\/wp.me\/pcezmW-3fQ","jetpack_sharing_enabled":true,"_links":{"self":[{"href":"https:\/\/algarve7.pt\/index.php\/wp-json\/wp\/v2\/posts\/12514","targetHints":{"allow":["GET"]}}],"collection":[{"href":"https:\/\/algarve7.pt\/index.php\/wp-json\/wp\/v2\/posts"}],"about":[{"href":"https:\/\/algarve7.pt\/index.php\/wp-json\/wp\/v2\/types\/post"}],"author":[{"embeddable":true,"href":"https:\/\/algarve7.pt\/index.php\/wp-json\/wp\/v2\/users\/1"}],"replies":[{"embeddable":true,"href":"https:\/\/algarve7.pt\/index.php\/wp-json\/wp\/v2\/comments?post=12514"}],"version-history":[{"count":0,"href":"https:\/\/algarve7.pt\/index.php\/wp-json\/wp\/v2\/posts\/12514\/revisions"}],"wp:featuredmedia":[{"embeddable":true,"href":"https:\/\/algarve7.pt\/index.php\/wp-json\/wp\/v2\/media\/12515"}],"wp:attachment":[{"href":"https:\/\/algarve7.pt\/index.php\/wp-json\/wp\/v2\/media?parent=12514"}],"wp:term":[{"taxonomy":"category","embeddable":true,"href":"https:\/\/algarve7.pt\/index.php\/wp-json\/wp\/v2\/categories?post=12514"},{"taxonomy":"post_tag","embeddable":true,"href":"https:\/\/algarve7.pt\/index.php\/wp-json\/wp\/v2\/tags?post=12514"}],"curies":[{"name":"wp","href":"https:\/\/api.w.org\/{rel}","templated":true}]}}