{"id":12479,"date":"2021-10-27T18:19:12","date_gmt":"2021-10-27T17:19:12","guid":{"rendered":"https:\/\/algarve7.pt\/?p=12479"},"modified":"2021-10-27T18:19:14","modified_gmt":"2021-10-27T17:19:14","slug":"iniciativa-leva-leguminosas-do-campo-a-mesa-em-benafim-e-alte","status":"publish","type":"post","link":"https:\/\/algarve7.pt\/index.php\/2021\/10\/iniciativa-leva-leguminosas-do-campo-a-mesa-em-benafim-e-alte\/atualidade\/18\/19\/","title":{"rendered":"Iniciativa leva leguminosas \u201cdo campo \u00e0 mesa\u201d em Benafim e Alte"},"content":{"rendered":"\n<p>No pr\u00f3ximo dia 30 de outubro, vai realizar-se em Benafim e Alte um programa centrado no cultivo e utiliza\u00e7\u00e3o gastron\u00f3mica de leguminosas, com especial enfoque no gr\u00e3o-de-bico. Esta iniciativa pretende dar continuidade a um conjunto de a\u00e7\u00f5es que t\u00eam sido promovidas, para informar e sensibilizar os cidad\u00e3os para as qualidades e potencialidades de utiliza\u00e7\u00e3o dos produtos cultivados no concelho de Loul\u00e9 e na regi\u00e3o do Algarve, que integram a dieta mediterr\u00e2nica.<\/p>\n\n\n\n<p>\u00c0s 10h00, inicia-se uma visita t\u00e9cnica na Quinta do Freixo sobre o \u201ccultivo de leguminosas\u201d tendo como anfitri\u00e3 Concei\u00e7\u00e3o Cabral e Silva, engenheira agr\u00f3noma respons\u00e1vel pela propriedade agrotur\u00edstica. De seguida, \u00e0s 12h00, ter\u00e1 lugar no restaurante \u201cRosmaninho\u201d, nas Sarnadas, freguesia de Alte, uma conversa sobre \u201cleguminosas na mesa serrana\u201d com a participa\u00e7\u00e3o de Fernanda Martins, Alexandra Santos, Ant\u00f3nio Jos\u00e9 Martins e Concei\u00e7\u00e3o Cabral e Silva. Para al\u00e9m da aquisi\u00e7\u00e3o de conhecimentos, os interessados poder\u00e3o ainda explorar os sabores de um jantar de gr\u00e3o, confecionado com os saberes da cozinha serrana, inscrevendo-se tamb\u00e9m no almo\u00e7o que faz pare desta iniciativa.&nbsp;<\/p>\n\n\n\n<p>Dado o seu enorme valor e qualidades nutricionais, as leguminosas n\u00e3o devem cair no esquecimento, pelo que importa incentivar e procurar viabilizar a sua produ\u00e7\u00e3o.<\/p>\n\n\n\n<p>Depois do encontro realizado na Nave do Bar\u00e3o, no passado s\u00e1bado, sobre o \u201cprocessamento da uva passa \u2013 a uva para al\u00e9m do vinho\u201d, esta \u00e9 mais uma iniciativa no \u00e2mbito de um projeto financiado pelo CRESC ALGARVE 2020, enquadrado no PADRE &#8211; Plano de A\u00e7\u00e3o de Desenvolvimento dos Recursos End\u00f3genos, que o Munic\u00edpio de Loul\u00e9 est\u00e1 a desenvolver, , e que se inscreve no VITALIZAR &#8211; Produtos e Recursos do Territ\u00f3rio, projeto para valoriza\u00e7\u00e3o e promo\u00e7\u00e3o de produtos locais, da gastronomia, tradi\u00e7\u00e3o e arte.<\/p>\n\n\n\n<p>Para informa\u00e7\u00f5es e inscri\u00e7\u00f5es, os interessados poder\u00e3o contactar, at\u00e9 dia 28 de outubro, a Divis\u00e3o de Economia Local Com\u00e9rcio e Turismo da C\u00e2mara Municipal de Loul\u00e9, atrav\u00e9s de:\u00a0<a href=\"mailto:gae@cm-loule.pt\" target=\"_blank\" rel=\"noreferrer noopener\">gae@cm-loule.pt<\/a>, ou telefone 289 400 829.<\/p>\n\n\n\n<div class=\"wp-block-image is-style-default\"><figure class=\"aligncenter size-large is-resized\"><img loading=\"lazy\" decoding=\"async\" src=\"https:\/\/algarve7.pt\/wp-content\/uploads\/2021\/10\/cartaz-leguminosas-724x1024.jpg\" alt=\"\" class=\"wp-image-12481\" width=\"399\" height=\"565\" srcset=\"https:\/\/algarve7.pt\/wp-content\/uploads\/2021\/10\/cartaz-leguminosas-724x1024.jpg 724w, https:\/\/algarve7.pt\/wp-content\/uploads\/2021\/10\/cartaz-leguminosas-212x300.jpg 212w, https:\/\/algarve7.pt\/wp-content\/uploads\/2021\/10\/cartaz-leguminosas-768x1086.jpg 768w, https:\/\/algarve7.pt\/wp-content\/uploads\/2021\/10\/cartaz-leguminosas-1086x1536.jpg 1086w, https:\/\/algarve7.pt\/wp-content\/uploads\/2021\/10\/cartaz-leguminosas.jpg 1358w\" sizes=\"auto, (max-width: 399px) 100vw, 399px\" \/><\/figure><\/div>\n","protected":false},"excerpt":{"rendered":"<p>No pr\u00f3ximo dia 30 de outubro, vai realizar-se em Benafim e Alte um programa centrado no cultivo e utiliza\u00e7\u00e3o gastron\u00f3mica<\/p>\n","protected":false},"author":1,"featured_media":12480,"comment_status":"open","ping_status":"open","sticky":false,"template":"","format":"standard","meta":{"colormag_page_container_layout":"default_layout","colormag_page_sidebar_layout":"default_layout","_monsterinsights_skip_tracking":false,"_monsterinsights_sitenote_active":false,"_monsterinsights_sitenote_note":"","_monsterinsights_sitenote_category":0,"jetpack_post_was_ever_published":false,"_jetpack_newsletter_access":"","_jetpack_dont_email_post_to_subs":false,"_jetpack_newsletter_tier_id":0,"_jetpack_memberships_contains_paywalled_content":false,"_jetpack_memberships_contains_paid_content":false,"footnotes":"","jetpack_publicize_message":"","jetpack_publicize_feature_enabled":true,"jetpack_social_post_already_shared":true,"jetpack_social_options":{"image_generator_settings":{"template":"highway","default_image_id":0,"font":"","enabled":false},"version":2}},"categories":[11],"tags":[487,36,124,62,486,31],"class_list":["post-12479","post","type-post","status-publish","format-standard","has-post-thumbnail","hentry","category-atualidade","tag-do-campo-a-mesa-em-benafim-e-alte","tag-algarve","tag-alte","tag-atualidade","tag-benafim","tag-loule"],"yoast_head":"<!-- This site is optimized with the Yoast SEO plugin v27.5 - https:\/\/yoast.com\/product\/yoast-seo-wordpress\/ -->\n<title>Iniciativa leva leguminosas \u201cdo campo \u00e0 mesa\u201d em Benafim e Alte - Algarve 7<\/title>\n<meta name=\"description\" content=\"Iniciativa leva leguminosas \u201cdo campo \u00e0 mesa\u201d em Benafim e Alte Atualidade\" \/>\n<meta name=\"robots\" content=\"index, follow, max-snippet:-1, max-image-preview:large, max-video-preview:-1\" \/>\n<link rel=\"canonical\" href=\"https:\/\/algarve7.pt\/index.php\/2021\/10\/iniciativa-leva-leguminosas-do-campo-a-mesa-em-benafim-e-alte\/atualidade\/18\/19\/\" \/>\n<meta property=\"og:locale\" content=\"pt_PT\" \/>\n<meta property=\"og:type\" content=\"article\" \/>\n<meta property=\"og:title\" content=\"Iniciativa leva leguminosas \u201cdo campo \u00e0 mesa\u201d em Benafim e Alte - Algarve 7\" \/>\n<meta property=\"og:description\" content=\"Iniciativa leva leguminosas \u201cdo campo \u00e0 mesa\u201d em Benafim e Alte Atualidade\" \/>\n<meta property=\"og:url\" content=\"https:\/\/algarve7.pt\/index.php\/2021\/10\/iniciativa-leva-leguminosas-do-campo-a-mesa-em-benafim-e-alte\/atualidade\/18\/19\/\" \/>\n<meta property=\"og:site_name\" content=\"Algarve 7\" \/>\n<meta property=\"article:publisher\" content=\"https:\/\/www.facebook.com\/algarve7\" \/>\n<meta property=\"article:author\" content=\"https:\/\/www.facebook.com\/algarve7\" \/>\n<meta property=\"article:published_time\" content=\"2021-10-27T17:19:12+00:00\" \/>\n<meta property=\"article:modified_time\" content=\"2021-10-27T17:19:14+00:00\" \/>\n<meta property=\"og:image\" content=\"https:\/\/algarve7.pt\/wp-content\/uploads\/2021\/10\/Captura-de-ecra-2021-10-27-as-18.15.29.png\" \/>\n\t<meta property=\"og:image:width\" content=\"1920\" \/>\n\t<meta property=\"og:image:height\" content=\"1029\" \/>\n\t<meta property=\"og:image:type\" content=\"image\/png\" \/>\n<meta name=\"author\" content=\"Algarve 7\" \/>\n<meta name=\"twitter:card\" content=\"summary_large_image\" \/>\n<meta name=\"twitter:creator\" content=\"@Algarvesete\" \/>\n<meta name=\"twitter:site\" content=\"@Algarvesete\" \/>\n<meta name=\"twitter:label1\" content=\"Escrito por\" \/>\n\t<meta name=\"twitter:data1\" content=\"Algarve 7\" \/>\n\t<meta name=\"twitter:label2\" content=\"Tempo estimado de leitura\" \/>\n\t<meta name=\"twitter:data2\" content=\"2 minutos\" \/>\n<script type=\"application\/ld+json\" class=\"yoast-schema-graph\">{\"@context\":\"https:\\\/\\\/schema.org\",\"@graph\":[{\"@type\":\"Article\",\"@id\":\"https:\\\/\\\/algarve7.pt\\\/index.php\\\/2021\\\/10\\\/iniciativa-leva-leguminosas-do-campo-a-mesa-em-benafim-e-alte\\\/atualidade\\\/18\\\/19\\\/#article\",\"isPartOf\":{\"@id\":\"https:\\\/\\\/algarve7.pt\\\/index.php\\\/2021\\\/10\\\/iniciativa-leva-leguminosas-do-campo-a-mesa-em-benafim-e-alte\\\/atualidade\\\/18\\\/19\\\/\"},\"author\":{\"name\":\"Algarve 7\",\"@id\":\"https:\\\/\\\/algarve7.pt\\\/#\\\/schema\\\/person\\\/23fa70681308e7b319a3204bcea45e0c\"},\"headline\":\"Iniciativa leva leguminosas \u201cdo campo \u00e0 mesa\u201d em Benafim e Alte\",\"datePublished\":\"2021-10-27T17:19:12+00:00\",\"dateModified\":\"2021-10-27T17:19:14+00:00\",\"mainEntityOfPage\":{\"@id\":\"https:\\\/\\\/algarve7.pt\\\/index.php\\\/2021\\\/10\\\/iniciativa-leva-leguminosas-do-campo-a-mesa-em-benafim-e-alte\\\/atualidade\\\/18\\\/19\\\/\"},\"wordCount\":361,\"commentCount\":0,\"publisher\":{\"@id\":\"https:\\\/\\\/algarve7.pt\\\/#organization\"},\"image\":{\"@id\":\"https:\\\/\\\/algarve7.pt\\\/index.php\\\/2021\\\/10\\\/iniciativa-leva-leguminosas-do-campo-a-mesa-em-benafim-e-alte\\\/atualidade\\\/18\\\/19\\\/#primaryimage\"},\"thumbnailUrl\":\"https:\\\/\\\/algarve7.pt\\\/wp-content\\\/uploads\\\/2021\\\/10\\\/Captura-de-ecra-2021-10-27-as-18.15.29.png\",\"keywords\":[\"\u201cdo campo \u00e0 mesa\u201d em Benafim e Alte\",\"Algarve\",\"Alte\",\"Atualidade\",\"Benafim\",\"Loul\u00e9\"],\"articleSection\":[\"Atualidade\"],\"inLanguage\":\"pt-PT\",\"potentialAction\":[{\"@type\":\"CommentAction\",\"name\":\"Comment\",\"target\":[\"https:\\\/\\\/algarve7.pt\\\/index.php\\\/2021\\\/10\\\/iniciativa-leva-leguminosas-do-campo-a-mesa-em-benafim-e-alte\\\/atualidade\\\/18\\\/19\\\/#respond\"]}]},{\"@type\":\"WebPage\",\"@id\":\"https:\\\/\\\/algarve7.pt\\\/index.php\\\/2021\\\/10\\\/iniciativa-leva-leguminosas-do-campo-a-mesa-em-benafim-e-alte\\\/atualidade\\\/18\\\/19\\\/\",\"url\":\"https:\\\/\\\/algarve7.pt\\\/index.php\\\/2021\\\/10\\\/iniciativa-leva-leguminosas-do-campo-a-mesa-em-benafim-e-alte\\\/atualidade\\\/18\\\/19\\\/\",\"name\":\"Iniciativa leva leguminosas \u201cdo campo \u00e0 mesa\u201d em Benafim e Alte - Algarve 7\",\"isPartOf\":{\"@id\":\"https:\\\/\\\/algarve7.pt\\\/#website\"},\"primaryImageOfPage\":{\"@id\":\"https:\\\/\\\/algarve7.pt\\\/index.php\\\/2021\\\/10\\\/iniciativa-leva-leguminosas-do-campo-a-mesa-em-benafim-e-alte\\\/atualidade\\\/18\\\/19\\\/#primaryimage\"},\"image\":{\"@id\":\"https:\\\/\\\/algarve7.pt\\\/index.php\\\/2021\\\/10\\\/iniciativa-leva-leguminosas-do-campo-a-mesa-em-benafim-e-alte\\\/atualidade\\\/18\\\/19\\\/#primaryimage\"},\"thumbnailUrl\":\"https:\\\/\\\/algarve7.pt\\\/wp-content\\\/uploads\\\/2021\\\/10\\\/Captura-de-ecra-2021-10-27-as-18.15.29.png\",\"datePublished\":\"2021-10-27T17:19:12+00:00\",\"dateModified\":\"2021-10-27T17:19:14+00:00\",\"description\":\"Iniciativa leva leguminosas \u201cdo campo \u00e0 mesa\u201d em Benafim e Alte Atualidade\",\"breadcrumb\":{\"@id\":\"https:\\\/\\\/algarve7.pt\\\/index.php\\\/2021\\\/10\\\/iniciativa-leva-leguminosas-do-campo-a-mesa-em-benafim-e-alte\\\/atualidade\\\/18\\\/19\\\/#breadcrumb\"},\"inLanguage\":\"pt-PT\",\"potentialAction\":[{\"@type\":\"ReadAction\",\"target\":[\"https:\\\/\\\/algarve7.pt\\\/index.php\\\/2021\\\/10\\\/iniciativa-leva-leguminosas-do-campo-a-mesa-em-benafim-e-alte\\\/atualidade\\\/18\\\/19\\\/\"]}]},{\"@type\":\"ImageObject\",\"inLanguage\":\"pt-PT\",\"@id\":\"https:\\\/\\\/algarve7.pt\\\/index.php\\\/2021\\\/10\\\/iniciativa-leva-leguminosas-do-campo-a-mesa-em-benafim-e-alte\\\/atualidade\\\/18\\\/19\\\/#primaryimage\",\"url\":\"https:\\\/\\\/algarve7.pt\\\/wp-content\\\/uploads\\\/2021\\\/10\\\/Captura-de-ecra-2021-10-27-as-18.15.29.png\",\"contentUrl\":\"https:\\\/\\\/algarve7.pt\\\/wp-content\\\/uploads\\\/2021\\\/10\\\/Captura-de-ecra-2021-10-27-as-18.15.29.png\",\"width\":1920,\"height\":1029},{\"@type\":\"BreadcrumbList\",\"@id\":\"https:\\\/\\\/algarve7.pt\\\/index.php\\\/2021\\\/10\\\/iniciativa-leva-leguminosas-do-campo-a-mesa-em-benafim-e-alte\\\/atualidade\\\/18\\\/19\\\/#breadcrumb\",\"itemListElement\":[{\"@type\":\"ListItem\",\"position\":1,\"name\":\"In\u00edcio\",\"item\":\"https:\\\/\\\/algarve7.pt\\\/\"},{\"@type\":\"ListItem\",\"position\":2,\"name\":\"Iniciativa leva leguminosas \u201cdo campo \u00e0 mesa\u201d em Benafim e Alte\"}]},{\"@type\":\"WebSite\",\"@id\":\"https:\\\/\\\/algarve7.pt\\\/#website\",\"url\":\"https:\\\/\\\/algarve7.pt\\\/\",\"name\":\"Algarve 7\",\"description\":\"Informa\u00e7\u00e3o sobre o Algarve\",\"publisher\":{\"@id\":\"https:\\\/\\\/algarve7.pt\\\/#organization\"},\"potentialAction\":[{\"@type\":\"SearchAction\",\"target\":{\"@type\":\"EntryPoint\",\"urlTemplate\":\"https:\\\/\\\/algarve7.pt\\\/?s={search_term_string}\"},\"query-input\":{\"@type\":\"PropertyValueSpecification\",\"valueRequired\":true,\"valueName\":\"search_term_string\"}}],\"inLanguage\":\"pt-PT\"},{\"@type\":\"Organization\",\"@id\":\"https:\\\/\\\/algarve7.pt\\\/#organization\",\"name\":\"Algarve 7\",\"url\":\"https:\\\/\\\/algarve7.pt\\\/\",\"logo\":{\"@type\":\"ImageObject\",\"inLanguage\":\"pt-PT\",\"@id\":\"https:\\\/\\\/algarve7.pt\\\/#\\\/schema\\\/logo\\\/image\\\/\",\"url\":\"https:\\\/\\\/algarve7.pt\\\/wp-content\\\/uploads\\\/2020\\\/10\\\/Logo-8.jpg\",\"contentUrl\":\"https:\\\/\\\/algarve7.pt\\\/wp-content\\\/uploads\\\/2020\\\/10\\\/Logo-8.jpg\",\"width\":1680,\"height\":1186,\"caption\":\"Algarve 7\"},\"image\":{\"@id\":\"https:\\\/\\\/algarve7.pt\\\/#\\\/schema\\\/logo\\\/image\\\/\"},\"sameAs\":[\"https:\\\/\\\/www.facebook.com\\\/algarve7\",\"https:\\\/\\\/x.com\\\/Algarvesete\",\"https:\\\/\\\/www.instagram.com\\\/jornalalgarve7\\\/\",\"https:\\\/\\\/www.linkedin.com\\\/company\\\/algarve7\",\"https:\\\/\\\/www.pinterest.pt\\\/geral0939\\\/_created\\\/\"]},{\"@type\":\"Person\",\"@id\":\"https:\\\/\\\/algarve7.pt\\\/#\\\/schema\\\/person\\\/23fa70681308e7b319a3204bcea45e0c\",\"name\":\"Algarve 7\",\"sameAs\":[\"https:\\\/\\\/algarve7.pt\",\"https:\\\/\\\/www.facebook.com\\\/algarve7\"],\"url\":\"https:\\\/\\\/algarve7.pt\\\/index.php\\\/author\\\/geralalgarve7-pt\\\/\"}]}<\/script>\n<!-- \/ Yoast SEO plugin. -->","yoast_head_json":{"title":"Iniciativa leva leguminosas \u201cdo campo \u00e0 mesa\u201d em Benafim e Alte - Algarve 7","description":"Iniciativa leva leguminosas \u201cdo campo \u00e0 mesa\u201d em Benafim e Alte Atualidade","robots":{"index":"index","follow":"follow","max-snippet":"max-snippet:-1","max-image-preview":"max-image-preview:large","max-video-preview":"max-video-preview:-1"},"canonical":"https:\/\/algarve7.pt\/index.php\/2021\/10\/iniciativa-leva-leguminosas-do-campo-a-mesa-em-benafim-e-alte\/atualidade\/18\/19\/","og_locale":"pt_PT","og_type":"article","og_title":"Iniciativa leva leguminosas \u201cdo campo \u00e0 mesa\u201d em Benafim e Alte - Algarve 7","og_description":"Iniciativa leva leguminosas \u201cdo campo \u00e0 mesa\u201d em Benafim e Alte Atualidade","og_url":"https:\/\/algarve7.pt\/index.php\/2021\/10\/iniciativa-leva-leguminosas-do-campo-a-mesa-em-benafim-e-alte\/atualidade\/18\/19\/","og_site_name":"Algarve 7","article_publisher":"https:\/\/www.facebook.com\/algarve7","article_author":"https:\/\/www.facebook.com\/algarve7","article_published_time":"2021-10-27T17:19:12+00:00","article_modified_time":"2021-10-27T17:19:14+00:00","og_image":[{"width":1920,"height":1029,"url":"https:\/\/algarve7.pt\/wp-content\/uploads\/2021\/10\/Captura-de-ecra-2021-10-27-as-18.15.29.png","type":"image\/png"}],"author":"Algarve 7","twitter_card":"summary_large_image","twitter_creator":"@Algarvesete","twitter_site":"@Algarvesete","twitter_misc":{"Escrito por":"Algarve 7","Tempo estimado de leitura":"2 minutos"},"schema":{"@context":"https:\/\/schema.org","@graph":[{"@type":"Article","@id":"https:\/\/algarve7.pt\/index.php\/2021\/10\/iniciativa-leva-leguminosas-do-campo-a-mesa-em-benafim-e-alte\/atualidade\/18\/19\/#article","isPartOf":{"@id":"https:\/\/algarve7.pt\/index.php\/2021\/10\/iniciativa-leva-leguminosas-do-campo-a-mesa-em-benafim-e-alte\/atualidade\/18\/19\/"},"author":{"name":"Algarve 7","@id":"https:\/\/algarve7.pt\/#\/schema\/person\/23fa70681308e7b319a3204bcea45e0c"},"headline":"Iniciativa leva leguminosas \u201cdo campo \u00e0 mesa\u201d em Benafim e Alte","datePublished":"2021-10-27T17:19:12+00:00","dateModified":"2021-10-27T17:19:14+00:00","mainEntityOfPage":{"@id":"https:\/\/algarve7.pt\/index.php\/2021\/10\/iniciativa-leva-leguminosas-do-campo-a-mesa-em-benafim-e-alte\/atualidade\/18\/19\/"},"wordCount":361,"commentCount":0,"publisher":{"@id":"https:\/\/algarve7.pt\/#organization"},"image":{"@id":"https:\/\/algarve7.pt\/index.php\/2021\/10\/iniciativa-leva-leguminosas-do-campo-a-mesa-em-benafim-e-alte\/atualidade\/18\/19\/#primaryimage"},"thumbnailUrl":"https:\/\/algarve7.pt\/wp-content\/uploads\/2021\/10\/Captura-de-ecra-2021-10-27-as-18.15.29.png","keywords":["\u201cdo campo \u00e0 mesa\u201d em Benafim e Alte","Algarve","Alte","Atualidade","Benafim","Loul\u00e9"],"articleSection":["Atualidade"],"inLanguage":"pt-PT","potentialAction":[{"@type":"CommentAction","name":"Comment","target":["https:\/\/algarve7.pt\/index.php\/2021\/10\/iniciativa-leva-leguminosas-do-campo-a-mesa-em-benafim-e-alte\/atualidade\/18\/19\/#respond"]}]},{"@type":"WebPage","@id":"https:\/\/algarve7.pt\/index.php\/2021\/10\/iniciativa-leva-leguminosas-do-campo-a-mesa-em-benafim-e-alte\/atualidade\/18\/19\/","url":"https:\/\/algarve7.pt\/index.php\/2021\/10\/iniciativa-leva-leguminosas-do-campo-a-mesa-em-benafim-e-alte\/atualidade\/18\/19\/","name":"Iniciativa leva leguminosas \u201cdo campo \u00e0 mesa\u201d em Benafim e Alte - Algarve 7","isPartOf":{"@id":"https:\/\/algarve7.pt\/#website"},"primaryImageOfPage":{"@id":"https:\/\/algarve7.pt\/index.php\/2021\/10\/iniciativa-leva-leguminosas-do-campo-a-mesa-em-benafim-e-alte\/atualidade\/18\/19\/#primaryimage"},"image":{"@id":"https:\/\/algarve7.pt\/index.php\/2021\/10\/iniciativa-leva-leguminosas-do-campo-a-mesa-em-benafim-e-alte\/atualidade\/18\/19\/#primaryimage"},"thumbnailUrl":"https:\/\/algarve7.pt\/wp-content\/uploads\/2021\/10\/Captura-de-ecra-2021-10-27-as-18.15.29.png","datePublished":"2021-10-27T17:19:12+00:00","dateModified":"2021-10-27T17:19:14+00:00","description":"Iniciativa leva leguminosas \u201cdo campo \u00e0 mesa\u201d em Benafim e Alte Atualidade","breadcrumb":{"@id":"https:\/\/algarve7.pt\/index.php\/2021\/10\/iniciativa-leva-leguminosas-do-campo-a-mesa-em-benafim-e-alte\/atualidade\/18\/19\/#breadcrumb"},"inLanguage":"pt-PT","potentialAction":[{"@type":"ReadAction","target":["https:\/\/algarve7.pt\/index.php\/2021\/10\/iniciativa-leva-leguminosas-do-campo-a-mesa-em-benafim-e-alte\/atualidade\/18\/19\/"]}]},{"@type":"ImageObject","inLanguage":"pt-PT","@id":"https:\/\/algarve7.pt\/index.php\/2021\/10\/iniciativa-leva-leguminosas-do-campo-a-mesa-em-benafim-e-alte\/atualidade\/18\/19\/#primaryimage","url":"https:\/\/algarve7.pt\/wp-content\/uploads\/2021\/10\/Captura-de-ecra-2021-10-27-as-18.15.29.png","contentUrl":"https:\/\/algarve7.pt\/wp-content\/uploads\/2021\/10\/Captura-de-ecra-2021-10-27-as-18.15.29.png","width":1920,"height":1029},{"@type":"BreadcrumbList","@id":"https:\/\/algarve7.pt\/index.php\/2021\/10\/iniciativa-leva-leguminosas-do-campo-a-mesa-em-benafim-e-alte\/atualidade\/18\/19\/#breadcrumb","itemListElement":[{"@type":"ListItem","position":1,"name":"In\u00edcio","item":"https:\/\/algarve7.pt\/"},{"@type":"ListItem","position":2,"name":"Iniciativa leva leguminosas \u201cdo campo \u00e0 mesa\u201d em Benafim e Alte"}]},{"@type":"WebSite","@id":"https:\/\/algarve7.pt\/#website","url":"https:\/\/algarve7.pt\/","name":"Algarve 7","description":"Informa\u00e7\u00e3o sobre o Algarve","publisher":{"@id":"https:\/\/algarve7.pt\/#organization"},"potentialAction":[{"@type":"SearchAction","target":{"@type":"EntryPoint","urlTemplate":"https:\/\/algarve7.pt\/?s={search_term_string}"},"query-input":{"@type":"PropertyValueSpecification","valueRequired":true,"valueName":"search_term_string"}}],"inLanguage":"pt-PT"},{"@type":"Organization","@id":"https:\/\/algarve7.pt\/#organization","name":"Algarve 7","url":"https:\/\/algarve7.pt\/","logo":{"@type":"ImageObject","inLanguage":"pt-PT","@id":"https:\/\/algarve7.pt\/#\/schema\/logo\/image\/","url":"https:\/\/algarve7.pt\/wp-content\/uploads\/2020\/10\/Logo-8.jpg","contentUrl":"https:\/\/algarve7.pt\/wp-content\/uploads\/2020\/10\/Logo-8.jpg","width":1680,"height":1186,"caption":"Algarve 7"},"image":{"@id":"https:\/\/algarve7.pt\/#\/schema\/logo\/image\/"},"sameAs":["https:\/\/www.facebook.com\/algarve7","https:\/\/x.com\/Algarvesete","https:\/\/www.instagram.com\/jornalalgarve7\/","https:\/\/www.linkedin.com\/company\/algarve7","https:\/\/www.pinterest.pt\/geral0939\/_created\/"]},{"@type":"Person","@id":"https:\/\/algarve7.pt\/#\/schema\/person\/23fa70681308e7b319a3204bcea45e0c","name":"Algarve 7","sameAs":["https:\/\/algarve7.pt","https:\/\/www.facebook.com\/algarve7"],"url":"https:\/\/algarve7.pt\/index.php\/author\/geralalgarve7-pt\/"}]}},"jetpack_publicize_connections":[],"jetpack_featured_media_url":"https:\/\/algarve7.pt\/wp-content\/uploads\/2021\/10\/Captura-de-ecra-2021-10-27-as-18.15.29.png","jetpack_shortlink":"https:\/\/wp.me\/pcezmW-3fh","jetpack_sharing_enabled":true,"_links":{"self":[{"href":"https:\/\/algarve7.pt\/index.php\/wp-json\/wp\/v2\/posts\/12479","targetHints":{"allow":["GET"]}}],"collection":[{"href":"https:\/\/algarve7.pt\/index.php\/wp-json\/wp\/v2\/posts"}],"about":[{"href":"https:\/\/algarve7.pt\/index.php\/wp-json\/wp\/v2\/types\/post"}],"author":[{"embeddable":true,"href":"https:\/\/algarve7.pt\/index.php\/wp-json\/wp\/v2\/users\/1"}],"replies":[{"embeddable":true,"href":"https:\/\/algarve7.pt\/index.php\/wp-json\/wp\/v2\/comments?post=12479"}],"version-history":[{"count":0,"href":"https:\/\/algarve7.pt\/index.php\/wp-json\/wp\/v2\/posts\/12479\/revisions"}],"wp:featuredmedia":[{"embeddable":true,"href":"https:\/\/algarve7.pt\/index.php\/wp-json\/wp\/v2\/media\/12480"}],"wp:attachment":[{"href":"https:\/\/algarve7.pt\/index.php\/wp-json\/wp\/v2\/media?parent=12479"}],"wp:term":[{"taxonomy":"category","embeddable":true,"href":"https:\/\/algarve7.pt\/index.php\/wp-json\/wp\/v2\/categories?post=12479"},{"taxonomy":"post_tag","embeddable":true,"href":"https:\/\/algarve7.pt\/index.php\/wp-json\/wp\/v2\/tags?post=12479"}],"curies":[{"name":"wp","href":"https:\/\/api.w.org\/{rel}","templated":true}]}}