{"id":12472,"date":"2021-10-27T17:30:05","date_gmt":"2021-10-27T16:30:05","guid":{"rendered":"https:\/\/algarve7.pt\/?p=12472"},"modified":"2021-10-27T17:30:08","modified_gmt":"2021-10-27T16:30:08","slug":"desenvolvimento-na-adolescencia-e-tema-de-tertulia-em-quarteira","status":"publish","type":"post","link":"https:\/\/algarve7.pt\/index.php\/2021\/10\/desenvolvimento-na-adolescencia-e-tema-de-tertulia-em-quarteira\/saude\/17\/30\/","title":{"rendered":"Desenvolvimento na adolesc\u00eancia \u00e9 tema de tert\u00falia em Quarteira"},"content":{"rendered":"\n<p>\u201cVamos tirar d\u00favidas sobre o desenvolvimento cognitivo e emocional na adolesc\u00eancia\u201d \u00e9 o mote para mais uma tert\u00falia que ter\u00e1 lugar no Polo de Quarteira da Biblioteca Municipal, esta sexta-feira, 29 de outubro, pelas 21h00.<\/p>\n\n\n\n<p>Com a presen\u00e7a das psic\u00f3logas Elizabethe Noronha e Daiana Ferreira, da unidade S\u00f3cio-Ocupacional para Adolescentes da ASMAL, neste encontro os pais, profissionais e adolescentes ir\u00e3o ouvir e partilhar experi\u00eancias, hist\u00f3rias e conhecimento de quem \u00e9, vive ou convive com adolescentes. Esta ser\u00e1 uma oportunidade de aprender um pouco mais sobre o desenvolvimento socioemocional&nbsp;e cognitivo que ocorre na adolesc\u00eancia, o que esperar, como viver, lidar e tamb\u00e9m crescer com os adolescentes.<\/p>\n\n\n\n<p>&#8220;Os jovens sentem necessidade de se distanciar da fam\u00edlia, de se aproximar dos amigos e ideias que reafirmem&nbsp;quem querem ser &#8230;\u201d(Perosa, 2017)<\/p>\n\n\n\n<p>O n\u00famero de participantes na sess\u00e3o \u00e9 limitado devido \u00e0s recomenda\u00e7\u00f5es da DGS.<\/p>\n\n\n\n<div class=\"wp-block-image is-style-default\"><figure class=\"aligncenter size-large is-resized\"><img loading=\"lazy\" decoding=\"async\" src=\"https:\/\/algarve7.pt\/wp-content\/uploads\/2021\/10\/Tertulia-adolescencia-725x1024.jpg\" alt=\"\" class=\"wp-image-12474\" width=\"450\" height=\"636\" srcset=\"https:\/\/algarve7.pt\/wp-content\/uploads\/2021\/10\/Tertulia-adolescencia-725x1024.jpg 725w, https:\/\/algarve7.pt\/wp-content\/uploads\/2021\/10\/Tertulia-adolescencia-213x300.jpg 213w, https:\/\/algarve7.pt\/wp-content\/uploads\/2021\/10\/Tertulia-adolescencia-768x1084.jpg 768w, https:\/\/algarve7.pt\/wp-content\/uploads\/2021\/10\/Tertulia-adolescencia-1088x1536.jpg 1088w, https:\/\/algarve7.pt\/wp-content\/uploads\/2021\/10\/Tertulia-adolescencia.jpg 1360w\" sizes=\"auto, (max-width: 450px) 100vw, 450px\" \/><\/figure><\/div>\n","protected":false},"excerpt":{"rendered":"<p>\u201cVamos tirar d\u00favidas sobre o desenvolvimento cognitivo e emocional na adolesc\u00eancia\u201d \u00e9 o mote para mais uma tert\u00falia que ter\u00e1<\/p>\n","protected":false},"author":1,"featured_media":12473,"comment_status":"open","ping_status":"open","sticky":false,"template":"","format":"standard","meta":{"colormag_page_container_layout":"default_layout","colormag_page_sidebar_layout":"default_layout","_monsterinsights_skip_tracking":false,"_monsterinsights_sitenote_active":false,"_monsterinsights_sitenote_note":"","_monsterinsights_sitenote_category":0,"jetpack_post_was_ever_published":false,"_jetpack_newsletter_access":"","_jetpack_dont_email_post_to_subs":false,"_jetpack_newsletter_tier_id":0,"_jetpack_memberships_contains_paywalled_content":false,"_jetpack_memberships_contains_paid_content":false,"footnotes":"","jetpack_publicize_message":"","jetpack_publicize_feature_enabled":true,"jetpack_social_post_already_shared":true,"jetpack_social_options":{"image_generator_settings":{"template":"highway","default_image_id":0,"font":"","enabled":false},"version":2}},"categories":[59],"tags":[112,58],"class_list":["post-12472","post","type-post","status-publish","format-standard","has-post-thumbnail","hentry","category-saude","tag-quarteira","tag-saude"],"yoast_head":"<!-- This site is optimized with the Yoast SEO plugin v27.5 - https:\/\/yoast.com\/product\/yoast-seo-wordpress\/ -->\n<title>Desenvolvimento na adolesc\u00eancia \u00e9 tema de tert\u00falia em Quarteira - Algarve 7<\/title>\n<meta name=\"description\" content=\"Desenvolvimento na adolesc\u00eancia \u00e9 tema de tert\u00falia em Quarteira Sa\u00fade\" \/>\n<meta name=\"robots\" content=\"index, follow, max-snippet:-1, max-image-preview:large, max-video-preview:-1\" \/>\n<link rel=\"canonical\" href=\"https:\/\/algarve7.pt\/index.php\/2021\/10\/desenvolvimento-na-adolescencia-e-tema-de-tertulia-em-quarteira\/saude\/17\/30\/\" \/>\n<meta property=\"og:locale\" content=\"pt_PT\" \/>\n<meta property=\"og:type\" content=\"article\" \/>\n<meta property=\"og:title\" content=\"Desenvolvimento na adolesc\u00eancia \u00e9 tema de tert\u00falia em Quarteira - Algarve 7\" \/>\n<meta property=\"og:description\" content=\"Desenvolvimento na adolesc\u00eancia \u00e9 tema de tert\u00falia em Quarteira Sa\u00fade\" \/>\n<meta property=\"og:url\" content=\"https:\/\/algarve7.pt\/index.php\/2021\/10\/desenvolvimento-na-adolescencia-e-tema-de-tertulia-em-quarteira\/saude\/17\/30\/\" \/>\n<meta property=\"og:site_name\" content=\"Algarve 7\" \/>\n<meta property=\"article:publisher\" content=\"https:\/\/www.facebook.com\/algarve7\" \/>\n<meta property=\"article:author\" content=\"https:\/\/www.facebook.com\/algarve7\" \/>\n<meta property=\"article:published_time\" content=\"2021-10-27T16:30:05+00:00\" \/>\n<meta property=\"article:modified_time\" content=\"2021-10-27T16:30:08+00:00\" \/>\n<meta property=\"og:image\" content=\"https:\/\/algarve7.pt\/wp-content\/uploads\/2021\/10\/Captura-de-ecra-2021-10-27-as-17.24.55.png\" \/>\n\t<meta property=\"og:image:width\" content=\"1920\" \/>\n\t<meta property=\"og:image:height\" content=\"1060\" \/>\n\t<meta property=\"og:image:type\" content=\"image\/png\" \/>\n<meta name=\"author\" content=\"Algarve 7\" \/>\n<meta name=\"twitter:card\" content=\"summary_large_image\" \/>\n<meta name=\"twitter:creator\" content=\"@Algarvesete\" \/>\n<meta name=\"twitter:site\" content=\"@Algarvesete\" \/>\n<meta name=\"twitter:label1\" content=\"Escrito por\" \/>\n\t<meta name=\"twitter:data1\" content=\"Algarve 7\" \/>\n\t<meta name=\"twitter:label2\" content=\"Tempo estimado de leitura\" \/>\n\t<meta name=\"twitter:data2\" content=\"1 minuto\" \/>\n<script type=\"application\/ld+json\" class=\"yoast-schema-graph\">{\"@context\":\"https:\\\/\\\/schema.org\",\"@graph\":[{\"@type\":\"Article\",\"@id\":\"https:\\\/\\\/algarve7.pt\\\/index.php\\\/2021\\\/10\\\/desenvolvimento-na-adolescencia-e-tema-de-tertulia-em-quarteira\\\/saude\\\/17\\\/30\\\/#article\",\"isPartOf\":{\"@id\":\"https:\\\/\\\/algarve7.pt\\\/index.php\\\/2021\\\/10\\\/desenvolvimento-na-adolescencia-e-tema-de-tertulia-em-quarteira\\\/saude\\\/17\\\/30\\\/\"},\"author\":{\"name\":\"Algarve 7\",\"@id\":\"https:\\\/\\\/algarve7.pt\\\/#\\\/schema\\\/person\\\/23fa70681308e7b319a3204bcea45e0c\"},\"headline\":\"Desenvolvimento na adolesc\u00eancia \u00e9 tema de tert\u00falia em Quarteira\",\"datePublished\":\"2021-10-27T16:30:05+00:00\",\"dateModified\":\"2021-10-27T16:30:08+00:00\",\"mainEntityOfPage\":{\"@id\":\"https:\\\/\\\/algarve7.pt\\\/index.php\\\/2021\\\/10\\\/desenvolvimento-na-adolescencia-e-tema-de-tertulia-em-quarteira\\\/saude\\\/17\\\/30\\\/\"},\"wordCount\":164,\"commentCount\":0,\"publisher\":{\"@id\":\"https:\\\/\\\/algarve7.pt\\\/#organization\"},\"image\":{\"@id\":\"https:\\\/\\\/algarve7.pt\\\/index.php\\\/2021\\\/10\\\/desenvolvimento-na-adolescencia-e-tema-de-tertulia-em-quarteira\\\/saude\\\/17\\\/30\\\/#primaryimage\"},\"thumbnailUrl\":\"https:\\\/\\\/algarve7.pt\\\/wp-content\\\/uploads\\\/2021\\\/10\\\/Captura-de-ecra-2021-10-27-as-17.24.55.png\",\"keywords\":[\"Quarteira\",\"Sa\u00fade\"],\"articleSection\":[\"Sa\u00fade\"],\"inLanguage\":\"pt-PT\",\"potentialAction\":[{\"@type\":\"CommentAction\",\"name\":\"Comment\",\"target\":[\"https:\\\/\\\/algarve7.pt\\\/index.php\\\/2021\\\/10\\\/desenvolvimento-na-adolescencia-e-tema-de-tertulia-em-quarteira\\\/saude\\\/17\\\/30\\\/#respond\"]}]},{\"@type\":\"WebPage\",\"@id\":\"https:\\\/\\\/algarve7.pt\\\/index.php\\\/2021\\\/10\\\/desenvolvimento-na-adolescencia-e-tema-de-tertulia-em-quarteira\\\/saude\\\/17\\\/30\\\/\",\"url\":\"https:\\\/\\\/algarve7.pt\\\/index.php\\\/2021\\\/10\\\/desenvolvimento-na-adolescencia-e-tema-de-tertulia-em-quarteira\\\/saude\\\/17\\\/30\\\/\",\"name\":\"Desenvolvimento na adolesc\u00eancia \u00e9 tema de tert\u00falia em Quarteira - Algarve 7\",\"isPartOf\":{\"@id\":\"https:\\\/\\\/algarve7.pt\\\/#website\"},\"primaryImageOfPage\":{\"@id\":\"https:\\\/\\\/algarve7.pt\\\/index.php\\\/2021\\\/10\\\/desenvolvimento-na-adolescencia-e-tema-de-tertulia-em-quarteira\\\/saude\\\/17\\\/30\\\/#primaryimage\"},\"image\":{\"@id\":\"https:\\\/\\\/algarve7.pt\\\/index.php\\\/2021\\\/10\\\/desenvolvimento-na-adolescencia-e-tema-de-tertulia-em-quarteira\\\/saude\\\/17\\\/30\\\/#primaryimage\"},\"thumbnailUrl\":\"https:\\\/\\\/algarve7.pt\\\/wp-content\\\/uploads\\\/2021\\\/10\\\/Captura-de-ecra-2021-10-27-as-17.24.55.png\",\"datePublished\":\"2021-10-27T16:30:05+00:00\",\"dateModified\":\"2021-10-27T16:30:08+00:00\",\"description\":\"Desenvolvimento na adolesc\u00eancia \u00e9 tema de tert\u00falia em Quarteira Sa\u00fade\",\"breadcrumb\":{\"@id\":\"https:\\\/\\\/algarve7.pt\\\/index.php\\\/2021\\\/10\\\/desenvolvimento-na-adolescencia-e-tema-de-tertulia-em-quarteira\\\/saude\\\/17\\\/30\\\/#breadcrumb\"},\"inLanguage\":\"pt-PT\",\"potentialAction\":[{\"@type\":\"ReadAction\",\"target\":[\"https:\\\/\\\/algarve7.pt\\\/index.php\\\/2021\\\/10\\\/desenvolvimento-na-adolescencia-e-tema-de-tertulia-em-quarteira\\\/saude\\\/17\\\/30\\\/\"]}]},{\"@type\":\"ImageObject\",\"inLanguage\":\"pt-PT\",\"@id\":\"https:\\\/\\\/algarve7.pt\\\/index.php\\\/2021\\\/10\\\/desenvolvimento-na-adolescencia-e-tema-de-tertulia-em-quarteira\\\/saude\\\/17\\\/30\\\/#primaryimage\",\"url\":\"https:\\\/\\\/algarve7.pt\\\/wp-content\\\/uploads\\\/2021\\\/10\\\/Captura-de-ecra-2021-10-27-as-17.24.55.png\",\"contentUrl\":\"https:\\\/\\\/algarve7.pt\\\/wp-content\\\/uploads\\\/2021\\\/10\\\/Captura-de-ecra-2021-10-27-as-17.24.55.png\",\"width\":1920,\"height\":1060},{\"@type\":\"BreadcrumbList\",\"@id\":\"https:\\\/\\\/algarve7.pt\\\/index.php\\\/2021\\\/10\\\/desenvolvimento-na-adolescencia-e-tema-de-tertulia-em-quarteira\\\/saude\\\/17\\\/30\\\/#breadcrumb\",\"itemListElement\":[{\"@type\":\"ListItem\",\"position\":1,\"name\":\"In\u00edcio\",\"item\":\"https:\\\/\\\/algarve7.pt\\\/\"},{\"@type\":\"ListItem\",\"position\":2,\"name\":\"Desenvolvimento na adolesc\u00eancia \u00e9 tema de tert\u00falia em Quarteira\"}]},{\"@type\":\"WebSite\",\"@id\":\"https:\\\/\\\/algarve7.pt\\\/#website\",\"url\":\"https:\\\/\\\/algarve7.pt\\\/\",\"name\":\"Algarve 7\",\"description\":\"Informa\u00e7\u00e3o sobre o Algarve\",\"publisher\":{\"@id\":\"https:\\\/\\\/algarve7.pt\\\/#organization\"},\"potentialAction\":[{\"@type\":\"SearchAction\",\"target\":{\"@type\":\"EntryPoint\",\"urlTemplate\":\"https:\\\/\\\/algarve7.pt\\\/?s={search_term_string}\"},\"query-input\":{\"@type\":\"PropertyValueSpecification\",\"valueRequired\":true,\"valueName\":\"search_term_string\"}}],\"inLanguage\":\"pt-PT\"},{\"@type\":\"Organization\",\"@id\":\"https:\\\/\\\/algarve7.pt\\\/#organization\",\"name\":\"Algarve 7\",\"url\":\"https:\\\/\\\/algarve7.pt\\\/\",\"logo\":{\"@type\":\"ImageObject\",\"inLanguage\":\"pt-PT\",\"@id\":\"https:\\\/\\\/algarve7.pt\\\/#\\\/schema\\\/logo\\\/image\\\/\",\"url\":\"https:\\\/\\\/algarve7.pt\\\/wp-content\\\/uploads\\\/2020\\\/10\\\/Logo-8.jpg\",\"contentUrl\":\"https:\\\/\\\/algarve7.pt\\\/wp-content\\\/uploads\\\/2020\\\/10\\\/Logo-8.jpg\",\"width\":1680,\"height\":1186,\"caption\":\"Algarve 7\"},\"image\":{\"@id\":\"https:\\\/\\\/algarve7.pt\\\/#\\\/schema\\\/logo\\\/image\\\/\"},\"sameAs\":[\"https:\\\/\\\/www.facebook.com\\\/algarve7\",\"https:\\\/\\\/x.com\\\/Algarvesete\",\"https:\\\/\\\/www.instagram.com\\\/jornalalgarve7\\\/\",\"https:\\\/\\\/www.linkedin.com\\\/company\\\/algarve7\",\"https:\\\/\\\/www.pinterest.pt\\\/geral0939\\\/_created\\\/\"]},{\"@type\":\"Person\",\"@id\":\"https:\\\/\\\/algarve7.pt\\\/#\\\/schema\\\/person\\\/23fa70681308e7b319a3204bcea45e0c\",\"name\":\"Algarve 7\",\"sameAs\":[\"https:\\\/\\\/algarve7.pt\",\"https:\\\/\\\/www.facebook.com\\\/algarve7\"],\"url\":\"https:\\\/\\\/algarve7.pt\\\/index.php\\\/author\\\/geralalgarve7-pt\\\/\"}]}<\/script>\n<!-- \/ Yoast SEO plugin. -->","yoast_head_json":{"title":"Desenvolvimento na adolesc\u00eancia \u00e9 tema de tert\u00falia em Quarteira - Algarve 7","description":"Desenvolvimento na adolesc\u00eancia \u00e9 tema de tert\u00falia em Quarteira Sa\u00fade","robots":{"index":"index","follow":"follow","max-snippet":"max-snippet:-1","max-image-preview":"max-image-preview:large","max-video-preview":"max-video-preview:-1"},"canonical":"https:\/\/algarve7.pt\/index.php\/2021\/10\/desenvolvimento-na-adolescencia-e-tema-de-tertulia-em-quarteira\/saude\/17\/30\/","og_locale":"pt_PT","og_type":"article","og_title":"Desenvolvimento na adolesc\u00eancia \u00e9 tema de tert\u00falia em Quarteira - Algarve 7","og_description":"Desenvolvimento na adolesc\u00eancia \u00e9 tema de tert\u00falia em Quarteira Sa\u00fade","og_url":"https:\/\/algarve7.pt\/index.php\/2021\/10\/desenvolvimento-na-adolescencia-e-tema-de-tertulia-em-quarteira\/saude\/17\/30\/","og_site_name":"Algarve 7","article_publisher":"https:\/\/www.facebook.com\/algarve7","article_author":"https:\/\/www.facebook.com\/algarve7","article_published_time":"2021-10-27T16:30:05+00:00","article_modified_time":"2021-10-27T16:30:08+00:00","og_image":[{"width":1920,"height":1060,"url":"https:\/\/algarve7.pt\/wp-content\/uploads\/2021\/10\/Captura-de-ecra-2021-10-27-as-17.24.55.png","type":"image\/png"}],"author":"Algarve 7","twitter_card":"summary_large_image","twitter_creator":"@Algarvesete","twitter_site":"@Algarvesete","twitter_misc":{"Escrito por":"Algarve 7","Tempo estimado de leitura":"1 minuto"},"schema":{"@context":"https:\/\/schema.org","@graph":[{"@type":"Article","@id":"https:\/\/algarve7.pt\/index.php\/2021\/10\/desenvolvimento-na-adolescencia-e-tema-de-tertulia-em-quarteira\/saude\/17\/30\/#article","isPartOf":{"@id":"https:\/\/algarve7.pt\/index.php\/2021\/10\/desenvolvimento-na-adolescencia-e-tema-de-tertulia-em-quarteira\/saude\/17\/30\/"},"author":{"name":"Algarve 7","@id":"https:\/\/algarve7.pt\/#\/schema\/person\/23fa70681308e7b319a3204bcea45e0c"},"headline":"Desenvolvimento na adolesc\u00eancia \u00e9 tema de tert\u00falia em Quarteira","datePublished":"2021-10-27T16:30:05+00:00","dateModified":"2021-10-27T16:30:08+00:00","mainEntityOfPage":{"@id":"https:\/\/algarve7.pt\/index.php\/2021\/10\/desenvolvimento-na-adolescencia-e-tema-de-tertulia-em-quarteira\/saude\/17\/30\/"},"wordCount":164,"commentCount":0,"publisher":{"@id":"https:\/\/algarve7.pt\/#organization"},"image":{"@id":"https:\/\/algarve7.pt\/index.php\/2021\/10\/desenvolvimento-na-adolescencia-e-tema-de-tertulia-em-quarteira\/saude\/17\/30\/#primaryimage"},"thumbnailUrl":"https:\/\/algarve7.pt\/wp-content\/uploads\/2021\/10\/Captura-de-ecra-2021-10-27-as-17.24.55.png","keywords":["Quarteira","Sa\u00fade"],"articleSection":["Sa\u00fade"],"inLanguage":"pt-PT","potentialAction":[{"@type":"CommentAction","name":"Comment","target":["https:\/\/algarve7.pt\/index.php\/2021\/10\/desenvolvimento-na-adolescencia-e-tema-de-tertulia-em-quarteira\/saude\/17\/30\/#respond"]}]},{"@type":"WebPage","@id":"https:\/\/algarve7.pt\/index.php\/2021\/10\/desenvolvimento-na-adolescencia-e-tema-de-tertulia-em-quarteira\/saude\/17\/30\/","url":"https:\/\/algarve7.pt\/index.php\/2021\/10\/desenvolvimento-na-adolescencia-e-tema-de-tertulia-em-quarteira\/saude\/17\/30\/","name":"Desenvolvimento na adolesc\u00eancia \u00e9 tema de tert\u00falia em Quarteira - Algarve 7","isPartOf":{"@id":"https:\/\/algarve7.pt\/#website"},"primaryImageOfPage":{"@id":"https:\/\/algarve7.pt\/index.php\/2021\/10\/desenvolvimento-na-adolescencia-e-tema-de-tertulia-em-quarteira\/saude\/17\/30\/#primaryimage"},"image":{"@id":"https:\/\/algarve7.pt\/index.php\/2021\/10\/desenvolvimento-na-adolescencia-e-tema-de-tertulia-em-quarteira\/saude\/17\/30\/#primaryimage"},"thumbnailUrl":"https:\/\/algarve7.pt\/wp-content\/uploads\/2021\/10\/Captura-de-ecra-2021-10-27-as-17.24.55.png","datePublished":"2021-10-27T16:30:05+00:00","dateModified":"2021-10-27T16:30:08+00:00","description":"Desenvolvimento na adolesc\u00eancia \u00e9 tema de tert\u00falia em Quarteira Sa\u00fade","breadcrumb":{"@id":"https:\/\/algarve7.pt\/index.php\/2021\/10\/desenvolvimento-na-adolescencia-e-tema-de-tertulia-em-quarteira\/saude\/17\/30\/#breadcrumb"},"inLanguage":"pt-PT","potentialAction":[{"@type":"ReadAction","target":["https:\/\/algarve7.pt\/index.php\/2021\/10\/desenvolvimento-na-adolescencia-e-tema-de-tertulia-em-quarteira\/saude\/17\/30\/"]}]},{"@type":"ImageObject","inLanguage":"pt-PT","@id":"https:\/\/algarve7.pt\/index.php\/2021\/10\/desenvolvimento-na-adolescencia-e-tema-de-tertulia-em-quarteira\/saude\/17\/30\/#primaryimage","url":"https:\/\/algarve7.pt\/wp-content\/uploads\/2021\/10\/Captura-de-ecra-2021-10-27-as-17.24.55.png","contentUrl":"https:\/\/algarve7.pt\/wp-content\/uploads\/2021\/10\/Captura-de-ecra-2021-10-27-as-17.24.55.png","width":1920,"height":1060},{"@type":"BreadcrumbList","@id":"https:\/\/algarve7.pt\/index.php\/2021\/10\/desenvolvimento-na-adolescencia-e-tema-de-tertulia-em-quarteira\/saude\/17\/30\/#breadcrumb","itemListElement":[{"@type":"ListItem","position":1,"name":"In\u00edcio","item":"https:\/\/algarve7.pt\/"},{"@type":"ListItem","position":2,"name":"Desenvolvimento na adolesc\u00eancia \u00e9 tema de tert\u00falia em Quarteira"}]},{"@type":"WebSite","@id":"https:\/\/algarve7.pt\/#website","url":"https:\/\/algarve7.pt\/","name":"Algarve 7","description":"Informa\u00e7\u00e3o sobre o Algarve","publisher":{"@id":"https:\/\/algarve7.pt\/#organization"},"potentialAction":[{"@type":"SearchAction","target":{"@type":"EntryPoint","urlTemplate":"https:\/\/algarve7.pt\/?s={search_term_string}"},"query-input":{"@type":"PropertyValueSpecification","valueRequired":true,"valueName":"search_term_string"}}],"inLanguage":"pt-PT"},{"@type":"Organization","@id":"https:\/\/algarve7.pt\/#organization","name":"Algarve 7","url":"https:\/\/algarve7.pt\/","logo":{"@type":"ImageObject","inLanguage":"pt-PT","@id":"https:\/\/algarve7.pt\/#\/schema\/logo\/image\/","url":"https:\/\/algarve7.pt\/wp-content\/uploads\/2020\/10\/Logo-8.jpg","contentUrl":"https:\/\/algarve7.pt\/wp-content\/uploads\/2020\/10\/Logo-8.jpg","width":1680,"height":1186,"caption":"Algarve 7"},"image":{"@id":"https:\/\/algarve7.pt\/#\/schema\/logo\/image\/"},"sameAs":["https:\/\/www.facebook.com\/algarve7","https:\/\/x.com\/Algarvesete","https:\/\/www.instagram.com\/jornalalgarve7\/","https:\/\/www.linkedin.com\/company\/algarve7","https:\/\/www.pinterest.pt\/geral0939\/_created\/"]},{"@type":"Person","@id":"https:\/\/algarve7.pt\/#\/schema\/person\/23fa70681308e7b319a3204bcea45e0c","name":"Algarve 7","sameAs":["https:\/\/algarve7.pt","https:\/\/www.facebook.com\/algarve7"],"url":"https:\/\/algarve7.pt\/index.php\/author\/geralalgarve7-pt\/"}]}},"jetpack_publicize_connections":[],"jetpack_featured_media_url":"https:\/\/algarve7.pt\/wp-content\/uploads\/2021\/10\/Captura-de-ecra-2021-10-27-as-17.24.55.png","jetpack_shortlink":"https:\/\/wp.me\/pcezmW-3fa","jetpack_sharing_enabled":true,"_links":{"self":[{"href":"https:\/\/algarve7.pt\/index.php\/wp-json\/wp\/v2\/posts\/12472","targetHints":{"allow":["GET"]}}],"collection":[{"href":"https:\/\/algarve7.pt\/index.php\/wp-json\/wp\/v2\/posts"}],"about":[{"href":"https:\/\/algarve7.pt\/index.php\/wp-json\/wp\/v2\/types\/post"}],"author":[{"embeddable":true,"href":"https:\/\/algarve7.pt\/index.php\/wp-json\/wp\/v2\/users\/1"}],"replies":[{"embeddable":true,"href":"https:\/\/algarve7.pt\/index.php\/wp-json\/wp\/v2\/comments?post=12472"}],"version-history":[{"count":0,"href":"https:\/\/algarve7.pt\/index.php\/wp-json\/wp\/v2\/posts\/12472\/revisions"}],"wp:featuredmedia":[{"embeddable":true,"href":"https:\/\/algarve7.pt\/index.php\/wp-json\/wp\/v2\/media\/12473"}],"wp:attachment":[{"href":"https:\/\/algarve7.pt\/index.php\/wp-json\/wp\/v2\/media?parent=12472"}],"wp:term":[{"taxonomy":"category","embeddable":true,"href":"https:\/\/algarve7.pt\/index.php\/wp-json\/wp\/v2\/categories?post=12472"},{"taxonomy":"post_tag","embeddable":true,"href":"https:\/\/algarve7.pt\/index.php\/wp-json\/wp\/v2\/tags?post=12472"}],"curies":[{"name":"wp","href":"https:\/\/api.w.org\/{rel}","templated":true}]}}