{"id":12469,"date":"2021-10-27T13:02:57","date_gmt":"2021-10-27T12:02:57","guid":{"rendered":"https:\/\/algarve7.pt\/?p=12469"},"modified":"2021-10-27T13:03:00","modified_gmt":"2021-10-27T12:03:00","slug":"esta-sexta-feira-danca-se-os-passos-de-bernardo-em-sao-bras-de-alportel","status":"publish","type":"post","link":"https:\/\/algarve7.pt\/index.php\/2021\/10\/esta-sexta-feira-danca-se-os-passos-de-bernardo-em-sao-bras-de-alportel\/cultura\/13\/02\/","title":{"rendered":"Esta sexta-feira, dan\u00e7a-se os Passos de Bernardo em S\u00e3o Br\u00e1s de Alportel"},"content":{"rendered":"\n<p>O Cineteatro S\u00e3o Br\u00e1s acolhe esta sexta-feira, dia 29 de outubro, pelas 21h30, o espet\u00e1culo \u201cDan\u00e7ando nos Passos de Bernardo\u201d, onde a m\u00fasica, a dan\u00e7a e a poesia se unem para homenagear o poeta Bernardo de Passos, expoente m\u00e1ximo da cultura s\u00e3o-brasense, que nasceu justamente neste dia h\u00e1 145 anos.<\/p>\n\n\n\n<p>\u201cDan\u00e7ando nos Passos de Bernardo \u2013 Quando a poesia inspira o corpo\u2026 a dan\u00e7a acontece!\u201d \u00e9 um espet\u00e1culo promovido pelo Munic\u00edpio de S\u00e3o Br\u00e1s de Alportel no \u00e2mbito do projeto intermunicipal de programa\u00e7\u00e3o em rede \u201cBezaranha \u2013 H\u00e1 ventos que vem por bem!\u201d.<\/p>\n\n\n\n<p>Um espet\u00e1culo constru\u00eddo a muitos p\u00e9s por um conjunto de agentes culturais locais: as associa\u00e7\u00f5es &nbsp;S\u00e3o Br\u00e1s Bailando e Urban Xpression, a Escola de Dan\u00e7a Municipal e o projeto de poesia GUME \u2013 de Fernando Guerreiro, que aceitaram o desafio de dar passos de dan\u00e7a \u00e0s palavras deste poeta singular, para transmitir a sua mensagem intemporal de fraternidade, de humanidade e de verdade, aproximando &nbsp;as gera\u00e7\u00f5es mais novas da obra liter\u00e1ria de Bernardo de Passos.<\/p>\n\n\n\n<p>Um espet\u00e1culo de entrada gratuita, mas sujeita \u00e0 lota\u00e7\u00e3o do Cineteatro S\u00e3o Br\u00e1s, sendo poss\u00edvel levantar ou reservar os bilhetes na Galeria Municipal de S\u00e3o Br\u00e1s de Alportel ou atrav\u00e9s dos contactos: 289 840 211. No pr\u00f3prio dia do espet\u00e1culo a bilheteira do Cineteatro abre \u00e0s 20h30.<\/p>\n\n\n\n<p>Al\u00e9m da sua apresenta\u00e7\u00e3o no Cineteatro S\u00e3o Br\u00e1s tamb\u00e9m ser\u00e1 transmitido em direto nas redes sociais do Facebook &nbsp;do Munic\u00edpio de S\u00e3o Br\u00e1s de Alportel e do programa \u201cBezaranha\u201d.<\/p>\n\n\n\n<p>Importa referir que o Munic\u00edpio de S\u00e3o Br\u00e1s de Alportel participou nesta primeira edi\u00e7\u00e3o do Bezaranha com dois espet\u00e1culos, nomeadamente, o \u201cDan\u00e7ando nos Passos de Bernardo\u201d e o \u201cSons de S\u00e3o Br\u00e1s\u201d que foi transmitido pela primeira vez a 1 de junho, Dia do Munic\u00edpio de S\u00e3o Br\u00e1s de Alportel e que ainda pode ser apreciado nas redes sociais, Facebook e Youtube do Munic\u00edpio de S\u00e3o Br\u00e1s de Alportel.<\/p>\n\n\n\n<p>O \u201cSons de S\u00e3o Br\u00e1s\u201d come\u00e7ou com um desafio lan\u00e7ado aos autores s\u00e3o-brasenses para apresentarem os seus projetos originais. Deste desafio nasceu um espet\u00e1culo que d\u00e1 a conhecer o concelho ao longo da apresenta\u00e7\u00e3o de 12 temas originais e um tributo a autores do passado. A sua produ\u00e7\u00e3o envolveu mais de 30 m\u00fasicos e 25 bailarinos.<\/p>\n","protected":false},"excerpt":{"rendered":"<p>O Cineteatro S\u00e3o Br\u00e1s acolhe esta sexta-feira, dia 29 de outubro, pelas 21h30, o espet\u00e1culo \u201cDan\u00e7ando nos Passos de Bernardo\u201d,<\/p>\n","protected":false},"author":1,"featured_media":12470,"comment_status":"open","ping_status":"open","sticky":false,"template":"","format":"standard","meta":{"colormag_page_container_layout":"default_layout","colormag_page_sidebar_layout":"default_layout","_monsterinsights_skip_tracking":false,"_monsterinsights_sitenote_active":false,"_monsterinsights_sitenote_note":"","_monsterinsights_sitenote_category":0,"jetpack_post_was_ever_published":false,"_jetpack_newsletter_access":"","_jetpack_dont_email_post_to_subs":false,"_jetpack_newsletter_tier_id":0,"_jetpack_memberships_contains_paywalled_content":false,"_jetpack_memberships_contains_paid_content":false,"footnotes":"","jetpack_publicize_message":"","jetpack_publicize_feature_enabled":true,"jetpack_social_post_already_shared":true,"jetpack_social_options":{"image_generator_settings":{"template":"highway","default_image_id":0,"font":"","enabled":false},"version":2}},"categories":[14],"tags":[52,35,64,63],"class_list":["post-12469","post","type-post","status-publish","format-standard","has-post-thumbnail","hentry","category-cultura","tag-concerto","tag-cultura","tag-danca","tag-sao-bras-de-alportel"],"yoast_head":"<!-- This site is optimized with the Yoast SEO plugin v27.5 - https:\/\/yoast.com\/product\/yoast-seo-wordpress\/ -->\n<title>Esta sexta-feira, dan\u00e7a-se os Passos de Bernardo em S\u00e3o Br\u00e1s de Alportel - Algarve 7<\/title>\n<meta name=\"description\" content=\"Esta sexta-feira, dan\u00e7a-se os Passos de Bernardo em S\u00e3o Br\u00e1s de Alportel Cultura\" \/>\n<meta name=\"robots\" content=\"index, follow, max-snippet:-1, max-image-preview:large, max-video-preview:-1\" \/>\n<link rel=\"canonical\" href=\"https:\/\/algarve7.pt\/index.php\/2021\/10\/esta-sexta-feira-danca-se-os-passos-de-bernardo-em-sao-bras-de-alportel\/cultura\/13\/02\/\" \/>\n<meta property=\"og:locale\" content=\"pt_PT\" \/>\n<meta property=\"og:type\" content=\"article\" \/>\n<meta property=\"og:title\" content=\"Esta sexta-feira, dan\u00e7a-se os Passos de Bernardo em S\u00e3o Br\u00e1s de Alportel - Algarve 7\" \/>\n<meta property=\"og:description\" content=\"Esta sexta-feira, dan\u00e7a-se os Passos de Bernardo em S\u00e3o Br\u00e1s de Alportel Cultura\" \/>\n<meta property=\"og:url\" content=\"https:\/\/algarve7.pt\/index.php\/2021\/10\/esta-sexta-feira-danca-se-os-passos-de-bernardo-em-sao-bras-de-alportel\/cultura\/13\/02\/\" \/>\n<meta property=\"og:site_name\" content=\"Algarve 7\" \/>\n<meta property=\"article:publisher\" content=\"https:\/\/www.facebook.com\/algarve7\" \/>\n<meta property=\"article:author\" content=\"https:\/\/www.facebook.com\/algarve7\" \/>\n<meta property=\"article:published_time\" content=\"2021-10-27T12:02:57+00:00\" \/>\n<meta property=\"article:modified_time\" content=\"2021-10-27T12:03:00+00:00\" \/>\n<meta property=\"og:image\" content=\"https:\/\/algarve7.pt\/wp-content\/uploads\/2021\/10\/Post_IG_dancando_nos_passos_de_bernardo_r.jpg\" \/>\n\t<meta property=\"og:image:width\" content=\"1080\" \/>\n\t<meta property=\"og:image:height\" content=\"1081\" \/>\n\t<meta property=\"og:image:type\" content=\"image\/jpeg\" \/>\n<meta name=\"author\" content=\"Algarve 7\" \/>\n<meta name=\"twitter:card\" content=\"summary_large_image\" \/>\n<meta name=\"twitter:creator\" content=\"@Algarvesete\" \/>\n<meta name=\"twitter:site\" content=\"@Algarvesete\" \/>\n<meta name=\"twitter:label1\" content=\"Escrito por\" \/>\n\t<meta name=\"twitter:data1\" content=\"Algarve 7\" \/>\n\t<meta name=\"twitter:label2\" content=\"Tempo estimado de leitura\" \/>\n\t<meta name=\"twitter:data2\" content=\"2 minutos\" \/>\n<script type=\"application\/ld+json\" class=\"yoast-schema-graph\">{\"@context\":\"https:\\\/\\\/schema.org\",\"@graph\":[{\"@type\":\"Article\",\"@id\":\"https:\\\/\\\/algarve7.pt\\\/index.php\\\/2021\\\/10\\\/esta-sexta-feira-danca-se-os-passos-de-bernardo-em-sao-bras-de-alportel\\\/cultura\\\/13\\\/02\\\/#article\",\"isPartOf\":{\"@id\":\"https:\\\/\\\/algarve7.pt\\\/index.php\\\/2021\\\/10\\\/esta-sexta-feira-danca-se-os-passos-de-bernardo-em-sao-bras-de-alportel\\\/cultura\\\/13\\\/02\\\/\"},\"author\":{\"name\":\"Algarve 7\",\"@id\":\"https:\\\/\\\/algarve7.pt\\\/#\\\/schema\\\/person\\\/23fa70681308e7b319a3204bcea45e0c\"},\"headline\":\"Esta sexta-feira, dan\u00e7a-se os Passos de Bernardo em S\u00e3o Br\u00e1s de Alportel\",\"datePublished\":\"2021-10-27T12:02:57+00:00\",\"dateModified\":\"2021-10-27T12:03:00+00:00\",\"mainEntityOfPage\":{\"@id\":\"https:\\\/\\\/algarve7.pt\\\/index.php\\\/2021\\\/10\\\/esta-sexta-feira-danca-se-os-passos-de-bernardo-em-sao-bras-de-alportel\\\/cultura\\\/13\\\/02\\\/\"},\"wordCount\":439,\"commentCount\":0,\"publisher\":{\"@id\":\"https:\\\/\\\/algarve7.pt\\\/#organization\"},\"image\":{\"@id\":\"https:\\\/\\\/algarve7.pt\\\/index.php\\\/2021\\\/10\\\/esta-sexta-feira-danca-se-os-passos-de-bernardo-em-sao-bras-de-alportel\\\/cultura\\\/13\\\/02\\\/#primaryimage\"},\"thumbnailUrl\":\"https:\\\/\\\/algarve7.pt\\\/wp-content\\\/uploads\\\/2021\\\/10\\\/Post_IG_dancando_nos_passos_de_bernardo_r.jpg\",\"keywords\":[\"Concerto\",\"Cultura\",\"Dan\u00e7a\",\"S\u00e3o Br\u00e1s de Alportel\"],\"articleSection\":[\"Cultura\"],\"inLanguage\":\"pt-PT\",\"potentialAction\":[{\"@type\":\"CommentAction\",\"name\":\"Comment\",\"target\":[\"https:\\\/\\\/algarve7.pt\\\/index.php\\\/2021\\\/10\\\/esta-sexta-feira-danca-se-os-passos-de-bernardo-em-sao-bras-de-alportel\\\/cultura\\\/13\\\/02\\\/#respond\"]}]},{\"@type\":\"WebPage\",\"@id\":\"https:\\\/\\\/algarve7.pt\\\/index.php\\\/2021\\\/10\\\/esta-sexta-feira-danca-se-os-passos-de-bernardo-em-sao-bras-de-alportel\\\/cultura\\\/13\\\/02\\\/\",\"url\":\"https:\\\/\\\/algarve7.pt\\\/index.php\\\/2021\\\/10\\\/esta-sexta-feira-danca-se-os-passos-de-bernardo-em-sao-bras-de-alportel\\\/cultura\\\/13\\\/02\\\/\",\"name\":\"Esta sexta-feira, dan\u00e7a-se os Passos de Bernardo em S\u00e3o Br\u00e1s de Alportel - Algarve 7\",\"isPartOf\":{\"@id\":\"https:\\\/\\\/algarve7.pt\\\/#website\"},\"primaryImageOfPage\":{\"@id\":\"https:\\\/\\\/algarve7.pt\\\/index.php\\\/2021\\\/10\\\/esta-sexta-feira-danca-se-os-passos-de-bernardo-em-sao-bras-de-alportel\\\/cultura\\\/13\\\/02\\\/#primaryimage\"},\"image\":{\"@id\":\"https:\\\/\\\/algarve7.pt\\\/index.php\\\/2021\\\/10\\\/esta-sexta-feira-danca-se-os-passos-de-bernardo-em-sao-bras-de-alportel\\\/cultura\\\/13\\\/02\\\/#primaryimage\"},\"thumbnailUrl\":\"https:\\\/\\\/algarve7.pt\\\/wp-content\\\/uploads\\\/2021\\\/10\\\/Post_IG_dancando_nos_passos_de_bernardo_r.jpg\",\"datePublished\":\"2021-10-27T12:02:57+00:00\",\"dateModified\":\"2021-10-27T12:03:00+00:00\",\"description\":\"Esta sexta-feira, dan\u00e7a-se os Passos de Bernardo em S\u00e3o Br\u00e1s de Alportel Cultura\",\"breadcrumb\":{\"@id\":\"https:\\\/\\\/algarve7.pt\\\/index.php\\\/2021\\\/10\\\/esta-sexta-feira-danca-se-os-passos-de-bernardo-em-sao-bras-de-alportel\\\/cultura\\\/13\\\/02\\\/#breadcrumb\"},\"inLanguage\":\"pt-PT\",\"potentialAction\":[{\"@type\":\"ReadAction\",\"target\":[\"https:\\\/\\\/algarve7.pt\\\/index.php\\\/2021\\\/10\\\/esta-sexta-feira-danca-se-os-passos-de-bernardo-em-sao-bras-de-alportel\\\/cultura\\\/13\\\/02\\\/\"]}]},{\"@type\":\"ImageObject\",\"inLanguage\":\"pt-PT\",\"@id\":\"https:\\\/\\\/algarve7.pt\\\/index.php\\\/2021\\\/10\\\/esta-sexta-feira-danca-se-os-passos-de-bernardo-em-sao-bras-de-alportel\\\/cultura\\\/13\\\/02\\\/#primaryimage\",\"url\":\"https:\\\/\\\/algarve7.pt\\\/wp-content\\\/uploads\\\/2021\\\/10\\\/Post_IG_dancando_nos_passos_de_bernardo_r.jpg\",\"contentUrl\":\"https:\\\/\\\/algarve7.pt\\\/wp-content\\\/uploads\\\/2021\\\/10\\\/Post_IG_dancando_nos_passos_de_bernardo_r.jpg\",\"width\":1080,\"height\":1081},{\"@type\":\"BreadcrumbList\",\"@id\":\"https:\\\/\\\/algarve7.pt\\\/index.php\\\/2021\\\/10\\\/esta-sexta-feira-danca-se-os-passos-de-bernardo-em-sao-bras-de-alportel\\\/cultura\\\/13\\\/02\\\/#breadcrumb\",\"itemListElement\":[{\"@type\":\"ListItem\",\"position\":1,\"name\":\"In\u00edcio\",\"item\":\"https:\\\/\\\/algarve7.pt\\\/\"},{\"@type\":\"ListItem\",\"position\":2,\"name\":\"Esta sexta-feira, dan\u00e7a-se os Passos de Bernardo em S\u00e3o Br\u00e1s de Alportel\"}]},{\"@type\":\"WebSite\",\"@id\":\"https:\\\/\\\/algarve7.pt\\\/#website\",\"url\":\"https:\\\/\\\/algarve7.pt\\\/\",\"name\":\"Algarve 7\",\"description\":\"Informa\u00e7\u00e3o sobre o Algarve\",\"publisher\":{\"@id\":\"https:\\\/\\\/algarve7.pt\\\/#organization\"},\"potentialAction\":[{\"@type\":\"SearchAction\",\"target\":{\"@type\":\"EntryPoint\",\"urlTemplate\":\"https:\\\/\\\/algarve7.pt\\\/?s={search_term_string}\"},\"query-input\":{\"@type\":\"PropertyValueSpecification\",\"valueRequired\":true,\"valueName\":\"search_term_string\"}}],\"inLanguage\":\"pt-PT\"},{\"@type\":\"Organization\",\"@id\":\"https:\\\/\\\/algarve7.pt\\\/#organization\",\"name\":\"Algarve 7\",\"url\":\"https:\\\/\\\/algarve7.pt\\\/\",\"logo\":{\"@type\":\"ImageObject\",\"inLanguage\":\"pt-PT\",\"@id\":\"https:\\\/\\\/algarve7.pt\\\/#\\\/schema\\\/logo\\\/image\\\/\",\"url\":\"https:\\\/\\\/algarve7.pt\\\/wp-content\\\/uploads\\\/2020\\\/10\\\/Logo-8.jpg\",\"contentUrl\":\"https:\\\/\\\/algarve7.pt\\\/wp-content\\\/uploads\\\/2020\\\/10\\\/Logo-8.jpg\",\"width\":1680,\"height\":1186,\"caption\":\"Algarve 7\"},\"image\":{\"@id\":\"https:\\\/\\\/algarve7.pt\\\/#\\\/schema\\\/logo\\\/image\\\/\"},\"sameAs\":[\"https:\\\/\\\/www.facebook.com\\\/algarve7\",\"https:\\\/\\\/x.com\\\/Algarvesete\",\"https:\\\/\\\/www.instagram.com\\\/jornalalgarve7\\\/\",\"https:\\\/\\\/www.linkedin.com\\\/company\\\/algarve7\",\"https:\\\/\\\/www.pinterest.pt\\\/geral0939\\\/_created\\\/\"]},{\"@type\":\"Person\",\"@id\":\"https:\\\/\\\/algarve7.pt\\\/#\\\/schema\\\/person\\\/23fa70681308e7b319a3204bcea45e0c\",\"name\":\"Algarve 7\",\"sameAs\":[\"https:\\\/\\\/algarve7.pt\",\"https:\\\/\\\/www.facebook.com\\\/algarve7\"],\"url\":\"https:\\\/\\\/algarve7.pt\\\/index.php\\\/author\\\/geralalgarve7-pt\\\/\"}]}<\/script>\n<!-- \/ Yoast SEO plugin. -->","yoast_head_json":{"title":"Esta sexta-feira, dan\u00e7a-se os Passos de Bernardo em S\u00e3o Br\u00e1s de Alportel - Algarve 7","description":"Esta sexta-feira, dan\u00e7a-se os Passos de Bernardo em S\u00e3o Br\u00e1s de Alportel Cultura","robots":{"index":"index","follow":"follow","max-snippet":"max-snippet:-1","max-image-preview":"max-image-preview:large","max-video-preview":"max-video-preview:-1"},"canonical":"https:\/\/algarve7.pt\/index.php\/2021\/10\/esta-sexta-feira-danca-se-os-passos-de-bernardo-em-sao-bras-de-alportel\/cultura\/13\/02\/","og_locale":"pt_PT","og_type":"article","og_title":"Esta sexta-feira, dan\u00e7a-se os Passos de Bernardo em S\u00e3o Br\u00e1s de Alportel - Algarve 7","og_description":"Esta sexta-feira, dan\u00e7a-se os Passos de Bernardo em S\u00e3o Br\u00e1s de Alportel Cultura","og_url":"https:\/\/algarve7.pt\/index.php\/2021\/10\/esta-sexta-feira-danca-se-os-passos-de-bernardo-em-sao-bras-de-alportel\/cultura\/13\/02\/","og_site_name":"Algarve 7","article_publisher":"https:\/\/www.facebook.com\/algarve7","article_author":"https:\/\/www.facebook.com\/algarve7","article_published_time":"2021-10-27T12:02:57+00:00","article_modified_time":"2021-10-27T12:03:00+00:00","og_image":[{"width":1080,"height":1081,"url":"https:\/\/algarve7.pt\/wp-content\/uploads\/2021\/10\/Post_IG_dancando_nos_passos_de_bernardo_r.jpg","type":"image\/jpeg"}],"author":"Algarve 7","twitter_card":"summary_large_image","twitter_creator":"@Algarvesete","twitter_site":"@Algarvesete","twitter_misc":{"Escrito por":"Algarve 7","Tempo estimado de leitura":"2 minutos"},"schema":{"@context":"https:\/\/schema.org","@graph":[{"@type":"Article","@id":"https:\/\/algarve7.pt\/index.php\/2021\/10\/esta-sexta-feira-danca-se-os-passos-de-bernardo-em-sao-bras-de-alportel\/cultura\/13\/02\/#article","isPartOf":{"@id":"https:\/\/algarve7.pt\/index.php\/2021\/10\/esta-sexta-feira-danca-se-os-passos-de-bernardo-em-sao-bras-de-alportel\/cultura\/13\/02\/"},"author":{"name":"Algarve 7","@id":"https:\/\/algarve7.pt\/#\/schema\/person\/23fa70681308e7b319a3204bcea45e0c"},"headline":"Esta sexta-feira, dan\u00e7a-se os Passos de Bernardo em S\u00e3o Br\u00e1s de Alportel","datePublished":"2021-10-27T12:02:57+00:00","dateModified":"2021-10-27T12:03:00+00:00","mainEntityOfPage":{"@id":"https:\/\/algarve7.pt\/index.php\/2021\/10\/esta-sexta-feira-danca-se-os-passos-de-bernardo-em-sao-bras-de-alportel\/cultura\/13\/02\/"},"wordCount":439,"commentCount":0,"publisher":{"@id":"https:\/\/algarve7.pt\/#organization"},"image":{"@id":"https:\/\/algarve7.pt\/index.php\/2021\/10\/esta-sexta-feira-danca-se-os-passos-de-bernardo-em-sao-bras-de-alportel\/cultura\/13\/02\/#primaryimage"},"thumbnailUrl":"https:\/\/algarve7.pt\/wp-content\/uploads\/2021\/10\/Post_IG_dancando_nos_passos_de_bernardo_r.jpg","keywords":["Concerto","Cultura","Dan\u00e7a","S\u00e3o Br\u00e1s de Alportel"],"articleSection":["Cultura"],"inLanguage":"pt-PT","potentialAction":[{"@type":"CommentAction","name":"Comment","target":["https:\/\/algarve7.pt\/index.php\/2021\/10\/esta-sexta-feira-danca-se-os-passos-de-bernardo-em-sao-bras-de-alportel\/cultura\/13\/02\/#respond"]}]},{"@type":"WebPage","@id":"https:\/\/algarve7.pt\/index.php\/2021\/10\/esta-sexta-feira-danca-se-os-passos-de-bernardo-em-sao-bras-de-alportel\/cultura\/13\/02\/","url":"https:\/\/algarve7.pt\/index.php\/2021\/10\/esta-sexta-feira-danca-se-os-passos-de-bernardo-em-sao-bras-de-alportel\/cultura\/13\/02\/","name":"Esta sexta-feira, dan\u00e7a-se os Passos de Bernardo em S\u00e3o Br\u00e1s de Alportel - Algarve 7","isPartOf":{"@id":"https:\/\/algarve7.pt\/#website"},"primaryImageOfPage":{"@id":"https:\/\/algarve7.pt\/index.php\/2021\/10\/esta-sexta-feira-danca-se-os-passos-de-bernardo-em-sao-bras-de-alportel\/cultura\/13\/02\/#primaryimage"},"image":{"@id":"https:\/\/algarve7.pt\/index.php\/2021\/10\/esta-sexta-feira-danca-se-os-passos-de-bernardo-em-sao-bras-de-alportel\/cultura\/13\/02\/#primaryimage"},"thumbnailUrl":"https:\/\/algarve7.pt\/wp-content\/uploads\/2021\/10\/Post_IG_dancando_nos_passos_de_bernardo_r.jpg","datePublished":"2021-10-27T12:02:57+00:00","dateModified":"2021-10-27T12:03:00+00:00","description":"Esta sexta-feira, dan\u00e7a-se os Passos de Bernardo em S\u00e3o Br\u00e1s de Alportel Cultura","breadcrumb":{"@id":"https:\/\/algarve7.pt\/index.php\/2021\/10\/esta-sexta-feira-danca-se-os-passos-de-bernardo-em-sao-bras-de-alportel\/cultura\/13\/02\/#breadcrumb"},"inLanguage":"pt-PT","potentialAction":[{"@type":"ReadAction","target":["https:\/\/algarve7.pt\/index.php\/2021\/10\/esta-sexta-feira-danca-se-os-passos-de-bernardo-em-sao-bras-de-alportel\/cultura\/13\/02\/"]}]},{"@type":"ImageObject","inLanguage":"pt-PT","@id":"https:\/\/algarve7.pt\/index.php\/2021\/10\/esta-sexta-feira-danca-se-os-passos-de-bernardo-em-sao-bras-de-alportel\/cultura\/13\/02\/#primaryimage","url":"https:\/\/algarve7.pt\/wp-content\/uploads\/2021\/10\/Post_IG_dancando_nos_passos_de_bernardo_r.jpg","contentUrl":"https:\/\/algarve7.pt\/wp-content\/uploads\/2021\/10\/Post_IG_dancando_nos_passos_de_bernardo_r.jpg","width":1080,"height":1081},{"@type":"BreadcrumbList","@id":"https:\/\/algarve7.pt\/index.php\/2021\/10\/esta-sexta-feira-danca-se-os-passos-de-bernardo-em-sao-bras-de-alportel\/cultura\/13\/02\/#breadcrumb","itemListElement":[{"@type":"ListItem","position":1,"name":"In\u00edcio","item":"https:\/\/algarve7.pt\/"},{"@type":"ListItem","position":2,"name":"Esta sexta-feira, dan\u00e7a-se os Passos de Bernardo em S\u00e3o Br\u00e1s de Alportel"}]},{"@type":"WebSite","@id":"https:\/\/algarve7.pt\/#website","url":"https:\/\/algarve7.pt\/","name":"Algarve 7","description":"Informa\u00e7\u00e3o sobre o Algarve","publisher":{"@id":"https:\/\/algarve7.pt\/#organization"},"potentialAction":[{"@type":"SearchAction","target":{"@type":"EntryPoint","urlTemplate":"https:\/\/algarve7.pt\/?s={search_term_string}"},"query-input":{"@type":"PropertyValueSpecification","valueRequired":true,"valueName":"search_term_string"}}],"inLanguage":"pt-PT"},{"@type":"Organization","@id":"https:\/\/algarve7.pt\/#organization","name":"Algarve 7","url":"https:\/\/algarve7.pt\/","logo":{"@type":"ImageObject","inLanguage":"pt-PT","@id":"https:\/\/algarve7.pt\/#\/schema\/logo\/image\/","url":"https:\/\/algarve7.pt\/wp-content\/uploads\/2020\/10\/Logo-8.jpg","contentUrl":"https:\/\/algarve7.pt\/wp-content\/uploads\/2020\/10\/Logo-8.jpg","width":1680,"height":1186,"caption":"Algarve 7"},"image":{"@id":"https:\/\/algarve7.pt\/#\/schema\/logo\/image\/"},"sameAs":["https:\/\/www.facebook.com\/algarve7","https:\/\/x.com\/Algarvesete","https:\/\/www.instagram.com\/jornalalgarve7\/","https:\/\/www.linkedin.com\/company\/algarve7","https:\/\/www.pinterest.pt\/geral0939\/_created\/"]},{"@type":"Person","@id":"https:\/\/algarve7.pt\/#\/schema\/person\/23fa70681308e7b319a3204bcea45e0c","name":"Algarve 7","sameAs":["https:\/\/algarve7.pt","https:\/\/www.facebook.com\/algarve7"],"url":"https:\/\/algarve7.pt\/index.php\/author\/geralalgarve7-pt\/"}]}},"jetpack_publicize_connections":[],"jetpack_featured_media_url":"https:\/\/algarve7.pt\/wp-content\/uploads\/2021\/10\/Post_IG_dancando_nos_passos_de_bernardo_r.jpg","jetpack_shortlink":"https:\/\/wp.me\/pcezmW-3f7","jetpack_sharing_enabled":true,"_links":{"self":[{"href":"https:\/\/algarve7.pt\/index.php\/wp-json\/wp\/v2\/posts\/12469","targetHints":{"allow":["GET"]}}],"collection":[{"href":"https:\/\/algarve7.pt\/index.php\/wp-json\/wp\/v2\/posts"}],"about":[{"href":"https:\/\/algarve7.pt\/index.php\/wp-json\/wp\/v2\/types\/post"}],"author":[{"embeddable":true,"href":"https:\/\/algarve7.pt\/index.php\/wp-json\/wp\/v2\/users\/1"}],"replies":[{"embeddable":true,"href":"https:\/\/algarve7.pt\/index.php\/wp-json\/wp\/v2\/comments?post=12469"}],"version-history":[{"count":0,"href":"https:\/\/algarve7.pt\/index.php\/wp-json\/wp\/v2\/posts\/12469\/revisions"}],"wp:featuredmedia":[{"embeddable":true,"href":"https:\/\/algarve7.pt\/index.php\/wp-json\/wp\/v2\/media\/12470"}],"wp:attachment":[{"href":"https:\/\/algarve7.pt\/index.php\/wp-json\/wp\/v2\/media?parent=12469"}],"wp:term":[{"taxonomy":"category","embeddable":true,"href":"https:\/\/algarve7.pt\/index.php\/wp-json\/wp\/v2\/categories?post=12469"},{"taxonomy":"post_tag","embeddable":true,"href":"https:\/\/algarve7.pt\/index.php\/wp-json\/wp\/v2\/tags?post=12469"}],"curies":[{"name":"wp","href":"https:\/\/api.w.org\/{rel}","templated":true}]}}