{"id":12423,"date":"2021-10-25T18:35:14","date_gmt":"2021-10-25T17:35:14","guid":{"rendered":"https:\/\/algarve7.pt\/?p=12423"},"modified":"2021-10-25T18:35:17","modified_gmt":"2021-10-25T17:35:17","slug":"cooperacao-maritima-entre-dez-paises-testada-ao-sul-de-portugal","status":"publish","type":"post","link":"https:\/\/algarve7.pt\/index.php\/2021\/10\/cooperacao-maritima-entre-dez-paises-testada-ao-sul-de-portugal\/atualidade\/18\/35\/","title":{"rendered":"Coopera\u00e7\u00e3o mar\u00edtima entre dez pa\u00edses testada ao Sul de Portugal"},"content":{"rendered":"\n<p>A Marinha organiza, a partir de amanh\u00e3 e at\u00e9 ao dia 29 de outubro, nas \u00e1reas ao sul de Portim\u00e3o, o exerc\u00edcio SEABORDER21 cujo objetivo \u00e9 treinar t\u00e9cnicas, t\u00e1ticas e procedimentos de opera\u00e7\u00f5es de seguran\u00e7a mar\u00edtima para o exerc\u00edcio da autoridade do Estado no mar, assim como, refor\u00e7ar a coopera\u00e7\u00e3o entre as For\u00e7as Armadas dos 10 pa\u00edses participantes.<\/p>\n\n\n\n<p>O exerc\u00edcio contar\u00e1 com oito navios e duas aeronaves de vigil\u00e2ncia mar\u00edtima, num quantitativo aproximado de 400 militares pertencentes aos pa\u00edses da Iniciativa 5+5 Defesa. Portugal ir\u00e1 participar atrav\u00e9s de um Navio de Patrulha Oce\u00e2nico e duas Lanchas de Fiscaliza\u00e7\u00e3o R\u00e1pida da Marinha e uma aeronave de patrulha mar\u00edtima da For\u00e7a A\u00e9rea Portuguesa.&nbsp;<br>O SEABORDER21 refor\u00e7a ainda a coopera\u00e7\u00e3o entre as For\u00e7as Armadas dos dez pa\u00edses. Nomeadamente, o fortalecimento da partilha de informa\u00e7\u00e3o entre os Centros de Opera\u00e7\u00f5es Mar\u00edtimas, e o emprego operacional dos navios, aeronaves e ve\u00edculos n\u00e3o tripulados no combate \u00e0s atividades il\u00edcitas no mar.&nbsp;<br>A Iniciativa 5+5 Defesa, estabelecida em 2004, integra os 5 pa\u00edses da margem norte e os 5 pa\u00edses da margem sul do Mar Mediterr\u00e2neo Ocidental: Arg\u00e9lia, Espanha, Fran\u00e7a, It\u00e1lia, L\u00edbia, Malta, Maurit\u00e2nia, Marrocos, Portugal e Tun\u00edsia; e visa contribuir para a manuten\u00e7\u00e3o e promo\u00e7\u00e3o da confian\u00e7a, colabora\u00e7\u00e3o e coopera\u00e7\u00e3o m\u00fatua entre as estruturas de defesa.<\/p>\n","protected":false},"excerpt":{"rendered":"<p>A Marinha organiza, a partir de amanh\u00e3 e at\u00e9 ao dia 29 de outubro, nas \u00e1reas ao sul de Portim\u00e3o,<\/p>\n","protected":false},"author":1,"featured_media":12424,"comment_status":"open","ping_status":"open","sticky":false,"template":"","format":"standard","meta":{"colormag_page_container_layout":"default_layout","colormag_page_sidebar_layout":"default_layout","_monsterinsights_skip_tracking":false,"_monsterinsights_sitenote_active":false,"_monsterinsights_sitenote_note":"","_monsterinsights_sitenote_category":0,"jetpack_post_was_ever_published":false,"_jetpack_newsletter_access":"","_jetpack_dont_email_post_to_subs":false,"_jetpack_newsletter_tier_id":0,"_jetpack_memberships_contains_paywalled_content":false,"_jetpack_memberships_contains_paid_content":false,"footnotes":"","jetpack_publicize_message":"","jetpack_publicize_feature_enabled":true,"jetpack_social_post_already_shared":true,"jetpack_social_options":{"image_generator_settings":{"template":"highway","default_image_id":0,"font":"","enabled":false},"version":2}},"categories":[11],"tags":[36,62,170,72],"class_list":["post-12423","post","type-post","status-publish","format-standard","has-post-thumbnail","hentry","category-atualidade","tag-algarve","tag-atualidade","tag-marinha","tag-portimao"],"yoast_head":"<!-- This site is optimized with the Yoast SEO plugin v27.5 - https:\/\/yoast.com\/product\/yoast-seo-wordpress\/ -->\n<title>Coopera\u00e7\u00e3o mar\u00edtima entre dez pa\u00edses testada ao Sul de Portugal - Algarve 7<\/title>\n<meta name=\"description\" content=\"Coopera\u00e7\u00e3o mar\u00edtima entre dez pa\u00edses testada ao Sul de Portugal Atualidade\" \/>\n<meta name=\"robots\" content=\"index, follow, max-snippet:-1, max-image-preview:large, max-video-preview:-1\" \/>\n<link rel=\"canonical\" href=\"https:\/\/algarve7.pt\/index.php\/2021\/10\/cooperacao-maritima-entre-dez-paises-testada-ao-sul-de-portugal\/atualidade\/18\/35\/\" \/>\n<meta property=\"og:locale\" content=\"pt_PT\" \/>\n<meta property=\"og:type\" content=\"article\" \/>\n<meta property=\"og:title\" content=\"Coopera\u00e7\u00e3o mar\u00edtima entre dez pa\u00edses testada ao Sul de Portugal - Algarve 7\" \/>\n<meta property=\"og:description\" content=\"Coopera\u00e7\u00e3o mar\u00edtima entre dez pa\u00edses testada ao Sul de Portugal Atualidade\" \/>\n<meta property=\"og:url\" content=\"https:\/\/algarve7.pt\/index.php\/2021\/10\/cooperacao-maritima-entre-dez-paises-testada-ao-sul-de-portugal\/atualidade\/18\/35\/\" \/>\n<meta property=\"og:site_name\" content=\"Algarve 7\" \/>\n<meta property=\"article:publisher\" content=\"https:\/\/www.facebook.com\/algarve7\" \/>\n<meta property=\"article:author\" content=\"https:\/\/www.facebook.com\/algarve7\" \/>\n<meta property=\"article:published_time\" content=\"2021-10-25T17:35:14+00:00\" \/>\n<meta property=\"article:modified_time\" content=\"2021-10-25T17:35:17+00:00\" \/>\n<meta property=\"og:image\" content=\"https:\/\/algarve7.pt\/wp-content\/uploads\/2021\/10\/Captura-de-ecra-2021-10-25-as-18.34.31-1024x846.png\" \/>\n\t<meta property=\"og:image:width\" content=\"1024\" \/>\n\t<meta property=\"og:image:height\" content=\"846\" \/>\n\t<meta property=\"og:image:type\" content=\"image\/png\" \/>\n<meta name=\"author\" content=\"Algarve 7\" \/>\n<meta name=\"twitter:card\" content=\"summary_large_image\" \/>\n<meta name=\"twitter:creator\" content=\"@Algarvesete\" \/>\n<meta name=\"twitter:site\" content=\"@Algarvesete\" \/>\n<meta name=\"twitter:label1\" content=\"Escrito por\" \/>\n\t<meta name=\"twitter:data1\" content=\"Algarve 7\" \/>\n\t<meta name=\"twitter:label2\" content=\"Tempo estimado de leitura\" \/>\n\t<meta name=\"twitter:data2\" content=\"1 minuto\" \/>\n<script type=\"application\/ld+json\" class=\"yoast-schema-graph\">{\"@context\":\"https:\\\/\\\/schema.org\",\"@graph\":[{\"@type\":\"Article\",\"@id\":\"https:\\\/\\\/algarve7.pt\\\/index.php\\\/2021\\\/10\\\/cooperacao-maritima-entre-dez-paises-testada-ao-sul-de-portugal\\\/atualidade\\\/18\\\/35\\\/#article\",\"isPartOf\":{\"@id\":\"https:\\\/\\\/algarve7.pt\\\/index.php\\\/2021\\\/10\\\/cooperacao-maritima-entre-dez-paises-testada-ao-sul-de-portugal\\\/atualidade\\\/18\\\/35\\\/\"},\"author\":{\"name\":\"Algarve 7\",\"@id\":\"https:\\\/\\\/algarve7.pt\\\/#\\\/schema\\\/person\\\/23fa70681308e7b319a3204bcea45e0c\"},\"headline\":\"Coopera\u00e7\u00e3o mar\u00edtima entre dez pa\u00edses testada ao Sul de Portugal\",\"datePublished\":\"2021-10-25T17:35:14+00:00\",\"dateModified\":\"2021-10-25T17:35:17+00:00\",\"mainEntityOfPage\":{\"@id\":\"https:\\\/\\\/algarve7.pt\\\/index.php\\\/2021\\\/10\\\/cooperacao-maritima-entre-dez-paises-testada-ao-sul-de-portugal\\\/atualidade\\\/18\\\/35\\\/\"},\"wordCount\":264,\"commentCount\":0,\"publisher\":{\"@id\":\"https:\\\/\\\/algarve7.pt\\\/#organization\"},\"image\":{\"@id\":\"https:\\\/\\\/algarve7.pt\\\/index.php\\\/2021\\\/10\\\/cooperacao-maritima-entre-dez-paises-testada-ao-sul-de-portugal\\\/atualidade\\\/18\\\/35\\\/#primaryimage\"},\"thumbnailUrl\":\"https:\\\/\\\/algarve7.pt\\\/wp-content\\\/uploads\\\/2021\\\/10\\\/Captura-de-ecra-2021-10-25-as-18.34.31.png\",\"keywords\":[\"Algarve\",\"Atualidade\",\"Marinha\",\"Portim\u00e3o\"],\"articleSection\":[\"Atualidade\"],\"inLanguage\":\"pt-PT\",\"potentialAction\":[{\"@type\":\"CommentAction\",\"name\":\"Comment\",\"target\":[\"https:\\\/\\\/algarve7.pt\\\/index.php\\\/2021\\\/10\\\/cooperacao-maritima-entre-dez-paises-testada-ao-sul-de-portugal\\\/atualidade\\\/18\\\/35\\\/#respond\"]}]},{\"@type\":\"WebPage\",\"@id\":\"https:\\\/\\\/algarve7.pt\\\/index.php\\\/2021\\\/10\\\/cooperacao-maritima-entre-dez-paises-testada-ao-sul-de-portugal\\\/atualidade\\\/18\\\/35\\\/\",\"url\":\"https:\\\/\\\/algarve7.pt\\\/index.php\\\/2021\\\/10\\\/cooperacao-maritima-entre-dez-paises-testada-ao-sul-de-portugal\\\/atualidade\\\/18\\\/35\\\/\",\"name\":\"Coopera\u00e7\u00e3o mar\u00edtima entre dez pa\u00edses testada ao Sul de Portugal - Algarve 7\",\"isPartOf\":{\"@id\":\"https:\\\/\\\/algarve7.pt\\\/#website\"},\"primaryImageOfPage\":{\"@id\":\"https:\\\/\\\/algarve7.pt\\\/index.php\\\/2021\\\/10\\\/cooperacao-maritima-entre-dez-paises-testada-ao-sul-de-portugal\\\/atualidade\\\/18\\\/35\\\/#primaryimage\"},\"image\":{\"@id\":\"https:\\\/\\\/algarve7.pt\\\/index.php\\\/2021\\\/10\\\/cooperacao-maritima-entre-dez-paises-testada-ao-sul-de-portugal\\\/atualidade\\\/18\\\/35\\\/#primaryimage\"},\"thumbnailUrl\":\"https:\\\/\\\/algarve7.pt\\\/wp-content\\\/uploads\\\/2021\\\/10\\\/Captura-de-ecra-2021-10-25-as-18.34.31.png\",\"datePublished\":\"2021-10-25T17:35:14+00:00\",\"dateModified\":\"2021-10-25T17:35:17+00:00\",\"description\":\"Coopera\u00e7\u00e3o mar\u00edtima entre dez pa\u00edses testada ao Sul de Portugal Atualidade\",\"breadcrumb\":{\"@id\":\"https:\\\/\\\/algarve7.pt\\\/index.php\\\/2021\\\/10\\\/cooperacao-maritima-entre-dez-paises-testada-ao-sul-de-portugal\\\/atualidade\\\/18\\\/35\\\/#breadcrumb\"},\"inLanguage\":\"pt-PT\",\"potentialAction\":[{\"@type\":\"ReadAction\",\"target\":[\"https:\\\/\\\/algarve7.pt\\\/index.php\\\/2021\\\/10\\\/cooperacao-maritima-entre-dez-paises-testada-ao-sul-de-portugal\\\/atualidade\\\/18\\\/35\\\/\"]}]},{\"@type\":\"ImageObject\",\"inLanguage\":\"pt-PT\",\"@id\":\"https:\\\/\\\/algarve7.pt\\\/index.php\\\/2021\\\/10\\\/cooperacao-maritima-entre-dez-paises-testada-ao-sul-de-portugal\\\/atualidade\\\/18\\\/35\\\/#primaryimage\",\"url\":\"https:\\\/\\\/algarve7.pt\\\/wp-content\\\/uploads\\\/2021\\\/10\\\/Captura-de-ecra-2021-10-25-as-18.34.31.png\",\"contentUrl\":\"https:\\\/\\\/algarve7.pt\\\/wp-content\\\/uploads\\\/2021\\\/10\\\/Captura-de-ecra-2021-10-25-as-18.34.31.png\",\"width\":1404,\"height\":1160},{\"@type\":\"BreadcrumbList\",\"@id\":\"https:\\\/\\\/algarve7.pt\\\/index.php\\\/2021\\\/10\\\/cooperacao-maritima-entre-dez-paises-testada-ao-sul-de-portugal\\\/atualidade\\\/18\\\/35\\\/#breadcrumb\",\"itemListElement\":[{\"@type\":\"ListItem\",\"position\":1,\"name\":\"In\u00edcio\",\"item\":\"https:\\\/\\\/algarve7.pt\\\/\"},{\"@type\":\"ListItem\",\"position\":2,\"name\":\"Coopera\u00e7\u00e3o mar\u00edtima entre dez pa\u00edses testada ao Sul de Portugal\"}]},{\"@type\":\"WebSite\",\"@id\":\"https:\\\/\\\/algarve7.pt\\\/#website\",\"url\":\"https:\\\/\\\/algarve7.pt\\\/\",\"name\":\"Algarve 7\",\"description\":\"Informa\u00e7\u00e3o sobre o Algarve\",\"publisher\":{\"@id\":\"https:\\\/\\\/algarve7.pt\\\/#organization\"},\"potentialAction\":[{\"@type\":\"SearchAction\",\"target\":{\"@type\":\"EntryPoint\",\"urlTemplate\":\"https:\\\/\\\/algarve7.pt\\\/?s={search_term_string}\"},\"query-input\":{\"@type\":\"PropertyValueSpecification\",\"valueRequired\":true,\"valueName\":\"search_term_string\"}}],\"inLanguage\":\"pt-PT\"},{\"@type\":\"Organization\",\"@id\":\"https:\\\/\\\/algarve7.pt\\\/#organization\",\"name\":\"Algarve 7\",\"url\":\"https:\\\/\\\/algarve7.pt\\\/\",\"logo\":{\"@type\":\"ImageObject\",\"inLanguage\":\"pt-PT\",\"@id\":\"https:\\\/\\\/algarve7.pt\\\/#\\\/schema\\\/logo\\\/image\\\/\",\"url\":\"https:\\\/\\\/algarve7.pt\\\/wp-content\\\/uploads\\\/2020\\\/10\\\/Logo-8.jpg\",\"contentUrl\":\"https:\\\/\\\/algarve7.pt\\\/wp-content\\\/uploads\\\/2020\\\/10\\\/Logo-8.jpg\",\"width\":1680,\"height\":1186,\"caption\":\"Algarve 7\"},\"image\":{\"@id\":\"https:\\\/\\\/algarve7.pt\\\/#\\\/schema\\\/logo\\\/image\\\/\"},\"sameAs\":[\"https:\\\/\\\/www.facebook.com\\\/algarve7\",\"https:\\\/\\\/x.com\\\/Algarvesete\",\"https:\\\/\\\/www.instagram.com\\\/jornalalgarve7\\\/\",\"https:\\\/\\\/www.linkedin.com\\\/company\\\/algarve7\",\"https:\\\/\\\/www.pinterest.pt\\\/geral0939\\\/_created\\\/\"]},{\"@type\":\"Person\",\"@id\":\"https:\\\/\\\/algarve7.pt\\\/#\\\/schema\\\/person\\\/23fa70681308e7b319a3204bcea45e0c\",\"name\":\"Algarve 7\",\"sameAs\":[\"https:\\\/\\\/algarve7.pt\",\"https:\\\/\\\/www.facebook.com\\\/algarve7\"],\"url\":\"https:\\\/\\\/algarve7.pt\\\/index.php\\\/author\\\/geralalgarve7-pt\\\/\"}]}<\/script>\n<!-- \/ Yoast SEO plugin. -->","yoast_head_json":{"title":"Coopera\u00e7\u00e3o mar\u00edtima entre dez pa\u00edses testada ao Sul de Portugal - Algarve 7","description":"Coopera\u00e7\u00e3o mar\u00edtima entre dez pa\u00edses testada ao Sul de Portugal Atualidade","robots":{"index":"index","follow":"follow","max-snippet":"max-snippet:-1","max-image-preview":"max-image-preview:large","max-video-preview":"max-video-preview:-1"},"canonical":"https:\/\/algarve7.pt\/index.php\/2021\/10\/cooperacao-maritima-entre-dez-paises-testada-ao-sul-de-portugal\/atualidade\/18\/35\/","og_locale":"pt_PT","og_type":"article","og_title":"Coopera\u00e7\u00e3o mar\u00edtima entre dez pa\u00edses testada ao Sul de Portugal - Algarve 7","og_description":"Coopera\u00e7\u00e3o mar\u00edtima entre dez pa\u00edses testada ao Sul de Portugal Atualidade","og_url":"https:\/\/algarve7.pt\/index.php\/2021\/10\/cooperacao-maritima-entre-dez-paises-testada-ao-sul-de-portugal\/atualidade\/18\/35\/","og_site_name":"Algarve 7","article_publisher":"https:\/\/www.facebook.com\/algarve7","article_author":"https:\/\/www.facebook.com\/algarve7","article_published_time":"2021-10-25T17:35:14+00:00","article_modified_time":"2021-10-25T17:35:17+00:00","og_image":[{"width":1024,"height":846,"url":"https:\/\/algarve7.pt\/wp-content\/uploads\/2021\/10\/Captura-de-ecra-2021-10-25-as-18.34.31-1024x846.png","type":"image\/png"}],"author":"Algarve 7","twitter_card":"summary_large_image","twitter_creator":"@Algarvesete","twitter_site":"@Algarvesete","twitter_misc":{"Escrito por":"Algarve 7","Tempo estimado de leitura":"1 minuto"},"schema":{"@context":"https:\/\/schema.org","@graph":[{"@type":"Article","@id":"https:\/\/algarve7.pt\/index.php\/2021\/10\/cooperacao-maritima-entre-dez-paises-testada-ao-sul-de-portugal\/atualidade\/18\/35\/#article","isPartOf":{"@id":"https:\/\/algarve7.pt\/index.php\/2021\/10\/cooperacao-maritima-entre-dez-paises-testada-ao-sul-de-portugal\/atualidade\/18\/35\/"},"author":{"name":"Algarve 7","@id":"https:\/\/algarve7.pt\/#\/schema\/person\/23fa70681308e7b319a3204bcea45e0c"},"headline":"Coopera\u00e7\u00e3o mar\u00edtima entre dez pa\u00edses testada ao Sul de Portugal","datePublished":"2021-10-25T17:35:14+00:00","dateModified":"2021-10-25T17:35:17+00:00","mainEntityOfPage":{"@id":"https:\/\/algarve7.pt\/index.php\/2021\/10\/cooperacao-maritima-entre-dez-paises-testada-ao-sul-de-portugal\/atualidade\/18\/35\/"},"wordCount":264,"commentCount":0,"publisher":{"@id":"https:\/\/algarve7.pt\/#organization"},"image":{"@id":"https:\/\/algarve7.pt\/index.php\/2021\/10\/cooperacao-maritima-entre-dez-paises-testada-ao-sul-de-portugal\/atualidade\/18\/35\/#primaryimage"},"thumbnailUrl":"https:\/\/algarve7.pt\/wp-content\/uploads\/2021\/10\/Captura-de-ecra-2021-10-25-as-18.34.31.png","keywords":["Algarve","Atualidade","Marinha","Portim\u00e3o"],"articleSection":["Atualidade"],"inLanguage":"pt-PT","potentialAction":[{"@type":"CommentAction","name":"Comment","target":["https:\/\/algarve7.pt\/index.php\/2021\/10\/cooperacao-maritima-entre-dez-paises-testada-ao-sul-de-portugal\/atualidade\/18\/35\/#respond"]}]},{"@type":"WebPage","@id":"https:\/\/algarve7.pt\/index.php\/2021\/10\/cooperacao-maritima-entre-dez-paises-testada-ao-sul-de-portugal\/atualidade\/18\/35\/","url":"https:\/\/algarve7.pt\/index.php\/2021\/10\/cooperacao-maritima-entre-dez-paises-testada-ao-sul-de-portugal\/atualidade\/18\/35\/","name":"Coopera\u00e7\u00e3o mar\u00edtima entre dez pa\u00edses testada ao Sul de Portugal - Algarve 7","isPartOf":{"@id":"https:\/\/algarve7.pt\/#website"},"primaryImageOfPage":{"@id":"https:\/\/algarve7.pt\/index.php\/2021\/10\/cooperacao-maritima-entre-dez-paises-testada-ao-sul-de-portugal\/atualidade\/18\/35\/#primaryimage"},"image":{"@id":"https:\/\/algarve7.pt\/index.php\/2021\/10\/cooperacao-maritima-entre-dez-paises-testada-ao-sul-de-portugal\/atualidade\/18\/35\/#primaryimage"},"thumbnailUrl":"https:\/\/algarve7.pt\/wp-content\/uploads\/2021\/10\/Captura-de-ecra-2021-10-25-as-18.34.31.png","datePublished":"2021-10-25T17:35:14+00:00","dateModified":"2021-10-25T17:35:17+00:00","description":"Coopera\u00e7\u00e3o mar\u00edtima entre dez pa\u00edses testada ao Sul de Portugal Atualidade","breadcrumb":{"@id":"https:\/\/algarve7.pt\/index.php\/2021\/10\/cooperacao-maritima-entre-dez-paises-testada-ao-sul-de-portugal\/atualidade\/18\/35\/#breadcrumb"},"inLanguage":"pt-PT","potentialAction":[{"@type":"ReadAction","target":["https:\/\/algarve7.pt\/index.php\/2021\/10\/cooperacao-maritima-entre-dez-paises-testada-ao-sul-de-portugal\/atualidade\/18\/35\/"]}]},{"@type":"ImageObject","inLanguage":"pt-PT","@id":"https:\/\/algarve7.pt\/index.php\/2021\/10\/cooperacao-maritima-entre-dez-paises-testada-ao-sul-de-portugal\/atualidade\/18\/35\/#primaryimage","url":"https:\/\/algarve7.pt\/wp-content\/uploads\/2021\/10\/Captura-de-ecra-2021-10-25-as-18.34.31.png","contentUrl":"https:\/\/algarve7.pt\/wp-content\/uploads\/2021\/10\/Captura-de-ecra-2021-10-25-as-18.34.31.png","width":1404,"height":1160},{"@type":"BreadcrumbList","@id":"https:\/\/algarve7.pt\/index.php\/2021\/10\/cooperacao-maritima-entre-dez-paises-testada-ao-sul-de-portugal\/atualidade\/18\/35\/#breadcrumb","itemListElement":[{"@type":"ListItem","position":1,"name":"In\u00edcio","item":"https:\/\/algarve7.pt\/"},{"@type":"ListItem","position":2,"name":"Coopera\u00e7\u00e3o mar\u00edtima entre dez pa\u00edses testada ao Sul de Portugal"}]},{"@type":"WebSite","@id":"https:\/\/algarve7.pt\/#website","url":"https:\/\/algarve7.pt\/","name":"Algarve 7","description":"Informa\u00e7\u00e3o sobre o Algarve","publisher":{"@id":"https:\/\/algarve7.pt\/#organization"},"potentialAction":[{"@type":"SearchAction","target":{"@type":"EntryPoint","urlTemplate":"https:\/\/algarve7.pt\/?s={search_term_string}"},"query-input":{"@type":"PropertyValueSpecification","valueRequired":true,"valueName":"search_term_string"}}],"inLanguage":"pt-PT"},{"@type":"Organization","@id":"https:\/\/algarve7.pt\/#organization","name":"Algarve 7","url":"https:\/\/algarve7.pt\/","logo":{"@type":"ImageObject","inLanguage":"pt-PT","@id":"https:\/\/algarve7.pt\/#\/schema\/logo\/image\/","url":"https:\/\/algarve7.pt\/wp-content\/uploads\/2020\/10\/Logo-8.jpg","contentUrl":"https:\/\/algarve7.pt\/wp-content\/uploads\/2020\/10\/Logo-8.jpg","width":1680,"height":1186,"caption":"Algarve 7"},"image":{"@id":"https:\/\/algarve7.pt\/#\/schema\/logo\/image\/"},"sameAs":["https:\/\/www.facebook.com\/algarve7","https:\/\/x.com\/Algarvesete","https:\/\/www.instagram.com\/jornalalgarve7\/","https:\/\/www.linkedin.com\/company\/algarve7","https:\/\/www.pinterest.pt\/geral0939\/_created\/"]},{"@type":"Person","@id":"https:\/\/algarve7.pt\/#\/schema\/person\/23fa70681308e7b319a3204bcea45e0c","name":"Algarve 7","sameAs":["https:\/\/algarve7.pt","https:\/\/www.facebook.com\/algarve7"],"url":"https:\/\/algarve7.pt\/index.php\/author\/geralalgarve7-pt\/"}]}},"jetpack_publicize_connections":[],"jetpack_featured_media_url":"https:\/\/algarve7.pt\/wp-content\/uploads\/2021\/10\/Captura-de-ecra-2021-10-25-as-18.34.31.png","jetpack_shortlink":"https:\/\/wp.me\/pcezmW-3en","jetpack_sharing_enabled":true,"_links":{"self":[{"href":"https:\/\/algarve7.pt\/index.php\/wp-json\/wp\/v2\/posts\/12423","targetHints":{"allow":["GET"]}}],"collection":[{"href":"https:\/\/algarve7.pt\/index.php\/wp-json\/wp\/v2\/posts"}],"about":[{"href":"https:\/\/algarve7.pt\/index.php\/wp-json\/wp\/v2\/types\/post"}],"author":[{"embeddable":true,"href":"https:\/\/algarve7.pt\/index.php\/wp-json\/wp\/v2\/users\/1"}],"replies":[{"embeddable":true,"href":"https:\/\/algarve7.pt\/index.php\/wp-json\/wp\/v2\/comments?post=12423"}],"version-history":[{"count":0,"href":"https:\/\/algarve7.pt\/index.php\/wp-json\/wp\/v2\/posts\/12423\/revisions"}],"wp:featuredmedia":[{"embeddable":true,"href":"https:\/\/algarve7.pt\/index.php\/wp-json\/wp\/v2\/media\/12424"}],"wp:attachment":[{"href":"https:\/\/algarve7.pt\/index.php\/wp-json\/wp\/v2\/media?parent=12423"}],"wp:term":[{"taxonomy":"category","embeddable":true,"href":"https:\/\/algarve7.pt\/index.php\/wp-json\/wp\/v2\/categories?post=12423"},{"taxonomy":"post_tag","embeddable":true,"href":"https:\/\/algarve7.pt\/index.php\/wp-json\/wp\/v2\/tags?post=12423"}],"curies":[{"name":"wp","href":"https:\/\/api.w.org\/{rel}","templated":true}]}}