{"id":12367,"date":"2021-10-24T18:56:27","date_gmt":"2021-10-24T17:56:27","guid":{"rendered":"https:\/\/algarve7.pt\/?p=12367"},"modified":"2021-10-24T18:56:29","modified_gmt":"2021-10-24T17:56:29","slug":"apresentacao-e-auscultacao-publica-sobre-a-politica-agricola-comum-pela-senhora-ministra-da-agricultura-dra-maria-do-ceu-antunes","status":"publish","type":"post","link":"https:\/\/algarve7.pt\/index.php\/2021\/10\/apresentacao-e-auscultacao-publica-sobre-a-politica-agricola-comum-pela-senhora-ministra-da-agricultura-dra-maria-do-ceu-antunes\/atualidade\/18\/56\/","title":{"rendered":"Apresenta\u00e7\u00e3o e ausculta\u00e7\u00e3o p\u00fablica sobre a Pol\u00edtica Agr\u00edcola Comum, pela Senhora Ministra da Agricultura, Dra. Maria do C\u00e9u Antunes"},"content":{"rendered":"\n<p>A ausculta\u00e7\u00e3o e participa\u00e7\u00e3o p\u00fablica dos cidad\u00e3os s\u00e3o afirma\u00e7\u00e3o do Estado Democr\u00e1tico, do aprofundamento da democracia participativa.<\/p>\n\n\n\n<p><strong>As Comiss\u00f5es de Coordena\u00e7\u00e3o e Desenvolvimento Regional integram na sua miss\u00e3o e atribui\u00e7\u00f5es a compet\u00eancia para assegurar a coordena\u00e7\u00e3o e a articula\u00e7\u00e3o das diversas pol\u00edticas sectoriais de \u00e2mbito regional<\/strong>. A legitimidade democr\u00e1tica resultante da designa\u00e7\u00e3o dos Presidentes das CCDR atrav\u00e9s de um col\u00e9gio eleitoral de representantes das autarquias da Regi\u00e3o mais refor\u00e7ou esta nossa responsabilidade em contribuir para uma pol\u00edtica de desenvolvimento regional no quadro da pol\u00edtica de desenvolvimento econ\u00f3mico e social do Pa\u00eds.<\/p>\n\n\n\n<p>A agricultura e o desenvolvimento rural, a fileira da agroind\u00fastria e da transforma\u00e7\u00e3o, \u00e9 chave para o atenuar da nossa especializa\u00e7\u00e3o econ\u00f3mica predominante no Turismo e um setor incontorn\u00e1vel para a sempre almejada diversifica\u00e7\u00e3o da base econ\u00f3mica.<\/p>\n\n\n\n<p>No Algarve, a Estrat\u00e9gia 2030 da Regi\u00e3o sublinha justamente este objetivo estrat\u00e9gico.<\/p>\n\n\n\n<p><strong>O Algarve tem todas as condi\u00e7\u00f5es para uma agricultura competitiva e sustent\u00e1vel, consolidando e aprofundando uma oferta de produtos de alta qualidade, com destaque nos frutos e vegetais frescos, no vinho, nas plantas e flores, na alfarroba e nos frutos de casca rija, na am\u00eandoa, afirmando o registo da import\u00e2ncia da Dieta Mediterr\u00e2nica para uma vida saud\u00e1vel e para a qualidade de vida.<\/strong><strong><\/strong><\/p>\n\n\n\n<p><strong>Temos um enorm\u00edssimo desafio pela frente: A gest\u00e3o da \u00e1gua<\/strong>. Ao n\u00edvel europeu, apesar do aumento da procura devido \u00e0s altera\u00e7\u00f5es clim\u00e1ticas, do aumento das temperaturas e de menores quantidades de precipita\u00e7\u00e3o, tem-se registado uma diminui\u00e7\u00e3o da capta\u00e7\u00e3o de \u00e1gua para a agricultura desde a d\u00e9cada de 1990. No Algarve, e sem preju\u00edzo de todo o trabalho de aperfei\u00e7oamento e monitoriza\u00e7\u00e3o de dados a realizar, aponta-se para uma redu\u00e7\u00e3o na capta\u00e7\u00e3o de \u00e1gua para a agricultura na ordem dos 50 por cento, ao longo dos \u00faltimos 20 anos.<\/p>\n\n\n\n<p><strong>Nos pr\u00f3ximos anos assistiremos a um ainda maior refor\u00e7o da integra\u00e7\u00e3o dos objetivos da pol\u00edtica da \u00e1gua, do incentivo \u00e0 utiliza\u00e7\u00e3o sustent\u00e1vel da \u00e1gua, na Pol\u00edtica Agr\u00edcola<\/strong>. Por isso mesmo as empresas e a universidade procuraram construir uma proposta de uma agenda mobilizadora para a \u00e1gua, que esperamos possa merecer, da parte do painel de avalia\u00e7\u00e3o, a pondera\u00e7\u00e3o e import\u00e2ncia que todos damos ao tema do uso sustent\u00e1vel da \u00e1gua.<\/p>\n\n\n\n<p>A digitaliza\u00e7\u00e3o e o conhecimento s\u00e3o chaves para a sustentabilidade da agricultura.<\/p>\n\n\n\n<p>Tamb\u00e9m no Programa Operacional Regional, no per\u00edodo 2021-2027, em articula\u00e7\u00e3o e com as Autarquias Locais e comunidades locais, teremos Fundos Europeus geridos na Regi\u00e3o para avan\u00e7ar com pequenos investimentos de refor\u00e7o da biodiversidade no Barrocal e Serra do Algarve, de requalifica\u00e7\u00e3o de pequenas charcas e linhas de \u00e1gua, de interesse comunit\u00e1rio.<\/p>\n\n\n\n<p><strong>A finalizar, uma nota essencial: a dimens\u00e3o da pegada ecol\u00f3gica.<\/strong><strong><\/strong><\/p>\n\n\n\n<p><strong>A grande distribui\u00e7\u00e3o, a designada distribui\u00e7\u00e3o moderna e o Turismo podem e devem comprar mais produtos na Regi\u00e3o, contribuir para a descarboniza\u00e7\u00e3o, para a valoriza\u00e7\u00e3o dos produtos end\u00f3genos.&nbsp;<\/strong>Estar\u00e3o assim a contribuir para a diversifica\u00e7\u00e3o da base econ\u00f3mica regional e dar um contributo mais efetivo para a descarboniza\u00e7\u00e3o. E a ajudar a agricultura da Regi\u00e3o.<\/p>\n","protected":false},"excerpt":{"rendered":"<p>A ausculta\u00e7\u00e3o e participa\u00e7\u00e3o p\u00fablica dos cidad\u00e3os s\u00e3o afirma\u00e7\u00e3o do Estado Democr\u00e1tico, do aprofundamento da democracia participativa. As Comiss\u00f5es de<\/p>\n","protected":false},"author":1,"featured_media":12368,"comment_status":"open","ping_status":"open","sticky":false,"template":"","format":"standard","meta":{"colormag_page_container_layout":"default_layout","colormag_page_sidebar_layout":"default_layout","_monsterinsights_skip_tracking":false,"_monsterinsights_sitenote_active":false,"_monsterinsights_sitenote_note":"","_monsterinsights_sitenote_category":0,"jetpack_post_was_ever_published":false,"_jetpack_newsletter_access":"","_jetpack_dont_email_post_to_subs":false,"_jetpack_newsletter_tier_id":0,"_jetpack_memberships_contains_paywalled_content":false,"_jetpack_memberships_contains_paid_content":false,"footnotes":"","jetpack_publicize_message":"","jetpack_publicize_feature_enabled":true,"jetpack_social_post_already_shared":true,"jetpack_social_options":{"image_generator_settings":{"template":"highway","default_image_id":0,"font":"","enabled":false},"version":2}},"categories":[11],"tags":[36,62,143],"class_list":["post-12367","post","type-post","status-publish","format-standard","has-post-thumbnail","hentry","category-atualidade","tag-algarve","tag-atualidade","tag-ccdr-algarve"],"yoast_head":"<!-- This site is optimized with the Yoast SEO plugin v27.5 - https:\/\/yoast.com\/product\/yoast-seo-wordpress\/ -->\n<title>Apresenta\u00e7\u00e3o e ausculta\u00e7\u00e3o p\u00fablica sobre a Pol\u00edtica Agr\u00edcola Comum, pela Senhora Ministra da Agricultura, Dra. Maria do C\u00e9u Antunes - Algarve 7<\/title>\n<meta name=\"description\" content=\"Apresenta\u00e7\u00e3o e ausculta\u00e7\u00e3o p\u00fablica sobre a Pol\u00edtica Agr\u00edcola Comum, pela Senhora Ministra da Agricultura, Dra. Maria do C\u00e9u Antunes Atualidade\" \/>\n<meta name=\"robots\" content=\"index, follow, max-snippet:-1, max-image-preview:large, max-video-preview:-1\" \/>\n<link rel=\"canonical\" href=\"https:\/\/algarve7.pt\/index.php\/2021\/10\/apresentacao-e-auscultacao-publica-sobre-a-politica-agricola-comum-pela-senhora-ministra-da-agricultura-dra-maria-do-ceu-antunes\/atualidade\/18\/56\/\" \/>\n<meta property=\"og:locale\" content=\"pt_PT\" \/>\n<meta property=\"og:type\" content=\"article\" \/>\n<meta property=\"og:title\" content=\"Apresenta\u00e7\u00e3o e ausculta\u00e7\u00e3o p\u00fablica sobre a Pol\u00edtica Agr\u00edcola Comum, pela Senhora Ministra da Agricultura, Dra. Maria do C\u00e9u Antunes - Algarve 7\" \/>\n<meta property=\"og:description\" content=\"Apresenta\u00e7\u00e3o e ausculta\u00e7\u00e3o p\u00fablica sobre a Pol\u00edtica Agr\u00edcola Comum, pela Senhora Ministra da Agricultura, Dra. Maria do C\u00e9u Antunes Atualidade\" \/>\n<meta property=\"og:url\" content=\"https:\/\/algarve7.pt\/index.php\/2021\/10\/apresentacao-e-auscultacao-publica-sobre-a-politica-agricola-comum-pela-senhora-ministra-da-agricultura-dra-maria-do-ceu-antunes\/atualidade\/18\/56\/\" \/>\n<meta property=\"og:site_name\" content=\"Algarve 7\" \/>\n<meta property=\"article:publisher\" content=\"https:\/\/www.facebook.com\/algarve7\" \/>\n<meta property=\"article:author\" content=\"https:\/\/www.facebook.com\/algarve7\" \/>\n<meta property=\"article:published_time\" content=\"2021-10-24T17:56:27+00:00\" \/>\n<meta property=\"article:modified_time\" content=\"2021-10-24T17:56:29+00:00\" \/>\n<meta property=\"og:image\" content=\"https:\/\/algarve7.pt\/wp-content\/uploads\/2021\/10\/Apresentacao-PAC-2023-2027-CCDR-23-10-2021-4.jpg\" \/>\n\t<meta property=\"og:image:width\" content=\"1920\" \/>\n\t<meta property=\"og:image:height\" content=\"1280\" \/>\n\t<meta property=\"og:image:type\" content=\"image\/jpeg\" \/>\n<meta name=\"author\" content=\"Algarve 7\" \/>\n<meta name=\"twitter:card\" content=\"summary_large_image\" \/>\n<meta name=\"twitter:creator\" content=\"@Algarvesete\" \/>\n<meta name=\"twitter:site\" content=\"@Algarvesete\" \/>\n<meta name=\"twitter:label1\" content=\"Escrito por\" \/>\n\t<meta name=\"twitter:data1\" content=\"Algarve 7\" \/>\n\t<meta name=\"twitter:label2\" content=\"Tempo estimado de leitura\" \/>\n\t<meta name=\"twitter:data2\" content=\"3 minutos\" \/>\n<script type=\"application\/ld+json\" class=\"yoast-schema-graph\">{\"@context\":\"https:\\\/\\\/schema.org\",\"@graph\":[{\"@type\":\"Article\",\"@id\":\"https:\\\/\\\/algarve7.pt\\\/index.php\\\/2021\\\/10\\\/apresentacao-e-auscultacao-publica-sobre-a-politica-agricola-comum-pela-senhora-ministra-da-agricultura-dra-maria-do-ceu-antunes\\\/atualidade\\\/18\\\/56\\\/#article\",\"isPartOf\":{\"@id\":\"https:\\\/\\\/algarve7.pt\\\/index.php\\\/2021\\\/10\\\/apresentacao-e-auscultacao-publica-sobre-a-politica-agricola-comum-pela-senhora-ministra-da-agricultura-dra-maria-do-ceu-antunes\\\/atualidade\\\/18\\\/56\\\/\"},\"author\":{\"name\":\"Algarve 7\",\"@id\":\"https:\\\/\\\/algarve7.pt\\\/#\\\/schema\\\/person\\\/23fa70681308e7b319a3204bcea45e0c\"},\"headline\":\"Apresenta\u00e7\u00e3o e ausculta\u00e7\u00e3o p\u00fablica sobre a Pol\u00edtica Agr\u00edcola Comum, pela Senhora Ministra da Agricultura, Dra. Maria do C\u00e9u Antunes\",\"datePublished\":\"2021-10-24T17:56:27+00:00\",\"dateModified\":\"2021-10-24T17:56:29+00:00\",\"mainEntityOfPage\":{\"@id\":\"https:\\\/\\\/algarve7.pt\\\/index.php\\\/2021\\\/10\\\/apresentacao-e-auscultacao-publica-sobre-a-politica-agricola-comum-pela-senhora-ministra-da-agricultura-dra-maria-do-ceu-antunes\\\/atualidade\\\/18\\\/56\\\/\"},\"wordCount\":599,\"commentCount\":0,\"publisher\":{\"@id\":\"https:\\\/\\\/algarve7.pt\\\/#organization\"},\"image\":{\"@id\":\"https:\\\/\\\/algarve7.pt\\\/index.php\\\/2021\\\/10\\\/apresentacao-e-auscultacao-publica-sobre-a-politica-agricola-comum-pela-senhora-ministra-da-agricultura-dra-maria-do-ceu-antunes\\\/atualidade\\\/18\\\/56\\\/#primaryimage\"},\"thumbnailUrl\":\"https:\\\/\\\/algarve7.pt\\\/wp-content\\\/uploads\\\/2021\\\/10\\\/Apresentacao-PAC-2023-2027-CCDR-23-10-2021-4.jpg\",\"keywords\":[\"Algarve\",\"Atualidade\",\"CCDR Algarve\"],\"articleSection\":[\"Atualidade\"],\"inLanguage\":\"pt-PT\",\"potentialAction\":[{\"@type\":\"CommentAction\",\"name\":\"Comment\",\"target\":[\"https:\\\/\\\/algarve7.pt\\\/index.php\\\/2021\\\/10\\\/apresentacao-e-auscultacao-publica-sobre-a-politica-agricola-comum-pela-senhora-ministra-da-agricultura-dra-maria-do-ceu-antunes\\\/atualidade\\\/18\\\/56\\\/#respond\"]}]},{\"@type\":\"WebPage\",\"@id\":\"https:\\\/\\\/algarve7.pt\\\/index.php\\\/2021\\\/10\\\/apresentacao-e-auscultacao-publica-sobre-a-politica-agricola-comum-pela-senhora-ministra-da-agricultura-dra-maria-do-ceu-antunes\\\/atualidade\\\/18\\\/56\\\/\",\"url\":\"https:\\\/\\\/algarve7.pt\\\/index.php\\\/2021\\\/10\\\/apresentacao-e-auscultacao-publica-sobre-a-politica-agricola-comum-pela-senhora-ministra-da-agricultura-dra-maria-do-ceu-antunes\\\/atualidade\\\/18\\\/56\\\/\",\"name\":\"Apresenta\u00e7\u00e3o e ausculta\u00e7\u00e3o p\u00fablica sobre a Pol\u00edtica Agr\u00edcola Comum, pela Senhora Ministra da Agricultura, Dra. Maria do C\u00e9u Antunes - Algarve 7\",\"isPartOf\":{\"@id\":\"https:\\\/\\\/algarve7.pt\\\/#website\"},\"primaryImageOfPage\":{\"@id\":\"https:\\\/\\\/algarve7.pt\\\/index.php\\\/2021\\\/10\\\/apresentacao-e-auscultacao-publica-sobre-a-politica-agricola-comum-pela-senhora-ministra-da-agricultura-dra-maria-do-ceu-antunes\\\/atualidade\\\/18\\\/56\\\/#primaryimage\"},\"image\":{\"@id\":\"https:\\\/\\\/algarve7.pt\\\/index.php\\\/2021\\\/10\\\/apresentacao-e-auscultacao-publica-sobre-a-politica-agricola-comum-pela-senhora-ministra-da-agricultura-dra-maria-do-ceu-antunes\\\/atualidade\\\/18\\\/56\\\/#primaryimage\"},\"thumbnailUrl\":\"https:\\\/\\\/algarve7.pt\\\/wp-content\\\/uploads\\\/2021\\\/10\\\/Apresentacao-PAC-2023-2027-CCDR-23-10-2021-4.jpg\",\"datePublished\":\"2021-10-24T17:56:27+00:00\",\"dateModified\":\"2021-10-24T17:56:29+00:00\",\"description\":\"Apresenta\u00e7\u00e3o e ausculta\u00e7\u00e3o p\u00fablica sobre a Pol\u00edtica Agr\u00edcola Comum, pela Senhora Ministra da Agricultura, Dra. Maria do C\u00e9u Antunes Atualidade\",\"breadcrumb\":{\"@id\":\"https:\\\/\\\/algarve7.pt\\\/index.php\\\/2021\\\/10\\\/apresentacao-e-auscultacao-publica-sobre-a-politica-agricola-comum-pela-senhora-ministra-da-agricultura-dra-maria-do-ceu-antunes\\\/atualidade\\\/18\\\/56\\\/#breadcrumb\"},\"inLanguage\":\"pt-PT\",\"potentialAction\":[{\"@type\":\"ReadAction\",\"target\":[\"https:\\\/\\\/algarve7.pt\\\/index.php\\\/2021\\\/10\\\/apresentacao-e-auscultacao-publica-sobre-a-politica-agricola-comum-pela-senhora-ministra-da-agricultura-dra-maria-do-ceu-antunes\\\/atualidade\\\/18\\\/56\\\/\"]}]},{\"@type\":\"ImageObject\",\"inLanguage\":\"pt-PT\",\"@id\":\"https:\\\/\\\/algarve7.pt\\\/index.php\\\/2021\\\/10\\\/apresentacao-e-auscultacao-publica-sobre-a-politica-agricola-comum-pela-senhora-ministra-da-agricultura-dra-maria-do-ceu-antunes\\\/atualidade\\\/18\\\/56\\\/#primaryimage\",\"url\":\"https:\\\/\\\/algarve7.pt\\\/wp-content\\\/uploads\\\/2021\\\/10\\\/Apresentacao-PAC-2023-2027-CCDR-23-10-2021-4.jpg\",\"contentUrl\":\"https:\\\/\\\/algarve7.pt\\\/wp-content\\\/uploads\\\/2021\\\/10\\\/Apresentacao-PAC-2023-2027-CCDR-23-10-2021-4.jpg\",\"width\":1920,\"height\":1280},{\"@type\":\"BreadcrumbList\",\"@id\":\"https:\\\/\\\/algarve7.pt\\\/index.php\\\/2021\\\/10\\\/apresentacao-e-auscultacao-publica-sobre-a-politica-agricola-comum-pela-senhora-ministra-da-agricultura-dra-maria-do-ceu-antunes\\\/atualidade\\\/18\\\/56\\\/#breadcrumb\",\"itemListElement\":[{\"@type\":\"ListItem\",\"position\":1,\"name\":\"In\u00edcio\",\"item\":\"https:\\\/\\\/algarve7.pt\\\/\"},{\"@type\":\"ListItem\",\"position\":2,\"name\":\"Apresenta\u00e7\u00e3o e ausculta\u00e7\u00e3o p\u00fablica sobre a Pol\u00edtica Agr\u00edcola Comum, pela Senhora Ministra da Agricultura, Dra. Maria do C\u00e9u Antunes\"}]},{\"@type\":\"WebSite\",\"@id\":\"https:\\\/\\\/algarve7.pt\\\/#website\",\"url\":\"https:\\\/\\\/algarve7.pt\\\/\",\"name\":\"Algarve 7\",\"description\":\"Informa\u00e7\u00e3o sobre o Algarve\",\"publisher\":{\"@id\":\"https:\\\/\\\/algarve7.pt\\\/#organization\"},\"potentialAction\":[{\"@type\":\"SearchAction\",\"target\":{\"@type\":\"EntryPoint\",\"urlTemplate\":\"https:\\\/\\\/algarve7.pt\\\/?s={search_term_string}\"},\"query-input\":{\"@type\":\"PropertyValueSpecification\",\"valueRequired\":true,\"valueName\":\"search_term_string\"}}],\"inLanguage\":\"pt-PT\"},{\"@type\":\"Organization\",\"@id\":\"https:\\\/\\\/algarve7.pt\\\/#organization\",\"name\":\"Algarve 7\",\"url\":\"https:\\\/\\\/algarve7.pt\\\/\",\"logo\":{\"@type\":\"ImageObject\",\"inLanguage\":\"pt-PT\",\"@id\":\"https:\\\/\\\/algarve7.pt\\\/#\\\/schema\\\/logo\\\/image\\\/\",\"url\":\"https:\\\/\\\/algarve7.pt\\\/wp-content\\\/uploads\\\/2020\\\/10\\\/Logo-8.jpg\",\"contentUrl\":\"https:\\\/\\\/algarve7.pt\\\/wp-content\\\/uploads\\\/2020\\\/10\\\/Logo-8.jpg\",\"width\":1680,\"height\":1186,\"caption\":\"Algarve 7\"},\"image\":{\"@id\":\"https:\\\/\\\/algarve7.pt\\\/#\\\/schema\\\/logo\\\/image\\\/\"},\"sameAs\":[\"https:\\\/\\\/www.facebook.com\\\/algarve7\",\"https:\\\/\\\/x.com\\\/Algarvesete\",\"https:\\\/\\\/www.instagram.com\\\/jornalalgarve7\\\/\",\"https:\\\/\\\/www.linkedin.com\\\/company\\\/algarve7\",\"https:\\\/\\\/www.pinterest.pt\\\/geral0939\\\/_created\\\/\"]},{\"@type\":\"Person\",\"@id\":\"https:\\\/\\\/algarve7.pt\\\/#\\\/schema\\\/person\\\/23fa70681308e7b319a3204bcea45e0c\",\"name\":\"Algarve 7\",\"sameAs\":[\"https:\\\/\\\/algarve7.pt\",\"https:\\\/\\\/www.facebook.com\\\/algarve7\"],\"url\":\"https:\\\/\\\/algarve7.pt\\\/index.php\\\/author\\\/geralalgarve7-pt\\\/\"}]}<\/script>\n<!-- \/ Yoast SEO plugin. -->","yoast_head_json":{"title":"Apresenta\u00e7\u00e3o e ausculta\u00e7\u00e3o p\u00fablica sobre a Pol\u00edtica Agr\u00edcola Comum, pela Senhora Ministra da Agricultura, Dra. Maria do C\u00e9u Antunes - Algarve 7","description":"Apresenta\u00e7\u00e3o e ausculta\u00e7\u00e3o p\u00fablica sobre a Pol\u00edtica Agr\u00edcola Comum, pela Senhora Ministra da Agricultura, Dra. Maria do C\u00e9u Antunes Atualidade","robots":{"index":"index","follow":"follow","max-snippet":"max-snippet:-1","max-image-preview":"max-image-preview:large","max-video-preview":"max-video-preview:-1"},"canonical":"https:\/\/algarve7.pt\/index.php\/2021\/10\/apresentacao-e-auscultacao-publica-sobre-a-politica-agricola-comum-pela-senhora-ministra-da-agricultura-dra-maria-do-ceu-antunes\/atualidade\/18\/56\/","og_locale":"pt_PT","og_type":"article","og_title":"Apresenta\u00e7\u00e3o e ausculta\u00e7\u00e3o p\u00fablica sobre a Pol\u00edtica Agr\u00edcola Comum, pela Senhora Ministra da Agricultura, Dra. Maria do C\u00e9u Antunes - Algarve 7","og_description":"Apresenta\u00e7\u00e3o e ausculta\u00e7\u00e3o p\u00fablica sobre a Pol\u00edtica Agr\u00edcola Comum, pela Senhora Ministra da Agricultura, Dra. Maria do C\u00e9u Antunes Atualidade","og_url":"https:\/\/algarve7.pt\/index.php\/2021\/10\/apresentacao-e-auscultacao-publica-sobre-a-politica-agricola-comum-pela-senhora-ministra-da-agricultura-dra-maria-do-ceu-antunes\/atualidade\/18\/56\/","og_site_name":"Algarve 7","article_publisher":"https:\/\/www.facebook.com\/algarve7","article_author":"https:\/\/www.facebook.com\/algarve7","article_published_time":"2021-10-24T17:56:27+00:00","article_modified_time":"2021-10-24T17:56:29+00:00","og_image":[{"width":1920,"height":1280,"url":"https:\/\/algarve7.pt\/wp-content\/uploads\/2021\/10\/Apresentacao-PAC-2023-2027-CCDR-23-10-2021-4.jpg","type":"image\/jpeg"}],"author":"Algarve 7","twitter_card":"summary_large_image","twitter_creator":"@Algarvesete","twitter_site":"@Algarvesete","twitter_misc":{"Escrito por":"Algarve 7","Tempo estimado de leitura":"3 minutos"},"schema":{"@context":"https:\/\/schema.org","@graph":[{"@type":"Article","@id":"https:\/\/algarve7.pt\/index.php\/2021\/10\/apresentacao-e-auscultacao-publica-sobre-a-politica-agricola-comum-pela-senhora-ministra-da-agricultura-dra-maria-do-ceu-antunes\/atualidade\/18\/56\/#article","isPartOf":{"@id":"https:\/\/algarve7.pt\/index.php\/2021\/10\/apresentacao-e-auscultacao-publica-sobre-a-politica-agricola-comum-pela-senhora-ministra-da-agricultura-dra-maria-do-ceu-antunes\/atualidade\/18\/56\/"},"author":{"name":"Algarve 7","@id":"https:\/\/algarve7.pt\/#\/schema\/person\/23fa70681308e7b319a3204bcea45e0c"},"headline":"Apresenta\u00e7\u00e3o e ausculta\u00e7\u00e3o p\u00fablica sobre a Pol\u00edtica Agr\u00edcola Comum, pela Senhora Ministra da Agricultura, Dra. Maria do C\u00e9u Antunes","datePublished":"2021-10-24T17:56:27+00:00","dateModified":"2021-10-24T17:56:29+00:00","mainEntityOfPage":{"@id":"https:\/\/algarve7.pt\/index.php\/2021\/10\/apresentacao-e-auscultacao-publica-sobre-a-politica-agricola-comum-pela-senhora-ministra-da-agricultura-dra-maria-do-ceu-antunes\/atualidade\/18\/56\/"},"wordCount":599,"commentCount":0,"publisher":{"@id":"https:\/\/algarve7.pt\/#organization"},"image":{"@id":"https:\/\/algarve7.pt\/index.php\/2021\/10\/apresentacao-e-auscultacao-publica-sobre-a-politica-agricola-comum-pela-senhora-ministra-da-agricultura-dra-maria-do-ceu-antunes\/atualidade\/18\/56\/#primaryimage"},"thumbnailUrl":"https:\/\/algarve7.pt\/wp-content\/uploads\/2021\/10\/Apresentacao-PAC-2023-2027-CCDR-23-10-2021-4.jpg","keywords":["Algarve","Atualidade","CCDR Algarve"],"articleSection":["Atualidade"],"inLanguage":"pt-PT","potentialAction":[{"@type":"CommentAction","name":"Comment","target":["https:\/\/algarve7.pt\/index.php\/2021\/10\/apresentacao-e-auscultacao-publica-sobre-a-politica-agricola-comum-pela-senhora-ministra-da-agricultura-dra-maria-do-ceu-antunes\/atualidade\/18\/56\/#respond"]}]},{"@type":"WebPage","@id":"https:\/\/algarve7.pt\/index.php\/2021\/10\/apresentacao-e-auscultacao-publica-sobre-a-politica-agricola-comum-pela-senhora-ministra-da-agricultura-dra-maria-do-ceu-antunes\/atualidade\/18\/56\/","url":"https:\/\/algarve7.pt\/index.php\/2021\/10\/apresentacao-e-auscultacao-publica-sobre-a-politica-agricola-comum-pela-senhora-ministra-da-agricultura-dra-maria-do-ceu-antunes\/atualidade\/18\/56\/","name":"Apresenta\u00e7\u00e3o e ausculta\u00e7\u00e3o p\u00fablica sobre a Pol\u00edtica Agr\u00edcola Comum, pela Senhora Ministra da Agricultura, Dra. Maria do C\u00e9u Antunes - Algarve 7","isPartOf":{"@id":"https:\/\/algarve7.pt\/#website"},"primaryImageOfPage":{"@id":"https:\/\/algarve7.pt\/index.php\/2021\/10\/apresentacao-e-auscultacao-publica-sobre-a-politica-agricola-comum-pela-senhora-ministra-da-agricultura-dra-maria-do-ceu-antunes\/atualidade\/18\/56\/#primaryimage"},"image":{"@id":"https:\/\/algarve7.pt\/index.php\/2021\/10\/apresentacao-e-auscultacao-publica-sobre-a-politica-agricola-comum-pela-senhora-ministra-da-agricultura-dra-maria-do-ceu-antunes\/atualidade\/18\/56\/#primaryimage"},"thumbnailUrl":"https:\/\/algarve7.pt\/wp-content\/uploads\/2021\/10\/Apresentacao-PAC-2023-2027-CCDR-23-10-2021-4.jpg","datePublished":"2021-10-24T17:56:27+00:00","dateModified":"2021-10-24T17:56:29+00:00","description":"Apresenta\u00e7\u00e3o e ausculta\u00e7\u00e3o p\u00fablica sobre a Pol\u00edtica Agr\u00edcola Comum, pela Senhora Ministra da Agricultura, Dra. Maria do C\u00e9u Antunes Atualidade","breadcrumb":{"@id":"https:\/\/algarve7.pt\/index.php\/2021\/10\/apresentacao-e-auscultacao-publica-sobre-a-politica-agricola-comum-pela-senhora-ministra-da-agricultura-dra-maria-do-ceu-antunes\/atualidade\/18\/56\/#breadcrumb"},"inLanguage":"pt-PT","potentialAction":[{"@type":"ReadAction","target":["https:\/\/algarve7.pt\/index.php\/2021\/10\/apresentacao-e-auscultacao-publica-sobre-a-politica-agricola-comum-pela-senhora-ministra-da-agricultura-dra-maria-do-ceu-antunes\/atualidade\/18\/56\/"]}]},{"@type":"ImageObject","inLanguage":"pt-PT","@id":"https:\/\/algarve7.pt\/index.php\/2021\/10\/apresentacao-e-auscultacao-publica-sobre-a-politica-agricola-comum-pela-senhora-ministra-da-agricultura-dra-maria-do-ceu-antunes\/atualidade\/18\/56\/#primaryimage","url":"https:\/\/algarve7.pt\/wp-content\/uploads\/2021\/10\/Apresentacao-PAC-2023-2027-CCDR-23-10-2021-4.jpg","contentUrl":"https:\/\/algarve7.pt\/wp-content\/uploads\/2021\/10\/Apresentacao-PAC-2023-2027-CCDR-23-10-2021-4.jpg","width":1920,"height":1280},{"@type":"BreadcrumbList","@id":"https:\/\/algarve7.pt\/index.php\/2021\/10\/apresentacao-e-auscultacao-publica-sobre-a-politica-agricola-comum-pela-senhora-ministra-da-agricultura-dra-maria-do-ceu-antunes\/atualidade\/18\/56\/#breadcrumb","itemListElement":[{"@type":"ListItem","position":1,"name":"In\u00edcio","item":"https:\/\/algarve7.pt\/"},{"@type":"ListItem","position":2,"name":"Apresenta\u00e7\u00e3o e ausculta\u00e7\u00e3o p\u00fablica sobre a Pol\u00edtica Agr\u00edcola Comum, pela Senhora Ministra da Agricultura, Dra. Maria do C\u00e9u Antunes"}]},{"@type":"WebSite","@id":"https:\/\/algarve7.pt\/#website","url":"https:\/\/algarve7.pt\/","name":"Algarve 7","description":"Informa\u00e7\u00e3o sobre o Algarve","publisher":{"@id":"https:\/\/algarve7.pt\/#organization"},"potentialAction":[{"@type":"SearchAction","target":{"@type":"EntryPoint","urlTemplate":"https:\/\/algarve7.pt\/?s={search_term_string}"},"query-input":{"@type":"PropertyValueSpecification","valueRequired":true,"valueName":"search_term_string"}}],"inLanguage":"pt-PT"},{"@type":"Organization","@id":"https:\/\/algarve7.pt\/#organization","name":"Algarve 7","url":"https:\/\/algarve7.pt\/","logo":{"@type":"ImageObject","inLanguage":"pt-PT","@id":"https:\/\/algarve7.pt\/#\/schema\/logo\/image\/","url":"https:\/\/algarve7.pt\/wp-content\/uploads\/2020\/10\/Logo-8.jpg","contentUrl":"https:\/\/algarve7.pt\/wp-content\/uploads\/2020\/10\/Logo-8.jpg","width":1680,"height":1186,"caption":"Algarve 7"},"image":{"@id":"https:\/\/algarve7.pt\/#\/schema\/logo\/image\/"},"sameAs":["https:\/\/www.facebook.com\/algarve7","https:\/\/x.com\/Algarvesete","https:\/\/www.instagram.com\/jornalalgarve7\/","https:\/\/www.linkedin.com\/company\/algarve7","https:\/\/www.pinterest.pt\/geral0939\/_created\/"]},{"@type":"Person","@id":"https:\/\/algarve7.pt\/#\/schema\/person\/23fa70681308e7b319a3204bcea45e0c","name":"Algarve 7","sameAs":["https:\/\/algarve7.pt","https:\/\/www.facebook.com\/algarve7"],"url":"https:\/\/algarve7.pt\/index.php\/author\/geralalgarve7-pt\/"}]}},"jetpack_publicize_connections":[],"jetpack_featured_media_url":"https:\/\/algarve7.pt\/wp-content\/uploads\/2021\/10\/Apresentacao-PAC-2023-2027-CCDR-23-10-2021-4.jpg","jetpack_shortlink":"https:\/\/wp.me\/pcezmW-3dt","jetpack_sharing_enabled":true,"_links":{"self":[{"href":"https:\/\/algarve7.pt\/index.php\/wp-json\/wp\/v2\/posts\/12367","targetHints":{"allow":["GET"]}}],"collection":[{"href":"https:\/\/algarve7.pt\/index.php\/wp-json\/wp\/v2\/posts"}],"about":[{"href":"https:\/\/algarve7.pt\/index.php\/wp-json\/wp\/v2\/types\/post"}],"author":[{"embeddable":true,"href":"https:\/\/algarve7.pt\/index.php\/wp-json\/wp\/v2\/users\/1"}],"replies":[{"embeddable":true,"href":"https:\/\/algarve7.pt\/index.php\/wp-json\/wp\/v2\/comments?post=12367"}],"version-history":[{"count":0,"href":"https:\/\/algarve7.pt\/index.php\/wp-json\/wp\/v2\/posts\/12367\/revisions"}],"wp:featuredmedia":[{"embeddable":true,"href":"https:\/\/algarve7.pt\/index.php\/wp-json\/wp\/v2\/media\/12368"}],"wp:attachment":[{"href":"https:\/\/algarve7.pt\/index.php\/wp-json\/wp\/v2\/media?parent=12367"}],"wp:term":[{"taxonomy":"category","embeddable":true,"href":"https:\/\/algarve7.pt\/index.php\/wp-json\/wp\/v2\/categories?post=12367"},{"taxonomy":"post_tag","embeddable":true,"href":"https:\/\/algarve7.pt\/index.php\/wp-json\/wp\/v2\/tags?post=12367"}],"curies":[{"name":"wp","href":"https:\/\/api.w.org\/{rel}","templated":true}]}}