{"id":12364,"date":"2021-10-23T15:50:00","date_gmt":"2021-10-23T14:50:00","guid":{"rendered":"https:\/\/algarve7.pt\/?p=12364"},"modified":"2021-10-23T13:33:17","modified_gmt":"2021-10-23T12:33:17","slug":"camara-de-lagos-vai-atribuir-bolsas-de-estudo","status":"publish","type":"post","link":"https:\/\/algarve7.pt\/index.php\/2021\/10\/camara-de-lagos-vai-atribuir-bolsas-de-estudo\/educacao\/15\/50\/","title":{"rendered":"C\u00e2mara de Lagos vai atribuir bolsas de estudo"},"content":{"rendered":"\n<p>Est\u00e1 a decorrer, at\u00e9 ao pr\u00f3ximo dia 29 de outubro, o prazo fixado pela C\u00e2mara de Lagos para a aceita\u00e7\u00e3o de candidaturas \u00e0 atribui\u00e7\u00e3o de bolsas de estudo a estudantes do Ensino Superior no ano letivo 2021\/2022.\u00a0<\/p>\n\n\n\n<p>O munic\u00edpio, ao abrigo do \u201cRegulamento Municipal de Atribui\u00e7\u00e3o de Pr\u00e9mios de Educa\u00e7\u00e3o e de Bolsas de Estudo\u201d pretende apoiar financeiramente alunos com menos recursos econ\u00f3micos, que estejam a frequentar ciclos de estudo conducentes aos n\u00edveis de qualifica\u00e7\u00e3o 5, 6 e 7 do Quadro Nacional de Qualifica\u00e7\u00e3o, correspondentes aos cursos de T\u00e9cnico Superior Profissional, Licenciatura, Mestrado e Mestrado Integrado.<\/p>\n\n\n\n<p>Os candidatos t\u00eam de cumprir determinados requisitos previstos em regulamento, designadamente ao n\u00edvel da resid\u00eancia no concelho, idade, aproveitamento escolar, situa\u00e7\u00e3o socioecon\u00f3mica, entre outros.<\/p>\n\n\n\n<p>O processo de candidatura est\u00e1, este ano, facilitado, uma vez que o munic\u00edpio passou a disponibilizar para o efeito uma plataforma&nbsp;<em>online<\/em>, acess\u00edvel atrav\u00e9s do&nbsp;<em>site<\/em>&nbsp;do munic\u00edpio, que permite proceder \u00e0 submiss\u00e3o da candidatura de forma totalmente desmaterializada e \u00e0 dist\u00e2ncia.<\/p>\n\n\n\n<p>As bolsas de estudo t\u00eam um valor m\u00e1ximo de 55% do Indexante de Apoios Sociais (IAS), que est\u00e1 atualmente fixado em 438,81\u20ac, sendo concedidas, em cada ano letivo, ao longo de 10 meses, a todos os alunos que tenham um rendimento&nbsp;<em>per capita<\/em>&nbsp;inferior ou igual ao valor do IAS.&nbsp;Para al\u00e9m destas, s\u00e3o ainda atribu\u00eddas, salvo inexist\u00eancia de candidatos, no m\u00ednimo, 10 bolsas de estudo que premeiam o m\u00e9rito escolar, aos alunos que tenham um rendimento&nbsp;<em>per capita<\/em>&nbsp;entre 1 e 1,5 do valor do IAS.&nbsp;&nbsp;<\/p>\n\n\n\n<p>Esta medida, que decorre de uma pol\u00edtica ativa de apoio \u00e0s atividades de natureza educativa, visa garantir que nenhum cidad\u00e3o lacobrigense fique privado de prosseguir os seus estudos e frequentar o ensino superior por motivos da sua situa\u00e7\u00e3o socioecon\u00f3mica.<\/p>\n\n\n\n<p>Aceda \u00e0 plataforma\u00a0<a href=\"https:\/\/www.cm-lagos.pt\/areas-de-atuacao\/educacao\/bolsas-de-estudo\" target=\"_blank\" rel=\"noreferrer noopener\">aqui<\/a><\/p>\n\n\n\n<p>Para mais informa\u00e7\u00f5es poder\u00e1 consultar igualmente o\u00a0<a href=\"https:\/\/www.cm-lagos.pt\/balcao-virtual\/documentos\/regulamentos\/3964-regulamento-municipal-de-atribuicao-de-premios-de-educacao-e-de-bolsas-de-estudo\" target=\"_blank\" rel=\"noreferrer noopener\">Regulamento<\/a><\/p>\n","protected":false},"excerpt":{"rendered":"<p>Est\u00e1 a decorrer, at\u00e9 ao pr\u00f3ximo dia 29 de outubro, o prazo fixado pela C\u00e2mara de Lagos para a aceita\u00e7\u00e3o<\/p>\n","protected":false},"author":1,"featured_media":1565,"comment_status":"open","ping_status":"open","sticky":false,"template":"","format":"standard","meta":{"colormag_page_container_layout":"default_layout","colormag_page_sidebar_layout":"default_layout","_monsterinsights_skip_tracking":false,"_monsterinsights_sitenote_active":false,"_monsterinsights_sitenote_note":"","_monsterinsights_sitenote_category":0,"jetpack_post_was_ever_published":false,"_jetpack_newsletter_access":"","_jetpack_dont_email_post_to_subs":false,"_jetpack_newsletter_tier_id":0,"_jetpack_memberships_contains_paywalled_content":false,"_jetpack_memberships_contains_paid_content":false,"footnotes":"","jetpack_publicize_message":"","jetpack_publicize_feature_enabled":true,"jetpack_social_post_already_shared":true,"jetpack_social_options":{"image_generator_settings":{"template":"highway","default_image_id":0,"font":"","enabled":false},"version":2}},"categories":[93],"tags":[36,478,74,68],"class_list":["post-12364","post","type-post","status-publish","format-standard","has-post-thumbnail","hentry","category-educacao","tag-algarve","tag-bolsa-de-estudo","tag-educacao","tag-lagos"],"yoast_head":"<!-- This site is optimized with the Yoast SEO plugin v27.5 - https:\/\/yoast.com\/product\/yoast-seo-wordpress\/ -->\n<title>C\u00e2mara de Lagos vai atribuir bolsas de estudo - Algarve 7<\/title>\n<meta name=\"description\" content=\"C\u00e2mara de Lagos vai atribuir bolsas de estudo Educa\u00e7\u00e3o\" \/>\n<meta name=\"robots\" content=\"index, follow, max-snippet:-1, max-image-preview:large, max-video-preview:-1\" \/>\n<link rel=\"canonical\" href=\"https:\/\/algarve7.pt\/index.php\/2021\/10\/camara-de-lagos-vai-atribuir-bolsas-de-estudo\/educacao\/15\/50\/\" \/>\n<meta property=\"og:locale\" content=\"pt_PT\" \/>\n<meta property=\"og:type\" content=\"article\" \/>\n<meta property=\"og:title\" content=\"C\u00e2mara de Lagos vai atribuir bolsas de estudo - Algarve 7\" \/>\n<meta property=\"og:description\" content=\"C\u00e2mara de Lagos vai atribuir bolsas de estudo Educa\u00e7\u00e3o\" \/>\n<meta property=\"og:url\" content=\"https:\/\/algarve7.pt\/index.php\/2021\/10\/camara-de-lagos-vai-atribuir-bolsas-de-estudo\/educacao\/15\/50\/\" \/>\n<meta property=\"og:site_name\" content=\"Algarve 7\" \/>\n<meta property=\"article:publisher\" content=\"https:\/\/www.facebook.com\/algarve7\" \/>\n<meta property=\"article:author\" content=\"https:\/\/www.facebook.com\/algarve7\" \/>\n<meta property=\"article:published_time\" content=\"2021-10-23T14:50:00+00:00\" \/>\n<meta property=\"og:image\" content=\"https:\/\/algarve7.pt\/wp-content\/uploads\/2020\/09\/Edificio-Pacos-do-Concelho-Sec-XXI-5-OCS.jpg\" \/>\n\t<meta property=\"og:image:width\" content=\"1200\" \/>\n\t<meta property=\"og:image:height\" content=\"786\" \/>\n\t<meta property=\"og:image:type\" content=\"image\/jpeg\" \/>\n<meta name=\"author\" content=\"Algarve 7\" \/>\n<meta name=\"twitter:card\" content=\"summary_large_image\" \/>\n<meta name=\"twitter:creator\" content=\"@Algarvesete\" \/>\n<meta name=\"twitter:site\" content=\"@Algarvesete\" \/>\n<meta name=\"twitter:label1\" content=\"Escrito por\" \/>\n\t<meta name=\"twitter:data1\" content=\"Algarve 7\" \/>\n\t<meta name=\"twitter:label2\" content=\"Tempo estimado de leitura\" \/>\n\t<meta name=\"twitter:data2\" content=\"2 minutos\" \/>\n<script type=\"application\/ld+json\" class=\"yoast-schema-graph\">{\"@context\":\"https:\\\/\\\/schema.org\",\"@graph\":[{\"@type\":\"Article\",\"@id\":\"https:\\\/\\\/algarve7.pt\\\/index.php\\\/2021\\\/10\\\/camara-de-lagos-vai-atribuir-bolsas-de-estudo\\\/educacao\\\/15\\\/50\\\/#article\",\"isPartOf\":{\"@id\":\"https:\\\/\\\/algarve7.pt\\\/index.php\\\/2021\\\/10\\\/camara-de-lagos-vai-atribuir-bolsas-de-estudo\\\/educacao\\\/15\\\/50\\\/\"},\"author\":{\"name\":\"Algarve 7\",\"@id\":\"https:\\\/\\\/algarve7.pt\\\/#\\\/schema\\\/person\\\/23fa70681308e7b319a3204bcea45e0c\"},\"headline\":\"C\u00e2mara de Lagos vai atribuir bolsas de estudo\",\"datePublished\":\"2021-10-23T14:50:00+00:00\",\"mainEntityOfPage\":{\"@id\":\"https:\\\/\\\/algarve7.pt\\\/index.php\\\/2021\\\/10\\\/camara-de-lagos-vai-atribuir-bolsas-de-estudo\\\/educacao\\\/15\\\/50\\\/\"},\"wordCount\":341,\"commentCount\":0,\"publisher\":{\"@id\":\"https:\\\/\\\/algarve7.pt\\\/#organization\"},\"image\":{\"@id\":\"https:\\\/\\\/algarve7.pt\\\/index.php\\\/2021\\\/10\\\/camara-de-lagos-vai-atribuir-bolsas-de-estudo\\\/educacao\\\/15\\\/50\\\/#primaryimage\"},\"thumbnailUrl\":\"https:\\\/\\\/algarve7.pt\\\/wp-content\\\/uploads\\\/2020\\\/09\\\/Edificio-Pacos-do-Concelho-Sec-XXI-5-OCS.jpg\",\"keywords\":[\"Algarve\",\"Bolsa de estudo\",\"Educa\u00e7\u00e3o\",\"Lagos\"],\"articleSection\":[\"Educa\u00e7\u00e3o\"],\"inLanguage\":\"pt-PT\",\"potentialAction\":[{\"@type\":\"CommentAction\",\"name\":\"Comment\",\"target\":[\"https:\\\/\\\/algarve7.pt\\\/index.php\\\/2021\\\/10\\\/camara-de-lagos-vai-atribuir-bolsas-de-estudo\\\/educacao\\\/15\\\/50\\\/#respond\"]}]},{\"@type\":\"WebPage\",\"@id\":\"https:\\\/\\\/algarve7.pt\\\/index.php\\\/2021\\\/10\\\/camara-de-lagos-vai-atribuir-bolsas-de-estudo\\\/educacao\\\/15\\\/50\\\/\",\"url\":\"https:\\\/\\\/algarve7.pt\\\/index.php\\\/2021\\\/10\\\/camara-de-lagos-vai-atribuir-bolsas-de-estudo\\\/educacao\\\/15\\\/50\\\/\",\"name\":\"C\u00e2mara de Lagos vai atribuir bolsas de estudo - Algarve 7\",\"isPartOf\":{\"@id\":\"https:\\\/\\\/algarve7.pt\\\/#website\"},\"primaryImageOfPage\":{\"@id\":\"https:\\\/\\\/algarve7.pt\\\/index.php\\\/2021\\\/10\\\/camara-de-lagos-vai-atribuir-bolsas-de-estudo\\\/educacao\\\/15\\\/50\\\/#primaryimage\"},\"image\":{\"@id\":\"https:\\\/\\\/algarve7.pt\\\/index.php\\\/2021\\\/10\\\/camara-de-lagos-vai-atribuir-bolsas-de-estudo\\\/educacao\\\/15\\\/50\\\/#primaryimage\"},\"thumbnailUrl\":\"https:\\\/\\\/algarve7.pt\\\/wp-content\\\/uploads\\\/2020\\\/09\\\/Edificio-Pacos-do-Concelho-Sec-XXI-5-OCS.jpg\",\"datePublished\":\"2021-10-23T14:50:00+00:00\",\"description\":\"C\u00e2mara de Lagos vai atribuir bolsas de estudo Educa\u00e7\u00e3o\",\"breadcrumb\":{\"@id\":\"https:\\\/\\\/algarve7.pt\\\/index.php\\\/2021\\\/10\\\/camara-de-lagos-vai-atribuir-bolsas-de-estudo\\\/educacao\\\/15\\\/50\\\/#breadcrumb\"},\"inLanguage\":\"pt-PT\",\"potentialAction\":[{\"@type\":\"ReadAction\",\"target\":[\"https:\\\/\\\/algarve7.pt\\\/index.php\\\/2021\\\/10\\\/camara-de-lagos-vai-atribuir-bolsas-de-estudo\\\/educacao\\\/15\\\/50\\\/\"]}]},{\"@type\":\"ImageObject\",\"inLanguage\":\"pt-PT\",\"@id\":\"https:\\\/\\\/algarve7.pt\\\/index.php\\\/2021\\\/10\\\/camara-de-lagos-vai-atribuir-bolsas-de-estudo\\\/educacao\\\/15\\\/50\\\/#primaryimage\",\"url\":\"https:\\\/\\\/algarve7.pt\\\/wp-content\\\/uploads\\\/2020\\\/09\\\/Edificio-Pacos-do-Concelho-Sec-XXI-5-OCS.jpg\",\"contentUrl\":\"https:\\\/\\\/algarve7.pt\\\/wp-content\\\/uploads\\\/2020\\\/09\\\/Edificio-Pacos-do-Concelho-Sec-XXI-5-OCS.jpg\",\"width\":1200,\"height\":786},{\"@type\":\"BreadcrumbList\",\"@id\":\"https:\\\/\\\/algarve7.pt\\\/index.php\\\/2021\\\/10\\\/camara-de-lagos-vai-atribuir-bolsas-de-estudo\\\/educacao\\\/15\\\/50\\\/#breadcrumb\",\"itemListElement\":[{\"@type\":\"ListItem\",\"position\":1,\"name\":\"In\u00edcio\",\"item\":\"https:\\\/\\\/algarve7.pt\\\/\"},{\"@type\":\"ListItem\",\"position\":2,\"name\":\"C\u00e2mara de Lagos vai atribuir bolsas de estudo\"}]},{\"@type\":\"WebSite\",\"@id\":\"https:\\\/\\\/algarve7.pt\\\/#website\",\"url\":\"https:\\\/\\\/algarve7.pt\\\/\",\"name\":\"Algarve 7\",\"description\":\"Informa\u00e7\u00e3o sobre o Algarve\",\"publisher\":{\"@id\":\"https:\\\/\\\/algarve7.pt\\\/#organization\"},\"potentialAction\":[{\"@type\":\"SearchAction\",\"target\":{\"@type\":\"EntryPoint\",\"urlTemplate\":\"https:\\\/\\\/algarve7.pt\\\/?s={search_term_string}\"},\"query-input\":{\"@type\":\"PropertyValueSpecification\",\"valueRequired\":true,\"valueName\":\"search_term_string\"}}],\"inLanguage\":\"pt-PT\"},{\"@type\":\"Organization\",\"@id\":\"https:\\\/\\\/algarve7.pt\\\/#organization\",\"name\":\"Algarve 7\",\"url\":\"https:\\\/\\\/algarve7.pt\\\/\",\"logo\":{\"@type\":\"ImageObject\",\"inLanguage\":\"pt-PT\",\"@id\":\"https:\\\/\\\/algarve7.pt\\\/#\\\/schema\\\/logo\\\/image\\\/\",\"url\":\"https:\\\/\\\/algarve7.pt\\\/wp-content\\\/uploads\\\/2020\\\/10\\\/Logo-8.jpg\",\"contentUrl\":\"https:\\\/\\\/algarve7.pt\\\/wp-content\\\/uploads\\\/2020\\\/10\\\/Logo-8.jpg\",\"width\":1680,\"height\":1186,\"caption\":\"Algarve 7\"},\"image\":{\"@id\":\"https:\\\/\\\/algarve7.pt\\\/#\\\/schema\\\/logo\\\/image\\\/\"},\"sameAs\":[\"https:\\\/\\\/www.facebook.com\\\/algarve7\",\"https:\\\/\\\/x.com\\\/Algarvesete\",\"https:\\\/\\\/www.instagram.com\\\/jornalalgarve7\\\/\",\"https:\\\/\\\/www.linkedin.com\\\/company\\\/algarve7\",\"https:\\\/\\\/www.pinterest.pt\\\/geral0939\\\/_created\\\/\"]},{\"@type\":\"Person\",\"@id\":\"https:\\\/\\\/algarve7.pt\\\/#\\\/schema\\\/person\\\/23fa70681308e7b319a3204bcea45e0c\",\"name\":\"Algarve 7\",\"sameAs\":[\"https:\\\/\\\/algarve7.pt\",\"https:\\\/\\\/www.facebook.com\\\/algarve7\"],\"url\":\"https:\\\/\\\/algarve7.pt\\\/index.php\\\/author\\\/geralalgarve7-pt\\\/\"}]}<\/script>\n<!-- \/ Yoast SEO plugin. -->","yoast_head_json":{"title":"C\u00e2mara de Lagos vai atribuir bolsas de estudo - Algarve 7","description":"C\u00e2mara de Lagos vai atribuir bolsas de estudo Educa\u00e7\u00e3o","robots":{"index":"index","follow":"follow","max-snippet":"max-snippet:-1","max-image-preview":"max-image-preview:large","max-video-preview":"max-video-preview:-1"},"canonical":"https:\/\/algarve7.pt\/index.php\/2021\/10\/camara-de-lagos-vai-atribuir-bolsas-de-estudo\/educacao\/15\/50\/","og_locale":"pt_PT","og_type":"article","og_title":"C\u00e2mara de Lagos vai atribuir bolsas de estudo - Algarve 7","og_description":"C\u00e2mara de Lagos vai atribuir bolsas de estudo Educa\u00e7\u00e3o","og_url":"https:\/\/algarve7.pt\/index.php\/2021\/10\/camara-de-lagos-vai-atribuir-bolsas-de-estudo\/educacao\/15\/50\/","og_site_name":"Algarve 7","article_publisher":"https:\/\/www.facebook.com\/algarve7","article_author":"https:\/\/www.facebook.com\/algarve7","article_published_time":"2021-10-23T14:50:00+00:00","og_image":[{"width":1200,"height":786,"url":"https:\/\/algarve7.pt\/wp-content\/uploads\/2020\/09\/Edificio-Pacos-do-Concelho-Sec-XXI-5-OCS.jpg","type":"image\/jpeg"}],"author":"Algarve 7","twitter_card":"summary_large_image","twitter_creator":"@Algarvesete","twitter_site":"@Algarvesete","twitter_misc":{"Escrito por":"Algarve 7","Tempo estimado de leitura":"2 minutos"},"schema":{"@context":"https:\/\/schema.org","@graph":[{"@type":"Article","@id":"https:\/\/algarve7.pt\/index.php\/2021\/10\/camara-de-lagos-vai-atribuir-bolsas-de-estudo\/educacao\/15\/50\/#article","isPartOf":{"@id":"https:\/\/algarve7.pt\/index.php\/2021\/10\/camara-de-lagos-vai-atribuir-bolsas-de-estudo\/educacao\/15\/50\/"},"author":{"name":"Algarve 7","@id":"https:\/\/algarve7.pt\/#\/schema\/person\/23fa70681308e7b319a3204bcea45e0c"},"headline":"C\u00e2mara de Lagos vai atribuir bolsas de estudo","datePublished":"2021-10-23T14:50:00+00:00","mainEntityOfPage":{"@id":"https:\/\/algarve7.pt\/index.php\/2021\/10\/camara-de-lagos-vai-atribuir-bolsas-de-estudo\/educacao\/15\/50\/"},"wordCount":341,"commentCount":0,"publisher":{"@id":"https:\/\/algarve7.pt\/#organization"},"image":{"@id":"https:\/\/algarve7.pt\/index.php\/2021\/10\/camara-de-lagos-vai-atribuir-bolsas-de-estudo\/educacao\/15\/50\/#primaryimage"},"thumbnailUrl":"https:\/\/algarve7.pt\/wp-content\/uploads\/2020\/09\/Edificio-Pacos-do-Concelho-Sec-XXI-5-OCS.jpg","keywords":["Algarve","Bolsa de estudo","Educa\u00e7\u00e3o","Lagos"],"articleSection":["Educa\u00e7\u00e3o"],"inLanguage":"pt-PT","potentialAction":[{"@type":"CommentAction","name":"Comment","target":["https:\/\/algarve7.pt\/index.php\/2021\/10\/camara-de-lagos-vai-atribuir-bolsas-de-estudo\/educacao\/15\/50\/#respond"]}]},{"@type":"WebPage","@id":"https:\/\/algarve7.pt\/index.php\/2021\/10\/camara-de-lagos-vai-atribuir-bolsas-de-estudo\/educacao\/15\/50\/","url":"https:\/\/algarve7.pt\/index.php\/2021\/10\/camara-de-lagos-vai-atribuir-bolsas-de-estudo\/educacao\/15\/50\/","name":"C\u00e2mara de Lagos vai atribuir bolsas de estudo - Algarve 7","isPartOf":{"@id":"https:\/\/algarve7.pt\/#website"},"primaryImageOfPage":{"@id":"https:\/\/algarve7.pt\/index.php\/2021\/10\/camara-de-lagos-vai-atribuir-bolsas-de-estudo\/educacao\/15\/50\/#primaryimage"},"image":{"@id":"https:\/\/algarve7.pt\/index.php\/2021\/10\/camara-de-lagos-vai-atribuir-bolsas-de-estudo\/educacao\/15\/50\/#primaryimage"},"thumbnailUrl":"https:\/\/algarve7.pt\/wp-content\/uploads\/2020\/09\/Edificio-Pacos-do-Concelho-Sec-XXI-5-OCS.jpg","datePublished":"2021-10-23T14:50:00+00:00","description":"C\u00e2mara de Lagos vai atribuir bolsas de estudo Educa\u00e7\u00e3o","breadcrumb":{"@id":"https:\/\/algarve7.pt\/index.php\/2021\/10\/camara-de-lagos-vai-atribuir-bolsas-de-estudo\/educacao\/15\/50\/#breadcrumb"},"inLanguage":"pt-PT","potentialAction":[{"@type":"ReadAction","target":["https:\/\/algarve7.pt\/index.php\/2021\/10\/camara-de-lagos-vai-atribuir-bolsas-de-estudo\/educacao\/15\/50\/"]}]},{"@type":"ImageObject","inLanguage":"pt-PT","@id":"https:\/\/algarve7.pt\/index.php\/2021\/10\/camara-de-lagos-vai-atribuir-bolsas-de-estudo\/educacao\/15\/50\/#primaryimage","url":"https:\/\/algarve7.pt\/wp-content\/uploads\/2020\/09\/Edificio-Pacos-do-Concelho-Sec-XXI-5-OCS.jpg","contentUrl":"https:\/\/algarve7.pt\/wp-content\/uploads\/2020\/09\/Edificio-Pacos-do-Concelho-Sec-XXI-5-OCS.jpg","width":1200,"height":786},{"@type":"BreadcrumbList","@id":"https:\/\/algarve7.pt\/index.php\/2021\/10\/camara-de-lagos-vai-atribuir-bolsas-de-estudo\/educacao\/15\/50\/#breadcrumb","itemListElement":[{"@type":"ListItem","position":1,"name":"In\u00edcio","item":"https:\/\/algarve7.pt\/"},{"@type":"ListItem","position":2,"name":"C\u00e2mara de Lagos vai atribuir bolsas de estudo"}]},{"@type":"WebSite","@id":"https:\/\/algarve7.pt\/#website","url":"https:\/\/algarve7.pt\/","name":"Algarve 7","description":"Informa\u00e7\u00e3o sobre o Algarve","publisher":{"@id":"https:\/\/algarve7.pt\/#organization"},"potentialAction":[{"@type":"SearchAction","target":{"@type":"EntryPoint","urlTemplate":"https:\/\/algarve7.pt\/?s={search_term_string}"},"query-input":{"@type":"PropertyValueSpecification","valueRequired":true,"valueName":"search_term_string"}}],"inLanguage":"pt-PT"},{"@type":"Organization","@id":"https:\/\/algarve7.pt\/#organization","name":"Algarve 7","url":"https:\/\/algarve7.pt\/","logo":{"@type":"ImageObject","inLanguage":"pt-PT","@id":"https:\/\/algarve7.pt\/#\/schema\/logo\/image\/","url":"https:\/\/algarve7.pt\/wp-content\/uploads\/2020\/10\/Logo-8.jpg","contentUrl":"https:\/\/algarve7.pt\/wp-content\/uploads\/2020\/10\/Logo-8.jpg","width":1680,"height":1186,"caption":"Algarve 7"},"image":{"@id":"https:\/\/algarve7.pt\/#\/schema\/logo\/image\/"},"sameAs":["https:\/\/www.facebook.com\/algarve7","https:\/\/x.com\/Algarvesete","https:\/\/www.instagram.com\/jornalalgarve7\/","https:\/\/www.linkedin.com\/company\/algarve7","https:\/\/www.pinterest.pt\/geral0939\/_created\/"]},{"@type":"Person","@id":"https:\/\/algarve7.pt\/#\/schema\/person\/23fa70681308e7b319a3204bcea45e0c","name":"Algarve 7","sameAs":["https:\/\/algarve7.pt","https:\/\/www.facebook.com\/algarve7"],"url":"https:\/\/algarve7.pt\/index.php\/author\/geralalgarve7-pt\/"}]}},"jetpack_publicize_connections":[],"jetpack_featured_media_url":"https:\/\/algarve7.pt\/wp-content\/uploads\/2020\/09\/Edificio-Pacos-do-Concelho-Sec-XXI-5-OCS.jpg","jetpack_shortlink":"https:\/\/wp.me\/pcezmW-3dq","jetpack_sharing_enabled":true,"_links":{"self":[{"href":"https:\/\/algarve7.pt\/index.php\/wp-json\/wp\/v2\/posts\/12364","targetHints":{"allow":["GET"]}}],"collection":[{"href":"https:\/\/algarve7.pt\/index.php\/wp-json\/wp\/v2\/posts"}],"about":[{"href":"https:\/\/algarve7.pt\/index.php\/wp-json\/wp\/v2\/types\/post"}],"author":[{"embeddable":true,"href":"https:\/\/algarve7.pt\/index.php\/wp-json\/wp\/v2\/users\/1"}],"replies":[{"embeddable":true,"href":"https:\/\/algarve7.pt\/index.php\/wp-json\/wp\/v2\/comments?post=12364"}],"version-history":[{"count":0,"href":"https:\/\/algarve7.pt\/index.php\/wp-json\/wp\/v2\/posts\/12364\/revisions"}],"wp:featuredmedia":[{"embeddable":true,"href":"https:\/\/algarve7.pt\/index.php\/wp-json\/wp\/v2\/media\/1565"}],"wp:attachment":[{"href":"https:\/\/algarve7.pt\/index.php\/wp-json\/wp\/v2\/media?parent=12364"}],"wp:term":[{"taxonomy":"category","embeddable":true,"href":"https:\/\/algarve7.pt\/index.php\/wp-json\/wp\/v2\/categories?post=12364"},{"taxonomy":"post_tag","embeddable":true,"href":"https:\/\/algarve7.pt\/index.php\/wp-json\/wp\/v2\/tags?post=12364"}],"curies":[{"name":"wp","href":"https:\/\/api.w.org\/{rel}","templated":true}]}}