{"id":12353,"date":"2021-10-23T13:20:00","date_gmt":"2021-10-23T12:20:00","guid":{"rendered":"https:\/\/algarve7.pt\/?p=12353"},"modified":"2021-10-23T10:01:48","modified_gmt":"2021-10-23T09:01:48","slug":"lisboa-acolhe-a-sede-do-centro-internacional-rei-abdullah-bin-abdulaziz-para-o-dialogo-inter-religioso-e-intercultural-kaiciid","status":"publish","type":"post","link":"https:\/\/algarve7.pt\/index.php\/2021\/10\/lisboa-acolhe-a-sede-do-centro-internacional-rei-abdullah-bin-abdulaziz-para-o-dialogo-inter-religioso-e-intercultural-kaiciid\/nacional\/13\/20\/","title":{"rendered":"Lisboa acolhe a sede do Centro Internacional Rei Abdullah Bin Abdulaziz para o Di\u00e1logo Inter-religioso e Intercultural (KAICIID)"},"content":{"rendered":"\n<figure class=\"wp-block-table\"><table><tbody><tr><td>O Centro Internacional Rei Abdullah Bin Abdulaziz para o Di\u00e1logo Inter-religioso e Intercultural (KAICIID), atualmente com sede em Viena, ser\u00e1 transferido para Lisboa.O Conselho das Partes do KAICIID e o Governo Portugu\u00eas acordaram na transfer\u00eancia da sede do Centro de Viena para Lisboa. O Acordo Sede ser\u00e1 assinado no pr\u00f3ximo dia 29 de outubro, em Lisboa, pelo Secret\u00e1rio Geral do Centro, Faisal Al Muaammar, e pelo<\/td><\/tr><tr><td>Ministro de Estado e dos Neg\u00f3cios Estrangeiros, Augusto Santos Silva.Foi designada, a partir de 1 de novembro, a Sra. Elham Alshejni, do I\u00e9men, como Secret\u00e1ria Geral Adjunta interina do Centro, de modo a assegurar o processo de relocaliza\u00e7\u00e3o do Centro, bem como a continuidade do respetivo trabalho.<\/td><\/tr><\/tbody><\/table><\/figure>\n\n\n\n<p>O trabalho do Centro Internacional Rei Abdullah Bin Abdulaziz para o Di\u00e1logo Inter- religioso e Intercultural visa o di\u00e1logo inter-religioso e intercultural, tendo como escopo promover o di\u00e1logo e a compreens\u00e3o entre as diferentes religi\u00f5es e culturas, encorajar o respeito pela diversidade e prosseguir a justi\u00e7a e a paz entre as na\u00e7\u00f5es e os povos, assim como combater o uso indevido da religi\u00e3o como justifica\u00e7\u00e3o para a viol\u00eancia e a persegui\u00e7\u00e3o.<\/p>\n\n\n\n<p>O Centro integra um Conselho das Partes constitu\u00eddo por representantes dos Estados membros fundadores (Ar\u00e1bia Saudita, \u00c1ustria, Espanha, bem como Santa S\u00e9 como fundador-observador) e um Conselho Diretivo composto por representantes de diversas religi\u00f5es (incluindo Cristianismo, Budismo, Hindu\u00edsmo, Isl\u00e3o, Juda\u00edsmo, Jainismo e Sikhismo).<\/p>\n\n\n\n<p>Com a transfer\u00eancia da sede do KAICIID, Portugal passar\u00e1 a contar com nove organiza\u00e7\u00f5es internacionais e ver\u00e1 refor\u00e7ado o seu perfil internacional numa \u00e1rea&nbsp;\u2013&nbsp;di\u00e1logo intercultural e inter-religioso&nbsp;\u2013&nbsp;que \u00e9 particularmente importante.<\/p>\n\n\n\n<p>Recorde-se que Portugal \u00e9 sede do Centro Europeu para a Interdepend\u00eancia e Solidariedade Global&nbsp;\u2013&nbsp;Centro Norte\/Sul do Conselho da Europa e que o Dr. Jorge Sampaio foi o primeiro Alto Representante das Na\u00e7\u00f5es Unidas para a Alian\u00e7a das Civiliza\u00e7\u00f5es.<\/p>\n","protected":false},"excerpt":{"rendered":"<p>O Centro Internacional Rei Abdullah Bin Abdulaziz para o Di\u00e1logo Inter-religioso e Intercultural (KAICIID), atualmente com sede em Viena, ser\u00e1<\/p>\n","protected":false},"author":1,"featured_media":8919,"comment_status":"open","ping_status":"open","sticky":false,"template":"","format":"standard","meta":{"colormag_page_container_layout":"default_layout","colormag_page_sidebar_layout":"default_layout","_monsterinsights_skip_tracking":false,"_monsterinsights_sitenote_active":false,"_monsterinsights_sitenote_note":"","_monsterinsights_sitenote_category":0,"jetpack_post_was_ever_published":false,"_jetpack_newsletter_access":"","_jetpack_dont_email_post_to_subs":false,"_jetpack_newsletter_tier_id":0,"_jetpack_memberships_contains_paywalled_content":false,"_jetpack_memberships_contains_paid_content":false,"footnotes":"","jetpack_publicize_message":"","jetpack_publicize_feature_enabled":true,"jetpack_social_post_already_shared":true,"jetpack_social_options":{"image_generator_settings":{"template":"highway","default_image_id":0,"font":"","enabled":false},"version":2}},"categories":[189],"tags":[98],"class_list":["post-12353","post","type-post","status-publish","format-standard","has-post-thumbnail","hentry","category-nacional","tag-nacional"],"yoast_head":"<!-- This site is optimized with the Yoast SEO plugin v27.5 - https:\/\/yoast.com\/product\/yoast-seo-wordpress\/ -->\n<title>Lisboa acolhe a sede do Centro Internacional Rei Abdullah Bin Abdulaziz para o Di\u00e1logo Inter-religioso e Intercultural (KAICIID) - Algarve 7<\/title>\n<meta name=\"description\" content=\"Lisboa acolhe a sede do Centro Internacional Rei Abdullah Bin Abdulaziz para o Di\u00e1logo Inter-religioso e Intercultural (KAICIID) Nacional\" \/>\n<meta name=\"robots\" content=\"index, follow, max-snippet:-1, max-image-preview:large, max-video-preview:-1\" \/>\n<link rel=\"canonical\" href=\"https:\/\/algarve7.pt\/index.php\/2021\/10\/lisboa-acolhe-a-sede-do-centro-internacional-rei-abdullah-bin-abdulaziz-para-o-dialogo-inter-religioso-e-intercultural-kaiciid\/nacional\/13\/20\/\" \/>\n<meta property=\"og:locale\" content=\"pt_PT\" \/>\n<meta property=\"og:type\" content=\"article\" \/>\n<meta property=\"og:title\" content=\"Lisboa acolhe a sede do Centro Internacional Rei Abdullah Bin Abdulaziz para o Di\u00e1logo Inter-religioso e Intercultural (KAICIID) - Algarve 7\" \/>\n<meta property=\"og:description\" content=\"Lisboa acolhe a sede do Centro Internacional Rei Abdullah Bin Abdulaziz para o Di\u00e1logo Inter-religioso e Intercultural (KAICIID) Nacional\" \/>\n<meta property=\"og:url\" content=\"https:\/\/algarve7.pt\/index.php\/2021\/10\/lisboa-acolhe-a-sede-do-centro-internacional-rei-abdullah-bin-abdulaziz-para-o-dialogo-inter-religioso-e-intercultural-kaiciid\/nacional\/13\/20\/\" \/>\n<meta property=\"og:site_name\" content=\"Algarve 7\" \/>\n<meta property=\"article:publisher\" content=\"https:\/\/www.facebook.com\/algarve7\" \/>\n<meta property=\"article:author\" content=\"https:\/\/www.facebook.com\/algarve7\" \/>\n<meta property=\"article:published_time\" content=\"2021-10-23T12:20:00+00:00\" \/>\n<meta property=\"og:image\" content=\"https:\/\/algarve7.pt\/wp-content\/uploads\/2021\/05\/i029660.jpg\" \/>\n\t<meta property=\"og:image:width\" content=\"1024\" \/>\n\t<meta property=\"og:image:height\" content=\"545\" \/>\n\t<meta property=\"og:image:type\" content=\"image\/jpeg\" \/>\n<meta name=\"author\" content=\"Algarve 7\" \/>\n<meta name=\"twitter:card\" content=\"summary_large_image\" \/>\n<meta name=\"twitter:creator\" content=\"@Algarvesete\" \/>\n<meta name=\"twitter:site\" content=\"@Algarvesete\" \/>\n<meta name=\"twitter:label1\" content=\"Escrito por\" \/>\n\t<meta name=\"twitter:data1\" content=\"Algarve 7\" \/>\n\t<meta name=\"twitter:label2\" content=\"Tempo estimado de leitura\" \/>\n\t<meta name=\"twitter:data2\" content=\"2 minutos\" \/>\n<script type=\"application\/ld+json\" class=\"yoast-schema-graph\">{\"@context\":\"https:\\\/\\\/schema.org\",\"@graph\":[{\"@type\":\"Article\",\"@id\":\"https:\\\/\\\/algarve7.pt\\\/index.php\\\/2021\\\/10\\\/lisboa-acolhe-a-sede-do-centro-internacional-rei-abdullah-bin-abdulaziz-para-o-dialogo-inter-religioso-e-intercultural-kaiciid\\\/nacional\\\/13\\\/20\\\/#article\",\"isPartOf\":{\"@id\":\"https:\\\/\\\/algarve7.pt\\\/index.php\\\/2021\\\/10\\\/lisboa-acolhe-a-sede-do-centro-internacional-rei-abdullah-bin-abdulaziz-para-o-dialogo-inter-religioso-e-intercultural-kaiciid\\\/nacional\\\/13\\\/20\\\/\"},\"author\":{\"name\":\"Algarve 7\",\"@id\":\"https:\\\/\\\/algarve7.pt\\\/#\\\/schema\\\/person\\\/23fa70681308e7b319a3204bcea45e0c\"},\"headline\":\"Lisboa acolhe a sede do Centro Internacional Rei Abdullah Bin Abdulaziz para o Di\u00e1logo Inter-religioso e Intercultural (KAICIID)\",\"datePublished\":\"2021-10-23T12:20:00+00:00\",\"mainEntityOfPage\":{\"@id\":\"https:\\\/\\\/algarve7.pt\\\/index.php\\\/2021\\\/10\\\/lisboa-acolhe-a-sede-do-centro-internacional-rei-abdullah-bin-abdulaziz-para-o-dialogo-inter-religioso-e-intercultural-kaiciid\\\/nacional\\\/13\\\/20\\\/\"},\"wordCount\":356,\"commentCount\":0,\"publisher\":{\"@id\":\"https:\\\/\\\/algarve7.pt\\\/#organization\"},\"image\":{\"@id\":\"https:\\\/\\\/algarve7.pt\\\/index.php\\\/2021\\\/10\\\/lisboa-acolhe-a-sede-do-centro-internacional-rei-abdullah-bin-abdulaziz-para-o-dialogo-inter-religioso-e-intercultural-kaiciid\\\/nacional\\\/13\\\/20\\\/#primaryimage\"},\"thumbnailUrl\":\"https:\\\/\\\/algarve7.pt\\\/wp-content\\\/uploads\\\/2021\\\/05\\\/i029660.jpg\",\"keywords\":[\"Nacional\"],\"articleSection\":[\"Nacional\"],\"inLanguage\":\"pt-PT\",\"potentialAction\":[{\"@type\":\"CommentAction\",\"name\":\"Comment\",\"target\":[\"https:\\\/\\\/algarve7.pt\\\/index.php\\\/2021\\\/10\\\/lisboa-acolhe-a-sede-do-centro-internacional-rei-abdullah-bin-abdulaziz-para-o-dialogo-inter-religioso-e-intercultural-kaiciid\\\/nacional\\\/13\\\/20\\\/#respond\"]}]},{\"@type\":\"WebPage\",\"@id\":\"https:\\\/\\\/algarve7.pt\\\/index.php\\\/2021\\\/10\\\/lisboa-acolhe-a-sede-do-centro-internacional-rei-abdullah-bin-abdulaziz-para-o-dialogo-inter-religioso-e-intercultural-kaiciid\\\/nacional\\\/13\\\/20\\\/\",\"url\":\"https:\\\/\\\/algarve7.pt\\\/index.php\\\/2021\\\/10\\\/lisboa-acolhe-a-sede-do-centro-internacional-rei-abdullah-bin-abdulaziz-para-o-dialogo-inter-religioso-e-intercultural-kaiciid\\\/nacional\\\/13\\\/20\\\/\",\"name\":\"Lisboa acolhe a sede do Centro Internacional Rei Abdullah Bin Abdulaziz para o Di\u00e1logo Inter-religioso e Intercultural (KAICIID) - Algarve 7\",\"isPartOf\":{\"@id\":\"https:\\\/\\\/algarve7.pt\\\/#website\"},\"primaryImageOfPage\":{\"@id\":\"https:\\\/\\\/algarve7.pt\\\/index.php\\\/2021\\\/10\\\/lisboa-acolhe-a-sede-do-centro-internacional-rei-abdullah-bin-abdulaziz-para-o-dialogo-inter-religioso-e-intercultural-kaiciid\\\/nacional\\\/13\\\/20\\\/#primaryimage\"},\"image\":{\"@id\":\"https:\\\/\\\/algarve7.pt\\\/index.php\\\/2021\\\/10\\\/lisboa-acolhe-a-sede-do-centro-internacional-rei-abdullah-bin-abdulaziz-para-o-dialogo-inter-religioso-e-intercultural-kaiciid\\\/nacional\\\/13\\\/20\\\/#primaryimage\"},\"thumbnailUrl\":\"https:\\\/\\\/algarve7.pt\\\/wp-content\\\/uploads\\\/2021\\\/05\\\/i029660.jpg\",\"datePublished\":\"2021-10-23T12:20:00+00:00\",\"description\":\"Lisboa acolhe a sede do Centro Internacional Rei Abdullah Bin Abdulaziz para o Di\u00e1logo Inter-religioso e Intercultural (KAICIID) Nacional\",\"breadcrumb\":{\"@id\":\"https:\\\/\\\/algarve7.pt\\\/index.php\\\/2021\\\/10\\\/lisboa-acolhe-a-sede-do-centro-internacional-rei-abdullah-bin-abdulaziz-para-o-dialogo-inter-religioso-e-intercultural-kaiciid\\\/nacional\\\/13\\\/20\\\/#breadcrumb\"},\"inLanguage\":\"pt-PT\",\"potentialAction\":[{\"@type\":\"ReadAction\",\"target\":[\"https:\\\/\\\/algarve7.pt\\\/index.php\\\/2021\\\/10\\\/lisboa-acolhe-a-sede-do-centro-internacional-rei-abdullah-bin-abdulaziz-para-o-dialogo-inter-religioso-e-intercultural-kaiciid\\\/nacional\\\/13\\\/20\\\/\"]}]},{\"@type\":\"ImageObject\",\"inLanguage\":\"pt-PT\",\"@id\":\"https:\\\/\\\/algarve7.pt\\\/index.php\\\/2021\\\/10\\\/lisboa-acolhe-a-sede-do-centro-internacional-rei-abdullah-bin-abdulaziz-para-o-dialogo-inter-religioso-e-intercultural-kaiciid\\\/nacional\\\/13\\\/20\\\/#primaryimage\",\"url\":\"https:\\\/\\\/algarve7.pt\\\/wp-content\\\/uploads\\\/2021\\\/05\\\/i029660.jpg\",\"contentUrl\":\"https:\\\/\\\/algarve7.pt\\\/wp-content\\\/uploads\\\/2021\\\/05\\\/i029660.jpg\",\"width\":1024,\"height\":545},{\"@type\":\"BreadcrumbList\",\"@id\":\"https:\\\/\\\/algarve7.pt\\\/index.php\\\/2021\\\/10\\\/lisboa-acolhe-a-sede-do-centro-internacional-rei-abdullah-bin-abdulaziz-para-o-dialogo-inter-religioso-e-intercultural-kaiciid\\\/nacional\\\/13\\\/20\\\/#breadcrumb\",\"itemListElement\":[{\"@type\":\"ListItem\",\"position\":1,\"name\":\"In\u00edcio\",\"item\":\"https:\\\/\\\/algarve7.pt\\\/\"},{\"@type\":\"ListItem\",\"position\":2,\"name\":\"Lisboa acolhe a sede do Centro Internacional Rei Abdullah Bin Abdulaziz para o Di\u00e1logo Inter-religioso e Intercultural (KAICIID)\"}]},{\"@type\":\"WebSite\",\"@id\":\"https:\\\/\\\/algarve7.pt\\\/#website\",\"url\":\"https:\\\/\\\/algarve7.pt\\\/\",\"name\":\"Algarve 7\",\"description\":\"Informa\u00e7\u00e3o sobre o Algarve\",\"publisher\":{\"@id\":\"https:\\\/\\\/algarve7.pt\\\/#organization\"},\"potentialAction\":[{\"@type\":\"SearchAction\",\"target\":{\"@type\":\"EntryPoint\",\"urlTemplate\":\"https:\\\/\\\/algarve7.pt\\\/?s={search_term_string}\"},\"query-input\":{\"@type\":\"PropertyValueSpecification\",\"valueRequired\":true,\"valueName\":\"search_term_string\"}}],\"inLanguage\":\"pt-PT\"},{\"@type\":\"Organization\",\"@id\":\"https:\\\/\\\/algarve7.pt\\\/#organization\",\"name\":\"Algarve 7\",\"url\":\"https:\\\/\\\/algarve7.pt\\\/\",\"logo\":{\"@type\":\"ImageObject\",\"inLanguage\":\"pt-PT\",\"@id\":\"https:\\\/\\\/algarve7.pt\\\/#\\\/schema\\\/logo\\\/image\\\/\",\"url\":\"https:\\\/\\\/algarve7.pt\\\/wp-content\\\/uploads\\\/2020\\\/10\\\/Logo-8.jpg\",\"contentUrl\":\"https:\\\/\\\/algarve7.pt\\\/wp-content\\\/uploads\\\/2020\\\/10\\\/Logo-8.jpg\",\"width\":1680,\"height\":1186,\"caption\":\"Algarve 7\"},\"image\":{\"@id\":\"https:\\\/\\\/algarve7.pt\\\/#\\\/schema\\\/logo\\\/image\\\/\"},\"sameAs\":[\"https:\\\/\\\/www.facebook.com\\\/algarve7\",\"https:\\\/\\\/x.com\\\/Algarvesete\",\"https:\\\/\\\/www.instagram.com\\\/jornalalgarve7\\\/\",\"https:\\\/\\\/www.linkedin.com\\\/company\\\/algarve7\",\"https:\\\/\\\/www.pinterest.pt\\\/geral0939\\\/_created\\\/\"]},{\"@type\":\"Person\",\"@id\":\"https:\\\/\\\/algarve7.pt\\\/#\\\/schema\\\/person\\\/23fa70681308e7b319a3204bcea45e0c\",\"name\":\"Algarve 7\",\"sameAs\":[\"https:\\\/\\\/algarve7.pt\",\"https:\\\/\\\/www.facebook.com\\\/algarve7\"],\"url\":\"https:\\\/\\\/algarve7.pt\\\/index.php\\\/author\\\/geralalgarve7-pt\\\/\"}]}<\/script>\n<!-- \/ Yoast SEO plugin. -->","yoast_head_json":{"title":"Lisboa acolhe a sede do Centro Internacional Rei Abdullah Bin Abdulaziz para o Di\u00e1logo Inter-religioso e Intercultural (KAICIID) - Algarve 7","description":"Lisboa acolhe a sede do Centro Internacional Rei Abdullah Bin Abdulaziz para o Di\u00e1logo Inter-religioso e Intercultural (KAICIID) Nacional","robots":{"index":"index","follow":"follow","max-snippet":"max-snippet:-1","max-image-preview":"max-image-preview:large","max-video-preview":"max-video-preview:-1"},"canonical":"https:\/\/algarve7.pt\/index.php\/2021\/10\/lisboa-acolhe-a-sede-do-centro-internacional-rei-abdullah-bin-abdulaziz-para-o-dialogo-inter-religioso-e-intercultural-kaiciid\/nacional\/13\/20\/","og_locale":"pt_PT","og_type":"article","og_title":"Lisboa acolhe a sede do Centro Internacional Rei Abdullah Bin Abdulaziz para o Di\u00e1logo Inter-religioso e Intercultural (KAICIID) - Algarve 7","og_description":"Lisboa acolhe a sede do Centro Internacional Rei Abdullah Bin Abdulaziz para o Di\u00e1logo Inter-religioso e Intercultural (KAICIID) Nacional","og_url":"https:\/\/algarve7.pt\/index.php\/2021\/10\/lisboa-acolhe-a-sede-do-centro-internacional-rei-abdullah-bin-abdulaziz-para-o-dialogo-inter-religioso-e-intercultural-kaiciid\/nacional\/13\/20\/","og_site_name":"Algarve 7","article_publisher":"https:\/\/www.facebook.com\/algarve7","article_author":"https:\/\/www.facebook.com\/algarve7","article_published_time":"2021-10-23T12:20:00+00:00","og_image":[{"width":1024,"height":545,"url":"https:\/\/algarve7.pt\/wp-content\/uploads\/2021\/05\/i029660.jpg","type":"image\/jpeg"}],"author":"Algarve 7","twitter_card":"summary_large_image","twitter_creator":"@Algarvesete","twitter_site":"@Algarvesete","twitter_misc":{"Escrito por":"Algarve 7","Tempo estimado de leitura":"2 minutos"},"schema":{"@context":"https:\/\/schema.org","@graph":[{"@type":"Article","@id":"https:\/\/algarve7.pt\/index.php\/2021\/10\/lisboa-acolhe-a-sede-do-centro-internacional-rei-abdullah-bin-abdulaziz-para-o-dialogo-inter-religioso-e-intercultural-kaiciid\/nacional\/13\/20\/#article","isPartOf":{"@id":"https:\/\/algarve7.pt\/index.php\/2021\/10\/lisboa-acolhe-a-sede-do-centro-internacional-rei-abdullah-bin-abdulaziz-para-o-dialogo-inter-religioso-e-intercultural-kaiciid\/nacional\/13\/20\/"},"author":{"name":"Algarve 7","@id":"https:\/\/algarve7.pt\/#\/schema\/person\/23fa70681308e7b319a3204bcea45e0c"},"headline":"Lisboa acolhe a sede do Centro Internacional Rei Abdullah Bin Abdulaziz para o Di\u00e1logo Inter-religioso e Intercultural (KAICIID)","datePublished":"2021-10-23T12:20:00+00:00","mainEntityOfPage":{"@id":"https:\/\/algarve7.pt\/index.php\/2021\/10\/lisboa-acolhe-a-sede-do-centro-internacional-rei-abdullah-bin-abdulaziz-para-o-dialogo-inter-religioso-e-intercultural-kaiciid\/nacional\/13\/20\/"},"wordCount":356,"commentCount":0,"publisher":{"@id":"https:\/\/algarve7.pt\/#organization"},"image":{"@id":"https:\/\/algarve7.pt\/index.php\/2021\/10\/lisboa-acolhe-a-sede-do-centro-internacional-rei-abdullah-bin-abdulaziz-para-o-dialogo-inter-religioso-e-intercultural-kaiciid\/nacional\/13\/20\/#primaryimage"},"thumbnailUrl":"https:\/\/algarve7.pt\/wp-content\/uploads\/2021\/05\/i029660.jpg","keywords":["Nacional"],"articleSection":["Nacional"],"inLanguage":"pt-PT","potentialAction":[{"@type":"CommentAction","name":"Comment","target":["https:\/\/algarve7.pt\/index.php\/2021\/10\/lisboa-acolhe-a-sede-do-centro-internacional-rei-abdullah-bin-abdulaziz-para-o-dialogo-inter-religioso-e-intercultural-kaiciid\/nacional\/13\/20\/#respond"]}]},{"@type":"WebPage","@id":"https:\/\/algarve7.pt\/index.php\/2021\/10\/lisboa-acolhe-a-sede-do-centro-internacional-rei-abdullah-bin-abdulaziz-para-o-dialogo-inter-religioso-e-intercultural-kaiciid\/nacional\/13\/20\/","url":"https:\/\/algarve7.pt\/index.php\/2021\/10\/lisboa-acolhe-a-sede-do-centro-internacional-rei-abdullah-bin-abdulaziz-para-o-dialogo-inter-religioso-e-intercultural-kaiciid\/nacional\/13\/20\/","name":"Lisboa acolhe a sede do Centro Internacional Rei Abdullah Bin Abdulaziz para o Di\u00e1logo Inter-religioso e Intercultural (KAICIID) - Algarve 7","isPartOf":{"@id":"https:\/\/algarve7.pt\/#website"},"primaryImageOfPage":{"@id":"https:\/\/algarve7.pt\/index.php\/2021\/10\/lisboa-acolhe-a-sede-do-centro-internacional-rei-abdullah-bin-abdulaziz-para-o-dialogo-inter-religioso-e-intercultural-kaiciid\/nacional\/13\/20\/#primaryimage"},"image":{"@id":"https:\/\/algarve7.pt\/index.php\/2021\/10\/lisboa-acolhe-a-sede-do-centro-internacional-rei-abdullah-bin-abdulaziz-para-o-dialogo-inter-religioso-e-intercultural-kaiciid\/nacional\/13\/20\/#primaryimage"},"thumbnailUrl":"https:\/\/algarve7.pt\/wp-content\/uploads\/2021\/05\/i029660.jpg","datePublished":"2021-10-23T12:20:00+00:00","description":"Lisboa acolhe a sede do Centro Internacional Rei Abdullah Bin Abdulaziz para o Di\u00e1logo Inter-religioso e Intercultural (KAICIID) Nacional","breadcrumb":{"@id":"https:\/\/algarve7.pt\/index.php\/2021\/10\/lisboa-acolhe-a-sede-do-centro-internacional-rei-abdullah-bin-abdulaziz-para-o-dialogo-inter-religioso-e-intercultural-kaiciid\/nacional\/13\/20\/#breadcrumb"},"inLanguage":"pt-PT","potentialAction":[{"@type":"ReadAction","target":["https:\/\/algarve7.pt\/index.php\/2021\/10\/lisboa-acolhe-a-sede-do-centro-internacional-rei-abdullah-bin-abdulaziz-para-o-dialogo-inter-religioso-e-intercultural-kaiciid\/nacional\/13\/20\/"]}]},{"@type":"ImageObject","inLanguage":"pt-PT","@id":"https:\/\/algarve7.pt\/index.php\/2021\/10\/lisboa-acolhe-a-sede-do-centro-internacional-rei-abdullah-bin-abdulaziz-para-o-dialogo-inter-religioso-e-intercultural-kaiciid\/nacional\/13\/20\/#primaryimage","url":"https:\/\/algarve7.pt\/wp-content\/uploads\/2021\/05\/i029660.jpg","contentUrl":"https:\/\/algarve7.pt\/wp-content\/uploads\/2021\/05\/i029660.jpg","width":1024,"height":545},{"@type":"BreadcrumbList","@id":"https:\/\/algarve7.pt\/index.php\/2021\/10\/lisboa-acolhe-a-sede-do-centro-internacional-rei-abdullah-bin-abdulaziz-para-o-dialogo-inter-religioso-e-intercultural-kaiciid\/nacional\/13\/20\/#breadcrumb","itemListElement":[{"@type":"ListItem","position":1,"name":"In\u00edcio","item":"https:\/\/algarve7.pt\/"},{"@type":"ListItem","position":2,"name":"Lisboa acolhe a sede do Centro Internacional Rei Abdullah Bin Abdulaziz para o Di\u00e1logo Inter-religioso e Intercultural (KAICIID)"}]},{"@type":"WebSite","@id":"https:\/\/algarve7.pt\/#website","url":"https:\/\/algarve7.pt\/","name":"Algarve 7","description":"Informa\u00e7\u00e3o sobre o Algarve","publisher":{"@id":"https:\/\/algarve7.pt\/#organization"},"potentialAction":[{"@type":"SearchAction","target":{"@type":"EntryPoint","urlTemplate":"https:\/\/algarve7.pt\/?s={search_term_string}"},"query-input":{"@type":"PropertyValueSpecification","valueRequired":true,"valueName":"search_term_string"}}],"inLanguage":"pt-PT"},{"@type":"Organization","@id":"https:\/\/algarve7.pt\/#organization","name":"Algarve 7","url":"https:\/\/algarve7.pt\/","logo":{"@type":"ImageObject","inLanguage":"pt-PT","@id":"https:\/\/algarve7.pt\/#\/schema\/logo\/image\/","url":"https:\/\/algarve7.pt\/wp-content\/uploads\/2020\/10\/Logo-8.jpg","contentUrl":"https:\/\/algarve7.pt\/wp-content\/uploads\/2020\/10\/Logo-8.jpg","width":1680,"height":1186,"caption":"Algarve 7"},"image":{"@id":"https:\/\/algarve7.pt\/#\/schema\/logo\/image\/"},"sameAs":["https:\/\/www.facebook.com\/algarve7","https:\/\/x.com\/Algarvesete","https:\/\/www.instagram.com\/jornalalgarve7\/","https:\/\/www.linkedin.com\/company\/algarve7","https:\/\/www.pinterest.pt\/geral0939\/_created\/"]},{"@type":"Person","@id":"https:\/\/algarve7.pt\/#\/schema\/person\/23fa70681308e7b319a3204bcea45e0c","name":"Algarve 7","sameAs":["https:\/\/algarve7.pt","https:\/\/www.facebook.com\/algarve7"],"url":"https:\/\/algarve7.pt\/index.php\/author\/geralalgarve7-pt\/"}]}},"jetpack_publicize_connections":[],"jetpack_featured_media_url":"https:\/\/algarve7.pt\/wp-content\/uploads\/2021\/05\/i029660.jpg","jetpack_shortlink":"https:\/\/wp.me\/pcezmW-3df","jetpack_sharing_enabled":true,"_links":{"self":[{"href":"https:\/\/algarve7.pt\/index.php\/wp-json\/wp\/v2\/posts\/12353","targetHints":{"allow":["GET"]}}],"collection":[{"href":"https:\/\/algarve7.pt\/index.php\/wp-json\/wp\/v2\/posts"}],"about":[{"href":"https:\/\/algarve7.pt\/index.php\/wp-json\/wp\/v2\/types\/post"}],"author":[{"embeddable":true,"href":"https:\/\/algarve7.pt\/index.php\/wp-json\/wp\/v2\/users\/1"}],"replies":[{"embeddable":true,"href":"https:\/\/algarve7.pt\/index.php\/wp-json\/wp\/v2\/comments?post=12353"}],"version-history":[{"count":0,"href":"https:\/\/algarve7.pt\/index.php\/wp-json\/wp\/v2\/posts\/12353\/revisions"}],"wp:featuredmedia":[{"embeddable":true,"href":"https:\/\/algarve7.pt\/index.php\/wp-json\/wp\/v2\/media\/8919"}],"wp:attachment":[{"href":"https:\/\/algarve7.pt\/index.php\/wp-json\/wp\/v2\/media?parent=12353"}],"wp:term":[{"taxonomy":"category","embeddable":true,"href":"https:\/\/algarve7.pt\/index.php\/wp-json\/wp\/v2\/categories?post=12353"},{"taxonomy":"post_tag","embeddable":true,"href":"https:\/\/algarve7.pt\/index.php\/wp-json\/wp\/v2\/tags?post=12353"}],"curies":[{"name":"wp","href":"https:\/\/api.w.org\/{rel}","templated":true}]}}