{"id":12349,"date":"2021-10-23T12:40:00","date_gmt":"2021-10-23T11:40:00","guid":{"rendered":"https:\/\/algarve7.pt\/?p=12349"},"modified":"2021-10-23T09:40:55","modified_gmt":"2021-10-23T08:40:55","slug":"seminario-algarve-craft-food-quer-dinamizar-o-turismo-cultural-e-criativo-da-regiao","status":"publish","type":"post","link":"https:\/\/algarve7.pt\/index.php\/2021\/10\/seminario-algarve-craft-food-quer-dinamizar-o-turismo-cultural-e-criativo-da-regiao\/atualidade\/12\/40\/","title":{"rendered":"Semin\u00e1rio Algarve Craft &#038; Food quer dinamizar o turismo cultural e criativo da regi\u00e3o"},"content":{"rendered":"\n<p><strong>Realiza-se no dia 27 de outubro o&nbsp;<a>s<em>emin\u00e1rio Algarve Craft &amp; Food &#8211; Internacionaliza\u00e7\u00e3o de artesanato,<\/em><\/a><em>&nbsp;produtos alimentares locais e turismo criativo<\/em>, inserido no \u00e2mbito do projeto \u201cAlgarve Craft &amp; Food\u201d, que ter\u00e1 lugar na Escola de Hotelaria e Turismo do Algarve, a partir das 09h30.<\/strong><\/p>\n\n\n\n<p>Dirigido a artes\u00e3os,&nbsp;<em>designers<\/em>, produtores agroalimentares,&nbsp;<em>chefs<\/em>&nbsp;de cozinha e agentes tur\u00edsticos, o semin\u00e1rio Algarve Craft &amp; Food pretende contribuir para o aumento das compet\u00eancias de internacionaliza\u00e7\u00e3o do artesanato, dos produtos alimentares locais e do turismo cultural e criativo da regi\u00e3o.&nbsp;<\/p>\n\n\n\n<p>A sess\u00e3o de abertura est\u00e1 prevista para as 09h45 e contar\u00e1 com a presen\u00e7a de Jo\u00e3o Fernandes, presidente da Regi\u00e3o de Turismo do Algarve (RTA), Jo\u00e3o Amaro, diretor executivo da Tert\u00falia Algarvia, e Jo\u00e3o Ministro, da QRER-Cooperativa para o Desenvolvimento dos Territ\u00f3rios de Baixa Densidade, as tr\u00eas entidades promotoras do projeto \u201cAlgarve Craft &amp; Food\u201d.&nbsp;&nbsp;<\/p>\n\n\n\n<p>O semin\u00e1rio pretende dar a conhecer casos de boas pr\u00e1ticas nacionais e internacionais, em mat\u00e9ria de internacionaliza\u00e7\u00e3o de ind\u00fastrias culturais e criativas, e promover a explora\u00e7\u00e3o de sinergias para a cria\u00e7\u00e3o de programas de turismo cultural e criativo no Algarve.&nbsp;<\/p>\n\n\n\n<p>As inscri\u00e7\u00f5es para assistir ao Semin\u00e1rio Algarve Craft &amp; Food encontram-se abertas no\u00a0<a href=\"https:\/\/algarvecraftandfood.pt\/inscricao\" target=\"_blank\" rel=\"noreferrer noopener\"><strong>site<\/strong><\/a><strong>\u00a0<\/strong>da iniciativa.<\/p>\n","protected":false},"excerpt":{"rendered":"<p>Realiza-se no dia 27 de outubro o&nbsp;semin\u00e1rio Algarve Craft &amp; Food &#8211; Internacionaliza\u00e7\u00e3o de artesanato,&nbsp;produtos alimentares locais e turismo criativo,<\/p>\n","protected":false},"author":1,"featured_media":12352,"comment_status":"open","ping_status":"open","sticky":false,"template":"","format":"standard","meta":{"colormag_page_container_layout":"default_layout","colormag_page_sidebar_layout":"default_layout","_monsterinsights_skip_tracking":false,"_monsterinsights_sitenote_active":false,"_monsterinsights_sitenote_note":"","_monsterinsights_sitenote_category":0,"jetpack_post_was_ever_published":false,"_jetpack_newsletter_access":"","_jetpack_dont_email_post_to_subs":false,"_jetpack_newsletter_tier_id":0,"_jetpack_memberships_contains_paywalled_content":false,"_jetpack_memberships_contains_paid_content":false,"footnotes":"","jetpack_publicize_message":"","jetpack_publicize_feature_enabled":true,"jetpack_social_post_already_shared":true,"jetpack_social_options":{"image_generator_settings":{"template":"highway","default_image_id":0,"font":"","enabled":false},"version":2}},"categories":[11],"tags":[36,477,45],"class_list":["post-12349","post","type-post","status-publish","format-standard","has-post-thumbnail","hentry","category-atualidade","tag-algarve","tag-seminario","tag-turismo"],"yoast_head":"<!-- This site is optimized with the Yoast SEO plugin v27.5 - https:\/\/yoast.com\/product\/yoast-seo-wordpress\/ -->\n<title>Semin\u00e1rio Algarve Craft &amp; Food quer dinamizar o turismo cultural e criativo da regi\u00e3o - Algarve 7<\/title>\n<meta name=\"description\" content=\"Semin\u00e1rio Algarve Craft &amp; Food quer dinamizar o turismo cultural e criativo da regi\u00e3o Atualidade\" \/>\n<meta name=\"robots\" content=\"index, follow, max-snippet:-1, max-image-preview:large, max-video-preview:-1\" \/>\n<link rel=\"canonical\" href=\"https:\/\/algarve7.pt\/index.php\/2021\/10\/seminario-algarve-craft-food-quer-dinamizar-o-turismo-cultural-e-criativo-da-regiao\/atualidade\/12\/40\/\" \/>\n<meta property=\"og:locale\" content=\"pt_PT\" \/>\n<meta property=\"og:type\" content=\"article\" \/>\n<meta property=\"og:title\" content=\"Semin\u00e1rio Algarve Craft &amp; Food quer dinamizar o turismo cultural e criativo da regi\u00e3o - Algarve 7\" \/>\n<meta property=\"og:description\" content=\"Semin\u00e1rio Algarve Craft &amp; Food quer dinamizar o turismo cultural e criativo da regi\u00e3o Atualidade\" \/>\n<meta property=\"og:url\" content=\"https:\/\/algarve7.pt\/index.php\/2021\/10\/seminario-algarve-craft-food-quer-dinamizar-o-turismo-cultural-e-criativo-da-regiao\/atualidade\/12\/40\/\" \/>\n<meta property=\"og:site_name\" content=\"Algarve 7\" \/>\n<meta property=\"article:publisher\" content=\"https:\/\/www.facebook.com\/algarve7\" \/>\n<meta property=\"article:author\" content=\"https:\/\/www.facebook.com\/algarve7\" \/>\n<meta property=\"article:published_time\" content=\"2021-10-23T11:40:00+00:00\" \/>\n<meta property=\"og:image\" content=\"https:\/\/algarve7.pt\/wp-content\/uploads\/2021\/10\/algarve-craft-food.jpg\" \/>\n\t<meta property=\"og:image:width\" content=\"660\" \/>\n\t<meta property=\"og:image:height\" content=\"330\" \/>\n\t<meta property=\"og:image:type\" content=\"image\/jpeg\" \/>\n<meta name=\"author\" content=\"Algarve 7\" \/>\n<meta name=\"twitter:card\" content=\"summary_large_image\" \/>\n<meta name=\"twitter:creator\" content=\"@Algarvesete\" \/>\n<meta name=\"twitter:site\" content=\"@Algarvesete\" \/>\n<meta name=\"twitter:label1\" content=\"Escrito por\" \/>\n\t<meta name=\"twitter:data1\" content=\"Algarve 7\" \/>\n\t<meta name=\"twitter:label2\" content=\"Tempo estimado de leitura\" \/>\n\t<meta name=\"twitter:data2\" content=\"1 minuto\" \/>\n<script type=\"application\/ld+json\" class=\"yoast-schema-graph\">{\"@context\":\"https:\\\/\\\/schema.org\",\"@graph\":[{\"@type\":\"Article\",\"@id\":\"https:\\\/\\\/algarve7.pt\\\/index.php\\\/2021\\\/10\\\/seminario-algarve-craft-food-quer-dinamizar-o-turismo-cultural-e-criativo-da-regiao\\\/atualidade\\\/12\\\/40\\\/#article\",\"isPartOf\":{\"@id\":\"https:\\\/\\\/algarve7.pt\\\/index.php\\\/2021\\\/10\\\/seminario-algarve-craft-food-quer-dinamizar-o-turismo-cultural-e-criativo-da-regiao\\\/atualidade\\\/12\\\/40\\\/\"},\"author\":{\"name\":\"Algarve 7\",\"@id\":\"https:\\\/\\\/algarve7.pt\\\/#\\\/schema\\\/person\\\/23fa70681308e7b319a3204bcea45e0c\"},\"headline\":\"Semin\u00e1rio Algarve Craft &#038; Food quer dinamizar o turismo cultural e criativo da regi\u00e3o\",\"datePublished\":\"2021-10-23T11:40:00+00:00\",\"mainEntityOfPage\":{\"@id\":\"https:\\\/\\\/algarve7.pt\\\/index.php\\\/2021\\\/10\\\/seminario-algarve-craft-food-quer-dinamizar-o-turismo-cultural-e-criativo-da-regiao\\\/atualidade\\\/12\\\/40\\\/\"},\"wordCount\":247,\"commentCount\":0,\"publisher\":{\"@id\":\"https:\\\/\\\/algarve7.pt\\\/#organization\"},\"image\":{\"@id\":\"https:\\\/\\\/algarve7.pt\\\/index.php\\\/2021\\\/10\\\/seminario-algarve-craft-food-quer-dinamizar-o-turismo-cultural-e-criativo-da-regiao\\\/atualidade\\\/12\\\/40\\\/#primaryimage\"},\"thumbnailUrl\":\"https:\\\/\\\/algarve7.pt\\\/wp-content\\\/uploads\\\/2021\\\/10\\\/algarve-craft-food.jpg\",\"keywords\":[\"Algarve\",\"Semin\u00e1rio\",\"Turismo\"],\"articleSection\":[\"Atualidade\"],\"inLanguage\":\"pt-PT\",\"potentialAction\":[{\"@type\":\"CommentAction\",\"name\":\"Comment\",\"target\":[\"https:\\\/\\\/algarve7.pt\\\/index.php\\\/2021\\\/10\\\/seminario-algarve-craft-food-quer-dinamizar-o-turismo-cultural-e-criativo-da-regiao\\\/atualidade\\\/12\\\/40\\\/#respond\"]}]},{\"@type\":\"WebPage\",\"@id\":\"https:\\\/\\\/algarve7.pt\\\/index.php\\\/2021\\\/10\\\/seminario-algarve-craft-food-quer-dinamizar-o-turismo-cultural-e-criativo-da-regiao\\\/atualidade\\\/12\\\/40\\\/\",\"url\":\"https:\\\/\\\/algarve7.pt\\\/index.php\\\/2021\\\/10\\\/seminario-algarve-craft-food-quer-dinamizar-o-turismo-cultural-e-criativo-da-regiao\\\/atualidade\\\/12\\\/40\\\/\",\"name\":\"Semin\u00e1rio Algarve Craft & Food quer dinamizar o turismo cultural e criativo da regi\u00e3o - Algarve 7\",\"isPartOf\":{\"@id\":\"https:\\\/\\\/algarve7.pt\\\/#website\"},\"primaryImageOfPage\":{\"@id\":\"https:\\\/\\\/algarve7.pt\\\/index.php\\\/2021\\\/10\\\/seminario-algarve-craft-food-quer-dinamizar-o-turismo-cultural-e-criativo-da-regiao\\\/atualidade\\\/12\\\/40\\\/#primaryimage\"},\"image\":{\"@id\":\"https:\\\/\\\/algarve7.pt\\\/index.php\\\/2021\\\/10\\\/seminario-algarve-craft-food-quer-dinamizar-o-turismo-cultural-e-criativo-da-regiao\\\/atualidade\\\/12\\\/40\\\/#primaryimage\"},\"thumbnailUrl\":\"https:\\\/\\\/algarve7.pt\\\/wp-content\\\/uploads\\\/2021\\\/10\\\/algarve-craft-food.jpg\",\"datePublished\":\"2021-10-23T11:40:00+00:00\",\"description\":\"Semin\u00e1rio Algarve Craft & Food quer dinamizar o turismo cultural e criativo da regi\u00e3o Atualidade\",\"breadcrumb\":{\"@id\":\"https:\\\/\\\/algarve7.pt\\\/index.php\\\/2021\\\/10\\\/seminario-algarve-craft-food-quer-dinamizar-o-turismo-cultural-e-criativo-da-regiao\\\/atualidade\\\/12\\\/40\\\/#breadcrumb\"},\"inLanguage\":\"pt-PT\",\"potentialAction\":[{\"@type\":\"ReadAction\",\"target\":[\"https:\\\/\\\/algarve7.pt\\\/index.php\\\/2021\\\/10\\\/seminario-algarve-craft-food-quer-dinamizar-o-turismo-cultural-e-criativo-da-regiao\\\/atualidade\\\/12\\\/40\\\/\"]}]},{\"@type\":\"ImageObject\",\"inLanguage\":\"pt-PT\",\"@id\":\"https:\\\/\\\/algarve7.pt\\\/index.php\\\/2021\\\/10\\\/seminario-algarve-craft-food-quer-dinamizar-o-turismo-cultural-e-criativo-da-regiao\\\/atualidade\\\/12\\\/40\\\/#primaryimage\",\"url\":\"https:\\\/\\\/algarve7.pt\\\/wp-content\\\/uploads\\\/2021\\\/10\\\/algarve-craft-food.jpg\",\"contentUrl\":\"https:\\\/\\\/algarve7.pt\\\/wp-content\\\/uploads\\\/2021\\\/10\\\/algarve-craft-food.jpg\",\"width\":660,\"height\":330},{\"@type\":\"BreadcrumbList\",\"@id\":\"https:\\\/\\\/algarve7.pt\\\/index.php\\\/2021\\\/10\\\/seminario-algarve-craft-food-quer-dinamizar-o-turismo-cultural-e-criativo-da-regiao\\\/atualidade\\\/12\\\/40\\\/#breadcrumb\",\"itemListElement\":[{\"@type\":\"ListItem\",\"position\":1,\"name\":\"In\u00edcio\",\"item\":\"https:\\\/\\\/algarve7.pt\\\/\"},{\"@type\":\"ListItem\",\"position\":2,\"name\":\"Semin\u00e1rio Algarve Craft &#038; Food quer dinamizar o turismo cultural e criativo da regi\u00e3o\"}]},{\"@type\":\"WebSite\",\"@id\":\"https:\\\/\\\/algarve7.pt\\\/#website\",\"url\":\"https:\\\/\\\/algarve7.pt\\\/\",\"name\":\"Algarve 7\",\"description\":\"Informa\u00e7\u00e3o sobre o Algarve\",\"publisher\":{\"@id\":\"https:\\\/\\\/algarve7.pt\\\/#organization\"},\"potentialAction\":[{\"@type\":\"SearchAction\",\"target\":{\"@type\":\"EntryPoint\",\"urlTemplate\":\"https:\\\/\\\/algarve7.pt\\\/?s={search_term_string}\"},\"query-input\":{\"@type\":\"PropertyValueSpecification\",\"valueRequired\":true,\"valueName\":\"search_term_string\"}}],\"inLanguage\":\"pt-PT\"},{\"@type\":\"Organization\",\"@id\":\"https:\\\/\\\/algarve7.pt\\\/#organization\",\"name\":\"Algarve 7\",\"url\":\"https:\\\/\\\/algarve7.pt\\\/\",\"logo\":{\"@type\":\"ImageObject\",\"inLanguage\":\"pt-PT\",\"@id\":\"https:\\\/\\\/algarve7.pt\\\/#\\\/schema\\\/logo\\\/image\\\/\",\"url\":\"https:\\\/\\\/algarve7.pt\\\/wp-content\\\/uploads\\\/2020\\\/10\\\/Logo-8.jpg\",\"contentUrl\":\"https:\\\/\\\/algarve7.pt\\\/wp-content\\\/uploads\\\/2020\\\/10\\\/Logo-8.jpg\",\"width\":1680,\"height\":1186,\"caption\":\"Algarve 7\"},\"image\":{\"@id\":\"https:\\\/\\\/algarve7.pt\\\/#\\\/schema\\\/logo\\\/image\\\/\"},\"sameAs\":[\"https:\\\/\\\/www.facebook.com\\\/algarve7\",\"https:\\\/\\\/x.com\\\/Algarvesete\",\"https:\\\/\\\/www.instagram.com\\\/jornalalgarve7\\\/\",\"https:\\\/\\\/www.linkedin.com\\\/company\\\/algarve7\",\"https:\\\/\\\/www.pinterest.pt\\\/geral0939\\\/_created\\\/\"]},{\"@type\":\"Person\",\"@id\":\"https:\\\/\\\/algarve7.pt\\\/#\\\/schema\\\/person\\\/23fa70681308e7b319a3204bcea45e0c\",\"name\":\"Algarve 7\",\"sameAs\":[\"https:\\\/\\\/algarve7.pt\",\"https:\\\/\\\/www.facebook.com\\\/algarve7\"],\"url\":\"https:\\\/\\\/algarve7.pt\\\/index.php\\\/author\\\/geralalgarve7-pt\\\/\"}]}<\/script>\n<!-- \/ Yoast SEO plugin. -->","yoast_head_json":{"title":"Semin\u00e1rio Algarve Craft & Food quer dinamizar o turismo cultural e criativo da regi\u00e3o - Algarve 7","description":"Semin\u00e1rio Algarve Craft & Food quer dinamizar o turismo cultural e criativo da regi\u00e3o Atualidade","robots":{"index":"index","follow":"follow","max-snippet":"max-snippet:-1","max-image-preview":"max-image-preview:large","max-video-preview":"max-video-preview:-1"},"canonical":"https:\/\/algarve7.pt\/index.php\/2021\/10\/seminario-algarve-craft-food-quer-dinamizar-o-turismo-cultural-e-criativo-da-regiao\/atualidade\/12\/40\/","og_locale":"pt_PT","og_type":"article","og_title":"Semin\u00e1rio Algarve Craft & Food quer dinamizar o turismo cultural e criativo da regi\u00e3o - Algarve 7","og_description":"Semin\u00e1rio Algarve Craft & Food quer dinamizar o turismo cultural e criativo da regi\u00e3o Atualidade","og_url":"https:\/\/algarve7.pt\/index.php\/2021\/10\/seminario-algarve-craft-food-quer-dinamizar-o-turismo-cultural-e-criativo-da-regiao\/atualidade\/12\/40\/","og_site_name":"Algarve 7","article_publisher":"https:\/\/www.facebook.com\/algarve7","article_author":"https:\/\/www.facebook.com\/algarve7","article_published_time":"2021-10-23T11:40:00+00:00","og_image":[{"width":660,"height":330,"url":"https:\/\/algarve7.pt\/wp-content\/uploads\/2021\/10\/algarve-craft-food.jpg","type":"image\/jpeg"}],"author":"Algarve 7","twitter_card":"summary_large_image","twitter_creator":"@Algarvesete","twitter_site":"@Algarvesete","twitter_misc":{"Escrito por":"Algarve 7","Tempo estimado de leitura":"1 minuto"},"schema":{"@context":"https:\/\/schema.org","@graph":[{"@type":"Article","@id":"https:\/\/algarve7.pt\/index.php\/2021\/10\/seminario-algarve-craft-food-quer-dinamizar-o-turismo-cultural-e-criativo-da-regiao\/atualidade\/12\/40\/#article","isPartOf":{"@id":"https:\/\/algarve7.pt\/index.php\/2021\/10\/seminario-algarve-craft-food-quer-dinamizar-o-turismo-cultural-e-criativo-da-regiao\/atualidade\/12\/40\/"},"author":{"name":"Algarve 7","@id":"https:\/\/algarve7.pt\/#\/schema\/person\/23fa70681308e7b319a3204bcea45e0c"},"headline":"Semin\u00e1rio Algarve Craft &#038; Food quer dinamizar o turismo cultural e criativo da regi\u00e3o","datePublished":"2021-10-23T11:40:00+00:00","mainEntityOfPage":{"@id":"https:\/\/algarve7.pt\/index.php\/2021\/10\/seminario-algarve-craft-food-quer-dinamizar-o-turismo-cultural-e-criativo-da-regiao\/atualidade\/12\/40\/"},"wordCount":247,"commentCount":0,"publisher":{"@id":"https:\/\/algarve7.pt\/#organization"},"image":{"@id":"https:\/\/algarve7.pt\/index.php\/2021\/10\/seminario-algarve-craft-food-quer-dinamizar-o-turismo-cultural-e-criativo-da-regiao\/atualidade\/12\/40\/#primaryimage"},"thumbnailUrl":"https:\/\/algarve7.pt\/wp-content\/uploads\/2021\/10\/algarve-craft-food.jpg","keywords":["Algarve","Semin\u00e1rio","Turismo"],"articleSection":["Atualidade"],"inLanguage":"pt-PT","potentialAction":[{"@type":"CommentAction","name":"Comment","target":["https:\/\/algarve7.pt\/index.php\/2021\/10\/seminario-algarve-craft-food-quer-dinamizar-o-turismo-cultural-e-criativo-da-regiao\/atualidade\/12\/40\/#respond"]}]},{"@type":"WebPage","@id":"https:\/\/algarve7.pt\/index.php\/2021\/10\/seminario-algarve-craft-food-quer-dinamizar-o-turismo-cultural-e-criativo-da-regiao\/atualidade\/12\/40\/","url":"https:\/\/algarve7.pt\/index.php\/2021\/10\/seminario-algarve-craft-food-quer-dinamizar-o-turismo-cultural-e-criativo-da-regiao\/atualidade\/12\/40\/","name":"Semin\u00e1rio Algarve Craft & Food quer dinamizar o turismo cultural e criativo da regi\u00e3o - Algarve 7","isPartOf":{"@id":"https:\/\/algarve7.pt\/#website"},"primaryImageOfPage":{"@id":"https:\/\/algarve7.pt\/index.php\/2021\/10\/seminario-algarve-craft-food-quer-dinamizar-o-turismo-cultural-e-criativo-da-regiao\/atualidade\/12\/40\/#primaryimage"},"image":{"@id":"https:\/\/algarve7.pt\/index.php\/2021\/10\/seminario-algarve-craft-food-quer-dinamizar-o-turismo-cultural-e-criativo-da-regiao\/atualidade\/12\/40\/#primaryimage"},"thumbnailUrl":"https:\/\/algarve7.pt\/wp-content\/uploads\/2021\/10\/algarve-craft-food.jpg","datePublished":"2021-10-23T11:40:00+00:00","description":"Semin\u00e1rio Algarve Craft & Food quer dinamizar o turismo cultural e criativo da regi\u00e3o Atualidade","breadcrumb":{"@id":"https:\/\/algarve7.pt\/index.php\/2021\/10\/seminario-algarve-craft-food-quer-dinamizar-o-turismo-cultural-e-criativo-da-regiao\/atualidade\/12\/40\/#breadcrumb"},"inLanguage":"pt-PT","potentialAction":[{"@type":"ReadAction","target":["https:\/\/algarve7.pt\/index.php\/2021\/10\/seminario-algarve-craft-food-quer-dinamizar-o-turismo-cultural-e-criativo-da-regiao\/atualidade\/12\/40\/"]}]},{"@type":"ImageObject","inLanguage":"pt-PT","@id":"https:\/\/algarve7.pt\/index.php\/2021\/10\/seminario-algarve-craft-food-quer-dinamizar-o-turismo-cultural-e-criativo-da-regiao\/atualidade\/12\/40\/#primaryimage","url":"https:\/\/algarve7.pt\/wp-content\/uploads\/2021\/10\/algarve-craft-food.jpg","contentUrl":"https:\/\/algarve7.pt\/wp-content\/uploads\/2021\/10\/algarve-craft-food.jpg","width":660,"height":330},{"@type":"BreadcrumbList","@id":"https:\/\/algarve7.pt\/index.php\/2021\/10\/seminario-algarve-craft-food-quer-dinamizar-o-turismo-cultural-e-criativo-da-regiao\/atualidade\/12\/40\/#breadcrumb","itemListElement":[{"@type":"ListItem","position":1,"name":"In\u00edcio","item":"https:\/\/algarve7.pt\/"},{"@type":"ListItem","position":2,"name":"Semin\u00e1rio Algarve Craft &#038; Food quer dinamizar o turismo cultural e criativo da regi\u00e3o"}]},{"@type":"WebSite","@id":"https:\/\/algarve7.pt\/#website","url":"https:\/\/algarve7.pt\/","name":"Algarve 7","description":"Informa\u00e7\u00e3o sobre o Algarve","publisher":{"@id":"https:\/\/algarve7.pt\/#organization"},"potentialAction":[{"@type":"SearchAction","target":{"@type":"EntryPoint","urlTemplate":"https:\/\/algarve7.pt\/?s={search_term_string}"},"query-input":{"@type":"PropertyValueSpecification","valueRequired":true,"valueName":"search_term_string"}}],"inLanguage":"pt-PT"},{"@type":"Organization","@id":"https:\/\/algarve7.pt\/#organization","name":"Algarve 7","url":"https:\/\/algarve7.pt\/","logo":{"@type":"ImageObject","inLanguage":"pt-PT","@id":"https:\/\/algarve7.pt\/#\/schema\/logo\/image\/","url":"https:\/\/algarve7.pt\/wp-content\/uploads\/2020\/10\/Logo-8.jpg","contentUrl":"https:\/\/algarve7.pt\/wp-content\/uploads\/2020\/10\/Logo-8.jpg","width":1680,"height":1186,"caption":"Algarve 7"},"image":{"@id":"https:\/\/algarve7.pt\/#\/schema\/logo\/image\/"},"sameAs":["https:\/\/www.facebook.com\/algarve7","https:\/\/x.com\/Algarvesete","https:\/\/www.instagram.com\/jornalalgarve7\/","https:\/\/www.linkedin.com\/company\/algarve7","https:\/\/www.pinterest.pt\/geral0939\/_created\/"]},{"@type":"Person","@id":"https:\/\/algarve7.pt\/#\/schema\/person\/23fa70681308e7b319a3204bcea45e0c","name":"Algarve 7","sameAs":["https:\/\/algarve7.pt","https:\/\/www.facebook.com\/algarve7"],"url":"https:\/\/algarve7.pt\/index.php\/author\/geralalgarve7-pt\/"}]}},"jetpack_publicize_connections":[],"jetpack_featured_media_url":"https:\/\/algarve7.pt\/wp-content\/uploads\/2021\/10\/algarve-craft-food.jpg","jetpack_shortlink":"https:\/\/wp.me\/pcezmW-3db","jetpack_sharing_enabled":true,"_links":{"self":[{"href":"https:\/\/algarve7.pt\/index.php\/wp-json\/wp\/v2\/posts\/12349","targetHints":{"allow":["GET"]}}],"collection":[{"href":"https:\/\/algarve7.pt\/index.php\/wp-json\/wp\/v2\/posts"}],"about":[{"href":"https:\/\/algarve7.pt\/index.php\/wp-json\/wp\/v2\/types\/post"}],"author":[{"embeddable":true,"href":"https:\/\/algarve7.pt\/index.php\/wp-json\/wp\/v2\/users\/1"}],"replies":[{"embeddable":true,"href":"https:\/\/algarve7.pt\/index.php\/wp-json\/wp\/v2\/comments?post=12349"}],"version-history":[{"count":0,"href":"https:\/\/algarve7.pt\/index.php\/wp-json\/wp\/v2\/posts\/12349\/revisions"}],"wp:featuredmedia":[{"embeddable":true,"href":"https:\/\/algarve7.pt\/index.php\/wp-json\/wp\/v2\/media\/12352"}],"wp:attachment":[{"href":"https:\/\/algarve7.pt\/index.php\/wp-json\/wp\/v2\/media?parent=12349"}],"wp:term":[{"taxonomy":"category","embeddable":true,"href":"https:\/\/algarve7.pt\/index.php\/wp-json\/wp\/v2\/categories?post=12349"},{"taxonomy":"post_tag","embeddable":true,"href":"https:\/\/algarve7.pt\/index.php\/wp-json\/wp\/v2\/tags?post=12349"}],"curies":[{"name":"wp","href":"https:\/\/api.w.org\/{rel}","templated":true}]}}