{"id":12341,"date":"2021-10-23T10:00:00","date_gmt":"2021-10-23T09:00:00","guid":{"rendered":"https:\/\/algarve7.pt\/?p=12341"},"modified":"2021-10-23T07:45:56","modified_gmt":"2021-10-23T06:45:56","slug":"algarve-e-o-melhor-destino-de-praia-da-europa-pela-8a-vez","status":"publish","type":"post","link":"https:\/\/algarve7.pt\/index.php\/2021\/10\/algarve-e-o-melhor-destino-de-praia-da-europa-pela-8a-vez\/turismo\/10\/00\/","title":{"rendered":"Algarve \u00e9 o melhor destino de praia da europa pela 8\u00aa vez"},"content":{"rendered":"\n<p>O Algarve conquistou, pela terceira vez consecutiva e oitava no total, o t\u00edtulo de \u201c<strong>Melhor Destino de Praia da Europa<\/strong>\u201d. Este pr\u00e9mio foi atribu\u00eddo na edi\u00e7\u00e3o deste ano dos&nbsp;<em>World Travel Award<\/em>s, os mais prestigiados pr\u00e9mios da ind\u00fastria de turismo e viagens.<\/p>\n\n\n\n<p>A beleza e a diversidade de cen\u00e1rios que as praias da regi\u00e3o oferecem ao longo de 200 km de costa, associadas \u00e0 riqueza da oferta do destino conquistaram, uma vez mais, a prefer\u00eancia dos principais l\u00edderes do setor do turismo, que votaram para premiar a melhor oferta tur\u00edstica a n\u00edvel europeu. O Algarve sagrou-se novamente vencedor numa lista composta por outros destinos de praia de renome mundial, como Cannes (Fran\u00e7a), Corfu (Gr\u00e9cia), Maiorca (Espanha), Marbella (Espanha), Sardenha (It\u00e1lia) e tamb\u00e9m Porto Santo.<\/p>\n\n\n\n<p>\u201c<strong>Este pr\u00e9mio vem consolidar a perce\u00e7\u00e3o da qualidade diferenciada da oferta do nosso destino face aos seus principais concorrente<\/strong>s\u201d, afirma Jo\u00e3o Fernandes, presidente do Turismo do Algarve. \u201c<strong>\u00c0 beleza natural da regi\u00e3o, o Algarve tem sabido associar um conjunto de experi\u00eancias que transformam os dias de quem viaja para este destino em estadias surpreendentes e emocionais e s\u00e3o estas propostas de valor que est\u00e3o a ser reconhecidas e a gerar um interesse crescente junto dos turistas<\/strong>\u201d, acrescenta.<\/p>\n\n\n\n<p>Apesar dos desafios que a ind\u00fastria do turismo enfrentou em 2020, a edi\u00e7\u00e3o deste ano dos&nbsp;<em>World Travel Awards<\/em>&nbsp;foi muito participada em termos de vota\u00e7\u00e3o, revelando que a vontade de viajar e o interesse por destinos de qualidade continuam a manifestar-se em for\u00e7a.<br>&nbsp;&nbsp;O galard\u00e3o de \u201c Melhor Destino de Praia da Europa\u201d foi atribu\u00eddo ao Algarve nos anos de: 2012 | 2013| 2015 | 2016 | 2017 | 2019 | 2020 | 2021.<\/p>\n","protected":false},"excerpt":{"rendered":"<p>O Algarve conquistou, pela terceira vez consecutiva e oitava no total, o t\u00edtulo de \u201cMelhor Destino de Praia da Europa\u201d.<\/p>\n","protected":false},"author":1,"featured_media":9063,"comment_status":"open","ping_status":"open","sticky":false,"template":"","format":"standard","meta":{"colormag_page_container_layout":"default_layout","colormag_page_sidebar_layout":"default_layout","_monsterinsights_skip_tracking":false,"_monsterinsights_sitenote_active":false,"_monsterinsights_sitenote_note":"","_monsterinsights_sitenote_category":0,"jetpack_post_was_ever_published":false,"_jetpack_newsletter_access":"","_jetpack_dont_email_post_to_subs":false,"_jetpack_newsletter_tier_id":0,"_jetpack_memberships_contains_paywalled_content":false,"_jetpack_memberships_contains_paid_content":false,"footnotes":"","jetpack_publicize_message":"","jetpack_publicize_feature_enabled":true,"jetpack_social_post_already_shared":true,"jetpack_social_options":{"image_generator_settings":{"template":"highway","default_image_id":0,"font":"","enabled":false},"version":2}},"categories":[17],"tags":[36,49,80,45],"class_list":["post-12341","post","type-post","status-publish","format-standard","has-post-thumbnail","hentry","category-turismo","tag-algarve","tag-praias","tag-premio","tag-turismo"],"yoast_head":"<!-- This site is optimized with the Yoast SEO plugin v27.5 - https:\/\/yoast.com\/product\/yoast-seo-wordpress\/ -->\n<title>Algarve \u00e9 o melhor destino de praia da europa pela 8\u00aa vez - Algarve 7<\/title>\n<meta name=\"description\" content=\"Algarve \u00e9 o melhor destino de praia da europa pela 8\u00aa vez Turismo\" \/>\n<meta name=\"robots\" content=\"index, follow, max-snippet:-1, max-image-preview:large, max-video-preview:-1\" \/>\n<link rel=\"canonical\" href=\"https:\/\/algarve7.pt\/index.php\/2021\/10\/algarve-e-o-melhor-destino-de-praia-da-europa-pela-8a-vez\/turismo\/10\/00\/\" \/>\n<meta property=\"og:locale\" content=\"pt_PT\" \/>\n<meta property=\"og:type\" content=\"article\" \/>\n<meta property=\"og:title\" content=\"Algarve \u00e9 o melhor destino de praia da europa pela 8\u00aa vez - Algarve 7\" \/>\n<meta property=\"og:description\" content=\"Algarve \u00e9 o melhor destino de praia da europa pela 8\u00aa vez Turismo\" \/>\n<meta property=\"og:url\" content=\"https:\/\/algarve7.pt\/index.php\/2021\/10\/algarve-e-o-melhor-destino-de-praia-da-europa-pela-8a-vez\/turismo\/10\/00\/\" \/>\n<meta property=\"og:site_name\" content=\"Algarve 7\" \/>\n<meta property=\"article:publisher\" content=\"https:\/\/www.facebook.com\/algarve7\" \/>\n<meta property=\"article:author\" content=\"https:\/\/www.facebook.com\/algarve7\" \/>\n<meta property=\"article:published_time\" content=\"2021-10-23T09:00:00+00:00\" \/>\n<meta property=\"og:image\" content=\"https:\/\/algarve7.pt\/wp-content\/uploads\/2021\/06\/Inauguracao-Jardim-GNR-Quarteira-02-06-2021-32.jpg\" \/>\n\t<meta property=\"og:image:width\" content=\"1920\" \/>\n\t<meta property=\"og:image:height\" content=\"1280\" \/>\n\t<meta property=\"og:image:type\" content=\"image\/jpeg\" \/>\n<meta name=\"author\" content=\"Algarve 7\" \/>\n<meta name=\"twitter:card\" content=\"summary_large_image\" \/>\n<meta name=\"twitter:creator\" content=\"@Algarvesete\" \/>\n<meta name=\"twitter:site\" content=\"@Algarvesete\" \/>\n<meta name=\"twitter:label1\" content=\"Escrito por\" \/>\n\t<meta name=\"twitter:data1\" content=\"Algarve 7\" \/>\n\t<meta name=\"twitter:label2\" content=\"Tempo estimado de leitura\" \/>\n\t<meta name=\"twitter:data2\" content=\"2 minutos\" \/>\n<script type=\"application\/ld+json\" class=\"yoast-schema-graph\">{\"@context\":\"https:\\\/\\\/schema.org\",\"@graph\":[{\"@type\":\"Article\",\"@id\":\"https:\\\/\\\/algarve7.pt\\\/index.php\\\/2021\\\/10\\\/algarve-e-o-melhor-destino-de-praia-da-europa-pela-8a-vez\\\/turismo\\\/10\\\/00\\\/#article\",\"isPartOf\":{\"@id\":\"https:\\\/\\\/algarve7.pt\\\/index.php\\\/2021\\\/10\\\/algarve-e-o-melhor-destino-de-praia-da-europa-pela-8a-vez\\\/turismo\\\/10\\\/00\\\/\"},\"author\":{\"name\":\"Algarve 7\",\"@id\":\"https:\\\/\\\/algarve7.pt\\\/#\\\/schema\\\/person\\\/23fa70681308e7b319a3204bcea45e0c\"},\"headline\":\"Algarve \u00e9 o melhor destino de praia da europa pela 8\u00aa vez\",\"datePublished\":\"2021-10-23T09:00:00+00:00\",\"mainEntityOfPage\":{\"@id\":\"https:\\\/\\\/algarve7.pt\\\/index.php\\\/2021\\\/10\\\/algarve-e-o-melhor-destino-de-praia-da-europa-pela-8a-vez\\\/turismo\\\/10\\\/00\\\/\"},\"wordCount\":301,\"commentCount\":0,\"publisher\":{\"@id\":\"https:\\\/\\\/algarve7.pt\\\/#organization\"},\"image\":{\"@id\":\"https:\\\/\\\/algarve7.pt\\\/index.php\\\/2021\\\/10\\\/algarve-e-o-melhor-destino-de-praia-da-europa-pela-8a-vez\\\/turismo\\\/10\\\/00\\\/#primaryimage\"},\"thumbnailUrl\":\"https:\\\/\\\/algarve7.pt\\\/wp-content\\\/uploads\\\/2021\\\/06\\\/Inauguracao-Jardim-GNR-Quarteira-02-06-2021-32.jpg\",\"keywords\":[\"Algarve\",\"Praias\",\"Pr\u00e9mio\",\"Turismo\"],\"articleSection\":[\"Turismo\"],\"inLanguage\":\"pt-PT\",\"potentialAction\":[{\"@type\":\"CommentAction\",\"name\":\"Comment\",\"target\":[\"https:\\\/\\\/algarve7.pt\\\/index.php\\\/2021\\\/10\\\/algarve-e-o-melhor-destino-de-praia-da-europa-pela-8a-vez\\\/turismo\\\/10\\\/00\\\/#respond\"]}]},{\"@type\":\"WebPage\",\"@id\":\"https:\\\/\\\/algarve7.pt\\\/index.php\\\/2021\\\/10\\\/algarve-e-o-melhor-destino-de-praia-da-europa-pela-8a-vez\\\/turismo\\\/10\\\/00\\\/\",\"url\":\"https:\\\/\\\/algarve7.pt\\\/index.php\\\/2021\\\/10\\\/algarve-e-o-melhor-destino-de-praia-da-europa-pela-8a-vez\\\/turismo\\\/10\\\/00\\\/\",\"name\":\"Algarve \u00e9 o melhor destino de praia da europa pela 8\u00aa vez - Algarve 7\",\"isPartOf\":{\"@id\":\"https:\\\/\\\/algarve7.pt\\\/#website\"},\"primaryImageOfPage\":{\"@id\":\"https:\\\/\\\/algarve7.pt\\\/index.php\\\/2021\\\/10\\\/algarve-e-o-melhor-destino-de-praia-da-europa-pela-8a-vez\\\/turismo\\\/10\\\/00\\\/#primaryimage\"},\"image\":{\"@id\":\"https:\\\/\\\/algarve7.pt\\\/index.php\\\/2021\\\/10\\\/algarve-e-o-melhor-destino-de-praia-da-europa-pela-8a-vez\\\/turismo\\\/10\\\/00\\\/#primaryimage\"},\"thumbnailUrl\":\"https:\\\/\\\/algarve7.pt\\\/wp-content\\\/uploads\\\/2021\\\/06\\\/Inauguracao-Jardim-GNR-Quarteira-02-06-2021-32.jpg\",\"datePublished\":\"2021-10-23T09:00:00+00:00\",\"description\":\"Algarve \u00e9 o melhor destino de praia da europa pela 8\u00aa vez Turismo\",\"breadcrumb\":{\"@id\":\"https:\\\/\\\/algarve7.pt\\\/index.php\\\/2021\\\/10\\\/algarve-e-o-melhor-destino-de-praia-da-europa-pela-8a-vez\\\/turismo\\\/10\\\/00\\\/#breadcrumb\"},\"inLanguage\":\"pt-PT\",\"potentialAction\":[{\"@type\":\"ReadAction\",\"target\":[\"https:\\\/\\\/algarve7.pt\\\/index.php\\\/2021\\\/10\\\/algarve-e-o-melhor-destino-de-praia-da-europa-pela-8a-vez\\\/turismo\\\/10\\\/00\\\/\"]}]},{\"@type\":\"ImageObject\",\"inLanguage\":\"pt-PT\",\"@id\":\"https:\\\/\\\/algarve7.pt\\\/index.php\\\/2021\\\/10\\\/algarve-e-o-melhor-destino-de-praia-da-europa-pela-8a-vez\\\/turismo\\\/10\\\/00\\\/#primaryimage\",\"url\":\"https:\\\/\\\/algarve7.pt\\\/wp-content\\\/uploads\\\/2021\\\/06\\\/Inauguracao-Jardim-GNR-Quarteira-02-06-2021-32.jpg\",\"contentUrl\":\"https:\\\/\\\/algarve7.pt\\\/wp-content\\\/uploads\\\/2021\\\/06\\\/Inauguracao-Jardim-GNR-Quarteira-02-06-2021-32.jpg\",\"width\":1920,\"height\":1280},{\"@type\":\"BreadcrumbList\",\"@id\":\"https:\\\/\\\/algarve7.pt\\\/index.php\\\/2021\\\/10\\\/algarve-e-o-melhor-destino-de-praia-da-europa-pela-8a-vez\\\/turismo\\\/10\\\/00\\\/#breadcrumb\",\"itemListElement\":[{\"@type\":\"ListItem\",\"position\":1,\"name\":\"In\u00edcio\",\"item\":\"https:\\\/\\\/algarve7.pt\\\/\"},{\"@type\":\"ListItem\",\"position\":2,\"name\":\"Algarve \u00e9 o melhor destino de praia da europa pela 8\u00aa vez\"}]},{\"@type\":\"WebSite\",\"@id\":\"https:\\\/\\\/algarve7.pt\\\/#website\",\"url\":\"https:\\\/\\\/algarve7.pt\\\/\",\"name\":\"Algarve 7\",\"description\":\"Informa\u00e7\u00e3o sobre o Algarve\",\"publisher\":{\"@id\":\"https:\\\/\\\/algarve7.pt\\\/#organization\"},\"potentialAction\":[{\"@type\":\"SearchAction\",\"target\":{\"@type\":\"EntryPoint\",\"urlTemplate\":\"https:\\\/\\\/algarve7.pt\\\/?s={search_term_string}\"},\"query-input\":{\"@type\":\"PropertyValueSpecification\",\"valueRequired\":true,\"valueName\":\"search_term_string\"}}],\"inLanguage\":\"pt-PT\"},{\"@type\":\"Organization\",\"@id\":\"https:\\\/\\\/algarve7.pt\\\/#organization\",\"name\":\"Algarve 7\",\"url\":\"https:\\\/\\\/algarve7.pt\\\/\",\"logo\":{\"@type\":\"ImageObject\",\"inLanguage\":\"pt-PT\",\"@id\":\"https:\\\/\\\/algarve7.pt\\\/#\\\/schema\\\/logo\\\/image\\\/\",\"url\":\"https:\\\/\\\/algarve7.pt\\\/wp-content\\\/uploads\\\/2020\\\/10\\\/Logo-8.jpg\",\"contentUrl\":\"https:\\\/\\\/algarve7.pt\\\/wp-content\\\/uploads\\\/2020\\\/10\\\/Logo-8.jpg\",\"width\":1680,\"height\":1186,\"caption\":\"Algarve 7\"},\"image\":{\"@id\":\"https:\\\/\\\/algarve7.pt\\\/#\\\/schema\\\/logo\\\/image\\\/\"},\"sameAs\":[\"https:\\\/\\\/www.facebook.com\\\/algarve7\",\"https:\\\/\\\/x.com\\\/Algarvesete\",\"https:\\\/\\\/www.instagram.com\\\/jornalalgarve7\\\/\",\"https:\\\/\\\/www.linkedin.com\\\/company\\\/algarve7\",\"https:\\\/\\\/www.pinterest.pt\\\/geral0939\\\/_created\\\/\"]},{\"@type\":\"Person\",\"@id\":\"https:\\\/\\\/algarve7.pt\\\/#\\\/schema\\\/person\\\/23fa70681308e7b319a3204bcea45e0c\",\"name\":\"Algarve 7\",\"sameAs\":[\"https:\\\/\\\/algarve7.pt\",\"https:\\\/\\\/www.facebook.com\\\/algarve7\"],\"url\":\"https:\\\/\\\/algarve7.pt\\\/index.php\\\/author\\\/geralalgarve7-pt\\\/\"}]}<\/script>\n<!-- \/ Yoast SEO plugin. -->","yoast_head_json":{"title":"Algarve \u00e9 o melhor destino de praia da europa pela 8\u00aa vez - Algarve 7","description":"Algarve \u00e9 o melhor destino de praia da europa pela 8\u00aa vez Turismo","robots":{"index":"index","follow":"follow","max-snippet":"max-snippet:-1","max-image-preview":"max-image-preview:large","max-video-preview":"max-video-preview:-1"},"canonical":"https:\/\/algarve7.pt\/index.php\/2021\/10\/algarve-e-o-melhor-destino-de-praia-da-europa-pela-8a-vez\/turismo\/10\/00\/","og_locale":"pt_PT","og_type":"article","og_title":"Algarve \u00e9 o melhor destino de praia da europa pela 8\u00aa vez - Algarve 7","og_description":"Algarve \u00e9 o melhor destino de praia da europa pela 8\u00aa vez Turismo","og_url":"https:\/\/algarve7.pt\/index.php\/2021\/10\/algarve-e-o-melhor-destino-de-praia-da-europa-pela-8a-vez\/turismo\/10\/00\/","og_site_name":"Algarve 7","article_publisher":"https:\/\/www.facebook.com\/algarve7","article_author":"https:\/\/www.facebook.com\/algarve7","article_published_time":"2021-10-23T09:00:00+00:00","og_image":[{"width":1920,"height":1280,"url":"https:\/\/algarve7.pt\/wp-content\/uploads\/2021\/06\/Inauguracao-Jardim-GNR-Quarteira-02-06-2021-32.jpg","type":"image\/jpeg"}],"author":"Algarve 7","twitter_card":"summary_large_image","twitter_creator":"@Algarvesete","twitter_site":"@Algarvesete","twitter_misc":{"Escrito por":"Algarve 7","Tempo estimado de leitura":"2 minutos"},"schema":{"@context":"https:\/\/schema.org","@graph":[{"@type":"Article","@id":"https:\/\/algarve7.pt\/index.php\/2021\/10\/algarve-e-o-melhor-destino-de-praia-da-europa-pela-8a-vez\/turismo\/10\/00\/#article","isPartOf":{"@id":"https:\/\/algarve7.pt\/index.php\/2021\/10\/algarve-e-o-melhor-destino-de-praia-da-europa-pela-8a-vez\/turismo\/10\/00\/"},"author":{"name":"Algarve 7","@id":"https:\/\/algarve7.pt\/#\/schema\/person\/23fa70681308e7b319a3204bcea45e0c"},"headline":"Algarve \u00e9 o melhor destino de praia da europa pela 8\u00aa vez","datePublished":"2021-10-23T09:00:00+00:00","mainEntityOfPage":{"@id":"https:\/\/algarve7.pt\/index.php\/2021\/10\/algarve-e-o-melhor-destino-de-praia-da-europa-pela-8a-vez\/turismo\/10\/00\/"},"wordCount":301,"commentCount":0,"publisher":{"@id":"https:\/\/algarve7.pt\/#organization"},"image":{"@id":"https:\/\/algarve7.pt\/index.php\/2021\/10\/algarve-e-o-melhor-destino-de-praia-da-europa-pela-8a-vez\/turismo\/10\/00\/#primaryimage"},"thumbnailUrl":"https:\/\/algarve7.pt\/wp-content\/uploads\/2021\/06\/Inauguracao-Jardim-GNR-Quarteira-02-06-2021-32.jpg","keywords":["Algarve","Praias","Pr\u00e9mio","Turismo"],"articleSection":["Turismo"],"inLanguage":"pt-PT","potentialAction":[{"@type":"CommentAction","name":"Comment","target":["https:\/\/algarve7.pt\/index.php\/2021\/10\/algarve-e-o-melhor-destino-de-praia-da-europa-pela-8a-vez\/turismo\/10\/00\/#respond"]}]},{"@type":"WebPage","@id":"https:\/\/algarve7.pt\/index.php\/2021\/10\/algarve-e-o-melhor-destino-de-praia-da-europa-pela-8a-vez\/turismo\/10\/00\/","url":"https:\/\/algarve7.pt\/index.php\/2021\/10\/algarve-e-o-melhor-destino-de-praia-da-europa-pela-8a-vez\/turismo\/10\/00\/","name":"Algarve \u00e9 o melhor destino de praia da europa pela 8\u00aa vez - Algarve 7","isPartOf":{"@id":"https:\/\/algarve7.pt\/#website"},"primaryImageOfPage":{"@id":"https:\/\/algarve7.pt\/index.php\/2021\/10\/algarve-e-o-melhor-destino-de-praia-da-europa-pela-8a-vez\/turismo\/10\/00\/#primaryimage"},"image":{"@id":"https:\/\/algarve7.pt\/index.php\/2021\/10\/algarve-e-o-melhor-destino-de-praia-da-europa-pela-8a-vez\/turismo\/10\/00\/#primaryimage"},"thumbnailUrl":"https:\/\/algarve7.pt\/wp-content\/uploads\/2021\/06\/Inauguracao-Jardim-GNR-Quarteira-02-06-2021-32.jpg","datePublished":"2021-10-23T09:00:00+00:00","description":"Algarve \u00e9 o melhor destino de praia da europa pela 8\u00aa vez Turismo","breadcrumb":{"@id":"https:\/\/algarve7.pt\/index.php\/2021\/10\/algarve-e-o-melhor-destino-de-praia-da-europa-pela-8a-vez\/turismo\/10\/00\/#breadcrumb"},"inLanguage":"pt-PT","potentialAction":[{"@type":"ReadAction","target":["https:\/\/algarve7.pt\/index.php\/2021\/10\/algarve-e-o-melhor-destino-de-praia-da-europa-pela-8a-vez\/turismo\/10\/00\/"]}]},{"@type":"ImageObject","inLanguage":"pt-PT","@id":"https:\/\/algarve7.pt\/index.php\/2021\/10\/algarve-e-o-melhor-destino-de-praia-da-europa-pela-8a-vez\/turismo\/10\/00\/#primaryimage","url":"https:\/\/algarve7.pt\/wp-content\/uploads\/2021\/06\/Inauguracao-Jardim-GNR-Quarteira-02-06-2021-32.jpg","contentUrl":"https:\/\/algarve7.pt\/wp-content\/uploads\/2021\/06\/Inauguracao-Jardim-GNR-Quarteira-02-06-2021-32.jpg","width":1920,"height":1280},{"@type":"BreadcrumbList","@id":"https:\/\/algarve7.pt\/index.php\/2021\/10\/algarve-e-o-melhor-destino-de-praia-da-europa-pela-8a-vez\/turismo\/10\/00\/#breadcrumb","itemListElement":[{"@type":"ListItem","position":1,"name":"In\u00edcio","item":"https:\/\/algarve7.pt\/"},{"@type":"ListItem","position":2,"name":"Algarve \u00e9 o melhor destino de praia da europa pela 8\u00aa vez"}]},{"@type":"WebSite","@id":"https:\/\/algarve7.pt\/#website","url":"https:\/\/algarve7.pt\/","name":"Algarve 7","description":"Informa\u00e7\u00e3o sobre o Algarve","publisher":{"@id":"https:\/\/algarve7.pt\/#organization"},"potentialAction":[{"@type":"SearchAction","target":{"@type":"EntryPoint","urlTemplate":"https:\/\/algarve7.pt\/?s={search_term_string}"},"query-input":{"@type":"PropertyValueSpecification","valueRequired":true,"valueName":"search_term_string"}}],"inLanguage":"pt-PT"},{"@type":"Organization","@id":"https:\/\/algarve7.pt\/#organization","name":"Algarve 7","url":"https:\/\/algarve7.pt\/","logo":{"@type":"ImageObject","inLanguage":"pt-PT","@id":"https:\/\/algarve7.pt\/#\/schema\/logo\/image\/","url":"https:\/\/algarve7.pt\/wp-content\/uploads\/2020\/10\/Logo-8.jpg","contentUrl":"https:\/\/algarve7.pt\/wp-content\/uploads\/2020\/10\/Logo-8.jpg","width":1680,"height":1186,"caption":"Algarve 7"},"image":{"@id":"https:\/\/algarve7.pt\/#\/schema\/logo\/image\/"},"sameAs":["https:\/\/www.facebook.com\/algarve7","https:\/\/x.com\/Algarvesete","https:\/\/www.instagram.com\/jornalalgarve7\/","https:\/\/www.linkedin.com\/company\/algarve7","https:\/\/www.pinterest.pt\/geral0939\/_created\/"]},{"@type":"Person","@id":"https:\/\/algarve7.pt\/#\/schema\/person\/23fa70681308e7b319a3204bcea45e0c","name":"Algarve 7","sameAs":["https:\/\/algarve7.pt","https:\/\/www.facebook.com\/algarve7"],"url":"https:\/\/algarve7.pt\/index.php\/author\/geralalgarve7-pt\/"}]}},"jetpack_publicize_connections":[],"jetpack_featured_media_url":"https:\/\/algarve7.pt\/wp-content\/uploads\/2021\/06\/Inauguracao-Jardim-GNR-Quarteira-02-06-2021-32.jpg","jetpack_shortlink":"https:\/\/wp.me\/pcezmW-3d3","jetpack_sharing_enabled":true,"_links":{"self":[{"href":"https:\/\/algarve7.pt\/index.php\/wp-json\/wp\/v2\/posts\/12341","targetHints":{"allow":["GET"]}}],"collection":[{"href":"https:\/\/algarve7.pt\/index.php\/wp-json\/wp\/v2\/posts"}],"about":[{"href":"https:\/\/algarve7.pt\/index.php\/wp-json\/wp\/v2\/types\/post"}],"author":[{"embeddable":true,"href":"https:\/\/algarve7.pt\/index.php\/wp-json\/wp\/v2\/users\/1"}],"replies":[{"embeddable":true,"href":"https:\/\/algarve7.pt\/index.php\/wp-json\/wp\/v2\/comments?post=12341"}],"version-history":[{"count":0,"href":"https:\/\/algarve7.pt\/index.php\/wp-json\/wp\/v2\/posts\/12341\/revisions"}],"wp:featuredmedia":[{"embeddable":true,"href":"https:\/\/algarve7.pt\/index.php\/wp-json\/wp\/v2\/media\/9063"}],"wp:attachment":[{"href":"https:\/\/algarve7.pt\/index.php\/wp-json\/wp\/v2\/media?parent=12341"}],"wp:term":[{"taxonomy":"category","embeddable":true,"href":"https:\/\/algarve7.pt\/index.php\/wp-json\/wp\/v2\/categories?post=12341"},{"taxonomy":"post_tag","embeddable":true,"href":"https:\/\/algarve7.pt\/index.php\/wp-json\/wp\/v2\/tags?post=12341"}],"curies":[{"name":"wp","href":"https:\/\/api.w.org\/{rel}","templated":true}]}}