{"id":12336,"date":"2021-10-23T07:33:43","date_gmt":"2021-10-23T06:33:43","guid":{"rendered":"https:\/\/algarve7.pt\/?p=12336"},"modified":"2021-10-23T07:34:00","modified_gmt":"2021-10-23T06:34:00","slug":"nova-oferta-formativa-das-escolas-do-turismo-de-portugal","status":"publish","type":"post","link":"https:\/\/algarve7.pt\/index.php\/2021\/10\/nova-oferta-formativa-das-escolas-do-turismo-de-portugal\/turismo\/07\/33\/","title":{"rendered":"Nova oferta formativa das Escolas do Turismo de Portugal"},"content":{"rendered":"\n<p>O Turismo de Portugal alarga a oferta formativa da sua rede de Escolas com o novo Curso Executivo&nbsp;<a>de Turismo Liter\u00e1rio<\/a>, cuja primeira edi\u00e7\u00e3o, em formato online, decorre a partir da Escola do Oeste, fruto da liga\u00e7\u00e3o a \u00d3bidos \u2013 Cidade Criativa da Literatura (UNESCO) e promotora do FOLIO &#8211; Festival Liter\u00e1rio Internacional de \u00d3bidos. Esta nova forma\u00e7\u00e3o foi hoje apresentada pela Secret\u00e1ria de Estado do Turismo, Rita Marques, no \u00e2mbito da realiza\u00e7\u00e3o do Festival FOLIO.<\/p>\n\n\n\n<p>O Curso Executivo de Turismo Liter\u00e1rio destina-se aos profissionais do setor do turismo e da cultura, nomeadamente, os que exercem atividade em informa\u00e7\u00e3o tur\u00edstica, agentes de anima\u00e7\u00e3o tur\u00edstica, operadores e agentes de viagem, colaboradores de Casas de Escritores ou Centros Interpretativos, produtores de eventos, profissionais de entidades p\u00fablicas ou privadas com oferta de servi\u00e7os relacionados com o turismo liter\u00e1rio.<\/p>\n\n\n\n<p>Flex\u00edvel e modular, esta forma\u00e7\u00e3o que se inicia a 23 de novembro, permite aos formandos optarem por um ou v\u00e1rios m\u00f3dulos, espec\u00edficos, n\u00e3o obrigando \u00e0 participa\u00e7\u00e3o na totalidade do curso. O objetivo \u00e9 atrair novos profissionais para o turismo, dotar as empresas com maior capacidade para gerir projetos de Turismo Liter\u00e1rio, bem como de captar e reter talento, e ainda, de desenvolver novas compet\u00eancias nos profissionais de turismo e nos agentes culturais.<\/p>\n\n\n\n<p>A iniciativa insere-se no Programa de A\u00e7\u00e3o para o Turismo Liter\u00e1rio, que pretende contribuir para a competitividade do destino Portugal e das suas regi\u00f5es, tornando as empresas mais robustas, os profissionais mais preparados e a experi\u00eancia tur\u00edstica mais atrativa. \u201cTendo em conta o potencial de desenvolvimento do Turismo Liter\u00e1rio em Portugal, prev\u00ea-se um impacto direto no refor\u00e7o da coes\u00e3o territorial, na promo\u00e7\u00e3o do turismo ao longo de todo o ano e no desenvolvimento de novos motivos de visita que proporcionem experi\u00eancias inovadoras\u201d, salientou a Secret\u00e1ria de Estado do Turismo, Rita Marques.<\/p>\n\n\n\n<p>Para al\u00e9m desta iniciativa relacionada com a forma\u00e7\u00e3o de ativos, encontram-se em execu\u00e7\u00e3o cerca de 10 projetos, em todo o territ\u00f3rio nacional, apoiados diretamente pelo Turismo de Portugal e que ir\u00e3o contribuir para a qualifica\u00e7\u00e3o da oferta existente. Estes projetos representam um investimento total de 840 mil euros e incluem a&nbsp; Rede de Turismo Liter\u00e1rio do Alentejo\/ Ribatejo, com o apoio \u00e0 cria\u00e7\u00e3o do Roteiro Liter\u00e1rio Levantado do Ch\u00e3o e a instala\u00e7\u00e3o do Centro de Interpreta\u00e7\u00e3o Jos\u00e9 Lu\u00eds Peixoto, da Rota liter\u00e1ria &#8220;Galveias&#8221; e a dinamiza\u00e7\u00e3o da rota tur\u00edstica \u201cViagem do Elefante\u201d, inspirada na obra e nas viv\u00eancias de Jos\u00e9 Saramago, envolvendo os territ\u00f3rios dos munic\u00edpios de Const\u00e2ncia, Fund\u00e3o, Belmonte, Sortelha (Sabugal), Cidadelhe (Pinhel) e Castelo Rodrigo (Figueira de Castelo Rodrigo), promovida pelos Territ\u00f3rios do C\u00f4a Associa\u00e7\u00e3o de Desenvolvimento Regional.<\/p>\n\n\n\n<p>Com o Programa de A\u00e7\u00e3o para o Turismo Liter\u00e1rio pretende-se colocar Portugal no mapa dos destinos liter\u00e1rios, valorizar e promover a oferta de Turismo Liter\u00e1rio e enaltecer a l\u00edngua portuguesa e os seus escritores, em di\u00e1logo com o territ\u00f3rio.<\/p>\n","protected":false},"excerpt":{"rendered":"<p>O Turismo de Portugal alarga a oferta formativa da sua rede de Escolas com o novo Curso Executivo&nbsp;de Turismo Liter\u00e1rio,<\/p>\n","protected":false},"author":1,"featured_media":2636,"comment_status":"open","ping_status":"open","sticky":false,"template":"","format":"standard","meta":{"colormag_page_container_layout":"default_layout","colormag_page_sidebar_layout":"default_layout","_monsterinsights_skip_tracking":false,"_monsterinsights_sitenote_active":false,"_monsterinsights_sitenote_note":"","_monsterinsights_sitenote_category":0,"jetpack_post_was_ever_published":false,"_jetpack_newsletter_access":"","_jetpack_dont_email_post_to_subs":false,"_jetpack_newsletter_tier_id":0,"_jetpack_memberships_contains_paywalled_content":false,"_jetpack_memberships_contains_paid_content":false,"footnotes":"","jetpack_publicize_message":"","jetpack_publicize_feature_enabled":true,"jetpack_social_post_already_shared":true,"jetpack_social_options":{"image_generator_settings":{"template":"highway","default_image_id":0,"font":"","enabled":false},"version":2}},"categories":[17],"tags":[138,98,45],"class_list":["post-12336","post","type-post","status-publish","format-standard","has-post-thumbnail","hentry","category-turismo","tag-escola","tag-nacional","tag-turismo"],"yoast_head":"<!-- This site is optimized with the Yoast SEO plugin v27.5 - https:\/\/yoast.com\/product\/yoast-seo-wordpress\/ -->\n<title>Nova oferta formativa das Escolas do Turismo de Portugal - Algarve 7<\/title>\n<meta name=\"description\" content=\"Nova oferta formativa das Escolas do Turismo de Portugal Turismo\" \/>\n<meta name=\"robots\" content=\"index, follow, max-snippet:-1, max-image-preview:large, max-video-preview:-1\" \/>\n<link rel=\"canonical\" href=\"https:\/\/algarve7.pt\/index.php\/2021\/10\/nova-oferta-formativa-das-escolas-do-turismo-de-portugal\/turismo\/07\/33\/\" \/>\n<meta property=\"og:locale\" content=\"pt_PT\" \/>\n<meta property=\"og:type\" content=\"article\" \/>\n<meta property=\"og:title\" content=\"Nova oferta formativa das Escolas do Turismo de Portugal - Algarve 7\" \/>\n<meta property=\"og:description\" content=\"Nova oferta formativa das Escolas do Turismo de Portugal Turismo\" \/>\n<meta property=\"og:url\" content=\"https:\/\/algarve7.pt\/index.php\/2021\/10\/nova-oferta-formativa-das-escolas-do-turismo-de-portugal\/turismo\/07\/33\/\" \/>\n<meta property=\"og:site_name\" content=\"Algarve 7\" \/>\n<meta property=\"article:publisher\" content=\"https:\/\/www.facebook.com\/algarve7\" \/>\n<meta property=\"article:author\" content=\"https:\/\/www.facebook.com\/algarve7\" \/>\n<meta property=\"article:published_time\" content=\"2021-10-23T06:33:43+00:00\" \/>\n<meta property=\"article:modified_time\" content=\"2021-10-23T06:34:00+00:00\" \/>\n<meta property=\"og:image\" content=\"https:\/\/algarve7.pt\/wp-content\/uploads\/2020\/10\/turismo-de-portugal-escolas-16x9-1.png\" \/>\n\t<meta property=\"og:image:width\" content=\"640\" \/>\n\t<meta property=\"og:image:height\" content=\"360\" \/>\n\t<meta property=\"og:image:type\" content=\"image\/png\" \/>\n<meta name=\"author\" content=\"Algarve 7\" \/>\n<meta name=\"twitter:card\" content=\"summary_large_image\" \/>\n<meta name=\"twitter:creator\" content=\"@Algarvesete\" \/>\n<meta name=\"twitter:site\" content=\"@Algarvesete\" \/>\n<meta name=\"twitter:label1\" content=\"Escrito por\" \/>\n\t<meta name=\"twitter:data1\" content=\"Algarve 7\" \/>\n\t<meta name=\"twitter:label2\" content=\"Tempo estimado de leitura\" \/>\n\t<meta name=\"twitter:data2\" content=\"3 minutos\" \/>\n<script type=\"application\/ld+json\" class=\"yoast-schema-graph\">{\"@context\":\"https:\\\/\\\/schema.org\",\"@graph\":[{\"@type\":\"Article\",\"@id\":\"https:\\\/\\\/algarve7.pt\\\/index.php\\\/2021\\\/10\\\/nova-oferta-formativa-das-escolas-do-turismo-de-portugal\\\/turismo\\\/07\\\/33\\\/#article\",\"isPartOf\":{\"@id\":\"https:\\\/\\\/algarve7.pt\\\/index.php\\\/2021\\\/10\\\/nova-oferta-formativa-das-escolas-do-turismo-de-portugal\\\/turismo\\\/07\\\/33\\\/\"},\"author\":{\"name\":\"Algarve 7\",\"@id\":\"https:\\\/\\\/algarve7.pt\\\/#\\\/schema\\\/person\\\/23fa70681308e7b319a3204bcea45e0c\"},\"headline\":\"Nova oferta formativa das Escolas do Turismo de Portugal\",\"datePublished\":\"2021-10-23T06:33:43+00:00\",\"dateModified\":\"2021-10-23T06:34:00+00:00\",\"mainEntityOfPage\":{\"@id\":\"https:\\\/\\\/algarve7.pt\\\/index.php\\\/2021\\\/10\\\/nova-oferta-formativa-das-escolas-do-turismo-de-portugal\\\/turismo\\\/07\\\/33\\\/\"},\"wordCount\":538,\"commentCount\":0,\"publisher\":{\"@id\":\"https:\\\/\\\/algarve7.pt\\\/#organization\"},\"image\":{\"@id\":\"https:\\\/\\\/algarve7.pt\\\/index.php\\\/2021\\\/10\\\/nova-oferta-formativa-das-escolas-do-turismo-de-portugal\\\/turismo\\\/07\\\/33\\\/#primaryimage\"},\"thumbnailUrl\":\"https:\\\/\\\/algarve7.pt\\\/wp-content\\\/uploads\\\/2020\\\/10\\\/turismo-de-portugal-escolas-16x9-1.png\",\"keywords\":[\"Escola\",\"Nacional\",\"Turismo\"],\"articleSection\":[\"Turismo\"],\"inLanguage\":\"pt-PT\",\"potentialAction\":[{\"@type\":\"CommentAction\",\"name\":\"Comment\",\"target\":[\"https:\\\/\\\/algarve7.pt\\\/index.php\\\/2021\\\/10\\\/nova-oferta-formativa-das-escolas-do-turismo-de-portugal\\\/turismo\\\/07\\\/33\\\/#respond\"]}]},{\"@type\":\"WebPage\",\"@id\":\"https:\\\/\\\/algarve7.pt\\\/index.php\\\/2021\\\/10\\\/nova-oferta-formativa-das-escolas-do-turismo-de-portugal\\\/turismo\\\/07\\\/33\\\/\",\"url\":\"https:\\\/\\\/algarve7.pt\\\/index.php\\\/2021\\\/10\\\/nova-oferta-formativa-das-escolas-do-turismo-de-portugal\\\/turismo\\\/07\\\/33\\\/\",\"name\":\"Nova oferta formativa das Escolas do Turismo de Portugal - Algarve 7\",\"isPartOf\":{\"@id\":\"https:\\\/\\\/algarve7.pt\\\/#website\"},\"primaryImageOfPage\":{\"@id\":\"https:\\\/\\\/algarve7.pt\\\/index.php\\\/2021\\\/10\\\/nova-oferta-formativa-das-escolas-do-turismo-de-portugal\\\/turismo\\\/07\\\/33\\\/#primaryimage\"},\"image\":{\"@id\":\"https:\\\/\\\/algarve7.pt\\\/index.php\\\/2021\\\/10\\\/nova-oferta-formativa-das-escolas-do-turismo-de-portugal\\\/turismo\\\/07\\\/33\\\/#primaryimage\"},\"thumbnailUrl\":\"https:\\\/\\\/algarve7.pt\\\/wp-content\\\/uploads\\\/2020\\\/10\\\/turismo-de-portugal-escolas-16x9-1.png\",\"datePublished\":\"2021-10-23T06:33:43+00:00\",\"dateModified\":\"2021-10-23T06:34:00+00:00\",\"description\":\"Nova oferta formativa das Escolas do Turismo de Portugal Turismo\",\"breadcrumb\":{\"@id\":\"https:\\\/\\\/algarve7.pt\\\/index.php\\\/2021\\\/10\\\/nova-oferta-formativa-das-escolas-do-turismo-de-portugal\\\/turismo\\\/07\\\/33\\\/#breadcrumb\"},\"inLanguage\":\"pt-PT\",\"potentialAction\":[{\"@type\":\"ReadAction\",\"target\":[\"https:\\\/\\\/algarve7.pt\\\/index.php\\\/2021\\\/10\\\/nova-oferta-formativa-das-escolas-do-turismo-de-portugal\\\/turismo\\\/07\\\/33\\\/\"]}]},{\"@type\":\"ImageObject\",\"inLanguage\":\"pt-PT\",\"@id\":\"https:\\\/\\\/algarve7.pt\\\/index.php\\\/2021\\\/10\\\/nova-oferta-formativa-das-escolas-do-turismo-de-portugal\\\/turismo\\\/07\\\/33\\\/#primaryimage\",\"url\":\"https:\\\/\\\/algarve7.pt\\\/wp-content\\\/uploads\\\/2020\\\/10\\\/turismo-de-portugal-escolas-16x9-1.png\",\"contentUrl\":\"https:\\\/\\\/algarve7.pt\\\/wp-content\\\/uploads\\\/2020\\\/10\\\/turismo-de-portugal-escolas-16x9-1.png\",\"width\":640,\"height\":360},{\"@type\":\"BreadcrumbList\",\"@id\":\"https:\\\/\\\/algarve7.pt\\\/index.php\\\/2021\\\/10\\\/nova-oferta-formativa-das-escolas-do-turismo-de-portugal\\\/turismo\\\/07\\\/33\\\/#breadcrumb\",\"itemListElement\":[{\"@type\":\"ListItem\",\"position\":1,\"name\":\"In\u00edcio\",\"item\":\"https:\\\/\\\/algarve7.pt\\\/\"},{\"@type\":\"ListItem\",\"position\":2,\"name\":\"Nova oferta formativa das Escolas do Turismo de Portugal\"}]},{\"@type\":\"WebSite\",\"@id\":\"https:\\\/\\\/algarve7.pt\\\/#website\",\"url\":\"https:\\\/\\\/algarve7.pt\\\/\",\"name\":\"Algarve 7\",\"description\":\"Informa\u00e7\u00e3o sobre o Algarve\",\"publisher\":{\"@id\":\"https:\\\/\\\/algarve7.pt\\\/#organization\"},\"potentialAction\":[{\"@type\":\"SearchAction\",\"target\":{\"@type\":\"EntryPoint\",\"urlTemplate\":\"https:\\\/\\\/algarve7.pt\\\/?s={search_term_string}\"},\"query-input\":{\"@type\":\"PropertyValueSpecification\",\"valueRequired\":true,\"valueName\":\"search_term_string\"}}],\"inLanguage\":\"pt-PT\"},{\"@type\":\"Organization\",\"@id\":\"https:\\\/\\\/algarve7.pt\\\/#organization\",\"name\":\"Algarve 7\",\"url\":\"https:\\\/\\\/algarve7.pt\\\/\",\"logo\":{\"@type\":\"ImageObject\",\"inLanguage\":\"pt-PT\",\"@id\":\"https:\\\/\\\/algarve7.pt\\\/#\\\/schema\\\/logo\\\/image\\\/\",\"url\":\"https:\\\/\\\/algarve7.pt\\\/wp-content\\\/uploads\\\/2020\\\/10\\\/Logo-8.jpg\",\"contentUrl\":\"https:\\\/\\\/algarve7.pt\\\/wp-content\\\/uploads\\\/2020\\\/10\\\/Logo-8.jpg\",\"width\":1680,\"height\":1186,\"caption\":\"Algarve 7\"},\"image\":{\"@id\":\"https:\\\/\\\/algarve7.pt\\\/#\\\/schema\\\/logo\\\/image\\\/\"},\"sameAs\":[\"https:\\\/\\\/www.facebook.com\\\/algarve7\",\"https:\\\/\\\/x.com\\\/Algarvesete\",\"https:\\\/\\\/www.instagram.com\\\/jornalalgarve7\\\/\",\"https:\\\/\\\/www.linkedin.com\\\/company\\\/algarve7\",\"https:\\\/\\\/www.pinterest.pt\\\/geral0939\\\/_created\\\/\"]},{\"@type\":\"Person\",\"@id\":\"https:\\\/\\\/algarve7.pt\\\/#\\\/schema\\\/person\\\/23fa70681308e7b319a3204bcea45e0c\",\"name\":\"Algarve 7\",\"sameAs\":[\"https:\\\/\\\/algarve7.pt\",\"https:\\\/\\\/www.facebook.com\\\/algarve7\"],\"url\":\"https:\\\/\\\/algarve7.pt\\\/index.php\\\/author\\\/geralalgarve7-pt\\\/\"}]}<\/script>\n<!-- \/ Yoast SEO plugin. -->","yoast_head_json":{"title":"Nova oferta formativa das Escolas do Turismo de Portugal - Algarve 7","description":"Nova oferta formativa das Escolas do Turismo de Portugal Turismo","robots":{"index":"index","follow":"follow","max-snippet":"max-snippet:-1","max-image-preview":"max-image-preview:large","max-video-preview":"max-video-preview:-1"},"canonical":"https:\/\/algarve7.pt\/index.php\/2021\/10\/nova-oferta-formativa-das-escolas-do-turismo-de-portugal\/turismo\/07\/33\/","og_locale":"pt_PT","og_type":"article","og_title":"Nova oferta formativa das Escolas do Turismo de Portugal - Algarve 7","og_description":"Nova oferta formativa das Escolas do Turismo de Portugal Turismo","og_url":"https:\/\/algarve7.pt\/index.php\/2021\/10\/nova-oferta-formativa-das-escolas-do-turismo-de-portugal\/turismo\/07\/33\/","og_site_name":"Algarve 7","article_publisher":"https:\/\/www.facebook.com\/algarve7","article_author":"https:\/\/www.facebook.com\/algarve7","article_published_time":"2021-10-23T06:33:43+00:00","article_modified_time":"2021-10-23T06:34:00+00:00","og_image":[{"width":640,"height":360,"url":"https:\/\/algarve7.pt\/wp-content\/uploads\/2020\/10\/turismo-de-portugal-escolas-16x9-1.png","type":"image\/png"}],"author":"Algarve 7","twitter_card":"summary_large_image","twitter_creator":"@Algarvesete","twitter_site":"@Algarvesete","twitter_misc":{"Escrito por":"Algarve 7","Tempo estimado de leitura":"3 minutos"},"schema":{"@context":"https:\/\/schema.org","@graph":[{"@type":"Article","@id":"https:\/\/algarve7.pt\/index.php\/2021\/10\/nova-oferta-formativa-das-escolas-do-turismo-de-portugal\/turismo\/07\/33\/#article","isPartOf":{"@id":"https:\/\/algarve7.pt\/index.php\/2021\/10\/nova-oferta-formativa-das-escolas-do-turismo-de-portugal\/turismo\/07\/33\/"},"author":{"name":"Algarve 7","@id":"https:\/\/algarve7.pt\/#\/schema\/person\/23fa70681308e7b319a3204bcea45e0c"},"headline":"Nova oferta formativa das Escolas do Turismo de Portugal","datePublished":"2021-10-23T06:33:43+00:00","dateModified":"2021-10-23T06:34:00+00:00","mainEntityOfPage":{"@id":"https:\/\/algarve7.pt\/index.php\/2021\/10\/nova-oferta-formativa-das-escolas-do-turismo-de-portugal\/turismo\/07\/33\/"},"wordCount":538,"commentCount":0,"publisher":{"@id":"https:\/\/algarve7.pt\/#organization"},"image":{"@id":"https:\/\/algarve7.pt\/index.php\/2021\/10\/nova-oferta-formativa-das-escolas-do-turismo-de-portugal\/turismo\/07\/33\/#primaryimage"},"thumbnailUrl":"https:\/\/algarve7.pt\/wp-content\/uploads\/2020\/10\/turismo-de-portugal-escolas-16x9-1.png","keywords":["Escola","Nacional","Turismo"],"articleSection":["Turismo"],"inLanguage":"pt-PT","potentialAction":[{"@type":"CommentAction","name":"Comment","target":["https:\/\/algarve7.pt\/index.php\/2021\/10\/nova-oferta-formativa-das-escolas-do-turismo-de-portugal\/turismo\/07\/33\/#respond"]}]},{"@type":"WebPage","@id":"https:\/\/algarve7.pt\/index.php\/2021\/10\/nova-oferta-formativa-das-escolas-do-turismo-de-portugal\/turismo\/07\/33\/","url":"https:\/\/algarve7.pt\/index.php\/2021\/10\/nova-oferta-formativa-das-escolas-do-turismo-de-portugal\/turismo\/07\/33\/","name":"Nova oferta formativa das Escolas do Turismo de Portugal - Algarve 7","isPartOf":{"@id":"https:\/\/algarve7.pt\/#website"},"primaryImageOfPage":{"@id":"https:\/\/algarve7.pt\/index.php\/2021\/10\/nova-oferta-formativa-das-escolas-do-turismo-de-portugal\/turismo\/07\/33\/#primaryimage"},"image":{"@id":"https:\/\/algarve7.pt\/index.php\/2021\/10\/nova-oferta-formativa-das-escolas-do-turismo-de-portugal\/turismo\/07\/33\/#primaryimage"},"thumbnailUrl":"https:\/\/algarve7.pt\/wp-content\/uploads\/2020\/10\/turismo-de-portugal-escolas-16x9-1.png","datePublished":"2021-10-23T06:33:43+00:00","dateModified":"2021-10-23T06:34:00+00:00","description":"Nova oferta formativa das Escolas do Turismo de Portugal Turismo","breadcrumb":{"@id":"https:\/\/algarve7.pt\/index.php\/2021\/10\/nova-oferta-formativa-das-escolas-do-turismo-de-portugal\/turismo\/07\/33\/#breadcrumb"},"inLanguage":"pt-PT","potentialAction":[{"@type":"ReadAction","target":["https:\/\/algarve7.pt\/index.php\/2021\/10\/nova-oferta-formativa-das-escolas-do-turismo-de-portugal\/turismo\/07\/33\/"]}]},{"@type":"ImageObject","inLanguage":"pt-PT","@id":"https:\/\/algarve7.pt\/index.php\/2021\/10\/nova-oferta-formativa-das-escolas-do-turismo-de-portugal\/turismo\/07\/33\/#primaryimage","url":"https:\/\/algarve7.pt\/wp-content\/uploads\/2020\/10\/turismo-de-portugal-escolas-16x9-1.png","contentUrl":"https:\/\/algarve7.pt\/wp-content\/uploads\/2020\/10\/turismo-de-portugal-escolas-16x9-1.png","width":640,"height":360},{"@type":"BreadcrumbList","@id":"https:\/\/algarve7.pt\/index.php\/2021\/10\/nova-oferta-formativa-das-escolas-do-turismo-de-portugal\/turismo\/07\/33\/#breadcrumb","itemListElement":[{"@type":"ListItem","position":1,"name":"In\u00edcio","item":"https:\/\/algarve7.pt\/"},{"@type":"ListItem","position":2,"name":"Nova oferta formativa das Escolas do Turismo de Portugal"}]},{"@type":"WebSite","@id":"https:\/\/algarve7.pt\/#website","url":"https:\/\/algarve7.pt\/","name":"Algarve 7","description":"Informa\u00e7\u00e3o sobre o Algarve","publisher":{"@id":"https:\/\/algarve7.pt\/#organization"},"potentialAction":[{"@type":"SearchAction","target":{"@type":"EntryPoint","urlTemplate":"https:\/\/algarve7.pt\/?s={search_term_string}"},"query-input":{"@type":"PropertyValueSpecification","valueRequired":true,"valueName":"search_term_string"}}],"inLanguage":"pt-PT"},{"@type":"Organization","@id":"https:\/\/algarve7.pt\/#organization","name":"Algarve 7","url":"https:\/\/algarve7.pt\/","logo":{"@type":"ImageObject","inLanguage":"pt-PT","@id":"https:\/\/algarve7.pt\/#\/schema\/logo\/image\/","url":"https:\/\/algarve7.pt\/wp-content\/uploads\/2020\/10\/Logo-8.jpg","contentUrl":"https:\/\/algarve7.pt\/wp-content\/uploads\/2020\/10\/Logo-8.jpg","width":1680,"height":1186,"caption":"Algarve 7"},"image":{"@id":"https:\/\/algarve7.pt\/#\/schema\/logo\/image\/"},"sameAs":["https:\/\/www.facebook.com\/algarve7","https:\/\/x.com\/Algarvesete","https:\/\/www.instagram.com\/jornalalgarve7\/","https:\/\/www.linkedin.com\/company\/algarve7","https:\/\/www.pinterest.pt\/geral0939\/_created\/"]},{"@type":"Person","@id":"https:\/\/algarve7.pt\/#\/schema\/person\/23fa70681308e7b319a3204bcea45e0c","name":"Algarve 7","sameAs":["https:\/\/algarve7.pt","https:\/\/www.facebook.com\/algarve7"],"url":"https:\/\/algarve7.pt\/index.php\/author\/geralalgarve7-pt\/"}]}},"jetpack_publicize_connections":[],"jetpack_featured_media_url":"https:\/\/algarve7.pt\/wp-content\/uploads\/2020\/10\/turismo-de-portugal-escolas-16x9-1.png","jetpack_shortlink":"https:\/\/wp.me\/pcezmW-3cY","jetpack_sharing_enabled":true,"_links":{"self":[{"href":"https:\/\/algarve7.pt\/index.php\/wp-json\/wp\/v2\/posts\/12336","targetHints":{"allow":["GET"]}}],"collection":[{"href":"https:\/\/algarve7.pt\/index.php\/wp-json\/wp\/v2\/posts"}],"about":[{"href":"https:\/\/algarve7.pt\/index.php\/wp-json\/wp\/v2\/types\/post"}],"author":[{"embeddable":true,"href":"https:\/\/algarve7.pt\/index.php\/wp-json\/wp\/v2\/users\/1"}],"replies":[{"embeddable":true,"href":"https:\/\/algarve7.pt\/index.php\/wp-json\/wp\/v2\/comments?post=12336"}],"version-history":[{"count":0,"href":"https:\/\/algarve7.pt\/index.php\/wp-json\/wp\/v2\/posts\/12336\/revisions"}],"wp:featuredmedia":[{"embeddable":true,"href":"https:\/\/algarve7.pt\/index.php\/wp-json\/wp\/v2\/media\/2636"}],"wp:attachment":[{"href":"https:\/\/algarve7.pt\/index.php\/wp-json\/wp\/v2\/media?parent=12336"}],"wp:term":[{"taxonomy":"category","embeddable":true,"href":"https:\/\/algarve7.pt\/index.php\/wp-json\/wp\/v2\/categories?post=12336"},{"taxonomy":"post_tag","embeddable":true,"href":"https:\/\/algarve7.pt\/index.php\/wp-json\/wp\/v2\/tags?post=12336"}],"curies":[{"name":"wp","href":"https:\/\/api.w.org\/{rel}","templated":true}]}}