{"id":12325,"date":"2021-10-22T12:31:58","date_gmt":"2021-10-22T11:31:58","guid":{"rendered":"https:\/\/algarve7.pt\/?p=12325"},"modified":"2021-10-22T12:32:01","modified_gmt":"2021-10-22T11:32:01","slug":"premio-mario-ruivo-geracoes-oceanicas-concurso-para-a-criacao-de-filmes-sobre-o-oceano","status":"publish","type":"post","link":"https:\/\/algarve7.pt\/index.php\/2021\/10\/premio-mario-ruivo-geracoes-oceanicas-concurso-para-a-criacao-de-filmes-sobre-o-oceano\/cultura\/12\/31\/","title":{"rendered":"Pr\u00e9mio M\u00e1rio Ruivo &#8211; gera\u00e7\u00f5es oce\u00e2nicas concurso para a cria\u00e7\u00e3o de filmes sobre o oceano"},"content":{"rendered":"\n<p>O Pr\u00e9mio M\u00e1rio Ruivo&nbsp;\u2013&nbsp;Gera\u00e7\u00f5es Oce\u00e2nicas \u00e9 lan\u00e7ado, a 25 de outubro, com o objetivo de sensibilizar a sociedade para a tem\u00e1tica do Oceano, homenageando aquele cientista e pol\u00edtico (1927-2017), figura inspiradora na prote\u00e7\u00e3o e conhecimento do mar portugu\u00eas.<\/p>\n\n\n\n<p>O pr\u00e9mio, organizado pelo Minist\u00e9rio do Mar, em articula\u00e7\u00e3o com o Minist\u00e9rio da Cultura e o Minist\u00e9rio da Educa\u00e7\u00e3o, visa galardoar os melhores projetos enviados a concurso para a cria\u00e7\u00e3o de filmes que expressem o papel fundamental do Oceano na vida humana.<\/p>\n\n\n\n<p>Participantes de todas as idades s\u00e3o convidados a enviar uma proposta\/gui\u00e3o para um filme de 7 minutos, dentro de uma das seguintes tem\u00e1ticas:<\/p>\n\n\n\n<p>\u2022&nbsp;Na Rota de Magalh\u00e3es&nbsp;\u2013&nbsp;Usando como ponto de partida a viagem de circum-navega\u00e7\u00e3o de Fern\u00e3o de Magalh\u00e3es, cujas comemora\u00e7\u00f5es do 500.o anivers\u00e1rio est\u00e3o em curso.<\/p>\n\n\n\n<p>\u2022&nbsp;A Mudan\u00e7a que Precisamos para o Oceano que Queremos &#8211; Usando como ponto de partida o mote adotado pela COI-UNESCO para a promo\u00e7\u00e3o da Literacia do Oceano no contexto da D\u00e9cada das Ci\u00eancias do Oceano das Na\u00e7\u00f5es Unidas para o Desenvolvimento Sustent\u00e1vel.<\/p>\n\n\n\n<p>O envio de candidaturas pode ser feito at\u00e9 20 de dezembro. As equipas com as oito melhores propostas participar\u00e3o numa forma\u00e7\u00e3o de 20 horas sobre realiza\u00e7\u00e3o em cinema, a fim de levarem a cabo a produ\u00e7\u00e3o do filme proposto.<\/p>\n\n\n\n<p>Mais informa\u00e7\u00f5es:\u00a0<a href=\"http:\/\/www.premiomarioruivo.pt\" target=\"_blank\" rel=\"noreferrer noopener\">www.premiomarioruivo.pt<\/a><\/p>\n","protected":false},"excerpt":{"rendered":"<p>O Pr\u00e9mio M\u00e1rio Ruivo&nbsp;\u2013&nbsp;Gera\u00e7\u00f5es Oce\u00e2nicas \u00e9 lan\u00e7ado, a 25 de outubro, com o objetivo de sensibilizar a sociedade para a<\/p>\n","protected":false},"author":1,"featured_media":12326,"comment_status":"open","ping_status":"open","sticky":false,"template":"","format":"standard","meta":{"colormag_page_container_layout":"default_layout","colormag_page_sidebar_layout":"default_layout","_monsterinsights_skip_tracking":false,"_monsterinsights_sitenote_active":false,"_monsterinsights_sitenote_note":"","_monsterinsights_sitenote_category":0,"jetpack_post_was_ever_published":false,"_jetpack_newsletter_access":"","_jetpack_dont_email_post_to_subs":false,"_jetpack_newsletter_tier_id":0,"_jetpack_memberships_contains_paywalled_content":false,"_jetpack_memberships_contains_paid_content":false,"footnotes":"","jetpack_publicize_message":"","jetpack_publicize_feature_enabled":true,"jetpack_social_post_already_shared":true,"jetpack_social_options":{"image_generator_settings":{"template":"highway","default_image_id":0,"font":"","enabled":false},"version":2}},"categories":[14],"tags":[32,43,146,35,328],"class_list":["post-12325","post","type-post","status-publish","format-standard","has-post-thumbnail","hentry","category-cultura","tag-ambiente","tag-cinema","tag-concurso","tag-cultura","tag-film"],"yoast_head":"<!-- This site is optimized with the Yoast SEO plugin v27.5 - https:\/\/yoast.com\/product\/yoast-seo-wordpress\/ -->\n<title>Pr\u00e9mio M\u00e1rio Ruivo - gera\u00e7\u00f5es oce\u00e2nicas concurso para a cria\u00e7\u00e3o de filmes sobre o oceano - Algarve 7<\/title>\n<meta name=\"description\" content=\"Pr\u00e9mio M\u00e1rio Ruivo - gera\u00e7\u00f5es oce\u00e2nicas concurso para a cria\u00e7\u00e3o de filmes sobre o oceano Cultura\" \/>\n<meta name=\"robots\" content=\"index, follow, max-snippet:-1, max-image-preview:large, max-video-preview:-1\" \/>\n<link rel=\"canonical\" href=\"https:\/\/algarve7.pt\/index.php\/2021\/10\/premio-mario-ruivo-geracoes-oceanicas-concurso-para-a-criacao-de-filmes-sobre-o-oceano\/cultura\/12\/31\/\" \/>\n<meta property=\"og:locale\" content=\"pt_PT\" \/>\n<meta property=\"og:type\" content=\"article\" \/>\n<meta property=\"og:title\" content=\"Pr\u00e9mio M\u00e1rio Ruivo - gera\u00e7\u00f5es oce\u00e2nicas concurso para a cria\u00e7\u00e3o de filmes sobre o oceano - Algarve 7\" \/>\n<meta property=\"og:description\" content=\"Pr\u00e9mio M\u00e1rio Ruivo - gera\u00e7\u00f5es oce\u00e2nicas concurso para a cria\u00e7\u00e3o de filmes sobre o oceano Cultura\" \/>\n<meta property=\"og:url\" content=\"https:\/\/algarve7.pt\/index.php\/2021\/10\/premio-mario-ruivo-geracoes-oceanicas-concurso-para-a-criacao-de-filmes-sobre-o-oceano\/cultura\/12\/31\/\" \/>\n<meta property=\"og:site_name\" content=\"Algarve 7\" \/>\n<meta property=\"article:publisher\" content=\"https:\/\/www.facebook.com\/algarve7\" \/>\n<meta property=\"article:author\" content=\"https:\/\/www.facebook.com\/algarve7\" \/>\n<meta property=\"article:published_time\" content=\"2021-10-22T11:31:58+00:00\" \/>\n<meta property=\"article:modified_time\" content=\"2021-10-22T11:32:01+00:00\" \/>\n<meta property=\"og:image\" content=\"https:\/\/algarve7.pt\/wp-content\/uploads\/2021\/10\/Captura-de-ecra-2021-10-22-as-12.31.23.png\" \/>\n\t<meta property=\"og:image:width\" content=\"1640\" \/>\n\t<meta property=\"og:image:height\" content=\"754\" \/>\n\t<meta property=\"og:image:type\" content=\"image\/png\" \/>\n<meta name=\"author\" content=\"Algarve 7\" \/>\n<meta name=\"twitter:card\" content=\"summary_large_image\" \/>\n<meta name=\"twitter:creator\" content=\"@Algarvesete\" \/>\n<meta name=\"twitter:site\" content=\"@Algarvesete\" \/>\n<meta name=\"twitter:label1\" content=\"Escrito por\" \/>\n\t<meta name=\"twitter:data1\" content=\"Algarve 7\" \/>\n\t<meta name=\"twitter:label2\" content=\"Tempo estimado de leitura\" \/>\n\t<meta name=\"twitter:data2\" content=\"1 minuto\" \/>\n<script type=\"application\/ld+json\" class=\"yoast-schema-graph\">{\"@context\":\"https:\\\/\\\/schema.org\",\"@graph\":[{\"@type\":\"Article\",\"@id\":\"https:\\\/\\\/algarve7.pt\\\/index.php\\\/2021\\\/10\\\/premio-mario-ruivo-geracoes-oceanicas-concurso-para-a-criacao-de-filmes-sobre-o-oceano\\\/cultura\\\/12\\\/31\\\/#article\",\"isPartOf\":{\"@id\":\"https:\\\/\\\/algarve7.pt\\\/index.php\\\/2021\\\/10\\\/premio-mario-ruivo-geracoes-oceanicas-concurso-para-a-criacao-de-filmes-sobre-o-oceano\\\/cultura\\\/12\\\/31\\\/\"},\"author\":{\"name\":\"Algarve 7\",\"@id\":\"https:\\\/\\\/algarve7.pt\\\/#\\\/schema\\\/person\\\/23fa70681308e7b319a3204bcea45e0c\"},\"headline\":\"Pr\u00e9mio M\u00e1rio Ruivo &#8211; gera\u00e7\u00f5es oce\u00e2nicas concurso para a cria\u00e7\u00e3o de filmes sobre o oceano\",\"datePublished\":\"2021-10-22T11:31:58+00:00\",\"dateModified\":\"2021-10-22T11:32:01+00:00\",\"mainEntityOfPage\":{\"@id\":\"https:\\\/\\\/algarve7.pt\\\/index.php\\\/2021\\\/10\\\/premio-mario-ruivo-geracoes-oceanicas-concurso-para-a-criacao-de-filmes-sobre-o-oceano\\\/cultura\\\/12\\\/31\\\/\"},\"wordCount\":274,\"commentCount\":0,\"publisher\":{\"@id\":\"https:\\\/\\\/algarve7.pt\\\/#organization\"},\"image\":{\"@id\":\"https:\\\/\\\/algarve7.pt\\\/index.php\\\/2021\\\/10\\\/premio-mario-ruivo-geracoes-oceanicas-concurso-para-a-criacao-de-filmes-sobre-o-oceano\\\/cultura\\\/12\\\/31\\\/#primaryimage\"},\"thumbnailUrl\":\"https:\\\/\\\/algarve7.pt\\\/wp-content\\\/uploads\\\/2021\\\/10\\\/Captura-de-ecra-2021-10-22-as-12.31.23.png\",\"keywords\":[\"Ambiente\",\"Cinema\",\"Concurso\",\"Cultura\",\"Film\"],\"articleSection\":[\"Cultura\"],\"inLanguage\":\"pt-PT\",\"potentialAction\":[{\"@type\":\"CommentAction\",\"name\":\"Comment\",\"target\":[\"https:\\\/\\\/algarve7.pt\\\/index.php\\\/2021\\\/10\\\/premio-mario-ruivo-geracoes-oceanicas-concurso-para-a-criacao-de-filmes-sobre-o-oceano\\\/cultura\\\/12\\\/31\\\/#respond\"]}]},{\"@type\":\"WebPage\",\"@id\":\"https:\\\/\\\/algarve7.pt\\\/index.php\\\/2021\\\/10\\\/premio-mario-ruivo-geracoes-oceanicas-concurso-para-a-criacao-de-filmes-sobre-o-oceano\\\/cultura\\\/12\\\/31\\\/\",\"url\":\"https:\\\/\\\/algarve7.pt\\\/index.php\\\/2021\\\/10\\\/premio-mario-ruivo-geracoes-oceanicas-concurso-para-a-criacao-de-filmes-sobre-o-oceano\\\/cultura\\\/12\\\/31\\\/\",\"name\":\"Pr\u00e9mio M\u00e1rio Ruivo - gera\u00e7\u00f5es oce\u00e2nicas concurso para a cria\u00e7\u00e3o de filmes sobre o oceano - Algarve 7\",\"isPartOf\":{\"@id\":\"https:\\\/\\\/algarve7.pt\\\/#website\"},\"primaryImageOfPage\":{\"@id\":\"https:\\\/\\\/algarve7.pt\\\/index.php\\\/2021\\\/10\\\/premio-mario-ruivo-geracoes-oceanicas-concurso-para-a-criacao-de-filmes-sobre-o-oceano\\\/cultura\\\/12\\\/31\\\/#primaryimage\"},\"image\":{\"@id\":\"https:\\\/\\\/algarve7.pt\\\/index.php\\\/2021\\\/10\\\/premio-mario-ruivo-geracoes-oceanicas-concurso-para-a-criacao-de-filmes-sobre-o-oceano\\\/cultura\\\/12\\\/31\\\/#primaryimage\"},\"thumbnailUrl\":\"https:\\\/\\\/algarve7.pt\\\/wp-content\\\/uploads\\\/2021\\\/10\\\/Captura-de-ecra-2021-10-22-as-12.31.23.png\",\"datePublished\":\"2021-10-22T11:31:58+00:00\",\"dateModified\":\"2021-10-22T11:32:01+00:00\",\"description\":\"Pr\u00e9mio M\u00e1rio Ruivo - gera\u00e7\u00f5es oce\u00e2nicas concurso para a cria\u00e7\u00e3o de filmes sobre o oceano Cultura\",\"breadcrumb\":{\"@id\":\"https:\\\/\\\/algarve7.pt\\\/index.php\\\/2021\\\/10\\\/premio-mario-ruivo-geracoes-oceanicas-concurso-para-a-criacao-de-filmes-sobre-o-oceano\\\/cultura\\\/12\\\/31\\\/#breadcrumb\"},\"inLanguage\":\"pt-PT\",\"potentialAction\":[{\"@type\":\"ReadAction\",\"target\":[\"https:\\\/\\\/algarve7.pt\\\/index.php\\\/2021\\\/10\\\/premio-mario-ruivo-geracoes-oceanicas-concurso-para-a-criacao-de-filmes-sobre-o-oceano\\\/cultura\\\/12\\\/31\\\/\"]}]},{\"@type\":\"ImageObject\",\"inLanguage\":\"pt-PT\",\"@id\":\"https:\\\/\\\/algarve7.pt\\\/index.php\\\/2021\\\/10\\\/premio-mario-ruivo-geracoes-oceanicas-concurso-para-a-criacao-de-filmes-sobre-o-oceano\\\/cultura\\\/12\\\/31\\\/#primaryimage\",\"url\":\"https:\\\/\\\/algarve7.pt\\\/wp-content\\\/uploads\\\/2021\\\/10\\\/Captura-de-ecra-2021-10-22-as-12.31.23.png\",\"contentUrl\":\"https:\\\/\\\/algarve7.pt\\\/wp-content\\\/uploads\\\/2021\\\/10\\\/Captura-de-ecra-2021-10-22-as-12.31.23.png\",\"width\":1640,\"height\":754},{\"@type\":\"BreadcrumbList\",\"@id\":\"https:\\\/\\\/algarve7.pt\\\/index.php\\\/2021\\\/10\\\/premio-mario-ruivo-geracoes-oceanicas-concurso-para-a-criacao-de-filmes-sobre-o-oceano\\\/cultura\\\/12\\\/31\\\/#breadcrumb\",\"itemListElement\":[{\"@type\":\"ListItem\",\"position\":1,\"name\":\"In\u00edcio\",\"item\":\"https:\\\/\\\/algarve7.pt\\\/\"},{\"@type\":\"ListItem\",\"position\":2,\"name\":\"Pr\u00e9mio M\u00e1rio Ruivo &#8211; gera\u00e7\u00f5es oce\u00e2nicas concurso para a cria\u00e7\u00e3o de filmes sobre o oceano\"}]},{\"@type\":\"WebSite\",\"@id\":\"https:\\\/\\\/algarve7.pt\\\/#website\",\"url\":\"https:\\\/\\\/algarve7.pt\\\/\",\"name\":\"Algarve 7\",\"description\":\"Informa\u00e7\u00e3o sobre o Algarve\",\"publisher\":{\"@id\":\"https:\\\/\\\/algarve7.pt\\\/#organization\"},\"potentialAction\":[{\"@type\":\"SearchAction\",\"target\":{\"@type\":\"EntryPoint\",\"urlTemplate\":\"https:\\\/\\\/algarve7.pt\\\/?s={search_term_string}\"},\"query-input\":{\"@type\":\"PropertyValueSpecification\",\"valueRequired\":true,\"valueName\":\"search_term_string\"}}],\"inLanguage\":\"pt-PT\"},{\"@type\":\"Organization\",\"@id\":\"https:\\\/\\\/algarve7.pt\\\/#organization\",\"name\":\"Algarve 7\",\"url\":\"https:\\\/\\\/algarve7.pt\\\/\",\"logo\":{\"@type\":\"ImageObject\",\"inLanguage\":\"pt-PT\",\"@id\":\"https:\\\/\\\/algarve7.pt\\\/#\\\/schema\\\/logo\\\/image\\\/\",\"url\":\"https:\\\/\\\/algarve7.pt\\\/wp-content\\\/uploads\\\/2020\\\/10\\\/Logo-8.jpg\",\"contentUrl\":\"https:\\\/\\\/algarve7.pt\\\/wp-content\\\/uploads\\\/2020\\\/10\\\/Logo-8.jpg\",\"width\":1680,\"height\":1186,\"caption\":\"Algarve 7\"},\"image\":{\"@id\":\"https:\\\/\\\/algarve7.pt\\\/#\\\/schema\\\/logo\\\/image\\\/\"},\"sameAs\":[\"https:\\\/\\\/www.facebook.com\\\/algarve7\",\"https:\\\/\\\/x.com\\\/Algarvesete\",\"https:\\\/\\\/www.instagram.com\\\/jornalalgarve7\\\/\",\"https:\\\/\\\/www.linkedin.com\\\/company\\\/algarve7\",\"https:\\\/\\\/www.pinterest.pt\\\/geral0939\\\/_created\\\/\"]},{\"@type\":\"Person\",\"@id\":\"https:\\\/\\\/algarve7.pt\\\/#\\\/schema\\\/person\\\/23fa70681308e7b319a3204bcea45e0c\",\"name\":\"Algarve 7\",\"sameAs\":[\"https:\\\/\\\/algarve7.pt\",\"https:\\\/\\\/www.facebook.com\\\/algarve7\"],\"url\":\"https:\\\/\\\/algarve7.pt\\\/index.php\\\/author\\\/geralalgarve7-pt\\\/\"}]}<\/script>\n<!-- \/ Yoast SEO plugin. -->","yoast_head_json":{"title":"Pr\u00e9mio M\u00e1rio Ruivo - gera\u00e7\u00f5es oce\u00e2nicas concurso para a cria\u00e7\u00e3o de filmes sobre o oceano - Algarve 7","description":"Pr\u00e9mio M\u00e1rio Ruivo - gera\u00e7\u00f5es oce\u00e2nicas concurso para a cria\u00e7\u00e3o de filmes sobre o oceano Cultura","robots":{"index":"index","follow":"follow","max-snippet":"max-snippet:-1","max-image-preview":"max-image-preview:large","max-video-preview":"max-video-preview:-1"},"canonical":"https:\/\/algarve7.pt\/index.php\/2021\/10\/premio-mario-ruivo-geracoes-oceanicas-concurso-para-a-criacao-de-filmes-sobre-o-oceano\/cultura\/12\/31\/","og_locale":"pt_PT","og_type":"article","og_title":"Pr\u00e9mio M\u00e1rio Ruivo - gera\u00e7\u00f5es oce\u00e2nicas concurso para a cria\u00e7\u00e3o de filmes sobre o oceano - Algarve 7","og_description":"Pr\u00e9mio M\u00e1rio Ruivo - gera\u00e7\u00f5es oce\u00e2nicas concurso para a cria\u00e7\u00e3o de filmes sobre o oceano Cultura","og_url":"https:\/\/algarve7.pt\/index.php\/2021\/10\/premio-mario-ruivo-geracoes-oceanicas-concurso-para-a-criacao-de-filmes-sobre-o-oceano\/cultura\/12\/31\/","og_site_name":"Algarve 7","article_publisher":"https:\/\/www.facebook.com\/algarve7","article_author":"https:\/\/www.facebook.com\/algarve7","article_published_time":"2021-10-22T11:31:58+00:00","article_modified_time":"2021-10-22T11:32:01+00:00","og_image":[{"width":1640,"height":754,"url":"https:\/\/algarve7.pt\/wp-content\/uploads\/2021\/10\/Captura-de-ecra-2021-10-22-as-12.31.23.png","type":"image\/png"}],"author":"Algarve 7","twitter_card":"summary_large_image","twitter_creator":"@Algarvesete","twitter_site":"@Algarvesete","twitter_misc":{"Escrito por":"Algarve 7","Tempo estimado de leitura":"1 minuto"},"schema":{"@context":"https:\/\/schema.org","@graph":[{"@type":"Article","@id":"https:\/\/algarve7.pt\/index.php\/2021\/10\/premio-mario-ruivo-geracoes-oceanicas-concurso-para-a-criacao-de-filmes-sobre-o-oceano\/cultura\/12\/31\/#article","isPartOf":{"@id":"https:\/\/algarve7.pt\/index.php\/2021\/10\/premio-mario-ruivo-geracoes-oceanicas-concurso-para-a-criacao-de-filmes-sobre-o-oceano\/cultura\/12\/31\/"},"author":{"name":"Algarve 7","@id":"https:\/\/algarve7.pt\/#\/schema\/person\/23fa70681308e7b319a3204bcea45e0c"},"headline":"Pr\u00e9mio M\u00e1rio Ruivo &#8211; gera\u00e7\u00f5es oce\u00e2nicas concurso para a cria\u00e7\u00e3o de filmes sobre o oceano","datePublished":"2021-10-22T11:31:58+00:00","dateModified":"2021-10-22T11:32:01+00:00","mainEntityOfPage":{"@id":"https:\/\/algarve7.pt\/index.php\/2021\/10\/premio-mario-ruivo-geracoes-oceanicas-concurso-para-a-criacao-de-filmes-sobre-o-oceano\/cultura\/12\/31\/"},"wordCount":274,"commentCount":0,"publisher":{"@id":"https:\/\/algarve7.pt\/#organization"},"image":{"@id":"https:\/\/algarve7.pt\/index.php\/2021\/10\/premio-mario-ruivo-geracoes-oceanicas-concurso-para-a-criacao-de-filmes-sobre-o-oceano\/cultura\/12\/31\/#primaryimage"},"thumbnailUrl":"https:\/\/algarve7.pt\/wp-content\/uploads\/2021\/10\/Captura-de-ecra-2021-10-22-as-12.31.23.png","keywords":["Ambiente","Cinema","Concurso","Cultura","Film"],"articleSection":["Cultura"],"inLanguage":"pt-PT","potentialAction":[{"@type":"CommentAction","name":"Comment","target":["https:\/\/algarve7.pt\/index.php\/2021\/10\/premio-mario-ruivo-geracoes-oceanicas-concurso-para-a-criacao-de-filmes-sobre-o-oceano\/cultura\/12\/31\/#respond"]}]},{"@type":"WebPage","@id":"https:\/\/algarve7.pt\/index.php\/2021\/10\/premio-mario-ruivo-geracoes-oceanicas-concurso-para-a-criacao-de-filmes-sobre-o-oceano\/cultura\/12\/31\/","url":"https:\/\/algarve7.pt\/index.php\/2021\/10\/premio-mario-ruivo-geracoes-oceanicas-concurso-para-a-criacao-de-filmes-sobre-o-oceano\/cultura\/12\/31\/","name":"Pr\u00e9mio M\u00e1rio Ruivo - gera\u00e7\u00f5es oce\u00e2nicas concurso para a cria\u00e7\u00e3o de filmes sobre o oceano - Algarve 7","isPartOf":{"@id":"https:\/\/algarve7.pt\/#website"},"primaryImageOfPage":{"@id":"https:\/\/algarve7.pt\/index.php\/2021\/10\/premio-mario-ruivo-geracoes-oceanicas-concurso-para-a-criacao-de-filmes-sobre-o-oceano\/cultura\/12\/31\/#primaryimage"},"image":{"@id":"https:\/\/algarve7.pt\/index.php\/2021\/10\/premio-mario-ruivo-geracoes-oceanicas-concurso-para-a-criacao-de-filmes-sobre-o-oceano\/cultura\/12\/31\/#primaryimage"},"thumbnailUrl":"https:\/\/algarve7.pt\/wp-content\/uploads\/2021\/10\/Captura-de-ecra-2021-10-22-as-12.31.23.png","datePublished":"2021-10-22T11:31:58+00:00","dateModified":"2021-10-22T11:32:01+00:00","description":"Pr\u00e9mio M\u00e1rio Ruivo - gera\u00e7\u00f5es oce\u00e2nicas concurso para a cria\u00e7\u00e3o de filmes sobre o oceano Cultura","breadcrumb":{"@id":"https:\/\/algarve7.pt\/index.php\/2021\/10\/premio-mario-ruivo-geracoes-oceanicas-concurso-para-a-criacao-de-filmes-sobre-o-oceano\/cultura\/12\/31\/#breadcrumb"},"inLanguage":"pt-PT","potentialAction":[{"@type":"ReadAction","target":["https:\/\/algarve7.pt\/index.php\/2021\/10\/premio-mario-ruivo-geracoes-oceanicas-concurso-para-a-criacao-de-filmes-sobre-o-oceano\/cultura\/12\/31\/"]}]},{"@type":"ImageObject","inLanguage":"pt-PT","@id":"https:\/\/algarve7.pt\/index.php\/2021\/10\/premio-mario-ruivo-geracoes-oceanicas-concurso-para-a-criacao-de-filmes-sobre-o-oceano\/cultura\/12\/31\/#primaryimage","url":"https:\/\/algarve7.pt\/wp-content\/uploads\/2021\/10\/Captura-de-ecra-2021-10-22-as-12.31.23.png","contentUrl":"https:\/\/algarve7.pt\/wp-content\/uploads\/2021\/10\/Captura-de-ecra-2021-10-22-as-12.31.23.png","width":1640,"height":754},{"@type":"BreadcrumbList","@id":"https:\/\/algarve7.pt\/index.php\/2021\/10\/premio-mario-ruivo-geracoes-oceanicas-concurso-para-a-criacao-de-filmes-sobre-o-oceano\/cultura\/12\/31\/#breadcrumb","itemListElement":[{"@type":"ListItem","position":1,"name":"In\u00edcio","item":"https:\/\/algarve7.pt\/"},{"@type":"ListItem","position":2,"name":"Pr\u00e9mio M\u00e1rio Ruivo &#8211; gera\u00e7\u00f5es oce\u00e2nicas concurso para a cria\u00e7\u00e3o de filmes sobre o oceano"}]},{"@type":"WebSite","@id":"https:\/\/algarve7.pt\/#website","url":"https:\/\/algarve7.pt\/","name":"Algarve 7","description":"Informa\u00e7\u00e3o sobre o Algarve","publisher":{"@id":"https:\/\/algarve7.pt\/#organization"},"potentialAction":[{"@type":"SearchAction","target":{"@type":"EntryPoint","urlTemplate":"https:\/\/algarve7.pt\/?s={search_term_string}"},"query-input":{"@type":"PropertyValueSpecification","valueRequired":true,"valueName":"search_term_string"}}],"inLanguage":"pt-PT"},{"@type":"Organization","@id":"https:\/\/algarve7.pt\/#organization","name":"Algarve 7","url":"https:\/\/algarve7.pt\/","logo":{"@type":"ImageObject","inLanguage":"pt-PT","@id":"https:\/\/algarve7.pt\/#\/schema\/logo\/image\/","url":"https:\/\/algarve7.pt\/wp-content\/uploads\/2020\/10\/Logo-8.jpg","contentUrl":"https:\/\/algarve7.pt\/wp-content\/uploads\/2020\/10\/Logo-8.jpg","width":1680,"height":1186,"caption":"Algarve 7"},"image":{"@id":"https:\/\/algarve7.pt\/#\/schema\/logo\/image\/"},"sameAs":["https:\/\/www.facebook.com\/algarve7","https:\/\/x.com\/Algarvesete","https:\/\/www.instagram.com\/jornalalgarve7\/","https:\/\/www.linkedin.com\/company\/algarve7","https:\/\/www.pinterest.pt\/geral0939\/_created\/"]},{"@type":"Person","@id":"https:\/\/algarve7.pt\/#\/schema\/person\/23fa70681308e7b319a3204bcea45e0c","name":"Algarve 7","sameAs":["https:\/\/algarve7.pt","https:\/\/www.facebook.com\/algarve7"],"url":"https:\/\/algarve7.pt\/index.php\/author\/geralalgarve7-pt\/"}]}},"jetpack_publicize_connections":[],"jetpack_featured_media_url":"https:\/\/algarve7.pt\/wp-content\/uploads\/2021\/10\/Captura-de-ecra-2021-10-22-as-12.31.23.png","jetpack_shortlink":"https:\/\/wp.me\/pcezmW-3cN","jetpack_sharing_enabled":true,"_links":{"self":[{"href":"https:\/\/algarve7.pt\/index.php\/wp-json\/wp\/v2\/posts\/12325","targetHints":{"allow":["GET"]}}],"collection":[{"href":"https:\/\/algarve7.pt\/index.php\/wp-json\/wp\/v2\/posts"}],"about":[{"href":"https:\/\/algarve7.pt\/index.php\/wp-json\/wp\/v2\/types\/post"}],"author":[{"embeddable":true,"href":"https:\/\/algarve7.pt\/index.php\/wp-json\/wp\/v2\/users\/1"}],"replies":[{"embeddable":true,"href":"https:\/\/algarve7.pt\/index.php\/wp-json\/wp\/v2\/comments?post=12325"}],"version-history":[{"count":0,"href":"https:\/\/algarve7.pt\/index.php\/wp-json\/wp\/v2\/posts\/12325\/revisions"}],"wp:featuredmedia":[{"embeddable":true,"href":"https:\/\/algarve7.pt\/index.php\/wp-json\/wp\/v2\/media\/12326"}],"wp:attachment":[{"href":"https:\/\/algarve7.pt\/index.php\/wp-json\/wp\/v2\/media?parent=12325"}],"wp:term":[{"taxonomy":"category","embeddable":true,"href":"https:\/\/algarve7.pt\/index.php\/wp-json\/wp\/v2\/categories?post=12325"},{"taxonomy":"post_tag","embeddable":true,"href":"https:\/\/algarve7.pt\/index.php\/wp-json\/wp\/v2\/tags?post=12325"}],"curies":[{"name":"wp","href":"https:\/\/api.w.org\/{rel}","templated":true}]}}