{"id":12322,"date":"2021-10-22T12:08:01","date_gmt":"2021-10-22T11:08:01","guid":{"rendered":"https:\/\/algarve7.pt\/?p=12322"},"modified":"2021-10-22T12:08:04","modified_gmt":"2021-10-22T11:08:04","slug":"projeto-sorriso-infralobo-faz-um-ano-com-balanco-positivo","status":"publish","type":"post","link":"https:\/\/algarve7.pt\/index.php\/2021\/10\/projeto-sorriso-infralobo-faz-um-ano-com-balanco-positivo\/atualidade\/12\/08\/","title":{"rendered":"Projeto \u2018\u2019Sorriso Infralobo\u2019\u2019 faz um ano com balan\u00e7o positivo"},"content":{"rendered":"\n<p>O projeto \u2018\u2019Sorriso Infralobo\u2019\u2019 fez o seu 1\u00ba anivers\u00e1rio com balanco extremamente positivo, gra\u00e7as ao apoio dos seus Clientes.<\/p>\n\n\n\n<p>Segundo Carlos Manso, Presidente do Conselho de Administra\u00e7\u00e3o, este balan\u00e7o positivo demonstra uma forte liga\u00e7\u00e3o entre a comunidade de Vale do Lobo, Dunas Douradas e restantes \u00e1reas da nossa responsabilidade e o Concelho de Loul\u00e9. O sucesso deste projeto deve-se aos nossos Clientes, porque a Infralobo \u00e9 apenas a intermedi\u00e1ria entre quem doa e quem recebe, garantindo que esta corrente de solidariedade chega a quem precisa.\u00a0<\/p>\n\n\n\n<p>O Projeto \u2018\u2019Sorriso Infralobo\u2019\u2019 criado em setembro de 2020, em plena pandemia, consiste na recolha gratuita de diverso material doado pelos residentes das \u00e1reas geridas pela INFRALOBO, nomeadamente brinquedos, eletrodom\u00e9sticos e mobili\u00e1rio e surgiu internamente, atrav\u00e9s de sugest\u00e3o dos colaboradores da empresa municipal que no seu dia a dia deparavam-se com o abandono ou entrega deste tipo de material \u00e0s equipas de recolha de RSU.<\/p>\n\n\n\n<p>Durante este ano, foram auxiliadas 10 institui\u00e7\u00f5es de solidariedade social atrav\u00e9s da entrega de 20 equipamentos eletrodom\u00e9sticos, 10 mobili\u00e1rios para beb\u00e9, 22 camas para adultos, 90 mobili\u00e1rio diverso (cadeiras, mesas, comodas, secret\u00e1rias, cadeir\u00f5es, candeeiros, etc\u2026), 40 colch\u00f5es, 4 bicicletas de crian\u00e7a e mais de 900 quilos de roupa (roupa de crian\u00e7a, adulto, atoalhados, entre outros).<\/p>\n\n\n\n<p>Este projeto vai ao encontro de uma cultura interna de responsabilidade social e sentimento de perten\u00e7a a uma comunidade, onde a solidariedade \u00e9 um dos pilares fundamentais, por isso a Infralobo agradece a todos os seus Clientes que tornaram este projeto poss\u00edvel.<\/p>\n","protected":false},"excerpt":{"rendered":"<p>O projeto \u2018\u2019Sorriso Infralobo\u2019\u2019 fez o seu 1\u00ba anivers\u00e1rio com balanco extremamente positivo, gra\u00e7as ao apoio dos seus Clientes. Segundo<\/p>\n","protected":false},"author":1,"featured_media":12323,"comment_status":"open","ping_status":"open","sticky":false,"template":"","format":"standard","meta":{"colormag_page_container_layout":"default_layout","colormag_page_sidebar_layout":"default_layout","_monsterinsights_skip_tracking":false,"_monsterinsights_sitenote_active":false,"_monsterinsights_sitenote_note":"","_monsterinsights_sitenote_category":0,"jetpack_post_was_ever_published":false,"_jetpack_newsletter_access":"","_jetpack_dont_email_post_to_subs":false,"_jetpack_newsletter_tier_id":0,"_jetpack_memberships_contains_paywalled_content":false,"_jetpack_memberships_contains_paid_content":false,"footnotes":"","jetpack_publicize_message":"","jetpack_publicize_feature_enabled":true,"jetpack_social_post_already_shared":true,"jetpack_social_options":{"image_generator_settings":{"template":"highway","default_image_id":0,"font":"","enabled":false},"version":2}},"categories":[11],"tags":[36,62,280,31,282],"class_list":["post-12322","post","type-post","status-publish","format-standard","has-post-thumbnail","hentry","category-atualidade","tag-algarve","tag-atualidade","tag-infralobo","tag-loule","tag-vale-do-lobo"],"yoast_head":"<!-- This site is optimized with the Yoast SEO plugin v27.5 - https:\/\/yoast.com\/product\/yoast-seo-wordpress\/ -->\n<title>Projeto \u2018\u2019Sorriso Infralobo\u2019\u2019 faz um ano com balan\u00e7o positivo - Algarve 7<\/title>\n<meta name=\"description\" content=\"Projeto \u2018\u2019Sorriso Infralobo\u2019\u2019 faz um ano com balan\u00e7o positivo Atualidade\" \/>\n<meta name=\"robots\" content=\"index, follow, max-snippet:-1, max-image-preview:large, max-video-preview:-1\" \/>\n<link rel=\"canonical\" href=\"https:\/\/algarve7.pt\/index.php\/2021\/10\/projeto-sorriso-infralobo-faz-um-ano-com-balanco-positivo\/atualidade\/12\/08\/\" \/>\n<meta property=\"og:locale\" content=\"pt_PT\" \/>\n<meta property=\"og:type\" content=\"article\" \/>\n<meta property=\"og:title\" content=\"Projeto \u2018\u2019Sorriso Infralobo\u2019\u2019 faz um ano com balan\u00e7o positivo - Algarve 7\" \/>\n<meta property=\"og:description\" content=\"Projeto \u2018\u2019Sorriso Infralobo\u2019\u2019 faz um ano com balan\u00e7o positivo Atualidade\" \/>\n<meta property=\"og:url\" content=\"https:\/\/algarve7.pt\/index.php\/2021\/10\/projeto-sorriso-infralobo-faz-um-ano-com-balanco-positivo\/atualidade\/12\/08\/\" \/>\n<meta property=\"og:site_name\" content=\"Algarve 7\" \/>\n<meta property=\"article:publisher\" content=\"https:\/\/www.facebook.com\/algarve7\" \/>\n<meta property=\"article:author\" content=\"https:\/\/www.facebook.com\/algarve7\" \/>\n<meta property=\"article:published_time\" content=\"2021-10-22T11:08:01+00:00\" \/>\n<meta property=\"article:modified_time\" content=\"2021-10-22T11:08:04+00:00\" \/>\n<meta property=\"og:image\" content=\"https:\/\/algarve7.pt\/wp-content\/uploads\/2021\/10\/infralobo_FINAL-01-1.jpg\" \/>\n\t<meta property=\"og:image:width\" content=\"1920\" \/>\n\t<meta property=\"og:image:height\" content=\"933\" \/>\n\t<meta property=\"og:image:type\" content=\"image\/jpeg\" \/>\n<meta name=\"author\" content=\"Algarve 7\" \/>\n<meta name=\"twitter:card\" content=\"summary_large_image\" \/>\n<meta name=\"twitter:creator\" content=\"@Algarvesete\" \/>\n<meta name=\"twitter:site\" content=\"@Algarvesete\" \/>\n<meta name=\"twitter:label1\" content=\"Escrito por\" \/>\n\t<meta name=\"twitter:data1\" content=\"Algarve 7\" \/>\n\t<meta name=\"twitter:label2\" content=\"Tempo estimado de leitura\" \/>\n\t<meta name=\"twitter:data2\" content=\"2 minutos\" \/>\n<script type=\"application\/ld+json\" class=\"yoast-schema-graph\">{\"@context\":\"https:\\\/\\\/schema.org\",\"@graph\":[{\"@type\":\"Article\",\"@id\":\"https:\\\/\\\/algarve7.pt\\\/index.php\\\/2021\\\/10\\\/projeto-sorriso-infralobo-faz-um-ano-com-balanco-positivo\\\/atualidade\\\/12\\\/08\\\/#article\",\"isPartOf\":{\"@id\":\"https:\\\/\\\/algarve7.pt\\\/index.php\\\/2021\\\/10\\\/projeto-sorriso-infralobo-faz-um-ano-com-balanco-positivo\\\/atualidade\\\/12\\\/08\\\/\"},\"author\":{\"name\":\"Algarve 7\",\"@id\":\"https:\\\/\\\/algarve7.pt\\\/#\\\/schema\\\/person\\\/23fa70681308e7b319a3204bcea45e0c\"},\"headline\":\"Projeto \u2018\u2019Sorriso Infralobo\u2019\u2019 faz um ano com balan\u00e7o positivo\",\"datePublished\":\"2021-10-22T11:08:01+00:00\",\"dateModified\":\"2021-10-22T11:08:04+00:00\",\"mainEntityOfPage\":{\"@id\":\"https:\\\/\\\/algarve7.pt\\\/index.php\\\/2021\\\/10\\\/projeto-sorriso-infralobo-faz-um-ano-com-balanco-positivo\\\/atualidade\\\/12\\\/08\\\/\"},\"wordCount\":267,\"commentCount\":0,\"publisher\":{\"@id\":\"https:\\\/\\\/algarve7.pt\\\/#organization\"},\"image\":{\"@id\":\"https:\\\/\\\/algarve7.pt\\\/index.php\\\/2021\\\/10\\\/projeto-sorriso-infralobo-faz-um-ano-com-balanco-positivo\\\/atualidade\\\/12\\\/08\\\/#primaryimage\"},\"thumbnailUrl\":\"https:\\\/\\\/algarve7.pt\\\/wp-content\\\/uploads\\\/2021\\\/10\\\/infralobo_FINAL-01-1.jpg\",\"keywords\":[\"Algarve\",\"Atualidade\",\"Infralobo\",\"Loul\u00e9\",\"Vale do Lobo\"],\"articleSection\":[\"Atualidade\"],\"inLanguage\":\"pt-PT\",\"potentialAction\":[{\"@type\":\"CommentAction\",\"name\":\"Comment\",\"target\":[\"https:\\\/\\\/algarve7.pt\\\/index.php\\\/2021\\\/10\\\/projeto-sorriso-infralobo-faz-um-ano-com-balanco-positivo\\\/atualidade\\\/12\\\/08\\\/#respond\"]}]},{\"@type\":\"WebPage\",\"@id\":\"https:\\\/\\\/algarve7.pt\\\/index.php\\\/2021\\\/10\\\/projeto-sorriso-infralobo-faz-um-ano-com-balanco-positivo\\\/atualidade\\\/12\\\/08\\\/\",\"url\":\"https:\\\/\\\/algarve7.pt\\\/index.php\\\/2021\\\/10\\\/projeto-sorriso-infralobo-faz-um-ano-com-balanco-positivo\\\/atualidade\\\/12\\\/08\\\/\",\"name\":\"Projeto \u2018\u2019Sorriso Infralobo\u2019\u2019 faz um ano com balan\u00e7o positivo - Algarve 7\",\"isPartOf\":{\"@id\":\"https:\\\/\\\/algarve7.pt\\\/#website\"},\"primaryImageOfPage\":{\"@id\":\"https:\\\/\\\/algarve7.pt\\\/index.php\\\/2021\\\/10\\\/projeto-sorriso-infralobo-faz-um-ano-com-balanco-positivo\\\/atualidade\\\/12\\\/08\\\/#primaryimage\"},\"image\":{\"@id\":\"https:\\\/\\\/algarve7.pt\\\/index.php\\\/2021\\\/10\\\/projeto-sorriso-infralobo-faz-um-ano-com-balanco-positivo\\\/atualidade\\\/12\\\/08\\\/#primaryimage\"},\"thumbnailUrl\":\"https:\\\/\\\/algarve7.pt\\\/wp-content\\\/uploads\\\/2021\\\/10\\\/infralobo_FINAL-01-1.jpg\",\"datePublished\":\"2021-10-22T11:08:01+00:00\",\"dateModified\":\"2021-10-22T11:08:04+00:00\",\"description\":\"Projeto \u2018\u2019Sorriso Infralobo\u2019\u2019 faz um ano com balan\u00e7o positivo Atualidade\",\"breadcrumb\":{\"@id\":\"https:\\\/\\\/algarve7.pt\\\/index.php\\\/2021\\\/10\\\/projeto-sorriso-infralobo-faz-um-ano-com-balanco-positivo\\\/atualidade\\\/12\\\/08\\\/#breadcrumb\"},\"inLanguage\":\"pt-PT\",\"potentialAction\":[{\"@type\":\"ReadAction\",\"target\":[\"https:\\\/\\\/algarve7.pt\\\/index.php\\\/2021\\\/10\\\/projeto-sorriso-infralobo-faz-um-ano-com-balanco-positivo\\\/atualidade\\\/12\\\/08\\\/\"]}]},{\"@type\":\"ImageObject\",\"inLanguage\":\"pt-PT\",\"@id\":\"https:\\\/\\\/algarve7.pt\\\/index.php\\\/2021\\\/10\\\/projeto-sorriso-infralobo-faz-um-ano-com-balanco-positivo\\\/atualidade\\\/12\\\/08\\\/#primaryimage\",\"url\":\"https:\\\/\\\/algarve7.pt\\\/wp-content\\\/uploads\\\/2021\\\/10\\\/infralobo_FINAL-01-1.jpg\",\"contentUrl\":\"https:\\\/\\\/algarve7.pt\\\/wp-content\\\/uploads\\\/2021\\\/10\\\/infralobo_FINAL-01-1.jpg\",\"width\":1920,\"height\":933},{\"@type\":\"BreadcrumbList\",\"@id\":\"https:\\\/\\\/algarve7.pt\\\/index.php\\\/2021\\\/10\\\/projeto-sorriso-infralobo-faz-um-ano-com-balanco-positivo\\\/atualidade\\\/12\\\/08\\\/#breadcrumb\",\"itemListElement\":[{\"@type\":\"ListItem\",\"position\":1,\"name\":\"In\u00edcio\",\"item\":\"https:\\\/\\\/algarve7.pt\\\/\"},{\"@type\":\"ListItem\",\"position\":2,\"name\":\"Projeto \u2018\u2019Sorriso Infralobo\u2019\u2019 faz um ano com balan\u00e7o positivo\"}]},{\"@type\":\"WebSite\",\"@id\":\"https:\\\/\\\/algarve7.pt\\\/#website\",\"url\":\"https:\\\/\\\/algarve7.pt\\\/\",\"name\":\"Algarve 7\",\"description\":\"Informa\u00e7\u00e3o sobre o Algarve\",\"publisher\":{\"@id\":\"https:\\\/\\\/algarve7.pt\\\/#organization\"},\"potentialAction\":[{\"@type\":\"SearchAction\",\"target\":{\"@type\":\"EntryPoint\",\"urlTemplate\":\"https:\\\/\\\/algarve7.pt\\\/?s={search_term_string}\"},\"query-input\":{\"@type\":\"PropertyValueSpecification\",\"valueRequired\":true,\"valueName\":\"search_term_string\"}}],\"inLanguage\":\"pt-PT\"},{\"@type\":\"Organization\",\"@id\":\"https:\\\/\\\/algarve7.pt\\\/#organization\",\"name\":\"Algarve 7\",\"url\":\"https:\\\/\\\/algarve7.pt\\\/\",\"logo\":{\"@type\":\"ImageObject\",\"inLanguage\":\"pt-PT\",\"@id\":\"https:\\\/\\\/algarve7.pt\\\/#\\\/schema\\\/logo\\\/image\\\/\",\"url\":\"https:\\\/\\\/algarve7.pt\\\/wp-content\\\/uploads\\\/2020\\\/10\\\/Logo-8.jpg\",\"contentUrl\":\"https:\\\/\\\/algarve7.pt\\\/wp-content\\\/uploads\\\/2020\\\/10\\\/Logo-8.jpg\",\"width\":1680,\"height\":1186,\"caption\":\"Algarve 7\"},\"image\":{\"@id\":\"https:\\\/\\\/algarve7.pt\\\/#\\\/schema\\\/logo\\\/image\\\/\"},\"sameAs\":[\"https:\\\/\\\/www.facebook.com\\\/algarve7\",\"https:\\\/\\\/x.com\\\/Algarvesete\",\"https:\\\/\\\/www.instagram.com\\\/jornalalgarve7\\\/\",\"https:\\\/\\\/www.linkedin.com\\\/company\\\/algarve7\",\"https:\\\/\\\/www.pinterest.pt\\\/geral0939\\\/_created\\\/\"]},{\"@type\":\"Person\",\"@id\":\"https:\\\/\\\/algarve7.pt\\\/#\\\/schema\\\/person\\\/23fa70681308e7b319a3204bcea45e0c\",\"name\":\"Algarve 7\",\"sameAs\":[\"https:\\\/\\\/algarve7.pt\",\"https:\\\/\\\/www.facebook.com\\\/algarve7\"],\"url\":\"https:\\\/\\\/algarve7.pt\\\/index.php\\\/author\\\/geralalgarve7-pt\\\/\"}]}<\/script>\n<!-- \/ Yoast SEO plugin. -->","yoast_head_json":{"title":"Projeto \u2018\u2019Sorriso Infralobo\u2019\u2019 faz um ano com balan\u00e7o positivo - Algarve 7","description":"Projeto \u2018\u2019Sorriso Infralobo\u2019\u2019 faz um ano com balan\u00e7o positivo Atualidade","robots":{"index":"index","follow":"follow","max-snippet":"max-snippet:-1","max-image-preview":"max-image-preview:large","max-video-preview":"max-video-preview:-1"},"canonical":"https:\/\/algarve7.pt\/index.php\/2021\/10\/projeto-sorriso-infralobo-faz-um-ano-com-balanco-positivo\/atualidade\/12\/08\/","og_locale":"pt_PT","og_type":"article","og_title":"Projeto \u2018\u2019Sorriso Infralobo\u2019\u2019 faz um ano com balan\u00e7o positivo - Algarve 7","og_description":"Projeto \u2018\u2019Sorriso Infralobo\u2019\u2019 faz um ano com balan\u00e7o positivo Atualidade","og_url":"https:\/\/algarve7.pt\/index.php\/2021\/10\/projeto-sorriso-infralobo-faz-um-ano-com-balanco-positivo\/atualidade\/12\/08\/","og_site_name":"Algarve 7","article_publisher":"https:\/\/www.facebook.com\/algarve7","article_author":"https:\/\/www.facebook.com\/algarve7","article_published_time":"2021-10-22T11:08:01+00:00","article_modified_time":"2021-10-22T11:08:04+00:00","og_image":[{"width":1920,"height":933,"url":"https:\/\/algarve7.pt\/wp-content\/uploads\/2021\/10\/infralobo_FINAL-01-1.jpg","type":"image\/jpeg"}],"author":"Algarve 7","twitter_card":"summary_large_image","twitter_creator":"@Algarvesete","twitter_site":"@Algarvesete","twitter_misc":{"Escrito por":"Algarve 7","Tempo estimado de leitura":"2 minutos"},"schema":{"@context":"https:\/\/schema.org","@graph":[{"@type":"Article","@id":"https:\/\/algarve7.pt\/index.php\/2021\/10\/projeto-sorriso-infralobo-faz-um-ano-com-balanco-positivo\/atualidade\/12\/08\/#article","isPartOf":{"@id":"https:\/\/algarve7.pt\/index.php\/2021\/10\/projeto-sorriso-infralobo-faz-um-ano-com-balanco-positivo\/atualidade\/12\/08\/"},"author":{"name":"Algarve 7","@id":"https:\/\/algarve7.pt\/#\/schema\/person\/23fa70681308e7b319a3204bcea45e0c"},"headline":"Projeto \u2018\u2019Sorriso Infralobo\u2019\u2019 faz um ano com balan\u00e7o positivo","datePublished":"2021-10-22T11:08:01+00:00","dateModified":"2021-10-22T11:08:04+00:00","mainEntityOfPage":{"@id":"https:\/\/algarve7.pt\/index.php\/2021\/10\/projeto-sorriso-infralobo-faz-um-ano-com-balanco-positivo\/atualidade\/12\/08\/"},"wordCount":267,"commentCount":0,"publisher":{"@id":"https:\/\/algarve7.pt\/#organization"},"image":{"@id":"https:\/\/algarve7.pt\/index.php\/2021\/10\/projeto-sorriso-infralobo-faz-um-ano-com-balanco-positivo\/atualidade\/12\/08\/#primaryimage"},"thumbnailUrl":"https:\/\/algarve7.pt\/wp-content\/uploads\/2021\/10\/infralobo_FINAL-01-1.jpg","keywords":["Algarve","Atualidade","Infralobo","Loul\u00e9","Vale do Lobo"],"articleSection":["Atualidade"],"inLanguage":"pt-PT","potentialAction":[{"@type":"CommentAction","name":"Comment","target":["https:\/\/algarve7.pt\/index.php\/2021\/10\/projeto-sorriso-infralobo-faz-um-ano-com-balanco-positivo\/atualidade\/12\/08\/#respond"]}]},{"@type":"WebPage","@id":"https:\/\/algarve7.pt\/index.php\/2021\/10\/projeto-sorriso-infralobo-faz-um-ano-com-balanco-positivo\/atualidade\/12\/08\/","url":"https:\/\/algarve7.pt\/index.php\/2021\/10\/projeto-sorriso-infralobo-faz-um-ano-com-balanco-positivo\/atualidade\/12\/08\/","name":"Projeto \u2018\u2019Sorriso Infralobo\u2019\u2019 faz um ano com balan\u00e7o positivo - Algarve 7","isPartOf":{"@id":"https:\/\/algarve7.pt\/#website"},"primaryImageOfPage":{"@id":"https:\/\/algarve7.pt\/index.php\/2021\/10\/projeto-sorriso-infralobo-faz-um-ano-com-balanco-positivo\/atualidade\/12\/08\/#primaryimage"},"image":{"@id":"https:\/\/algarve7.pt\/index.php\/2021\/10\/projeto-sorriso-infralobo-faz-um-ano-com-balanco-positivo\/atualidade\/12\/08\/#primaryimage"},"thumbnailUrl":"https:\/\/algarve7.pt\/wp-content\/uploads\/2021\/10\/infralobo_FINAL-01-1.jpg","datePublished":"2021-10-22T11:08:01+00:00","dateModified":"2021-10-22T11:08:04+00:00","description":"Projeto \u2018\u2019Sorriso Infralobo\u2019\u2019 faz um ano com balan\u00e7o positivo Atualidade","breadcrumb":{"@id":"https:\/\/algarve7.pt\/index.php\/2021\/10\/projeto-sorriso-infralobo-faz-um-ano-com-balanco-positivo\/atualidade\/12\/08\/#breadcrumb"},"inLanguage":"pt-PT","potentialAction":[{"@type":"ReadAction","target":["https:\/\/algarve7.pt\/index.php\/2021\/10\/projeto-sorriso-infralobo-faz-um-ano-com-balanco-positivo\/atualidade\/12\/08\/"]}]},{"@type":"ImageObject","inLanguage":"pt-PT","@id":"https:\/\/algarve7.pt\/index.php\/2021\/10\/projeto-sorriso-infralobo-faz-um-ano-com-balanco-positivo\/atualidade\/12\/08\/#primaryimage","url":"https:\/\/algarve7.pt\/wp-content\/uploads\/2021\/10\/infralobo_FINAL-01-1.jpg","contentUrl":"https:\/\/algarve7.pt\/wp-content\/uploads\/2021\/10\/infralobo_FINAL-01-1.jpg","width":1920,"height":933},{"@type":"BreadcrumbList","@id":"https:\/\/algarve7.pt\/index.php\/2021\/10\/projeto-sorriso-infralobo-faz-um-ano-com-balanco-positivo\/atualidade\/12\/08\/#breadcrumb","itemListElement":[{"@type":"ListItem","position":1,"name":"In\u00edcio","item":"https:\/\/algarve7.pt\/"},{"@type":"ListItem","position":2,"name":"Projeto \u2018\u2019Sorriso Infralobo\u2019\u2019 faz um ano com balan\u00e7o positivo"}]},{"@type":"WebSite","@id":"https:\/\/algarve7.pt\/#website","url":"https:\/\/algarve7.pt\/","name":"Algarve 7","description":"Informa\u00e7\u00e3o sobre o Algarve","publisher":{"@id":"https:\/\/algarve7.pt\/#organization"},"potentialAction":[{"@type":"SearchAction","target":{"@type":"EntryPoint","urlTemplate":"https:\/\/algarve7.pt\/?s={search_term_string}"},"query-input":{"@type":"PropertyValueSpecification","valueRequired":true,"valueName":"search_term_string"}}],"inLanguage":"pt-PT"},{"@type":"Organization","@id":"https:\/\/algarve7.pt\/#organization","name":"Algarve 7","url":"https:\/\/algarve7.pt\/","logo":{"@type":"ImageObject","inLanguage":"pt-PT","@id":"https:\/\/algarve7.pt\/#\/schema\/logo\/image\/","url":"https:\/\/algarve7.pt\/wp-content\/uploads\/2020\/10\/Logo-8.jpg","contentUrl":"https:\/\/algarve7.pt\/wp-content\/uploads\/2020\/10\/Logo-8.jpg","width":1680,"height":1186,"caption":"Algarve 7"},"image":{"@id":"https:\/\/algarve7.pt\/#\/schema\/logo\/image\/"},"sameAs":["https:\/\/www.facebook.com\/algarve7","https:\/\/x.com\/Algarvesete","https:\/\/www.instagram.com\/jornalalgarve7\/","https:\/\/www.linkedin.com\/company\/algarve7","https:\/\/www.pinterest.pt\/geral0939\/_created\/"]},{"@type":"Person","@id":"https:\/\/algarve7.pt\/#\/schema\/person\/23fa70681308e7b319a3204bcea45e0c","name":"Algarve 7","sameAs":["https:\/\/algarve7.pt","https:\/\/www.facebook.com\/algarve7"],"url":"https:\/\/algarve7.pt\/index.php\/author\/geralalgarve7-pt\/"}]}},"jetpack_publicize_connections":[],"jetpack_featured_media_url":"https:\/\/algarve7.pt\/wp-content\/uploads\/2021\/10\/infralobo_FINAL-01-1.jpg","jetpack_shortlink":"https:\/\/wp.me\/pcezmW-3cK","jetpack_sharing_enabled":true,"_links":{"self":[{"href":"https:\/\/algarve7.pt\/index.php\/wp-json\/wp\/v2\/posts\/12322","targetHints":{"allow":["GET"]}}],"collection":[{"href":"https:\/\/algarve7.pt\/index.php\/wp-json\/wp\/v2\/posts"}],"about":[{"href":"https:\/\/algarve7.pt\/index.php\/wp-json\/wp\/v2\/types\/post"}],"author":[{"embeddable":true,"href":"https:\/\/algarve7.pt\/index.php\/wp-json\/wp\/v2\/users\/1"}],"replies":[{"embeddable":true,"href":"https:\/\/algarve7.pt\/index.php\/wp-json\/wp\/v2\/comments?post=12322"}],"version-history":[{"count":0,"href":"https:\/\/algarve7.pt\/index.php\/wp-json\/wp\/v2\/posts\/12322\/revisions"}],"wp:featuredmedia":[{"embeddable":true,"href":"https:\/\/algarve7.pt\/index.php\/wp-json\/wp\/v2\/media\/12323"}],"wp:attachment":[{"href":"https:\/\/algarve7.pt\/index.php\/wp-json\/wp\/v2\/media?parent=12322"}],"wp:term":[{"taxonomy":"category","embeddable":true,"href":"https:\/\/algarve7.pt\/index.php\/wp-json\/wp\/v2\/categories?post=12322"},{"taxonomy":"post_tag","embeddable":true,"href":"https:\/\/algarve7.pt\/index.php\/wp-json\/wp\/v2\/tags?post=12322"}],"curies":[{"name":"wp","href":"https:\/\/api.w.org\/{rel}","templated":true}]}}