{"id":12319,"date":"2021-10-22T13:20:00","date_gmt":"2021-10-22T12:20:00","guid":{"rendered":"https:\/\/algarve7.pt\/?p=12319"},"modified":"2021-10-22T11:55:40","modified_gmt":"2021-10-22T10:55:40","slug":"mais-familia-nas-escolas-discute-se-em-sao-bras-de-alportel","status":"publish","type":"post","link":"https:\/\/algarve7.pt\/index.php\/2021\/10\/mais-familia-nas-escolas-discute-se-em-sao-bras-de-alportel\/educacao\/13\/20\/","title":{"rendered":"Mais fam\u00edlia nas escolas discute-se em S\u00e3o Br\u00e1s de Alportel"},"content":{"rendered":"\n<p>\u201cComo envolver mais as fam\u00edlias no processo educativo dos seus filhos?\u201d \u00e9 o tema do encontro marcado para este s\u00e1bado, dia 23, no Sal\u00e3o Nobre da C\u00e2mara Municipal de S\u00e3o Br\u00e1s de Alportel.<\/p>\n\n\n\n<p>Uma iniciativa promovida pela Associa\u00e7\u00e3o de Pais e Encarregados de Educa\u00e7\u00e3o do Agrupamento de Escolas Jos\u00e9 Belchior Viegas, em parceria com a Confedera\u00e7\u00e3o Nacional das Associa\u00e7\u00f5es de Pais (CONFAP) e o Munic\u00edpio de S\u00e3o Br\u00e1s de Alportel e que decorre entre as 15h00 e as 18h00, no Sal\u00e3o Nobre da C\u00e2mara Municipal.<\/p>\n\n\n\n<p>\u201cEscola P\u00f3s pandemia\u201d \u00e9 o tema que o presidente do Conselho Executivo da CONFAP, Jorge Ascens\u00e3o vai apresentar na primeira parte do encontro.<\/p>\n\n\n\n<p>O segundo momento vai contar com as interven\u00e7\u00f5es de Alberto Santos e Paulo Cardoso, membros do Conselho Executivo da CONFAP que v\u00e3o abordar a capacita\u00e7\u00e3o de pais e representantes de pais de turma.<\/p>\n\n\n\n<p>\u201cAcreditar numa escola como uma verdadeira comunidade educativa, em que a presen\u00e7a da fam\u00edlia na vida escolar dos seus educandos pode ser um dos preditores do seu sucesso educativo \u00e9 o princ\u00edpio base que norteia a a\u00e7\u00e3o das associa\u00e7\u00f5es de pais, que como suas legitimas representantes, dever\u00e3o ter como preocupa\u00e7\u00e3o principal ajudar os pais no acompanhamento da vida escolar dos seus educandos, no seu crescimento integral enquanto seres humanos, mas, tamb\u00e9m, na sua interven\u00e7\u00e3o na comunidade educativa de forma organizada.\u201d&nbsp;&nbsp;Marta Rodrigues, Presidente da Associa\u00e7\u00e3o de Pais e Encarregados de Educa\u00e7\u00e3o do Agrupamento de Escolas de S\u00e3o Br\u00e1s de Alportel sublinha que \u00e9 fundamental um trabalho em rede e para tal uma maior capacita\u00e7\u00e3o das associa\u00e7\u00f5es de pais, mas, tamb\u00e9m, dos pr\u00f3prios pais, raz\u00e3o que levou a associa\u00e7\u00e3o s\u00e3o-brasense a organizar este encontro que tem como prop\u00f3sito alcan\u00e7ar maior capacita\u00e7\u00e3o dos pais, contando com a presen\u00e7a da sua confedera\u00e7\u00e3o nacional &#8211; a CONFAP.<\/p>\n\n\n\n<p>O encontro conta ainda com o apoio da Junta de Freguesia, o Agrupamento de Escolas, bem como associa\u00e7\u00e3o Urban Xpression e Diogo Ramos.<\/p>\n\n\n\n<p>Trata-se de um evento de participa\u00e7\u00e3o gratuita mas de inscri\u00e7\u00e3o obrigat\u00f3ria, dada as limita\u00e7\u00f5es de espa\u00e7o, de inscri\u00e7\u00e3o obrigat\u00f3ria. &nbsp;<\/p>\n\n\n\n<p>Para efetivar a inscri\u00e7\u00e3o os interessados dever\u00e3o faz\u00ea-lo pelo link:<\/p>\n\n\n\n<p><a href=\"https:\/\/forms.gle\/KrbCRuQP77xUThqT7\" target=\"_blank\" rel=\"noreferrer noopener\">https:\/\/forms.gle\/KrbCRuQP77xUThqT7<\/a><\/p>\n","protected":false},"excerpt":{"rendered":"<p>\u201cComo envolver mais as fam\u00edlias no processo educativo dos seus filhos?\u201d \u00e9 o tema do encontro marcado para este s\u00e1bado,<\/p>\n","protected":false},"author":1,"featured_media":12320,"comment_status":"open","ping_status":"open","sticky":false,"template":"","format":"standard","meta":{"colormag_page_container_layout":"default_layout","colormag_page_sidebar_layout":"default_layout","_monsterinsights_skip_tracking":false,"_monsterinsights_sitenote_active":false,"_monsterinsights_sitenote_note":"","_monsterinsights_sitenote_category":0,"jetpack_post_was_ever_published":false,"_jetpack_newsletter_access":"","_jetpack_dont_email_post_to_subs":false,"_jetpack_newsletter_tier_id":0,"_jetpack_memberships_contains_paywalled_content":false,"_jetpack_memberships_contains_paid_content":false,"footnotes":"","jetpack_publicize_message":"","jetpack_publicize_feature_enabled":true,"jetpack_social_post_already_shared":true,"jetpack_social_options":{"image_generator_settings":{"template":"highway","default_image_id":0,"font":"","enabled":false},"version":2}},"categories":[93],"tags":[36,74,138,63],"class_list":["post-12319","post","type-post","status-publish","format-standard","has-post-thumbnail","hentry","category-educacao","tag-algarve","tag-educacao","tag-escola","tag-sao-bras-de-alportel"],"yoast_head":"<!-- This site is optimized with the Yoast SEO plugin v27.5 - https:\/\/yoast.com\/product\/yoast-seo-wordpress\/ -->\n<title>Mais fam\u00edlia nas escolas discute-se em S\u00e3o Br\u00e1s de Alportel - Algarve 7<\/title>\n<meta name=\"description\" content=\"Mais fam\u00edlia nas escolas discute-se em S\u00e3o Br\u00e1s de Alportel Educa\u00e7\u00e3o\" \/>\n<meta name=\"robots\" content=\"index, follow, max-snippet:-1, max-image-preview:large, max-video-preview:-1\" \/>\n<link rel=\"canonical\" href=\"https:\/\/algarve7.pt\/index.php\/2021\/10\/mais-familia-nas-escolas-discute-se-em-sao-bras-de-alportel\/educacao\/13\/20\/\" \/>\n<meta property=\"og:locale\" content=\"pt_PT\" \/>\n<meta property=\"og:type\" content=\"article\" \/>\n<meta property=\"og:title\" content=\"Mais fam\u00edlia nas escolas discute-se em S\u00e3o Br\u00e1s de Alportel - Algarve 7\" \/>\n<meta property=\"og:description\" content=\"Mais fam\u00edlia nas escolas discute-se em S\u00e3o Br\u00e1s de Alportel Educa\u00e7\u00e3o\" \/>\n<meta property=\"og:url\" content=\"https:\/\/algarve7.pt\/index.php\/2021\/10\/mais-familia-nas-escolas-discute-se-em-sao-bras-de-alportel\/educacao\/13\/20\/\" \/>\n<meta property=\"og:site_name\" content=\"Algarve 7\" \/>\n<meta property=\"article:publisher\" content=\"https:\/\/www.facebook.com\/algarve7\" \/>\n<meta property=\"article:author\" content=\"https:\/\/www.facebook.com\/algarve7\" \/>\n<meta property=\"article:published_time\" content=\"2021-10-22T12:20:00+00:00\" \/>\n<meta property=\"og:image\" content=\"https:\/\/algarve7.pt\/wp-content\/uploads\/2021\/10\/mAIS_FAMILIA_NA_ESCOLA_instagram.jpg\" \/>\n\t<meta property=\"og:image:width\" content=\"1081\" \/>\n\t<meta property=\"og:image:height\" content=\"1080\" \/>\n\t<meta property=\"og:image:type\" content=\"image\/jpeg\" \/>\n<meta name=\"author\" content=\"Algarve 7\" \/>\n<meta name=\"twitter:card\" content=\"summary_large_image\" \/>\n<meta name=\"twitter:creator\" content=\"@Algarvesete\" \/>\n<meta name=\"twitter:site\" content=\"@Algarvesete\" \/>\n<meta name=\"twitter:label1\" content=\"Escrito por\" \/>\n\t<meta name=\"twitter:data1\" content=\"Algarve 7\" \/>\n\t<meta name=\"twitter:label2\" content=\"Tempo estimado de leitura\" \/>\n\t<meta name=\"twitter:data2\" content=\"2 minutos\" \/>\n<script type=\"application\/ld+json\" class=\"yoast-schema-graph\">{\"@context\":\"https:\\\/\\\/schema.org\",\"@graph\":[{\"@type\":\"Article\",\"@id\":\"https:\\\/\\\/algarve7.pt\\\/index.php\\\/2021\\\/10\\\/mais-familia-nas-escolas-discute-se-em-sao-bras-de-alportel\\\/educacao\\\/13\\\/20\\\/#article\",\"isPartOf\":{\"@id\":\"https:\\\/\\\/algarve7.pt\\\/index.php\\\/2021\\\/10\\\/mais-familia-nas-escolas-discute-se-em-sao-bras-de-alportel\\\/educacao\\\/13\\\/20\\\/\"},\"author\":{\"name\":\"Algarve 7\",\"@id\":\"https:\\\/\\\/algarve7.pt\\\/#\\\/schema\\\/person\\\/23fa70681308e7b319a3204bcea45e0c\"},\"headline\":\"Mais fam\u00edlia nas escolas discute-se em S\u00e3o Br\u00e1s de Alportel\",\"datePublished\":\"2021-10-22T12:20:00+00:00\",\"mainEntityOfPage\":{\"@id\":\"https:\\\/\\\/algarve7.pt\\\/index.php\\\/2021\\\/10\\\/mais-familia-nas-escolas-discute-se-em-sao-bras-de-alportel\\\/educacao\\\/13\\\/20\\\/\"},\"wordCount\":418,\"commentCount\":0,\"publisher\":{\"@id\":\"https:\\\/\\\/algarve7.pt\\\/#organization\"},\"image\":{\"@id\":\"https:\\\/\\\/algarve7.pt\\\/index.php\\\/2021\\\/10\\\/mais-familia-nas-escolas-discute-se-em-sao-bras-de-alportel\\\/educacao\\\/13\\\/20\\\/#primaryimage\"},\"thumbnailUrl\":\"https:\\\/\\\/algarve7.pt\\\/wp-content\\\/uploads\\\/2021\\\/10\\\/mAIS_FAMILIA_NA_ESCOLA_instagram.jpg\",\"keywords\":[\"Algarve\",\"Educa\u00e7\u00e3o\",\"Escola\",\"S\u00e3o Br\u00e1s de Alportel\"],\"articleSection\":[\"Educa\u00e7\u00e3o\"],\"inLanguage\":\"pt-PT\",\"potentialAction\":[{\"@type\":\"CommentAction\",\"name\":\"Comment\",\"target\":[\"https:\\\/\\\/algarve7.pt\\\/index.php\\\/2021\\\/10\\\/mais-familia-nas-escolas-discute-se-em-sao-bras-de-alportel\\\/educacao\\\/13\\\/20\\\/#respond\"]}]},{\"@type\":\"WebPage\",\"@id\":\"https:\\\/\\\/algarve7.pt\\\/index.php\\\/2021\\\/10\\\/mais-familia-nas-escolas-discute-se-em-sao-bras-de-alportel\\\/educacao\\\/13\\\/20\\\/\",\"url\":\"https:\\\/\\\/algarve7.pt\\\/index.php\\\/2021\\\/10\\\/mais-familia-nas-escolas-discute-se-em-sao-bras-de-alportel\\\/educacao\\\/13\\\/20\\\/\",\"name\":\"Mais fam\u00edlia nas escolas discute-se em S\u00e3o Br\u00e1s de Alportel - Algarve 7\",\"isPartOf\":{\"@id\":\"https:\\\/\\\/algarve7.pt\\\/#website\"},\"primaryImageOfPage\":{\"@id\":\"https:\\\/\\\/algarve7.pt\\\/index.php\\\/2021\\\/10\\\/mais-familia-nas-escolas-discute-se-em-sao-bras-de-alportel\\\/educacao\\\/13\\\/20\\\/#primaryimage\"},\"image\":{\"@id\":\"https:\\\/\\\/algarve7.pt\\\/index.php\\\/2021\\\/10\\\/mais-familia-nas-escolas-discute-se-em-sao-bras-de-alportel\\\/educacao\\\/13\\\/20\\\/#primaryimage\"},\"thumbnailUrl\":\"https:\\\/\\\/algarve7.pt\\\/wp-content\\\/uploads\\\/2021\\\/10\\\/mAIS_FAMILIA_NA_ESCOLA_instagram.jpg\",\"datePublished\":\"2021-10-22T12:20:00+00:00\",\"description\":\"Mais fam\u00edlia nas escolas discute-se em S\u00e3o Br\u00e1s de Alportel Educa\u00e7\u00e3o\",\"breadcrumb\":{\"@id\":\"https:\\\/\\\/algarve7.pt\\\/index.php\\\/2021\\\/10\\\/mais-familia-nas-escolas-discute-se-em-sao-bras-de-alportel\\\/educacao\\\/13\\\/20\\\/#breadcrumb\"},\"inLanguage\":\"pt-PT\",\"potentialAction\":[{\"@type\":\"ReadAction\",\"target\":[\"https:\\\/\\\/algarve7.pt\\\/index.php\\\/2021\\\/10\\\/mais-familia-nas-escolas-discute-se-em-sao-bras-de-alportel\\\/educacao\\\/13\\\/20\\\/\"]}]},{\"@type\":\"ImageObject\",\"inLanguage\":\"pt-PT\",\"@id\":\"https:\\\/\\\/algarve7.pt\\\/index.php\\\/2021\\\/10\\\/mais-familia-nas-escolas-discute-se-em-sao-bras-de-alportel\\\/educacao\\\/13\\\/20\\\/#primaryimage\",\"url\":\"https:\\\/\\\/algarve7.pt\\\/wp-content\\\/uploads\\\/2021\\\/10\\\/mAIS_FAMILIA_NA_ESCOLA_instagram.jpg\",\"contentUrl\":\"https:\\\/\\\/algarve7.pt\\\/wp-content\\\/uploads\\\/2021\\\/10\\\/mAIS_FAMILIA_NA_ESCOLA_instagram.jpg\",\"width\":1081,\"height\":1080},{\"@type\":\"BreadcrumbList\",\"@id\":\"https:\\\/\\\/algarve7.pt\\\/index.php\\\/2021\\\/10\\\/mais-familia-nas-escolas-discute-se-em-sao-bras-de-alportel\\\/educacao\\\/13\\\/20\\\/#breadcrumb\",\"itemListElement\":[{\"@type\":\"ListItem\",\"position\":1,\"name\":\"In\u00edcio\",\"item\":\"https:\\\/\\\/algarve7.pt\\\/\"},{\"@type\":\"ListItem\",\"position\":2,\"name\":\"Mais fam\u00edlia nas escolas discute-se em S\u00e3o Br\u00e1s de Alportel\"}]},{\"@type\":\"WebSite\",\"@id\":\"https:\\\/\\\/algarve7.pt\\\/#website\",\"url\":\"https:\\\/\\\/algarve7.pt\\\/\",\"name\":\"Algarve 7\",\"description\":\"Informa\u00e7\u00e3o sobre o Algarve\",\"publisher\":{\"@id\":\"https:\\\/\\\/algarve7.pt\\\/#organization\"},\"potentialAction\":[{\"@type\":\"SearchAction\",\"target\":{\"@type\":\"EntryPoint\",\"urlTemplate\":\"https:\\\/\\\/algarve7.pt\\\/?s={search_term_string}\"},\"query-input\":{\"@type\":\"PropertyValueSpecification\",\"valueRequired\":true,\"valueName\":\"search_term_string\"}}],\"inLanguage\":\"pt-PT\"},{\"@type\":\"Organization\",\"@id\":\"https:\\\/\\\/algarve7.pt\\\/#organization\",\"name\":\"Algarve 7\",\"url\":\"https:\\\/\\\/algarve7.pt\\\/\",\"logo\":{\"@type\":\"ImageObject\",\"inLanguage\":\"pt-PT\",\"@id\":\"https:\\\/\\\/algarve7.pt\\\/#\\\/schema\\\/logo\\\/image\\\/\",\"url\":\"https:\\\/\\\/algarve7.pt\\\/wp-content\\\/uploads\\\/2020\\\/10\\\/Logo-8.jpg\",\"contentUrl\":\"https:\\\/\\\/algarve7.pt\\\/wp-content\\\/uploads\\\/2020\\\/10\\\/Logo-8.jpg\",\"width\":1680,\"height\":1186,\"caption\":\"Algarve 7\"},\"image\":{\"@id\":\"https:\\\/\\\/algarve7.pt\\\/#\\\/schema\\\/logo\\\/image\\\/\"},\"sameAs\":[\"https:\\\/\\\/www.facebook.com\\\/algarve7\",\"https:\\\/\\\/x.com\\\/Algarvesete\",\"https:\\\/\\\/www.instagram.com\\\/jornalalgarve7\\\/\",\"https:\\\/\\\/www.linkedin.com\\\/company\\\/algarve7\",\"https:\\\/\\\/www.pinterest.pt\\\/geral0939\\\/_created\\\/\"]},{\"@type\":\"Person\",\"@id\":\"https:\\\/\\\/algarve7.pt\\\/#\\\/schema\\\/person\\\/23fa70681308e7b319a3204bcea45e0c\",\"name\":\"Algarve 7\",\"sameAs\":[\"https:\\\/\\\/algarve7.pt\",\"https:\\\/\\\/www.facebook.com\\\/algarve7\"],\"url\":\"https:\\\/\\\/algarve7.pt\\\/index.php\\\/author\\\/geralalgarve7-pt\\\/\"}]}<\/script>\n<!-- \/ Yoast SEO plugin. -->","yoast_head_json":{"title":"Mais fam\u00edlia nas escolas discute-se em S\u00e3o Br\u00e1s de Alportel - Algarve 7","description":"Mais fam\u00edlia nas escolas discute-se em S\u00e3o Br\u00e1s de Alportel Educa\u00e7\u00e3o","robots":{"index":"index","follow":"follow","max-snippet":"max-snippet:-1","max-image-preview":"max-image-preview:large","max-video-preview":"max-video-preview:-1"},"canonical":"https:\/\/algarve7.pt\/index.php\/2021\/10\/mais-familia-nas-escolas-discute-se-em-sao-bras-de-alportel\/educacao\/13\/20\/","og_locale":"pt_PT","og_type":"article","og_title":"Mais fam\u00edlia nas escolas discute-se em S\u00e3o Br\u00e1s de Alportel - Algarve 7","og_description":"Mais fam\u00edlia nas escolas discute-se em S\u00e3o Br\u00e1s de Alportel Educa\u00e7\u00e3o","og_url":"https:\/\/algarve7.pt\/index.php\/2021\/10\/mais-familia-nas-escolas-discute-se-em-sao-bras-de-alportel\/educacao\/13\/20\/","og_site_name":"Algarve 7","article_publisher":"https:\/\/www.facebook.com\/algarve7","article_author":"https:\/\/www.facebook.com\/algarve7","article_published_time":"2021-10-22T12:20:00+00:00","og_image":[{"width":1081,"height":1080,"url":"https:\/\/algarve7.pt\/wp-content\/uploads\/2021\/10\/mAIS_FAMILIA_NA_ESCOLA_instagram.jpg","type":"image\/jpeg"}],"author":"Algarve 7","twitter_card":"summary_large_image","twitter_creator":"@Algarvesete","twitter_site":"@Algarvesete","twitter_misc":{"Escrito por":"Algarve 7","Tempo estimado de leitura":"2 minutos"},"schema":{"@context":"https:\/\/schema.org","@graph":[{"@type":"Article","@id":"https:\/\/algarve7.pt\/index.php\/2021\/10\/mais-familia-nas-escolas-discute-se-em-sao-bras-de-alportel\/educacao\/13\/20\/#article","isPartOf":{"@id":"https:\/\/algarve7.pt\/index.php\/2021\/10\/mais-familia-nas-escolas-discute-se-em-sao-bras-de-alportel\/educacao\/13\/20\/"},"author":{"name":"Algarve 7","@id":"https:\/\/algarve7.pt\/#\/schema\/person\/23fa70681308e7b319a3204bcea45e0c"},"headline":"Mais fam\u00edlia nas escolas discute-se em S\u00e3o Br\u00e1s de Alportel","datePublished":"2021-10-22T12:20:00+00:00","mainEntityOfPage":{"@id":"https:\/\/algarve7.pt\/index.php\/2021\/10\/mais-familia-nas-escolas-discute-se-em-sao-bras-de-alportel\/educacao\/13\/20\/"},"wordCount":418,"commentCount":0,"publisher":{"@id":"https:\/\/algarve7.pt\/#organization"},"image":{"@id":"https:\/\/algarve7.pt\/index.php\/2021\/10\/mais-familia-nas-escolas-discute-se-em-sao-bras-de-alportel\/educacao\/13\/20\/#primaryimage"},"thumbnailUrl":"https:\/\/algarve7.pt\/wp-content\/uploads\/2021\/10\/mAIS_FAMILIA_NA_ESCOLA_instagram.jpg","keywords":["Algarve","Educa\u00e7\u00e3o","Escola","S\u00e3o Br\u00e1s de Alportel"],"articleSection":["Educa\u00e7\u00e3o"],"inLanguage":"pt-PT","potentialAction":[{"@type":"CommentAction","name":"Comment","target":["https:\/\/algarve7.pt\/index.php\/2021\/10\/mais-familia-nas-escolas-discute-se-em-sao-bras-de-alportel\/educacao\/13\/20\/#respond"]}]},{"@type":"WebPage","@id":"https:\/\/algarve7.pt\/index.php\/2021\/10\/mais-familia-nas-escolas-discute-se-em-sao-bras-de-alportel\/educacao\/13\/20\/","url":"https:\/\/algarve7.pt\/index.php\/2021\/10\/mais-familia-nas-escolas-discute-se-em-sao-bras-de-alportel\/educacao\/13\/20\/","name":"Mais fam\u00edlia nas escolas discute-se em S\u00e3o Br\u00e1s de Alportel - Algarve 7","isPartOf":{"@id":"https:\/\/algarve7.pt\/#website"},"primaryImageOfPage":{"@id":"https:\/\/algarve7.pt\/index.php\/2021\/10\/mais-familia-nas-escolas-discute-se-em-sao-bras-de-alportel\/educacao\/13\/20\/#primaryimage"},"image":{"@id":"https:\/\/algarve7.pt\/index.php\/2021\/10\/mais-familia-nas-escolas-discute-se-em-sao-bras-de-alportel\/educacao\/13\/20\/#primaryimage"},"thumbnailUrl":"https:\/\/algarve7.pt\/wp-content\/uploads\/2021\/10\/mAIS_FAMILIA_NA_ESCOLA_instagram.jpg","datePublished":"2021-10-22T12:20:00+00:00","description":"Mais fam\u00edlia nas escolas discute-se em S\u00e3o Br\u00e1s de Alportel Educa\u00e7\u00e3o","breadcrumb":{"@id":"https:\/\/algarve7.pt\/index.php\/2021\/10\/mais-familia-nas-escolas-discute-se-em-sao-bras-de-alportel\/educacao\/13\/20\/#breadcrumb"},"inLanguage":"pt-PT","potentialAction":[{"@type":"ReadAction","target":["https:\/\/algarve7.pt\/index.php\/2021\/10\/mais-familia-nas-escolas-discute-se-em-sao-bras-de-alportel\/educacao\/13\/20\/"]}]},{"@type":"ImageObject","inLanguage":"pt-PT","@id":"https:\/\/algarve7.pt\/index.php\/2021\/10\/mais-familia-nas-escolas-discute-se-em-sao-bras-de-alportel\/educacao\/13\/20\/#primaryimage","url":"https:\/\/algarve7.pt\/wp-content\/uploads\/2021\/10\/mAIS_FAMILIA_NA_ESCOLA_instagram.jpg","contentUrl":"https:\/\/algarve7.pt\/wp-content\/uploads\/2021\/10\/mAIS_FAMILIA_NA_ESCOLA_instagram.jpg","width":1081,"height":1080},{"@type":"BreadcrumbList","@id":"https:\/\/algarve7.pt\/index.php\/2021\/10\/mais-familia-nas-escolas-discute-se-em-sao-bras-de-alportel\/educacao\/13\/20\/#breadcrumb","itemListElement":[{"@type":"ListItem","position":1,"name":"In\u00edcio","item":"https:\/\/algarve7.pt\/"},{"@type":"ListItem","position":2,"name":"Mais fam\u00edlia nas escolas discute-se em S\u00e3o Br\u00e1s de Alportel"}]},{"@type":"WebSite","@id":"https:\/\/algarve7.pt\/#website","url":"https:\/\/algarve7.pt\/","name":"Algarve 7","description":"Informa\u00e7\u00e3o sobre o Algarve","publisher":{"@id":"https:\/\/algarve7.pt\/#organization"},"potentialAction":[{"@type":"SearchAction","target":{"@type":"EntryPoint","urlTemplate":"https:\/\/algarve7.pt\/?s={search_term_string}"},"query-input":{"@type":"PropertyValueSpecification","valueRequired":true,"valueName":"search_term_string"}}],"inLanguage":"pt-PT"},{"@type":"Organization","@id":"https:\/\/algarve7.pt\/#organization","name":"Algarve 7","url":"https:\/\/algarve7.pt\/","logo":{"@type":"ImageObject","inLanguage":"pt-PT","@id":"https:\/\/algarve7.pt\/#\/schema\/logo\/image\/","url":"https:\/\/algarve7.pt\/wp-content\/uploads\/2020\/10\/Logo-8.jpg","contentUrl":"https:\/\/algarve7.pt\/wp-content\/uploads\/2020\/10\/Logo-8.jpg","width":1680,"height":1186,"caption":"Algarve 7"},"image":{"@id":"https:\/\/algarve7.pt\/#\/schema\/logo\/image\/"},"sameAs":["https:\/\/www.facebook.com\/algarve7","https:\/\/x.com\/Algarvesete","https:\/\/www.instagram.com\/jornalalgarve7\/","https:\/\/www.linkedin.com\/company\/algarve7","https:\/\/www.pinterest.pt\/geral0939\/_created\/"]},{"@type":"Person","@id":"https:\/\/algarve7.pt\/#\/schema\/person\/23fa70681308e7b319a3204bcea45e0c","name":"Algarve 7","sameAs":["https:\/\/algarve7.pt","https:\/\/www.facebook.com\/algarve7"],"url":"https:\/\/algarve7.pt\/index.php\/author\/geralalgarve7-pt\/"}]}},"jetpack_publicize_connections":[],"jetpack_featured_media_url":"https:\/\/algarve7.pt\/wp-content\/uploads\/2021\/10\/mAIS_FAMILIA_NA_ESCOLA_instagram.jpg","jetpack_shortlink":"https:\/\/wp.me\/pcezmW-3cH","jetpack_sharing_enabled":true,"_links":{"self":[{"href":"https:\/\/algarve7.pt\/index.php\/wp-json\/wp\/v2\/posts\/12319","targetHints":{"allow":["GET"]}}],"collection":[{"href":"https:\/\/algarve7.pt\/index.php\/wp-json\/wp\/v2\/posts"}],"about":[{"href":"https:\/\/algarve7.pt\/index.php\/wp-json\/wp\/v2\/types\/post"}],"author":[{"embeddable":true,"href":"https:\/\/algarve7.pt\/index.php\/wp-json\/wp\/v2\/users\/1"}],"replies":[{"embeddable":true,"href":"https:\/\/algarve7.pt\/index.php\/wp-json\/wp\/v2\/comments?post=12319"}],"version-history":[{"count":0,"href":"https:\/\/algarve7.pt\/index.php\/wp-json\/wp\/v2\/posts\/12319\/revisions"}],"wp:featuredmedia":[{"embeddable":true,"href":"https:\/\/algarve7.pt\/index.php\/wp-json\/wp\/v2\/media\/12320"}],"wp:attachment":[{"href":"https:\/\/algarve7.pt\/index.php\/wp-json\/wp\/v2\/media?parent=12319"}],"wp:term":[{"taxonomy":"category","embeddable":true,"href":"https:\/\/algarve7.pt\/index.php\/wp-json\/wp\/v2\/categories?post=12319"},{"taxonomy":"post_tag","embeddable":true,"href":"https:\/\/algarve7.pt\/index.php\/wp-json\/wp\/v2\/tags?post=12319"}],"curies":[{"name":"wp","href":"https:\/\/api.w.org\/{rel}","templated":true}]}}