{"id":12316,"date":"2021-10-22T11:42:07","date_gmt":"2021-10-22T10:42:07","guid":{"rendered":"https:\/\/algarve7.pt\/?p=12316"},"modified":"2021-10-22T11:42:09","modified_gmt":"2021-10-22T10:42:09","slug":"camara-municipal-de-aljezur-lanca-varias-empreitadas-de-melhoramento-em-estradas-e-arruamentos-municipais","status":"publish","type":"post","link":"https:\/\/algarve7.pt\/index.php\/2021\/10\/camara-municipal-de-aljezur-lanca-varias-empreitadas-de-melhoramento-em-estradas-e-arruamentos-municipais\/atualidade\/11\/42\/","title":{"rendered":"C\u00e2mara municipal de Aljezur lan\u00e7a v\u00e1rias empreitadas de melhoramento em estradas e arruamentos municipais"},"content":{"rendered":"\n<p>Foram iniciadas as interven\u00e7\u00f5es nas redes vi\u00e1rias, em v\u00e1rios pontos do Concelho. Na Bordeira, na Rua Dom \u00c1lvaro Afonso, melhorando a entrada daquela localidade, a sua repavimenta\u00e7\u00e3o assim como o estacionamento, com bet\u00e3o betuminoso, num valor de cerca de 43.000\u20ac. A empreitada da Estrada do Carrascalinho entre a Igreja Nova e Po\u00e7\u00f5es, num valor de 150.000\u20ac, cuja interven\u00e7\u00e3o visa a repara\u00e7\u00e3o dos&nbsp;tro\u00e7os em pior estado de conserva\u00e7\u00e3o, com a aplica\u00e7\u00e3o de bet\u00e3o betuminoso, ainda a instala\u00e7\u00e3o lombas redutoras de velocidade e passadeiras para pe\u00f5es e respetiva sinaliza\u00e7\u00e3o, na localidade. A terceira interven\u00e7\u00e3o, trata-se da empreitada na Variante 19 de Abril em Odeceixe e ao longo da estrada para a Praia de Odeceixe, nos tro\u00e7os em mau estado de conserva\u00e7\u00e3o, assim como o melhoramento da&nbsp;sinaliza\u00e7\u00e3o, num investimento de cerca de 150.000\u20ac. A quarta empreitada, trata-se da beneficia\u00e7\u00e3o da&nbsp;Rua Direita na Carrapateira, num valor de cerca de 30.000\u20ac, tratando-se de uma rua que sofreu substitui\u00e7\u00e3o de infraestruturas, e que sofrer\u00e1 melhoramentos no pavimento. Estas interven\u00e7\u00f5es ser\u00e3o realizadas num prazo de 90 dias.<\/p>\n\n\n\n<p>As referidas obras, num valor global de cerca de meio milh\u00e3o de euros, v\u00e3o no seguimento de uma s\u00e9rie de investimentos que passar\u00e3o a ser realizados, no \u00e2mbito da rede vi\u00e1ria municipal, no melhoramento de v\u00e1rios tro\u00e7os de vias e estradas, proporcionando assim melhores condi\u00e7\u00f5es de circula\u00e7\u00e3o e mais seguran\u00e7a.<\/p>\n","protected":false},"excerpt":{"rendered":"<p>Foram iniciadas as interven\u00e7\u00f5es nas redes vi\u00e1rias, em v\u00e1rios pontos do Concelho. Na Bordeira, na Rua Dom \u00c1lvaro Afonso, melhorando<\/p>\n","protected":false},"author":1,"featured_media":12317,"comment_status":"open","ping_status":"open","sticky":false,"template":"","format":"standard","meta":{"colormag_page_container_layout":"default_layout","colormag_page_sidebar_layout":"default_layout","_monsterinsights_skip_tracking":false,"_monsterinsights_sitenote_active":false,"_monsterinsights_sitenote_note":"","_monsterinsights_sitenote_category":0,"jetpack_post_was_ever_published":false,"_jetpack_newsletter_access":"","_jetpack_dont_email_post_to_subs":false,"_jetpack_newsletter_tier_id":0,"_jetpack_memberships_contains_paywalled_content":false,"_jetpack_memberships_contains_paid_content":false,"footnotes":"","jetpack_publicize_message":"","jetpack_publicize_feature_enabled":true,"jetpack_social_post_already_shared":true,"jetpack_social_options":{"image_generator_settings":{"template":"highway","default_image_id":0,"font":"","enabled":false},"version":2}},"categories":[11],"tags":[36,73,62,99],"class_list":["post-12316","post","type-post","status-publish","format-standard","has-post-thumbnail","hentry","category-atualidade","tag-algarve","tag-aljezur","tag-atualidade","tag-obra"],"yoast_head":"<!-- This site is optimized with the Yoast SEO plugin v27.5 - https:\/\/yoast.com\/product\/yoast-seo-wordpress\/ -->\n<title>C\u00e2mara municipal de Aljezur lan\u00e7a v\u00e1rias empreitadas de melhoramento em estradas e arruamentos municipais - Algarve 7<\/title>\n<meta name=\"description\" content=\"C\u00e2mara municipal de Aljezur lan\u00e7a v\u00e1rias empreitadas de melhoramento em estradas e arruamentos municipais Atualidade\" \/>\n<meta name=\"robots\" content=\"index, follow, max-snippet:-1, max-image-preview:large, max-video-preview:-1\" \/>\n<link rel=\"canonical\" href=\"https:\/\/algarve7.pt\/index.php\/2021\/10\/camara-municipal-de-aljezur-lanca-varias-empreitadas-de-melhoramento-em-estradas-e-arruamentos-municipais\/atualidade\/11\/42\/\" \/>\n<meta property=\"og:locale\" content=\"pt_PT\" \/>\n<meta property=\"og:type\" content=\"article\" \/>\n<meta property=\"og:title\" content=\"C\u00e2mara municipal de Aljezur lan\u00e7a v\u00e1rias empreitadas de melhoramento em estradas e arruamentos municipais - Algarve 7\" \/>\n<meta property=\"og:description\" content=\"C\u00e2mara municipal de Aljezur lan\u00e7a v\u00e1rias empreitadas de melhoramento em estradas e arruamentos municipais Atualidade\" \/>\n<meta property=\"og:url\" content=\"https:\/\/algarve7.pt\/index.php\/2021\/10\/camara-municipal-de-aljezur-lanca-varias-empreitadas-de-melhoramento-em-estradas-e-arruamentos-municipais\/atualidade\/11\/42\/\" \/>\n<meta property=\"og:site_name\" content=\"Algarve 7\" \/>\n<meta property=\"article:publisher\" content=\"https:\/\/www.facebook.com\/algarve7\" \/>\n<meta property=\"article:author\" content=\"https:\/\/www.facebook.com\/algarve7\" \/>\n<meta property=\"article:published_time\" content=\"2021-10-22T10:42:07+00:00\" \/>\n<meta property=\"article:modified_time\" content=\"2021-10-22T10:42:09+00:00\" \/>\n<meta property=\"og:image\" content=\"https:\/\/algarve7.pt\/wp-content\/uploads\/2021\/10\/M_Aljezur_Rep_Estradas-7.jpg\" \/>\n\t<meta property=\"og:image:width\" content=\"700\" \/>\n\t<meta property=\"og:image:height\" content=\"450\" \/>\n\t<meta property=\"og:image:type\" content=\"image\/jpeg\" \/>\n<meta name=\"author\" content=\"Algarve 7\" \/>\n<meta name=\"twitter:card\" content=\"summary_large_image\" \/>\n<meta name=\"twitter:creator\" content=\"@Algarvesete\" \/>\n<meta name=\"twitter:site\" content=\"@Algarvesete\" \/>\n<meta name=\"twitter:label1\" content=\"Escrito por\" \/>\n\t<meta name=\"twitter:data1\" content=\"Algarve 7\" \/>\n\t<meta name=\"twitter:label2\" content=\"Tempo estimado de leitura\" \/>\n\t<meta name=\"twitter:data2\" content=\"1 minuto\" \/>\n<script type=\"application\/ld+json\" class=\"yoast-schema-graph\">{\"@context\":\"https:\\\/\\\/schema.org\",\"@graph\":[{\"@type\":\"Article\",\"@id\":\"https:\\\/\\\/algarve7.pt\\\/index.php\\\/2021\\\/10\\\/camara-municipal-de-aljezur-lanca-varias-empreitadas-de-melhoramento-em-estradas-e-arruamentos-municipais\\\/atualidade\\\/11\\\/42\\\/#article\",\"isPartOf\":{\"@id\":\"https:\\\/\\\/algarve7.pt\\\/index.php\\\/2021\\\/10\\\/camara-municipal-de-aljezur-lanca-varias-empreitadas-de-melhoramento-em-estradas-e-arruamentos-municipais\\\/atualidade\\\/11\\\/42\\\/\"},\"author\":{\"name\":\"Algarve 7\",\"@id\":\"https:\\\/\\\/algarve7.pt\\\/#\\\/schema\\\/person\\\/23fa70681308e7b319a3204bcea45e0c\"},\"headline\":\"C\u00e2mara municipal de Aljezur lan\u00e7a v\u00e1rias empreitadas de melhoramento em estradas e arruamentos municipais\",\"datePublished\":\"2021-10-22T10:42:07+00:00\",\"dateModified\":\"2021-10-22T10:42:09+00:00\",\"mainEntityOfPage\":{\"@id\":\"https:\\\/\\\/algarve7.pt\\\/index.php\\\/2021\\\/10\\\/camara-municipal-de-aljezur-lanca-varias-empreitadas-de-melhoramento-em-estradas-e-arruamentos-municipais\\\/atualidade\\\/11\\\/42\\\/\"},\"wordCount\":270,\"commentCount\":0,\"publisher\":{\"@id\":\"https:\\\/\\\/algarve7.pt\\\/#organization\"},\"image\":{\"@id\":\"https:\\\/\\\/algarve7.pt\\\/index.php\\\/2021\\\/10\\\/camara-municipal-de-aljezur-lanca-varias-empreitadas-de-melhoramento-em-estradas-e-arruamentos-municipais\\\/atualidade\\\/11\\\/42\\\/#primaryimage\"},\"thumbnailUrl\":\"https:\\\/\\\/algarve7.pt\\\/wp-content\\\/uploads\\\/2021\\\/10\\\/M_Aljezur_Rep_Estradas-7.jpg\",\"keywords\":[\"Algarve\",\"Aljezur\",\"Atualidade\",\"Obra\"],\"articleSection\":[\"Atualidade\"],\"inLanguage\":\"pt-PT\",\"potentialAction\":[{\"@type\":\"CommentAction\",\"name\":\"Comment\",\"target\":[\"https:\\\/\\\/algarve7.pt\\\/index.php\\\/2021\\\/10\\\/camara-municipal-de-aljezur-lanca-varias-empreitadas-de-melhoramento-em-estradas-e-arruamentos-municipais\\\/atualidade\\\/11\\\/42\\\/#respond\"]}]},{\"@type\":\"WebPage\",\"@id\":\"https:\\\/\\\/algarve7.pt\\\/index.php\\\/2021\\\/10\\\/camara-municipal-de-aljezur-lanca-varias-empreitadas-de-melhoramento-em-estradas-e-arruamentos-municipais\\\/atualidade\\\/11\\\/42\\\/\",\"url\":\"https:\\\/\\\/algarve7.pt\\\/index.php\\\/2021\\\/10\\\/camara-municipal-de-aljezur-lanca-varias-empreitadas-de-melhoramento-em-estradas-e-arruamentos-municipais\\\/atualidade\\\/11\\\/42\\\/\",\"name\":\"C\u00e2mara municipal de Aljezur lan\u00e7a v\u00e1rias empreitadas de melhoramento em estradas e arruamentos municipais - Algarve 7\",\"isPartOf\":{\"@id\":\"https:\\\/\\\/algarve7.pt\\\/#website\"},\"primaryImageOfPage\":{\"@id\":\"https:\\\/\\\/algarve7.pt\\\/index.php\\\/2021\\\/10\\\/camara-municipal-de-aljezur-lanca-varias-empreitadas-de-melhoramento-em-estradas-e-arruamentos-municipais\\\/atualidade\\\/11\\\/42\\\/#primaryimage\"},\"image\":{\"@id\":\"https:\\\/\\\/algarve7.pt\\\/index.php\\\/2021\\\/10\\\/camara-municipal-de-aljezur-lanca-varias-empreitadas-de-melhoramento-em-estradas-e-arruamentos-municipais\\\/atualidade\\\/11\\\/42\\\/#primaryimage\"},\"thumbnailUrl\":\"https:\\\/\\\/algarve7.pt\\\/wp-content\\\/uploads\\\/2021\\\/10\\\/M_Aljezur_Rep_Estradas-7.jpg\",\"datePublished\":\"2021-10-22T10:42:07+00:00\",\"dateModified\":\"2021-10-22T10:42:09+00:00\",\"description\":\"C\u00e2mara municipal de Aljezur lan\u00e7a v\u00e1rias empreitadas de melhoramento em estradas e arruamentos municipais Atualidade\",\"breadcrumb\":{\"@id\":\"https:\\\/\\\/algarve7.pt\\\/index.php\\\/2021\\\/10\\\/camara-municipal-de-aljezur-lanca-varias-empreitadas-de-melhoramento-em-estradas-e-arruamentos-municipais\\\/atualidade\\\/11\\\/42\\\/#breadcrumb\"},\"inLanguage\":\"pt-PT\",\"potentialAction\":[{\"@type\":\"ReadAction\",\"target\":[\"https:\\\/\\\/algarve7.pt\\\/index.php\\\/2021\\\/10\\\/camara-municipal-de-aljezur-lanca-varias-empreitadas-de-melhoramento-em-estradas-e-arruamentos-municipais\\\/atualidade\\\/11\\\/42\\\/\"]}]},{\"@type\":\"ImageObject\",\"inLanguage\":\"pt-PT\",\"@id\":\"https:\\\/\\\/algarve7.pt\\\/index.php\\\/2021\\\/10\\\/camara-municipal-de-aljezur-lanca-varias-empreitadas-de-melhoramento-em-estradas-e-arruamentos-municipais\\\/atualidade\\\/11\\\/42\\\/#primaryimage\",\"url\":\"https:\\\/\\\/algarve7.pt\\\/wp-content\\\/uploads\\\/2021\\\/10\\\/M_Aljezur_Rep_Estradas-7.jpg\",\"contentUrl\":\"https:\\\/\\\/algarve7.pt\\\/wp-content\\\/uploads\\\/2021\\\/10\\\/M_Aljezur_Rep_Estradas-7.jpg\",\"width\":700,\"height\":450},{\"@type\":\"BreadcrumbList\",\"@id\":\"https:\\\/\\\/algarve7.pt\\\/index.php\\\/2021\\\/10\\\/camara-municipal-de-aljezur-lanca-varias-empreitadas-de-melhoramento-em-estradas-e-arruamentos-municipais\\\/atualidade\\\/11\\\/42\\\/#breadcrumb\",\"itemListElement\":[{\"@type\":\"ListItem\",\"position\":1,\"name\":\"In\u00edcio\",\"item\":\"https:\\\/\\\/algarve7.pt\\\/\"},{\"@type\":\"ListItem\",\"position\":2,\"name\":\"C\u00e2mara municipal de Aljezur lan\u00e7a v\u00e1rias empreitadas de melhoramento em estradas e arruamentos municipais\"}]},{\"@type\":\"WebSite\",\"@id\":\"https:\\\/\\\/algarve7.pt\\\/#website\",\"url\":\"https:\\\/\\\/algarve7.pt\\\/\",\"name\":\"Algarve 7\",\"description\":\"Informa\u00e7\u00e3o sobre o Algarve\",\"publisher\":{\"@id\":\"https:\\\/\\\/algarve7.pt\\\/#organization\"},\"potentialAction\":[{\"@type\":\"SearchAction\",\"target\":{\"@type\":\"EntryPoint\",\"urlTemplate\":\"https:\\\/\\\/algarve7.pt\\\/?s={search_term_string}\"},\"query-input\":{\"@type\":\"PropertyValueSpecification\",\"valueRequired\":true,\"valueName\":\"search_term_string\"}}],\"inLanguage\":\"pt-PT\"},{\"@type\":\"Organization\",\"@id\":\"https:\\\/\\\/algarve7.pt\\\/#organization\",\"name\":\"Algarve 7\",\"url\":\"https:\\\/\\\/algarve7.pt\\\/\",\"logo\":{\"@type\":\"ImageObject\",\"inLanguage\":\"pt-PT\",\"@id\":\"https:\\\/\\\/algarve7.pt\\\/#\\\/schema\\\/logo\\\/image\\\/\",\"url\":\"https:\\\/\\\/algarve7.pt\\\/wp-content\\\/uploads\\\/2020\\\/10\\\/Logo-8.jpg\",\"contentUrl\":\"https:\\\/\\\/algarve7.pt\\\/wp-content\\\/uploads\\\/2020\\\/10\\\/Logo-8.jpg\",\"width\":1680,\"height\":1186,\"caption\":\"Algarve 7\"},\"image\":{\"@id\":\"https:\\\/\\\/algarve7.pt\\\/#\\\/schema\\\/logo\\\/image\\\/\"},\"sameAs\":[\"https:\\\/\\\/www.facebook.com\\\/algarve7\",\"https:\\\/\\\/x.com\\\/Algarvesete\",\"https:\\\/\\\/www.instagram.com\\\/jornalalgarve7\\\/\",\"https:\\\/\\\/www.linkedin.com\\\/company\\\/algarve7\",\"https:\\\/\\\/www.pinterest.pt\\\/geral0939\\\/_created\\\/\"]},{\"@type\":\"Person\",\"@id\":\"https:\\\/\\\/algarve7.pt\\\/#\\\/schema\\\/person\\\/23fa70681308e7b319a3204bcea45e0c\",\"name\":\"Algarve 7\",\"sameAs\":[\"https:\\\/\\\/algarve7.pt\",\"https:\\\/\\\/www.facebook.com\\\/algarve7\"],\"url\":\"https:\\\/\\\/algarve7.pt\\\/index.php\\\/author\\\/geralalgarve7-pt\\\/\"}]}<\/script>\n<!-- \/ Yoast SEO plugin. -->","yoast_head_json":{"title":"C\u00e2mara municipal de Aljezur lan\u00e7a v\u00e1rias empreitadas de melhoramento em estradas e arruamentos municipais - Algarve 7","description":"C\u00e2mara municipal de Aljezur lan\u00e7a v\u00e1rias empreitadas de melhoramento em estradas e arruamentos municipais Atualidade","robots":{"index":"index","follow":"follow","max-snippet":"max-snippet:-1","max-image-preview":"max-image-preview:large","max-video-preview":"max-video-preview:-1"},"canonical":"https:\/\/algarve7.pt\/index.php\/2021\/10\/camara-municipal-de-aljezur-lanca-varias-empreitadas-de-melhoramento-em-estradas-e-arruamentos-municipais\/atualidade\/11\/42\/","og_locale":"pt_PT","og_type":"article","og_title":"C\u00e2mara municipal de Aljezur lan\u00e7a v\u00e1rias empreitadas de melhoramento em estradas e arruamentos municipais - Algarve 7","og_description":"C\u00e2mara municipal de Aljezur lan\u00e7a v\u00e1rias empreitadas de melhoramento em estradas e arruamentos municipais Atualidade","og_url":"https:\/\/algarve7.pt\/index.php\/2021\/10\/camara-municipal-de-aljezur-lanca-varias-empreitadas-de-melhoramento-em-estradas-e-arruamentos-municipais\/atualidade\/11\/42\/","og_site_name":"Algarve 7","article_publisher":"https:\/\/www.facebook.com\/algarve7","article_author":"https:\/\/www.facebook.com\/algarve7","article_published_time":"2021-10-22T10:42:07+00:00","article_modified_time":"2021-10-22T10:42:09+00:00","og_image":[{"width":700,"height":450,"url":"https:\/\/algarve7.pt\/wp-content\/uploads\/2021\/10\/M_Aljezur_Rep_Estradas-7.jpg","type":"image\/jpeg"}],"author":"Algarve 7","twitter_card":"summary_large_image","twitter_creator":"@Algarvesete","twitter_site":"@Algarvesete","twitter_misc":{"Escrito por":"Algarve 7","Tempo estimado de leitura":"1 minuto"},"schema":{"@context":"https:\/\/schema.org","@graph":[{"@type":"Article","@id":"https:\/\/algarve7.pt\/index.php\/2021\/10\/camara-municipal-de-aljezur-lanca-varias-empreitadas-de-melhoramento-em-estradas-e-arruamentos-municipais\/atualidade\/11\/42\/#article","isPartOf":{"@id":"https:\/\/algarve7.pt\/index.php\/2021\/10\/camara-municipal-de-aljezur-lanca-varias-empreitadas-de-melhoramento-em-estradas-e-arruamentos-municipais\/atualidade\/11\/42\/"},"author":{"name":"Algarve 7","@id":"https:\/\/algarve7.pt\/#\/schema\/person\/23fa70681308e7b319a3204bcea45e0c"},"headline":"C\u00e2mara municipal de Aljezur lan\u00e7a v\u00e1rias empreitadas de melhoramento em estradas e arruamentos municipais","datePublished":"2021-10-22T10:42:07+00:00","dateModified":"2021-10-22T10:42:09+00:00","mainEntityOfPage":{"@id":"https:\/\/algarve7.pt\/index.php\/2021\/10\/camara-municipal-de-aljezur-lanca-varias-empreitadas-de-melhoramento-em-estradas-e-arruamentos-municipais\/atualidade\/11\/42\/"},"wordCount":270,"commentCount":0,"publisher":{"@id":"https:\/\/algarve7.pt\/#organization"},"image":{"@id":"https:\/\/algarve7.pt\/index.php\/2021\/10\/camara-municipal-de-aljezur-lanca-varias-empreitadas-de-melhoramento-em-estradas-e-arruamentos-municipais\/atualidade\/11\/42\/#primaryimage"},"thumbnailUrl":"https:\/\/algarve7.pt\/wp-content\/uploads\/2021\/10\/M_Aljezur_Rep_Estradas-7.jpg","keywords":["Algarve","Aljezur","Atualidade","Obra"],"articleSection":["Atualidade"],"inLanguage":"pt-PT","potentialAction":[{"@type":"CommentAction","name":"Comment","target":["https:\/\/algarve7.pt\/index.php\/2021\/10\/camara-municipal-de-aljezur-lanca-varias-empreitadas-de-melhoramento-em-estradas-e-arruamentos-municipais\/atualidade\/11\/42\/#respond"]}]},{"@type":"WebPage","@id":"https:\/\/algarve7.pt\/index.php\/2021\/10\/camara-municipal-de-aljezur-lanca-varias-empreitadas-de-melhoramento-em-estradas-e-arruamentos-municipais\/atualidade\/11\/42\/","url":"https:\/\/algarve7.pt\/index.php\/2021\/10\/camara-municipal-de-aljezur-lanca-varias-empreitadas-de-melhoramento-em-estradas-e-arruamentos-municipais\/atualidade\/11\/42\/","name":"C\u00e2mara municipal de Aljezur lan\u00e7a v\u00e1rias empreitadas de melhoramento em estradas e arruamentos municipais - Algarve 7","isPartOf":{"@id":"https:\/\/algarve7.pt\/#website"},"primaryImageOfPage":{"@id":"https:\/\/algarve7.pt\/index.php\/2021\/10\/camara-municipal-de-aljezur-lanca-varias-empreitadas-de-melhoramento-em-estradas-e-arruamentos-municipais\/atualidade\/11\/42\/#primaryimage"},"image":{"@id":"https:\/\/algarve7.pt\/index.php\/2021\/10\/camara-municipal-de-aljezur-lanca-varias-empreitadas-de-melhoramento-em-estradas-e-arruamentos-municipais\/atualidade\/11\/42\/#primaryimage"},"thumbnailUrl":"https:\/\/algarve7.pt\/wp-content\/uploads\/2021\/10\/M_Aljezur_Rep_Estradas-7.jpg","datePublished":"2021-10-22T10:42:07+00:00","dateModified":"2021-10-22T10:42:09+00:00","description":"C\u00e2mara municipal de Aljezur lan\u00e7a v\u00e1rias empreitadas de melhoramento em estradas e arruamentos municipais Atualidade","breadcrumb":{"@id":"https:\/\/algarve7.pt\/index.php\/2021\/10\/camara-municipal-de-aljezur-lanca-varias-empreitadas-de-melhoramento-em-estradas-e-arruamentos-municipais\/atualidade\/11\/42\/#breadcrumb"},"inLanguage":"pt-PT","potentialAction":[{"@type":"ReadAction","target":["https:\/\/algarve7.pt\/index.php\/2021\/10\/camara-municipal-de-aljezur-lanca-varias-empreitadas-de-melhoramento-em-estradas-e-arruamentos-municipais\/atualidade\/11\/42\/"]}]},{"@type":"ImageObject","inLanguage":"pt-PT","@id":"https:\/\/algarve7.pt\/index.php\/2021\/10\/camara-municipal-de-aljezur-lanca-varias-empreitadas-de-melhoramento-em-estradas-e-arruamentos-municipais\/atualidade\/11\/42\/#primaryimage","url":"https:\/\/algarve7.pt\/wp-content\/uploads\/2021\/10\/M_Aljezur_Rep_Estradas-7.jpg","contentUrl":"https:\/\/algarve7.pt\/wp-content\/uploads\/2021\/10\/M_Aljezur_Rep_Estradas-7.jpg","width":700,"height":450},{"@type":"BreadcrumbList","@id":"https:\/\/algarve7.pt\/index.php\/2021\/10\/camara-municipal-de-aljezur-lanca-varias-empreitadas-de-melhoramento-em-estradas-e-arruamentos-municipais\/atualidade\/11\/42\/#breadcrumb","itemListElement":[{"@type":"ListItem","position":1,"name":"In\u00edcio","item":"https:\/\/algarve7.pt\/"},{"@type":"ListItem","position":2,"name":"C\u00e2mara municipal de Aljezur lan\u00e7a v\u00e1rias empreitadas de melhoramento em estradas e arruamentos municipais"}]},{"@type":"WebSite","@id":"https:\/\/algarve7.pt\/#website","url":"https:\/\/algarve7.pt\/","name":"Algarve 7","description":"Informa\u00e7\u00e3o sobre o Algarve","publisher":{"@id":"https:\/\/algarve7.pt\/#organization"},"potentialAction":[{"@type":"SearchAction","target":{"@type":"EntryPoint","urlTemplate":"https:\/\/algarve7.pt\/?s={search_term_string}"},"query-input":{"@type":"PropertyValueSpecification","valueRequired":true,"valueName":"search_term_string"}}],"inLanguage":"pt-PT"},{"@type":"Organization","@id":"https:\/\/algarve7.pt\/#organization","name":"Algarve 7","url":"https:\/\/algarve7.pt\/","logo":{"@type":"ImageObject","inLanguage":"pt-PT","@id":"https:\/\/algarve7.pt\/#\/schema\/logo\/image\/","url":"https:\/\/algarve7.pt\/wp-content\/uploads\/2020\/10\/Logo-8.jpg","contentUrl":"https:\/\/algarve7.pt\/wp-content\/uploads\/2020\/10\/Logo-8.jpg","width":1680,"height":1186,"caption":"Algarve 7"},"image":{"@id":"https:\/\/algarve7.pt\/#\/schema\/logo\/image\/"},"sameAs":["https:\/\/www.facebook.com\/algarve7","https:\/\/x.com\/Algarvesete","https:\/\/www.instagram.com\/jornalalgarve7\/","https:\/\/www.linkedin.com\/company\/algarve7","https:\/\/www.pinterest.pt\/geral0939\/_created\/"]},{"@type":"Person","@id":"https:\/\/algarve7.pt\/#\/schema\/person\/23fa70681308e7b319a3204bcea45e0c","name":"Algarve 7","sameAs":["https:\/\/algarve7.pt","https:\/\/www.facebook.com\/algarve7"],"url":"https:\/\/algarve7.pt\/index.php\/author\/geralalgarve7-pt\/"}]}},"jetpack_publicize_connections":[],"jetpack_featured_media_url":"https:\/\/algarve7.pt\/wp-content\/uploads\/2021\/10\/M_Aljezur_Rep_Estradas-7.jpg","jetpack_shortlink":"https:\/\/wp.me\/pcezmW-3cE","jetpack_sharing_enabled":true,"_links":{"self":[{"href":"https:\/\/algarve7.pt\/index.php\/wp-json\/wp\/v2\/posts\/12316","targetHints":{"allow":["GET"]}}],"collection":[{"href":"https:\/\/algarve7.pt\/index.php\/wp-json\/wp\/v2\/posts"}],"about":[{"href":"https:\/\/algarve7.pt\/index.php\/wp-json\/wp\/v2\/types\/post"}],"author":[{"embeddable":true,"href":"https:\/\/algarve7.pt\/index.php\/wp-json\/wp\/v2\/users\/1"}],"replies":[{"embeddable":true,"href":"https:\/\/algarve7.pt\/index.php\/wp-json\/wp\/v2\/comments?post=12316"}],"version-history":[{"count":0,"href":"https:\/\/algarve7.pt\/index.php\/wp-json\/wp\/v2\/posts\/12316\/revisions"}],"wp:featuredmedia":[{"embeddable":true,"href":"https:\/\/algarve7.pt\/index.php\/wp-json\/wp\/v2\/media\/12317"}],"wp:attachment":[{"href":"https:\/\/algarve7.pt\/index.php\/wp-json\/wp\/v2\/media?parent=12316"}],"wp:term":[{"taxonomy":"category","embeddable":true,"href":"https:\/\/algarve7.pt\/index.php\/wp-json\/wp\/v2\/categories?post=12316"},{"taxonomy":"post_tag","embeddable":true,"href":"https:\/\/algarve7.pt\/index.php\/wp-json\/wp\/v2\/tags?post=12316"}],"curies":[{"name":"wp","href":"https:\/\/api.w.org\/{rel}","templated":true}]}}