{"id":1226,"date":"2020-09-09T13:55:06","date_gmt":"2020-09-09T12:55:06","guid":{"rendered":"https:\/\/algarve7.pt\/?p=1226"},"modified":"2020-09-09T13:56:29","modified_gmt":"2020-09-09T12:56:29","slug":"ministro-da-defesa-nacional-joao-gomes-cravinho-inaugurou-esta-terca-feira-a-nova-estacao-salva-vidas-esv-e-o-posto-maritimo-de-quarteira","status":"publish","type":"post","link":"https:\/\/algarve7.pt\/index.php\/2020\/09\/ministro-da-defesa-nacional-joao-gomes-cravinho-inaugurou-esta-terca-feira-a-nova-estacao-salva-vidas-esv-e-o-posto-maritimo-de-quarteira\/atualidade\/13\/55\/","title":{"rendered":"Ministro da Defesa Nacional, Jo\u00e3o Gomes Cravinho, inaugurou ontem a nova Esta\u00e7\u00e3o Salva-Vidas (ESV) e o Posto Mar\u00edtimo de Quarteira."},"content":{"rendered":"\n<p>O Ministro da Defesa Nacional, Jo\u00e3o Gomes Cravinho, inaugurou esta ter\u00e7a-feira a nova Esta\u00e7\u00e3o Salva-Vidas (ESV) e o Posto Mar\u00edtimo de Quarteira.<\/p>\n\n\n\n<p>A Esta\u00e7\u00e3o Salva-Vidas, que acomoda tamb\u00e9m a Delega\u00e7\u00e3o Mar\u00edtima de Quarteira, conta com a presen\u00e7a permanente de cinco elementos, apoiados por uma embarca\u00e7\u00e3o semirr\u00edgida e uma mota de \u00e1gua, meios que, assegura o ministro da Defesa, permitem n\u00e3o s\u00f3 \u201cmelhorar as atuais condi\u00e7\u00f5es de trabalho dos elementos da Autoridade Mar\u00edtima Nacional&#8221;, como tamb\u00e9m \u201cmelhorar o servi\u00e7o prestado na busca e salvamento mar\u00edtimo&#8221;.<\/p>\n\n\n\n<p>Jo\u00e3o Gomes Cravinho destacou ainda a import\u00e2ncia do trabalho da Pol\u00edcia Mar\u00edtima \u201cno exerc\u00edcio da soberania do Estado no mar e nas \u00e1reas sob jurisdi\u00e7\u00e3o mar\u00edtima&#8221; e enalteceu a \u201cdisponibilidade&#8221; da Autoridade Mar\u00edtima Nacional como \u201cparte integrante das solu\u00e7\u00f5es&#8221; de que o pa\u00eds precisa.<\/p>\n\n\n\n<p>Com a inaugura\u00e7\u00e3o deste posto, que j\u00e1 se encontra ativo desde junho, a regi\u00e3o sul do pa\u00eds passa a contar com sete comandos locais da Pol\u00edcia Mar\u00edtima, permitindo uma melhor resposta dos meios entre Portim\u00e3o e Faro, para \u201ccolmatar uma lacuna existente na regi\u00e3o&#8221;, disse o ministro.<\/p>\n\n\n\n<p>As novas instala\u00e7\u00f5es encontram-se situadas no porto de pesca local e a sua ativa\u00e7\u00e3o resulta de parcerias entre a Autoridade Mar\u00edtima Nacional com a C\u00e2mara Municipal de Loul\u00e9 e a Docapesca.<\/p>\n\n\n\n<p>Desde a entrada em opera\u00e7\u00e3o no passado dia&nbsp;27 de maio, os elementos da ESV de Quarteira j\u00e1 prestaram 16 sa\u00eddas de socorro, assistiram tr\u00eas embarca\u00e7\u00f5es e realizaram 30 salvamentos, tendo assistido 51 pessoas.\u200b<\/p>\n\n\n\n<p class=\"has-small-font-size\">Fonte: Governo<\/p>\n","protected":false},"excerpt":{"rendered":"<p>O Ministro da Defesa Nacional, Jo\u00e3o Gomes Cravinho, inaugurou esta ter\u00e7a-feira a nova Esta\u00e7\u00e3o Salva-Vidas (ESV) e o Posto Mar\u00edtimo<\/p>\n","protected":false},"author":1,"featured_media":1227,"comment_status":"closed","ping_status":"open","sticky":false,"template":"","format":"standard","meta":{"colormag_page_container_layout":"default_layout","colormag_page_sidebar_layout":"default_layout","_monsterinsights_skip_tracking":false,"_monsterinsights_sitenote_active":false,"_monsterinsights_sitenote_note":"","_monsterinsights_sitenote_category":0,"jetpack_post_was_ever_published":false,"_jetpack_newsletter_access":"","_jetpack_dont_email_post_to_subs":false,"_jetpack_newsletter_tier_id":0,"_jetpack_memberships_contains_paywalled_content":false,"_jetpack_memberships_contains_paid_content":false,"footnotes":"","jetpack_publicize_message":"","jetpack_publicize_feature_enabled":true,"jetpack_social_post_already_shared":true,"jetpack_social_options":{"image_generator_settings":{"template":"highway","default_image_id":0,"font":"","enabled":false},"version":2}},"categories":[11],"tags":[85,112],"class_list":["post-1226","post","type-post","status-publish","format-standard","has-post-thumbnail","hentry","category-atualidade","tag-inauguracao","tag-quarteira"],"yoast_head":"<!-- This site is optimized with the Yoast SEO plugin v27.5 - https:\/\/yoast.com\/product\/yoast-seo-wordpress\/ -->\n<title>Ministro da Defesa Nacional, Jo\u00e3o Gomes Cravinho, inaugurou ontem a nova Esta\u00e7\u00e3o Salva-Vidas (ESV) e o Posto Mar\u00edtimo de Quarteira. - Algarve 7<\/title>\n<meta name=\"description\" content=\"Ministro da Defesa Nacional, Jo\u00e3o Gomes Cravinho, inaugurou ontem a nova Esta\u00e7\u00e3o Salva-Vidas (ESV) e o Posto Mar\u00edtimo de Quarteira.\" \/>\n<meta name=\"robots\" content=\"index, follow, max-snippet:-1, max-image-preview:large, max-video-preview:-1\" \/>\n<link rel=\"canonical\" href=\"https:\/\/algarve7.pt\/index.php\/2020\/09\/ministro-da-defesa-nacional-joao-gomes-cravinho-inaugurou-esta-terca-feira-a-nova-estacao-salva-vidas-esv-e-o-posto-maritimo-de-quarteira\/atualidade\/13\/55\/\" \/>\n<meta property=\"og:locale\" content=\"pt_PT\" \/>\n<meta property=\"og:type\" content=\"article\" \/>\n<meta property=\"og:title\" content=\"Ministro da Defesa Nacional, Jo\u00e3o Gomes Cravinho, inaugurou ontem a nova Esta\u00e7\u00e3o Salva-Vidas (ESV) e o Posto Mar\u00edtimo de Quarteira. - Algarve 7\" \/>\n<meta property=\"og:description\" content=\"Ministro da Defesa Nacional, Jo\u00e3o Gomes Cravinho, inaugurou ontem a nova Esta\u00e7\u00e3o Salva-Vidas (ESV) e o Posto Mar\u00edtimo de Quarteira.\" \/>\n<meta property=\"og:url\" content=\"https:\/\/algarve7.pt\/index.php\/2020\/09\/ministro-da-defesa-nacional-joao-gomes-cravinho-inaugurou-esta-terca-feira-a-nova-estacao-salva-vidas-esv-e-o-posto-maritimo-de-quarteira\/atualidade\/13\/55\/\" \/>\n<meta property=\"og:site_name\" content=\"Algarve 7\" \/>\n<meta property=\"article:publisher\" content=\"https:\/\/www.facebook.com\/algarve7\" \/>\n<meta property=\"article:author\" content=\"https:\/\/www.facebook.com\/algarve7\" \/>\n<meta property=\"article:published_time\" content=\"2020-09-09T12:55:06+00:00\" \/>\n<meta property=\"article:modified_time\" content=\"2020-09-09T12:56:29+00:00\" \/>\n<meta property=\"og:image\" content=\"https:\/\/algarve7.pt\/wp-content\/uploads\/2020\/09\/sem-titulo-7.jpg\" \/>\n\t<meta property=\"og:image:width\" content=\"1024\" \/>\n\t<meta property=\"og:image:height\" content=\"683\" \/>\n\t<meta property=\"og:image:type\" content=\"image\/jpeg\" \/>\n<meta name=\"author\" content=\"Algarve 7\" \/>\n<meta name=\"twitter:card\" content=\"summary_large_image\" \/>\n<meta name=\"twitter:creator\" content=\"@Algarvesete\" \/>\n<meta name=\"twitter:site\" content=\"@Algarvesete\" \/>\n<meta name=\"twitter:label1\" content=\"Escrito por\" \/>\n\t<meta name=\"twitter:data1\" content=\"Algarve 7\" \/>\n\t<meta name=\"twitter:label2\" content=\"Tempo estimado de leitura\" \/>\n\t<meta name=\"twitter:data2\" content=\"1 minuto\" \/>\n<script type=\"application\/ld+json\" class=\"yoast-schema-graph\">{\"@context\":\"https:\\\/\\\/schema.org\",\"@graph\":[{\"@type\":\"Article\",\"@id\":\"https:\\\/\\\/algarve7.pt\\\/index.php\\\/2020\\\/09\\\/ministro-da-defesa-nacional-joao-gomes-cravinho-inaugurou-esta-terca-feira-a-nova-estacao-salva-vidas-esv-e-o-posto-maritimo-de-quarteira\\\/atualidade\\\/13\\\/55\\\/#article\",\"isPartOf\":{\"@id\":\"https:\\\/\\\/algarve7.pt\\\/index.php\\\/2020\\\/09\\\/ministro-da-defesa-nacional-joao-gomes-cravinho-inaugurou-esta-terca-feira-a-nova-estacao-salva-vidas-esv-e-o-posto-maritimo-de-quarteira\\\/atualidade\\\/13\\\/55\\\/\"},\"author\":{\"name\":\"Algarve 7\",\"@id\":\"https:\\\/\\\/algarve7.pt\\\/#\\\/schema\\\/person\\\/23fa70681308e7b319a3204bcea45e0c\"},\"headline\":\"Ministro da Defesa Nacional, Jo\u00e3o Gomes Cravinho, inaugurou ontem a nova Esta\u00e7\u00e3o Salva-Vidas (ESV) e o Posto Mar\u00edtimo de Quarteira.\",\"datePublished\":\"2020-09-09T12:55:06+00:00\",\"dateModified\":\"2020-09-09T12:56:29+00:00\",\"mainEntityOfPage\":{\"@id\":\"https:\\\/\\\/algarve7.pt\\\/index.php\\\/2020\\\/09\\\/ministro-da-defesa-nacional-joao-gomes-cravinho-inaugurou-esta-terca-feira-a-nova-estacao-salva-vidas-esv-e-o-posto-maritimo-de-quarteira\\\/atualidade\\\/13\\\/55\\\/\"},\"wordCount\":304,\"publisher\":{\"@id\":\"https:\\\/\\\/algarve7.pt\\\/#organization\"},\"image\":{\"@id\":\"https:\\\/\\\/algarve7.pt\\\/index.php\\\/2020\\\/09\\\/ministro-da-defesa-nacional-joao-gomes-cravinho-inaugurou-esta-terca-feira-a-nova-estacao-salva-vidas-esv-e-o-posto-maritimo-de-quarteira\\\/atualidade\\\/13\\\/55\\\/#primaryimage\"},\"thumbnailUrl\":\"https:\\\/\\\/algarve7.pt\\\/wp-content\\\/uploads\\\/2020\\\/09\\\/sem-titulo-7.jpg\",\"keywords\":[\"Inaugura\u00e7\u00e3o\",\"Quarteira\"],\"articleSection\":[\"Atualidade\"],\"inLanguage\":\"pt-PT\"},{\"@type\":\"WebPage\",\"@id\":\"https:\\\/\\\/algarve7.pt\\\/index.php\\\/2020\\\/09\\\/ministro-da-defesa-nacional-joao-gomes-cravinho-inaugurou-esta-terca-feira-a-nova-estacao-salva-vidas-esv-e-o-posto-maritimo-de-quarteira\\\/atualidade\\\/13\\\/55\\\/\",\"url\":\"https:\\\/\\\/algarve7.pt\\\/index.php\\\/2020\\\/09\\\/ministro-da-defesa-nacional-joao-gomes-cravinho-inaugurou-esta-terca-feira-a-nova-estacao-salva-vidas-esv-e-o-posto-maritimo-de-quarteira\\\/atualidade\\\/13\\\/55\\\/\",\"name\":\"Ministro da Defesa Nacional, Jo\u00e3o Gomes Cravinho, inaugurou ontem a nova Esta\u00e7\u00e3o Salva-Vidas (ESV) e o Posto Mar\u00edtimo de Quarteira. - Algarve 7\",\"isPartOf\":{\"@id\":\"https:\\\/\\\/algarve7.pt\\\/#website\"},\"primaryImageOfPage\":{\"@id\":\"https:\\\/\\\/algarve7.pt\\\/index.php\\\/2020\\\/09\\\/ministro-da-defesa-nacional-joao-gomes-cravinho-inaugurou-esta-terca-feira-a-nova-estacao-salva-vidas-esv-e-o-posto-maritimo-de-quarteira\\\/atualidade\\\/13\\\/55\\\/#primaryimage\"},\"image\":{\"@id\":\"https:\\\/\\\/algarve7.pt\\\/index.php\\\/2020\\\/09\\\/ministro-da-defesa-nacional-joao-gomes-cravinho-inaugurou-esta-terca-feira-a-nova-estacao-salva-vidas-esv-e-o-posto-maritimo-de-quarteira\\\/atualidade\\\/13\\\/55\\\/#primaryimage\"},\"thumbnailUrl\":\"https:\\\/\\\/algarve7.pt\\\/wp-content\\\/uploads\\\/2020\\\/09\\\/sem-titulo-7.jpg\",\"datePublished\":\"2020-09-09T12:55:06+00:00\",\"dateModified\":\"2020-09-09T12:56:29+00:00\",\"description\":\"Ministro da Defesa Nacional, Jo\u00e3o Gomes Cravinho, inaugurou ontem a nova Esta\u00e7\u00e3o Salva-Vidas (ESV) e o Posto Mar\u00edtimo de Quarteira.\",\"breadcrumb\":{\"@id\":\"https:\\\/\\\/algarve7.pt\\\/index.php\\\/2020\\\/09\\\/ministro-da-defesa-nacional-joao-gomes-cravinho-inaugurou-esta-terca-feira-a-nova-estacao-salva-vidas-esv-e-o-posto-maritimo-de-quarteira\\\/atualidade\\\/13\\\/55\\\/#breadcrumb\"},\"inLanguage\":\"pt-PT\",\"potentialAction\":[{\"@type\":\"ReadAction\",\"target\":[\"https:\\\/\\\/algarve7.pt\\\/index.php\\\/2020\\\/09\\\/ministro-da-defesa-nacional-joao-gomes-cravinho-inaugurou-esta-terca-feira-a-nova-estacao-salva-vidas-esv-e-o-posto-maritimo-de-quarteira\\\/atualidade\\\/13\\\/55\\\/\"]}]},{\"@type\":\"ImageObject\",\"inLanguage\":\"pt-PT\",\"@id\":\"https:\\\/\\\/algarve7.pt\\\/index.php\\\/2020\\\/09\\\/ministro-da-defesa-nacional-joao-gomes-cravinho-inaugurou-esta-terca-feira-a-nova-estacao-salva-vidas-esv-e-o-posto-maritimo-de-quarteira\\\/atualidade\\\/13\\\/55\\\/#primaryimage\",\"url\":\"https:\\\/\\\/algarve7.pt\\\/wp-content\\\/uploads\\\/2020\\\/09\\\/sem-titulo-7.jpg\",\"contentUrl\":\"https:\\\/\\\/algarve7.pt\\\/wp-content\\\/uploads\\\/2020\\\/09\\\/sem-titulo-7.jpg\",\"width\":1024,\"height\":683},{\"@type\":\"BreadcrumbList\",\"@id\":\"https:\\\/\\\/algarve7.pt\\\/index.php\\\/2020\\\/09\\\/ministro-da-defesa-nacional-joao-gomes-cravinho-inaugurou-esta-terca-feira-a-nova-estacao-salva-vidas-esv-e-o-posto-maritimo-de-quarteira\\\/atualidade\\\/13\\\/55\\\/#breadcrumb\",\"itemListElement\":[{\"@type\":\"ListItem\",\"position\":1,\"name\":\"In\u00edcio\",\"item\":\"https:\\\/\\\/algarve7.pt\\\/\"},{\"@type\":\"ListItem\",\"position\":2,\"name\":\"Ministro da Defesa Nacional, Jo\u00e3o Gomes Cravinho, inaugurou ontem a nova Esta\u00e7\u00e3o Salva-Vidas (ESV) e o Posto Mar\u00edtimo de Quarteira.\"}]},{\"@type\":\"WebSite\",\"@id\":\"https:\\\/\\\/algarve7.pt\\\/#website\",\"url\":\"https:\\\/\\\/algarve7.pt\\\/\",\"name\":\"Algarve 7\",\"description\":\"Informa\u00e7\u00e3o sobre o Algarve\",\"publisher\":{\"@id\":\"https:\\\/\\\/algarve7.pt\\\/#organization\"},\"potentialAction\":[{\"@type\":\"SearchAction\",\"target\":{\"@type\":\"EntryPoint\",\"urlTemplate\":\"https:\\\/\\\/algarve7.pt\\\/?s={search_term_string}\"},\"query-input\":{\"@type\":\"PropertyValueSpecification\",\"valueRequired\":true,\"valueName\":\"search_term_string\"}}],\"inLanguage\":\"pt-PT\"},{\"@type\":\"Organization\",\"@id\":\"https:\\\/\\\/algarve7.pt\\\/#organization\",\"name\":\"Algarve 7\",\"url\":\"https:\\\/\\\/algarve7.pt\\\/\",\"logo\":{\"@type\":\"ImageObject\",\"inLanguage\":\"pt-PT\",\"@id\":\"https:\\\/\\\/algarve7.pt\\\/#\\\/schema\\\/logo\\\/image\\\/\",\"url\":\"https:\\\/\\\/algarve7.pt\\\/wp-content\\\/uploads\\\/2020\\\/10\\\/Logo-8.jpg\",\"contentUrl\":\"https:\\\/\\\/algarve7.pt\\\/wp-content\\\/uploads\\\/2020\\\/10\\\/Logo-8.jpg\",\"width\":1680,\"height\":1186,\"caption\":\"Algarve 7\"},\"image\":{\"@id\":\"https:\\\/\\\/algarve7.pt\\\/#\\\/schema\\\/logo\\\/image\\\/\"},\"sameAs\":[\"https:\\\/\\\/www.facebook.com\\\/algarve7\",\"https:\\\/\\\/x.com\\\/Algarvesete\",\"https:\\\/\\\/www.instagram.com\\\/jornalalgarve7\\\/\",\"https:\\\/\\\/www.linkedin.com\\\/company\\\/algarve7\",\"https:\\\/\\\/www.pinterest.pt\\\/geral0939\\\/_created\\\/\"]},{\"@type\":\"Person\",\"@id\":\"https:\\\/\\\/algarve7.pt\\\/#\\\/schema\\\/person\\\/23fa70681308e7b319a3204bcea45e0c\",\"name\":\"Algarve 7\",\"sameAs\":[\"https:\\\/\\\/algarve7.pt\",\"https:\\\/\\\/www.facebook.com\\\/algarve7\"],\"url\":\"https:\\\/\\\/algarve7.pt\\\/index.php\\\/author\\\/geralalgarve7-pt\\\/\"}]}<\/script>\n<!-- \/ Yoast SEO plugin. -->","yoast_head_json":{"title":"Ministro da Defesa Nacional, Jo\u00e3o Gomes Cravinho, inaugurou ontem a nova Esta\u00e7\u00e3o Salva-Vidas (ESV) e o Posto Mar\u00edtimo de Quarteira. - Algarve 7","description":"Ministro da Defesa Nacional, Jo\u00e3o Gomes Cravinho, inaugurou ontem a nova Esta\u00e7\u00e3o Salva-Vidas (ESV) e o Posto Mar\u00edtimo de Quarteira.","robots":{"index":"index","follow":"follow","max-snippet":"max-snippet:-1","max-image-preview":"max-image-preview:large","max-video-preview":"max-video-preview:-1"},"canonical":"https:\/\/algarve7.pt\/index.php\/2020\/09\/ministro-da-defesa-nacional-joao-gomes-cravinho-inaugurou-esta-terca-feira-a-nova-estacao-salva-vidas-esv-e-o-posto-maritimo-de-quarteira\/atualidade\/13\/55\/","og_locale":"pt_PT","og_type":"article","og_title":"Ministro da Defesa Nacional, Jo\u00e3o Gomes Cravinho, inaugurou ontem a nova Esta\u00e7\u00e3o Salva-Vidas (ESV) e o Posto Mar\u00edtimo de Quarteira. - Algarve 7","og_description":"Ministro da Defesa Nacional, Jo\u00e3o Gomes Cravinho, inaugurou ontem a nova Esta\u00e7\u00e3o Salva-Vidas (ESV) e o Posto Mar\u00edtimo de Quarteira.","og_url":"https:\/\/algarve7.pt\/index.php\/2020\/09\/ministro-da-defesa-nacional-joao-gomes-cravinho-inaugurou-esta-terca-feira-a-nova-estacao-salva-vidas-esv-e-o-posto-maritimo-de-quarteira\/atualidade\/13\/55\/","og_site_name":"Algarve 7","article_publisher":"https:\/\/www.facebook.com\/algarve7","article_author":"https:\/\/www.facebook.com\/algarve7","article_published_time":"2020-09-09T12:55:06+00:00","article_modified_time":"2020-09-09T12:56:29+00:00","og_image":[{"width":1024,"height":683,"url":"https:\/\/algarve7.pt\/wp-content\/uploads\/2020\/09\/sem-titulo-7.jpg","type":"image\/jpeg"}],"author":"Algarve 7","twitter_card":"summary_large_image","twitter_creator":"@Algarvesete","twitter_site":"@Algarvesete","twitter_misc":{"Escrito por":"Algarve 7","Tempo estimado de leitura":"1 minuto"},"schema":{"@context":"https:\/\/schema.org","@graph":[{"@type":"Article","@id":"https:\/\/algarve7.pt\/index.php\/2020\/09\/ministro-da-defesa-nacional-joao-gomes-cravinho-inaugurou-esta-terca-feira-a-nova-estacao-salva-vidas-esv-e-o-posto-maritimo-de-quarteira\/atualidade\/13\/55\/#article","isPartOf":{"@id":"https:\/\/algarve7.pt\/index.php\/2020\/09\/ministro-da-defesa-nacional-joao-gomes-cravinho-inaugurou-esta-terca-feira-a-nova-estacao-salva-vidas-esv-e-o-posto-maritimo-de-quarteira\/atualidade\/13\/55\/"},"author":{"name":"Algarve 7","@id":"https:\/\/algarve7.pt\/#\/schema\/person\/23fa70681308e7b319a3204bcea45e0c"},"headline":"Ministro da Defesa Nacional, Jo\u00e3o Gomes Cravinho, inaugurou ontem a nova Esta\u00e7\u00e3o Salva-Vidas (ESV) e o Posto Mar\u00edtimo de Quarteira.","datePublished":"2020-09-09T12:55:06+00:00","dateModified":"2020-09-09T12:56:29+00:00","mainEntityOfPage":{"@id":"https:\/\/algarve7.pt\/index.php\/2020\/09\/ministro-da-defesa-nacional-joao-gomes-cravinho-inaugurou-esta-terca-feira-a-nova-estacao-salva-vidas-esv-e-o-posto-maritimo-de-quarteira\/atualidade\/13\/55\/"},"wordCount":304,"publisher":{"@id":"https:\/\/algarve7.pt\/#organization"},"image":{"@id":"https:\/\/algarve7.pt\/index.php\/2020\/09\/ministro-da-defesa-nacional-joao-gomes-cravinho-inaugurou-esta-terca-feira-a-nova-estacao-salva-vidas-esv-e-o-posto-maritimo-de-quarteira\/atualidade\/13\/55\/#primaryimage"},"thumbnailUrl":"https:\/\/algarve7.pt\/wp-content\/uploads\/2020\/09\/sem-titulo-7.jpg","keywords":["Inaugura\u00e7\u00e3o","Quarteira"],"articleSection":["Atualidade"],"inLanguage":"pt-PT"},{"@type":"WebPage","@id":"https:\/\/algarve7.pt\/index.php\/2020\/09\/ministro-da-defesa-nacional-joao-gomes-cravinho-inaugurou-esta-terca-feira-a-nova-estacao-salva-vidas-esv-e-o-posto-maritimo-de-quarteira\/atualidade\/13\/55\/","url":"https:\/\/algarve7.pt\/index.php\/2020\/09\/ministro-da-defesa-nacional-joao-gomes-cravinho-inaugurou-esta-terca-feira-a-nova-estacao-salva-vidas-esv-e-o-posto-maritimo-de-quarteira\/atualidade\/13\/55\/","name":"Ministro da Defesa Nacional, Jo\u00e3o Gomes Cravinho, inaugurou ontem a nova Esta\u00e7\u00e3o Salva-Vidas (ESV) e o Posto Mar\u00edtimo de Quarteira. - Algarve 7","isPartOf":{"@id":"https:\/\/algarve7.pt\/#website"},"primaryImageOfPage":{"@id":"https:\/\/algarve7.pt\/index.php\/2020\/09\/ministro-da-defesa-nacional-joao-gomes-cravinho-inaugurou-esta-terca-feira-a-nova-estacao-salva-vidas-esv-e-o-posto-maritimo-de-quarteira\/atualidade\/13\/55\/#primaryimage"},"image":{"@id":"https:\/\/algarve7.pt\/index.php\/2020\/09\/ministro-da-defesa-nacional-joao-gomes-cravinho-inaugurou-esta-terca-feira-a-nova-estacao-salva-vidas-esv-e-o-posto-maritimo-de-quarteira\/atualidade\/13\/55\/#primaryimage"},"thumbnailUrl":"https:\/\/algarve7.pt\/wp-content\/uploads\/2020\/09\/sem-titulo-7.jpg","datePublished":"2020-09-09T12:55:06+00:00","dateModified":"2020-09-09T12:56:29+00:00","description":"Ministro da Defesa Nacional, Jo\u00e3o Gomes Cravinho, inaugurou ontem a nova Esta\u00e7\u00e3o Salva-Vidas (ESV) e o Posto Mar\u00edtimo de Quarteira.","breadcrumb":{"@id":"https:\/\/algarve7.pt\/index.php\/2020\/09\/ministro-da-defesa-nacional-joao-gomes-cravinho-inaugurou-esta-terca-feira-a-nova-estacao-salva-vidas-esv-e-o-posto-maritimo-de-quarteira\/atualidade\/13\/55\/#breadcrumb"},"inLanguage":"pt-PT","potentialAction":[{"@type":"ReadAction","target":["https:\/\/algarve7.pt\/index.php\/2020\/09\/ministro-da-defesa-nacional-joao-gomes-cravinho-inaugurou-esta-terca-feira-a-nova-estacao-salva-vidas-esv-e-o-posto-maritimo-de-quarteira\/atualidade\/13\/55\/"]}]},{"@type":"ImageObject","inLanguage":"pt-PT","@id":"https:\/\/algarve7.pt\/index.php\/2020\/09\/ministro-da-defesa-nacional-joao-gomes-cravinho-inaugurou-esta-terca-feira-a-nova-estacao-salva-vidas-esv-e-o-posto-maritimo-de-quarteira\/atualidade\/13\/55\/#primaryimage","url":"https:\/\/algarve7.pt\/wp-content\/uploads\/2020\/09\/sem-titulo-7.jpg","contentUrl":"https:\/\/algarve7.pt\/wp-content\/uploads\/2020\/09\/sem-titulo-7.jpg","width":1024,"height":683},{"@type":"BreadcrumbList","@id":"https:\/\/algarve7.pt\/index.php\/2020\/09\/ministro-da-defesa-nacional-joao-gomes-cravinho-inaugurou-esta-terca-feira-a-nova-estacao-salva-vidas-esv-e-o-posto-maritimo-de-quarteira\/atualidade\/13\/55\/#breadcrumb","itemListElement":[{"@type":"ListItem","position":1,"name":"In\u00edcio","item":"https:\/\/algarve7.pt\/"},{"@type":"ListItem","position":2,"name":"Ministro da Defesa Nacional, Jo\u00e3o Gomes Cravinho, inaugurou ontem a nova Esta\u00e7\u00e3o Salva-Vidas (ESV) e o Posto Mar\u00edtimo de Quarteira."}]},{"@type":"WebSite","@id":"https:\/\/algarve7.pt\/#website","url":"https:\/\/algarve7.pt\/","name":"Algarve 7","description":"Informa\u00e7\u00e3o sobre o Algarve","publisher":{"@id":"https:\/\/algarve7.pt\/#organization"},"potentialAction":[{"@type":"SearchAction","target":{"@type":"EntryPoint","urlTemplate":"https:\/\/algarve7.pt\/?s={search_term_string}"},"query-input":{"@type":"PropertyValueSpecification","valueRequired":true,"valueName":"search_term_string"}}],"inLanguage":"pt-PT"},{"@type":"Organization","@id":"https:\/\/algarve7.pt\/#organization","name":"Algarve 7","url":"https:\/\/algarve7.pt\/","logo":{"@type":"ImageObject","inLanguage":"pt-PT","@id":"https:\/\/algarve7.pt\/#\/schema\/logo\/image\/","url":"https:\/\/algarve7.pt\/wp-content\/uploads\/2020\/10\/Logo-8.jpg","contentUrl":"https:\/\/algarve7.pt\/wp-content\/uploads\/2020\/10\/Logo-8.jpg","width":1680,"height":1186,"caption":"Algarve 7"},"image":{"@id":"https:\/\/algarve7.pt\/#\/schema\/logo\/image\/"},"sameAs":["https:\/\/www.facebook.com\/algarve7","https:\/\/x.com\/Algarvesete","https:\/\/www.instagram.com\/jornalalgarve7\/","https:\/\/www.linkedin.com\/company\/algarve7","https:\/\/www.pinterest.pt\/geral0939\/_created\/"]},{"@type":"Person","@id":"https:\/\/algarve7.pt\/#\/schema\/person\/23fa70681308e7b319a3204bcea45e0c","name":"Algarve 7","sameAs":["https:\/\/algarve7.pt","https:\/\/www.facebook.com\/algarve7"],"url":"https:\/\/algarve7.pt\/index.php\/author\/geralalgarve7-pt\/"}]}},"jetpack_publicize_connections":[],"jetpack_featured_media_url":"https:\/\/algarve7.pt\/wp-content\/uploads\/2020\/09\/sem-titulo-7.jpg","jetpack_shortlink":"https:\/\/wp.me\/pcezmW-jM","jetpack_sharing_enabled":true,"_links":{"self":[{"href":"https:\/\/algarve7.pt\/index.php\/wp-json\/wp\/v2\/posts\/1226","targetHints":{"allow":["GET"]}}],"collection":[{"href":"https:\/\/algarve7.pt\/index.php\/wp-json\/wp\/v2\/posts"}],"about":[{"href":"https:\/\/algarve7.pt\/index.php\/wp-json\/wp\/v2\/types\/post"}],"author":[{"embeddable":true,"href":"https:\/\/algarve7.pt\/index.php\/wp-json\/wp\/v2\/users\/1"}],"replies":[{"embeddable":true,"href":"https:\/\/algarve7.pt\/index.php\/wp-json\/wp\/v2\/comments?post=1226"}],"version-history":[{"count":0,"href":"https:\/\/algarve7.pt\/index.php\/wp-json\/wp\/v2\/posts\/1226\/revisions"}],"wp:featuredmedia":[{"embeddable":true,"href":"https:\/\/algarve7.pt\/index.php\/wp-json\/wp\/v2\/media\/1227"}],"wp:attachment":[{"href":"https:\/\/algarve7.pt\/index.php\/wp-json\/wp\/v2\/media?parent=1226"}],"wp:term":[{"taxonomy":"category","embeddable":true,"href":"https:\/\/algarve7.pt\/index.php\/wp-json\/wp\/v2\/categories?post=1226"},{"taxonomy":"post_tag","embeddable":true,"href":"https:\/\/algarve7.pt\/index.php\/wp-json\/wp\/v2\/tags?post=1226"}],"curies":[{"name":"wp","href":"https:\/\/api.w.org\/{rel}","templated":true}]}}