{"id":12246,"date":"2021-10-20T08:09:59","date_gmt":"2021-10-20T07:09:59","guid":{"rendered":"https:\/\/algarve7.pt\/?p=12246"},"modified":"2021-10-20T08:10:02","modified_gmt":"2021-10-20T07:10:02","slug":"gnr-associa-se-ao-dia-mundial-de-combate-ao-bullying","status":"publish","type":"post","link":"https:\/\/algarve7.pt\/index.php\/2021\/10\/gnr-associa-se-ao-dia-mundial-de-combate-ao-bullying\/nacional\/08\/09\/","title":{"rendered":"GNR associa-se ao Dia Mundial de Combate ao bullying,"},"content":{"rendered":"\n<p>A Guarda Nacional Republicana, no \u00e2mbito da preven\u00e7\u00e3o e do combate \u00e0 viol\u00eancia, ofensas, amea\u00e7as e qualquer tipo de intimida\u00e7\u00e3o em contexto escolar, hoje, dia 20 de outubro, associa-se ao Dia Mundial de Combate ao&nbsp;<em>bullying<\/em>, pela relev\u00e2ncia que representa na vida das crian\u00e7as e jovens.&nbsp;<\/p>\n\n\n\n<p>Numa altura em que milhares de crian\u00e7as e jovens retornaram \u00e0s atividades letivas ap\u00f3s os per\u00edodos at\u00edpicos&nbsp;de confinamento e de interrup\u00e7\u00f5es&nbsp;reiteradas provocadas pela&nbsp;&nbsp;pandemia COVID19, &nbsp;a Guarda pretende alertar e sensibilizar a popula\u00e7\u00e3o em geral e, em particular, as crian\u00e7as e jovens,&nbsp;os quais ser\u00e3o as mulheres e homens de amanh\u00e3, para a relev\u00e2ncia da tem\u00e1tica com o objetivo de apelar a uma estrat\u00e9gia de consciencializa\u00e7\u00e3o, que visa contribuir para a mudan\u00e7a de comportamentos da sociedade e para a progressiva intoler\u00e2ncia&nbsp;social face \u00e0 viol\u00eancia nas escolas.&nbsp;A viol\u00eancia ocorre fora da vis\u00e3o dos adultos e grande parte das v\u00edtimas n\u00e3o reage ou denuncia a agress\u00e3o sofrida, pelo que esta sensibiliza\u00e7\u00e3o \u00e9 extens\u00edvel aos pais, professores e funcion\u00e1rios pelos sinais de alerta que devem procurar denunciar e saber reconhecer, nas escolas e em ambiente familiar.<\/p>\n\n\n\n<p>O&nbsp;<em>bullying<\/em>&nbsp;\u00e9 um conjunto de atos que servem para descrever atos de viol\u00eancia f\u00edsica ou psicol\u00f3gica, intencionais e reiterados, praticados por uma ou mais pessoas no contexto de uma rela\u00e7\u00e3o desigual de poder, causando dor e ang\u00fastia na(s) v\u00edtima(s).&nbsp;Atualmente, e associado ao recurso \u00e0s novas tecnologias, nomeadamente as redes sociais, o&nbsp;<em>bullying&nbsp;<\/em>tem assumido novos contornos, dando origem \u00e0 vertente virtual do&nbsp;<em>ciberbullying.<\/em><\/p>\n\n\n\n<p>Por norma os sinais de alerta s\u00e3o silenciosos, aconselhando-se os pais, professores e todos os cuidadores a estarem atentos a sinais, tais como altera\u00e7\u00f5es de humor, abatimento f\u00edsico e\/ou psicol\u00f3gico, sinais de impaci\u00eancia ou ansiedade, queixas f\u00edsicas permanentes (dores de cabe\u00e7a, de est\u00f4mago, perturba\u00e7\u00f5es no sono, n\u00f3doas negras), irritabilidade extrema, ou qualquer outra mudan\u00e7a de comportamento.<\/p>\n\n\n\n<p>Pese embora o&nbsp;<em>bullying<\/em>&nbsp;n\u00e3o se encontrar tipificado na legisla\u00e7\u00e3o penal como&nbsp;crime,&nbsp;o mesmo est\u00e1 associado a v\u00e1rios crimes tais como&nbsp;crimes de ofensas \u00e0 integridade f\u00edsica, inj\u00farias, amea\u00e7a e coa\u00e7\u00e3o, correspondendo os dois primeiros aos comportamentos mais frequentes.<\/p>\n\n\n\n<p>A GNR desenvolve um esfor\u00e7o significativo naquilo que s\u00e3o as iniciativas relacionadas sobre a tem\u00e1tica em concreto, nomeadamente em a\u00e7\u00f5es de sensibiliza\u00e7\u00e3o e campanhas, com temas associados \u00e0 viol\u00eancia, \u00e0 cidadania e n\u00e3o-discrimina\u00e7\u00e3o, aos direitos humanos e direitos da Crian\u00e7a ou regras quanto \u00e0 utiliza\u00e7\u00e3o da internet.<\/p>\n\n\n\n<p>No \u00e2mbito das suas compet\u00eancias em mat\u00e9ria de preven\u00e7\u00e3o criminal, a Guarda tem desenvolvido uma s\u00e9rie de a\u00e7\u00f5es de sensibiliza\u00e7\u00e3o relacionadas com o&nbsp;<em>bullying<\/em>, num total de&nbsp;<strong>1008 no ano de 2021, para mais de 34113 mil crian\u00e7as e jovens, dos 1.\u00ba, 2.\u00ba e 3.\u00ba ciclos, num total de 422 estabelecimentos de ensino p\u00fablico e privado<\/strong>&nbsp;(dados provis\u00f3rios). A Guarda registou at\u00e9 \u00e0 data 64 crimes associados ao bullying desde 01 de janeiro de 2021.<\/p>\n\n\n\n<p>Al\u00e9m destas a\u00e7\u00f5es, importa acrescentar que os Postos Territoriais da GNR disp\u00f5em de uma sala de apoio \u00e0 v\u00edtima, destinadas a receber este tipo de situa\u00e7\u00f5es que contam ainda com militares com forma\u00e7\u00e3o especializada (Apoio a V\u00edtimas Espec\u00edficas e militares da estrutura de Preven\u00e7\u00e3o Criminal e Policiamento Comunit\u00e1rio), que desempenham um papel essencial no acompanhamento personalizado \u00e0s v\u00edtimas de&nbsp;<em>bullying<\/em>, encarregando-se de encaminhar as v\u00edtimas&nbsp;para outras institui\u00e7\u00f5es com compet\u00eancia neste \u00e2mbito.<\/p>\n","protected":false},"excerpt":{"rendered":"<p>A Guarda Nacional Republicana, no \u00e2mbito da preven\u00e7\u00e3o e do combate \u00e0 viol\u00eancia, ofensas, amea\u00e7as e qualquer tipo de intimida\u00e7\u00e3o<\/p>\n","protected":false},"author":1,"featured_media":12247,"comment_status":"open","ping_status":"open","sticky":false,"template":"","format":"standard","meta":{"colormag_page_container_layout":"default_layout","colormag_page_sidebar_layout":"default_layout","_monsterinsights_skip_tracking":false,"_monsterinsights_sitenote_active":false,"_monsterinsights_sitenote_note":"","_monsterinsights_sitenote_category":0,"jetpack_post_was_ever_published":false,"_jetpack_newsletter_access":"","_jetpack_dont_email_post_to_subs":false,"_jetpack_newsletter_tier_id":0,"_jetpack_memberships_contains_paywalled_content":false,"_jetpack_memberships_contains_paid_content":false,"footnotes":"","jetpack_publicize_message":"","jetpack_publicize_feature_enabled":true,"jetpack_social_post_already_shared":true,"jetpack_social_options":{"image_generator_settings":{"template":"highway","default_image_id":0,"font":"","enabled":false},"version":2}},"categories":[189],"tags":[62,140,98],"class_list":["post-12246","post","type-post","status-publish","format-standard","has-post-thumbnail","hentry","category-nacional","tag-atualidade","tag-gnr","tag-nacional"],"yoast_head":"<!-- This site is optimized with the Yoast SEO plugin v27.5 - https:\/\/yoast.com\/product\/yoast-seo-wordpress\/ -->\n<title>GNR associa-se ao Dia Mundial de Combate ao bullying, - Algarve 7<\/title>\n<meta name=\"description\" content=\"GNR associa-se ao Dia Mundial de Combate ao bullying, Nacional\" \/>\n<meta name=\"robots\" content=\"index, follow, max-snippet:-1, max-image-preview:large, max-video-preview:-1\" \/>\n<link rel=\"canonical\" href=\"https:\/\/algarve7.pt\/index.php\/2021\/10\/gnr-associa-se-ao-dia-mundial-de-combate-ao-bullying\/nacional\/08\/09\/\" \/>\n<meta property=\"og:locale\" content=\"pt_PT\" \/>\n<meta property=\"og:type\" content=\"article\" \/>\n<meta property=\"og:title\" content=\"GNR associa-se ao Dia Mundial de Combate ao bullying, - Algarve 7\" \/>\n<meta property=\"og:description\" content=\"GNR associa-se ao Dia Mundial de Combate ao bullying, Nacional\" \/>\n<meta property=\"og:url\" content=\"https:\/\/algarve7.pt\/index.php\/2021\/10\/gnr-associa-se-ao-dia-mundial-de-combate-ao-bullying\/nacional\/08\/09\/\" \/>\n<meta property=\"og:site_name\" content=\"Algarve 7\" \/>\n<meta property=\"article:publisher\" content=\"https:\/\/www.facebook.com\/algarve7\" \/>\n<meta property=\"article:author\" content=\"https:\/\/www.facebook.com\/algarve7\" \/>\n<meta property=\"article:published_time\" content=\"2021-10-20T07:09:59+00:00\" \/>\n<meta property=\"article:modified_time\" content=\"2021-10-20T07:10:02+00:00\" \/>\n<meta property=\"og:image\" content=\"https:\/\/algarve7.pt\/wp-content\/uploads\/2021\/10\/GNR-Bullying-e1634713776422.png\" \/>\n\t<meta property=\"og:image:width\" content=\"600\" \/>\n\t<meta property=\"og:image:height\" content=\"432\" \/>\n\t<meta property=\"og:image:type\" content=\"image\/png\" \/>\n<meta name=\"author\" content=\"Algarve 7\" \/>\n<meta name=\"twitter:card\" content=\"summary_large_image\" \/>\n<meta name=\"twitter:creator\" content=\"@Algarvesete\" \/>\n<meta name=\"twitter:site\" content=\"@Algarvesete\" \/>\n<meta name=\"twitter:label1\" content=\"Escrito por\" \/>\n\t<meta name=\"twitter:data1\" content=\"Algarve 7\" \/>\n\t<meta name=\"twitter:label2\" content=\"Tempo estimado de leitura\" \/>\n\t<meta name=\"twitter:data2\" content=\"3 minutos\" \/>\n<script type=\"application\/ld+json\" class=\"yoast-schema-graph\">{\"@context\":\"https:\\\/\\\/schema.org\",\"@graph\":[{\"@type\":\"Article\",\"@id\":\"https:\\\/\\\/algarve7.pt\\\/index.php\\\/2021\\\/10\\\/gnr-associa-se-ao-dia-mundial-de-combate-ao-bullying\\\/nacional\\\/08\\\/09\\\/#article\",\"isPartOf\":{\"@id\":\"https:\\\/\\\/algarve7.pt\\\/index.php\\\/2021\\\/10\\\/gnr-associa-se-ao-dia-mundial-de-combate-ao-bullying\\\/nacional\\\/08\\\/09\\\/\"},\"author\":{\"name\":\"Algarve 7\",\"@id\":\"https:\\\/\\\/algarve7.pt\\\/#\\\/schema\\\/person\\\/23fa70681308e7b319a3204bcea45e0c\"},\"headline\":\"GNR associa-se ao Dia Mundial de Combate ao bullying,\",\"datePublished\":\"2021-10-20T07:09:59+00:00\",\"dateModified\":\"2021-10-20T07:10:02+00:00\",\"mainEntityOfPage\":{\"@id\":\"https:\\\/\\\/algarve7.pt\\\/index.php\\\/2021\\\/10\\\/gnr-associa-se-ao-dia-mundial-de-combate-ao-bullying\\\/nacional\\\/08\\\/09\\\/\"},\"wordCount\":640,\"commentCount\":0,\"publisher\":{\"@id\":\"https:\\\/\\\/algarve7.pt\\\/#organization\"},\"image\":{\"@id\":\"https:\\\/\\\/algarve7.pt\\\/index.php\\\/2021\\\/10\\\/gnr-associa-se-ao-dia-mundial-de-combate-ao-bullying\\\/nacional\\\/08\\\/09\\\/#primaryimage\"},\"thumbnailUrl\":\"https:\\\/\\\/algarve7.pt\\\/wp-content\\\/uploads\\\/2021\\\/10\\\/GNR-Bullying-e1634713776422.png\",\"keywords\":[\"Atualidade\",\"GNR\",\"Nacional\"],\"articleSection\":[\"Nacional\"],\"inLanguage\":\"pt-PT\",\"potentialAction\":[{\"@type\":\"CommentAction\",\"name\":\"Comment\",\"target\":[\"https:\\\/\\\/algarve7.pt\\\/index.php\\\/2021\\\/10\\\/gnr-associa-se-ao-dia-mundial-de-combate-ao-bullying\\\/nacional\\\/08\\\/09\\\/#respond\"]}]},{\"@type\":\"WebPage\",\"@id\":\"https:\\\/\\\/algarve7.pt\\\/index.php\\\/2021\\\/10\\\/gnr-associa-se-ao-dia-mundial-de-combate-ao-bullying\\\/nacional\\\/08\\\/09\\\/\",\"url\":\"https:\\\/\\\/algarve7.pt\\\/index.php\\\/2021\\\/10\\\/gnr-associa-se-ao-dia-mundial-de-combate-ao-bullying\\\/nacional\\\/08\\\/09\\\/\",\"name\":\"GNR associa-se ao Dia Mundial de Combate ao bullying, - Algarve 7\",\"isPartOf\":{\"@id\":\"https:\\\/\\\/algarve7.pt\\\/#website\"},\"primaryImageOfPage\":{\"@id\":\"https:\\\/\\\/algarve7.pt\\\/index.php\\\/2021\\\/10\\\/gnr-associa-se-ao-dia-mundial-de-combate-ao-bullying\\\/nacional\\\/08\\\/09\\\/#primaryimage\"},\"image\":{\"@id\":\"https:\\\/\\\/algarve7.pt\\\/index.php\\\/2021\\\/10\\\/gnr-associa-se-ao-dia-mundial-de-combate-ao-bullying\\\/nacional\\\/08\\\/09\\\/#primaryimage\"},\"thumbnailUrl\":\"https:\\\/\\\/algarve7.pt\\\/wp-content\\\/uploads\\\/2021\\\/10\\\/GNR-Bullying-e1634713776422.png\",\"datePublished\":\"2021-10-20T07:09:59+00:00\",\"dateModified\":\"2021-10-20T07:10:02+00:00\",\"description\":\"GNR associa-se ao Dia Mundial de Combate ao bullying, Nacional\",\"breadcrumb\":{\"@id\":\"https:\\\/\\\/algarve7.pt\\\/index.php\\\/2021\\\/10\\\/gnr-associa-se-ao-dia-mundial-de-combate-ao-bullying\\\/nacional\\\/08\\\/09\\\/#breadcrumb\"},\"inLanguage\":\"pt-PT\",\"potentialAction\":[{\"@type\":\"ReadAction\",\"target\":[\"https:\\\/\\\/algarve7.pt\\\/index.php\\\/2021\\\/10\\\/gnr-associa-se-ao-dia-mundial-de-combate-ao-bullying\\\/nacional\\\/08\\\/09\\\/\"]}]},{\"@type\":\"ImageObject\",\"inLanguage\":\"pt-PT\",\"@id\":\"https:\\\/\\\/algarve7.pt\\\/index.php\\\/2021\\\/10\\\/gnr-associa-se-ao-dia-mundial-de-combate-ao-bullying\\\/nacional\\\/08\\\/09\\\/#primaryimage\",\"url\":\"https:\\\/\\\/algarve7.pt\\\/wp-content\\\/uploads\\\/2021\\\/10\\\/GNR-Bullying-e1634713776422.png\",\"contentUrl\":\"https:\\\/\\\/algarve7.pt\\\/wp-content\\\/uploads\\\/2021\\\/10\\\/GNR-Bullying-e1634713776422.png\",\"width\":600,\"height\":432},{\"@type\":\"BreadcrumbList\",\"@id\":\"https:\\\/\\\/algarve7.pt\\\/index.php\\\/2021\\\/10\\\/gnr-associa-se-ao-dia-mundial-de-combate-ao-bullying\\\/nacional\\\/08\\\/09\\\/#breadcrumb\",\"itemListElement\":[{\"@type\":\"ListItem\",\"position\":1,\"name\":\"In\u00edcio\",\"item\":\"https:\\\/\\\/algarve7.pt\\\/\"},{\"@type\":\"ListItem\",\"position\":2,\"name\":\"GNR associa-se ao Dia Mundial de Combate ao bullying,\"}]},{\"@type\":\"WebSite\",\"@id\":\"https:\\\/\\\/algarve7.pt\\\/#website\",\"url\":\"https:\\\/\\\/algarve7.pt\\\/\",\"name\":\"Algarve 7\",\"description\":\"Informa\u00e7\u00e3o sobre o Algarve\",\"publisher\":{\"@id\":\"https:\\\/\\\/algarve7.pt\\\/#organization\"},\"potentialAction\":[{\"@type\":\"SearchAction\",\"target\":{\"@type\":\"EntryPoint\",\"urlTemplate\":\"https:\\\/\\\/algarve7.pt\\\/?s={search_term_string}\"},\"query-input\":{\"@type\":\"PropertyValueSpecification\",\"valueRequired\":true,\"valueName\":\"search_term_string\"}}],\"inLanguage\":\"pt-PT\"},{\"@type\":\"Organization\",\"@id\":\"https:\\\/\\\/algarve7.pt\\\/#organization\",\"name\":\"Algarve 7\",\"url\":\"https:\\\/\\\/algarve7.pt\\\/\",\"logo\":{\"@type\":\"ImageObject\",\"inLanguage\":\"pt-PT\",\"@id\":\"https:\\\/\\\/algarve7.pt\\\/#\\\/schema\\\/logo\\\/image\\\/\",\"url\":\"https:\\\/\\\/algarve7.pt\\\/wp-content\\\/uploads\\\/2020\\\/10\\\/Logo-8.jpg\",\"contentUrl\":\"https:\\\/\\\/algarve7.pt\\\/wp-content\\\/uploads\\\/2020\\\/10\\\/Logo-8.jpg\",\"width\":1680,\"height\":1186,\"caption\":\"Algarve 7\"},\"image\":{\"@id\":\"https:\\\/\\\/algarve7.pt\\\/#\\\/schema\\\/logo\\\/image\\\/\"},\"sameAs\":[\"https:\\\/\\\/www.facebook.com\\\/algarve7\",\"https:\\\/\\\/x.com\\\/Algarvesete\",\"https:\\\/\\\/www.instagram.com\\\/jornalalgarve7\\\/\",\"https:\\\/\\\/www.linkedin.com\\\/company\\\/algarve7\",\"https:\\\/\\\/www.pinterest.pt\\\/geral0939\\\/_created\\\/\"]},{\"@type\":\"Person\",\"@id\":\"https:\\\/\\\/algarve7.pt\\\/#\\\/schema\\\/person\\\/23fa70681308e7b319a3204bcea45e0c\",\"name\":\"Algarve 7\",\"sameAs\":[\"https:\\\/\\\/algarve7.pt\",\"https:\\\/\\\/www.facebook.com\\\/algarve7\"],\"url\":\"https:\\\/\\\/algarve7.pt\\\/index.php\\\/author\\\/geralalgarve7-pt\\\/\"}]}<\/script>\n<!-- \/ Yoast SEO plugin. -->","yoast_head_json":{"title":"GNR associa-se ao Dia Mundial de Combate ao bullying, - Algarve 7","description":"GNR associa-se ao Dia Mundial de Combate ao bullying, Nacional","robots":{"index":"index","follow":"follow","max-snippet":"max-snippet:-1","max-image-preview":"max-image-preview:large","max-video-preview":"max-video-preview:-1"},"canonical":"https:\/\/algarve7.pt\/index.php\/2021\/10\/gnr-associa-se-ao-dia-mundial-de-combate-ao-bullying\/nacional\/08\/09\/","og_locale":"pt_PT","og_type":"article","og_title":"GNR associa-se ao Dia Mundial de Combate ao bullying, - Algarve 7","og_description":"GNR associa-se ao Dia Mundial de Combate ao bullying, Nacional","og_url":"https:\/\/algarve7.pt\/index.php\/2021\/10\/gnr-associa-se-ao-dia-mundial-de-combate-ao-bullying\/nacional\/08\/09\/","og_site_name":"Algarve 7","article_publisher":"https:\/\/www.facebook.com\/algarve7","article_author":"https:\/\/www.facebook.com\/algarve7","article_published_time":"2021-10-20T07:09:59+00:00","article_modified_time":"2021-10-20T07:10:02+00:00","og_image":[{"width":600,"height":432,"url":"https:\/\/algarve7.pt\/wp-content\/uploads\/2021\/10\/GNR-Bullying-e1634713776422.png","type":"image\/png"}],"author":"Algarve 7","twitter_card":"summary_large_image","twitter_creator":"@Algarvesete","twitter_site":"@Algarvesete","twitter_misc":{"Escrito por":"Algarve 7","Tempo estimado de leitura":"3 minutos"},"schema":{"@context":"https:\/\/schema.org","@graph":[{"@type":"Article","@id":"https:\/\/algarve7.pt\/index.php\/2021\/10\/gnr-associa-se-ao-dia-mundial-de-combate-ao-bullying\/nacional\/08\/09\/#article","isPartOf":{"@id":"https:\/\/algarve7.pt\/index.php\/2021\/10\/gnr-associa-se-ao-dia-mundial-de-combate-ao-bullying\/nacional\/08\/09\/"},"author":{"name":"Algarve 7","@id":"https:\/\/algarve7.pt\/#\/schema\/person\/23fa70681308e7b319a3204bcea45e0c"},"headline":"GNR associa-se ao Dia Mundial de Combate ao bullying,","datePublished":"2021-10-20T07:09:59+00:00","dateModified":"2021-10-20T07:10:02+00:00","mainEntityOfPage":{"@id":"https:\/\/algarve7.pt\/index.php\/2021\/10\/gnr-associa-se-ao-dia-mundial-de-combate-ao-bullying\/nacional\/08\/09\/"},"wordCount":640,"commentCount":0,"publisher":{"@id":"https:\/\/algarve7.pt\/#organization"},"image":{"@id":"https:\/\/algarve7.pt\/index.php\/2021\/10\/gnr-associa-se-ao-dia-mundial-de-combate-ao-bullying\/nacional\/08\/09\/#primaryimage"},"thumbnailUrl":"https:\/\/algarve7.pt\/wp-content\/uploads\/2021\/10\/GNR-Bullying-e1634713776422.png","keywords":["Atualidade","GNR","Nacional"],"articleSection":["Nacional"],"inLanguage":"pt-PT","potentialAction":[{"@type":"CommentAction","name":"Comment","target":["https:\/\/algarve7.pt\/index.php\/2021\/10\/gnr-associa-se-ao-dia-mundial-de-combate-ao-bullying\/nacional\/08\/09\/#respond"]}]},{"@type":"WebPage","@id":"https:\/\/algarve7.pt\/index.php\/2021\/10\/gnr-associa-se-ao-dia-mundial-de-combate-ao-bullying\/nacional\/08\/09\/","url":"https:\/\/algarve7.pt\/index.php\/2021\/10\/gnr-associa-se-ao-dia-mundial-de-combate-ao-bullying\/nacional\/08\/09\/","name":"GNR associa-se ao Dia Mundial de Combate ao bullying, - Algarve 7","isPartOf":{"@id":"https:\/\/algarve7.pt\/#website"},"primaryImageOfPage":{"@id":"https:\/\/algarve7.pt\/index.php\/2021\/10\/gnr-associa-se-ao-dia-mundial-de-combate-ao-bullying\/nacional\/08\/09\/#primaryimage"},"image":{"@id":"https:\/\/algarve7.pt\/index.php\/2021\/10\/gnr-associa-se-ao-dia-mundial-de-combate-ao-bullying\/nacional\/08\/09\/#primaryimage"},"thumbnailUrl":"https:\/\/algarve7.pt\/wp-content\/uploads\/2021\/10\/GNR-Bullying-e1634713776422.png","datePublished":"2021-10-20T07:09:59+00:00","dateModified":"2021-10-20T07:10:02+00:00","description":"GNR associa-se ao Dia Mundial de Combate ao bullying, Nacional","breadcrumb":{"@id":"https:\/\/algarve7.pt\/index.php\/2021\/10\/gnr-associa-se-ao-dia-mundial-de-combate-ao-bullying\/nacional\/08\/09\/#breadcrumb"},"inLanguage":"pt-PT","potentialAction":[{"@type":"ReadAction","target":["https:\/\/algarve7.pt\/index.php\/2021\/10\/gnr-associa-se-ao-dia-mundial-de-combate-ao-bullying\/nacional\/08\/09\/"]}]},{"@type":"ImageObject","inLanguage":"pt-PT","@id":"https:\/\/algarve7.pt\/index.php\/2021\/10\/gnr-associa-se-ao-dia-mundial-de-combate-ao-bullying\/nacional\/08\/09\/#primaryimage","url":"https:\/\/algarve7.pt\/wp-content\/uploads\/2021\/10\/GNR-Bullying-e1634713776422.png","contentUrl":"https:\/\/algarve7.pt\/wp-content\/uploads\/2021\/10\/GNR-Bullying-e1634713776422.png","width":600,"height":432},{"@type":"BreadcrumbList","@id":"https:\/\/algarve7.pt\/index.php\/2021\/10\/gnr-associa-se-ao-dia-mundial-de-combate-ao-bullying\/nacional\/08\/09\/#breadcrumb","itemListElement":[{"@type":"ListItem","position":1,"name":"In\u00edcio","item":"https:\/\/algarve7.pt\/"},{"@type":"ListItem","position":2,"name":"GNR associa-se ao Dia Mundial de Combate ao bullying,"}]},{"@type":"WebSite","@id":"https:\/\/algarve7.pt\/#website","url":"https:\/\/algarve7.pt\/","name":"Algarve 7","description":"Informa\u00e7\u00e3o sobre o Algarve","publisher":{"@id":"https:\/\/algarve7.pt\/#organization"},"potentialAction":[{"@type":"SearchAction","target":{"@type":"EntryPoint","urlTemplate":"https:\/\/algarve7.pt\/?s={search_term_string}"},"query-input":{"@type":"PropertyValueSpecification","valueRequired":true,"valueName":"search_term_string"}}],"inLanguage":"pt-PT"},{"@type":"Organization","@id":"https:\/\/algarve7.pt\/#organization","name":"Algarve 7","url":"https:\/\/algarve7.pt\/","logo":{"@type":"ImageObject","inLanguage":"pt-PT","@id":"https:\/\/algarve7.pt\/#\/schema\/logo\/image\/","url":"https:\/\/algarve7.pt\/wp-content\/uploads\/2020\/10\/Logo-8.jpg","contentUrl":"https:\/\/algarve7.pt\/wp-content\/uploads\/2020\/10\/Logo-8.jpg","width":1680,"height":1186,"caption":"Algarve 7"},"image":{"@id":"https:\/\/algarve7.pt\/#\/schema\/logo\/image\/"},"sameAs":["https:\/\/www.facebook.com\/algarve7","https:\/\/x.com\/Algarvesete","https:\/\/www.instagram.com\/jornalalgarve7\/","https:\/\/www.linkedin.com\/company\/algarve7","https:\/\/www.pinterest.pt\/geral0939\/_created\/"]},{"@type":"Person","@id":"https:\/\/algarve7.pt\/#\/schema\/person\/23fa70681308e7b319a3204bcea45e0c","name":"Algarve 7","sameAs":["https:\/\/algarve7.pt","https:\/\/www.facebook.com\/algarve7"],"url":"https:\/\/algarve7.pt\/index.php\/author\/geralalgarve7-pt\/"}]}},"jetpack_publicize_connections":[],"jetpack_featured_media_url":"https:\/\/algarve7.pt\/wp-content\/uploads\/2021\/10\/GNR-Bullying-e1634713776422.png","jetpack_shortlink":"https:\/\/wp.me\/pcezmW-3bw","jetpack_sharing_enabled":true,"_links":{"self":[{"href":"https:\/\/algarve7.pt\/index.php\/wp-json\/wp\/v2\/posts\/12246","targetHints":{"allow":["GET"]}}],"collection":[{"href":"https:\/\/algarve7.pt\/index.php\/wp-json\/wp\/v2\/posts"}],"about":[{"href":"https:\/\/algarve7.pt\/index.php\/wp-json\/wp\/v2\/types\/post"}],"author":[{"embeddable":true,"href":"https:\/\/algarve7.pt\/index.php\/wp-json\/wp\/v2\/users\/1"}],"replies":[{"embeddable":true,"href":"https:\/\/algarve7.pt\/index.php\/wp-json\/wp\/v2\/comments?post=12246"}],"version-history":[{"count":0,"href":"https:\/\/algarve7.pt\/index.php\/wp-json\/wp\/v2\/posts\/12246\/revisions"}],"wp:featuredmedia":[{"embeddable":true,"href":"https:\/\/algarve7.pt\/index.php\/wp-json\/wp\/v2\/media\/12247"}],"wp:attachment":[{"href":"https:\/\/algarve7.pt\/index.php\/wp-json\/wp\/v2\/media?parent=12246"}],"wp:term":[{"taxonomy":"category","embeddable":true,"href":"https:\/\/algarve7.pt\/index.php\/wp-json\/wp\/v2\/categories?post=12246"},{"taxonomy":"post_tag","embeddable":true,"href":"https:\/\/algarve7.pt\/index.php\/wp-json\/wp\/v2\/tags?post=12246"}],"curies":[{"name":"wp","href":"https:\/\/api.w.org\/{rel}","templated":true}]}}