{"id":12212,"date":"2021-10-19T15:15:00","date_gmt":"2021-10-19T14:15:00","guid":{"rendered":"https:\/\/algarve7.pt\/?p=12212"},"modified":"2021-10-19T12:00:13","modified_gmt":"2021-10-19T11:00:13","slug":"instalado-parque-intergeracional-em-sao-marcos-da-serra","status":"publish","type":"post","link":"https:\/\/algarve7.pt\/index.php\/2021\/10\/instalado-parque-intergeracional-em-sao-marcos-da-serra\/desporto\/15\/15\/","title":{"rendered":"Instalado parque intergeracional em S\u00e3o Marcos da Serra"},"content":{"rendered":"\n<p>O parque intergeracional de S\u00e3o Marcos da Serra abriu ao p\u00fablico, no passado dia 15 de outubro, com este investimento a Autarquia de Silves, permite que toda a popula\u00e7\u00e3o, desde os mais novos aos mais velhos, possam usufruir deste novo espa\u00e7o, fomentando assim o conv\u00edvio das diferentes gera\u00e7\u00f5es.<\/p>\n\n\n\n<p>Este Parque encontra-se apetrechado com diversos equipamentos\/fun\u00e7\u00f5es: C\u00edrculo de Bra\u00e7os: melhora a mobilidade e amplitude das articula\u00e7\u00f5es dos membros superiores, e refor\u00e7a a musculatura dos ombros; Elevador (Duplo): refor\u00e7a e desenvolve a musculatura do tronco e dos membros superiores (peito e costas), melhorando a capacidade cardio-pulmonar; Balan\u00e7a (Duplo): desenvolve e refor\u00e7a a musculatura das pernas e cintura, especificamente dos quadric\u00edpetes, g\u00e9meos, gl\u00fateos e m\u00fasculos abdominal inferior; Esqui de Fundo: melhora a mobilidade dos membros superiores e inferiores e melhora a flexibilidade das articula\u00e7\u00f5es, e permite exercitar a coordena\u00e7\u00e3o inter-segmentar e o equil\u00edbrio.<\/p>\n\n\n\n<p>Esperamos o usufruto em pleno por toda a popula\u00e7\u00e3o.<\/p>\n\n\n\n<p><strong>Localiza\u00e7\u00e3o<\/strong><\/p>\n\n\n\n<p>Localidade: S. Marcos da Serra<\/p>\n\n\n\n<p>Coord. GPS:&nbsp;<a href=\"https:\/\/www.google.pt\/maps\/place\/37%C2%B021'34.4%22N+8%C2%B022'35.1%22W\/@37.3595431,-8.3769562,215m\/data=!3m2!1e3!4b1!4m6!3m5!1s0x0:0x0!7e2!8m2!3d37.3595422!4d-8.3764094?hl=pt-PT\">37.359542, -8.376409<\/a><\/p>\n","protected":false},"excerpt":{"rendered":"<p>O parque intergeracional de S\u00e3o Marcos da Serra abriu ao p\u00fablico, no passado dia 15 de outubro, com este investimento<\/p>\n","protected":false},"author":1,"featured_media":12213,"comment_status":"open","ping_status":"open","sticky":false,"template":"","format":"standard","meta":{"colormag_page_container_layout":"default_layout","colormag_page_sidebar_layout":"default_layout","_monsterinsights_skip_tracking":false,"_monsterinsights_sitenote_active":false,"_monsterinsights_sitenote_note":"","_monsterinsights_sitenote_category":0,"jetpack_post_was_ever_published":false,"_jetpack_newsletter_access":"","_jetpack_dont_email_post_to_subs":false,"_jetpack_newsletter_tier_id":0,"_jetpack_memberships_contains_paywalled_content":false,"_jetpack_memberships_contains_paid_content":false,"footnotes":"","jetpack_publicize_message":"","jetpack_publicize_feature_enabled":true,"jetpack_social_post_already_shared":true,"jetpack_social_options":{"image_generator_settings":{"template":"highway","default_image_id":0,"font":"","enabled":false},"version":2}},"categories":[15],"tags":[36,40,330,42],"class_list":["post-12212","post","type-post","status-publish","format-standard","has-post-thumbnail","hentry","category-desporto","tag-algarve","tag-desporto","tag-sao-marcos-da-serra","tag-silves"],"yoast_head":"<!-- This site is optimized with the Yoast SEO plugin v27.5 - https:\/\/yoast.com\/product\/yoast-seo-wordpress\/ -->\n<title>Instalado parque intergeracional em S\u00e3o Marcos da Serra - Algarve 7<\/title>\n<meta name=\"description\" content=\"Instalado parque intergeracional em S\u00e3o Marcos da Serra Desporto\" \/>\n<meta name=\"robots\" content=\"index, follow, max-snippet:-1, max-image-preview:large, max-video-preview:-1\" \/>\n<link rel=\"canonical\" href=\"https:\/\/algarve7.pt\/index.php\/2021\/10\/instalado-parque-intergeracional-em-sao-marcos-da-serra\/desporto\/15\/15\/\" \/>\n<meta property=\"og:locale\" content=\"pt_PT\" \/>\n<meta property=\"og:type\" content=\"article\" \/>\n<meta property=\"og:title\" content=\"Instalado parque intergeracional em S\u00e3o Marcos da Serra - Algarve 7\" \/>\n<meta property=\"og:description\" content=\"Instalado parque intergeracional em S\u00e3o Marcos da Serra Desporto\" \/>\n<meta property=\"og:url\" content=\"https:\/\/algarve7.pt\/index.php\/2021\/10\/instalado-parque-intergeracional-em-sao-marcos-da-serra\/desporto\/15\/15\/\" \/>\n<meta property=\"og:site_name\" content=\"Algarve 7\" \/>\n<meta property=\"article:publisher\" content=\"https:\/\/www.facebook.com\/algarve7\" \/>\n<meta property=\"article:author\" content=\"https:\/\/www.facebook.com\/algarve7\" \/>\n<meta property=\"article:published_time\" content=\"2021-10-19T14:15:00+00:00\" \/>\n<meta property=\"og:image\" content=\"https:\/\/algarve7.pt\/wp-content\/uploads\/2021\/10\/Parque-Geriatrico_NOTICIA.jpg\" \/>\n\t<meta property=\"og:image:width\" content=\"1280\" \/>\n\t<meta property=\"og:image:height\" content=\"620\" \/>\n\t<meta property=\"og:image:type\" content=\"image\/jpeg\" \/>\n<meta name=\"author\" content=\"Algarve 7\" \/>\n<meta name=\"twitter:card\" content=\"summary_large_image\" \/>\n<meta name=\"twitter:creator\" content=\"@Algarvesete\" \/>\n<meta name=\"twitter:site\" content=\"@Algarvesete\" \/>\n<meta name=\"twitter:label1\" content=\"Escrito por\" \/>\n\t<meta name=\"twitter:data1\" content=\"Algarve 7\" \/>\n\t<meta name=\"twitter:label2\" content=\"Tempo estimado de leitura\" \/>\n\t<meta name=\"twitter:data2\" content=\"1 minuto\" \/>\n<script type=\"application\/ld+json\" class=\"yoast-schema-graph\">{\"@context\":\"https:\\\/\\\/schema.org\",\"@graph\":[{\"@type\":\"Article\",\"@id\":\"https:\\\/\\\/algarve7.pt\\\/index.php\\\/2021\\\/10\\\/instalado-parque-intergeracional-em-sao-marcos-da-serra\\\/desporto\\\/15\\\/15\\\/#article\",\"isPartOf\":{\"@id\":\"https:\\\/\\\/algarve7.pt\\\/index.php\\\/2021\\\/10\\\/instalado-parque-intergeracional-em-sao-marcos-da-serra\\\/desporto\\\/15\\\/15\\\/\"},\"author\":{\"name\":\"Algarve 7\",\"@id\":\"https:\\\/\\\/algarve7.pt\\\/#\\\/schema\\\/person\\\/23fa70681308e7b319a3204bcea45e0c\"},\"headline\":\"Instalado parque intergeracional em S\u00e3o Marcos da Serra\",\"datePublished\":\"2021-10-19T14:15:00+00:00\",\"mainEntityOfPage\":{\"@id\":\"https:\\\/\\\/algarve7.pt\\\/index.php\\\/2021\\\/10\\\/instalado-parque-intergeracional-em-sao-marcos-da-serra\\\/desporto\\\/15\\\/15\\\/\"},\"wordCount\":191,\"commentCount\":0,\"publisher\":{\"@id\":\"https:\\\/\\\/algarve7.pt\\\/#organization\"},\"image\":{\"@id\":\"https:\\\/\\\/algarve7.pt\\\/index.php\\\/2021\\\/10\\\/instalado-parque-intergeracional-em-sao-marcos-da-serra\\\/desporto\\\/15\\\/15\\\/#primaryimage\"},\"thumbnailUrl\":\"https:\\\/\\\/algarve7.pt\\\/wp-content\\\/uploads\\\/2021\\\/10\\\/Parque-Geriatrico_NOTICIA.jpg\",\"keywords\":[\"Algarve\",\"Desporto\",\"S\u00e3o Marcos da Serra\",\"Silves\"],\"articleSection\":[\"Desporto\"],\"inLanguage\":\"pt-PT\",\"potentialAction\":[{\"@type\":\"CommentAction\",\"name\":\"Comment\",\"target\":[\"https:\\\/\\\/algarve7.pt\\\/index.php\\\/2021\\\/10\\\/instalado-parque-intergeracional-em-sao-marcos-da-serra\\\/desporto\\\/15\\\/15\\\/#respond\"]}]},{\"@type\":\"WebPage\",\"@id\":\"https:\\\/\\\/algarve7.pt\\\/index.php\\\/2021\\\/10\\\/instalado-parque-intergeracional-em-sao-marcos-da-serra\\\/desporto\\\/15\\\/15\\\/\",\"url\":\"https:\\\/\\\/algarve7.pt\\\/index.php\\\/2021\\\/10\\\/instalado-parque-intergeracional-em-sao-marcos-da-serra\\\/desporto\\\/15\\\/15\\\/\",\"name\":\"Instalado parque intergeracional em S\u00e3o Marcos da Serra - Algarve 7\",\"isPartOf\":{\"@id\":\"https:\\\/\\\/algarve7.pt\\\/#website\"},\"primaryImageOfPage\":{\"@id\":\"https:\\\/\\\/algarve7.pt\\\/index.php\\\/2021\\\/10\\\/instalado-parque-intergeracional-em-sao-marcos-da-serra\\\/desporto\\\/15\\\/15\\\/#primaryimage\"},\"image\":{\"@id\":\"https:\\\/\\\/algarve7.pt\\\/index.php\\\/2021\\\/10\\\/instalado-parque-intergeracional-em-sao-marcos-da-serra\\\/desporto\\\/15\\\/15\\\/#primaryimage\"},\"thumbnailUrl\":\"https:\\\/\\\/algarve7.pt\\\/wp-content\\\/uploads\\\/2021\\\/10\\\/Parque-Geriatrico_NOTICIA.jpg\",\"datePublished\":\"2021-10-19T14:15:00+00:00\",\"description\":\"Instalado parque intergeracional em S\u00e3o Marcos da Serra Desporto\",\"breadcrumb\":{\"@id\":\"https:\\\/\\\/algarve7.pt\\\/index.php\\\/2021\\\/10\\\/instalado-parque-intergeracional-em-sao-marcos-da-serra\\\/desporto\\\/15\\\/15\\\/#breadcrumb\"},\"inLanguage\":\"pt-PT\",\"potentialAction\":[{\"@type\":\"ReadAction\",\"target\":[\"https:\\\/\\\/algarve7.pt\\\/index.php\\\/2021\\\/10\\\/instalado-parque-intergeracional-em-sao-marcos-da-serra\\\/desporto\\\/15\\\/15\\\/\"]}]},{\"@type\":\"ImageObject\",\"inLanguage\":\"pt-PT\",\"@id\":\"https:\\\/\\\/algarve7.pt\\\/index.php\\\/2021\\\/10\\\/instalado-parque-intergeracional-em-sao-marcos-da-serra\\\/desporto\\\/15\\\/15\\\/#primaryimage\",\"url\":\"https:\\\/\\\/algarve7.pt\\\/wp-content\\\/uploads\\\/2021\\\/10\\\/Parque-Geriatrico_NOTICIA.jpg\",\"contentUrl\":\"https:\\\/\\\/algarve7.pt\\\/wp-content\\\/uploads\\\/2021\\\/10\\\/Parque-Geriatrico_NOTICIA.jpg\",\"width\":1280,\"height\":620},{\"@type\":\"BreadcrumbList\",\"@id\":\"https:\\\/\\\/algarve7.pt\\\/index.php\\\/2021\\\/10\\\/instalado-parque-intergeracional-em-sao-marcos-da-serra\\\/desporto\\\/15\\\/15\\\/#breadcrumb\",\"itemListElement\":[{\"@type\":\"ListItem\",\"position\":1,\"name\":\"In\u00edcio\",\"item\":\"https:\\\/\\\/algarve7.pt\\\/\"},{\"@type\":\"ListItem\",\"position\":2,\"name\":\"Instalado parque intergeracional em S\u00e3o Marcos da Serra\"}]},{\"@type\":\"WebSite\",\"@id\":\"https:\\\/\\\/algarve7.pt\\\/#website\",\"url\":\"https:\\\/\\\/algarve7.pt\\\/\",\"name\":\"Algarve 7\",\"description\":\"Informa\u00e7\u00e3o sobre o Algarve\",\"publisher\":{\"@id\":\"https:\\\/\\\/algarve7.pt\\\/#organization\"},\"potentialAction\":[{\"@type\":\"SearchAction\",\"target\":{\"@type\":\"EntryPoint\",\"urlTemplate\":\"https:\\\/\\\/algarve7.pt\\\/?s={search_term_string}\"},\"query-input\":{\"@type\":\"PropertyValueSpecification\",\"valueRequired\":true,\"valueName\":\"search_term_string\"}}],\"inLanguage\":\"pt-PT\"},{\"@type\":\"Organization\",\"@id\":\"https:\\\/\\\/algarve7.pt\\\/#organization\",\"name\":\"Algarve 7\",\"url\":\"https:\\\/\\\/algarve7.pt\\\/\",\"logo\":{\"@type\":\"ImageObject\",\"inLanguage\":\"pt-PT\",\"@id\":\"https:\\\/\\\/algarve7.pt\\\/#\\\/schema\\\/logo\\\/image\\\/\",\"url\":\"https:\\\/\\\/algarve7.pt\\\/wp-content\\\/uploads\\\/2020\\\/10\\\/Logo-8.jpg\",\"contentUrl\":\"https:\\\/\\\/algarve7.pt\\\/wp-content\\\/uploads\\\/2020\\\/10\\\/Logo-8.jpg\",\"width\":1680,\"height\":1186,\"caption\":\"Algarve 7\"},\"image\":{\"@id\":\"https:\\\/\\\/algarve7.pt\\\/#\\\/schema\\\/logo\\\/image\\\/\"},\"sameAs\":[\"https:\\\/\\\/www.facebook.com\\\/algarve7\",\"https:\\\/\\\/x.com\\\/Algarvesete\",\"https:\\\/\\\/www.instagram.com\\\/jornalalgarve7\\\/\",\"https:\\\/\\\/www.linkedin.com\\\/company\\\/algarve7\",\"https:\\\/\\\/www.pinterest.pt\\\/geral0939\\\/_created\\\/\"]},{\"@type\":\"Person\",\"@id\":\"https:\\\/\\\/algarve7.pt\\\/#\\\/schema\\\/person\\\/23fa70681308e7b319a3204bcea45e0c\",\"name\":\"Algarve 7\",\"sameAs\":[\"https:\\\/\\\/algarve7.pt\",\"https:\\\/\\\/www.facebook.com\\\/algarve7\"],\"url\":\"https:\\\/\\\/algarve7.pt\\\/index.php\\\/author\\\/geralalgarve7-pt\\\/\"}]}<\/script>\n<!-- \/ Yoast SEO plugin. -->","yoast_head_json":{"title":"Instalado parque intergeracional em S\u00e3o Marcos da Serra - Algarve 7","description":"Instalado parque intergeracional em S\u00e3o Marcos da Serra Desporto","robots":{"index":"index","follow":"follow","max-snippet":"max-snippet:-1","max-image-preview":"max-image-preview:large","max-video-preview":"max-video-preview:-1"},"canonical":"https:\/\/algarve7.pt\/index.php\/2021\/10\/instalado-parque-intergeracional-em-sao-marcos-da-serra\/desporto\/15\/15\/","og_locale":"pt_PT","og_type":"article","og_title":"Instalado parque intergeracional em S\u00e3o Marcos da Serra - Algarve 7","og_description":"Instalado parque intergeracional em S\u00e3o Marcos da Serra Desporto","og_url":"https:\/\/algarve7.pt\/index.php\/2021\/10\/instalado-parque-intergeracional-em-sao-marcos-da-serra\/desporto\/15\/15\/","og_site_name":"Algarve 7","article_publisher":"https:\/\/www.facebook.com\/algarve7","article_author":"https:\/\/www.facebook.com\/algarve7","article_published_time":"2021-10-19T14:15:00+00:00","og_image":[{"width":1280,"height":620,"url":"https:\/\/algarve7.pt\/wp-content\/uploads\/2021\/10\/Parque-Geriatrico_NOTICIA.jpg","type":"image\/jpeg"}],"author":"Algarve 7","twitter_card":"summary_large_image","twitter_creator":"@Algarvesete","twitter_site":"@Algarvesete","twitter_misc":{"Escrito por":"Algarve 7","Tempo estimado de leitura":"1 minuto"},"schema":{"@context":"https:\/\/schema.org","@graph":[{"@type":"Article","@id":"https:\/\/algarve7.pt\/index.php\/2021\/10\/instalado-parque-intergeracional-em-sao-marcos-da-serra\/desporto\/15\/15\/#article","isPartOf":{"@id":"https:\/\/algarve7.pt\/index.php\/2021\/10\/instalado-parque-intergeracional-em-sao-marcos-da-serra\/desporto\/15\/15\/"},"author":{"name":"Algarve 7","@id":"https:\/\/algarve7.pt\/#\/schema\/person\/23fa70681308e7b319a3204bcea45e0c"},"headline":"Instalado parque intergeracional em S\u00e3o Marcos da Serra","datePublished":"2021-10-19T14:15:00+00:00","mainEntityOfPage":{"@id":"https:\/\/algarve7.pt\/index.php\/2021\/10\/instalado-parque-intergeracional-em-sao-marcos-da-serra\/desporto\/15\/15\/"},"wordCount":191,"commentCount":0,"publisher":{"@id":"https:\/\/algarve7.pt\/#organization"},"image":{"@id":"https:\/\/algarve7.pt\/index.php\/2021\/10\/instalado-parque-intergeracional-em-sao-marcos-da-serra\/desporto\/15\/15\/#primaryimage"},"thumbnailUrl":"https:\/\/algarve7.pt\/wp-content\/uploads\/2021\/10\/Parque-Geriatrico_NOTICIA.jpg","keywords":["Algarve","Desporto","S\u00e3o Marcos da Serra","Silves"],"articleSection":["Desporto"],"inLanguage":"pt-PT","potentialAction":[{"@type":"CommentAction","name":"Comment","target":["https:\/\/algarve7.pt\/index.php\/2021\/10\/instalado-parque-intergeracional-em-sao-marcos-da-serra\/desporto\/15\/15\/#respond"]}]},{"@type":"WebPage","@id":"https:\/\/algarve7.pt\/index.php\/2021\/10\/instalado-parque-intergeracional-em-sao-marcos-da-serra\/desporto\/15\/15\/","url":"https:\/\/algarve7.pt\/index.php\/2021\/10\/instalado-parque-intergeracional-em-sao-marcos-da-serra\/desporto\/15\/15\/","name":"Instalado parque intergeracional em S\u00e3o Marcos da Serra - Algarve 7","isPartOf":{"@id":"https:\/\/algarve7.pt\/#website"},"primaryImageOfPage":{"@id":"https:\/\/algarve7.pt\/index.php\/2021\/10\/instalado-parque-intergeracional-em-sao-marcos-da-serra\/desporto\/15\/15\/#primaryimage"},"image":{"@id":"https:\/\/algarve7.pt\/index.php\/2021\/10\/instalado-parque-intergeracional-em-sao-marcos-da-serra\/desporto\/15\/15\/#primaryimage"},"thumbnailUrl":"https:\/\/algarve7.pt\/wp-content\/uploads\/2021\/10\/Parque-Geriatrico_NOTICIA.jpg","datePublished":"2021-10-19T14:15:00+00:00","description":"Instalado parque intergeracional em S\u00e3o Marcos da Serra Desporto","breadcrumb":{"@id":"https:\/\/algarve7.pt\/index.php\/2021\/10\/instalado-parque-intergeracional-em-sao-marcos-da-serra\/desporto\/15\/15\/#breadcrumb"},"inLanguage":"pt-PT","potentialAction":[{"@type":"ReadAction","target":["https:\/\/algarve7.pt\/index.php\/2021\/10\/instalado-parque-intergeracional-em-sao-marcos-da-serra\/desporto\/15\/15\/"]}]},{"@type":"ImageObject","inLanguage":"pt-PT","@id":"https:\/\/algarve7.pt\/index.php\/2021\/10\/instalado-parque-intergeracional-em-sao-marcos-da-serra\/desporto\/15\/15\/#primaryimage","url":"https:\/\/algarve7.pt\/wp-content\/uploads\/2021\/10\/Parque-Geriatrico_NOTICIA.jpg","contentUrl":"https:\/\/algarve7.pt\/wp-content\/uploads\/2021\/10\/Parque-Geriatrico_NOTICIA.jpg","width":1280,"height":620},{"@type":"BreadcrumbList","@id":"https:\/\/algarve7.pt\/index.php\/2021\/10\/instalado-parque-intergeracional-em-sao-marcos-da-serra\/desporto\/15\/15\/#breadcrumb","itemListElement":[{"@type":"ListItem","position":1,"name":"In\u00edcio","item":"https:\/\/algarve7.pt\/"},{"@type":"ListItem","position":2,"name":"Instalado parque intergeracional em S\u00e3o Marcos da Serra"}]},{"@type":"WebSite","@id":"https:\/\/algarve7.pt\/#website","url":"https:\/\/algarve7.pt\/","name":"Algarve 7","description":"Informa\u00e7\u00e3o sobre o Algarve","publisher":{"@id":"https:\/\/algarve7.pt\/#organization"},"potentialAction":[{"@type":"SearchAction","target":{"@type":"EntryPoint","urlTemplate":"https:\/\/algarve7.pt\/?s={search_term_string}"},"query-input":{"@type":"PropertyValueSpecification","valueRequired":true,"valueName":"search_term_string"}}],"inLanguage":"pt-PT"},{"@type":"Organization","@id":"https:\/\/algarve7.pt\/#organization","name":"Algarve 7","url":"https:\/\/algarve7.pt\/","logo":{"@type":"ImageObject","inLanguage":"pt-PT","@id":"https:\/\/algarve7.pt\/#\/schema\/logo\/image\/","url":"https:\/\/algarve7.pt\/wp-content\/uploads\/2020\/10\/Logo-8.jpg","contentUrl":"https:\/\/algarve7.pt\/wp-content\/uploads\/2020\/10\/Logo-8.jpg","width":1680,"height":1186,"caption":"Algarve 7"},"image":{"@id":"https:\/\/algarve7.pt\/#\/schema\/logo\/image\/"},"sameAs":["https:\/\/www.facebook.com\/algarve7","https:\/\/x.com\/Algarvesete","https:\/\/www.instagram.com\/jornalalgarve7\/","https:\/\/www.linkedin.com\/company\/algarve7","https:\/\/www.pinterest.pt\/geral0939\/_created\/"]},{"@type":"Person","@id":"https:\/\/algarve7.pt\/#\/schema\/person\/23fa70681308e7b319a3204bcea45e0c","name":"Algarve 7","sameAs":["https:\/\/algarve7.pt","https:\/\/www.facebook.com\/algarve7"],"url":"https:\/\/algarve7.pt\/index.php\/author\/geralalgarve7-pt\/"}]}},"jetpack_publicize_connections":[],"jetpack_featured_media_url":"https:\/\/algarve7.pt\/wp-content\/uploads\/2021\/10\/Parque-Geriatrico_NOTICIA.jpg","jetpack_shortlink":"https:\/\/wp.me\/pcezmW-3aY","jetpack_sharing_enabled":true,"_links":{"self":[{"href":"https:\/\/algarve7.pt\/index.php\/wp-json\/wp\/v2\/posts\/12212","targetHints":{"allow":["GET"]}}],"collection":[{"href":"https:\/\/algarve7.pt\/index.php\/wp-json\/wp\/v2\/posts"}],"about":[{"href":"https:\/\/algarve7.pt\/index.php\/wp-json\/wp\/v2\/types\/post"}],"author":[{"embeddable":true,"href":"https:\/\/algarve7.pt\/index.php\/wp-json\/wp\/v2\/users\/1"}],"replies":[{"embeddable":true,"href":"https:\/\/algarve7.pt\/index.php\/wp-json\/wp\/v2\/comments?post=12212"}],"version-history":[{"count":0,"href":"https:\/\/algarve7.pt\/index.php\/wp-json\/wp\/v2\/posts\/12212\/revisions"}],"wp:featuredmedia":[{"embeddable":true,"href":"https:\/\/algarve7.pt\/index.php\/wp-json\/wp\/v2\/media\/12213"}],"wp:attachment":[{"href":"https:\/\/algarve7.pt\/index.php\/wp-json\/wp\/v2\/media?parent=12212"}],"wp:term":[{"taxonomy":"category","embeddable":true,"href":"https:\/\/algarve7.pt\/index.php\/wp-json\/wp\/v2\/categories?post=12212"},{"taxonomy":"post_tag","embeddable":true,"href":"https:\/\/algarve7.pt\/index.php\/wp-json\/wp\/v2\/tags?post=12212"}],"curies":[{"name":"wp","href":"https:\/\/api.w.org\/{rel}","templated":true}]}}