{"id":1217,"date":"2020-09-09T10:34:53","date_gmt":"2020-09-09T09:34:53","guid":{"rendered":"https:\/\/algarve7.pt\/?p=1217"},"modified":"2020-09-09T10:34:53","modified_gmt":"2020-09-09T09:34:53","slug":"concertos-de-francisco-morais-franco-e-de-ensemblem-med-assinalam-a-abertura-do-7o-festival-internacional-de-guitarra-de-lagoa","status":"publish","type":"post","link":"https:\/\/algarve7.pt\/index.php\/2020\/09\/concertos-de-francisco-morais-franco-e-de-ensemblem-med-assinalam-a-abertura-do-7o-festival-internacional-de-guitarra-de-lagoa\/cultura\/10\/34\/","title":{"rendered":"Concertos de \u201cFrancisco Morais Franco\u201d e de \u201cEnsemblem Med\u201d assinalam a abertura do \u201c7\u00ba Festival Internacional\u201d de Guitarra de Lagoa"},"content":{"rendered":"\n<p>Os concertos de \u201c<strong>Francisco Morais Franco<\/strong>\u201d e de \u201c<strong>Ensemblem Med<\/strong>\u201d assinalam a abertura do \u201c<strong>7\u00ba Festival Internacional<\/strong>\u201d de Guitarra de Lagoa, no pr\u00f3ximo dia 12 de setembro, pelas 17h30, na Igreja de Ferragudo.<\/p>\n\n\n\n<p>A entrada \u00e9 gratuita, no entanto, \u00e9 necess\u00e1rio levantar bilhete antecipadamente no Centro Cultural Convento de S. Jos\u00e9 de segunda-feira a sexta-feira entre as 10h00 e as 13h00 e entre as 14h00 e as 18h00 ou, no pr\u00f3prio dia no local do evento a partir das 17h.<\/p>\n\n\n\n<p>Francisco Morais Franco natural da Covilh\u00e3, \u00e9 um dos guitarristas portugueses mais relevantes da sua gera\u00e7\u00e3o. Durante a sua forma\u00e7\u00e3o estudou em Portugal com Pedro Rufino e Dejan Ivanovic. Mais tarde estuda na \u00c1ustria com Paolo Pegoraro, durante o mestrado, e por \u00faltimo em Espanha numa p\u00f3s-gradua\u00e7\u00e3o orientada por Pablo M\u00e1rquez, Lorenzo Micheli e Judicael Perroy. Por todas as institui\u00e7\u00f5es onde passou, concluiu sempre os seus estudos com notas m\u00e1ximas e recebeu v\u00e1rias distin\u00e7\u00f5es de m\u00e9rito por excel\u00eancia. \u00c9 um dos guitarristas portugueses mais premiados de sempre, contando com dezenas de pr\u00e9mios em concursos nacionais e internacionais. Atuou a solo em algumas das salas mais importantes em Portugal, assim como um pouco por toda a Europa e Jap\u00e3o. Paralelamente \u00e0 sua atividade performativa, leciona na Escola Profissional de Artes da Covilh\u00e3 (EPABI) e no Conservat\u00f3rio Regional de M\u00fasica da Covilh\u00e3.<\/p>\n\n\n\n<p>&#8220;DI\u00c1LOGO INTERCULTURAS NO MEDITERR\u00c2NEO MEDIEVAL&#8221;<br>O Ensemble Med, [med: mediterr\u00e2neo\/medieval] nasceu em Abril de 2012 no seio do Departamento de M\u00fasica Antiga da Hogeschool voor de Kunsten Utrecht. Participou em diversos festivais de m\u00fasica antiga neste pa\u00eds desde ent\u00e3o. \u00c9 de destacar tamb\u00e9m a participa\u00e7\u00e3o pelo Eric Salhstrom Institute na Womex Fair em Santiago de Compostela [ES], e nas Comemora\u00e7\u00f5es do Dia Internacional da L\u00edngua Portuguesa na Universidade Ivane Javakhishvili em Tbilisi (Ge\u00f3rgia). Ganha novo f\u00f4lego em 2018\/2019, com o projeto \u201cDi\u00e1logo Interculturas no Mediterr\u00e2neo Medieval\u201d, cofinanciado pelo Programa de Apoio \u00e0s Artes da Dire\u00e7\u00e3o Geral das Artes, onde come\u00e7a a trabalhar com a cantora Mariana Fabi\u00e3o. Sedimenta assim um percurso de 6 anos, com uma digress\u00e3o nacional: Feira da Dieta Mediterr\u00e2nica em Tavira, Igreja Matriz de Monsanto, Idanha-a-Nova, Casa da M\u00fasica, Porto e Festival Percursos da M\u00fasica de Ponte de Lima. O Ensemble Med prop\u00f5e um programa intimista que homenageia o patrim\u00f3nio musical medieval de raiz Mediterr\u00e2nica, procurando evidenciar a riqueza cultural desta regi\u00e3o de uma forma historicamente informada, tanto na m\u00fasica escrita como na tradi\u00e7\u00e3o oral.<\/p>\n\n\n\n<p>Fazem parte do grupo Daniela Tomaz na dire\u00e7\u00e3o art\u00edstica, flautas e adufe), Mariana Fabi\u00e3o no canto, S\u00e9rgio Calisto na viola d\u2019amore a chiavi e moraharpa e Laurent Sauron na percuss\u00e3o hist\u00f3rica.<\/p>\n\n\n\n<p>Os espet\u00e1culos realizam-se cumprindo com todas as normas de seguran\u00e7a e higiene, em recintos ao ar livre, ainda que delimitados, de acordo com as normas da DGS e planos de conting\u00eancia criados para o efeito.<\/p>\n\n\n\n<p>De salientar ainda a obrigatoriedade do uso de m\u00e1scara e seguir as regras de seguran\u00e7a definidas para os diversos espet\u00e1culos.<\/p>\n","protected":false},"excerpt":{"rendered":"<p>Os concertos de \u201cFrancisco Morais Franco\u201d e de \u201cEnsemblem Med\u201d assinalam a abertura do \u201c7\u00ba Festival Internacional\u201d de Guitarra de<\/p>\n","protected":false},"author":1,"featured_media":1218,"comment_status":"closed","ping_status":"open","sticky":false,"template":"","format":"standard","meta":{"colormag_page_container_layout":"default_layout","colormag_page_sidebar_layout":"default_layout","_monsterinsights_skip_tracking":false,"_monsterinsights_sitenote_active":false,"_monsterinsights_sitenote_note":"","_monsterinsights_sitenote_category":0,"jetpack_post_was_ever_published":false,"_jetpack_newsletter_access":"","_jetpack_dont_email_post_to_subs":false,"_jetpack_newsletter_tier_id":0,"_jetpack_memberships_contains_paywalled_content":false,"_jetpack_memberships_contains_paid_content":false,"footnotes":"","jetpack_publicize_message":"","jetpack_publicize_feature_enabled":true,"jetpack_social_post_already_shared":true,"jetpack_social_options":{"image_generator_settings":{"template":"highway","default_image_id":0,"font":"","enabled":false},"version":2}},"categories":[14],"tags":[36,52,48],"class_list":["post-1217","post","type-post","status-publish","format-standard","has-post-thumbnail","hentry","category-cultura","tag-algarve","tag-concerto","tag-lagoa"],"yoast_head":"<!-- This site is optimized with the Yoast SEO plugin v27.5 - https:\/\/yoast.com\/product\/yoast-seo-wordpress\/ -->\n<title>Concertos de \u201cFrancisco Morais Franco\u201d e de \u201cEnsemblem Med\u201d assinalam a abertura do \u201c7\u00ba Festival Internacional\u201d de Guitarra de Lagoa - Algarve 7<\/title>\n<meta name=\"description\" content=\"Concertos de \u201cFrancisco Morais Franco\u201d e de \u201cEnsemblem Med\u201d assinalam a abertura do \u201c7\u00ba Festival Internacional\u201d de Guitarra de Lagoa\" \/>\n<meta name=\"robots\" content=\"index, follow, max-snippet:-1, max-image-preview:large, max-video-preview:-1\" \/>\n<link rel=\"canonical\" href=\"https:\/\/algarve7.pt\/index.php\/2020\/09\/concertos-de-francisco-morais-franco-e-de-ensemblem-med-assinalam-a-abertura-do-7o-festival-internacional-de-guitarra-de-lagoa\/cultura\/10\/34\/\" \/>\n<meta property=\"og:locale\" content=\"pt_PT\" \/>\n<meta property=\"og:type\" content=\"article\" \/>\n<meta property=\"og:title\" content=\"Concertos de \u201cFrancisco Morais Franco\u201d e de \u201cEnsemblem Med\u201d assinalam a abertura do \u201c7\u00ba Festival Internacional\u201d de Guitarra de Lagoa - Algarve 7\" \/>\n<meta property=\"og:description\" content=\"Concertos de \u201cFrancisco Morais Franco\u201d e de \u201cEnsemblem Med\u201d assinalam a abertura do \u201c7\u00ba Festival Internacional\u201d de Guitarra de Lagoa\" \/>\n<meta property=\"og:url\" content=\"https:\/\/algarve7.pt\/index.php\/2020\/09\/concertos-de-francisco-morais-franco-e-de-ensemblem-med-assinalam-a-abertura-do-7o-festival-internacional-de-guitarra-de-lagoa\/cultura\/10\/34\/\" \/>\n<meta property=\"og:site_name\" content=\"Algarve 7\" \/>\n<meta property=\"article:publisher\" content=\"https:\/\/www.facebook.com\/algarve7\" \/>\n<meta property=\"article:author\" content=\"https:\/\/www.facebook.com\/algarve7\" \/>\n<meta property=\"article:published_time\" content=\"2020-09-09T09:34:53+00:00\" \/>\n<meta property=\"og:image\" content=\"https:\/\/algarve7.pt\/wp-content\/uploads\/2020\/09\/image002-1-e1599644072443.jpg\" \/>\n\t<meta property=\"og:image:width\" content=\"793\" \/>\n\t<meta property=\"og:image:height\" content=\"691\" \/>\n\t<meta property=\"og:image:type\" content=\"image\/jpeg\" \/>\n<meta name=\"author\" content=\"Algarve 7\" \/>\n<meta name=\"twitter:card\" content=\"summary_large_image\" \/>\n<meta name=\"twitter:creator\" content=\"@Algarvesete\" \/>\n<meta name=\"twitter:site\" content=\"@Algarvesete\" \/>\n<meta name=\"twitter:label1\" content=\"Escrito por\" \/>\n\t<meta name=\"twitter:data1\" content=\"Algarve 7\" \/>\n\t<meta name=\"twitter:label2\" content=\"Tempo estimado de leitura\" \/>\n\t<meta name=\"twitter:data2\" content=\"3 minutos\" \/>\n<script type=\"application\/ld+json\" class=\"yoast-schema-graph\">{\"@context\":\"https:\\\/\\\/schema.org\",\"@graph\":[{\"@type\":\"Article\",\"@id\":\"https:\\\/\\\/algarve7.pt\\\/index.php\\\/2020\\\/09\\\/concertos-de-francisco-morais-franco-e-de-ensemblem-med-assinalam-a-abertura-do-7o-festival-internacional-de-guitarra-de-lagoa\\\/cultura\\\/10\\\/34\\\/#article\",\"isPartOf\":{\"@id\":\"https:\\\/\\\/algarve7.pt\\\/index.php\\\/2020\\\/09\\\/concertos-de-francisco-morais-franco-e-de-ensemblem-med-assinalam-a-abertura-do-7o-festival-internacional-de-guitarra-de-lagoa\\\/cultura\\\/10\\\/34\\\/\"},\"author\":{\"name\":\"Algarve 7\",\"@id\":\"https:\\\/\\\/algarve7.pt\\\/#\\\/schema\\\/person\\\/23fa70681308e7b319a3204bcea45e0c\"},\"headline\":\"Concertos de \u201cFrancisco Morais Franco\u201d e de \u201cEnsemblem Med\u201d assinalam a abertura do \u201c7\u00ba Festival Internacional\u201d de Guitarra de Lagoa\",\"datePublished\":\"2020-09-09T09:34:53+00:00\",\"mainEntityOfPage\":{\"@id\":\"https:\\\/\\\/algarve7.pt\\\/index.php\\\/2020\\\/09\\\/concertos-de-francisco-morais-franco-e-de-ensemblem-med-assinalam-a-abertura-do-7o-festival-internacional-de-guitarra-de-lagoa\\\/cultura\\\/10\\\/34\\\/\"},\"wordCount\":552,\"publisher\":{\"@id\":\"https:\\\/\\\/algarve7.pt\\\/#organization\"},\"image\":{\"@id\":\"https:\\\/\\\/algarve7.pt\\\/index.php\\\/2020\\\/09\\\/concertos-de-francisco-morais-franco-e-de-ensemblem-med-assinalam-a-abertura-do-7o-festival-internacional-de-guitarra-de-lagoa\\\/cultura\\\/10\\\/34\\\/#primaryimage\"},\"thumbnailUrl\":\"https:\\\/\\\/algarve7.pt\\\/wp-content\\\/uploads\\\/2020\\\/09\\\/image002-1-e1599644072443.jpg\",\"keywords\":[\"Algarve\",\"Concerto\",\"Lagoa\"],\"articleSection\":[\"Cultura\"],\"inLanguage\":\"pt-PT\"},{\"@type\":\"WebPage\",\"@id\":\"https:\\\/\\\/algarve7.pt\\\/index.php\\\/2020\\\/09\\\/concertos-de-francisco-morais-franco-e-de-ensemblem-med-assinalam-a-abertura-do-7o-festival-internacional-de-guitarra-de-lagoa\\\/cultura\\\/10\\\/34\\\/\",\"url\":\"https:\\\/\\\/algarve7.pt\\\/index.php\\\/2020\\\/09\\\/concertos-de-francisco-morais-franco-e-de-ensemblem-med-assinalam-a-abertura-do-7o-festival-internacional-de-guitarra-de-lagoa\\\/cultura\\\/10\\\/34\\\/\",\"name\":\"Concertos de \u201cFrancisco Morais Franco\u201d e de \u201cEnsemblem Med\u201d assinalam a abertura do \u201c7\u00ba Festival Internacional\u201d de Guitarra de Lagoa - Algarve 7\",\"isPartOf\":{\"@id\":\"https:\\\/\\\/algarve7.pt\\\/#website\"},\"primaryImageOfPage\":{\"@id\":\"https:\\\/\\\/algarve7.pt\\\/index.php\\\/2020\\\/09\\\/concertos-de-francisco-morais-franco-e-de-ensemblem-med-assinalam-a-abertura-do-7o-festival-internacional-de-guitarra-de-lagoa\\\/cultura\\\/10\\\/34\\\/#primaryimage\"},\"image\":{\"@id\":\"https:\\\/\\\/algarve7.pt\\\/index.php\\\/2020\\\/09\\\/concertos-de-francisco-morais-franco-e-de-ensemblem-med-assinalam-a-abertura-do-7o-festival-internacional-de-guitarra-de-lagoa\\\/cultura\\\/10\\\/34\\\/#primaryimage\"},\"thumbnailUrl\":\"https:\\\/\\\/algarve7.pt\\\/wp-content\\\/uploads\\\/2020\\\/09\\\/image002-1-e1599644072443.jpg\",\"datePublished\":\"2020-09-09T09:34:53+00:00\",\"description\":\"Concertos de \u201cFrancisco Morais Franco\u201d e de \u201cEnsemblem Med\u201d assinalam a abertura do \u201c7\u00ba Festival Internacional\u201d de Guitarra de Lagoa\",\"breadcrumb\":{\"@id\":\"https:\\\/\\\/algarve7.pt\\\/index.php\\\/2020\\\/09\\\/concertos-de-francisco-morais-franco-e-de-ensemblem-med-assinalam-a-abertura-do-7o-festival-internacional-de-guitarra-de-lagoa\\\/cultura\\\/10\\\/34\\\/#breadcrumb\"},\"inLanguage\":\"pt-PT\",\"potentialAction\":[{\"@type\":\"ReadAction\",\"target\":[\"https:\\\/\\\/algarve7.pt\\\/index.php\\\/2020\\\/09\\\/concertos-de-francisco-morais-franco-e-de-ensemblem-med-assinalam-a-abertura-do-7o-festival-internacional-de-guitarra-de-lagoa\\\/cultura\\\/10\\\/34\\\/\"]}]},{\"@type\":\"ImageObject\",\"inLanguage\":\"pt-PT\",\"@id\":\"https:\\\/\\\/algarve7.pt\\\/index.php\\\/2020\\\/09\\\/concertos-de-francisco-morais-franco-e-de-ensemblem-med-assinalam-a-abertura-do-7o-festival-internacional-de-guitarra-de-lagoa\\\/cultura\\\/10\\\/34\\\/#primaryimage\",\"url\":\"https:\\\/\\\/algarve7.pt\\\/wp-content\\\/uploads\\\/2020\\\/09\\\/image002-1-e1599644072443.jpg\",\"contentUrl\":\"https:\\\/\\\/algarve7.pt\\\/wp-content\\\/uploads\\\/2020\\\/09\\\/image002-1-e1599644072443.jpg\",\"width\":793,\"height\":691},{\"@type\":\"BreadcrumbList\",\"@id\":\"https:\\\/\\\/algarve7.pt\\\/index.php\\\/2020\\\/09\\\/concertos-de-francisco-morais-franco-e-de-ensemblem-med-assinalam-a-abertura-do-7o-festival-internacional-de-guitarra-de-lagoa\\\/cultura\\\/10\\\/34\\\/#breadcrumb\",\"itemListElement\":[{\"@type\":\"ListItem\",\"position\":1,\"name\":\"In\u00edcio\",\"item\":\"https:\\\/\\\/algarve7.pt\\\/\"},{\"@type\":\"ListItem\",\"position\":2,\"name\":\"Concertos de \u201cFrancisco Morais Franco\u201d e de \u201cEnsemblem Med\u201d assinalam a abertura do \u201c7\u00ba Festival Internacional\u201d de Guitarra de Lagoa\"}]},{\"@type\":\"WebSite\",\"@id\":\"https:\\\/\\\/algarve7.pt\\\/#website\",\"url\":\"https:\\\/\\\/algarve7.pt\\\/\",\"name\":\"Algarve 7\",\"description\":\"Informa\u00e7\u00e3o sobre o Algarve\",\"publisher\":{\"@id\":\"https:\\\/\\\/algarve7.pt\\\/#organization\"},\"potentialAction\":[{\"@type\":\"SearchAction\",\"target\":{\"@type\":\"EntryPoint\",\"urlTemplate\":\"https:\\\/\\\/algarve7.pt\\\/?s={search_term_string}\"},\"query-input\":{\"@type\":\"PropertyValueSpecification\",\"valueRequired\":true,\"valueName\":\"search_term_string\"}}],\"inLanguage\":\"pt-PT\"},{\"@type\":\"Organization\",\"@id\":\"https:\\\/\\\/algarve7.pt\\\/#organization\",\"name\":\"Algarve 7\",\"url\":\"https:\\\/\\\/algarve7.pt\\\/\",\"logo\":{\"@type\":\"ImageObject\",\"inLanguage\":\"pt-PT\",\"@id\":\"https:\\\/\\\/algarve7.pt\\\/#\\\/schema\\\/logo\\\/image\\\/\",\"url\":\"https:\\\/\\\/algarve7.pt\\\/wp-content\\\/uploads\\\/2020\\\/10\\\/Logo-8.jpg\",\"contentUrl\":\"https:\\\/\\\/algarve7.pt\\\/wp-content\\\/uploads\\\/2020\\\/10\\\/Logo-8.jpg\",\"width\":1680,\"height\":1186,\"caption\":\"Algarve 7\"},\"image\":{\"@id\":\"https:\\\/\\\/algarve7.pt\\\/#\\\/schema\\\/logo\\\/image\\\/\"},\"sameAs\":[\"https:\\\/\\\/www.facebook.com\\\/algarve7\",\"https:\\\/\\\/x.com\\\/Algarvesete\",\"https:\\\/\\\/www.instagram.com\\\/jornalalgarve7\\\/\",\"https:\\\/\\\/www.linkedin.com\\\/company\\\/algarve7\",\"https:\\\/\\\/www.pinterest.pt\\\/geral0939\\\/_created\\\/\"]},{\"@type\":\"Person\",\"@id\":\"https:\\\/\\\/algarve7.pt\\\/#\\\/schema\\\/person\\\/23fa70681308e7b319a3204bcea45e0c\",\"name\":\"Algarve 7\",\"sameAs\":[\"https:\\\/\\\/algarve7.pt\",\"https:\\\/\\\/www.facebook.com\\\/algarve7\"],\"url\":\"https:\\\/\\\/algarve7.pt\\\/index.php\\\/author\\\/geralalgarve7-pt\\\/\"}]}<\/script>\n<!-- \/ Yoast SEO plugin. -->","yoast_head_json":{"title":"Concertos de \u201cFrancisco Morais Franco\u201d e de \u201cEnsemblem Med\u201d assinalam a abertura do \u201c7\u00ba Festival Internacional\u201d de Guitarra de Lagoa - Algarve 7","description":"Concertos de \u201cFrancisco Morais Franco\u201d e de \u201cEnsemblem Med\u201d assinalam a abertura do \u201c7\u00ba Festival Internacional\u201d de Guitarra de Lagoa","robots":{"index":"index","follow":"follow","max-snippet":"max-snippet:-1","max-image-preview":"max-image-preview:large","max-video-preview":"max-video-preview:-1"},"canonical":"https:\/\/algarve7.pt\/index.php\/2020\/09\/concertos-de-francisco-morais-franco-e-de-ensemblem-med-assinalam-a-abertura-do-7o-festival-internacional-de-guitarra-de-lagoa\/cultura\/10\/34\/","og_locale":"pt_PT","og_type":"article","og_title":"Concertos de \u201cFrancisco Morais Franco\u201d e de \u201cEnsemblem Med\u201d assinalam a abertura do \u201c7\u00ba Festival Internacional\u201d de Guitarra de Lagoa - Algarve 7","og_description":"Concertos de \u201cFrancisco Morais Franco\u201d e de \u201cEnsemblem Med\u201d assinalam a abertura do \u201c7\u00ba Festival Internacional\u201d de Guitarra de Lagoa","og_url":"https:\/\/algarve7.pt\/index.php\/2020\/09\/concertos-de-francisco-morais-franco-e-de-ensemblem-med-assinalam-a-abertura-do-7o-festival-internacional-de-guitarra-de-lagoa\/cultura\/10\/34\/","og_site_name":"Algarve 7","article_publisher":"https:\/\/www.facebook.com\/algarve7","article_author":"https:\/\/www.facebook.com\/algarve7","article_published_time":"2020-09-09T09:34:53+00:00","og_image":[{"width":793,"height":691,"url":"https:\/\/algarve7.pt\/wp-content\/uploads\/2020\/09\/image002-1-e1599644072443.jpg","type":"image\/jpeg"}],"author":"Algarve 7","twitter_card":"summary_large_image","twitter_creator":"@Algarvesete","twitter_site":"@Algarvesete","twitter_misc":{"Escrito por":"Algarve 7","Tempo estimado de leitura":"3 minutos"},"schema":{"@context":"https:\/\/schema.org","@graph":[{"@type":"Article","@id":"https:\/\/algarve7.pt\/index.php\/2020\/09\/concertos-de-francisco-morais-franco-e-de-ensemblem-med-assinalam-a-abertura-do-7o-festival-internacional-de-guitarra-de-lagoa\/cultura\/10\/34\/#article","isPartOf":{"@id":"https:\/\/algarve7.pt\/index.php\/2020\/09\/concertos-de-francisco-morais-franco-e-de-ensemblem-med-assinalam-a-abertura-do-7o-festival-internacional-de-guitarra-de-lagoa\/cultura\/10\/34\/"},"author":{"name":"Algarve 7","@id":"https:\/\/algarve7.pt\/#\/schema\/person\/23fa70681308e7b319a3204bcea45e0c"},"headline":"Concertos de \u201cFrancisco Morais Franco\u201d e de \u201cEnsemblem Med\u201d assinalam a abertura do \u201c7\u00ba Festival Internacional\u201d de Guitarra de Lagoa","datePublished":"2020-09-09T09:34:53+00:00","mainEntityOfPage":{"@id":"https:\/\/algarve7.pt\/index.php\/2020\/09\/concertos-de-francisco-morais-franco-e-de-ensemblem-med-assinalam-a-abertura-do-7o-festival-internacional-de-guitarra-de-lagoa\/cultura\/10\/34\/"},"wordCount":552,"publisher":{"@id":"https:\/\/algarve7.pt\/#organization"},"image":{"@id":"https:\/\/algarve7.pt\/index.php\/2020\/09\/concertos-de-francisco-morais-franco-e-de-ensemblem-med-assinalam-a-abertura-do-7o-festival-internacional-de-guitarra-de-lagoa\/cultura\/10\/34\/#primaryimage"},"thumbnailUrl":"https:\/\/algarve7.pt\/wp-content\/uploads\/2020\/09\/image002-1-e1599644072443.jpg","keywords":["Algarve","Concerto","Lagoa"],"articleSection":["Cultura"],"inLanguage":"pt-PT"},{"@type":"WebPage","@id":"https:\/\/algarve7.pt\/index.php\/2020\/09\/concertos-de-francisco-morais-franco-e-de-ensemblem-med-assinalam-a-abertura-do-7o-festival-internacional-de-guitarra-de-lagoa\/cultura\/10\/34\/","url":"https:\/\/algarve7.pt\/index.php\/2020\/09\/concertos-de-francisco-morais-franco-e-de-ensemblem-med-assinalam-a-abertura-do-7o-festival-internacional-de-guitarra-de-lagoa\/cultura\/10\/34\/","name":"Concertos de \u201cFrancisco Morais Franco\u201d e de \u201cEnsemblem Med\u201d assinalam a abertura do \u201c7\u00ba Festival Internacional\u201d de Guitarra de Lagoa - Algarve 7","isPartOf":{"@id":"https:\/\/algarve7.pt\/#website"},"primaryImageOfPage":{"@id":"https:\/\/algarve7.pt\/index.php\/2020\/09\/concertos-de-francisco-morais-franco-e-de-ensemblem-med-assinalam-a-abertura-do-7o-festival-internacional-de-guitarra-de-lagoa\/cultura\/10\/34\/#primaryimage"},"image":{"@id":"https:\/\/algarve7.pt\/index.php\/2020\/09\/concertos-de-francisco-morais-franco-e-de-ensemblem-med-assinalam-a-abertura-do-7o-festival-internacional-de-guitarra-de-lagoa\/cultura\/10\/34\/#primaryimage"},"thumbnailUrl":"https:\/\/algarve7.pt\/wp-content\/uploads\/2020\/09\/image002-1-e1599644072443.jpg","datePublished":"2020-09-09T09:34:53+00:00","description":"Concertos de \u201cFrancisco Morais Franco\u201d e de \u201cEnsemblem Med\u201d assinalam a abertura do \u201c7\u00ba Festival Internacional\u201d de Guitarra de Lagoa","breadcrumb":{"@id":"https:\/\/algarve7.pt\/index.php\/2020\/09\/concertos-de-francisco-morais-franco-e-de-ensemblem-med-assinalam-a-abertura-do-7o-festival-internacional-de-guitarra-de-lagoa\/cultura\/10\/34\/#breadcrumb"},"inLanguage":"pt-PT","potentialAction":[{"@type":"ReadAction","target":["https:\/\/algarve7.pt\/index.php\/2020\/09\/concertos-de-francisco-morais-franco-e-de-ensemblem-med-assinalam-a-abertura-do-7o-festival-internacional-de-guitarra-de-lagoa\/cultura\/10\/34\/"]}]},{"@type":"ImageObject","inLanguage":"pt-PT","@id":"https:\/\/algarve7.pt\/index.php\/2020\/09\/concertos-de-francisco-morais-franco-e-de-ensemblem-med-assinalam-a-abertura-do-7o-festival-internacional-de-guitarra-de-lagoa\/cultura\/10\/34\/#primaryimage","url":"https:\/\/algarve7.pt\/wp-content\/uploads\/2020\/09\/image002-1-e1599644072443.jpg","contentUrl":"https:\/\/algarve7.pt\/wp-content\/uploads\/2020\/09\/image002-1-e1599644072443.jpg","width":793,"height":691},{"@type":"BreadcrumbList","@id":"https:\/\/algarve7.pt\/index.php\/2020\/09\/concertos-de-francisco-morais-franco-e-de-ensemblem-med-assinalam-a-abertura-do-7o-festival-internacional-de-guitarra-de-lagoa\/cultura\/10\/34\/#breadcrumb","itemListElement":[{"@type":"ListItem","position":1,"name":"In\u00edcio","item":"https:\/\/algarve7.pt\/"},{"@type":"ListItem","position":2,"name":"Concertos de \u201cFrancisco Morais Franco\u201d e de \u201cEnsemblem Med\u201d assinalam a abertura do \u201c7\u00ba Festival Internacional\u201d de Guitarra de Lagoa"}]},{"@type":"WebSite","@id":"https:\/\/algarve7.pt\/#website","url":"https:\/\/algarve7.pt\/","name":"Algarve 7","description":"Informa\u00e7\u00e3o sobre o Algarve","publisher":{"@id":"https:\/\/algarve7.pt\/#organization"},"potentialAction":[{"@type":"SearchAction","target":{"@type":"EntryPoint","urlTemplate":"https:\/\/algarve7.pt\/?s={search_term_string}"},"query-input":{"@type":"PropertyValueSpecification","valueRequired":true,"valueName":"search_term_string"}}],"inLanguage":"pt-PT"},{"@type":"Organization","@id":"https:\/\/algarve7.pt\/#organization","name":"Algarve 7","url":"https:\/\/algarve7.pt\/","logo":{"@type":"ImageObject","inLanguage":"pt-PT","@id":"https:\/\/algarve7.pt\/#\/schema\/logo\/image\/","url":"https:\/\/algarve7.pt\/wp-content\/uploads\/2020\/10\/Logo-8.jpg","contentUrl":"https:\/\/algarve7.pt\/wp-content\/uploads\/2020\/10\/Logo-8.jpg","width":1680,"height":1186,"caption":"Algarve 7"},"image":{"@id":"https:\/\/algarve7.pt\/#\/schema\/logo\/image\/"},"sameAs":["https:\/\/www.facebook.com\/algarve7","https:\/\/x.com\/Algarvesete","https:\/\/www.instagram.com\/jornalalgarve7\/","https:\/\/www.linkedin.com\/company\/algarve7","https:\/\/www.pinterest.pt\/geral0939\/_created\/"]},{"@type":"Person","@id":"https:\/\/algarve7.pt\/#\/schema\/person\/23fa70681308e7b319a3204bcea45e0c","name":"Algarve 7","sameAs":["https:\/\/algarve7.pt","https:\/\/www.facebook.com\/algarve7"],"url":"https:\/\/algarve7.pt\/index.php\/author\/geralalgarve7-pt\/"}]}},"jetpack_publicize_connections":[],"jetpack_featured_media_url":"https:\/\/algarve7.pt\/wp-content\/uploads\/2020\/09\/image002-1-e1599644072443.jpg","jetpack_shortlink":"https:\/\/wp.me\/pcezmW-jD","jetpack_sharing_enabled":true,"_links":{"self":[{"href":"https:\/\/algarve7.pt\/index.php\/wp-json\/wp\/v2\/posts\/1217","targetHints":{"allow":["GET"]}}],"collection":[{"href":"https:\/\/algarve7.pt\/index.php\/wp-json\/wp\/v2\/posts"}],"about":[{"href":"https:\/\/algarve7.pt\/index.php\/wp-json\/wp\/v2\/types\/post"}],"author":[{"embeddable":true,"href":"https:\/\/algarve7.pt\/index.php\/wp-json\/wp\/v2\/users\/1"}],"replies":[{"embeddable":true,"href":"https:\/\/algarve7.pt\/index.php\/wp-json\/wp\/v2\/comments?post=1217"}],"version-history":[{"count":0,"href":"https:\/\/algarve7.pt\/index.php\/wp-json\/wp\/v2\/posts\/1217\/revisions"}],"wp:featuredmedia":[{"embeddable":true,"href":"https:\/\/algarve7.pt\/index.php\/wp-json\/wp\/v2\/media\/1218"}],"wp:attachment":[{"href":"https:\/\/algarve7.pt\/index.php\/wp-json\/wp\/v2\/media?parent=1217"}],"wp:term":[{"taxonomy":"category","embeddable":true,"href":"https:\/\/algarve7.pt\/index.php\/wp-json\/wp\/v2\/categories?post=1217"},{"taxonomy":"post_tag","embeddable":true,"href":"https:\/\/algarve7.pt\/index.php\/wp-json\/wp\/v2\/tags?post=1217"}],"curies":[{"name":"wp","href":"https:\/\/api.w.org\/{rel}","templated":true}]}}