{"id":12144,"date":"2021-10-17T12:30:00","date_gmt":"2021-10-17T11:30:00","guid":{"rendered":"https:\/\/algarve7.pt\/?p=12144"},"modified":"2021-10-16T12:55:37","modified_gmt":"2021-10-16T11:55:37","slug":"procura-internacional-pela-ualg-retoma-com-1800-alunos-estrangeiros","status":"publish","type":"post","link":"https:\/\/algarve7.pt\/index.php\/2021\/10\/procura-internacional-pela-ualg-retoma-com-1800-alunos-estrangeiros\/educacao\/12\/30\/","title":{"rendered":"Procura internacional pela UAlg retoma com 1800 alunos estrangeiros"},"content":{"rendered":"\n<figure class=\"wp-block-table\"><table><tbody><tr><td><strong>A Universidade do Algarve regista uma retoma de estudantes estrangeiros, prevendo-se que neste ano letivo se aproximem dos 1800, oriundos de cerca de 80 nacionalidades, o que corresponder\u00e1 a cerca de 20 % do seu universo estudantil.\u00a0<\/strong><br>Embora sem atingir aos n\u00fameros anteriores \u00e0 pandemia, e ap\u00f3s uma quebra em 2020\/21, a academia algarvia continua a ser a preferida de muito estudantes internacionais que escolhem a UAlg para realizar um ciclo completo de estudos ou um per\u00edodo de mobilidade, o que faz com que seja uma das universidades portuguesas com uma maior diversidade de pa\u00edses representados.<br>Atendendo a esta realidade, a UAlg tem estado a realizar, desde o in\u00edcio de setembro, v\u00e1rias atividades desportivas, tur\u00edsticas e culturais para acolher os estudantes estrangeiros, facilitando a sua integra\u00e7\u00e3o e um maior conhecimento da regi\u00e3o algarvia. Nestas sess\u00f5es de acolhimento estiveram presentes representantes da Reitoria, do Consulado Geral do Brasil em Faro, da Regi\u00e3o de Turismo do Algarve, do Gabinete de Rela\u00e7\u00f5es Internacionais e Mobilidade e do N\u00facleo de Estudantes Brasileiros.<br>Al\u00e9m do Brasil, o pa\u00eds com maior representatividade, a Universidade do Algarve, no \u00e2mbito da estrat\u00e9gia de internacionaliza\u00e7\u00e3o e alinhada com a pol\u00edtica nacional, tamb\u00e9m tem apostado na capta\u00e7\u00e3o de estudantes de outros pa\u00edses da Am\u00e9rica do Sul, como Equador, Peru, M\u00e9xico, Col\u00f4mbia, entre outros.<br>Para o reitor da UAlg, Paulo \u00c1guas, \u201cos n\u00fameros alcan\u00e7ados resultam do trabalho que tem vindo a ser realizado na Academia nos \u00faltimos anos, o que se reflete nos v\u00e1rios rankings que integra e que a classificam como o melhor Institui\u00e7\u00e3o de Ensino Superior portuguesa no que diz respeito \u00e0 proje\u00e7\u00e3o internacional\u201d.<br>Outro fator muito importante \u00e9 o aumento da oferta de mestrados Erasmus Mundus. Neste \u00e2mbito, recorde-se que desde a cria\u00e7\u00e3o do primeiro Programa Erasmus Mundus (em 2004) a UAlg j\u00e1 marcou presen\u00e7a em 19 cursos Erasmus Mundus, seis dos quais como institui\u00e7\u00e3o coordenadora.\u00a0<br>Em 2020 foram aprovados tr\u00eas novos mestrados Erasmus Mundus, sendo que a UAlg marca novamente presen\u00e7a nos tr\u00eas, em dois como entidade coordenadora (Erasmus Mundus Master in Chemical Innovation and Regulation e International Master of Science in Marine Biological Resources) e um como entidade parceira (International Master of Science in Marine Biological Resources IMBRSea).<br><br><\/td><\/tr><tr><td><\/td><\/tr><\/tbody><\/table><\/figure>\n","protected":false},"excerpt":{"rendered":"<p>A Universidade do Algarve regista uma retoma de estudantes estrangeiros, prevendo-se que neste ano letivo se aproximem dos 1800, oriundos<\/p>\n","protected":false},"author":1,"featured_media":12145,"comment_status":"open","ping_status":"open","sticky":false,"template":"","format":"standard","meta":{"colormag_page_container_layout":"default_layout","colormag_page_sidebar_layout":"default_layout","_monsterinsights_skip_tracking":false,"_monsterinsights_sitenote_active":false,"_monsterinsights_sitenote_note":"","_monsterinsights_sitenote_category":0,"jetpack_post_was_ever_published":false,"_jetpack_newsletter_access":"","_jetpack_dont_email_post_to_subs":false,"_jetpack_newsletter_tier_id":0,"_jetpack_memberships_contains_paywalled_content":false,"_jetpack_memberships_contains_paid_content":false,"footnotes":"","jetpack_publicize_message":"","jetpack_publicize_feature_enabled":true,"jetpack_social_post_already_shared":true,"jetpack_social_options":{"image_generator_settings":{"template":"highway","default_image_id":0,"font":"","enabled":false},"version":2}},"categories":[93],"tags":[36,74,182],"class_list":["post-12144","post","type-post","status-publish","format-standard","has-post-thumbnail","hentry","category-educacao","tag-algarve","tag-educacao","tag-ualg"],"yoast_head":"<!-- This site is optimized with the Yoast SEO plugin v27.5 - https:\/\/yoast.com\/product\/yoast-seo-wordpress\/ -->\n<title>Procura internacional pela UAlg retoma com 1800 alunos estrangeiros - Algarve 7<\/title>\n<meta name=\"description\" content=\"Procura internacional pela UAlg retoma com 1800 alunos estrangeiros Educa\u00e7\u00e3o\" \/>\n<meta name=\"robots\" content=\"index, follow, max-snippet:-1, max-image-preview:large, max-video-preview:-1\" \/>\n<link rel=\"canonical\" href=\"https:\/\/algarve7.pt\/index.php\/2021\/10\/procura-internacional-pela-ualg-retoma-com-1800-alunos-estrangeiros\/educacao\/12\/30\/\" \/>\n<meta property=\"og:locale\" content=\"pt_PT\" \/>\n<meta property=\"og:type\" content=\"article\" \/>\n<meta property=\"og:title\" content=\"Procura internacional pela UAlg retoma com 1800 alunos estrangeiros - Algarve 7\" \/>\n<meta property=\"og:description\" content=\"Procura internacional pela UAlg retoma com 1800 alunos estrangeiros Educa\u00e7\u00e3o\" \/>\n<meta property=\"og:url\" content=\"https:\/\/algarve7.pt\/index.php\/2021\/10\/procura-internacional-pela-ualg-retoma-com-1800-alunos-estrangeiros\/educacao\/12\/30\/\" \/>\n<meta property=\"og:site_name\" content=\"Algarve 7\" \/>\n<meta property=\"article:publisher\" content=\"https:\/\/www.facebook.com\/algarve7\" \/>\n<meta property=\"article:author\" content=\"https:\/\/www.facebook.com\/algarve7\" \/>\n<meta property=\"article:published_time\" content=\"2021-10-17T11:30:00+00:00\" \/>\n<meta property=\"og:image\" content=\"https:\/\/algarve7.pt\/wp-content\/uploads\/2021\/10\/Captura-de-ecra-2021-10-16-as-12.53.27-1024x677.png\" \/>\n\t<meta property=\"og:image:width\" content=\"1024\" \/>\n\t<meta property=\"og:image:height\" content=\"677\" \/>\n\t<meta property=\"og:image:type\" content=\"image\/png\" \/>\n<meta name=\"author\" content=\"Algarve 7\" \/>\n<meta name=\"twitter:card\" content=\"summary_large_image\" \/>\n<meta name=\"twitter:creator\" content=\"@Algarvesete\" \/>\n<meta name=\"twitter:site\" content=\"@Algarvesete\" \/>\n<meta name=\"twitter:label1\" content=\"Escrito por\" \/>\n\t<meta name=\"twitter:data1\" content=\"Algarve 7\" \/>\n\t<meta name=\"twitter:label2\" content=\"Tempo estimado de leitura\" \/>\n\t<meta name=\"twitter:data2\" content=\"2 minutos\" \/>\n<script type=\"application\/ld+json\" class=\"yoast-schema-graph\">{\"@context\":\"https:\\\/\\\/schema.org\",\"@graph\":[{\"@type\":\"Article\",\"@id\":\"https:\\\/\\\/algarve7.pt\\\/index.php\\\/2021\\\/10\\\/procura-internacional-pela-ualg-retoma-com-1800-alunos-estrangeiros\\\/educacao\\\/12\\\/30\\\/#article\",\"isPartOf\":{\"@id\":\"https:\\\/\\\/algarve7.pt\\\/index.php\\\/2021\\\/10\\\/procura-internacional-pela-ualg-retoma-com-1800-alunos-estrangeiros\\\/educacao\\\/12\\\/30\\\/\"},\"author\":{\"name\":\"Algarve 7\",\"@id\":\"https:\\\/\\\/algarve7.pt\\\/#\\\/schema\\\/person\\\/23fa70681308e7b319a3204bcea45e0c\"},\"headline\":\"Procura internacional pela UAlg retoma com 1800 alunos estrangeiros\",\"datePublished\":\"2021-10-17T11:30:00+00:00\",\"mainEntityOfPage\":{\"@id\":\"https:\\\/\\\/algarve7.pt\\\/index.php\\\/2021\\\/10\\\/procura-internacional-pela-ualg-retoma-com-1800-alunos-estrangeiros\\\/educacao\\\/12\\\/30\\\/\"},\"wordCount\":394,\"commentCount\":0,\"publisher\":{\"@id\":\"https:\\\/\\\/algarve7.pt\\\/#organization\"},\"image\":{\"@id\":\"https:\\\/\\\/algarve7.pt\\\/index.php\\\/2021\\\/10\\\/procura-internacional-pela-ualg-retoma-com-1800-alunos-estrangeiros\\\/educacao\\\/12\\\/30\\\/#primaryimage\"},\"thumbnailUrl\":\"https:\\\/\\\/algarve7.pt\\\/wp-content\\\/uploads\\\/2021\\\/10\\\/Captura-de-ecra-2021-10-16-as-12.53.27.png\",\"keywords\":[\"Algarve\",\"Educa\u00e7\u00e3o\",\"UALG\"],\"articleSection\":[\"Educa\u00e7\u00e3o\"],\"inLanguage\":\"pt-PT\",\"potentialAction\":[{\"@type\":\"CommentAction\",\"name\":\"Comment\",\"target\":[\"https:\\\/\\\/algarve7.pt\\\/index.php\\\/2021\\\/10\\\/procura-internacional-pela-ualg-retoma-com-1800-alunos-estrangeiros\\\/educacao\\\/12\\\/30\\\/#respond\"]}]},{\"@type\":\"WebPage\",\"@id\":\"https:\\\/\\\/algarve7.pt\\\/index.php\\\/2021\\\/10\\\/procura-internacional-pela-ualg-retoma-com-1800-alunos-estrangeiros\\\/educacao\\\/12\\\/30\\\/\",\"url\":\"https:\\\/\\\/algarve7.pt\\\/index.php\\\/2021\\\/10\\\/procura-internacional-pela-ualg-retoma-com-1800-alunos-estrangeiros\\\/educacao\\\/12\\\/30\\\/\",\"name\":\"Procura internacional pela UAlg retoma com 1800 alunos estrangeiros - Algarve 7\",\"isPartOf\":{\"@id\":\"https:\\\/\\\/algarve7.pt\\\/#website\"},\"primaryImageOfPage\":{\"@id\":\"https:\\\/\\\/algarve7.pt\\\/index.php\\\/2021\\\/10\\\/procura-internacional-pela-ualg-retoma-com-1800-alunos-estrangeiros\\\/educacao\\\/12\\\/30\\\/#primaryimage\"},\"image\":{\"@id\":\"https:\\\/\\\/algarve7.pt\\\/index.php\\\/2021\\\/10\\\/procura-internacional-pela-ualg-retoma-com-1800-alunos-estrangeiros\\\/educacao\\\/12\\\/30\\\/#primaryimage\"},\"thumbnailUrl\":\"https:\\\/\\\/algarve7.pt\\\/wp-content\\\/uploads\\\/2021\\\/10\\\/Captura-de-ecra-2021-10-16-as-12.53.27.png\",\"datePublished\":\"2021-10-17T11:30:00+00:00\",\"description\":\"Procura internacional pela UAlg retoma com 1800 alunos estrangeiros Educa\u00e7\u00e3o\",\"breadcrumb\":{\"@id\":\"https:\\\/\\\/algarve7.pt\\\/index.php\\\/2021\\\/10\\\/procura-internacional-pela-ualg-retoma-com-1800-alunos-estrangeiros\\\/educacao\\\/12\\\/30\\\/#breadcrumb\"},\"inLanguage\":\"pt-PT\",\"potentialAction\":[{\"@type\":\"ReadAction\",\"target\":[\"https:\\\/\\\/algarve7.pt\\\/index.php\\\/2021\\\/10\\\/procura-internacional-pela-ualg-retoma-com-1800-alunos-estrangeiros\\\/educacao\\\/12\\\/30\\\/\"]}]},{\"@type\":\"ImageObject\",\"inLanguage\":\"pt-PT\",\"@id\":\"https:\\\/\\\/algarve7.pt\\\/index.php\\\/2021\\\/10\\\/procura-internacional-pela-ualg-retoma-com-1800-alunos-estrangeiros\\\/educacao\\\/12\\\/30\\\/#primaryimage\",\"url\":\"https:\\\/\\\/algarve7.pt\\\/wp-content\\\/uploads\\\/2021\\\/10\\\/Captura-de-ecra-2021-10-16-as-12.53.27.png\",\"contentUrl\":\"https:\\\/\\\/algarve7.pt\\\/wp-content\\\/uploads\\\/2021\\\/10\\\/Captura-de-ecra-2021-10-16-as-12.53.27.png\",\"width\":1550,\"height\":1024},{\"@type\":\"BreadcrumbList\",\"@id\":\"https:\\\/\\\/algarve7.pt\\\/index.php\\\/2021\\\/10\\\/procura-internacional-pela-ualg-retoma-com-1800-alunos-estrangeiros\\\/educacao\\\/12\\\/30\\\/#breadcrumb\",\"itemListElement\":[{\"@type\":\"ListItem\",\"position\":1,\"name\":\"In\u00edcio\",\"item\":\"https:\\\/\\\/algarve7.pt\\\/\"},{\"@type\":\"ListItem\",\"position\":2,\"name\":\"Procura internacional pela UAlg retoma com 1800 alunos estrangeiros\"}]},{\"@type\":\"WebSite\",\"@id\":\"https:\\\/\\\/algarve7.pt\\\/#website\",\"url\":\"https:\\\/\\\/algarve7.pt\\\/\",\"name\":\"Algarve 7\",\"description\":\"Informa\u00e7\u00e3o sobre o Algarve\",\"publisher\":{\"@id\":\"https:\\\/\\\/algarve7.pt\\\/#organization\"},\"potentialAction\":[{\"@type\":\"SearchAction\",\"target\":{\"@type\":\"EntryPoint\",\"urlTemplate\":\"https:\\\/\\\/algarve7.pt\\\/?s={search_term_string}\"},\"query-input\":{\"@type\":\"PropertyValueSpecification\",\"valueRequired\":true,\"valueName\":\"search_term_string\"}}],\"inLanguage\":\"pt-PT\"},{\"@type\":\"Organization\",\"@id\":\"https:\\\/\\\/algarve7.pt\\\/#organization\",\"name\":\"Algarve 7\",\"url\":\"https:\\\/\\\/algarve7.pt\\\/\",\"logo\":{\"@type\":\"ImageObject\",\"inLanguage\":\"pt-PT\",\"@id\":\"https:\\\/\\\/algarve7.pt\\\/#\\\/schema\\\/logo\\\/image\\\/\",\"url\":\"https:\\\/\\\/algarve7.pt\\\/wp-content\\\/uploads\\\/2020\\\/10\\\/Logo-8.jpg\",\"contentUrl\":\"https:\\\/\\\/algarve7.pt\\\/wp-content\\\/uploads\\\/2020\\\/10\\\/Logo-8.jpg\",\"width\":1680,\"height\":1186,\"caption\":\"Algarve 7\"},\"image\":{\"@id\":\"https:\\\/\\\/algarve7.pt\\\/#\\\/schema\\\/logo\\\/image\\\/\"},\"sameAs\":[\"https:\\\/\\\/www.facebook.com\\\/algarve7\",\"https:\\\/\\\/x.com\\\/Algarvesete\",\"https:\\\/\\\/www.instagram.com\\\/jornalalgarve7\\\/\",\"https:\\\/\\\/www.linkedin.com\\\/company\\\/algarve7\",\"https:\\\/\\\/www.pinterest.pt\\\/geral0939\\\/_created\\\/\"]},{\"@type\":\"Person\",\"@id\":\"https:\\\/\\\/algarve7.pt\\\/#\\\/schema\\\/person\\\/23fa70681308e7b319a3204bcea45e0c\",\"name\":\"Algarve 7\",\"sameAs\":[\"https:\\\/\\\/algarve7.pt\",\"https:\\\/\\\/www.facebook.com\\\/algarve7\"],\"url\":\"https:\\\/\\\/algarve7.pt\\\/index.php\\\/author\\\/geralalgarve7-pt\\\/\"}]}<\/script>\n<!-- \/ Yoast SEO plugin. -->","yoast_head_json":{"title":"Procura internacional pela UAlg retoma com 1800 alunos estrangeiros - Algarve 7","description":"Procura internacional pela UAlg retoma com 1800 alunos estrangeiros Educa\u00e7\u00e3o","robots":{"index":"index","follow":"follow","max-snippet":"max-snippet:-1","max-image-preview":"max-image-preview:large","max-video-preview":"max-video-preview:-1"},"canonical":"https:\/\/algarve7.pt\/index.php\/2021\/10\/procura-internacional-pela-ualg-retoma-com-1800-alunos-estrangeiros\/educacao\/12\/30\/","og_locale":"pt_PT","og_type":"article","og_title":"Procura internacional pela UAlg retoma com 1800 alunos estrangeiros - Algarve 7","og_description":"Procura internacional pela UAlg retoma com 1800 alunos estrangeiros Educa\u00e7\u00e3o","og_url":"https:\/\/algarve7.pt\/index.php\/2021\/10\/procura-internacional-pela-ualg-retoma-com-1800-alunos-estrangeiros\/educacao\/12\/30\/","og_site_name":"Algarve 7","article_publisher":"https:\/\/www.facebook.com\/algarve7","article_author":"https:\/\/www.facebook.com\/algarve7","article_published_time":"2021-10-17T11:30:00+00:00","og_image":[{"width":1024,"height":677,"url":"https:\/\/algarve7.pt\/wp-content\/uploads\/2021\/10\/Captura-de-ecra-2021-10-16-as-12.53.27-1024x677.png","type":"image\/png"}],"author":"Algarve 7","twitter_card":"summary_large_image","twitter_creator":"@Algarvesete","twitter_site":"@Algarvesete","twitter_misc":{"Escrito por":"Algarve 7","Tempo estimado de leitura":"2 minutos"},"schema":{"@context":"https:\/\/schema.org","@graph":[{"@type":"Article","@id":"https:\/\/algarve7.pt\/index.php\/2021\/10\/procura-internacional-pela-ualg-retoma-com-1800-alunos-estrangeiros\/educacao\/12\/30\/#article","isPartOf":{"@id":"https:\/\/algarve7.pt\/index.php\/2021\/10\/procura-internacional-pela-ualg-retoma-com-1800-alunos-estrangeiros\/educacao\/12\/30\/"},"author":{"name":"Algarve 7","@id":"https:\/\/algarve7.pt\/#\/schema\/person\/23fa70681308e7b319a3204bcea45e0c"},"headline":"Procura internacional pela UAlg retoma com 1800 alunos estrangeiros","datePublished":"2021-10-17T11:30:00+00:00","mainEntityOfPage":{"@id":"https:\/\/algarve7.pt\/index.php\/2021\/10\/procura-internacional-pela-ualg-retoma-com-1800-alunos-estrangeiros\/educacao\/12\/30\/"},"wordCount":394,"commentCount":0,"publisher":{"@id":"https:\/\/algarve7.pt\/#organization"},"image":{"@id":"https:\/\/algarve7.pt\/index.php\/2021\/10\/procura-internacional-pela-ualg-retoma-com-1800-alunos-estrangeiros\/educacao\/12\/30\/#primaryimage"},"thumbnailUrl":"https:\/\/algarve7.pt\/wp-content\/uploads\/2021\/10\/Captura-de-ecra-2021-10-16-as-12.53.27.png","keywords":["Algarve","Educa\u00e7\u00e3o","UALG"],"articleSection":["Educa\u00e7\u00e3o"],"inLanguage":"pt-PT","potentialAction":[{"@type":"CommentAction","name":"Comment","target":["https:\/\/algarve7.pt\/index.php\/2021\/10\/procura-internacional-pela-ualg-retoma-com-1800-alunos-estrangeiros\/educacao\/12\/30\/#respond"]}]},{"@type":"WebPage","@id":"https:\/\/algarve7.pt\/index.php\/2021\/10\/procura-internacional-pela-ualg-retoma-com-1800-alunos-estrangeiros\/educacao\/12\/30\/","url":"https:\/\/algarve7.pt\/index.php\/2021\/10\/procura-internacional-pela-ualg-retoma-com-1800-alunos-estrangeiros\/educacao\/12\/30\/","name":"Procura internacional pela UAlg retoma com 1800 alunos estrangeiros - Algarve 7","isPartOf":{"@id":"https:\/\/algarve7.pt\/#website"},"primaryImageOfPage":{"@id":"https:\/\/algarve7.pt\/index.php\/2021\/10\/procura-internacional-pela-ualg-retoma-com-1800-alunos-estrangeiros\/educacao\/12\/30\/#primaryimage"},"image":{"@id":"https:\/\/algarve7.pt\/index.php\/2021\/10\/procura-internacional-pela-ualg-retoma-com-1800-alunos-estrangeiros\/educacao\/12\/30\/#primaryimage"},"thumbnailUrl":"https:\/\/algarve7.pt\/wp-content\/uploads\/2021\/10\/Captura-de-ecra-2021-10-16-as-12.53.27.png","datePublished":"2021-10-17T11:30:00+00:00","description":"Procura internacional pela UAlg retoma com 1800 alunos estrangeiros Educa\u00e7\u00e3o","breadcrumb":{"@id":"https:\/\/algarve7.pt\/index.php\/2021\/10\/procura-internacional-pela-ualg-retoma-com-1800-alunos-estrangeiros\/educacao\/12\/30\/#breadcrumb"},"inLanguage":"pt-PT","potentialAction":[{"@type":"ReadAction","target":["https:\/\/algarve7.pt\/index.php\/2021\/10\/procura-internacional-pela-ualg-retoma-com-1800-alunos-estrangeiros\/educacao\/12\/30\/"]}]},{"@type":"ImageObject","inLanguage":"pt-PT","@id":"https:\/\/algarve7.pt\/index.php\/2021\/10\/procura-internacional-pela-ualg-retoma-com-1800-alunos-estrangeiros\/educacao\/12\/30\/#primaryimage","url":"https:\/\/algarve7.pt\/wp-content\/uploads\/2021\/10\/Captura-de-ecra-2021-10-16-as-12.53.27.png","contentUrl":"https:\/\/algarve7.pt\/wp-content\/uploads\/2021\/10\/Captura-de-ecra-2021-10-16-as-12.53.27.png","width":1550,"height":1024},{"@type":"BreadcrumbList","@id":"https:\/\/algarve7.pt\/index.php\/2021\/10\/procura-internacional-pela-ualg-retoma-com-1800-alunos-estrangeiros\/educacao\/12\/30\/#breadcrumb","itemListElement":[{"@type":"ListItem","position":1,"name":"In\u00edcio","item":"https:\/\/algarve7.pt\/"},{"@type":"ListItem","position":2,"name":"Procura internacional pela UAlg retoma com 1800 alunos estrangeiros"}]},{"@type":"WebSite","@id":"https:\/\/algarve7.pt\/#website","url":"https:\/\/algarve7.pt\/","name":"Algarve 7","description":"Informa\u00e7\u00e3o sobre o Algarve","publisher":{"@id":"https:\/\/algarve7.pt\/#organization"},"potentialAction":[{"@type":"SearchAction","target":{"@type":"EntryPoint","urlTemplate":"https:\/\/algarve7.pt\/?s={search_term_string}"},"query-input":{"@type":"PropertyValueSpecification","valueRequired":true,"valueName":"search_term_string"}}],"inLanguage":"pt-PT"},{"@type":"Organization","@id":"https:\/\/algarve7.pt\/#organization","name":"Algarve 7","url":"https:\/\/algarve7.pt\/","logo":{"@type":"ImageObject","inLanguage":"pt-PT","@id":"https:\/\/algarve7.pt\/#\/schema\/logo\/image\/","url":"https:\/\/algarve7.pt\/wp-content\/uploads\/2020\/10\/Logo-8.jpg","contentUrl":"https:\/\/algarve7.pt\/wp-content\/uploads\/2020\/10\/Logo-8.jpg","width":1680,"height":1186,"caption":"Algarve 7"},"image":{"@id":"https:\/\/algarve7.pt\/#\/schema\/logo\/image\/"},"sameAs":["https:\/\/www.facebook.com\/algarve7","https:\/\/x.com\/Algarvesete","https:\/\/www.instagram.com\/jornalalgarve7\/","https:\/\/www.linkedin.com\/company\/algarve7","https:\/\/www.pinterest.pt\/geral0939\/_created\/"]},{"@type":"Person","@id":"https:\/\/algarve7.pt\/#\/schema\/person\/23fa70681308e7b319a3204bcea45e0c","name":"Algarve 7","sameAs":["https:\/\/algarve7.pt","https:\/\/www.facebook.com\/algarve7"],"url":"https:\/\/algarve7.pt\/index.php\/author\/geralalgarve7-pt\/"}]}},"jetpack_publicize_connections":[],"jetpack_featured_media_url":"https:\/\/algarve7.pt\/wp-content\/uploads\/2021\/10\/Captura-de-ecra-2021-10-16-as-12.53.27.png","jetpack_shortlink":"https:\/\/wp.me\/pcezmW-39S","jetpack_sharing_enabled":true,"_links":{"self":[{"href":"https:\/\/algarve7.pt\/index.php\/wp-json\/wp\/v2\/posts\/12144","targetHints":{"allow":["GET"]}}],"collection":[{"href":"https:\/\/algarve7.pt\/index.php\/wp-json\/wp\/v2\/posts"}],"about":[{"href":"https:\/\/algarve7.pt\/index.php\/wp-json\/wp\/v2\/types\/post"}],"author":[{"embeddable":true,"href":"https:\/\/algarve7.pt\/index.php\/wp-json\/wp\/v2\/users\/1"}],"replies":[{"embeddable":true,"href":"https:\/\/algarve7.pt\/index.php\/wp-json\/wp\/v2\/comments?post=12144"}],"version-history":[{"count":0,"href":"https:\/\/algarve7.pt\/index.php\/wp-json\/wp\/v2\/posts\/12144\/revisions"}],"wp:featuredmedia":[{"embeddable":true,"href":"https:\/\/algarve7.pt\/index.php\/wp-json\/wp\/v2\/media\/12145"}],"wp:attachment":[{"href":"https:\/\/algarve7.pt\/index.php\/wp-json\/wp\/v2\/media?parent=12144"}],"wp:term":[{"taxonomy":"category","embeddable":true,"href":"https:\/\/algarve7.pt\/index.php\/wp-json\/wp\/v2\/categories?post=12144"},{"taxonomy":"post_tag","embeddable":true,"href":"https:\/\/algarve7.pt\/index.php\/wp-json\/wp\/v2\/tags?post=12144"}],"curies":[{"name":"wp","href":"https:\/\/api.w.org\/{rel}","templated":true}]}}