{"id":11978,"date":"2021-10-10T11:40:00","date_gmt":"2021-10-10T10:40:00","guid":{"rendered":"https:\/\/algarve7.pt\/?p=11978"},"modified":"2021-10-09T10:40:40","modified_gmt":"2021-10-09T09:40:40","slug":"programa-detetives-das-emocoes-ajuda-a-combater-a-ansiedade-e-depressao-em-criancas","status":"publish","type":"post","link":"https:\/\/algarve7.pt\/index.php\/2021\/10\/programa-detetives-das-emocoes-ajuda-a-combater-a-ansiedade-e-depressao-em-criancas\/saude\/11\/40\/","title":{"rendered":"Programa \u201cDetetives das Emo\u00e7\u00f5es\u201d ajuda a combater a ansiedade e depress\u00e3o em crian\u00e7as"},"content":{"rendered":"\n<p>Um estudo piloto realizado por uma equipa da Universidade de Coimbra (UC), em colabora\u00e7\u00e3o com o Centro Hospitalar Tondela-Viseu e com Agrupamentos de Escolas de Coimbra, Nelas e Viseu, indica que o programa de interven\u00e7\u00e3o psicol\u00f3gica vulgarmente conhecido como \u201cDetetives das Emo\u00e7\u00f5es\u201d \u00e9 eficaz no combate \u00e0 ansiedade e depress\u00e3o em crian\u00e7as dos 6 aos 13 anos.<\/p>\n\n\n\n<p>Com o nome cient\u00edfico \u201cProtocolo Unificado para o Tratamento Transdiagn\u00f3stico das Perturba\u00e7\u00f5es Emocionais em Crian\u00e7as\u201d, este programa de interven\u00e7\u00e3o foi originalmente desenvolvido nos EUA e destina-se a crian\u00e7as dos 6 aos 13 anos que apresentem problemas de ansiedade e\/ou depressivos clinicamente significativos e respetivos pais. O objetivo da equipa da UC \u00e9 estudar e validar o programa para a popula\u00e7\u00e3o portuguesa.<\/p>\n\n\n\n<p>O projeto, financiado pela Funda\u00e7\u00e3o para a Ci\u00eancia e a Tecnologia (FCT), \u00e9 conduzido por investigadores do Centro de Investiga\u00e7\u00e3o em Neuropsicologia e Interven\u00e7\u00e3o Cognitivo-Comportamental (CINEICC) e da Unidade de Psicologia Cl\u00ednica Cognitivo-Comportamental&nbsp;(UPC3), da Faculdade de Psicologia e de Ci\u00eancias da Educa\u00e7\u00e3o da Universidade de Coimbra (FPCEUC), e tem a colabora\u00e7\u00e3o da Universidade de Miami (EUA).<\/p>\n\n\n\n<p>Na pr\u00e1tica, o programa \u2013 composto por 15 sess\u00f5es semanais em grupo de 90 minutos para pais e filhos \u2013 tem como objetivo ajudar as crian\u00e7as a desenvolverem estrat\u00e9gias para melhor lidarem com as suas dificuldades e emo\u00e7\u00f5es dif\u00edceis, permitindo assim que progressivamente se sintam menos ansiosas e\/ou deprimidas. \u00c9 conhecido por &#8220;Detetives das Emo\u00e7\u00f5es&#8221; porque, ao longo das sess\u00f5es, as crian\u00e7as aprendem diferentes estrat\u00e9gias com a ajuda dos \u201cDetetives das Emo\u00e7\u00f5es\u201d Sebasti\u00e3o, Nini, Edgar e Ana, que s\u00e3o as personagens do caderno de atividades da crian\u00e7a. Tamb\u00e9m os pais aprendem estrat\u00e9gias para melhor poderem ajudar os seus filhos a lidarem com as suas emo\u00e7\u00f5es fortes.<\/p>\n\n\n\n<p>Os resultados preliminares do estudo piloto, realizado ao longo do \u00faltimo ano com a participa\u00e7\u00e3o de mais de 30 crian\u00e7as e pais, explica Br\u00edgida Caiado, doutoranda na UC, sob coordena\u00e7\u00e3o das docentes Helena Moreira e Maria Cristina Canavarro, mostram uma \u00ab<strong>elevada satisfa\u00e7\u00e3o das crian\u00e7as e pais com a interven\u00e7\u00e3o, um forte envolvimento destes nas sess\u00f5es e com melhorias significativas ao n\u00edvel dos sintomas de ansiedade e depress\u00e3o das crian\u00e7as<\/strong>\u00bb.<\/p>\n\n\n\n<p>Observou-se, detalha, \u00ab<strong>uma redu\u00e7\u00e3o de processos psicol\u00f3gicos inerentes \u00e0 psicopatologia (por exemplo, evitamento; dificuldades na express\u00e3o emocional; intoler\u00e2ncia \u00e0s emo\u00e7\u00f5es negativas; sensibilidade \u00e0 ansiedade; afeto negativo e erros cognitivos) e uma promo\u00e7\u00e3o de processos psicol\u00f3gicos subjacentes \u00e0 sa\u00fade mental (mindfulness [aten\u00e7\u00e3o plena], flexibilidade cognitiva, etc.). Os pais tamb\u00e9m consideram ter aprendido estrat\u00e9gias \u00fateis para lidar com as dificuldades dos seus filhos, considerando a interven\u00e7\u00e3o uma mais-valia para os seus filhos e para si mesmos<\/strong>\u00bb.<\/p>\n\n\n\n<p>Agora, a equipa est\u00e1 a levar a cabo um estudo mais alargado que pretende avaliar a efic\u00e1cia desta interven\u00e7\u00e3o atrav\u00e9s da compara\u00e7\u00e3o com um outro programa de interven\u00e7\u00e3o psicoeducacional para a ansiedade\/depress\u00e3o (ABC das Emo\u00e7\u00f5es). S\u00f3 \u00ab<strong>atrav\u00e9s da compara\u00e7\u00e3o destes dois grupos, \u00e9 poss\u00edvel avaliar a efic\u00e1cia efetiva do programa \u201cDetetives das Emo\u00e7\u00f5es: Protocolo Unificado para Crian\u00e7as\u201d<\/strong>\u00bb, conclui Br\u00edgida Caiado.<\/p>\n\n\n\n<p>Nesse sentido, encontram-se abertas inscri\u00e7\u00f5es para participa\u00e7\u00e3o neste novo estudo. Podem participar crian\u00e7as dos 6 aos 13 anos com perturba\u00e7\u00e3o emocional, isto \u00e9, medos interferentes, perturba\u00e7\u00e3o de ansiedade e\/ou depress\u00e3o. As crian\u00e7as e pais que participarem ter\u00e3o acesso gratuito \u00e0 interven\u00e7\u00e3o psicol\u00f3gica grupal destinada ao tratamento destas perturba\u00e7\u00f5es. Os pais que tenham interesse neste projeto dever\u00e3o preencher o formul\u00e1rio dispon\u00edvel em\u00a0<a href=\"https:\/\/bit.ly\/detetivesemocoes\" target=\"_blank\" rel=\"noreferrer noopener\">https:\/\/bit.ly\/detetivesemocoes<\/a>\u00a0e ser\u00e3o posteriormente contactados pela equipa de investiga\u00e7\u00e3o.\u00a0Mais informa\u00e7\u00e3o sobre o projeto est\u00e1 dispon\u00edvel em:\u00a0<a href=\"https:\/\/protocolounificadoc.wixsite.com\/home\" target=\"_blank\" rel=\"noreferrer noopener\">https:\/\/protocolounificadoc.wixsite.com\/home<\/a><\/p>\n","protected":false},"excerpt":{"rendered":"<p>Um estudo piloto realizado por uma equipa da Universidade de Coimbra (UC), em colabora\u00e7\u00e3o com o Centro Hospitalar Tondela-Viseu e<\/p>\n","protected":false},"author":1,"featured_media":11979,"comment_status":"open","ping_status":"open","sticky":false,"template":"","format":"standard","meta":{"colormag_page_container_layout":"default_layout","colormag_page_sidebar_layout":"default_layout","_monsterinsights_skip_tracking":false,"_monsterinsights_sitenote_active":false,"_monsterinsights_sitenote_note":"","_monsterinsights_sitenote_category":0,"jetpack_post_was_ever_published":false,"_jetpack_newsletter_access":"","_jetpack_dont_email_post_to_subs":false,"_jetpack_newsletter_tier_id":0,"_jetpack_memberships_contains_paywalled_content":false,"_jetpack_memberships_contains_paid_content":false,"footnotes":"","jetpack_publicize_message":"","jetpack_publicize_feature_enabled":true,"jetpack_social_post_already_shared":true,"jetpack_social_options":{"image_generator_settings":{"template":"highway","default_image_id":0,"font":"","enabled":false},"version":2}},"categories":[59],"tags":[58,299],"class_list":["post-11978","post","type-post","status-publish","format-standard","has-post-thumbnail","hentry","category-saude","tag-saude","tag-universidade-coimbra"],"yoast_head":"<!-- This site is optimized with the Yoast SEO plugin v27.5 - https:\/\/yoast.com\/product\/yoast-seo-wordpress\/ -->\n<title>Programa \u201cDetetives das Emo\u00e7\u00f5es\u201d ajuda a combater a ansiedade e depress\u00e3o em crian\u00e7as - Algarve 7<\/title>\n<meta name=\"description\" content=\"Programa \u201cDetetives das Emo\u00e7\u00f5es\u201d ajuda a combater a ansiedade e depress\u00e3o em crian\u00e7as Sa\u00fade\" \/>\n<meta name=\"robots\" content=\"index, follow, max-snippet:-1, max-image-preview:large, max-video-preview:-1\" \/>\n<link rel=\"canonical\" href=\"https:\/\/algarve7.pt\/index.php\/2021\/10\/programa-detetives-das-emocoes-ajuda-a-combater-a-ansiedade-e-depressao-em-criancas\/saude\/11\/40\/\" \/>\n<meta property=\"og:locale\" content=\"pt_PT\" \/>\n<meta property=\"og:type\" content=\"article\" \/>\n<meta property=\"og:title\" content=\"Programa \u201cDetetives das Emo\u00e7\u00f5es\u201d ajuda a combater a ansiedade e depress\u00e3o em crian\u00e7as - Algarve 7\" \/>\n<meta property=\"og:description\" content=\"Programa \u201cDetetives das Emo\u00e7\u00f5es\u201d ajuda a combater a ansiedade e depress\u00e3o em crian\u00e7as Sa\u00fade\" \/>\n<meta property=\"og:url\" content=\"https:\/\/algarve7.pt\/index.php\/2021\/10\/programa-detetives-das-emocoes-ajuda-a-combater-a-ansiedade-e-depressao-em-criancas\/saude\/11\/40\/\" \/>\n<meta property=\"og:site_name\" content=\"Algarve 7\" \/>\n<meta property=\"article:publisher\" content=\"https:\/\/www.facebook.com\/algarve7\" \/>\n<meta property=\"article:author\" content=\"https:\/\/www.facebook.com\/algarve7\" \/>\n<meta property=\"article:published_time\" content=\"2021-10-10T10:40:00+00:00\" \/>\n<meta property=\"og:image\" content=\"https:\/\/algarve7.pt\/wp-content\/uploads\/2021\/10\/Sessao_programa.jpeg\" \/>\n\t<meta property=\"og:image:width\" content=\"1152\" \/>\n\t<meta property=\"og:image:height\" content=\"2048\" \/>\n\t<meta property=\"og:image:type\" content=\"image\/jpeg\" \/>\n<meta name=\"author\" content=\"Algarve 7\" \/>\n<meta name=\"twitter:card\" content=\"summary_large_image\" \/>\n<meta name=\"twitter:creator\" content=\"@Algarvesete\" \/>\n<meta name=\"twitter:site\" content=\"@Algarvesete\" \/>\n<meta name=\"twitter:label1\" content=\"Escrito por\" \/>\n\t<meta name=\"twitter:data1\" content=\"Algarve 7\" \/>\n\t<meta name=\"twitter:label2\" content=\"Tempo estimado de leitura\" \/>\n\t<meta name=\"twitter:data2\" content=\"3 minutos\" \/>\n<script type=\"application\/ld+json\" class=\"yoast-schema-graph\">{\"@context\":\"https:\\\/\\\/schema.org\",\"@graph\":[{\"@type\":\"Article\",\"@id\":\"https:\\\/\\\/algarve7.pt\\\/index.php\\\/2021\\\/10\\\/programa-detetives-das-emocoes-ajuda-a-combater-a-ansiedade-e-depressao-em-criancas\\\/saude\\\/11\\\/40\\\/#article\",\"isPartOf\":{\"@id\":\"https:\\\/\\\/algarve7.pt\\\/index.php\\\/2021\\\/10\\\/programa-detetives-das-emocoes-ajuda-a-combater-a-ansiedade-e-depressao-em-criancas\\\/saude\\\/11\\\/40\\\/\"},\"author\":{\"name\":\"Algarve 7\",\"@id\":\"https:\\\/\\\/algarve7.pt\\\/#\\\/schema\\\/person\\\/23fa70681308e7b319a3204bcea45e0c\"},\"headline\":\"Programa \u201cDetetives das Emo\u00e7\u00f5es\u201d ajuda a combater a ansiedade e depress\u00e3o em crian\u00e7as\",\"datePublished\":\"2021-10-10T10:40:00+00:00\",\"mainEntityOfPage\":{\"@id\":\"https:\\\/\\\/algarve7.pt\\\/index.php\\\/2021\\\/10\\\/programa-detetives-das-emocoes-ajuda-a-combater-a-ansiedade-e-depressao-em-criancas\\\/saude\\\/11\\\/40\\\/\"},\"wordCount\":662,\"commentCount\":0,\"publisher\":{\"@id\":\"https:\\\/\\\/algarve7.pt\\\/#organization\"},\"image\":{\"@id\":\"https:\\\/\\\/algarve7.pt\\\/index.php\\\/2021\\\/10\\\/programa-detetives-das-emocoes-ajuda-a-combater-a-ansiedade-e-depressao-em-criancas\\\/saude\\\/11\\\/40\\\/#primaryimage\"},\"thumbnailUrl\":\"https:\\\/\\\/algarve7.pt\\\/wp-content\\\/uploads\\\/2021\\\/10\\\/Sessao_programa.jpeg\",\"keywords\":[\"Sa\u00fade\",\"Universidade Coimbra\"],\"articleSection\":[\"Sa\u00fade\"],\"inLanguage\":\"pt-PT\",\"potentialAction\":[{\"@type\":\"CommentAction\",\"name\":\"Comment\",\"target\":[\"https:\\\/\\\/algarve7.pt\\\/index.php\\\/2021\\\/10\\\/programa-detetives-das-emocoes-ajuda-a-combater-a-ansiedade-e-depressao-em-criancas\\\/saude\\\/11\\\/40\\\/#respond\"]}]},{\"@type\":\"WebPage\",\"@id\":\"https:\\\/\\\/algarve7.pt\\\/index.php\\\/2021\\\/10\\\/programa-detetives-das-emocoes-ajuda-a-combater-a-ansiedade-e-depressao-em-criancas\\\/saude\\\/11\\\/40\\\/\",\"url\":\"https:\\\/\\\/algarve7.pt\\\/index.php\\\/2021\\\/10\\\/programa-detetives-das-emocoes-ajuda-a-combater-a-ansiedade-e-depressao-em-criancas\\\/saude\\\/11\\\/40\\\/\",\"name\":\"Programa \u201cDetetives das Emo\u00e7\u00f5es\u201d ajuda a combater a ansiedade e depress\u00e3o em crian\u00e7as - Algarve 7\",\"isPartOf\":{\"@id\":\"https:\\\/\\\/algarve7.pt\\\/#website\"},\"primaryImageOfPage\":{\"@id\":\"https:\\\/\\\/algarve7.pt\\\/index.php\\\/2021\\\/10\\\/programa-detetives-das-emocoes-ajuda-a-combater-a-ansiedade-e-depressao-em-criancas\\\/saude\\\/11\\\/40\\\/#primaryimage\"},\"image\":{\"@id\":\"https:\\\/\\\/algarve7.pt\\\/index.php\\\/2021\\\/10\\\/programa-detetives-das-emocoes-ajuda-a-combater-a-ansiedade-e-depressao-em-criancas\\\/saude\\\/11\\\/40\\\/#primaryimage\"},\"thumbnailUrl\":\"https:\\\/\\\/algarve7.pt\\\/wp-content\\\/uploads\\\/2021\\\/10\\\/Sessao_programa.jpeg\",\"datePublished\":\"2021-10-10T10:40:00+00:00\",\"description\":\"Programa \u201cDetetives das Emo\u00e7\u00f5es\u201d ajuda a combater a ansiedade e depress\u00e3o em crian\u00e7as Sa\u00fade\",\"breadcrumb\":{\"@id\":\"https:\\\/\\\/algarve7.pt\\\/index.php\\\/2021\\\/10\\\/programa-detetives-das-emocoes-ajuda-a-combater-a-ansiedade-e-depressao-em-criancas\\\/saude\\\/11\\\/40\\\/#breadcrumb\"},\"inLanguage\":\"pt-PT\",\"potentialAction\":[{\"@type\":\"ReadAction\",\"target\":[\"https:\\\/\\\/algarve7.pt\\\/index.php\\\/2021\\\/10\\\/programa-detetives-das-emocoes-ajuda-a-combater-a-ansiedade-e-depressao-em-criancas\\\/saude\\\/11\\\/40\\\/\"]}]},{\"@type\":\"ImageObject\",\"inLanguage\":\"pt-PT\",\"@id\":\"https:\\\/\\\/algarve7.pt\\\/index.php\\\/2021\\\/10\\\/programa-detetives-das-emocoes-ajuda-a-combater-a-ansiedade-e-depressao-em-criancas\\\/saude\\\/11\\\/40\\\/#primaryimage\",\"url\":\"https:\\\/\\\/algarve7.pt\\\/wp-content\\\/uploads\\\/2021\\\/10\\\/Sessao_programa.jpeg\",\"contentUrl\":\"https:\\\/\\\/algarve7.pt\\\/wp-content\\\/uploads\\\/2021\\\/10\\\/Sessao_programa.jpeg\",\"width\":1152,\"height\":2048},{\"@type\":\"BreadcrumbList\",\"@id\":\"https:\\\/\\\/algarve7.pt\\\/index.php\\\/2021\\\/10\\\/programa-detetives-das-emocoes-ajuda-a-combater-a-ansiedade-e-depressao-em-criancas\\\/saude\\\/11\\\/40\\\/#breadcrumb\",\"itemListElement\":[{\"@type\":\"ListItem\",\"position\":1,\"name\":\"In\u00edcio\",\"item\":\"https:\\\/\\\/algarve7.pt\\\/\"},{\"@type\":\"ListItem\",\"position\":2,\"name\":\"Programa \u201cDetetives das Emo\u00e7\u00f5es\u201d ajuda a combater a ansiedade e depress\u00e3o em crian\u00e7as\"}]},{\"@type\":\"WebSite\",\"@id\":\"https:\\\/\\\/algarve7.pt\\\/#website\",\"url\":\"https:\\\/\\\/algarve7.pt\\\/\",\"name\":\"Algarve 7\",\"description\":\"Informa\u00e7\u00e3o sobre o Algarve\",\"publisher\":{\"@id\":\"https:\\\/\\\/algarve7.pt\\\/#organization\"},\"potentialAction\":[{\"@type\":\"SearchAction\",\"target\":{\"@type\":\"EntryPoint\",\"urlTemplate\":\"https:\\\/\\\/algarve7.pt\\\/?s={search_term_string}\"},\"query-input\":{\"@type\":\"PropertyValueSpecification\",\"valueRequired\":true,\"valueName\":\"search_term_string\"}}],\"inLanguage\":\"pt-PT\"},{\"@type\":\"Organization\",\"@id\":\"https:\\\/\\\/algarve7.pt\\\/#organization\",\"name\":\"Algarve 7\",\"url\":\"https:\\\/\\\/algarve7.pt\\\/\",\"logo\":{\"@type\":\"ImageObject\",\"inLanguage\":\"pt-PT\",\"@id\":\"https:\\\/\\\/algarve7.pt\\\/#\\\/schema\\\/logo\\\/image\\\/\",\"url\":\"https:\\\/\\\/algarve7.pt\\\/wp-content\\\/uploads\\\/2020\\\/10\\\/Logo-8.jpg\",\"contentUrl\":\"https:\\\/\\\/algarve7.pt\\\/wp-content\\\/uploads\\\/2020\\\/10\\\/Logo-8.jpg\",\"width\":1680,\"height\":1186,\"caption\":\"Algarve 7\"},\"image\":{\"@id\":\"https:\\\/\\\/algarve7.pt\\\/#\\\/schema\\\/logo\\\/image\\\/\"},\"sameAs\":[\"https:\\\/\\\/www.facebook.com\\\/algarve7\",\"https:\\\/\\\/x.com\\\/Algarvesete\",\"https:\\\/\\\/www.instagram.com\\\/jornalalgarve7\\\/\",\"https:\\\/\\\/www.linkedin.com\\\/company\\\/algarve7\",\"https:\\\/\\\/www.pinterest.pt\\\/geral0939\\\/_created\\\/\"]},{\"@type\":\"Person\",\"@id\":\"https:\\\/\\\/algarve7.pt\\\/#\\\/schema\\\/person\\\/23fa70681308e7b319a3204bcea45e0c\",\"name\":\"Algarve 7\",\"sameAs\":[\"https:\\\/\\\/algarve7.pt\",\"https:\\\/\\\/www.facebook.com\\\/algarve7\"],\"url\":\"https:\\\/\\\/algarve7.pt\\\/index.php\\\/author\\\/geralalgarve7-pt\\\/\"}]}<\/script>\n<!-- \/ Yoast SEO plugin. -->","yoast_head_json":{"title":"Programa \u201cDetetives das Emo\u00e7\u00f5es\u201d ajuda a combater a ansiedade e depress\u00e3o em crian\u00e7as - Algarve 7","description":"Programa \u201cDetetives das Emo\u00e7\u00f5es\u201d ajuda a combater a ansiedade e depress\u00e3o em crian\u00e7as Sa\u00fade","robots":{"index":"index","follow":"follow","max-snippet":"max-snippet:-1","max-image-preview":"max-image-preview:large","max-video-preview":"max-video-preview:-1"},"canonical":"https:\/\/algarve7.pt\/index.php\/2021\/10\/programa-detetives-das-emocoes-ajuda-a-combater-a-ansiedade-e-depressao-em-criancas\/saude\/11\/40\/","og_locale":"pt_PT","og_type":"article","og_title":"Programa \u201cDetetives das Emo\u00e7\u00f5es\u201d ajuda a combater a ansiedade e depress\u00e3o em crian\u00e7as - Algarve 7","og_description":"Programa \u201cDetetives das Emo\u00e7\u00f5es\u201d ajuda a combater a ansiedade e depress\u00e3o em crian\u00e7as Sa\u00fade","og_url":"https:\/\/algarve7.pt\/index.php\/2021\/10\/programa-detetives-das-emocoes-ajuda-a-combater-a-ansiedade-e-depressao-em-criancas\/saude\/11\/40\/","og_site_name":"Algarve 7","article_publisher":"https:\/\/www.facebook.com\/algarve7","article_author":"https:\/\/www.facebook.com\/algarve7","article_published_time":"2021-10-10T10:40:00+00:00","og_image":[{"width":1152,"height":2048,"url":"https:\/\/algarve7.pt\/wp-content\/uploads\/2021\/10\/Sessao_programa.jpeg","type":"image\/jpeg"}],"author":"Algarve 7","twitter_card":"summary_large_image","twitter_creator":"@Algarvesete","twitter_site":"@Algarvesete","twitter_misc":{"Escrito por":"Algarve 7","Tempo estimado de leitura":"3 minutos"},"schema":{"@context":"https:\/\/schema.org","@graph":[{"@type":"Article","@id":"https:\/\/algarve7.pt\/index.php\/2021\/10\/programa-detetives-das-emocoes-ajuda-a-combater-a-ansiedade-e-depressao-em-criancas\/saude\/11\/40\/#article","isPartOf":{"@id":"https:\/\/algarve7.pt\/index.php\/2021\/10\/programa-detetives-das-emocoes-ajuda-a-combater-a-ansiedade-e-depressao-em-criancas\/saude\/11\/40\/"},"author":{"name":"Algarve 7","@id":"https:\/\/algarve7.pt\/#\/schema\/person\/23fa70681308e7b319a3204bcea45e0c"},"headline":"Programa \u201cDetetives das Emo\u00e7\u00f5es\u201d ajuda a combater a ansiedade e depress\u00e3o em crian\u00e7as","datePublished":"2021-10-10T10:40:00+00:00","mainEntityOfPage":{"@id":"https:\/\/algarve7.pt\/index.php\/2021\/10\/programa-detetives-das-emocoes-ajuda-a-combater-a-ansiedade-e-depressao-em-criancas\/saude\/11\/40\/"},"wordCount":662,"commentCount":0,"publisher":{"@id":"https:\/\/algarve7.pt\/#organization"},"image":{"@id":"https:\/\/algarve7.pt\/index.php\/2021\/10\/programa-detetives-das-emocoes-ajuda-a-combater-a-ansiedade-e-depressao-em-criancas\/saude\/11\/40\/#primaryimage"},"thumbnailUrl":"https:\/\/algarve7.pt\/wp-content\/uploads\/2021\/10\/Sessao_programa.jpeg","keywords":["Sa\u00fade","Universidade Coimbra"],"articleSection":["Sa\u00fade"],"inLanguage":"pt-PT","potentialAction":[{"@type":"CommentAction","name":"Comment","target":["https:\/\/algarve7.pt\/index.php\/2021\/10\/programa-detetives-das-emocoes-ajuda-a-combater-a-ansiedade-e-depressao-em-criancas\/saude\/11\/40\/#respond"]}]},{"@type":"WebPage","@id":"https:\/\/algarve7.pt\/index.php\/2021\/10\/programa-detetives-das-emocoes-ajuda-a-combater-a-ansiedade-e-depressao-em-criancas\/saude\/11\/40\/","url":"https:\/\/algarve7.pt\/index.php\/2021\/10\/programa-detetives-das-emocoes-ajuda-a-combater-a-ansiedade-e-depressao-em-criancas\/saude\/11\/40\/","name":"Programa \u201cDetetives das Emo\u00e7\u00f5es\u201d ajuda a combater a ansiedade e depress\u00e3o em crian\u00e7as - Algarve 7","isPartOf":{"@id":"https:\/\/algarve7.pt\/#website"},"primaryImageOfPage":{"@id":"https:\/\/algarve7.pt\/index.php\/2021\/10\/programa-detetives-das-emocoes-ajuda-a-combater-a-ansiedade-e-depressao-em-criancas\/saude\/11\/40\/#primaryimage"},"image":{"@id":"https:\/\/algarve7.pt\/index.php\/2021\/10\/programa-detetives-das-emocoes-ajuda-a-combater-a-ansiedade-e-depressao-em-criancas\/saude\/11\/40\/#primaryimage"},"thumbnailUrl":"https:\/\/algarve7.pt\/wp-content\/uploads\/2021\/10\/Sessao_programa.jpeg","datePublished":"2021-10-10T10:40:00+00:00","description":"Programa \u201cDetetives das Emo\u00e7\u00f5es\u201d ajuda a combater a ansiedade e depress\u00e3o em crian\u00e7as Sa\u00fade","breadcrumb":{"@id":"https:\/\/algarve7.pt\/index.php\/2021\/10\/programa-detetives-das-emocoes-ajuda-a-combater-a-ansiedade-e-depressao-em-criancas\/saude\/11\/40\/#breadcrumb"},"inLanguage":"pt-PT","potentialAction":[{"@type":"ReadAction","target":["https:\/\/algarve7.pt\/index.php\/2021\/10\/programa-detetives-das-emocoes-ajuda-a-combater-a-ansiedade-e-depressao-em-criancas\/saude\/11\/40\/"]}]},{"@type":"ImageObject","inLanguage":"pt-PT","@id":"https:\/\/algarve7.pt\/index.php\/2021\/10\/programa-detetives-das-emocoes-ajuda-a-combater-a-ansiedade-e-depressao-em-criancas\/saude\/11\/40\/#primaryimage","url":"https:\/\/algarve7.pt\/wp-content\/uploads\/2021\/10\/Sessao_programa.jpeg","contentUrl":"https:\/\/algarve7.pt\/wp-content\/uploads\/2021\/10\/Sessao_programa.jpeg","width":1152,"height":2048},{"@type":"BreadcrumbList","@id":"https:\/\/algarve7.pt\/index.php\/2021\/10\/programa-detetives-das-emocoes-ajuda-a-combater-a-ansiedade-e-depressao-em-criancas\/saude\/11\/40\/#breadcrumb","itemListElement":[{"@type":"ListItem","position":1,"name":"In\u00edcio","item":"https:\/\/algarve7.pt\/"},{"@type":"ListItem","position":2,"name":"Programa \u201cDetetives das Emo\u00e7\u00f5es\u201d ajuda a combater a ansiedade e depress\u00e3o em crian\u00e7as"}]},{"@type":"WebSite","@id":"https:\/\/algarve7.pt\/#website","url":"https:\/\/algarve7.pt\/","name":"Algarve 7","description":"Informa\u00e7\u00e3o sobre o Algarve","publisher":{"@id":"https:\/\/algarve7.pt\/#organization"},"potentialAction":[{"@type":"SearchAction","target":{"@type":"EntryPoint","urlTemplate":"https:\/\/algarve7.pt\/?s={search_term_string}"},"query-input":{"@type":"PropertyValueSpecification","valueRequired":true,"valueName":"search_term_string"}}],"inLanguage":"pt-PT"},{"@type":"Organization","@id":"https:\/\/algarve7.pt\/#organization","name":"Algarve 7","url":"https:\/\/algarve7.pt\/","logo":{"@type":"ImageObject","inLanguage":"pt-PT","@id":"https:\/\/algarve7.pt\/#\/schema\/logo\/image\/","url":"https:\/\/algarve7.pt\/wp-content\/uploads\/2020\/10\/Logo-8.jpg","contentUrl":"https:\/\/algarve7.pt\/wp-content\/uploads\/2020\/10\/Logo-8.jpg","width":1680,"height":1186,"caption":"Algarve 7"},"image":{"@id":"https:\/\/algarve7.pt\/#\/schema\/logo\/image\/"},"sameAs":["https:\/\/www.facebook.com\/algarve7","https:\/\/x.com\/Algarvesete","https:\/\/www.instagram.com\/jornalalgarve7\/","https:\/\/www.linkedin.com\/company\/algarve7","https:\/\/www.pinterest.pt\/geral0939\/_created\/"]},{"@type":"Person","@id":"https:\/\/algarve7.pt\/#\/schema\/person\/23fa70681308e7b319a3204bcea45e0c","name":"Algarve 7","sameAs":["https:\/\/algarve7.pt","https:\/\/www.facebook.com\/algarve7"],"url":"https:\/\/algarve7.pt\/index.php\/author\/geralalgarve7-pt\/"}]}},"jetpack_publicize_connections":[],"jetpack_featured_media_url":"https:\/\/algarve7.pt\/wp-content\/uploads\/2021\/10\/Sessao_programa.jpeg","jetpack_shortlink":"https:\/\/wp.me\/pcezmW-37c","jetpack_sharing_enabled":true,"_links":{"self":[{"href":"https:\/\/algarve7.pt\/index.php\/wp-json\/wp\/v2\/posts\/11978","targetHints":{"allow":["GET"]}}],"collection":[{"href":"https:\/\/algarve7.pt\/index.php\/wp-json\/wp\/v2\/posts"}],"about":[{"href":"https:\/\/algarve7.pt\/index.php\/wp-json\/wp\/v2\/types\/post"}],"author":[{"embeddable":true,"href":"https:\/\/algarve7.pt\/index.php\/wp-json\/wp\/v2\/users\/1"}],"replies":[{"embeddable":true,"href":"https:\/\/algarve7.pt\/index.php\/wp-json\/wp\/v2\/comments?post=11978"}],"version-history":[{"count":0,"href":"https:\/\/algarve7.pt\/index.php\/wp-json\/wp\/v2\/posts\/11978\/revisions"}],"wp:featuredmedia":[{"embeddable":true,"href":"https:\/\/algarve7.pt\/index.php\/wp-json\/wp\/v2\/media\/11979"}],"wp:attachment":[{"href":"https:\/\/algarve7.pt\/index.php\/wp-json\/wp\/v2\/media?parent=11978"}],"wp:term":[{"taxonomy":"category","embeddable":true,"href":"https:\/\/algarve7.pt\/index.php\/wp-json\/wp\/v2\/categories?post=11978"},{"taxonomy":"post_tag","embeddable":true,"href":"https:\/\/algarve7.pt\/index.php\/wp-json\/wp\/v2\/tags?post=11978"}],"curies":[{"name":"wp","href":"https:\/\/api.w.org\/{rel}","templated":true}]}}