{"id":11969,"date":"2021-10-09T09:33:24","date_gmt":"2021-10-09T08:33:24","guid":{"rendered":"https:\/\/algarve7.pt\/?p=11969"},"modified":"2021-10-09T09:33:26","modified_gmt":"2021-10-09T08:33:26","slug":"projeto-three4climate-professores-alemaes-fazem-viagem-biefeld-loule-com-zero-emissoes-de-co2","status":"publish","type":"post","link":"https:\/\/algarve7.pt\/index.php\/2021\/10\/projeto-three4climate-professores-alemaes-fazem-viagem-biefeld-loule-com-zero-emissoes-de-co2\/ambiente\/09\/33\/","title":{"rendered":"Projeto three4climate: professores alem\u00e3es fazem viagem Biefeld \u2013 Loul\u00e9 com zero emiss\u00f5es de CO2"},"content":{"rendered":"\n<p>Um ve\u00edculo el\u00e9trico, um comboio e uma bicicleta foram os tr\u00eas meios de transporte utilizados por Jens Ohlemeyer e Tobias Dewald para fazerem o percurso de cerca de 3 mil quil\u00f3metros entre a cidade alem\u00e3 de Bielefeld e a vila de Salir, no concelho de Loul\u00e9, em quatro dias, sem qualquer emiss\u00e3o de gases poluentes para a atmosfera. Os dois professores alem\u00e3es que integram o projeto europeu \u201cThree4Climate\u201d estiveram esta quinta-feira na Escola EBI Prof. Sebasti\u00e3o Teixeira de Salir para falar da experi\u00eancia e mostrar aos alunos e corpo docente desta comunidade energ\u00e9tica escolar que o futuro do Planeta passa, n\u00e3o s\u00f3, pela mobilidade sustent\u00e1vel, mas tamb\u00e9m por muitas outras a\u00e7\u00f5es do quotidiano que poder\u00e3o ser decisivas para a meta de neutralidade carb\u00f3nica at\u00e9 2050.<\/p>\n\n\n\n<p>No primeiro dia de jornada, ao volante de um ve\u00edculo el\u00e9trico, os dois alem\u00e3es viajaram at\u00e9 Bord\u00e9us, em Fran\u00e7a, com uma passagem por Bruxelas, o cora\u00e7\u00e3o da Uni\u00e3o Europeia, onde deixaram reivindica\u00e7\u00f5es dos alunos das escolas do projeto junto dos respons\u00e1veis europeus. No dia 2, o trajeto levou-os at\u00e9 ao territ\u00f3rio nacional e Braga foi o destino. Nesta cidade, que a par de Loul\u00e9 \u00e9 a parceira portuguesa neste projeto internacional, estacionaram o carro el\u00e9trico para seguirem at\u00e9 Lisboa de comboio, no terceiro dia desta aventura. Finalmente, no derradeiro dia \u2013 o quarto \u2013 foi tamb\u00e9m esse meio de transporte que utilizaram para fazer o percurso entre a capital e a cidade de Beja. Da\u00ed partiram para Salir, vila do interior algarvio, numa bicicleta el\u00e9trica.<\/p>\n\n\n\n<p>Uma experi\u00eancia com alguns obst\u00e1culos, como os pr\u00f3prios recordaram, sobretudo em termos da log\u00edstica do carregamento do ve\u00edculo el\u00e9trico, mas que veio mostrar que \u00e9 perfeitamente poss\u00edvel viajar, inclusive percorrendo longas dist\u00e2ncias, sem prejudicar o ambiente. \u201cA mobilidade el\u00e9trica \u00e9 uma das tecnologias que devemos, cada vez mais, usar\u201d, sublinha Jens Ohlemeyer, professor de Ingl\u00eas e de Educa\u00e7\u00e3o F\u00edsica em Bielefeld.<\/p>\n\n\n\n<p>A visita destes professores \u00e9 apenas uma das a\u00e7\u00f5es do projeto \u201cThree4Climate\u201d, que arrancou em junho de 2020, e nasceu para promover as atividades clim\u00e1ticas a n\u00edvel local como apoio \u00e0 tripresid\u00eancia do Conselho Europeu encabe\u00e7ada pela Alemanha, Portugal e Eslov\u00e9nia. Envolve 6 munic\u00edpios &#8211; Bielefeld, Braga, Maribor, Radolfzell, Loul\u00e9 e Kranj e 6 escolas, entre as quais a EBI de Salir, um dos estabelecimentos de ensino do pa\u00eds mais implicados nestas mat\u00e9rias da sustentabilidade.&nbsp;<\/p>\n\n\n\n<p>\u201cThree4Climate\u201d assenta fundamentalmente na colabora\u00e7\u00e3o entre os diferentes participantes para a descarboniza\u00e7\u00e3o, na coopera\u00e7\u00e3o para a a\u00e7\u00e3o clim\u00e1tica a n\u00edvel local, nacional e europeu, e na troca de experi\u00eancias e partilha de boas pr\u00e1ticas no \u00e2mbito da neutralidade carb\u00f3nica.<\/p>\n\n\n\n<p>Como explica o coordenador em Portugal do projeto, Mat\u00edas Garc\u00eda, \u201co que queremos \u00e9 promover a coes\u00e3o dos diferentes n\u00edveis de governo, desde o n\u00edvel local que podem ser munic\u00edpios ou escolas, passando pelos governos nacionais de cada pa\u00eds at\u00e9 \u00e0s entidades europeias\u201d. \u201cTemos que agir j\u00e1 e levar as demandas de baixo para cima, promovendo a colabora\u00e7\u00e3o entre todos. Aqui mesmo, com este interc\u00e2mbio entre os professores destes pa\u00edses, estamos a afinar metodologias para melhor integrar nas escolas a educa\u00e7\u00e3o para a sustentabilidade, criando parcerias para que isso aconte\u00e7a\u201d, referiu este respons\u00e1vel.&nbsp;<\/p>\n\n\n\n<p>Esta foi, de resto, uma das mensagens dos dois professores alem\u00e3es que falaram da necessidade de existir \u201cmais financiamento e mais recursos humanos nas escolas que sejam canalizados para a educa\u00e7\u00e3o para a sustentabilidade\u201d. A interdisciplinaridade, ou seja, o envolvimento das v\u00e1rias disciplinas nesta mat\u00e9ria, bem como a integra\u00e7\u00e3o no corpo de docentes das escolas de uma pessoa dedicada a esta \u00e1rea ser\u00e3o determinantes.<\/p>\n\n\n\n<p>Em rela\u00e7\u00e3o \u00e0 presen\u00e7a do Munic\u00edpio de Loul\u00e9 e da j\u00e1 premiada Escola EBI de Salir neste projeto internacional, o autarca V\u00edtor Aleixo disse ser \u201cde grande interesse criar diferentes din\u00e2micas que promovam a mudan\u00e7a de comportamentos em prol da resposta \u00e0s altera\u00e7\u00f5es clim\u00e1ticas\u201d. At\u00e9 porque, como adiantou, \u201ca pol\u00edtica clim\u00e1tica est\u00e1 a dar os seus primeiros passos e compreende-se perfeitamente que as comunidades escolares de todo o mundo sejam um dos principais motores para operar pol\u00edticas para a adapta\u00e7\u00e3o \u00e0 mudan\u00e7a do clima\u201d. Em Salir, reafirmou a sua posi\u00e7\u00e3o quanto a esta mat\u00e9ria premente que passa pelo envolvimento urgente de toda a sociedade &#8211; escolas, empresas, fam\u00edlias, institui\u00e7\u00f5es p\u00fablicas: \u201cJ\u00e1 estamos muito atrasados, tem que haver uma mobiliza\u00e7\u00e3o geral para enfrentarmos este que \u00e9 o maior problema com que a Humanidade alguma vez se confrontou!\u201d.<\/p>\n\n\n\n<p>Considerando precisamente essa implica\u00e7\u00e3o de todos, os professores Jens Ohlemeyer e Tobias Dewald refor\u00e7aram que faz todo o sentido integrar a defesa ambiental como um direito fundamental que deve ser assegurado pelo Tribunal Europeu dos Direitos Humanos, situa\u00e7\u00e3o que n\u00e3o se verifica presentemente. \u201cTodas as pessoas, sobretudo os jovens, t\u00eam o direito a reclamar os seus direitos para um ambiente preservado e protegido no futuro. Uma empresa poder\u00e1, pois, ser processada por n\u00e3o cumprir esse direito.&nbsp;Podemos apagar as luzes quando sa\u00edmos de um quarto, podemos fazer a reciclagem, evitar o pl\u00e1stico, mas isso n\u00e3o \u00e9 suficiente. Tamb\u00e9m temos que fazer chegar essas exig\u00eancias junto dos pol\u00edticos e do poder econ\u00f3mico\u201d, observou ainda o professor&nbsp;Jens Ohlemeyer.<\/p>\n","protected":false},"excerpt":{"rendered":"<p>Um ve\u00edculo el\u00e9trico, um comboio e uma bicicleta foram os tr\u00eas meios de transporte utilizados por Jens Ohlemeyer e Tobias<\/p>\n","protected":false},"author":1,"featured_media":11970,"comment_status":"closed","ping_status":"open","sticky":false,"template":"","format":"standard","meta":{"colormag_page_container_layout":"default_layout","colormag_page_sidebar_layout":"default_layout","_monsterinsights_skip_tracking":false,"_monsterinsights_sitenote_active":false,"_monsterinsights_sitenote_note":"","_monsterinsights_sitenote_category":0,"jetpack_post_was_ever_published":false,"_jetpack_newsletter_access":"","_jetpack_dont_email_post_to_subs":false,"_jetpack_newsletter_tier_id":0,"_jetpack_memberships_contains_paywalled_content":false,"_jetpack_memberships_contains_paid_content":false,"footnotes":"","jetpack_publicize_message":"","jetpack_publicize_feature_enabled":true,"jetpack_social_post_already_shared":true,"jetpack_social_options":{"image_generator_settings":{"template":"highway","default_image_id":0,"font":"","enabled":false},"version":2}},"categories":[5],"tags":[36,32,74,138,31,34],"class_list":["post-11969","post","type-post","status-publish","format-standard","has-post-thumbnail","hentry","category-ambiente","tag-algarve","tag-ambiente","tag-educacao","tag-escola","tag-loule","tag-salir"],"yoast_head":"<!-- This site is optimized with the Yoast SEO plugin v27.5 - https:\/\/yoast.com\/product\/yoast-seo-wordpress\/ -->\n<title>Projeto three4climate: professores alem\u00e3es fazem viagem Biefeld \u2013 Loul\u00e9 com zero emiss\u00f5es de CO2 - Algarve 7<\/title>\n<meta name=\"description\" content=\"Projeto three4climate: professores alem\u00e3es fazem viagem Biefeld \u2013 Loul\u00e9 com zero emiss\u00f5es de CO2 Ambiente\" \/>\n<meta name=\"robots\" content=\"index, follow, max-snippet:-1, max-image-preview:large, max-video-preview:-1\" \/>\n<link rel=\"canonical\" href=\"https:\/\/algarve7.pt\/index.php\/2021\/10\/projeto-three4climate-professores-alemaes-fazem-viagem-biefeld-loule-com-zero-emissoes-de-co2\/ambiente\/09\/33\/\" \/>\n<meta property=\"og:locale\" content=\"pt_PT\" \/>\n<meta property=\"og:type\" content=\"article\" \/>\n<meta property=\"og:title\" content=\"Projeto three4climate: professores alem\u00e3es fazem viagem Biefeld \u2013 Loul\u00e9 com zero emiss\u00f5es de CO2 - Algarve 7\" \/>\n<meta property=\"og:description\" content=\"Projeto three4climate: professores alem\u00e3es fazem viagem Biefeld \u2013 Loul\u00e9 com zero emiss\u00f5es de CO2 Ambiente\" \/>\n<meta property=\"og:url\" content=\"https:\/\/algarve7.pt\/index.php\/2021\/10\/projeto-three4climate-professores-alemaes-fazem-viagem-biefeld-loule-com-zero-emissoes-de-co2\/ambiente\/09\/33\/\" \/>\n<meta property=\"og:site_name\" content=\"Algarve 7\" \/>\n<meta property=\"article:publisher\" content=\"https:\/\/www.facebook.com\/algarve7\" \/>\n<meta property=\"article:author\" content=\"https:\/\/www.facebook.com\/algarve7\" \/>\n<meta property=\"article:published_time\" content=\"2021-10-09T08:33:24+00:00\" \/>\n<meta property=\"article:modified_time\" content=\"2021-10-09T08:33:26+00:00\" \/>\n<meta property=\"og:image\" content=\"https:\/\/algarve7.pt\/wp-content\/uploads\/2021\/10\/Three-4-Climat-em-Salir-07-10-2021-30.jpg\" \/>\n\t<meta property=\"og:image:width\" content=\"1920\" \/>\n\t<meta property=\"og:image:height\" content=\"1280\" \/>\n\t<meta property=\"og:image:type\" content=\"image\/jpeg\" \/>\n<meta name=\"author\" content=\"Algarve 7\" \/>\n<meta name=\"twitter:card\" content=\"summary_large_image\" \/>\n<meta name=\"twitter:creator\" content=\"@Algarvesete\" \/>\n<meta name=\"twitter:site\" content=\"@Algarvesete\" \/>\n<meta name=\"twitter:label1\" content=\"Escrito por\" \/>\n\t<meta name=\"twitter:data1\" content=\"Algarve 7\" \/>\n\t<meta name=\"twitter:label2\" content=\"Tempo estimado de leitura\" \/>\n\t<meta name=\"twitter:data2\" content=\"4 minutos\" \/>\n<script type=\"application\/ld+json\" class=\"yoast-schema-graph\">{\"@context\":\"https:\\\/\\\/schema.org\",\"@graph\":[{\"@type\":\"Article\",\"@id\":\"https:\\\/\\\/algarve7.pt\\\/index.php\\\/2021\\\/10\\\/projeto-three4climate-professores-alemaes-fazem-viagem-biefeld-loule-com-zero-emissoes-de-co2\\\/ambiente\\\/09\\\/33\\\/#article\",\"isPartOf\":{\"@id\":\"https:\\\/\\\/algarve7.pt\\\/index.php\\\/2021\\\/10\\\/projeto-three4climate-professores-alemaes-fazem-viagem-biefeld-loule-com-zero-emissoes-de-co2\\\/ambiente\\\/09\\\/33\\\/\"},\"author\":{\"name\":\"Algarve 7\",\"@id\":\"https:\\\/\\\/algarve7.pt\\\/#\\\/schema\\\/person\\\/23fa70681308e7b319a3204bcea45e0c\"},\"headline\":\"Projeto three4climate: professores alem\u00e3es fazem viagem Biefeld \u2013 Loul\u00e9 com zero emiss\u00f5es de CO2\",\"datePublished\":\"2021-10-09T08:33:24+00:00\",\"dateModified\":\"2021-10-09T08:33:26+00:00\",\"mainEntityOfPage\":{\"@id\":\"https:\\\/\\\/algarve7.pt\\\/index.php\\\/2021\\\/10\\\/projeto-three4climate-professores-alemaes-fazem-viagem-biefeld-loule-com-zero-emissoes-de-co2\\\/ambiente\\\/09\\\/33\\\/\"},\"wordCount\":949,\"publisher\":{\"@id\":\"https:\\\/\\\/algarve7.pt\\\/#organization\"},\"image\":{\"@id\":\"https:\\\/\\\/algarve7.pt\\\/index.php\\\/2021\\\/10\\\/projeto-three4climate-professores-alemaes-fazem-viagem-biefeld-loule-com-zero-emissoes-de-co2\\\/ambiente\\\/09\\\/33\\\/#primaryimage\"},\"thumbnailUrl\":\"https:\\\/\\\/algarve7.pt\\\/wp-content\\\/uploads\\\/2021\\\/10\\\/Three-4-Climat-em-Salir-07-10-2021-30.jpg\",\"keywords\":[\"Algarve\",\"Ambiente\",\"Educa\u00e7\u00e3o\",\"Escola\",\"Loul\u00e9\",\"Salir\"],\"articleSection\":[\"Ambiente\"],\"inLanguage\":\"pt-PT\"},{\"@type\":\"WebPage\",\"@id\":\"https:\\\/\\\/algarve7.pt\\\/index.php\\\/2021\\\/10\\\/projeto-three4climate-professores-alemaes-fazem-viagem-biefeld-loule-com-zero-emissoes-de-co2\\\/ambiente\\\/09\\\/33\\\/\",\"url\":\"https:\\\/\\\/algarve7.pt\\\/index.php\\\/2021\\\/10\\\/projeto-three4climate-professores-alemaes-fazem-viagem-biefeld-loule-com-zero-emissoes-de-co2\\\/ambiente\\\/09\\\/33\\\/\",\"name\":\"Projeto three4climate: professores alem\u00e3es fazem viagem Biefeld \u2013 Loul\u00e9 com zero emiss\u00f5es de CO2 - Algarve 7\",\"isPartOf\":{\"@id\":\"https:\\\/\\\/algarve7.pt\\\/#website\"},\"primaryImageOfPage\":{\"@id\":\"https:\\\/\\\/algarve7.pt\\\/index.php\\\/2021\\\/10\\\/projeto-three4climate-professores-alemaes-fazem-viagem-biefeld-loule-com-zero-emissoes-de-co2\\\/ambiente\\\/09\\\/33\\\/#primaryimage\"},\"image\":{\"@id\":\"https:\\\/\\\/algarve7.pt\\\/index.php\\\/2021\\\/10\\\/projeto-three4climate-professores-alemaes-fazem-viagem-biefeld-loule-com-zero-emissoes-de-co2\\\/ambiente\\\/09\\\/33\\\/#primaryimage\"},\"thumbnailUrl\":\"https:\\\/\\\/algarve7.pt\\\/wp-content\\\/uploads\\\/2021\\\/10\\\/Three-4-Climat-em-Salir-07-10-2021-30.jpg\",\"datePublished\":\"2021-10-09T08:33:24+00:00\",\"dateModified\":\"2021-10-09T08:33:26+00:00\",\"description\":\"Projeto three4climate: professores alem\u00e3es fazem viagem Biefeld \u2013 Loul\u00e9 com zero emiss\u00f5es de CO2 Ambiente\",\"breadcrumb\":{\"@id\":\"https:\\\/\\\/algarve7.pt\\\/index.php\\\/2021\\\/10\\\/projeto-three4climate-professores-alemaes-fazem-viagem-biefeld-loule-com-zero-emissoes-de-co2\\\/ambiente\\\/09\\\/33\\\/#breadcrumb\"},\"inLanguage\":\"pt-PT\",\"potentialAction\":[{\"@type\":\"ReadAction\",\"target\":[\"https:\\\/\\\/algarve7.pt\\\/index.php\\\/2021\\\/10\\\/projeto-three4climate-professores-alemaes-fazem-viagem-biefeld-loule-com-zero-emissoes-de-co2\\\/ambiente\\\/09\\\/33\\\/\"]}]},{\"@type\":\"ImageObject\",\"inLanguage\":\"pt-PT\",\"@id\":\"https:\\\/\\\/algarve7.pt\\\/index.php\\\/2021\\\/10\\\/projeto-three4climate-professores-alemaes-fazem-viagem-biefeld-loule-com-zero-emissoes-de-co2\\\/ambiente\\\/09\\\/33\\\/#primaryimage\",\"url\":\"https:\\\/\\\/algarve7.pt\\\/wp-content\\\/uploads\\\/2021\\\/10\\\/Three-4-Climat-em-Salir-07-10-2021-30.jpg\",\"contentUrl\":\"https:\\\/\\\/algarve7.pt\\\/wp-content\\\/uploads\\\/2021\\\/10\\\/Three-4-Climat-em-Salir-07-10-2021-30.jpg\",\"width\":1920,\"height\":1280},{\"@type\":\"BreadcrumbList\",\"@id\":\"https:\\\/\\\/algarve7.pt\\\/index.php\\\/2021\\\/10\\\/projeto-three4climate-professores-alemaes-fazem-viagem-biefeld-loule-com-zero-emissoes-de-co2\\\/ambiente\\\/09\\\/33\\\/#breadcrumb\",\"itemListElement\":[{\"@type\":\"ListItem\",\"position\":1,\"name\":\"In\u00edcio\",\"item\":\"https:\\\/\\\/algarve7.pt\\\/\"},{\"@type\":\"ListItem\",\"position\":2,\"name\":\"Projeto three4climate: professores alem\u00e3es fazem viagem Biefeld \u2013 Loul\u00e9 com zero emiss\u00f5es de CO2\"}]},{\"@type\":\"WebSite\",\"@id\":\"https:\\\/\\\/algarve7.pt\\\/#website\",\"url\":\"https:\\\/\\\/algarve7.pt\\\/\",\"name\":\"Algarve 7\",\"description\":\"Informa\u00e7\u00e3o sobre o Algarve\",\"publisher\":{\"@id\":\"https:\\\/\\\/algarve7.pt\\\/#organization\"},\"potentialAction\":[{\"@type\":\"SearchAction\",\"target\":{\"@type\":\"EntryPoint\",\"urlTemplate\":\"https:\\\/\\\/algarve7.pt\\\/?s={search_term_string}\"},\"query-input\":{\"@type\":\"PropertyValueSpecification\",\"valueRequired\":true,\"valueName\":\"search_term_string\"}}],\"inLanguage\":\"pt-PT\"},{\"@type\":\"Organization\",\"@id\":\"https:\\\/\\\/algarve7.pt\\\/#organization\",\"name\":\"Algarve 7\",\"url\":\"https:\\\/\\\/algarve7.pt\\\/\",\"logo\":{\"@type\":\"ImageObject\",\"inLanguage\":\"pt-PT\",\"@id\":\"https:\\\/\\\/algarve7.pt\\\/#\\\/schema\\\/logo\\\/image\\\/\",\"url\":\"https:\\\/\\\/algarve7.pt\\\/wp-content\\\/uploads\\\/2020\\\/10\\\/Logo-8.jpg\",\"contentUrl\":\"https:\\\/\\\/algarve7.pt\\\/wp-content\\\/uploads\\\/2020\\\/10\\\/Logo-8.jpg\",\"width\":1680,\"height\":1186,\"caption\":\"Algarve 7\"},\"image\":{\"@id\":\"https:\\\/\\\/algarve7.pt\\\/#\\\/schema\\\/logo\\\/image\\\/\"},\"sameAs\":[\"https:\\\/\\\/www.facebook.com\\\/algarve7\",\"https:\\\/\\\/x.com\\\/Algarvesete\",\"https:\\\/\\\/www.instagram.com\\\/jornalalgarve7\\\/\",\"https:\\\/\\\/www.linkedin.com\\\/company\\\/algarve7\",\"https:\\\/\\\/www.pinterest.pt\\\/geral0939\\\/_created\\\/\"]},{\"@type\":\"Person\",\"@id\":\"https:\\\/\\\/algarve7.pt\\\/#\\\/schema\\\/person\\\/23fa70681308e7b319a3204bcea45e0c\",\"name\":\"Algarve 7\",\"sameAs\":[\"https:\\\/\\\/algarve7.pt\",\"https:\\\/\\\/www.facebook.com\\\/algarve7\"],\"url\":\"https:\\\/\\\/algarve7.pt\\\/index.php\\\/author\\\/geralalgarve7-pt\\\/\"}]}<\/script>\n<!-- \/ Yoast SEO plugin. -->","yoast_head_json":{"title":"Projeto three4climate: professores alem\u00e3es fazem viagem Biefeld \u2013 Loul\u00e9 com zero emiss\u00f5es de CO2 - Algarve 7","description":"Projeto three4climate: professores alem\u00e3es fazem viagem Biefeld \u2013 Loul\u00e9 com zero emiss\u00f5es de CO2 Ambiente","robots":{"index":"index","follow":"follow","max-snippet":"max-snippet:-1","max-image-preview":"max-image-preview:large","max-video-preview":"max-video-preview:-1"},"canonical":"https:\/\/algarve7.pt\/index.php\/2021\/10\/projeto-three4climate-professores-alemaes-fazem-viagem-biefeld-loule-com-zero-emissoes-de-co2\/ambiente\/09\/33\/","og_locale":"pt_PT","og_type":"article","og_title":"Projeto three4climate: professores alem\u00e3es fazem viagem Biefeld \u2013 Loul\u00e9 com zero emiss\u00f5es de CO2 - Algarve 7","og_description":"Projeto three4climate: professores alem\u00e3es fazem viagem Biefeld \u2013 Loul\u00e9 com zero emiss\u00f5es de CO2 Ambiente","og_url":"https:\/\/algarve7.pt\/index.php\/2021\/10\/projeto-three4climate-professores-alemaes-fazem-viagem-biefeld-loule-com-zero-emissoes-de-co2\/ambiente\/09\/33\/","og_site_name":"Algarve 7","article_publisher":"https:\/\/www.facebook.com\/algarve7","article_author":"https:\/\/www.facebook.com\/algarve7","article_published_time":"2021-10-09T08:33:24+00:00","article_modified_time":"2021-10-09T08:33:26+00:00","og_image":[{"width":1920,"height":1280,"url":"https:\/\/algarve7.pt\/wp-content\/uploads\/2021\/10\/Three-4-Climat-em-Salir-07-10-2021-30.jpg","type":"image\/jpeg"}],"author":"Algarve 7","twitter_card":"summary_large_image","twitter_creator":"@Algarvesete","twitter_site":"@Algarvesete","twitter_misc":{"Escrito por":"Algarve 7","Tempo estimado de leitura":"4 minutos"},"schema":{"@context":"https:\/\/schema.org","@graph":[{"@type":"Article","@id":"https:\/\/algarve7.pt\/index.php\/2021\/10\/projeto-three4climate-professores-alemaes-fazem-viagem-biefeld-loule-com-zero-emissoes-de-co2\/ambiente\/09\/33\/#article","isPartOf":{"@id":"https:\/\/algarve7.pt\/index.php\/2021\/10\/projeto-three4climate-professores-alemaes-fazem-viagem-biefeld-loule-com-zero-emissoes-de-co2\/ambiente\/09\/33\/"},"author":{"name":"Algarve 7","@id":"https:\/\/algarve7.pt\/#\/schema\/person\/23fa70681308e7b319a3204bcea45e0c"},"headline":"Projeto three4climate: professores alem\u00e3es fazem viagem Biefeld \u2013 Loul\u00e9 com zero emiss\u00f5es de CO2","datePublished":"2021-10-09T08:33:24+00:00","dateModified":"2021-10-09T08:33:26+00:00","mainEntityOfPage":{"@id":"https:\/\/algarve7.pt\/index.php\/2021\/10\/projeto-three4climate-professores-alemaes-fazem-viagem-biefeld-loule-com-zero-emissoes-de-co2\/ambiente\/09\/33\/"},"wordCount":949,"publisher":{"@id":"https:\/\/algarve7.pt\/#organization"},"image":{"@id":"https:\/\/algarve7.pt\/index.php\/2021\/10\/projeto-three4climate-professores-alemaes-fazem-viagem-biefeld-loule-com-zero-emissoes-de-co2\/ambiente\/09\/33\/#primaryimage"},"thumbnailUrl":"https:\/\/algarve7.pt\/wp-content\/uploads\/2021\/10\/Three-4-Climat-em-Salir-07-10-2021-30.jpg","keywords":["Algarve","Ambiente","Educa\u00e7\u00e3o","Escola","Loul\u00e9","Salir"],"articleSection":["Ambiente"],"inLanguage":"pt-PT"},{"@type":"WebPage","@id":"https:\/\/algarve7.pt\/index.php\/2021\/10\/projeto-three4climate-professores-alemaes-fazem-viagem-biefeld-loule-com-zero-emissoes-de-co2\/ambiente\/09\/33\/","url":"https:\/\/algarve7.pt\/index.php\/2021\/10\/projeto-three4climate-professores-alemaes-fazem-viagem-biefeld-loule-com-zero-emissoes-de-co2\/ambiente\/09\/33\/","name":"Projeto three4climate: professores alem\u00e3es fazem viagem Biefeld \u2013 Loul\u00e9 com zero emiss\u00f5es de CO2 - Algarve 7","isPartOf":{"@id":"https:\/\/algarve7.pt\/#website"},"primaryImageOfPage":{"@id":"https:\/\/algarve7.pt\/index.php\/2021\/10\/projeto-three4climate-professores-alemaes-fazem-viagem-biefeld-loule-com-zero-emissoes-de-co2\/ambiente\/09\/33\/#primaryimage"},"image":{"@id":"https:\/\/algarve7.pt\/index.php\/2021\/10\/projeto-three4climate-professores-alemaes-fazem-viagem-biefeld-loule-com-zero-emissoes-de-co2\/ambiente\/09\/33\/#primaryimage"},"thumbnailUrl":"https:\/\/algarve7.pt\/wp-content\/uploads\/2021\/10\/Three-4-Climat-em-Salir-07-10-2021-30.jpg","datePublished":"2021-10-09T08:33:24+00:00","dateModified":"2021-10-09T08:33:26+00:00","description":"Projeto three4climate: professores alem\u00e3es fazem viagem Biefeld \u2013 Loul\u00e9 com zero emiss\u00f5es de CO2 Ambiente","breadcrumb":{"@id":"https:\/\/algarve7.pt\/index.php\/2021\/10\/projeto-three4climate-professores-alemaes-fazem-viagem-biefeld-loule-com-zero-emissoes-de-co2\/ambiente\/09\/33\/#breadcrumb"},"inLanguage":"pt-PT","potentialAction":[{"@type":"ReadAction","target":["https:\/\/algarve7.pt\/index.php\/2021\/10\/projeto-three4climate-professores-alemaes-fazem-viagem-biefeld-loule-com-zero-emissoes-de-co2\/ambiente\/09\/33\/"]}]},{"@type":"ImageObject","inLanguage":"pt-PT","@id":"https:\/\/algarve7.pt\/index.php\/2021\/10\/projeto-three4climate-professores-alemaes-fazem-viagem-biefeld-loule-com-zero-emissoes-de-co2\/ambiente\/09\/33\/#primaryimage","url":"https:\/\/algarve7.pt\/wp-content\/uploads\/2021\/10\/Three-4-Climat-em-Salir-07-10-2021-30.jpg","contentUrl":"https:\/\/algarve7.pt\/wp-content\/uploads\/2021\/10\/Three-4-Climat-em-Salir-07-10-2021-30.jpg","width":1920,"height":1280},{"@type":"BreadcrumbList","@id":"https:\/\/algarve7.pt\/index.php\/2021\/10\/projeto-three4climate-professores-alemaes-fazem-viagem-biefeld-loule-com-zero-emissoes-de-co2\/ambiente\/09\/33\/#breadcrumb","itemListElement":[{"@type":"ListItem","position":1,"name":"In\u00edcio","item":"https:\/\/algarve7.pt\/"},{"@type":"ListItem","position":2,"name":"Projeto three4climate: professores alem\u00e3es fazem viagem Biefeld \u2013 Loul\u00e9 com zero emiss\u00f5es de CO2"}]},{"@type":"WebSite","@id":"https:\/\/algarve7.pt\/#website","url":"https:\/\/algarve7.pt\/","name":"Algarve 7","description":"Informa\u00e7\u00e3o sobre o Algarve","publisher":{"@id":"https:\/\/algarve7.pt\/#organization"},"potentialAction":[{"@type":"SearchAction","target":{"@type":"EntryPoint","urlTemplate":"https:\/\/algarve7.pt\/?s={search_term_string}"},"query-input":{"@type":"PropertyValueSpecification","valueRequired":true,"valueName":"search_term_string"}}],"inLanguage":"pt-PT"},{"@type":"Organization","@id":"https:\/\/algarve7.pt\/#organization","name":"Algarve 7","url":"https:\/\/algarve7.pt\/","logo":{"@type":"ImageObject","inLanguage":"pt-PT","@id":"https:\/\/algarve7.pt\/#\/schema\/logo\/image\/","url":"https:\/\/algarve7.pt\/wp-content\/uploads\/2020\/10\/Logo-8.jpg","contentUrl":"https:\/\/algarve7.pt\/wp-content\/uploads\/2020\/10\/Logo-8.jpg","width":1680,"height":1186,"caption":"Algarve 7"},"image":{"@id":"https:\/\/algarve7.pt\/#\/schema\/logo\/image\/"},"sameAs":["https:\/\/www.facebook.com\/algarve7","https:\/\/x.com\/Algarvesete","https:\/\/www.instagram.com\/jornalalgarve7\/","https:\/\/www.linkedin.com\/company\/algarve7","https:\/\/www.pinterest.pt\/geral0939\/_created\/"]},{"@type":"Person","@id":"https:\/\/algarve7.pt\/#\/schema\/person\/23fa70681308e7b319a3204bcea45e0c","name":"Algarve 7","sameAs":["https:\/\/algarve7.pt","https:\/\/www.facebook.com\/algarve7"],"url":"https:\/\/algarve7.pt\/index.php\/author\/geralalgarve7-pt\/"}]}},"jetpack_publicize_connections":[],"jetpack_featured_media_url":"https:\/\/algarve7.pt\/wp-content\/uploads\/2021\/10\/Three-4-Climat-em-Salir-07-10-2021-30.jpg","jetpack_shortlink":"https:\/\/wp.me\/pcezmW-373","jetpack_sharing_enabled":true,"_links":{"self":[{"href":"https:\/\/algarve7.pt\/index.php\/wp-json\/wp\/v2\/posts\/11969","targetHints":{"allow":["GET"]}}],"collection":[{"href":"https:\/\/algarve7.pt\/index.php\/wp-json\/wp\/v2\/posts"}],"about":[{"href":"https:\/\/algarve7.pt\/index.php\/wp-json\/wp\/v2\/types\/post"}],"author":[{"embeddable":true,"href":"https:\/\/algarve7.pt\/index.php\/wp-json\/wp\/v2\/users\/1"}],"replies":[{"embeddable":true,"href":"https:\/\/algarve7.pt\/index.php\/wp-json\/wp\/v2\/comments?post=11969"}],"version-history":[{"count":0,"href":"https:\/\/algarve7.pt\/index.php\/wp-json\/wp\/v2\/posts\/11969\/revisions"}],"wp:featuredmedia":[{"embeddable":true,"href":"https:\/\/algarve7.pt\/index.php\/wp-json\/wp\/v2\/media\/11970"}],"wp:attachment":[{"href":"https:\/\/algarve7.pt\/index.php\/wp-json\/wp\/v2\/media?parent=11969"}],"wp:term":[{"taxonomy":"category","embeddable":true,"href":"https:\/\/algarve7.pt\/index.php\/wp-json\/wp\/v2\/categories?post=11969"},{"taxonomy":"post_tag","embeddable":true,"href":"https:\/\/algarve7.pt\/index.php\/wp-json\/wp\/v2\/tags?post=11969"}],"curies":[{"name":"wp","href":"https:\/\/api.w.org\/{rel}","templated":true}]}}