{"id":11957,"date":"2021-10-08T19:14:29","date_gmt":"2021-10-08T18:14:29","guid":{"rendered":"https:\/\/algarve7.pt\/?p=11957"},"modified":"2021-10-08T19:14:30","modified_gmt":"2021-10-08T18:14:30","slug":"tavira-acolhe-este-fim-de-semana-a-central-artes-programacao-cultural-em-rede","status":"publish","type":"post","link":"https:\/\/algarve7.pt\/index.php\/2021\/10\/tavira-acolhe-este-fim-de-semana-a-central-artes-programacao-cultural-em-rede\/cultura\/19\/14\/","title":{"rendered":"Tavira acolhe este fim de semana a Central Artes \u2013 Programa\u00e7\u00e3o Cultural em Rede"},"content":{"rendered":"\n<p>No \u00e2mbito do programa cultural \u201cCentral Artes \u2013 Programa\u00e7\u00e3o Cultural em Rede\u201d realiza-se, no dia 09 outubro, entre as 15h00 e as 19h00, no Mercado da Ribeira, o workshop de constru\u00e7\u00e3o de m\u00e1scaras pelo artista pl\u00e1stico e performer, Pedro Leal.&nbsp;<\/p>\n\n\n\n<p>A a\u00e7\u00e3o, com um n\u00famero m\u00e1ximo de 15 participantes, destina-se a crian\u00e7as maiores de 7 anos acompanhadas de um adulto.&nbsp;&nbsp;<\/p>\n\n\n\n<p>\u201cNeste mundo, o Homem criou formas m\u00e1gicas, m\u00edticas, ritualistas e l\u00fadicas, escondendo-se durante a noite atr\u00e1s de disfarces, a que chamou M\u00e1scaras. Para a mais perfeita express\u00e3o, esse Homem aperfei\u00e7oou os caracteres est\u00e9ticos da m\u00e1scara, individualizando a sua fabrica\u00e7\u00e3o, estudando o seu impacto no grupo social a que pertencia, adaptando-as aos diversos aspectos das for\u00e7as sobrenaturais e demon\u00edacas, que julgava descobrir e conhecer.&nbsp;<\/p>\n\n\n\n<p>Deste modo criou uma variada morfologia entre diversas culturas que se multiplicaram. O que \u00e9 o Homem sen\u00e3o \u2018m\u00faltiplas m\u00e1scaras\u2019 com diferentes express\u00f5es&#8230;\u201d.&nbsp;<\/p>\n\n\n\n<p>No dia 10, pelas 17h00, decorre, no Jardim de S\u00e3o Francisco, a performance\/instala\u00e7\u00e3o \u201cPassagem\u201d pela PIA \u2013 Projectos de Interven\u00e7\u00e3o Art\u00edstica, CRL.<\/p>\n\n\n\n<p>\u201cUma performance que conta a hist\u00f3ria de \u2018Quatro velhos viajantes que caminham por entre um universo de objetos suspensos, onde atrav\u00e9s das mem\u00f3rias do passado, que lhes embrulharam a vida, encontram o in\u00edcio de uma nova jornada\u2019, contemplada por uma instala\u00e7\u00e3o sob forma de \u2018Interfer\u00eancias po\u00e9ticas, que exploram no lugar-comum o que de nele melhor existe, a sua multiplicidade de sensa\u00e7\u00f5es e sentidos, tornando-a \u00fanica pelo meio que a envolve, emergindo-a do esquecimento e da rotina, transformando-a num ef\u00e9mero lugar de contempla\u00e7\u00e3o.<\/p>\n\n\n\n<p>Trata-se de um projeto que surge com o intuito de valorizar a interven\u00e7\u00e3o art\u00edstica em espa\u00e7o p\u00fablico e o transformar num verdadeiro palco privilegiado \u00e0 poesia visual. Matizada pelo branco e vermelho, engloba uma performance de teatro f\u00edsico em andas, recorrendo \u00e0s formas animadas\/m\u00e1scara e uma Instala\u00e7\u00e3o criada inteiramente, atrav\u00e9s da recolha e reutiliza\u00e7\u00e3o de objetos e desperd\u00edcios t\u00eaxteis que aqui ganham uma nova forma e vida, mantendo guardadas, no entanto, as suas hist\u00f3rias\u201d.&nbsp;<\/p>\n\n\n\n<p><strong>Ficha T\u00e9cnica e Art\u00edstica<\/strong><strong><\/strong><\/p>\n\n\n\n<p><strong>Produ\u00e7\u00e3o:<\/strong>&nbsp;PIA &#8211; Projectos de Interven\u00e7\u00e3o Art\u00edstica, CRL<\/p>\n\n\n\n<p><strong>Autoria, Direc\u00e7\u00e3o Art\u00edstica e Conce\u00e7\u00e3o Pl\u00e1stica:<\/strong>&nbsp;Pedro Leal<\/p>\n\n\n\n<p><strong>Direc\u00e7\u00e3o de Produ\u00e7\u00e3o e Audiovisuais:<\/strong>&nbsp;Helena Oliveira<\/p>\n\n\n\n<p><strong>Figurinos:<\/strong>&nbsp;Maria Jo\u00e3o Domingues, Olinda Cordas, Filomena Godinho<\/p>\n\n\n\n<p><strong>Instala\u00e7\u00e3o e Caracteriza\u00e7\u00e3o Especial (M\u00e1scaras):<\/strong>&nbsp;Pedro Leal<\/p>\n\n\n\n<p><strong>Desenho de Luz e Opera\u00e7\u00e3o:<\/strong>&nbsp;Jo\u00e3o Nunes<\/p>\n\n\n\n<p><strong>Sonoplastia:<\/strong>&nbsp;\u00c1lvaro Presumido<\/p>\n\n\n\n<p><strong>Cria\u00e7\u00e3o e Interpreta\u00e7\u00e3o:<\/strong>&nbsp;Helena Oliveira, Mafalda Cabral, Ricardo Mondim, Sylvain Peker<\/p>\n\n\n\n<p><strong>Agradecimentos:<\/strong>&nbsp;Joaquim Batista Dias, Miguel Cabral, Ricardo Br\u00e1s, Paulo Morais (v\u00eddeo), Lu\u00eds Fernandes (v\u00eddeo), Lu\u00eds Amarelo (interpreta\u00e7\u00e3o), Tiago Augusto (interpreta\u00e7\u00e3o), Filipe Couto (v\u00eddeo), Rui Rodrigues, Paulo Vargues (t\u00e9cnica), Jo\u00e3o Lopes (t\u00e9cnica)<\/p>\n\n\n\n<p>Associa\u00e7\u00e3o de Reformados e Pensionistas de Pinhal Novo, Vidreira Pinhal Novo, Vidreira Moderna da Moita, ATA &#8211; Associa\u00e7\u00e3o Teatral Artimanha<\/p>\n\n\n\n<p>Esta programa\u00e7\u00e3o insere-se no \u201cCentral Artes \u2013 Programa\u00e7\u00e3o Cultural em Rede\u201d, iniciativa conjunta de cinco munic\u00edpios do Algarve Central, no seguimento de uma candidatura realizada ao CRESC Algarve 2020 (Programa Operacional Regional do Algarve), instrumento financeiro, com fundos comunit\u00e1rios, que visa o apoio ao desenvolvimento do Algarve.<\/p>\n","protected":false},"excerpt":{"rendered":"<p>No \u00e2mbito do programa cultural \u201cCentral Artes \u2013 Programa\u00e7\u00e3o Cultural em Rede\u201d realiza-se, no dia 09 outubro, entre as 15h00<\/p>\n","protected":false},"author":1,"featured_media":11958,"comment_status":"closed","ping_status":"open","sticky":false,"template":"","format":"standard","meta":{"colormag_page_container_layout":"default_layout","colormag_page_sidebar_layout":"default_layout","_monsterinsights_skip_tracking":false,"_monsterinsights_sitenote_active":false,"_monsterinsights_sitenote_note":"","_monsterinsights_sitenote_category":0,"jetpack_post_was_ever_published":false,"_jetpack_newsletter_access":"","_jetpack_dont_email_post_to_subs":false,"_jetpack_newsletter_tier_id":0,"_jetpack_memberships_contains_paywalled_content":false,"_jetpack_memberships_contains_paid_content":false,"footnotes":"","jetpack_publicize_message":"","jetpack_publicize_feature_enabled":true,"jetpack_social_post_already_shared":true,"jetpack_social_options":{"image_generator_settings":{"template":"highway","default_image_id":0,"font":"","enabled":false},"version":2}},"categories":[14],"tags":[35,54],"class_list":["post-11957","post","type-post","status-publish","format-standard","has-post-thumbnail","hentry","category-cultura","tag-cultura","tag-tavira"],"yoast_head":"<!-- This site is optimized with the Yoast SEO plugin v27.5 - https:\/\/yoast.com\/product\/yoast-seo-wordpress\/ -->\n<title>Tavira acolhe este fim de semana a Central Artes \u2013 Programa\u00e7\u00e3o Cultural em Rede - Algarve 7<\/title>\n<meta name=\"description\" content=\"Tavira acolhe este fim de semana a Central Artes \u2013 Programa\u00e7\u00e3o Cultural em Rede Cultura\" \/>\n<meta name=\"robots\" content=\"index, follow, max-snippet:-1, max-image-preview:large, max-video-preview:-1\" \/>\n<link rel=\"canonical\" href=\"https:\/\/algarve7.pt\/index.php\/2021\/10\/tavira-acolhe-este-fim-de-semana-a-central-artes-programacao-cultural-em-rede\/cultura\/19\/14\/\" \/>\n<meta property=\"og:locale\" content=\"pt_PT\" \/>\n<meta property=\"og:type\" content=\"article\" \/>\n<meta property=\"og:title\" content=\"Tavira acolhe este fim de semana a Central Artes \u2013 Programa\u00e7\u00e3o Cultural em Rede - Algarve 7\" \/>\n<meta property=\"og:description\" content=\"Tavira acolhe este fim de semana a Central Artes \u2013 Programa\u00e7\u00e3o Cultural em Rede Cultura\" \/>\n<meta property=\"og:url\" content=\"https:\/\/algarve7.pt\/index.php\/2021\/10\/tavira-acolhe-este-fim-de-semana-a-central-artes-programacao-cultural-em-rede\/cultura\/19\/14\/\" \/>\n<meta property=\"og:site_name\" content=\"Algarve 7\" \/>\n<meta property=\"article:publisher\" content=\"https:\/\/www.facebook.com\/algarve7\" \/>\n<meta property=\"article:author\" content=\"https:\/\/www.facebook.com\/algarve7\" \/>\n<meta property=\"article:published_time\" content=\"2021-10-08T18:14:29+00:00\" \/>\n<meta property=\"article:modified_time\" content=\"2021-10-08T18:14:30+00:00\" \/>\n<meta property=\"og:image\" content=\"https:\/\/algarve7.pt\/wp-content\/uploads\/2021\/10\/PassagemFotoTomaszRaczynski-1.jpg\" \/>\n\t<meta property=\"og:image:width\" content=\"683\" \/>\n\t<meta property=\"og:image:height\" content=\"1024\" \/>\n\t<meta property=\"og:image:type\" content=\"image\/jpeg\" \/>\n<meta name=\"author\" content=\"Algarve 7\" \/>\n<meta name=\"twitter:card\" content=\"summary_large_image\" \/>\n<meta name=\"twitter:creator\" content=\"@Algarvesete\" \/>\n<meta name=\"twitter:site\" content=\"@Algarvesete\" \/>\n<meta name=\"twitter:label1\" content=\"Escrito por\" \/>\n\t<meta name=\"twitter:data1\" content=\"Algarve 7\" \/>\n\t<meta name=\"twitter:label2\" content=\"Tempo estimado de leitura\" \/>\n\t<meta name=\"twitter:data2\" content=\"3 minutos\" \/>\n<script type=\"application\/ld+json\" class=\"yoast-schema-graph\">{\"@context\":\"https:\\\/\\\/schema.org\",\"@graph\":[{\"@type\":\"Article\",\"@id\":\"https:\\\/\\\/algarve7.pt\\\/index.php\\\/2021\\\/10\\\/tavira-acolhe-este-fim-de-semana-a-central-artes-programacao-cultural-em-rede\\\/cultura\\\/19\\\/14\\\/#article\",\"isPartOf\":{\"@id\":\"https:\\\/\\\/algarve7.pt\\\/index.php\\\/2021\\\/10\\\/tavira-acolhe-este-fim-de-semana-a-central-artes-programacao-cultural-em-rede\\\/cultura\\\/19\\\/14\\\/\"},\"author\":{\"name\":\"Algarve 7\",\"@id\":\"https:\\\/\\\/algarve7.pt\\\/#\\\/schema\\\/person\\\/23fa70681308e7b319a3204bcea45e0c\"},\"headline\":\"Tavira acolhe este fim de semana a Central Artes \u2013 Programa\u00e7\u00e3o Cultural em Rede\",\"datePublished\":\"2021-10-08T18:14:29+00:00\",\"dateModified\":\"2021-10-08T18:14:30+00:00\",\"mainEntityOfPage\":{\"@id\":\"https:\\\/\\\/algarve7.pt\\\/index.php\\\/2021\\\/10\\\/tavira-acolhe-este-fim-de-semana-a-central-artes-programacao-cultural-em-rede\\\/cultura\\\/19\\\/14\\\/\"},\"wordCount\":592,\"publisher\":{\"@id\":\"https:\\\/\\\/algarve7.pt\\\/#organization\"},\"image\":{\"@id\":\"https:\\\/\\\/algarve7.pt\\\/index.php\\\/2021\\\/10\\\/tavira-acolhe-este-fim-de-semana-a-central-artes-programacao-cultural-em-rede\\\/cultura\\\/19\\\/14\\\/#primaryimage\"},\"thumbnailUrl\":\"https:\\\/\\\/algarve7.pt\\\/wp-content\\\/uploads\\\/2021\\\/10\\\/PassagemFotoTomaszRaczynski-1.jpg\",\"keywords\":[\"Cultura\",\"Tavira\"],\"articleSection\":[\"Cultura\"],\"inLanguage\":\"pt-PT\"},{\"@type\":\"WebPage\",\"@id\":\"https:\\\/\\\/algarve7.pt\\\/index.php\\\/2021\\\/10\\\/tavira-acolhe-este-fim-de-semana-a-central-artes-programacao-cultural-em-rede\\\/cultura\\\/19\\\/14\\\/\",\"url\":\"https:\\\/\\\/algarve7.pt\\\/index.php\\\/2021\\\/10\\\/tavira-acolhe-este-fim-de-semana-a-central-artes-programacao-cultural-em-rede\\\/cultura\\\/19\\\/14\\\/\",\"name\":\"Tavira acolhe este fim de semana a Central Artes \u2013 Programa\u00e7\u00e3o Cultural em Rede - Algarve 7\",\"isPartOf\":{\"@id\":\"https:\\\/\\\/algarve7.pt\\\/#website\"},\"primaryImageOfPage\":{\"@id\":\"https:\\\/\\\/algarve7.pt\\\/index.php\\\/2021\\\/10\\\/tavira-acolhe-este-fim-de-semana-a-central-artes-programacao-cultural-em-rede\\\/cultura\\\/19\\\/14\\\/#primaryimage\"},\"image\":{\"@id\":\"https:\\\/\\\/algarve7.pt\\\/index.php\\\/2021\\\/10\\\/tavira-acolhe-este-fim-de-semana-a-central-artes-programacao-cultural-em-rede\\\/cultura\\\/19\\\/14\\\/#primaryimage\"},\"thumbnailUrl\":\"https:\\\/\\\/algarve7.pt\\\/wp-content\\\/uploads\\\/2021\\\/10\\\/PassagemFotoTomaszRaczynski-1.jpg\",\"datePublished\":\"2021-10-08T18:14:29+00:00\",\"dateModified\":\"2021-10-08T18:14:30+00:00\",\"description\":\"Tavira acolhe este fim de semana a Central Artes \u2013 Programa\u00e7\u00e3o Cultural em Rede Cultura\",\"breadcrumb\":{\"@id\":\"https:\\\/\\\/algarve7.pt\\\/index.php\\\/2021\\\/10\\\/tavira-acolhe-este-fim-de-semana-a-central-artes-programacao-cultural-em-rede\\\/cultura\\\/19\\\/14\\\/#breadcrumb\"},\"inLanguage\":\"pt-PT\",\"potentialAction\":[{\"@type\":\"ReadAction\",\"target\":[\"https:\\\/\\\/algarve7.pt\\\/index.php\\\/2021\\\/10\\\/tavira-acolhe-este-fim-de-semana-a-central-artes-programacao-cultural-em-rede\\\/cultura\\\/19\\\/14\\\/\"]}]},{\"@type\":\"ImageObject\",\"inLanguage\":\"pt-PT\",\"@id\":\"https:\\\/\\\/algarve7.pt\\\/index.php\\\/2021\\\/10\\\/tavira-acolhe-este-fim-de-semana-a-central-artes-programacao-cultural-em-rede\\\/cultura\\\/19\\\/14\\\/#primaryimage\",\"url\":\"https:\\\/\\\/algarve7.pt\\\/wp-content\\\/uploads\\\/2021\\\/10\\\/PassagemFotoTomaszRaczynski-1.jpg\",\"contentUrl\":\"https:\\\/\\\/algarve7.pt\\\/wp-content\\\/uploads\\\/2021\\\/10\\\/PassagemFotoTomaszRaczynski-1.jpg\",\"width\":683,\"height\":1024},{\"@type\":\"BreadcrumbList\",\"@id\":\"https:\\\/\\\/algarve7.pt\\\/index.php\\\/2021\\\/10\\\/tavira-acolhe-este-fim-de-semana-a-central-artes-programacao-cultural-em-rede\\\/cultura\\\/19\\\/14\\\/#breadcrumb\",\"itemListElement\":[{\"@type\":\"ListItem\",\"position\":1,\"name\":\"In\u00edcio\",\"item\":\"https:\\\/\\\/algarve7.pt\\\/\"},{\"@type\":\"ListItem\",\"position\":2,\"name\":\"Tavira acolhe este fim de semana a Central Artes \u2013 Programa\u00e7\u00e3o Cultural em Rede\"}]},{\"@type\":\"WebSite\",\"@id\":\"https:\\\/\\\/algarve7.pt\\\/#website\",\"url\":\"https:\\\/\\\/algarve7.pt\\\/\",\"name\":\"Algarve 7\",\"description\":\"Informa\u00e7\u00e3o sobre o Algarve\",\"publisher\":{\"@id\":\"https:\\\/\\\/algarve7.pt\\\/#organization\"},\"potentialAction\":[{\"@type\":\"SearchAction\",\"target\":{\"@type\":\"EntryPoint\",\"urlTemplate\":\"https:\\\/\\\/algarve7.pt\\\/?s={search_term_string}\"},\"query-input\":{\"@type\":\"PropertyValueSpecification\",\"valueRequired\":true,\"valueName\":\"search_term_string\"}}],\"inLanguage\":\"pt-PT\"},{\"@type\":\"Organization\",\"@id\":\"https:\\\/\\\/algarve7.pt\\\/#organization\",\"name\":\"Algarve 7\",\"url\":\"https:\\\/\\\/algarve7.pt\\\/\",\"logo\":{\"@type\":\"ImageObject\",\"inLanguage\":\"pt-PT\",\"@id\":\"https:\\\/\\\/algarve7.pt\\\/#\\\/schema\\\/logo\\\/image\\\/\",\"url\":\"https:\\\/\\\/algarve7.pt\\\/wp-content\\\/uploads\\\/2020\\\/10\\\/Logo-8.jpg\",\"contentUrl\":\"https:\\\/\\\/algarve7.pt\\\/wp-content\\\/uploads\\\/2020\\\/10\\\/Logo-8.jpg\",\"width\":1680,\"height\":1186,\"caption\":\"Algarve 7\"},\"image\":{\"@id\":\"https:\\\/\\\/algarve7.pt\\\/#\\\/schema\\\/logo\\\/image\\\/\"},\"sameAs\":[\"https:\\\/\\\/www.facebook.com\\\/algarve7\",\"https:\\\/\\\/x.com\\\/Algarvesete\",\"https:\\\/\\\/www.instagram.com\\\/jornalalgarve7\\\/\",\"https:\\\/\\\/www.linkedin.com\\\/company\\\/algarve7\",\"https:\\\/\\\/www.pinterest.pt\\\/geral0939\\\/_created\\\/\"]},{\"@type\":\"Person\",\"@id\":\"https:\\\/\\\/algarve7.pt\\\/#\\\/schema\\\/person\\\/23fa70681308e7b319a3204bcea45e0c\",\"name\":\"Algarve 7\",\"sameAs\":[\"https:\\\/\\\/algarve7.pt\",\"https:\\\/\\\/www.facebook.com\\\/algarve7\"],\"url\":\"https:\\\/\\\/algarve7.pt\\\/index.php\\\/author\\\/geralalgarve7-pt\\\/\"}]}<\/script>\n<!-- \/ Yoast SEO plugin. -->","yoast_head_json":{"title":"Tavira acolhe este fim de semana a Central Artes \u2013 Programa\u00e7\u00e3o Cultural em Rede - Algarve 7","description":"Tavira acolhe este fim de semana a Central Artes \u2013 Programa\u00e7\u00e3o Cultural em Rede Cultura","robots":{"index":"index","follow":"follow","max-snippet":"max-snippet:-1","max-image-preview":"max-image-preview:large","max-video-preview":"max-video-preview:-1"},"canonical":"https:\/\/algarve7.pt\/index.php\/2021\/10\/tavira-acolhe-este-fim-de-semana-a-central-artes-programacao-cultural-em-rede\/cultura\/19\/14\/","og_locale":"pt_PT","og_type":"article","og_title":"Tavira acolhe este fim de semana a Central Artes \u2013 Programa\u00e7\u00e3o Cultural em Rede - Algarve 7","og_description":"Tavira acolhe este fim de semana a Central Artes \u2013 Programa\u00e7\u00e3o Cultural em Rede Cultura","og_url":"https:\/\/algarve7.pt\/index.php\/2021\/10\/tavira-acolhe-este-fim-de-semana-a-central-artes-programacao-cultural-em-rede\/cultura\/19\/14\/","og_site_name":"Algarve 7","article_publisher":"https:\/\/www.facebook.com\/algarve7","article_author":"https:\/\/www.facebook.com\/algarve7","article_published_time":"2021-10-08T18:14:29+00:00","article_modified_time":"2021-10-08T18:14:30+00:00","og_image":[{"width":683,"height":1024,"url":"https:\/\/algarve7.pt\/wp-content\/uploads\/2021\/10\/PassagemFotoTomaszRaczynski-1.jpg","type":"image\/jpeg"}],"author":"Algarve 7","twitter_card":"summary_large_image","twitter_creator":"@Algarvesete","twitter_site":"@Algarvesete","twitter_misc":{"Escrito por":"Algarve 7","Tempo estimado de leitura":"3 minutos"},"schema":{"@context":"https:\/\/schema.org","@graph":[{"@type":"Article","@id":"https:\/\/algarve7.pt\/index.php\/2021\/10\/tavira-acolhe-este-fim-de-semana-a-central-artes-programacao-cultural-em-rede\/cultura\/19\/14\/#article","isPartOf":{"@id":"https:\/\/algarve7.pt\/index.php\/2021\/10\/tavira-acolhe-este-fim-de-semana-a-central-artes-programacao-cultural-em-rede\/cultura\/19\/14\/"},"author":{"name":"Algarve 7","@id":"https:\/\/algarve7.pt\/#\/schema\/person\/23fa70681308e7b319a3204bcea45e0c"},"headline":"Tavira acolhe este fim de semana a Central Artes \u2013 Programa\u00e7\u00e3o Cultural em Rede","datePublished":"2021-10-08T18:14:29+00:00","dateModified":"2021-10-08T18:14:30+00:00","mainEntityOfPage":{"@id":"https:\/\/algarve7.pt\/index.php\/2021\/10\/tavira-acolhe-este-fim-de-semana-a-central-artes-programacao-cultural-em-rede\/cultura\/19\/14\/"},"wordCount":592,"publisher":{"@id":"https:\/\/algarve7.pt\/#organization"},"image":{"@id":"https:\/\/algarve7.pt\/index.php\/2021\/10\/tavira-acolhe-este-fim-de-semana-a-central-artes-programacao-cultural-em-rede\/cultura\/19\/14\/#primaryimage"},"thumbnailUrl":"https:\/\/algarve7.pt\/wp-content\/uploads\/2021\/10\/PassagemFotoTomaszRaczynski-1.jpg","keywords":["Cultura","Tavira"],"articleSection":["Cultura"],"inLanguage":"pt-PT"},{"@type":"WebPage","@id":"https:\/\/algarve7.pt\/index.php\/2021\/10\/tavira-acolhe-este-fim-de-semana-a-central-artes-programacao-cultural-em-rede\/cultura\/19\/14\/","url":"https:\/\/algarve7.pt\/index.php\/2021\/10\/tavira-acolhe-este-fim-de-semana-a-central-artes-programacao-cultural-em-rede\/cultura\/19\/14\/","name":"Tavira acolhe este fim de semana a Central Artes \u2013 Programa\u00e7\u00e3o Cultural em Rede - Algarve 7","isPartOf":{"@id":"https:\/\/algarve7.pt\/#website"},"primaryImageOfPage":{"@id":"https:\/\/algarve7.pt\/index.php\/2021\/10\/tavira-acolhe-este-fim-de-semana-a-central-artes-programacao-cultural-em-rede\/cultura\/19\/14\/#primaryimage"},"image":{"@id":"https:\/\/algarve7.pt\/index.php\/2021\/10\/tavira-acolhe-este-fim-de-semana-a-central-artes-programacao-cultural-em-rede\/cultura\/19\/14\/#primaryimage"},"thumbnailUrl":"https:\/\/algarve7.pt\/wp-content\/uploads\/2021\/10\/PassagemFotoTomaszRaczynski-1.jpg","datePublished":"2021-10-08T18:14:29+00:00","dateModified":"2021-10-08T18:14:30+00:00","description":"Tavira acolhe este fim de semana a Central Artes \u2013 Programa\u00e7\u00e3o Cultural em Rede Cultura","breadcrumb":{"@id":"https:\/\/algarve7.pt\/index.php\/2021\/10\/tavira-acolhe-este-fim-de-semana-a-central-artes-programacao-cultural-em-rede\/cultura\/19\/14\/#breadcrumb"},"inLanguage":"pt-PT","potentialAction":[{"@type":"ReadAction","target":["https:\/\/algarve7.pt\/index.php\/2021\/10\/tavira-acolhe-este-fim-de-semana-a-central-artes-programacao-cultural-em-rede\/cultura\/19\/14\/"]}]},{"@type":"ImageObject","inLanguage":"pt-PT","@id":"https:\/\/algarve7.pt\/index.php\/2021\/10\/tavira-acolhe-este-fim-de-semana-a-central-artes-programacao-cultural-em-rede\/cultura\/19\/14\/#primaryimage","url":"https:\/\/algarve7.pt\/wp-content\/uploads\/2021\/10\/PassagemFotoTomaszRaczynski-1.jpg","contentUrl":"https:\/\/algarve7.pt\/wp-content\/uploads\/2021\/10\/PassagemFotoTomaszRaczynski-1.jpg","width":683,"height":1024},{"@type":"BreadcrumbList","@id":"https:\/\/algarve7.pt\/index.php\/2021\/10\/tavira-acolhe-este-fim-de-semana-a-central-artes-programacao-cultural-em-rede\/cultura\/19\/14\/#breadcrumb","itemListElement":[{"@type":"ListItem","position":1,"name":"In\u00edcio","item":"https:\/\/algarve7.pt\/"},{"@type":"ListItem","position":2,"name":"Tavira acolhe este fim de semana a Central Artes \u2013 Programa\u00e7\u00e3o Cultural em Rede"}]},{"@type":"WebSite","@id":"https:\/\/algarve7.pt\/#website","url":"https:\/\/algarve7.pt\/","name":"Algarve 7","description":"Informa\u00e7\u00e3o sobre o Algarve","publisher":{"@id":"https:\/\/algarve7.pt\/#organization"},"potentialAction":[{"@type":"SearchAction","target":{"@type":"EntryPoint","urlTemplate":"https:\/\/algarve7.pt\/?s={search_term_string}"},"query-input":{"@type":"PropertyValueSpecification","valueRequired":true,"valueName":"search_term_string"}}],"inLanguage":"pt-PT"},{"@type":"Organization","@id":"https:\/\/algarve7.pt\/#organization","name":"Algarve 7","url":"https:\/\/algarve7.pt\/","logo":{"@type":"ImageObject","inLanguage":"pt-PT","@id":"https:\/\/algarve7.pt\/#\/schema\/logo\/image\/","url":"https:\/\/algarve7.pt\/wp-content\/uploads\/2020\/10\/Logo-8.jpg","contentUrl":"https:\/\/algarve7.pt\/wp-content\/uploads\/2020\/10\/Logo-8.jpg","width":1680,"height":1186,"caption":"Algarve 7"},"image":{"@id":"https:\/\/algarve7.pt\/#\/schema\/logo\/image\/"},"sameAs":["https:\/\/www.facebook.com\/algarve7","https:\/\/x.com\/Algarvesete","https:\/\/www.instagram.com\/jornalalgarve7\/","https:\/\/www.linkedin.com\/company\/algarve7","https:\/\/www.pinterest.pt\/geral0939\/_created\/"]},{"@type":"Person","@id":"https:\/\/algarve7.pt\/#\/schema\/person\/23fa70681308e7b319a3204bcea45e0c","name":"Algarve 7","sameAs":["https:\/\/algarve7.pt","https:\/\/www.facebook.com\/algarve7"],"url":"https:\/\/algarve7.pt\/index.php\/author\/geralalgarve7-pt\/"}]}},"jetpack_publicize_connections":[],"jetpack_featured_media_url":"https:\/\/algarve7.pt\/wp-content\/uploads\/2021\/10\/PassagemFotoTomaszRaczynski-1.jpg","jetpack_shortlink":"https:\/\/wp.me\/pcezmW-36R","jetpack_sharing_enabled":true,"_links":{"self":[{"href":"https:\/\/algarve7.pt\/index.php\/wp-json\/wp\/v2\/posts\/11957","targetHints":{"allow":["GET"]}}],"collection":[{"href":"https:\/\/algarve7.pt\/index.php\/wp-json\/wp\/v2\/posts"}],"about":[{"href":"https:\/\/algarve7.pt\/index.php\/wp-json\/wp\/v2\/types\/post"}],"author":[{"embeddable":true,"href":"https:\/\/algarve7.pt\/index.php\/wp-json\/wp\/v2\/users\/1"}],"replies":[{"embeddable":true,"href":"https:\/\/algarve7.pt\/index.php\/wp-json\/wp\/v2\/comments?post=11957"}],"version-history":[{"count":0,"href":"https:\/\/algarve7.pt\/index.php\/wp-json\/wp\/v2\/posts\/11957\/revisions"}],"wp:featuredmedia":[{"embeddable":true,"href":"https:\/\/algarve7.pt\/index.php\/wp-json\/wp\/v2\/media\/11958"}],"wp:attachment":[{"href":"https:\/\/algarve7.pt\/index.php\/wp-json\/wp\/v2\/media?parent=11957"}],"wp:term":[{"taxonomy":"category","embeddable":true,"href":"https:\/\/algarve7.pt\/index.php\/wp-json\/wp\/v2\/categories?post=11957"},{"taxonomy":"post_tag","embeddable":true,"href":"https:\/\/algarve7.pt\/index.php\/wp-json\/wp\/v2\/tags?post=11957"}],"curies":[{"name":"wp","href":"https:\/\/api.w.org\/{rel}","templated":true}]}}