{"id":11941,"date":"2021-10-08T17:37:41","date_gmt":"2021-10-08T16:37:41","guid":{"rendered":"https:\/\/algarve7.pt\/?p=11941"},"modified":"2021-10-08T17:37:44","modified_gmt":"2021-10-08T16:37:44","slug":"festival-de-observacao-de-aves-atividades-de-natureza-celebra-a-migracao-em-sagres-ha-12-anos","status":"publish","type":"post","link":"https:\/\/algarve7.pt\/index.php\/2021\/10\/festival-de-observacao-de-aves-atividades-de-natureza-celebra-a-migracao-em-sagres-ha-12-anos\/ambiente\/17\/37\/","title":{"rendered":"Festival de Observa\u00e7\u00e3o de Aves &#038; Atividades de Natureza celebra a migra\u00e7\u00e3o em Sagres h\u00e1 12 anos"},"content":{"rendered":"\n<p>Decorreu em Sagres, entre os dias 1 e 5 de outubro, a 12\u00aa edi\u00e7\u00e3o do Festival de Observa\u00e7\u00e3o de Aves &amp; Atividades de Natureza.<\/p>\n\n\n\n<p>O maior evento nacional dedicado \u00e0 natureza, organizado pela C\u00e2mara Municipal de Vila do Bispo, em parceria com a Sociedade Portuguesa para o Estudo das Aves (SPEA) e a Associa\u00e7\u00e3o Almargem, atraiu cerca de&nbsp;1110 participantes presenciais, provenientes de<strong>&nbsp;<\/strong>v\u00e1rios pontos do pa\u00eds, da Holanda, Reino Unido, Alemanha, B\u00e9lgica, Rep\u00fablica Checa, Espanha, Ucr\u00e2nia, Irlanda, \u00c1ustria, It\u00e1lia, Fran\u00e7a, Finl\u00e2ndia, Luxemburgo, Paquist\u00e3o, Litu\u00e2nia, Su\u00e9cia, Brasil, Venezuela, Paraguai, Argentina, Estados Unidos da Am\u00e9rica e Nova Zel\u00e2ndia. Esta edi\u00e7\u00e3o do Festival contou tamb\u00e9m, na vertente online<strong>,<\/strong>&nbsp;com a realiza\u00e7\u00e3o de Webinares Pr\u00e9-festival onde participaram 189 pessoas. A ades\u00e3o ao Festival deixa a organiza\u00e7\u00e3o muito satisfeita, neste que foi o regresso \u00e0 normalidade, seguindo as diretrizes da Dire\u00e7\u00e3o-Geral da Sa\u00fade.<\/p>\n\n\n\n<p>Durante cinco dias foram realizadas mais de 200 atividades dedicadas \u00e0 natureza, algumas merecem destaque pela ades\u00e3o dos participantes. \u00c9 o caso da atividade \u201cMel de Sagres \u2013 2000 anos de Hist\u00f3ria\u201d; os workshops de fotografia, com o patrocinador SONY a oferecer uma c\u00e2mara fotogr\u00e1fica a um participante; a Tert\u00falia Aves &amp; Vinho; as atividades com os mais novos em torno do livro&nbsp;\u201cOs Aventureiros e os Piratas da Fal\u00e9sia\u201d, de Isabel Ricardo, cuja hist\u00f3ria se desenrola no Festival.<\/p>\n\n\n\n<p>Destacamos tamb\u00e9m o regresso dos lojistas ao festival, com 16 lojas a marcarem presen\u00e7a, com os mais diversos produtos.<\/p>\n\n\n\n<p>Este ano foi poss\u00edvel observar nos c\u00e9us de Sagres mais de 130 esp\u00e9cies de aves, incluindo duas raridades: a felosa-assobiadeira e o peito-carmim. Entre as aves mais comuns observadas durante o Festival, mas que causam sempre furor entre os participantes, temos o britango, \u00e1guia-pesqueira e gralha-de-bico-vermelho. Foi ainda&nbsp;devolvida \u00e0 natureza um&nbsp;peneireiro-vulgar (<em>Falco tinnunculus<\/em>), recuperado no RIAS, um dos momentos mais emocionantes para alguns participantes. Para al\u00e9m das aves tamb\u00e9m foram observados insetos, golfinhos e uma baleia-de-bryde, o primeiro avistamento e registo desta esp\u00e9cie nos mares de Sagres.<\/p>\n\n\n\n<p>Para Rute Silva, presidente da C\u00e2mara Municipal, o sucesso ao longo dos anos e o reconhecimento deste festival no panorama nacional e internacional, como grande evento de observa\u00e7\u00e3o de aves e de atividades de natureza, deve-se ao esfor\u00e7o e colabora\u00e7\u00e3o de todos pelo que agradece a todos os parceiros, volunt\u00e1rios, associa\u00e7\u00f5es, empresas, patrocinadores e participantes que aderiram a esta iniciativa.<\/p>\n\n\n\n<p>Atenta \u00e0 import\u00e2ncia deste evento, para a economia do concelho, a autarca considera ainda que \u201cO futuro de Vila do Bispo \u00e9 o que a natureza nos d\u00e1. S\u00f3 temos de a aproveitar de forma sensata e sustent\u00e1vel\u201d.&nbsp;<\/p>\n\n\n\n<p>\u00c9 nestes moldes que se come\u00e7a a pensar j\u00e1 na pr\u00f3xima edi\u00e7\u00e3o, agendada para o primeiro fim de semana de outubro de 2022.<\/p>\n","protected":false},"excerpt":{"rendered":"<p>Decorreu em Sagres, entre os dias 1 e 5 de outubro, a 12\u00aa edi\u00e7\u00e3o do Festival de Observa\u00e7\u00e3o de Aves<\/p>\n","protected":false},"author":1,"featured_media":11942,"comment_status":"closed","ping_status":"open","sticky":false,"template":"","format":"standard","meta":{"colormag_page_container_layout":"default_layout","colormag_page_sidebar_layout":"default_layout","_monsterinsights_skip_tracking":false,"_monsterinsights_sitenote_active":false,"_monsterinsights_sitenote_note":"","_monsterinsights_sitenote_category":0,"jetpack_post_was_ever_published":false,"_jetpack_newsletter_access":"","_jetpack_dont_email_post_to_subs":false,"_jetpack_newsletter_tier_id":0,"_jetpack_memberships_contains_paywalled_content":false,"_jetpack_memberships_contains_paid_content":false,"footnotes":"","jetpack_publicize_message":"","jetpack_publicize_feature_enabled":true,"jetpack_social_post_already_shared":true,"jetpack_social_options":{"image_generator_settings":{"template":"highway","default_image_id":0,"font":"","enabled":false},"version":2}},"categories":[5],"tags":[36,32,449,71,243,102,84],"class_list":["post-11941","post","type-post","status-publish","format-standard","has-post-thumbnail","hentry","category-ambiente","tag-algarve","tag-ambiente","tag-birdwatching","tag-festival","tag-natureza","tag-sagres","tag-vila-do-bispo"],"yoast_head":"<!-- This site is optimized with the Yoast SEO plugin v27.5 - https:\/\/yoast.com\/product\/yoast-seo-wordpress\/ -->\n<title>Festival de Observa\u00e7\u00e3o de Aves &amp; Atividades de Natureza celebra a migra\u00e7\u00e3o em Sagres h\u00e1 12 anos - Algarve 7<\/title>\n<meta name=\"description\" content=\"Festival de Observa\u00e7\u00e3o de Aves &amp; Atividades de Natureza celebra a migra\u00e7\u00e3o em Sagres h\u00e1 12 anos Ambiente\" \/>\n<meta name=\"robots\" content=\"index, follow, max-snippet:-1, max-image-preview:large, max-video-preview:-1\" \/>\n<link rel=\"canonical\" href=\"https:\/\/algarve7.pt\/index.php\/2021\/10\/festival-de-observacao-de-aves-atividades-de-natureza-celebra-a-migracao-em-sagres-ha-12-anos\/ambiente\/17\/37\/\" \/>\n<meta property=\"og:locale\" content=\"pt_PT\" \/>\n<meta property=\"og:type\" content=\"article\" \/>\n<meta property=\"og:title\" content=\"Festival de Observa\u00e7\u00e3o de Aves &amp; Atividades de Natureza celebra a migra\u00e7\u00e3o em Sagres h\u00e1 12 anos - Algarve 7\" \/>\n<meta property=\"og:description\" content=\"Festival de Observa\u00e7\u00e3o de Aves &amp; Atividades de Natureza celebra a migra\u00e7\u00e3o em Sagres h\u00e1 12 anos Ambiente\" \/>\n<meta property=\"og:url\" content=\"https:\/\/algarve7.pt\/index.php\/2021\/10\/festival-de-observacao-de-aves-atividades-de-natureza-celebra-a-migracao-em-sagres-ha-12-anos\/ambiente\/17\/37\/\" \/>\n<meta property=\"og:site_name\" content=\"Algarve 7\" \/>\n<meta property=\"article:publisher\" content=\"https:\/\/www.facebook.com\/algarve7\" \/>\n<meta property=\"article:author\" content=\"https:\/\/www.facebook.com\/algarve7\" \/>\n<meta property=\"article:published_time\" content=\"2021-10-08T16:37:41+00:00\" \/>\n<meta property=\"article:modified_time\" content=\"2021-10-08T16:37:44+00:00\" \/>\n<meta property=\"og:image\" content=\"https:\/\/algarve7.pt\/wp-content\/uploads\/2021\/10\/DSC_0416.jpg\" \/>\n\t<meta property=\"og:image:width\" content=\"1920\" \/>\n\t<meta property=\"og:image:height\" content=\"1277\" \/>\n\t<meta property=\"og:image:type\" content=\"image\/jpeg\" \/>\n<meta name=\"author\" content=\"Algarve 7\" \/>\n<meta name=\"twitter:card\" content=\"summary_large_image\" \/>\n<meta name=\"twitter:creator\" content=\"@Algarvesete\" \/>\n<meta name=\"twitter:site\" content=\"@Algarvesete\" \/>\n<meta name=\"twitter:label1\" content=\"Escrito por\" \/>\n\t<meta name=\"twitter:data1\" content=\"Algarve 7\" \/>\n\t<meta name=\"twitter:label2\" content=\"Tempo estimado de leitura\" \/>\n\t<meta name=\"twitter:data2\" content=\"2 minutos\" \/>\n<script type=\"application\/ld+json\" class=\"yoast-schema-graph\">{\"@context\":\"https:\\\/\\\/schema.org\",\"@graph\":[{\"@type\":\"Article\",\"@id\":\"https:\\\/\\\/algarve7.pt\\\/index.php\\\/2021\\\/10\\\/festival-de-observacao-de-aves-atividades-de-natureza-celebra-a-migracao-em-sagres-ha-12-anos\\\/ambiente\\\/17\\\/37\\\/#article\",\"isPartOf\":{\"@id\":\"https:\\\/\\\/algarve7.pt\\\/index.php\\\/2021\\\/10\\\/festival-de-observacao-de-aves-atividades-de-natureza-celebra-a-migracao-em-sagres-ha-12-anos\\\/ambiente\\\/17\\\/37\\\/\"},\"author\":{\"name\":\"Algarve 7\",\"@id\":\"https:\\\/\\\/algarve7.pt\\\/#\\\/schema\\\/person\\\/23fa70681308e7b319a3204bcea45e0c\"},\"headline\":\"Festival de Observa\u00e7\u00e3o de Aves &#038; Atividades de Natureza celebra a migra\u00e7\u00e3o em Sagres h\u00e1 12 anos\",\"datePublished\":\"2021-10-08T16:37:41+00:00\",\"dateModified\":\"2021-10-08T16:37:44+00:00\",\"mainEntityOfPage\":{\"@id\":\"https:\\\/\\\/algarve7.pt\\\/index.php\\\/2021\\\/10\\\/festival-de-observacao-de-aves-atividades-de-natureza-celebra-a-migracao-em-sagres-ha-12-anos\\\/ambiente\\\/17\\\/37\\\/\"},\"wordCount\":503,\"publisher\":{\"@id\":\"https:\\\/\\\/algarve7.pt\\\/#organization\"},\"image\":{\"@id\":\"https:\\\/\\\/algarve7.pt\\\/index.php\\\/2021\\\/10\\\/festival-de-observacao-de-aves-atividades-de-natureza-celebra-a-migracao-em-sagres-ha-12-anos\\\/ambiente\\\/17\\\/37\\\/#primaryimage\"},\"thumbnailUrl\":\"https:\\\/\\\/algarve7.pt\\\/wp-content\\\/uploads\\\/2021\\\/10\\\/DSC_0416.jpg\",\"keywords\":[\"Algarve\",\"Ambiente\",\"Birdwatching\",\"Festival\",\"Natureza\",\"Sagres\",\"Vila do Bispo\"],\"articleSection\":[\"Ambiente\"],\"inLanguage\":\"pt-PT\"},{\"@type\":\"WebPage\",\"@id\":\"https:\\\/\\\/algarve7.pt\\\/index.php\\\/2021\\\/10\\\/festival-de-observacao-de-aves-atividades-de-natureza-celebra-a-migracao-em-sagres-ha-12-anos\\\/ambiente\\\/17\\\/37\\\/\",\"url\":\"https:\\\/\\\/algarve7.pt\\\/index.php\\\/2021\\\/10\\\/festival-de-observacao-de-aves-atividades-de-natureza-celebra-a-migracao-em-sagres-ha-12-anos\\\/ambiente\\\/17\\\/37\\\/\",\"name\":\"Festival de Observa\u00e7\u00e3o de Aves & Atividades de Natureza celebra a migra\u00e7\u00e3o em Sagres h\u00e1 12 anos - Algarve 7\",\"isPartOf\":{\"@id\":\"https:\\\/\\\/algarve7.pt\\\/#website\"},\"primaryImageOfPage\":{\"@id\":\"https:\\\/\\\/algarve7.pt\\\/index.php\\\/2021\\\/10\\\/festival-de-observacao-de-aves-atividades-de-natureza-celebra-a-migracao-em-sagres-ha-12-anos\\\/ambiente\\\/17\\\/37\\\/#primaryimage\"},\"image\":{\"@id\":\"https:\\\/\\\/algarve7.pt\\\/index.php\\\/2021\\\/10\\\/festival-de-observacao-de-aves-atividades-de-natureza-celebra-a-migracao-em-sagres-ha-12-anos\\\/ambiente\\\/17\\\/37\\\/#primaryimage\"},\"thumbnailUrl\":\"https:\\\/\\\/algarve7.pt\\\/wp-content\\\/uploads\\\/2021\\\/10\\\/DSC_0416.jpg\",\"datePublished\":\"2021-10-08T16:37:41+00:00\",\"dateModified\":\"2021-10-08T16:37:44+00:00\",\"description\":\"Festival de Observa\u00e7\u00e3o de Aves & Atividades de Natureza celebra a migra\u00e7\u00e3o em Sagres h\u00e1 12 anos Ambiente\",\"breadcrumb\":{\"@id\":\"https:\\\/\\\/algarve7.pt\\\/index.php\\\/2021\\\/10\\\/festival-de-observacao-de-aves-atividades-de-natureza-celebra-a-migracao-em-sagres-ha-12-anos\\\/ambiente\\\/17\\\/37\\\/#breadcrumb\"},\"inLanguage\":\"pt-PT\",\"potentialAction\":[{\"@type\":\"ReadAction\",\"target\":[\"https:\\\/\\\/algarve7.pt\\\/index.php\\\/2021\\\/10\\\/festival-de-observacao-de-aves-atividades-de-natureza-celebra-a-migracao-em-sagres-ha-12-anos\\\/ambiente\\\/17\\\/37\\\/\"]}]},{\"@type\":\"ImageObject\",\"inLanguage\":\"pt-PT\",\"@id\":\"https:\\\/\\\/algarve7.pt\\\/index.php\\\/2021\\\/10\\\/festival-de-observacao-de-aves-atividades-de-natureza-celebra-a-migracao-em-sagres-ha-12-anos\\\/ambiente\\\/17\\\/37\\\/#primaryimage\",\"url\":\"https:\\\/\\\/algarve7.pt\\\/wp-content\\\/uploads\\\/2021\\\/10\\\/DSC_0416.jpg\",\"contentUrl\":\"https:\\\/\\\/algarve7.pt\\\/wp-content\\\/uploads\\\/2021\\\/10\\\/DSC_0416.jpg\",\"width\":1920,\"height\":1277},{\"@type\":\"BreadcrumbList\",\"@id\":\"https:\\\/\\\/algarve7.pt\\\/index.php\\\/2021\\\/10\\\/festival-de-observacao-de-aves-atividades-de-natureza-celebra-a-migracao-em-sagres-ha-12-anos\\\/ambiente\\\/17\\\/37\\\/#breadcrumb\",\"itemListElement\":[{\"@type\":\"ListItem\",\"position\":1,\"name\":\"In\u00edcio\",\"item\":\"https:\\\/\\\/algarve7.pt\\\/\"},{\"@type\":\"ListItem\",\"position\":2,\"name\":\"Festival de Observa\u00e7\u00e3o de Aves &#038; Atividades de Natureza celebra a migra\u00e7\u00e3o em Sagres h\u00e1 12 anos\"}]},{\"@type\":\"WebSite\",\"@id\":\"https:\\\/\\\/algarve7.pt\\\/#website\",\"url\":\"https:\\\/\\\/algarve7.pt\\\/\",\"name\":\"Algarve 7\",\"description\":\"Informa\u00e7\u00e3o sobre o Algarve\",\"publisher\":{\"@id\":\"https:\\\/\\\/algarve7.pt\\\/#organization\"},\"potentialAction\":[{\"@type\":\"SearchAction\",\"target\":{\"@type\":\"EntryPoint\",\"urlTemplate\":\"https:\\\/\\\/algarve7.pt\\\/?s={search_term_string}\"},\"query-input\":{\"@type\":\"PropertyValueSpecification\",\"valueRequired\":true,\"valueName\":\"search_term_string\"}}],\"inLanguage\":\"pt-PT\"},{\"@type\":\"Organization\",\"@id\":\"https:\\\/\\\/algarve7.pt\\\/#organization\",\"name\":\"Algarve 7\",\"url\":\"https:\\\/\\\/algarve7.pt\\\/\",\"logo\":{\"@type\":\"ImageObject\",\"inLanguage\":\"pt-PT\",\"@id\":\"https:\\\/\\\/algarve7.pt\\\/#\\\/schema\\\/logo\\\/image\\\/\",\"url\":\"https:\\\/\\\/algarve7.pt\\\/wp-content\\\/uploads\\\/2020\\\/10\\\/Logo-8.jpg\",\"contentUrl\":\"https:\\\/\\\/algarve7.pt\\\/wp-content\\\/uploads\\\/2020\\\/10\\\/Logo-8.jpg\",\"width\":1680,\"height\":1186,\"caption\":\"Algarve 7\"},\"image\":{\"@id\":\"https:\\\/\\\/algarve7.pt\\\/#\\\/schema\\\/logo\\\/image\\\/\"},\"sameAs\":[\"https:\\\/\\\/www.facebook.com\\\/algarve7\",\"https:\\\/\\\/x.com\\\/Algarvesete\",\"https:\\\/\\\/www.instagram.com\\\/jornalalgarve7\\\/\",\"https:\\\/\\\/www.linkedin.com\\\/company\\\/algarve7\",\"https:\\\/\\\/www.pinterest.pt\\\/geral0939\\\/_created\\\/\"]},{\"@type\":\"Person\",\"@id\":\"https:\\\/\\\/algarve7.pt\\\/#\\\/schema\\\/person\\\/23fa70681308e7b319a3204bcea45e0c\",\"name\":\"Algarve 7\",\"sameAs\":[\"https:\\\/\\\/algarve7.pt\",\"https:\\\/\\\/www.facebook.com\\\/algarve7\"],\"url\":\"https:\\\/\\\/algarve7.pt\\\/index.php\\\/author\\\/geralalgarve7-pt\\\/\"}]}<\/script>\n<!-- \/ Yoast SEO plugin. -->","yoast_head_json":{"title":"Festival de Observa\u00e7\u00e3o de Aves & Atividades de Natureza celebra a migra\u00e7\u00e3o em Sagres h\u00e1 12 anos - Algarve 7","description":"Festival de Observa\u00e7\u00e3o de Aves & Atividades de Natureza celebra a migra\u00e7\u00e3o em Sagres h\u00e1 12 anos Ambiente","robots":{"index":"index","follow":"follow","max-snippet":"max-snippet:-1","max-image-preview":"max-image-preview:large","max-video-preview":"max-video-preview:-1"},"canonical":"https:\/\/algarve7.pt\/index.php\/2021\/10\/festival-de-observacao-de-aves-atividades-de-natureza-celebra-a-migracao-em-sagres-ha-12-anos\/ambiente\/17\/37\/","og_locale":"pt_PT","og_type":"article","og_title":"Festival de Observa\u00e7\u00e3o de Aves & Atividades de Natureza celebra a migra\u00e7\u00e3o em Sagres h\u00e1 12 anos - Algarve 7","og_description":"Festival de Observa\u00e7\u00e3o de Aves & Atividades de Natureza celebra a migra\u00e7\u00e3o em Sagres h\u00e1 12 anos Ambiente","og_url":"https:\/\/algarve7.pt\/index.php\/2021\/10\/festival-de-observacao-de-aves-atividades-de-natureza-celebra-a-migracao-em-sagres-ha-12-anos\/ambiente\/17\/37\/","og_site_name":"Algarve 7","article_publisher":"https:\/\/www.facebook.com\/algarve7","article_author":"https:\/\/www.facebook.com\/algarve7","article_published_time":"2021-10-08T16:37:41+00:00","article_modified_time":"2021-10-08T16:37:44+00:00","og_image":[{"width":1920,"height":1277,"url":"https:\/\/algarve7.pt\/wp-content\/uploads\/2021\/10\/DSC_0416.jpg","type":"image\/jpeg"}],"author":"Algarve 7","twitter_card":"summary_large_image","twitter_creator":"@Algarvesete","twitter_site":"@Algarvesete","twitter_misc":{"Escrito por":"Algarve 7","Tempo estimado de leitura":"2 minutos"},"schema":{"@context":"https:\/\/schema.org","@graph":[{"@type":"Article","@id":"https:\/\/algarve7.pt\/index.php\/2021\/10\/festival-de-observacao-de-aves-atividades-de-natureza-celebra-a-migracao-em-sagres-ha-12-anos\/ambiente\/17\/37\/#article","isPartOf":{"@id":"https:\/\/algarve7.pt\/index.php\/2021\/10\/festival-de-observacao-de-aves-atividades-de-natureza-celebra-a-migracao-em-sagres-ha-12-anos\/ambiente\/17\/37\/"},"author":{"name":"Algarve 7","@id":"https:\/\/algarve7.pt\/#\/schema\/person\/23fa70681308e7b319a3204bcea45e0c"},"headline":"Festival de Observa\u00e7\u00e3o de Aves &#038; Atividades de Natureza celebra a migra\u00e7\u00e3o em Sagres h\u00e1 12 anos","datePublished":"2021-10-08T16:37:41+00:00","dateModified":"2021-10-08T16:37:44+00:00","mainEntityOfPage":{"@id":"https:\/\/algarve7.pt\/index.php\/2021\/10\/festival-de-observacao-de-aves-atividades-de-natureza-celebra-a-migracao-em-sagres-ha-12-anos\/ambiente\/17\/37\/"},"wordCount":503,"publisher":{"@id":"https:\/\/algarve7.pt\/#organization"},"image":{"@id":"https:\/\/algarve7.pt\/index.php\/2021\/10\/festival-de-observacao-de-aves-atividades-de-natureza-celebra-a-migracao-em-sagres-ha-12-anos\/ambiente\/17\/37\/#primaryimage"},"thumbnailUrl":"https:\/\/algarve7.pt\/wp-content\/uploads\/2021\/10\/DSC_0416.jpg","keywords":["Algarve","Ambiente","Birdwatching","Festival","Natureza","Sagres","Vila do Bispo"],"articleSection":["Ambiente"],"inLanguage":"pt-PT"},{"@type":"WebPage","@id":"https:\/\/algarve7.pt\/index.php\/2021\/10\/festival-de-observacao-de-aves-atividades-de-natureza-celebra-a-migracao-em-sagres-ha-12-anos\/ambiente\/17\/37\/","url":"https:\/\/algarve7.pt\/index.php\/2021\/10\/festival-de-observacao-de-aves-atividades-de-natureza-celebra-a-migracao-em-sagres-ha-12-anos\/ambiente\/17\/37\/","name":"Festival de Observa\u00e7\u00e3o de Aves & Atividades de Natureza celebra a migra\u00e7\u00e3o em Sagres h\u00e1 12 anos - Algarve 7","isPartOf":{"@id":"https:\/\/algarve7.pt\/#website"},"primaryImageOfPage":{"@id":"https:\/\/algarve7.pt\/index.php\/2021\/10\/festival-de-observacao-de-aves-atividades-de-natureza-celebra-a-migracao-em-sagres-ha-12-anos\/ambiente\/17\/37\/#primaryimage"},"image":{"@id":"https:\/\/algarve7.pt\/index.php\/2021\/10\/festival-de-observacao-de-aves-atividades-de-natureza-celebra-a-migracao-em-sagres-ha-12-anos\/ambiente\/17\/37\/#primaryimage"},"thumbnailUrl":"https:\/\/algarve7.pt\/wp-content\/uploads\/2021\/10\/DSC_0416.jpg","datePublished":"2021-10-08T16:37:41+00:00","dateModified":"2021-10-08T16:37:44+00:00","description":"Festival de Observa\u00e7\u00e3o de Aves & Atividades de Natureza celebra a migra\u00e7\u00e3o em Sagres h\u00e1 12 anos Ambiente","breadcrumb":{"@id":"https:\/\/algarve7.pt\/index.php\/2021\/10\/festival-de-observacao-de-aves-atividades-de-natureza-celebra-a-migracao-em-sagres-ha-12-anos\/ambiente\/17\/37\/#breadcrumb"},"inLanguage":"pt-PT","potentialAction":[{"@type":"ReadAction","target":["https:\/\/algarve7.pt\/index.php\/2021\/10\/festival-de-observacao-de-aves-atividades-de-natureza-celebra-a-migracao-em-sagres-ha-12-anos\/ambiente\/17\/37\/"]}]},{"@type":"ImageObject","inLanguage":"pt-PT","@id":"https:\/\/algarve7.pt\/index.php\/2021\/10\/festival-de-observacao-de-aves-atividades-de-natureza-celebra-a-migracao-em-sagres-ha-12-anos\/ambiente\/17\/37\/#primaryimage","url":"https:\/\/algarve7.pt\/wp-content\/uploads\/2021\/10\/DSC_0416.jpg","contentUrl":"https:\/\/algarve7.pt\/wp-content\/uploads\/2021\/10\/DSC_0416.jpg","width":1920,"height":1277},{"@type":"BreadcrumbList","@id":"https:\/\/algarve7.pt\/index.php\/2021\/10\/festival-de-observacao-de-aves-atividades-de-natureza-celebra-a-migracao-em-sagres-ha-12-anos\/ambiente\/17\/37\/#breadcrumb","itemListElement":[{"@type":"ListItem","position":1,"name":"In\u00edcio","item":"https:\/\/algarve7.pt\/"},{"@type":"ListItem","position":2,"name":"Festival de Observa\u00e7\u00e3o de Aves &#038; Atividades de Natureza celebra a migra\u00e7\u00e3o em Sagres h\u00e1 12 anos"}]},{"@type":"WebSite","@id":"https:\/\/algarve7.pt\/#website","url":"https:\/\/algarve7.pt\/","name":"Algarve 7","description":"Informa\u00e7\u00e3o sobre o Algarve","publisher":{"@id":"https:\/\/algarve7.pt\/#organization"},"potentialAction":[{"@type":"SearchAction","target":{"@type":"EntryPoint","urlTemplate":"https:\/\/algarve7.pt\/?s={search_term_string}"},"query-input":{"@type":"PropertyValueSpecification","valueRequired":true,"valueName":"search_term_string"}}],"inLanguage":"pt-PT"},{"@type":"Organization","@id":"https:\/\/algarve7.pt\/#organization","name":"Algarve 7","url":"https:\/\/algarve7.pt\/","logo":{"@type":"ImageObject","inLanguage":"pt-PT","@id":"https:\/\/algarve7.pt\/#\/schema\/logo\/image\/","url":"https:\/\/algarve7.pt\/wp-content\/uploads\/2020\/10\/Logo-8.jpg","contentUrl":"https:\/\/algarve7.pt\/wp-content\/uploads\/2020\/10\/Logo-8.jpg","width":1680,"height":1186,"caption":"Algarve 7"},"image":{"@id":"https:\/\/algarve7.pt\/#\/schema\/logo\/image\/"},"sameAs":["https:\/\/www.facebook.com\/algarve7","https:\/\/x.com\/Algarvesete","https:\/\/www.instagram.com\/jornalalgarve7\/","https:\/\/www.linkedin.com\/company\/algarve7","https:\/\/www.pinterest.pt\/geral0939\/_created\/"]},{"@type":"Person","@id":"https:\/\/algarve7.pt\/#\/schema\/person\/23fa70681308e7b319a3204bcea45e0c","name":"Algarve 7","sameAs":["https:\/\/algarve7.pt","https:\/\/www.facebook.com\/algarve7"],"url":"https:\/\/algarve7.pt\/index.php\/author\/geralalgarve7-pt\/"}]}},"jetpack_publicize_connections":[],"jetpack_featured_media_url":"https:\/\/algarve7.pt\/wp-content\/uploads\/2021\/10\/DSC_0416.jpg","jetpack_shortlink":"https:\/\/wp.me\/pcezmW-36B","jetpack_sharing_enabled":true,"_links":{"self":[{"href":"https:\/\/algarve7.pt\/index.php\/wp-json\/wp\/v2\/posts\/11941","targetHints":{"allow":["GET"]}}],"collection":[{"href":"https:\/\/algarve7.pt\/index.php\/wp-json\/wp\/v2\/posts"}],"about":[{"href":"https:\/\/algarve7.pt\/index.php\/wp-json\/wp\/v2\/types\/post"}],"author":[{"embeddable":true,"href":"https:\/\/algarve7.pt\/index.php\/wp-json\/wp\/v2\/users\/1"}],"replies":[{"embeddable":true,"href":"https:\/\/algarve7.pt\/index.php\/wp-json\/wp\/v2\/comments?post=11941"}],"version-history":[{"count":0,"href":"https:\/\/algarve7.pt\/index.php\/wp-json\/wp\/v2\/posts\/11941\/revisions"}],"wp:featuredmedia":[{"embeddable":true,"href":"https:\/\/algarve7.pt\/index.php\/wp-json\/wp\/v2\/media\/11942"}],"wp:attachment":[{"href":"https:\/\/algarve7.pt\/index.php\/wp-json\/wp\/v2\/media?parent=11941"}],"wp:term":[{"taxonomy":"category","embeddable":true,"href":"https:\/\/algarve7.pt\/index.php\/wp-json\/wp\/v2\/categories?post=11941"},{"taxonomy":"post_tag","embeddable":true,"href":"https:\/\/algarve7.pt\/index.php\/wp-json\/wp\/v2\/tags?post=11941"}],"curies":[{"name":"wp","href":"https:\/\/api.w.org\/{rel}","templated":true}]}}